{"id":85325,"date":"2026-02-02T02:08:42","date_gmt":"2026-02-02T07:08:42","guid":{"rendered":"https:\/\/akunq.net\/tr\/?p=85325"},"modified":"2026-02-02T02:08:43","modified_gmt":"2026-02-02T07:08:43","slug":"vgm-ve-vakif-yonetimi-yargitaya-basvurdu","status":"publish","type":"post","link":"https:\/\/akunq.net\/tr\/?p=85325","title":{"rendered":"VGM ve vak\u0131f y\u00f6netimi Yarg\u0131tay\u2019a ba\u015fvurdu"},"content":{"rendered":"\n<p><strong><em>\u0130stanbul 12. Asliye Hukuk Mahkemesi\u2019nin k\u0131smen iptal karar\u0131 verdi\u011fi Beyo\u011flu \u00dc\u00e7 Horan Kilisesi Vakf\u0131 se\u00e7imi i\u00e7in mevcut vak\u0131f y\u00f6netimi ile VGM\u2019nce \u0130stinaf Mahkemesi\u2019ne yap\u0131lan ba\u015fvuru, mahkeme taraf\u0131ndan reddedilmi\u015fti. Vak\u0131f y\u00f6netimi ile Vak\u0131flar Genel M\u00fcd\u00fcrl\u00fc\u011f\u00fc (VGM), ge\u00e7ti\u011fimiz hafta Yarg\u0131tay\u2019a ba\u015fvurdu.<\/em><\/strong><\/p>\n\n\n\n<p><strong>\u0130\u015fhan Erdin\u00e7<\/strong><a href=\"https:\/\/www.agos.com.tr\/tr\/yazar\/ishan-erdinc-264\"><\/a><\/p>\n\n\n\n<p>Beyo\u011flu \u00dc\u00e7 Horan Ermeni Kilisesi Vakf\u0131 y\u00f6netim kurulu se\u00e7imi 12 Mart 2023\u2019te yap\u0131lm\u0131\u015ft\u0131. Eski vak\u0131f ba\u015fkan\u0131 Simon \u00c7ekem, se\u00e7imin iptali i\u00e7in dava a\u00e7m\u0131\u015ft\u0131. \u0130stanbul Vak\u0131flar 1. B\u00f6lge M\u00fcd\u00fcrl\u00fc\u011f\u00fc\u2019n\u00fcn daval\u0131 konumunda bulundu\u011fu davada 12. Asliye Hukuk Mahkemesi, ge\u00e7ti\u011fimiz \u015eubat ay\u0131nda gerek\u00e7eli karar\u0131n\u0131 a\u00e7\u0131klam\u0131\u015ft\u0131. Mahkeme 29 Kas\u0131m 2023\u2019teki k\u0131sa karar\u0131nda ve \u015eubat ay\u0131nda a\u00e7\u0131klad\u0131\u011f\u0131 gerek\u00e7eli karar\u0131nda \u201c1-Davan\u0131n KISMEN KABULU ile daval\u0131 idarenin, daval\u0131 idare taraf\u0131ndan olu\u015fturulan Se\u00e7im Tertip Heyetine davac\u0131 vak\u0131f y\u00f6netim kurulunun 11 asil ve 6 yedek \u00fcye se\u00e7iminin yap\u0131lmas\u0131 y\u00f6n\u00fcnde verdi\u011fi yetki ile bu yetkiye binaen 12\/03\/2023 tarihinde yap\u0131lan Vak\u0131f Y\u00f6netim Kurulu Se\u00e7iminin \u0130PTAL\u0130NE, fazlaya ili\u015fkin talebin REDD\u0130NE..&#8221; h\u00fckm\u00fcn\u00fc vermi\u015fti.&nbsp;<\/p>\n\n\n\n<p>Se\u00e7imin ilk ilan edildi\u011fi tarih olan, 25 Aral\u0131k 2022 \u00f6ncesinde&nbsp; \u00c7ekem ba\u015fkanl\u0131\u011f\u0131ndaki y\u00f6netim kurulu taraf\u0131ndan belirlenen se\u00e7im tertip heyeti, k\u0131s\u0131tl\u0131 b\u00f6lgelere sand\u0131k kurma karar\u0131 alm\u0131\u015f, tepkiler \u00fczerine \u00c7ekem y\u00f6netimince olu\u015fturan se\u00e7im tertip heyeti istifa etmi\u015f ve&nbsp; se\u00e7im ertelenmi\u015fti. Vak\u0131flar 1. B\u00f6lge M\u00fcd\u00fcrl\u00fc\u011f\u00fc inisatifiyle yine Ermeni toplumundan yeni bir se\u00e7im tertip heyeti olu\u015fturulmu\u015f ve se\u00e7imler gecikmeli olarak 12 Mart 2023 tarihinde ger\u00e7ekle\u015fmi\u015fti. Yeni tertip heyeti&nbsp; y\u00f6netim kurulu \u00fcyesi say\u0131s\u0131n\u0131 art\u0131rm\u0131\u015ft\u0131. Alt\u0131 listenin yar\u0131\u015ft\u0131\u011f\u0131 se\u00e7imi Aksel Topalyan ba\u015fkanl\u0131\u011f\u0131ndaki Beyaz Liste kazanm\u0131\u015ft\u0131.<\/p>\n\n\n\n<p>Mahkeme, \u201ck\u0131smen iptal\u201d ile ilgili gerek\u00e7eli karar\u0131nda Prof. Dr. Sanem Aksoy Dursun, Do\u00e7. Dr. Ekrem Kurt ve Dr. \u00d6\u011fretim \u00dcyesi Pelin I\u015f\u0131ltan taraf\u0131ndan tanzim edilen bilirki\u015fi raporuna at\u0131fta bulunmu\u015ftu. Bilirki\u015fi heyeti yeni se\u00e7im tertip heyetince y\u00f6netim kurulunun \u00fcye say\u0131s\u0131n\u0131n de\u011fi\u015ftirilmesini karar\u0131na dayanak yapm\u0131\u015f, y\u00f6netim kurulu \u00fcye say\u0131s\u0131n\u0131n se\u00e7im tertip heyetince belirlenemeyee\u011fi g\u00f6r\u00fc\u015f\u00fcn\u00fc beyan etmi\u015fti.&nbsp;<\/p>\n\n\n\n<p>VGM ile Beyo\u011flu \u00dc\u00e7 Horan Ermeni Kilisesi Vakf\u0131, yerel mahkeme karar\u0131na kar\u015f\u0131 \u0130stinaf yoluna ba\u015fvurmu\u015ftu. Dava dosyas\u0131 B\u00f6lge Adliye Mahkemesi\u2019ne gitti. Mahkeme daval\u0131lar\u0131n ba\u015fvurusunu reddetti. \u00dc\u00e7 Horan Y\u00f6netimi ve VGM Yarg\u0131tay\u2019a ba\u015fvurdu.<\/p>\n\n\n\n<p>Vakf\u0131n eski y\u00f6netim kurulu ba\u015fkan\u0131 Simon \u00c7ekem mevcut y\u00f6netimin davadan feragat etti\u011fi, dolay\u0131s\u0131yla temyiz hakk\u0131 olmad\u0131\u011f\u0131 a\u00e7\u0131klamas\u0131n\u0131 yapt\u0131. Mevcut \u00dc\u00e7 Horan Y\u00f6netim Kurulu ise&nbsp; temyiz haklar\u0131n\u0131n bulundu\u011funu ve \u201cy\u00f6netim kurulu \u00fcyelerimiz yetki belgesini (mazbata) s\u00f6z konusu dava a\u00e7\u0131ld\u0131ktan sonra alm\u0131\u015f ve g\u00f6reve ba\u015flam\u0131\u015f oldu\u011fundan, i\u015fbu davada\/kararda y\u00f6netim kurulumuzun g\u00f6revini ilgilendiren ve etkileyen bir husus bulunmamaktad\u0131r. S\u00fcreci yak\u0131ndan takip etmekteyiz\u201d a\u00e7\u0131klamas\u0131n\u0131 yapm\u0131\u015ft\u0131. Dava \u015fimdi Yarg\u0131tay taraf\u0131ndan incelenecek.<\/p>\n\n\n\n<p><a href=\"https:\/\/www.agos.com.tr\/tr\/haber\/vgm-ve-vakif-yonetimi-yargitaya-basvurdu-39302\"><strong><em>https:\/\/www.agos.com.tr\/tr\/haber\/vgm-ve-vakif-yonetimi-yargitaya-basvurdu-39302<\/em><\/strong><\/a><\/p>\n","protected":false},"excerpt":{"rendered":"<p>\u0130stanbul 12. Asliye Hukuk Mahkemesi\u2019nin k\u0131smen iptal karar\u0131 verdi\u011fi Beyo\u011flu \u00dc\u00e7 Horan Kilisesi Vakf\u0131 se\u00e7imi i\u00e7in mevcut vak\u0131f y\u00f6netimi ile VGM\u2019nce \u0130stinaf Mahkemesi\u2019ne yap\u0131lan ba\u015fvuru, mahkeme taraf\u0131ndan reddedilmi\u015fti. Vak\u0131f y\u00f6netimi ile Vak\u0131flar Genel M\u00fcd\u00fcrl\u00fc\u011f\u00fc (VGM), ge\u00e7ti\u011fimiz hafta Yarg\u0131tay\u2019a ba\u015fvurdu. \u0130\u015fhan Erdin\u00e7 Beyo\u011flu \u00dc\u00e7 Horan Ermeni Kilisesi Vakf\u0131 y\u00f6netim kurulu se\u00e7imi 12 Mart 2023\u2019te yap\u0131lm\u0131\u015ft\u0131. Eski [&hellip;]<\/p>\n","protected":false},"author":1,"featured_media":85326,"comment_status":"open","ping_status":"open","sticky":false,"template":"","format":"standard","meta":{"footnotes":""},"categories":[1,9],"tags":[],"class_list":["post-85325","post","type-post","status-publish","format-standard","has-post-thumbnail","hentry","category-haberler","category-haklarimiz"],"yoast_head":"<!-- This site is optimized with the Yoast SEO plugin v27.4 - https:\/\/yoast.com\/product\/yoast-seo-wordpress\/ -->\n<title>VGM ve vak\u0131f y\u00f6netimi Yarg\u0131tay\u2019a ba\u015fvurdu - Bati Ermenistan Ve Bati Ermenileri Sorunlari Ara\u015ftirmalar Merkezi<\/title>\n<meta name=\"robots\" content=\"index, follow, max-snippet:-1, max-image-preview:large, max-video-preview:-1\" \/>\n<link rel=\"canonical\" href=\"https:\/\/akunq.net\/tr\/?p=85325\" \/>\n<meta property=\"og:locale\" content=\"en_US\" \/>\n<meta property=\"og:type\" content=\"article\" \/>\n<meta property=\"og:title\" content=\"VGM ve vak\u0131f y\u00f6netimi Yarg\u0131tay\u2019a ba\u015fvurdu - Bati Ermenistan Ve Bati Ermenileri Sorunlari Ara\u015ftirmalar Merkezi\" \/>\n<meta property=\"og:description\" content=\"\u0130stanbul 12. Asliye Hukuk Mahkemesi\u2019nin k\u0131smen iptal karar\u0131 verdi\u011fi Beyo\u011flu \u00dc\u00e7 Horan Kilisesi Vakf\u0131 se\u00e7imi i\u00e7in mevcut vak\u0131f y\u00f6netimi ile VGM\u2019nce \u0130stinaf Mahkemesi\u2019ne yap\u0131lan ba\u015fvuru, mahkeme taraf\u0131ndan reddedilmi\u015fti. Vak\u0131f y\u00f6netimi ile Vak\u0131flar Genel M\u00fcd\u00fcrl\u00fc\u011f\u00fc (VGM), ge\u00e7ti\u011fimiz hafta Yarg\u0131tay\u2019a ba\u015fvurdu. \u0130\u015fhan Erdin\u00e7 Beyo\u011flu \u00dc\u00e7 Horan Ermeni Kilisesi Vakf\u0131 y\u00f6netim kurulu se\u00e7imi 12 Mart 2023\u2019te yap\u0131lm\u0131\u015ft\u0131. Eski [&hellip;]\" \/>\n<meta property=\"og:url\" content=\"https:\/\/akunq.net\/tr\/?p=85325\" \/>\n<meta property=\"og:site_name\" content=\"Bati Ermenistan Ve Bati Ermenileri Sorunlari Ara\u015ftirmalar Merkezi\" \/>\n<meta property=\"article:published_time\" content=\"2026-02-02T07:08:42+00:00\" \/>\n<meta property=\"article:modified_time\" content=\"2026-02-02T07:08:43+00:00\" \/>\n<meta property=\"og:image\" content=\"https:\/\/akunq.net\/tr\/wp-content\/uploads\/sites\/6\/2026\/02\/VGM-ve-vakif-yonetimi.jpg\" \/>\n\t<meta property=\"og:image:width\" content=\"1200\" \/>\n\t<meta property=\"og:image:height\" content=\"675\" \/>\n\t<meta property=\"og:image:type\" content=\"image\/jpeg\" \/>\n<meta name=\"author\" content=\"admin\" \/>\n<meta name=\"twitter:card\" content=\"summary_large_image\" \/>\n<meta name=\"twitter:label1\" content=\"Written by\" \/>\n\t<meta name=\"twitter:data1\" content=\"admin\" \/>\n\t<meta name=\"twitter:label2\" content=\"Est. reading time\" \/>\n\t<meta name=\"twitter:data2\" content=\"2 minutes\" \/>\n<script type=\"application\/ld+json\" class=\"yoast-schema-graph\">{\"@context\":\"https:\\\/\\\/schema.org\",\"@graph\":[{\"@type\":\"Article\",\"@id\":\"https:\\\/\\\/akunq.net\\\/tr\\\/?p=85325#article\",\"isPartOf\":{\"@id\":\"https:\\\/\\\/akunq.net\\\/tr\\\/?p=85325\"},\"author\":{\"name\":\"admin\",\"@id\":\"https:\\\/\\\/akunq.net\\\/tr\\\/#\\\/schema\\\/person\\\/42a46675f00a8f1e84520e8c56500de3\"},\"headline\":\"VGM ve vak\u0131f y\u00f6netimi Yarg\u0131tay\u2019a ba\u015fvurdu\",\"datePublished\":\"2026-02-02T07:08:42+00:00\",\"dateModified\":\"2026-02-02T07:08:43+00:00\",\"mainEntityOfPage\":{\"@id\":\"https:\\\/\\\/akunq.net\\\/tr\\\/?p=85325\"},\"wordCount\":564,\"commentCount\":0,\"image\":{\"@id\":\"https:\\\/\\\/akunq.net\\\/tr\\\/?p=85325#primaryimage\"},\"thumbnailUrl\":\"https:\\\/\\\/akunq.net\\\/tr\\\/wp-content\\\/uploads\\\/sites\\\/6\\\/2026\\\/02\\\/VGM-ve-vakif-yonetimi.jpg\",\"articleSection\":[\"Haberler\",\"Haklar\u0131m\u0131z\"],\"inLanguage\":\"en-US\",\"potentialAction\":[{\"@type\":\"CommentAction\",\"name\":\"Comment\",\"target\":[\"https:\\\/\\\/akunq.net\\\/tr\\\/?p=85325#respond\"]}]},{\"@type\":\"WebPage\",\"@id\":\"https:\\\/\\\/akunq.net\\\/tr\\\/?p=85325\",\"url\":\"https:\\\/\\\/akunq.net\\\/tr\\\/?p=85325\",\"name\":\"VGM ve vak\u0131f y\u00f6netimi Yarg\u0131tay\u2019a ba\u015fvurdu - Bati Ermenistan Ve Bati Ermenileri Sorunlari Ara\u015ftirmalar Merkezi\",\"isPartOf\":{\"@id\":\"https:\\\/\\\/akunq.net\\\/tr\\\/#website\"},\"primaryImageOfPage\":{\"@id\":\"https:\\\/\\\/akunq.net\\\/tr\\\/?p=85325#primaryimage\"},\"image\":{\"@id\":\"https:\\\/\\\/akunq.net\\\/tr\\\/?p=85325#primaryimage\"},\"thumbnailUrl\":\"https:\\\/\\\/akunq.net\\\/tr\\\/wp-content\\\/uploads\\\/sites\\\/6\\\/2026\\\/02\\\/VGM-ve-vakif-yonetimi.jpg\",\"datePublished\":\"2026-02-02T07:08:42+00:00\",\"dateModified\":\"2026-02-02T07:08:43+00:00\",\"author\":{\"@id\":\"https:\\\/\\\/akunq.net\\\/tr\\\/#\\\/schema\\\/person\\\/42a46675f00a8f1e84520e8c56500de3\"},\"breadcrumb\":{\"@id\":\"https:\\\/\\\/akunq.net\\\/tr\\\/?p=85325#breadcrumb\"},\"inLanguage\":\"en-US\",\"potentialAction\":[{\"@type\":\"ReadAction\",\"target\":[\"https:\\\/\\\/akunq.net\\\/tr\\\/?p=85325\"]}]},{\"@type\":\"ImageObject\",\"inLanguage\":\"en-US\",\"@id\":\"https:\\\/\\\/akunq.net\\\/tr\\\/?p=85325#primaryimage\",\"url\":\"https:\\\/\\\/akunq.net\\\/tr\\\/wp-content\\\/uploads\\\/sites\\\/6\\\/2026\\\/02\\\/VGM-ve-vakif-yonetimi.jpg\",\"contentUrl\":\"https:\\\/\\\/akunq.net\\\/tr\\\/wp-content\\\/uploads\\\/sites\\\/6\\\/2026\\\/02\\\/VGM-ve-vakif-yonetimi.jpg\",\"width\":1200,\"height\":675},{\"@type\":\"BreadcrumbList\",\"@id\":\"https:\\\/\\\/akunq.net\\\/tr\\\/?p=85325#breadcrumb\",\"itemListElement\":[{\"@type\":\"ListItem\",\"position\":1,\"name\":\"Home\",\"item\":\"https:\\\/\\\/akunq.net\\\/tr\"},{\"@type\":\"ListItem\",\"position\":2,\"name\":\"VGM ve vak\u0131f y\u00f6netimi Yarg\u0131tay\u2019a ba\u015fvurdu\"}]},{\"@type\":\"WebSite\",\"@id\":\"https:\\\/\\\/akunq.net\\\/tr\\\/#website\",\"url\":\"https:\\\/\\\/akunq.net\\\/tr\\\/\",\"name\":\"Bati Ermenistan Ve Bati Ermenileri Sorunlari Ara\u015ftirmalar Merkezi\",\"description\":\"\",\"potentialAction\":[{\"@type\":\"SearchAction\",\"target\":{\"@type\":\"EntryPoint\",\"urlTemplate\":\"https:\\\/\\\/akunq.net\\\/tr\\\/?s={search_term_string}\"},\"query-input\":{\"@type\":\"PropertyValueSpecification\",\"valueRequired\":true,\"valueName\":\"search_term_string\"}}],\"inLanguage\":\"en-US\"},{\"@type\":\"Person\",\"@id\":\"https:\\\/\\\/akunq.net\\\/tr\\\/#\\\/schema\\\/person\\\/42a46675f00a8f1e84520e8c56500de3\",\"name\":\"admin\",\"url\":\"https:\\\/\\\/akunq.net\\\/tr\\\/?author=1\"}]}<\/script>\n<!-- \/ Yoast SEO plugin. -->","yoast_head_json":{"title":"VGM ve vak\u0131f y\u00f6netimi Yarg\u0131tay\u2019a ba\u015fvurdu - Bati Ermenistan Ve Bati Ermenileri Sorunlari Ara\u015ftirmalar Merkezi","robots":{"index":"index","follow":"follow","max-snippet":"max-snippet:-1","max-image-preview":"max-image-preview:large","max-video-preview":"max-video-preview:-1"},"canonical":"https:\/\/akunq.net\/tr\/?p=85325","og_locale":"en_US","og_type":"article","og_title":"VGM ve vak\u0131f y\u00f6netimi Yarg\u0131tay\u2019a ba\u015fvurdu - Bati Ermenistan Ve Bati Ermenileri Sorunlari Ara\u015ftirmalar Merkezi","og_description":"\u0130stanbul 12. Asliye Hukuk Mahkemesi\u2019nin k\u0131smen iptal karar\u0131 verdi\u011fi Beyo\u011flu \u00dc\u00e7 Horan Kilisesi Vakf\u0131 se\u00e7imi i\u00e7in mevcut vak\u0131f y\u00f6netimi ile VGM\u2019nce \u0130stinaf Mahkemesi\u2019ne yap\u0131lan ba\u015fvuru, mahkeme taraf\u0131ndan reddedilmi\u015fti. Vak\u0131f y\u00f6netimi ile Vak\u0131flar Genel M\u00fcd\u00fcrl\u00fc\u011f\u00fc (VGM), ge\u00e7ti\u011fimiz hafta Yarg\u0131tay\u2019a ba\u015fvurdu. \u0130\u015fhan Erdin\u00e7 Beyo\u011flu \u00dc\u00e7 Horan Ermeni Kilisesi Vakf\u0131 y\u00f6netim kurulu se\u00e7imi 12 Mart 2023\u2019te yap\u0131lm\u0131\u015ft\u0131. Eski [&hellip;]","og_url":"https:\/\/akunq.net\/tr\/?p=85325","og_site_name":"Bati Ermenistan Ve Bati Ermenileri Sorunlari Ara\u015ftirmalar Merkezi","article_published_time":"2026-02-02T07:08:42+00:00","article_modified_time":"2026-02-02T07:08:43+00:00","og_image":[{"width":1200,"height":675,"url":"https:\/\/akunq.net\/tr\/wp-content\/uploads\/sites\/6\/2026\/02\/VGM-ve-vakif-yonetimi.jpg","type":"image\/jpeg"}],"author":"admin","twitter_card":"summary_large_image","twitter_misc":{"Written by":"admin","Est. reading time":"2 minutes"},"schema":{"@context":"https:\/\/schema.org","@graph":[{"@type":"Article","@id":"https:\/\/akunq.net\/tr\/?p=85325#article","isPartOf":{"@id":"https:\/\/akunq.net\/tr\/?p=85325"},"author":{"name":"admin","@id":"https:\/\/akunq.net\/tr\/#\/schema\/person\/42a46675f00a8f1e84520e8c56500de3"},"headline":"VGM ve vak\u0131f y\u00f6netimi Yarg\u0131tay\u2019a ba\u015fvurdu","datePublished":"2026-02-02T07:08:42+00:00","dateModified":"2026-02-02T07:08:43+00:00","mainEntityOfPage":{"@id":"https:\/\/akunq.net\/tr\/?p=85325"},"wordCount":564,"commentCount":0,"image":{"@id":"https:\/\/akunq.net\/tr\/?p=85325#primaryimage"},"thumbnailUrl":"https:\/\/akunq.net\/tr\/wp-content\/uploads\/sites\/6\/2026\/02\/VGM-ve-vakif-yonetimi.jpg","articleSection":["Haberler","Haklar\u0131m\u0131z"],"inLanguage":"en-US","potentialAction":[{"@type":"CommentAction","name":"Comment","target":["https:\/\/akunq.net\/tr\/?p=85325#respond"]}]},{"@type":"WebPage","@id":"https:\/\/akunq.net\/tr\/?p=85325","url":"https:\/\/akunq.net\/tr\/?p=85325","name":"VGM ve vak\u0131f y\u00f6netimi Yarg\u0131tay\u2019a ba\u015fvurdu - Bati Ermenistan Ve Bati Ermenileri Sorunlari Ara\u015ftirmalar Merkezi","isPartOf":{"@id":"https:\/\/akunq.net\/tr\/#website"},"primaryImageOfPage":{"@id":"https:\/\/akunq.net\/tr\/?p=85325#primaryimage"},"image":{"@id":"https:\/\/akunq.net\/tr\/?p=85325#primaryimage"},"thumbnailUrl":"https:\/\/akunq.net\/tr\/wp-content\/uploads\/sites\/6\/2026\/02\/VGM-ve-vakif-yonetimi.jpg","datePublished":"2026-02-02T07:08:42+00:00","dateModified":"2026-02-02T07:08:43+00:00","author":{"@id":"https:\/\/akunq.net\/tr\/#\/schema\/person\/42a46675f00a8f1e84520e8c56500de3"},"breadcrumb":{"@id":"https:\/\/akunq.net\/tr\/?p=85325#breadcrumb"},"inLanguage":"en-US","potentialAction":[{"@type":"ReadAction","target":["https:\/\/akunq.net\/tr\/?p=85325"]}]},{"@type":"ImageObject","inLanguage":"en-US","@id":"https:\/\/akunq.net\/tr\/?p=85325#primaryimage","url":"https:\/\/akunq.net\/tr\/wp-content\/uploads\/sites\/6\/2026\/02\/VGM-ve-vakif-yonetimi.jpg","contentUrl":"https:\/\/akunq.net\/tr\/wp-content\/uploads\/sites\/6\/2026\/02\/VGM-ve-vakif-yonetimi.jpg","width":1200,"height":675},{"@type":"BreadcrumbList","@id":"https:\/\/akunq.net\/tr\/?p=85325#breadcrumb","itemListElement":[{"@type":"ListItem","position":1,"name":"Home","item":"https:\/\/akunq.net\/tr"},{"@type":"ListItem","position":2,"name":"VGM ve vak\u0131f y\u00f6netimi Yarg\u0131tay\u2019a ba\u015fvurdu"}]},{"@type":"WebSite","@id":"https:\/\/akunq.net\/tr\/#website","url":"https:\/\/akunq.net\/tr\/","name":"Bati Ermenistan Ve Bati Ermenileri Sorunlari Ara\u015ftirmalar Merkezi","description":"","potentialAction":[{"@type":"SearchAction","target":{"@type":"EntryPoint","urlTemplate":"https:\/\/akunq.net\/tr\/?s={search_term_string}"},"query-input":{"@type":"PropertyValueSpecification","valueRequired":true,"valueName":"search_term_string"}}],"inLanguage":"en-US"},{"@type":"Person","@id":"https:\/\/akunq.net\/tr\/#\/schema\/person\/42a46675f00a8f1e84520e8c56500de3","name":"admin","url":"https:\/\/akunq.net\/tr\/?author=1"}]}},"_links":{"self":[{"href":"https:\/\/akunq.net\/tr\/index.php?rest_route=\/wp\/v2\/posts\/85325","targetHints":{"allow":["GET"]}}],"collection":[{"href":"https:\/\/akunq.net\/tr\/index.php?rest_route=\/wp\/v2\/posts"}],"about":[{"href":"https:\/\/akunq.net\/tr\/index.php?rest_route=\/wp\/v2\/types\/post"}],"author":[{"embeddable":true,"href":"https:\/\/akunq.net\/tr\/index.php?rest_route=\/wp\/v2\/users\/1"}],"replies":[{"embeddable":true,"href":"https:\/\/akunq.net\/tr\/index.php?rest_route=%2Fwp%2Fv2%2Fcomments&post=85325"}],"version-history":[{"count":1,"href":"https:\/\/akunq.net\/tr\/index.php?rest_route=\/wp\/v2\/posts\/85325\/revisions"}],"predecessor-version":[{"id":85327,"href":"https:\/\/akunq.net\/tr\/index.php?rest_route=\/wp\/v2\/posts\/85325\/revisions\/85327"}],"wp:featuredmedia":[{"embeddable":true,"href":"https:\/\/akunq.net\/tr\/index.php?rest_route=\/wp\/v2\/media\/85326"}],"wp:attachment":[{"href":"https:\/\/akunq.net\/tr\/index.php?rest_route=%2Fwp%2Fv2%2Fmedia&parent=85325"}],"wp:term":[{"taxonomy":"category","embeddable":true,"href":"https:\/\/akunq.net\/tr\/index.php?rest_route=%2Fwp%2Fv2%2Fcategories&post=85325"},{"taxonomy":"post_tag","embeddable":true,"href":"https:\/\/akunq.net\/tr\/index.php?rest_route=%2Fwp%2Fv2%2Ftags&post=85325"}],"curies":[{"name":"wp","href":"https:\/\/api.w.org\/{rel}","templated":true}]}}