{"id":85315,"date":"2026-01-30T01:37:04","date_gmt":"2026-01-30T06:37:04","guid":{"rendered":"https:\/\/akunq.net\/tr\/?p=85315"},"modified":"2026-01-30T01:37:04","modified_gmt":"2026-01-30T06:37:04","slug":"arasin-mutfaginda-bulusma","status":"publish","type":"post","link":"https:\/\/akunq.net\/tr\/?p=85315","title":{"rendered":"Aras\u2019\u0131n mutfa\u011f\u0131nda bulu\u015fma"},"content":{"rendered":"\n<h1 class=\"wp-block-heading\">Ermenice yay\u0131nc\u0131l\u0131\u011f\u0131n bir y\u0131l\u0131 masaya yat\u0131r\u0131l\u0131yor<\/h1>\n\n\n\n<p><strong><em>\u0130stanbul\u2019un k\u00fclt\u00fcr hayat\u0131n\u0131n k\u00f6kl\u00fc duraklar\u0131ndan Aras Yay\u0131nc\u0131l\u0131k, H\u0131divyal Palas\u2019taki ofisinde kap\u0131lar\u0131n\u0131 bir kez daha okurlar\u0131na a\u00e7\u0131yor. 31 Ocak\u2019ta ger\u00e7ekle\u015fecek bulu\u015fmada, geride b\u0131rak\u0131lan y\u0131l\u0131n Ermenice kitap \u00fcretimi ve yay\u0131nc\u0131l\u0131k mutfa\u011f\u0131n\u0131n g\u00f6r\u00fcnmeyen y\u00fcz\u00fc, bizzat mutfa\u011f\u0131n emek\u00e7ileri taraf\u0131ndan anlat\u0131lacak.<\/em><\/strong><\/p>\n\n\n\n<p>Ermeni edebiyat\u0131n\u0131n hem ge\u00e7mi\u015fini hem de bug\u00fcn\u00fcn\u00fc okurla bulu\u015fturan Aras Yay\u0131nc\u0131l\u0131k, bu kez okurlar\u0131n\u0131 kelimelerin pi\u015fti\u011fi yere, yani &#8220;mutfa\u011fa&#8221; davet ediyor. 31 Ocak 2026 Cumartesi g\u00fcn\u00fc T\u00fcnel\u2019deki tarihi H\u0131divyal Palas\u2019ta d\u00fczenlenecek olan &#8220;Merak edenlere: Ermenice yay\u0131n y\u0131l\u0131m\u0131z\u0131 T\u00fcrk\u00e7e anlat\u0131yoruz&#8221; ba\u015fl\u0131kl\u0131 etkinlik, yay\u0131nevinin geride b\u0131rakt\u0131\u011f\u0131 \u00fcretim y\u0131l\u0131n\u0131n samimi bir d\u00f6k\u00fcm\u00fcn\u00fc sunmay\u0131 hedefliyor.<\/p>\n\n\n\n<p>Aras Yay\u0131nc\u0131l\u0131k, bu etkinlikte sadece bitmi\u015f kitaplar\u0131 de\u011fil, o kitaplar\u0131n var olma ser\u00fcvenini de payla\u015facak. M\u00fcrekkepten k\u00e2\u011f\u0131da uzanan me\u015fakkatli yolculuk, \u00e7eviri s\u00fcre\u00e7leri, editoryal tercihler ve yay\u0131nc\u0131l\u0131\u011f\u0131n g\u00f6r\u00fcnmeyen eme\u011fi, bizzat bu s\u00fcrecin mimarlar\u0131 taraf\u0131ndan dile getirilecek.&nbsp;<\/p>\n\n\n\n<figure class=\"wp-block-image\"><img decoding=\"async\" src=\"https:\/\/static.agos.com.tr\/2026\/01\/31-ocak-cumartesi-saat-15-00te-arasin-mutfagina-davetlisiniz-aras-yayincilik-olarak-geride.jpg\" alt=\"\"\/><\/figure>\n\n\n\n<p>Masan\u0131n etraf\u0131nda okurlar, yazarlar ve yay\u0131n ekibinin bir araya gelece\u011fi bu \u00f6zel bulu\u015fmada zengin bir konu\u015fmac\u0131 kadrosu yer al\u0131yor. Pakrat Estukyan, Mahir \u00d6zkan, Nadin Berberyan, Melisa Ferahyan, Mazlum Suba\u015f\u0131, Selin Tomasyan, Vahakn Ke\u015fi\u015fyan ve Narod Avc\u0131, deneyimlerini ve hik\u00e2yelerini payla\u015facaklar.<\/p>\n\n\n\n<p>Sohbet, 31 Ocak Cumartesi g\u00fcn\u00fc saat 15.00 ile 17.00 aras\u0131nda, \u0130stiklal Caddesi H\u0131divyal Palas\u2019ta ger\u00e7ekle\u015fecek. Kap\u0131lar\u0131n t\u00fcm edebiyatseverlere ve merakl\u0131lara a\u00e7\u0131k oldu\u011fu etkinlik, k\u00fclt\u00fcrel miras\u0131n bug\u00fcne nas\u0131l ta\u015f\u0131nd\u0131\u011f\u0131na tan\u0131kl\u0131k etmek isteyenleri bekliyor.<\/p>\n\n\n\n<p><a href=\"https:\/\/www.agos.com.tr\/tr\/haber\/ermenice-yayinciligin-bir-yili-masaya-yatiriliyor-39320\"><strong><em>https:\/\/www.agos.com.tr\/tr\/haber\/ermenice-yayinciligin-bir-yili-masaya-yatiriliyor-39320<\/em><\/strong><\/a><\/p>\n\n\n\n<p><\/p>\n","protected":false},"excerpt":{"rendered":"<p>Ermenice yay\u0131nc\u0131l\u0131\u011f\u0131n bir y\u0131l\u0131 masaya yat\u0131r\u0131l\u0131yor \u0130stanbul\u2019un k\u00fclt\u00fcr hayat\u0131n\u0131n k\u00f6kl\u00fc duraklar\u0131ndan Aras Yay\u0131nc\u0131l\u0131k, H\u0131divyal Palas\u2019taki ofisinde kap\u0131lar\u0131n\u0131 bir kez daha okurlar\u0131na a\u00e7\u0131yor. 31 Ocak\u2019ta ger\u00e7ekle\u015fecek bulu\u015fmada, geride b\u0131rak\u0131lan y\u0131l\u0131n Ermenice kitap \u00fcretimi ve yay\u0131nc\u0131l\u0131k mutfa\u011f\u0131n\u0131n g\u00f6r\u00fcnmeyen y\u00fcz\u00fc, bizzat mutfa\u011f\u0131n emek\u00e7ileri taraf\u0131ndan anlat\u0131lacak. Ermeni edebiyat\u0131n\u0131n hem ge\u00e7mi\u015fini hem de bug\u00fcn\u00fcn\u00fc okurla bulu\u015fturan Aras Yay\u0131nc\u0131l\u0131k, bu kez [&hellip;]<\/p>\n","protected":false},"author":1,"featured_media":85316,"comment_status":"open","ping_status":"open","sticky":false,"template":"","format":"standard","meta":{"footnotes":""},"categories":[1,54,56],"tags":[],"class_list":["post-85315","post","type-post","status-publish","format-standard","has-post-thumbnail","hentry","category-haberler","category-kitaplar-elestiriler","category-tartismalar"],"yoast_head":"<!-- This site is optimized with the Yoast SEO plugin v27.4 - https:\/\/yoast.com\/product\/yoast-seo-wordpress\/ -->\n<title>Aras\u2019\u0131n mutfa\u011f\u0131nda bulu\u015fma - Bati Ermenistan Ve Bati Ermenileri Sorunlari Ara\u015ftirmalar Merkezi<\/title>\n<meta name=\"robots\" content=\"index, follow, max-snippet:-1, max-image-preview:large, max-video-preview:-1\" \/>\n<link rel=\"canonical\" href=\"https:\/\/akunq.net\/tr\/?p=85315\" \/>\n<meta property=\"og:locale\" content=\"en_US\" \/>\n<meta property=\"og:type\" content=\"article\" \/>\n<meta property=\"og:title\" content=\"Aras\u2019\u0131n mutfa\u011f\u0131nda bulu\u015fma - Bati Ermenistan Ve Bati Ermenileri Sorunlari Ara\u015ftirmalar Merkezi\" \/>\n<meta property=\"og:description\" content=\"Ermenice yay\u0131nc\u0131l\u0131\u011f\u0131n bir y\u0131l\u0131 masaya yat\u0131r\u0131l\u0131yor \u0130stanbul\u2019un k\u00fclt\u00fcr hayat\u0131n\u0131n k\u00f6kl\u00fc duraklar\u0131ndan Aras Yay\u0131nc\u0131l\u0131k, H\u0131divyal Palas\u2019taki ofisinde kap\u0131lar\u0131n\u0131 bir kez daha okurlar\u0131na a\u00e7\u0131yor. 31 Ocak\u2019ta ger\u00e7ekle\u015fecek bulu\u015fmada, geride b\u0131rak\u0131lan y\u0131l\u0131n Ermenice kitap \u00fcretimi ve yay\u0131nc\u0131l\u0131k mutfa\u011f\u0131n\u0131n g\u00f6r\u00fcnmeyen y\u00fcz\u00fc, bizzat mutfa\u011f\u0131n emek\u00e7ileri taraf\u0131ndan anlat\u0131lacak. Ermeni edebiyat\u0131n\u0131n hem ge\u00e7mi\u015fini hem de bug\u00fcn\u00fcn\u00fc okurla bulu\u015fturan Aras Yay\u0131nc\u0131l\u0131k, bu kez [&hellip;]\" \/>\n<meta property=\"og:url\" content=\"https:\/\/akunq.net\/tr\/?p=85315\" \/>\n<meta property=\"og:site_name\" content=\"Bati Ermenistan Ve Bati Ermenileri Sorunlari Ara\u015ftirmalar Merkezi\" \/>\n<meta property=\"article:published_time\" content=\"2026-01-30T06:37:04+00:00\" \/>\n<meta property=\"og:image\" content=\"https:\/\/akunq.net\/tr\/wp-content\/uploads\/sites\/6\/2026\/01\/Aras.webp\" \/>\n\t<meta property=\"og:image:width\" content=\"760\" \/>\n\t<meta property=\"og:image:height\" content=\"427\" \/>\n\t<meta property=\"og:image:type\" content=\"image\/webp\" \/>\n<meta name=\"author\" content=\"admin\" \/>\n<meta name=\"twitter:card\" content=\"summary_large_image\" \/>\n<meta name=\"twitter:label1\" content=\"Written by\" \/>\n\t<meta name=\"twitter:data1\" content=\"admin\" \/>\n\t<meta name=\"twitter:label2\" content=\"Est. reading time\" \/>\n\t<meta name=\"twitter:data2\" content=\"2 minutes\" \/>\n<script type=\"application\/ld+json\" class=\"yoast-schema-graph\">{\"@context\":\"https:\\\/\\\/schema.org\",\"@graph\":[{\"@type\":\"Article\",\"@id\":\"https:\\\/\\\/akunq.net\\\/tr\\\/?p=85315#article\",\"isPartOf\":{\"@id\":\"https:\\\/\\\/akunq.net\\\/tr\\\/?p=85315\"},\"author\":{\"name\":\"admin\",\"@id\":\"https:\\\/\\\/akunq.net\\\/tr\\\/#\\\/schema\\\/person\\\/42a46675f00a8f1e84520e8c56500de3\"},\"headline\":\"Aras\u2019\u0131n mutfa\u011f\u0131nda bulu\u015fma\",\"datePublished\":\"2026-01-30T06:37:04+00:00\",\"mainEntityOfPage\":{\"@id\":\"https:\\\/\\\/akunq.net\\\/tr\\\/?p=85315\"},\"wordCount\":341,\"commentCount\":0,\"image\":{\"@id\":\"https:\\\/\\\/akunq.net\\\/tr\\\/?p=85315#primaryimage\"},\"thumbnailUrl\":\"https:\\\/\\\/akunq.net\\\/tr\\\/wp-content\\\/uploads\\\/sites\\\/6\\\/2026\\\/01\\\/Aras.webp\",\"articleSection\":[\"Haberler\",\"Kitaplar-Ele\u015ftiriler\",\"Tart\u0131\u015fmalar\"],\"inLanguage\":\"en-US\",\"potentialAction\":[{\"@type\":\"CommentAction\",\"name\":\"Comment\",\"target\":[\"https:\\\/\\\/akunq.net\\\/tr\\\/?p=85315#respond\"]}]},{\"@type\":\"WebPage\",\"@id\":\"https:\\\/\\\/akunq.net\\\/tr\\\/?p=85315\",\"url\":\"https:\\\/\\\/akunq.net\\\/tr\\\/?p=85315\",\"name\":\"Aras\u2019\u0131n mutfa\u011f\u0131nda bulu\u015fma - Bati Ermenistan Ve Bati Ermenileri Sorunlari Ara\u015ftirmalar Merkezi\",\"isPartOf\":{\"@id\":\"https:\\\/\\\/akunq.net\\\/tr\\\/#website\"},\"primaryImageOfPage\":{\"@id\":\"https:\\\/\\\/akunq.net\\\/tr\\\/?p=85315#primaryimage\"},\"image\":{\"@id\":\"https:\\\/\\\/akunq.net\\\/tr\\\/?p=85315#primaryimage\"},\"thumbnailUrl\":\"https:\\\/\\\/akunq.net\\\/tr\\\/wp-content\\\/uploads\\\/sites\\\/6\\\/2026\\\/01\\\/Aras.webp\",\"datePublished\":\"2026-01-30T06:37:04+00:00\",\"author\":{\"@id\":\"https:\\\/\\\/akunq.net\\\/tr\\\/#\\\/schema\\\/person\\\/42a46675f00a8f1e84520e8c56500de3\"},\"breadcrumb\":{\"@id\":\"https:\\\/\\\/akunq.net\\\/tr\\\/?p=85315#breadcrumb\"},\"inLanguage\":\"en-US\",\"potentialAction\":[{\"@type\":\"ReadAction\",\"target\":[\"https:\\\/\\\/akunq.net\\\/tr\\\/?p=85315\"]}]},{\"@type\":\"ImageObject\",\"inLanguage\":\"en-US\",\"@id\":\"https:\\\/\\\/akunq.net\\\/tr\\\/?p=85315#primaryimage\",\"url\":\"https:\\\/\\\/akunq.net\\\/tr\\\/wp-content\\\/uploads\\\/sites\\\/6\\\/2026\\\/01\\\/Aras.webp\",\"contentUrl\":\"https:\\\/\\\/akunq.net\\\/tr\\\/wp-content\\\/uploads\\\/sites\\\/6\\\/2026\\\/01\\\/Aras.webp\",\"width\":760,\"height\":427},{\"@type\":\"BreadcrumbList\",\"@id\":\"https:\\\/\\\/akunq.net\\\/tr\\\/?p=85315#breadcrumb\",\"itemListElement\":[{\"@type\":\"ListItem\",\"position\":1,\"name\":\"Home\",\"item\":\"https:\\\/\\\/akunq.net\\\/tr\"},{\"@type\":\"ListItem\",\"position\":2,\"name\":\"Aras\u2019\u0131n mutfa\u011f\u0131nda bulu\u015fma\"}]},{\"@type\":\"WebSite\",\"@id\":\"https:\\\/\\\/akunq.net\\\/tr\\\/#website\",\"url\":\"https:\\\/\\\/akunq.net\\\/tr\\\/\",\"name\":\"Bati Ermenistan Ve Bati Ermenileri Sorunlari Ara\u015ftirmalar Merkezi\",\"description\":\"\",\"potentialAction\":[{\"@type\":\"SearchAction\",\"target\":{\"@type\":\"EntryPoint\",\"urlTemplate\":\"https:\\\/\\\/akunq.net\\\/tr\\\/?s={search_term_string}\"},\"query-input\":{\"@type\":\"PropertyValueSpecification\",\"valueRequired\":true,\"valueName\":\"search_term_string\"}}],\"inLanguage\":\"en-US\"},{\"@type\":\"Person\",\"@id\":\"https:\\\/\\\/akunq.net\\\/tr\\\/#\\\/schema\\\/person\\\/42a46675f00a8f1e84520e8c56500de3\",\"name\":\"admin\",\"url\":\"https:\\\/\\\/akunq.net\\\/tr\\\/?author=1\"}]}<\/script>\n<!-- \/ Yoast SEO plugin. -->","yoast_head_json":{"title":"Aras\u2019\u0131n mutfa\u011f\u0131nda bulu\u015fma - Bati Ermenistan Ve Bati Ermenileri Sorunlari Ara\u015ftirmalar Merkezi","robots":{"index":"index","follow":"follow","max-snippet":"max-snippet:-1","max-image-preview":"max-image-preview:large","max-video-preview":"max-video-preview:-1"},"canonical":"https:\/\/akunq.net\/tr\/?p=85315","og_locale":"en_US","og_type":"article","og_title":"Aras\u2019\u0131n mutfa\u011f\u0131nda bulu\u015fma - Bati Ermenistan Ve Bati Ermenileri Sorunlari Ara\u015ftirmalar Merkezi","og_description":"Ermenice yay\u0131nc\u0131l\u0131\u011f\u0131n bir y\u0131l\u0131 masaya yat\u0131r\u0131l\u0131yor \u0130stanbul\u2019un k\u00fclt\u00fcr hayat\u0131n\u0131n k\u00f6kl\u00fc duraklar\u0131ndan Aras Yay\u0131nc\u0131l\u0131k, H\u0131divyal Palas\u2019taki ofisinde kap\u0131lar\u0131n\u0131 bir kez daha okurlar\u0131na a\u00e7\u0131yor. 31 Ocak\u2019ta ger\u00e7ekle\u015fecek bulu\u015fmada, geride b\u0131rak\u0131lan y\u0131l\u0131n Ermenice kitap \u00fcretimi ve yay\u0131nc\u0131l\u0131k mutfa\u011f\u0131n\u0131n g\u00f6r\u00fcnmeyen y\u00fcz\u00fc, bizzat mutfa\u011f\u0131n emek\u00e7ileri taraf\u0131ndan anlat\u0131lacak. Ermeni edebiyat\u0131n\u0131n hem ge\u00e7mi\u015fini hem de bug\u00fcn\u00fcn\u00fc okurla bulu\u015fturan Aras Yay\u0131nc\u0131l\u0131k, bu kez [&hellip;]","og_url":"https:\/\/akunq.net\/tr\/?p=85315","og_site_name":"Bati Ermenistan Ve Bati Ermenileri Sorunlari Ara\u015ftirmalar Merkezi","article_published_time":"2026-01-30T06:37:04+00:00","og_image":[{"width":760,"height":427,"url":"https:\/\/akunq.net\/tr\/wp-content\/uploads\/sites\/6\/2026\/01\/Aras.webp","type":"image\/webp"}],"author":"admin","twitter_card":"summary_large_image","twitter_misc":{"Written by":"admin","Est. reading time":"2 minutes"},"schema":{"@context":"https:\/\/schema.org","@graph":[{"@type":"Article","@id":"https:\/\/akunq.net\/tr\/?p=85315#article","isPartOf":{"@id":"https:\/\/akunq.net\/tr\/?p=85315"},"author":{"name":"admin","@id":"https:\/\/akunq.net\/tr\/#\/schema\/person\/42a46675f00a8f1e84520e8c56500de3"},"headline":"Aras\u2019\u0131n mutfa\u011f\u0131nda bulu\u015fma","datePublished":"2026-01-30T06:37:04+00:00","mainEntityOfPage":{"@id":"https:\/\/akunq.net\/tr\/?p=85315"},"wordCount":341,"commentCount":0,"image":{"@id":"https:\/\/akunq.net\/tr\/?p=85315#primaryimage"},"thumbnailUrl":"https:\/\/akunq.net\/tr\/wp-content\/uploads\/sites\/6\/2026\/01\/Aras.webp","articleSection":["Haberler","Kitaplar-Ele\u015ftiriler","Tart\u0131\u015fmalar"],"inLanguage":"en-US","potentialAction":[{"@type":"CommentAction","name":"Comment","target":["https:\/\/akunq.net\/tr\/?p=85315#respond"]}]},{"@type":"WebPage","@id":"https:\/\/akunq.net\/tr\/?p=85315","url":"https:\/\/akunq.net\/tr\/?p=85315","name":"Aras\u2019\u0131n mutfa\u011f\u0131nda bulu\u015fma - Bati Ermenistan Ve Bati Ermenileri Sorunlari Ara\u015ftirmalar Merkezi","isPartOf":{"@id":"https:\/\/akunq.net\/tr\/#website"},"primaryImageOfPage":{"@id":"https:\/\/akunq.net\/tr\/?p=85315#primaryimage"},"image":{"@id":"https:\/\/akunq.net\/tr\/?p=85315#primaryimage"},"thumbnailUrl":"https:\/\/akunq.net\/tr\/wp-content\/uploads\/sites\/6\/2026\/01\/Aras.webp","datePublished":"2026-01-30T06:37:04+00:00","author":{"@id":"https:\/\/akunq.net\/tr\/#\/schema\/person\/42a46675f00a8f1e84520e8c56500de3"},"breadcrumb":{"@id":"https:\/\/akunq.net\/tr\/?p=85315#breadcrumb"},"inLanguage":"en-US","potentialAction":[{"@type":"ReadAction","target":["https:\/\/akunq.net\/tr\/?p=85315"]}]},{"@type":"ImageObject","inLanguage":"en-US","@id":"https:\/\/akunq.net\/tr\/?p=85315#primaryimage","url":"https:\/\/akunq.net\/tr\/wp-content\/uploads\/sites\/6\/2026\/01\/Aras.webp","contentUrl":"https:\/\/akunq.net\/tr\/wp-content\/uploads\/sites\/6\/2026\/01\/Aras.webp","width":760,"height":427},{"@type":"BreadcrumbList","@id":"https:\/\/akunq.net\/tr\/?p=85315#breadcrumb","itemListElement":[{"@type":"ListItem","position":1,"name":"Home","item":"https:\/\/akunq.net\/tr"},{"@type":"ListItem","position":2,"name":"Aras\u2019\u0131n mutfa\u011f\u0131nda bulu\u015fma"}]},{"@type":"WebSite","@id":"https:\/\/akunq.net\/tr\/#website","url":"https:\/\/akunq.net\/tr\/","name":"Bati Ermenistan Ve Bati Ermenileri Sorunlari Ara\u015ftirmalar Merkezi","description":"","potentialAction":[{"@type":"SearchAction","target":{"@type":"EntryPoint","urlTemplate":"https:\/\/akunq.net\/tr\/?s={search_term_string}"},"query-input":{"@type":"PropertyValueSpecification","valueRequired":true,"valueName":"search_term_string"}}],"inLanguage":"en-US"},{"@type":"Person","@id":"https:\/\/akunq.net\/tr\/#\/schema\/person\/42a46675f00a8f1e84520e8c56500de3","name":"admin","url":"https:\/\/akunq.net\/tr\/?author=1"}]}},"_links":{"self":[{"href":"https:\/\/akunq.net\/tr\/index.php?rest_route=\/wp\/v2\/posts\/85315","targetHints":{"allow":["GET"]}}],"collection":[{"href":"https:\/\/akunq.net\/tr\/index.php?rest_route=\/wp\/v2\/posts"}],"about":[{"href":"https:\/\/akunq.net\/tr\/index.php?rest_route=\/wp\/v2\/types\/post"}],"author":[{"embeddable":true,"href":"https:\/\/akunq.net\/tr\/index.php?rest_route=\/wp\/v2\/users\/1"}],"replies":[{"embeddable":true,"href":"https:\/\/akunq.net\/tr\/index.php?rest_route=%2Fwp%2Fv2%2Fcomments&post=85315"}],"version-history":[{"count":1,"href":"https:\/\/akunq.net\/tr\/index.php?rest_route=\/wp\/v2\/posts\/85315\/revisions"}],"predecessor-version":[{"id":85317,"href":"https:\/\/akunq.net\/tr\/index.php?rest_route=\/wp\/v2\/posts\/85315\/revisions\/85317"}],"wp:featuredmedia":[{"embeddable":true,"href":"https:\/\/akunq.net\/tr\/index.php?rest_route=\/wp\/v2\/media\/85316"}],"wp:attachment":[{"href":"https:\/\/akunq.net\/tr\/index.php?rest_route=%2Fwp%2Fv2%2Fmedia&parent=85315"}],"wp:term":[{"taxonomy":"category","embeddable":true,"href":"https:\/\/akunq.net\/tr\/index.php?rest_route=%2Fwp%2Fv2%2Fcategories&post=85315"},{"taxonomy":"post_tag","embeddable":true,"href":"https:\/\/akunq.net\/tr\/index.php?rest_route=%2Fwp%2Fv2%2Ftags&post=85315"}],"curies":[{"name":"wp","href":"https:\/\/api.w.org\/{rel}","templated":true}]}}