{"id":85312,"date":"2026-01-30T01:27:50","date_gmt":"2026-01-30T06:27:50","guid":{"rendered":"https:\/\/akunq.net\/tr\/?p=85312"},"modified":"2026-01-30T01:28:00","modified_gmt":"2026-01-30T06:28:00","slug":"akpmden-azerbaycana-tutuklu-ermenileri-serbest-birakma-cagrisi","status":"publish","type":"post","link":"https:\/\/akunq.net\/tr\/?p=85312","title":{"rendered":"AKPM\u2019den Azerbaycan\u2019a tutuklu Ermenileri serbest b\u0131rakma \u00e7a\u011fr\u0131s\u0131"},"content":{"rendered":"\n<p><strong><em>Ermenistan Ulusal Meclisi Ba\u015fkan Yard\u0131mc\u0131s\u0131 ve Avrupa Konseyi Parlamenterler Meclisi\u2019ndeki (AKPM) Ermeni heyetinin Ba\u015fkan\u0131 Ruben Rubinyan, 26 Ocak\u2019ta AKPM Ba\u015fkan Yard\u0131mc\u0131l\u0131\u011f\u0131na se\u00e7ilmesinin ard\u0131ndan, Strazburg\u2019da \u201cMeclis\u2019in izleme prosed\u00fcr\u00fcndeki ilerleme\u201d ba\u015fl\u0131kl\u0131 AKPM karar\u0131n\u0131n kabul edildi\u011fini duyurdu.<\/em><\/strong><\/p>\n\n\n\n<p>Rubinyan, Facebook \u00fczerinden yapt\u0131\u011f\u0131 payla\u015f\u0131mda \u015funlar\u0131 kaydetti:<\/p>\n\n\n\n<p>\u201cAz \u00f6nce Strazburg\u2019da AKPM\u2019nin \u2018Meclis\u2019in izleme prosed\u00fcr\u00fcndeki ilerleme\u2019 ba\u015fl\u0131kl\u0131 karar\u0131 kabul edildi. Karar\u0131n Ermenistan\u2019a ili\u015fkin b\u00f6l\u00fcm\u00fcnde, di\u011fer hususlar\u0131n yan\u0131 s\u0131ra, Meclis \u2018kiliseye mensup baz\u0131 din adamlar\u0131n\u0131n iktidar\u0131 ele ge\u00e7irme planlar\u0131na dair bilgiler\u2019 konusunda derin endi\u015fe ifade etmektedir. Azerbaycan\u2019a ili\u015fkin b\u00f6l\u00fcmde ise, di\u011fer \u00e7a\u011fr\u0131lar\u0131n yan\u0131 s\u0131ra, orada tutulan t\u00fcm Ermenilerin serbest b\u0131rak\u0131lmas\u0131 \u00e7a\u011fr\u0131s\u0131nda bulunulmaktad\u0131r.\u201d<\/p>\n\n\n\n<p><em><strong>Kaynak:\u00a0<a href=\"https:\/\/ermenihaber.am\/\">Ermeni Haber<\/a><\/strong><\/em><\/p>\n\n\n\n<p><\/p>\n","protected":false},"excerpt":{"rendered":"<p>Ermenistan Ulusal Meclisi Ba\u015fkan Yard\u0131mc\u0131s\u0131 ve Avrupa Konseyi Parlamenterler Meclisi\u2019ndeki (AKPM) Ermeni heyetinin Ba\u015fkan\u0131 Ruben Rubinyan, 26 Ocak\u2019ta AKPM Ba\u015fkan Yard\u0131mc\u0131l\u0131\u011f\u0131na se\u00e7ilmesinin ard\u0131ndan, Strazburg\u2019da \u201cMeclis\u2019in izleme prosed\u00fcr\u00fcndeki ilerleme\u201d ba\u015fl\u0131kl\u0131 AKPM karar\u0131n\u0131n kabul edildi\u011fini duyurdu. Rubinyan, Facebook \u00fczerinden yapt\u0131\u011f\u0131 payla\u015f\u0131mda \u015funlar\u0131 kaydetti: \u201cAz \u00f6nce Strazburg\u2019da AKPM\u2019nin \u2018Meclis\u2019in izleme prosed\u00fcr\u00fcndeki ilerleme\u2019 ba\u015fl\u0131kl\u0131 karar\u0131 kabul edildi. Karar\u0131n Ermenistan\u2019a [&hellip;]<\/p>\n","protected":false},"author":1,"featured_media":85313,"comment_status":"open","ping_status":"open","sticky":false,"template":"","format":"standard","meta":{"footnotes":""},"categories":[1],"tags":[],"class_list":["post-85312","post","type-post","status-publish","format-standard","has-post-thumbnail","hentry","category-haberler"],"yoast_head":"<!-- This site is optimized with the Yoast SEO plugin v27.4 - https:\/\/yoast.com\/product\/yoast-seo-wordpress\/ -->\n<title>AKPM\u2019den Azerbaycan\u2019a tutuklu Ermenileri serbest b\u0131rakma \u00e7a\u011fr\u0131s\u0131 - Bati Ermenistan Ve Bati Ermenileri Sorunlari Ara\u015ftirmalar Merkezi<\/title>\n<meta name=\"robots\" content=\"index, follow, max-snippet:-1, max-image-preview:large, max-video-preview:-1\" \/>\n<link rel=\"canonical\" href=\"https:\/\/akunq.net\/tr\/?p=85312\" \/>\n<meta property=\"og:locale\" content=\"en_US\" \/>\n<meta property=\"og:type\" content=\"article\" \/>\n<meta property=\"og:title\" content=\"AKPM\u2019den Azerbaycan\u2019a tutuklu Ermenileri serbest b\u0131rakma \u00e7a\u011fr\u0131s\u0131 - Bati Ermenistan Ve Bati Ermenileri Sorunlari Ara\u015ftirmalar Merkezi\" \/>\n<meta property=\"og:description\" content=\"Ermenistan Ulusal Meclisi Ba\u015fkan Yard\u0131mc\u0131s\u0131 ve Avrupa Konseyi Parlamenterler Meclisi\u2019ndeki (AKPM) Ermeni heyetinin Ba\u015fkan\u0131 Ruben Rubinyan, 26 Ocak\u2019ta AKPM Ba\u015fkan Yard\u0131mc\u0131l\u0131\u011f\u0131na se\u00e7ilmesinin ard\u0131ndan, Strazburg\u2019da \u201cMeclis\u2019in izleme prosed\u00fcr\u00fcndeki ilerleme\u201d ba\u015fl\u0131kl\u0131 AKPM karar\u0131n\u0131n kabul edildi\u011fini duyurdu. Rubinyan, Facebook \u00fczerinden yapt\u0131\u011f\u0131 payla\u015f\u0131mda \u015funlar\u0131 kaydetti: \u201cAz \u00f6nce Strazburg\u2019da AKPM\u2019nin \u2018Meclis\u2019in izleme prosed\u00fcr\u00fcndeki ilerleme\u2019 ba\u015fl\u0131kl\u0131 karar\u0131 kabul edildi. Karar\u0131n Ermenistan\u2019a [&hellip;]\" \/>\n<meta property=\"og:url\" content=\"https:\/\/akunq.net\/tr\/?p=85312\" \/>\n<meta property=\"og:site_name\" content=\"Bati Ermenistan Ve Bati Ermenileri Sorunlari Ara\u015ftirmalar Merkezi\" \/>\n<meta property=\"article:published_time\" content=\"2026-01-30T06:27:50+00:00\" \/>\n<meta property=\"article:modified_time\" content=\"2026-01-30T06:28:00+00:00\" \/>\n<meta property=\"og:image\" content=\"https:\/\/akunq.net\/tr\/wp-content\/uploads\/sites\/6\/2026\/01\/AKPM.jpg\" \/>\n\t<meta property=\"og:image:width\" content=\"1600\" \/>\n\t<meta property=\"og:image:height\" content=\"1200\" \/>\n\t<meta property=\"og:image:type\" content=\"image\/jpeg\" \/>\n<meta name=\"author\" content=\"admin\" \/>\n<meta name=\"twitter:card\" content=\"summary_large_image\" \/>\n<meta name=\"twitter:label1\" content=\"Written by\" \/>\n\t<meta name=\"twitter:data1\" content=\"admin\" \/>\n\t<meta name=\"twitter:label2\" content=\"Est. reading time\" \/>\n\t<meta name=\"twitter:data2\" content=\"1 minute\" \/>\n<script type=\"application\/ld+json\" class=\"yoast-schema-graph\">{\"@context\":\"https:\\\/\\\/schema.org\",\"@graph\":[{\"@type\":\"Article\",\"@id\":\"https:\\\/\\\/akunq.net\\\/tr\\\/?p=85312#article\",\"isPartOf\":{\"@id\":\"https:\\\/\\\/akunq.net\\\/tr\\\/?p=85312\"},\"author\":{\"name\":\"admin\",\"@id\":\"https:\\\/\\\/akunq.net\\\/tr\\\/#\\\/schema\\\/person\\\/42a46675f00a8f1e84520e8c56500de3\"},\"headline\":\"AKPM\u2019den Azerbaycan\u2019a tutuklu Ermenileri serbest b\u0131rakma \u00e7a\u011fr\u0131s\u0131\",\"datePublished\":\"2026-01-30T06:27:50+00:00\",\"dateModified\":\"2026-01-30T06:28:00+00:00\",\"mainEntityOfPage\":{\"@id\":\"https:\\\/\\\/akunq.net\\\/tr\\\/?p=85312\"},\"wordCount\":167,\"commentCount\":0,\"image\":{\"@id\":\"https:\\\/\\\/akunq.net\\\/tr\\\/?p=85312#primaryimage\"},\"thumbnailUrl\":\"https:\\\/\\\/akunq.net\\\/tr\\\/wp-content\\\/uploads\\\/sites\\\/6\\\/2026\\\/01\\\/AKPM.jpg\",\"articleSection\":[\"Haberler\"],\"inLanguage\":\"en-US\",\"potentialAction\":[{\"@type\":\"CommentAction\",\"name\":\"Comment\",\"target\":[\"https:\\\/\\\/akunq.net\\\/tr\\\/?p=85312#respond\"]}]},{\"@type\":\"WebPage\",\"@id\":\"https:\\\/\\\/akunq.net\\\/tr\\\/?p=85312\",\"url\":\"https:\\\/\\\/akunq.net\\\/tr\\\/?p=85312\",\"name\":\"AKPM\u2019den Azerbaycan\u2019a tutuklu Ermenileri serbest b\u0131rakma \u00e7a\u011fr\u0131s\u0131 - Bati Ermenistan Ve Bati Ermenileri Sorunlari Ara\u015ftirmalar Merkezi\",\"isPartOf\":{\"@id\":\"https:\\\/\\\/akunq.net\\\/tr\\\/#website\"},\"primaryImageOfPage\":{\"@id\":\"https:\\\/\\\/akunq.net\\\/tr\\\/?p=85312#primaryimage\"},\"image\":{\"@id\":\"https:\\\/\\\/akunq.net\\\/tr\\\/?p=85312#primaryimage\"},\"thumbnailUrl\":\"https:\\\/\\\/akunq.net\\\/tr\\\/wp-content\\\/uploads\\\/sites\\\/6\\\/2026\\\/01\\\/AKPM.jpg\",\"datePublished\":\"2026-01-30T06:27:50+00:00\",\"dateModified\":\"2026-01-30T06:28:00+00:00\",\"author\":{\"@id\":\"https:\\\/\\\/akunq.net\\\/tr\\\/#\\\/schema\\\/person\\\/42a46675f00a8f1e84520e8c56500de3\"},\"breadcrumb\":{\"@id\":\"https:\\\/\\\/akunq.net\\\/tr\\\/?p=85312#breadcrumb\"},\"inLanguage\":\"en-US\",\"potentialAction\":[{\"@type\":\"ReadAction\",\"target\":[\"https:\\\/\\\/akunq.net\\\/tr\\\/?p=85312\"]}]},{\"@type\":\"ImageObject\",\"inLanguage\":\"en-US\",\"@id\":\"https:\\\/\\\/akunq.net\\\/tr\\\/?p=85312#primaryimage\",\"url\":\"https:\\\/\\\/akunq.net\\\/tr\\\/wp-content\\\/uploads\\\/sites\\\/6\\\/2026\\\/01\\\/AKPM.jpg\",\"contentUrl\":\"https:\\\/\\\/akunq.net\\\/tr\\\/wp-content\\\/uploads\\\/sites\\\/6\\\/2026\\\/01\\\/AKPM.jpg\",\"width\":1600,\"height\":1200},{\"@type\":\"BreadcrumbList\",\"@id\":\"https:\\\/\\\/akunq.net\\\/tr\\\/?p=85312#breadcrumb\",\"itemListElement\":[{\"@type\":\"ListItem\",\"position\":1,\"name\":\"Home\",\"item\":\"https:\\\/\\\/akunq.net\\\/tr\"},{\"@type\":\"ListItem\",\"position\":2,\"name\":\"AKPM\u2019den Azerbaycan\u2019a tutuklu Ermenileri serbest b\u0131rakma \u00e7a\u011fr\u0131s\u0131\"}]},{\"@type\":\"WebSite\",\"@id\":\"https:\\\/\\\/akunq.net\\\/tr\\\/#website\",\"url\":\"https:\\\/\\\/akunq.net\\\/tr\\\/\",\"name\":\"Bati Ermenistan Ve Bati Ermenileri Sorunlari Ara\u015ftirmalar Merkezi\",\"description\":\"\",\"potentialAction\":[{\"@type\":\"SearchAction\",\"target\":{\"@type\":\"EntryPoint\",\"urlTemplate\":\"https:\\\/\\\/akunq.net\\\/tr\\\/?s={search_term_string}\"},\"query-input\":{\"@type\":\"PropertyValueSpecification\",\"valueRequired\":true,\"valueName\":\"search_term_string\"}}],\"inLanguage\":\"en-US\"},{\"@type\":\"Person\",\"@id\":\"https:\\\/\\\/akunq.net\\\/tr\\\/#\\\/schema\\\/person\\\/42a46675f00a8f1e84520e8c56500de3\",\"name\":\"admin\",\"url\":\"https:\\\/\\\/akunq.net\\\/tr\\\/?author=1\"}]}<\/script>\n<!-- \/ Yoast SEO plugin. -->","yoast_head_json":{"title":"AKPM\u2019den Azerbaycan\u2019a tutuklu Ermenileri serbest b\u0131rakma \u00e7a\u011fr\u0131s\u0131 - Bati Ermenistan Ve Bati Ermenileri Sorunlari Ara\u015ftirmalar Merkezi","robots":{"index":"index","follow":"follow","max-snippet":"max-snippet:-1","max-image-preview":"max-image-preview:large","max-video-preview":"max-video-preview:-1"},"canonical":"https:\/\/akunq.net\/tr\/?p=85312","og_locale":"en_US","og_type":"article","og_title":"AKPM\u2019den Azerbaycan\u2019a tutuklu Ermenileri serbest b\u0131rakma \u00e7a\u011fr\u0131s\u0131 - Bati Ermenistan Ve Bati Ermenileri Sorunlari Ara\u015ftirmalar Merkezi","og_description":"Ermenistan Ulusal Meclisi Ba\u015fkan Yard\u0131mc\u0131s\u0131 ve Avrupa Konseyi Parlamenterler Meclisi\u2019ndeki (AKPM) Ermeni heyetinin Ba\u015fkan\u0131 Ruben Rubinyan, 26 Ocak\u2019ta AKPM Ba\u015fkan Yard\u0131mc\u0131l\u0131\u011f\u0131na se\u00e7ilmesinin ard\u0131ndan, Strazburg\u2019da \u201cMeclis\u2019in izleme prosed\u00fcr\u00fcndeki ilerleme\u201d ba\u015fl\u0131kl\u0131 AKPM karar\u0131n\u0131n kabul edildi\u011fini duyurdu. Rubinyan, Facebook \u00fczerinden yapt\u0131\u011f\u0131 payla\u015f\u0131mda \u015funlar\u0131 kaydetti: \u201cAz \u00f6nce Strazburg\u2019da AKPM\u2019nin \u2018Meclis\u2019in izleme prosed\u00fcr\u00fcndeki ilerleme\u2019 ba\u015fl\u0131kl\u0131 karar\u0131 kabul edildi. Karar\u0131n Ermenistan\u2019a [&hellip;]","og_url":"https:\/\/akunq.net\/tr\/?p=85312","og_site_name":"Bati Ermenistan Ve Bati Ermenileri Sorunlari Ara\u015ftirmalar Merkezi","article_published_time":"2026-01-30T06:27:50+00:00","article_modified_time":"2026-01-30T06:28:00+00:00","og_image":[{"width":1600,"height":1200,"url":"https:\/\/akunq.net\/tr\/wp-content\/uploads\/sites\/6\/2026\/01\/AKPM.jpg","type":"image\/jpeg"}],"author":"admin","twitter_card":"summary_large_image","twitter_misc":{"Written by":"admin","Est. reading time":"1 minute"},"schema":{"@context":"https:\/\/schema.org","@graph":[{"@type":"Article","@id":"https:\/\/akunq.net\/tr\/?p=85312#article","isPartOf":{"@id":"https:\/\/akunq.net\/tr\/?p=85312"},"author":{"name":"admin","@id":"https:\/\/akunq.net\/tr\/#\/schema\/person\/42a46675f00a8f1e84520e8c56500de3"},"headline":"AKPM\u2019den Azerbaycan\u2019a tutuklu Ermenileri serbest b\u0131rakma \u00e7a\u011fr\u0131s\u0131","datePublished":"2026-01-30T06:27:50+00:00","dateModified":"2026-01-30T06:28:00+00:00","mainEntityOfPage":{"@id":"https:\/\/akunq.net\/tr\/?p=85312"},"wordCount":167,"commentCount":0,"image":{"@id":"https:\/\/akunq.net\/tr\/?p=85312#primaryimage"},"thumbnailUrl":"https:\/\/akunq.net\/tr\/wp-content\/uploads\/sites\/6\/2026\/01\/AKPM.jpg","articleSection":["Haberler"],"inLanguage":"en-US","potentialAction":[{"@type":"CommentAction","name":"Comment","target":["https:\/\/akunq.net\/tr\/?p=85312#respond"]}]},{"@type":"WebPage","@id":"https:\/\/akunq.net\/tr\/?p=85312","url":"https:\/\/akunq.net\/tr\/?p=85312","name":"AKPM\u2019den Azerbaycan\u2019a tutuklu Ermenileri serbest b\u0131rakma \u00e7a\u011fr\u0131s\u0131 - Bati Ermenistan Ve Bati Ermenileri Sorunlari Ara\u015ftirmalar Merkezi","isPartOf":{"@id":"https:\/\/akunq.net\/tr\/#website"},"primaryImageOfPage":{"@id":"https:\/\/akunq.net\/tr\/?p=85312#primaryimage"},"image":{"@id":"https:\/\/akunq.net\/tr\/?p=85312#primaryimage"},"thumbnailUrl":"https:\/\/akunq.net\/tr\/wp-content\/uploads\/sites\/6\/2026\/01\/AKPM.jpg","datePublished":"2026-01-30T06:27:50+00:00","dateModified":"2026-01-30T06:28:00+00:00","author":{"@id":"https:\/\/akunq.net\/tr\/#\/schema\/person\/42a46675f00a8f1e84520e8c56500de3"},"breadcrumb":{"@id":"https:\/\/akunq.net\/tr\/?p=85312#breadcrumb"},"inLanguage":"en-US","potentialAction":[{"@type":"ReadAction","target":["https:\/\/akunq.net\/tr\/?p=85312"]}]},{"@type":"ImageObject","inLanguage":"en-US","@id":"https:\/\/akunq.net\/tr\/?p=85312#primaryimage","url":"https:\/\/akunq.net\/tr\/wp-content\/uploads\/sites\/6\/2026\/01\/AKPM.jpg","contentUrl":"https:\/\/akunq.net\/tr\/wp-content\/uploads\/sites\/6\/2026\/01\/AKPM.jpg","width":1600,"height":1200},{"@type":"BreadcrumbList","@id":"https:\/\/akunq.net\/tr\/?p=85312#breadcrumb","itemListElement":[{"@type":"ListItem","position":1,"name":"Home","item":"https:\/\/akunq.net\/tr"},{"@type":"ListItem","position":2,"name":"AKPM\u2019den Azerbaycan\u2019a tutuklu Ermenileri serbest b\u0131rakma \u00e7a\u011fr\u0131s\u0131"}]},{"@type":"WebSite","@id":"https:\/\/akunq.net\/tr\/#website","url":"https:\/\/akunq.net\/tr\/","name":"Bati Ermenistan Ve Bati Ermenileri Sorunlari Ara\u015ftirmalar Merkezi","description":"","potentialAction":[{"@type":"SearchAction","target":{"@type":"EntryPoint","urlTemplate":"https:\/\/akunq.net\/tr\/?s={search_term_string}"},"query-input":{"@type":"PropertyValueSpecification","valueRequired":true,"valueName":"search_term_string"}}],"inLanguage":"en-US"},{"@type":"Person","@id":"https:\/\/akunq.net\/tr\/#\/schema\/person\/42a46675f00a8f1e84520e8c56500de3","name":"admin","url":"https:\/\/akunq.net\/tr\/?author=1"}]}},"_links":{"self":[{"href":"https:\/\/akunq.net\/tr\/index.php?rest_route=\/wp\/v2\/posts\/85312","targetHints":{"allow":["GET"]}}],"collection":[{"href":"https:\/\/akunq.net\/tr\/index.php?rest_route=\/wp\/v2\/posts"}],"about":[{"href":"https:\/\/akunq.net\/tr\/index.php?rest_route=\/wp\/v2\/types\/post"}],"author":[{"embeddable":true,"href":"https:\/\/akunq.net\/tr\/index.php?rest_route=\/wp\/v2\/users\/1"}],"replies":[{"embeddable":true,"href":"https:\/\/akunq.net\/tr\/index.php?rest_route=%2Fwp%2Fv2%2Fcomments&post=85312"}],"version-history":[{"count":1,"href":"https:\/\/akunq.net\/tr\/index.php?rest_route=\/wp\/v2\/posts\/85312\/revisions"}],"predecessor-version":[{"id":85314,"href":"https:\/\/akunq.net\/tr\/index.php?rest_route=\/wp\/v2\/posts\/85312\/revisions\/85314"}],"wp:featuredmedia":[{"embeddable":true,"href":"https:\/\/akunq.net\/tr\/index.php?rest_route=\/wp\/v2\/media\/85313"}],"wp:attachment":[{"href":"https:\/\/akunq.net\/tr\/index.php?rest_route=%2Fwp%2Fv2%2Fmedia&parent=85312"}],"wp:term":[{"taxonomy":"category","embeddable":true,"href":"https:\/\/akunq.net\/tr\/index.php?rest_route=%2Fwp%2Fv2%2Fcategories&post=85312"},{"taxonomy":"post_tag","embeddable":true,"href":"https:\/\/akunq.net\/tr\/index.php?rest_route=%2Fwp%2Fv2%2Ftags&post=85312"}],"curies":[{"name":"wp","href":"https:\/\/api.w.org\/{rel}","templated":true}]}}