{"id":85306,"date":"2026-01-29T06:49:19","date_gmt":"2026-01-29T11:49:19","guid":{"rendered":"https:\/\/akunq.net\/tr\/?p=85306"},"modified":"2026-01-29T06:49:20","modified_gmt":"2026-01-29T11:49:20","slug":"altan-tan-acikladi-kadayif-diyarbakirli-ermenilerin","status":"publish","type":"post","link":"https:\/\/akunq.net\/tr\/?p=85306","title":{"rendered":"Altan Tan a\u00e7\u0131klad\u0131: Kaday\u0131f, Diyarbak\u0131rl\u0131 Ermenilerin"},"content":{"rendered":"\n<h2 class=\"wp-block-heading\"><em>Son g\u00fcnlerde artan kaday\u0131f tart\u0131\u015fmalar\u0131na ili\u015fkin Ensonhaber yay\u0131n\u0131nda de\u011ferlendirmelerde bulunan K\u00fcrt siyasetinin tan\u0131nan ismi Altan Tan, kaday\u0131f\u0131n 1850&#8217;li y\u0131llarda b\u00f6lgede ya\u015fayan Diyarbak\u0131rl\u0131 Ermeniler&#8217;e ait oldu\u011funu s\u00f6yledi.<\/em><\/h2>\n\n\n\n<p>K\u00fcrt siyasetinin tan\u0131nm\u0131\u015f isimlerinden&nbsp;HDP&#8217;den 2018&#8217;de istifa eden Altan Tan, \u00c7a\u011flar Cilara&#8217;n\u0131n konu\u011fu oldu.<\/p>\n\n\n\n<p>Ter\u00f6rs\u00fcz T\u00fcrkiye s\u00fcrecine ili\u015fkin de\u011ferlendirmelerde bulunan Tan, ya\u015fanan son geli\u015fmelere ili\u015fkin dikkat \u00e7eken a\u00e7\u0131klamalar yapt\u0131.<\/p>\n\n\n\n<p><strong>KADAYIF SAVA\u015eLARI<\/strong><\/p>\n\n\n\n<p>Tan&#8217;\u0131n g\u00fcndeminde son g\u00fcnlerde artan &#8216;kaday\u0131f kimin&#8217; tart\u0131\u015fmalar\u0131 da vard\u0131.<\/p>\n\n\n\n<p>Nas\u0131l ki Urfa&#8217;l\u0131larla Ad\u0131yamanlar aras\u0131nda \u00e7i\u011f k\u00f6fte sava\u015f\u0131, Urfa-Diyarbak\u0131r ve Antep aras\u0131nda ci\u011fer kebap sava\u015flar\u0131 varsa, bu sefer de Bing\u00f6l ile Diyarbak\u0131r aras\u0131nda bir kaday\u0131f sava\u015f\u0131 ba\u015flad\u0131.<\/p>\n\n\n\n<p><strong>&#8220;KADAYIF, D\u0130YARBAKIRLI ERMEN\u0130LER\u0130N&#8221;<\/strong><\/p>\n\n\n\n<p>Kaday\u0131f\u0131n k\u00f6kenine ili\u015fkin de\u011ferlendirmeler yapan Altan Tan, kaday\u0131f\u0131n&nbsp;Diyarbak\u0131rl\u0131 Ermeniler&#8217;e ait oldu\u011funu s\u00f6yledi.&nbsp;<\/p>\n\n\n\n<p>Tan,<em><strong>&nbsp;&#8220;Bir kavga ba\u015flad\u0131; Bing\u00f6l m\u00fc, Diyarbak\u0131r m\u0131? Bu i\u015fin asl\u0131 \u015fu; Kaday\u0131f, Diyarbak\u0131rl\u0131 Ermenilerin.&#8221;<\/strong><\/em>&nbsp;ifadelerini kulland\u0131.<\/p>\n\n\n\n<p><strong>&#8220;ASIL SAH\u0130B\u0130 ESK\u0130 YERL\u0130 ERMEN\u0130LER&#8221;<\/strong><\/p>\n\n\n\n<p>Altan Tan, kaday\u0131f meselesine ili\u015fkin yapt\u0131\u011f\u0131 de\u011ferlendirmelerde \u015funlar\u0131 s\u00f6yledi:<\/p>\n\n\n\n<p><em><strong>&#8220;Bir kaday\u0131f meselesi var. Ya \u015fimdi bu, bu i\u015f nereden \u00e7\u0131kt\u0131? Say\u0131n Cevdet Y\u0131lmaz Cumhurba\u015fkan\u0131 yard\u0131mc\u0131s\u0131, bir d\u00f6nem Diyarbak\u0131r milletvekilli\u011fi de yapt\u0131 ama aslen Bing\u00f6ll\u00fc. O tan\u0131t\u0131m g\u00fcnlerinde bir \u015fey yapt\u0131, \u0130\u015fte bu Diyarbak\u0131r kaday\u0131f\u0131 Bing\u00f6ll\u00fclerindir ve T\u00fcrkiye&#8217;deki kaday\u0131f\u00e7\u0131lar\u0131n da ezici \u00e7o\u011funlu\u011fu Bing\u00f6ll\u00fcd\u00fcr diyerek bir g\u00fczelleme yapt\u0131. Bu s\u00f6zden sonra kaday\u0131f sava\u015flar\u0131 ba\u015flad\u0131.<\/strong><\/em><\/p>\n\n\n\n<p><em><strong>Ben de dahil oldum bu meseleye.&nbsp;Ben ilkokulu, ortaokulu, liseyi hepsini Diyarbak\u0131r&#8217;da okumu\u015fum. Melikahmet semti de\u011fi\u015fken, Diyarbak\u0131r&#8217;\u0131n eski Suri\u00e7i&#8217;nin g\u00f6be\u011fi, orada b\u00fcy\u00fcm\u00fc\u015f\u00fcm. Yani Diyarbak\u0131r&#8217;\u0131n a\u011fz\u0131n\u0131, yani s\u00f6ylenen T\u00fcrk\u00e7e \u015fivesini, argolar\u0131n\u0131, d\u00fc\u015fmanlar\u0131n\u0131 hepsini bilirim ben. Bu i\u015fin asl\u0131 \u015fu; kaday\u0131f, Diyarbak\u0131rl\u0131 Ermenilerin. Esas bu i\u015f yapanlar Diyarbak\u0131r&#8217;\u0131n eski yerli Ermenileri.Ermeniler ve S\u00fcryaniler, Diyarbak\u0131r&#8217;\u0131n has evlatlar\u0131. 1869 n\u00fcfus say\u0131m\u0131nda Diyarbak\u0131r \u015fehir merkezinin y\u00fczde 50&#8217;si Ermeni ve S\u00fcryani.&#8221;<\/strong><\/em><\/p>\n\n\n\n<figure class=\"wp-block-image\"><a href=\"https:\/\/www.youtube.com\/watch?v=14eteGjs89I\" target=\"_blank\" rel=\"noreferrer noopener\"><img decoding=\"async\" src=\"https:\/\/imgcdn.ensonhaber.com\/media\/esh\/2026\/01\/29\/697b3ef068207721__w1200xh983.jpg?w=1200\" alt=\"\"\/><\/a><\/figure>\n\n\n\n<p><a href=\"https:\/\/www.ensonhaber.com\/gundem\/altan-tan-acikladi-kadayif-diyarbakirli-ermenilerin\"><strong><em>https:\/\/www.ensonhaber.com\/gundem\/altan-tan-acikladi-kadayif-diyarbakirli-ermenilerin<\/em><\/strong><\/a><\/p>\n","protected":false},"excerpt":{"rendered":"<p>Son g\u00fcnlerde artan kaday\u0131f tart\u0131\u015fmalar\u0131na ili\u015fkin Ensonhaber yay\u0131n\u0131nda de\u011ferlendirmelerde bulunan K\u00fcrt siyasetinin tan\u0131nan ismi Altan Tan, kaday\u0131f\u0131n 1850&#8217;li y\u0131llarda b\u00f6lgede ya\u015fayan Diyarbak\u0131rl\u0131 Ermeniler&#8217;e ait oldu\u011funu s\u00f6yledi. K\u00fcrt siyasetinin tan\u0131nm\u0131\u015f isimlerinden&nbsp;HDP&#8217;den 2018&#8217;de istifa eden Altan Tan, \u00c7a\u011flar Cilara&#8217;n\u0131n konu\u011fu oldu. Ter\u00f6rs\u00fcz T\u00fcrkiye s\u00fcrecine ili\u015fkin de\u011ferlendirmelerde bulunan Tan, ya\u015fanan son geli\u015fmelere ili\u015fkin dikkat \u00e7eken a\u00e7\u0131klamalar yapt\u0131. KADAYIF [&hellip;]<\/p>\n","protected":false},"author":1,"featured_media":85307,"comment_status":"open","ping_status":"open","sticky":false,"template":"","format":"standard","meta":{"footnotes":""},"categories":[1,18],"tags":[],"class_list":["post-85306","post","type-post","status-publish","format-standard","has-post-thumbnail","hentry","category-haberler","category-mutfak"],"yoast_head":"<!-- This site is optimized with the Yoast SEO plugin v27.4 - https:\/\/yoast.com\/product\/yoast-seo-wordpress\/ -->\n<title>Altan Tan a\u00e7\u0131klad\u0131: Kaday\u0131f, Diyarbak\u0131rl\u0131 Ermenilerin - Bati Ermenistan Ve Bati Ermenileri Sorunlari Ara\u015ftirmalar Merkezi<\/title>\n<meta name=\"robots\" content=\"index, follow, max-snippet:-1, max-image-preview:large, max-video-preview:-1\" \/>\n<link rel=\"canonical\" href=\"https:\/\/akunq.net\/tr\/?p=85306\" \/>\n<meta property=\"og:locale\" content=\"en_US\" \/>\n<meta property=\"og:type\" content=\"article\" \/>\n<meta property=\"og:title\" content=\"Altan Tan a\u00e7\u0131klad\u0131: Kaday\u0131f, Diyarbak\u0131rl\u0131 Ermenilerin - Bati Ermenistan Ve Bati Ermenileri Sorunlari Ara\u015ftirmalar Merkezi\" \/>\n<meta property=\"og:description\" content=\"Son g\u00fcnlerde artan kaday\u0131f tart\u0131\u015fmalar\u0131na ili\u015fkin Ensonhaber yay\u0131n\u0131nda de\u011ferlendirmelerde bulunan K\u00fcrt siyasetinin tan\u0131nan ismi Altan Tan, kaday\u0131f\u0131n 1850&#8217;li y\u0131llarda b\u00f6lgede ya\u015fayan Diyarbak\u0131rl\u0131 Ermeniler&#8217;e ait oldu\u011funu s\u00f6yledi. K\u00fcrt siyasetinin tan\u0131nm\u0131\u015f isimlerinden&nbsp;HDP&#8217;den 2018&#8217;de istifa eden Altan Tan, \u00c7a\u011flar Cilara&#8217;n\u0131n konu\u011fu oldu. Ter\u00f6rs\u00fcz T\u00fcrkiye s\u00fcrecine ili\u015fkin de\u011ferlendirmelerde bulunan Tan, ya\u015fanan son geli\u015fmelere ili\u015fkin dikkat \u00e7eken a\u00e7\u0131klamalar yapt\u0131. KADAYIF [&hellip;]\" \/>\n<meta property=\"og:url\" content=\"https:\/\/akunq.net\/tr\/?p=85306\" \/>\n<meta property=\"og:site_name\" content=\"Bati Ermenistan Ve Bati Ermenileri Sorunlari Ara\u015ftirmalar Merkezi\" \/>\n<meta property=\"article:published_time\" content=\"2026-01-29T11:49:19+00:00\" \/>\n<meta property=\"article:modified_time\" content=\"2026-01-29T11:49:20+00:00\" \/>\n<meta property=\"og:image\" content=\"https:\/\/akunq.net\/tr\/wp-content\/uploads\/sites\/6\/2026\/01\/kadayif.webp\" \/>\n\t<meta property=\"og:image:width\" content=\"1200\" \/>\n\t<meta property=\"og:image:height\" content=\"675\" \/>\n\t<meta property=\"og:image:type\" content=\"image\/webp\" \/>\n<meta name=\"author\" content=\"admin\" \/>\n<meta name=\"twitter:card\" content=\"summary_large_image\" \/>\n<meta name=\"twitter:label1\" content=\"Written by\" \/>\n\t<meta name=\"twitter:data1\" content=\"admin\" \/>\n\t<meta name=\"twitter:label2\" content=\"Est. reading time\" \/>\n\t<meta name=\"twitter:data2\" content=\"2 minutes\" \/>\n<script type=\"application\/ld+json\" class=\"yoast-schema-graph\">{\"@context\":\"https:\\\/\\\/schema.org\",\"@graph\":[{\"@type\":\"Article\",\"@id\":\"https:\\\/\\\/akunq.net\\\/tr\\\/?p=85306#article\",\"isPartOf\":{\"@id\":\"https:\\\/\\\/akunq.net\\\/tr\\\/?p=85306\"},\"author\":{\"name\":\"admin\",\"@id\":\"https:\\\/\\\/akunq.net\\\/tr\\\/#\\\/schema\\\/person\\\/42a46675f00a8f1e84520e8c56500de3\"},\"headline\":\"Altan Tan a\u00e7\u0131klad\u0131: Kaday\u0131f, Diyarbak\u0131rl\u0131 Ermenilerin\",\"datePublished\":\"2026-01-29T11:49:19+00:00\",\"dateModified\":\"2026-01-29T11:49:20+00:00\",\"mainEntityOfPage\":{\"@id\":\"https:\\\/\\\/akunq.net\\\/tr\\\/?p=85306\"},\"wordCount\":425,\"commentCount\":0,\"image\":{\"@id\":\"https:\\\/\\\/akunq.net\\\/tr\\\/?p=85306#primaryimage\"},\"thumbnailUrl\":\"https:\\\/\\\/akunq.net\\\/tr\\\/wp-content\\\/uploads\\\/sites\\\/6\\\/2026\\\/01\\\/kadayif.webp\",\"articleSection\":[\"Haberler\",\"Mutfak\"],\"inLanguage\":\"en-US\",\"potentialAction\":[{\"@type\":\"CommentAction\",\"name\":\"Comment\",\"target\":[\"https:\\\/\\\/akunq.net\\\/tr\\\/?p=85306#respond\"]}]},{\"@type\":\"WebPage\",\"@id\":\"https:\\\/\\\/akunq.net\\\/tr\\\/?p=85306\",\"url\":\"https:\\\/\\\/akunq.net\\\/tr\\\/?p=85306\",\"name\":\"Altan Tan a\u00e7\u0131klad\u0131: Kaday\u0131f, Diyarbak\u0131rl\u0131 Ermenilerin - Bati Ermenistan Ve Bati Ermenileri Sorunlari Ara\u015ftirmalar Merkezi\",\"isPartOf\":{\"@id\":\"https:\\\/\\\/akunq.net\\\/tr\\\/#website\"},\"primaryImageOfPage\":{\"@id\":\"https:\\\/\\\/akunq.net\\\/tr\\\/?p=85306#primaryimage\"},\"image\":{\"@id\":\"https:\\\/\\\/akunq.net\\\/tr\\\/?p=85306#primaryimage\"},\"thumbnailUrl\":\"https:\\\/\\\/akunq.net\\\/tr\\\/wp-content\\\/uploads\\\/sites\\\/6\\\/2026\\\/01\\\/kadayif.webp\",\"datePublished\":\"2026-01-29T11:49:19+00:00\",\"dateModified\":\"2026-01-29T11:49:20+00:00\",\"author\":{\"@id\":\"https:\\\/\\\/akunq.net\\\/tr\\\/#\\\/schema\\\/person\\\/42a46675f00a8f1e84520e8c56500de3\"},\"breadcrumb\":{\"@id\":\"https:\\\/\\\/akunq.net\\\/tr\\\/?p=85306#breadcrumb\"},\"inLanguage\":\"en-US\",\"potentialAction\":[{\"@type\":\"ReadAction\",\"target\":[\"https:\\\/\\\/akunq.net\\\/tr\\\/?p=85306\"]}]},{\"@type\":\"ImageObject\",\"inLanguage\":\"en-US\",\"@id\":\"https:\\\/\\\/akunq.net\\\/tr\\\/?p=85306#primaryimage\",\"url\":\"https:\\\/\\\/akunq.net\\\/tr\\\/wp-content\\\/uploads\\\/sites\\\/6\\\/2026\\\/01\\\/kadayif.webp\",\"contentUrl\":\"https:\\\/\\\/akunq.net\\\/tr\\\/wp-content\\\/uploads\\\/sites\\\/6\\\/2026\\\/01\\\/kadayif.webp\",\"width\":1200,\"height\":675},{\"@type\":\"BreadcrumbList\",\"@id\":\"https:\\\/\\\/akunq.net\\\/tr\\\/?p=85306#breadcrumb\",\"itemListElement\":[{\"@type\":\"ListItem\",\"position\":1,\"name\":\"Home\",\"item\":\"https:\\\/\\\/akunq.net\\\/tr\"},{\"@type\":\"ListItem\",\"position\":2,\"name\":\"Altan Tan a\u00e7\u0131klad\u0131: Kaday\u0131f, Diyarbak\u0131rl\u0131 Ermenilerin\"}]},{\"@type\":\"WebSite\",\"@id\":\"https:\\\/\\\/akunq.net\\\/tr\\\/#website\",\"url\":\"https:\\\/\\\/akunq.net\\\/tr\\\/\",\"name\":\"Bati Ermenistan Ve Bati Ermenileri Sorunlari Ara\u015ftirmalar Merkezi\",\"description\":\"\",\"potentialAction\":[{\"@type\":\"SearchAction\",\"target\":{\"@type\":\"EntryPoint\",\"urlTemplate\":\"https:\\\/\\\/akunq.net\\\/tr\\\/?s={search_term_string}\"},\"query-input\":{\"@type\":\"PropertyValueSpecification\",\"valueRequired\":true,\"valueName\":\"search_term_string\"}}],\"inLanguage\":\"en-US\"},{\"@type\":\"Person\",\"@id\":\"https:\\\/\\\/akunq.net\\\/tr\\\/#\\\/schema\\\/person\\\/42a46675f00a8f1e84520e8c56500de3\",\"name\":\"admin\",\"url\":\"https:\\\/\\\/akunq.net\\\/tr\\\/?author=1\"}]}<\/script>\n<!-- \/ Yoast SEO plugin. -->","yoast_head_json":{"title":"Altan Tan a\u00e7\u0131klad\u0131: Kaday\u0131f, Diyarbak\u0131rl\u0131 Ermenilerin - Bati Ermenistan Ve Bati Ermenileri Sorunlari Ara\u015ftirmalar Merkezi","robots":{"index":"index","follow":"follow","max-snippet":"max-snippet:-1","max-image-preview":"max-image-preview:large","max-video-preview":"max-video-preview:-1"},"canonical":"https:\/\/akunq.net\/tr\/?p=85306","og_locale":"en_US","og_type":"article","og_title":"Altan Tan a\u00e7\u0131klad\u0131: Kaday\u0131f, Diyarbak\u0131rl\u0131 Ermenilerin - Bati Ermenistan Ve Bati Ermenileri Sorunlari Ara\u015ftirmalar Merkezi","og_description":"Son g\u00fcnlerde artan kaday\u0131f tart\u0131\u015fmalar\u0131na ili\u015fkin Ensonhaber yay\u0131n\u0131nda de\u011ferlendirmelerde bulunan K\u00fcrt siyasetinin tan\u0131nan ismi Altan Tan, kaday\u0131f\u0131n 1850&#8217;li y\u0131llarda b\u00f6lgede ya\u015fayan Diyarbak\u0131rl\u0131 Ermeniler&#8217;e ait oldu\u011funu s\u00f6yledi. K\u00fcrt siyasetinin tan\u0131nm\u0131\u015f isimlerinden&nbsp;HDP&#8217;den 2018&#8217;de istifa eden Altan Tan, \u00c7a\u011flar Cilara&#8217;n\u0131n konu\u011fu oldu. Ter\u00f6rs\u00fcz T\u00fcrkiye s\u00fcrecine ili\u015fkin de\u011ferlendirmelerde bulunan Tan, ya\u015fanan son geli\u015fmelere ili\u015fkin dikkat \u00e7eken a\u00e7\u0131klamalar yapt\u0131. KADAYIF [&hellip;]","og_url":"https:\/\/akunq.net\/tr\/?p=85306","og_site_name":"Bati Ermenistan Ve Bati Ermenileri Sorunlari Ara\u015ftirmalar Merkezi","article_published_time":"2026-01-29T11:49:19+00:00","article_modified_time":"2026-01-29T11:49:20+00:00","og_image":[{"width":1200,"height":675,"url":"https:\/\/akunq.net\/tr\/wp-content\/uploads\/sites\/6\/2026\/01\/kadayif.webp","type":"image\/webp"}],"author":"admin","twitter_card":"summary_large_image","twitter_misc":{"Written by":"admin","Est. reading time":"2 minutes"},"schema":{"@context":"https:\/\/schema.org","@graph":[{"@type":"Article","@id":"https:\/\/akunq.net\/tr\/?p=85306#article","isPartOf":{"@id":"https:\/\/akunq.net\/tr\/?p=85306"},"author":{"name":"admin","@id":"https:\/\/akunq.net\/tr\/#\/schema\/person\/42a46675f00a8f1e84520e8c56500de3"},"headline":"Altan Tan a\u00e7\u0131klad\u0131: Kaday\u0131f, Diyarbak\u0131rl\u0131 Ermenilerin","datePublished":"2026-01-29T11:49:19+00:00","dateModified":"2026-01-29T11:49:20+00:00","mainEntityOfPage":{"@id":"https:\/\/akunq.net\/tr\/?p=85306"},"wordCount":425,"commentCount":0,"image":{"@id":"https:\/\/akunq.net\/tr\/?p=85306#primaryimage"},"thumbnailUrl":"https:\/\/akunq.net\/tr\/wp-content\/uploads\/sites\/6\/2026\/01\/kadayif.webp","articleSection":["Haberler","Mutfak"],"inLanguage":"en-US","potentialAction":[{"@type":"CommentAction","name":"Comment","target":["https:\/\/akunq.net\/tr\/?p=85306#respond"]}]},{"@type":"WebPage","@id":"https:\/\/akunq.net\/tr\/?p=85306","url":"https:\/\/akunq.net\/tr\/?p=85306","name":"Altan Tan a\u00e7\u0131klad\u0131: Kaday\u0131f, Diyarbak\u0131rl\u0131 Ermenilerin - Bati Ermenistan Ve Bati Ermenileri Sorunlari Ara\u015ftirmalar Merkezi","isPartOf":{"@id":"https:\/\/akunq.net\/tr\/#website"},"primaryImageOfPage":{"@id":"https:\/\/akunq.net\/tr\/?p=85306#primaryimage"},"image":{"@id":"https:\/\/akunq.net\/tr\/?p=85306#primaryimage"},"thumbnailUrl":"https:\/\/akunq.net\/tr\/wp-content\/uploads\/sites\/6\/2026\/01\/kadayif.webp","datePublished":"2026-01-29T11:49:19+00:00","dateModified":"2026-01-29T11:49:20+00:00","author":{"@id":"https:\/\/akunq.net\/tr\/#\/schema\/person\/42a46675f00a8f1e84520e8c56500de3"},"breadcrumb":{"@id":"https:\/\/akunq.net\/tr\/?p=85306#breadcrumb"},"inLanguage":"en-US","potentialAction":[{"@type":"ReadAction","target":["https:\/\/akunq.net\/tr\/?p=85306"]}]},{"@type":"ImageObject","inLanguage":"en-US","@id":"https:\/\/akunq.net\/tr\/?p=85306#primaryimage","url":"https:\/\/akunq.net\/tr\/wp-content\/uploads\/sites\/6\/2026\/01\/kadayif.webp","contentUrl":"https:\/\/akunq.net\/tr\/wp-content\/uploads\/sites\/6\/2026\/01\/kadayif.webp","width":1200,"height":675},{"@type":"BreadcrumbList","@id":"https:\/\/akunq.net\/tr\/?p=85306#breadcrumb","itemListElement":[{"@type":"ListItem","position":1,"name":"Home","item":"https:\/\/akunq.net\/tr"},{"@type":"ListItem","position":2,"name":"Altan Tan a\u00e7\u0131klad\u0131: Kaday\u0131f, Diyarbak\u0131rl\u0131 Ermenilerin"}]},{"@type":"WebSite","@id":"https:\/\/akunq.net\/tr\/#website","url":"https:\/\/akunq.net\/tr\/","name":"Bati Ermenistan Ve Bati Ermenileri Sorunlari Ara\u015ftirmalar Merkezi","description":"","potentialAction":[{"@type":"SearchAction","target":{"@type":"EntryPoint","urlTemplate":"https:\/\/akunq.net\/tr\/?s={search_term_string}"},"query-input":{"@type":"PropertyValueSpecification","valueRequired":true,"valueName":"search_term_string"}}],"inLanguage":"en-US"},{"@type":"Person","@id":"https:\/\/akunq.net\/tr\/#\/schema\/person\/42a46675f00a8f1e84520e8c56500de3","name":"admin","url":"https:\/\/akunq.net\/tr\/?author=1"}]}},"_links":{"self":[{"href":"https:\/\/akunq.net\/tr\/index.php?rest_route=\/wp\/v2\/posts\/85306","targetHints":{"allow":["GET"]}}],"collection":[{"href":"https:\/\/akunq.net\/tr\/index.php?rest_route=\/wp\/v2\/posts"}],"about":[{"href":"https:\/\/akunq.net\/tr\/index.php?rest_route=\/wp\/v2\/types\/post"}],"author":[{"embeddable":true,"href":"https:\/\/akunq.net\/tr\/index.php?rest_route=\/wp\/v2\/users\/1"}],"replies":[{"embeddable":true,"href":"https:\/\/akunq.net\/tr\/index.php?rest_route=%2Fwp%2Fv2%2Fcomments&post=85306"}],"version-history":[{"count":1,"href":"https:\/\/akunq.net\/tr\/index.php?rest_route=\/wp\/v2\/posts\/85306\/revisions"}],"predecessor-version":[{"id":85308,"href":"https:\/\/akunq.net\/tr\/index.php?rest_route=\/wp\/v2\/posts\/85306\/revisions\/85308"}],"wp:featuredmedia":[{"embeddable":true,"href":"https:\/\/akunq.net\/tr\/index.php?rest_route=\/wp\/v2\/media\/85307"}],"wp:attachment":[{"href":"https:\/\/akunq.net\/tr\/index.php?rest_route=%2Fwp%2Fv2%2Fmedia&parent=85306"}],"wp:term":[{"taxonomy":"category","embeddable":true,"href":"https:\/\/akunq.net\/tr\/index.php?rest_route=%2Fwp%2Fv2%2Fcategories&post=85306"},{"taxonomy":"post_tag","embeddable":true,"href":"https:\/\/akunq.net\/tr\/index.php?rest_route=%2Fwp%2Fv2%2Ftags&post=85306"}],"curies":[{"name":"wp","href":"https:\/\/api.w.org\/{rel}","templated":true}]}}