{"id":85301,"date":"2026-01-29T04:42:59","date_gmt":"2026-01-29T09:42:59","guid":{"rendered":"https:\/\/akunq.net\/tr\/?p=85301"},"modified":"2026-01-29T04:42:59","modified_gmt":"2026-01-29T09:42:59","slug":"cemevleri-kulturel-tesis-ilan-edildi-alevi-kurumlarindan-karara-tepki","status":"publish","type":"post","link":"https:\/\/akunq.net\/tr\/?p=85301","title":{"rendered":"Cemevleri \u2018k\u00fclt\u00fcrel tesis\u2019 ilan edildi\u2026 Alevi kurumlar\u0131ndan karara tepki!"},"content":{"rendered":"\n<p><strong><em>\u00c7evre, \u015eehircilik ve \u0130klim De\u011fi\u015fikli\u011fi Bakanl\u0131\u011f\u0131\u2019n\u0131n Mek\u00e2nsal Planlar Yap\u0131m Y\u00f6netmeli\u011fi\u2019nde yapt\u0131\u011f\u0131 de\u011fi\u015fiklikle cemevleri, imar mevzuat\u0131nda \u201ck\u00fclt\u00fcrel tesis\u201d olarak tan\u0131mland\u0131. 22 Ocak 2026 tarihli ve 33145 say\u0131l\u0131 Resm\u00ee Gazete\u2019de yay\u0131mlanan y\u00f6netmelik, tepkilere neden oldu.<\/em><\/strong><\/p>\n\n\n\n<p>Alevi kurumlar\u0131, karar\u0131n e\u015fit yurtta\u015fl\u0131k ve inan\u00e7 \u00f6zg\u00fcrl\u00fc\u011f\u00fcn\u00fc ihlal etti\u011fini belirterek d\u00fczenlemeyi reddettiklerini a\u00e7\u0131klad\u0131.<\/p>\n\n\n\n<p>Alevi Bekta\u015fi Federasyonu, Avrupa Alevi Birlikleri Konfederasyonu, T\u00fcrkiye Alevi Federasyonu, Hac\u0131 Bekta\u015f Veli Anadolu K\u00fclt\u00fcr Vakf\u0131, Alevi K\u00fclt\u00fcr Dernekleri, Pir Sultan Abdal K\u00fclt\u00fcr Derne\u011fi ve Avustralya Alevi Bekta\u015fi Federasyonu\u2019nun ortak a\u00e7\u0131klamas\u0131nda, y\u00f6netmeli\u011fin \u201cink\u00e2r siyasetinin yeni bir ilan\u0131\u201d oldu\u011funu kaydetti.<\/p>\n\n\n\n<p><strong>\u201cCAM\u0130Y\u0130 \u2018\u0130BADET ALANI\u2019, CEMEV\u0130N\u0130 \u2018K\u00dcLT\u00dcREL TES\u0130S\u2019 SAYMAK ANAYASAL SU\u00c7\u201d<\/strong><\/p>\n\n\n\n<p>\u015eahinbey Belediyesi CHP\u2019nin \u00f6nceki d\u00f6nem Meclis \u00dcyesi U\u011fur Kalkan, de\u011fi\u015fikli\u011fi ele\u015ftirerek, \u201cResm\u00ee Gazete\u2019de yay\u0131mlanan bu yeni lejant, a\u00e7\u0131k bir ayr\u0131mc\u0131l\u0131k belgesidir. Anayasa\u2019n\u0131n 10. maddesi \u2018Kanun \u00f6n\u00fcnde e\u015fitlik\u2019 derken, 24. maddesi \u2018\u0130nan\u00e7 \u00f6zg\u00fcrl\u00fc\u011f\u00fcn\u00fc\u2019 g\u00fcvence alt\u0131na al\u0131rken; camiyi \u2018ibadet alan\u0131\u2019, cemevini \u2018k\u00fclt\u00fcrel tesis\u2019 saymak anayasal su\u00e7tur. Cemevi bir hobi alan\u0131 veya sergi salonu de\u011fil, bir inanc\u0131n merkezidir. Bir inanc\u0131 \u2018ibadet\u2019, di\u011ferini \u2018k\u00fclt\u00fcrel faaliyet\u2019 olarak kodlamak, e\u015fit yurtta\u015fl\u0131k ilkesini yok saymakt\u0131r. Tan\u0131mlama de\u011fil, tan\u0131nma istiyoruz!\u201d dedi.<\/p>\n\n\n\n<p><strong>ALEV\u0130 DERNEKLER\u0130NDEN ORTAK A\u00c7IKLAMA<\/strong><\/p>\n\n\n\n<p>Alevi Bekta\u015fi Federasyonu, Avrupa Alevi Birlikleri Konfederasyonu, T\u00fcrkiye Alevi Federasyonu, Hac\u0131 Bekta\u015f Veli Anadolu K\u00fclt\u00fcr Vakf\u0131, Alevi K\u00fclt\u00fcr Dernekleri, Pir Sultan Abdal K\u00fclt\u00fcr Derne\u011fi ve Avustralya Alevi Bekta\u015fi Federasyonu\u2019nun ortak a\u00e7\u0131klamas\u0131nda \u015fu ifadelere yer verildi:<\/p>\n\n\n\n<p>\u201c\u00c7evre, \u015eehircilik ve \u0130klim De\u011fi\u015fikli\u011fi Bakanl\u0131\u011f\u0131\u2019ndan, \u2018Mek\u00e2nsal Planlar Yap\u0131m Y\u00f6netmeli\u011finde De\u011fi\u015fiklik Yap\u0131lmas\u0131na Dair Y\u00f6netmelik\u2019 22 Ocak 2026 tarihli ve 33145 say\u0131l\u0131 Resm\u00ee Gazete\u2019de yay\u0131mland\u0131.<\/p>\n\n\n\n<p>Bu y\u00f6netmelik, Alevi toplumunun y\u0131llard\u0131r dile getirdi\u011fi taleplere bir \u00e7\u00f6z\u00fcm de\u011fil; aksine, ink\u00e2r siyasetinin yeni bir ilan\u0131d\u0131r!<\/p>\n\n\n\n<p>Cemevlerinin, imar mevzuat\u0131nda \u201cK\u00fclt\u00fcrel Tesis Alan\u0131\u201d ba\u015fl\u0131\u011f\u0131 alt\u0131nda tan\u0131mlanmas\u0131; AKP ve Saray\u2019\u0131n, Alevi inanc\u0131n\u0131 yok etmeye \u00e7al\u0131\u015ft\u0131\u011f\u0131n\u0131n ve Cemevlerini ibadethane olarak tan\u0131mlamad\u0131\u011f\u0131n\u0131n en net g\u00f6stergesidir!<\/p>\n\n\n\n<p>Aleviler i\u00e7in Cemevi bir \u2018k\u00fclt\u00fcr merkezi\u2019 de\u011fil, \u0130badethanedir!<\/p>\n\n\n\n<p>Bu konu ne y\u00f6netmeliklerle, ne de kelime de\u011fi\u015fikli\u011fi ile \u00e7\u00f6z\u00fclebilir.<\/p>\n\n\n\n<p>Cemevlerini; cami, kilise ve havran\u0131n kar\u015f\u0131s\u0131na e\u015fit bir ibadet yeri olarak koymaktan bilin\u00e7li bi\u00e7imde ka\u00e7\u0131nan bu d\u00fczenleme, e\u015fit yurtta\u015fl\u0131k ilkesini a\u00e7\u0131k\u00e7a ihlal etmektedir.<\/p>\n\n\n\n<p>Devlet, bir yandan \u2018Alevilerle A\u00e7\u0131l\u0131m\u2019 s\u00f6ylemini dola\u015f\u0131ma sokarken; Cemevlerinin sorununu \u00e7\u00f6zece\u011fiz diyerek Alevi Bekta\u015fi K\u00fclt\u00fcr ve Cemevi Ba\u015fkanl\u0131\u011f\u0131\u2019n\u0131 kurarken, di\u011fer yandan Alevilerin ibadethanesini yasalarda a\u00e7\u0131k\u00e7a belirtmekten ka\u00e7maktad\u0131r.<\/p>\n\n\n\n<p>Bu da, bir kez daha g\u00f6stermi\u015ftir ki, AKP H\u00fck\u00fcmeti ve Saray\u2019\u0131n derdi, Alevilerin taleplerini yerine getirmek de\u011fil; inanc\u0131m\u0131z\u0131 yok saymakt\u0131r.<\/p>\n\n\n\n<p>Kurulan bu yap\u0131n\u0131n, i\u015flevsiz oldu\u011fu ve kurulu\u015f amac\u0131n\u0131n da inanc\u0131m\u0131z\u0131n asimilasyonuna hizmet etti\u011fi tescillenmi\u015ftir.<\/p>\n\n\n\n<p>Bu ikiy\u00fczl\u00fc yakla\u015f\u0131m saklanamaz ve kabul edilemez.<\/p>\n\n\n\n<p>Alevi Kurumlar\u0131 olarak a\u00e7\u0131k\u00e7a ifade ediyoruz: Cemevlerinin stat\u00fcs\u00fc, y\u00f6netmeliklerle de\u011fil; inan\u00e7 \u00f6zg\u00fcrl\u00fc\u011f\u00fc ve e\u015fit yurtta\u015fl\u0131k temelinde, Anayasa\u2019ya ibadethane olarak eklenmelidir.<\/p>\n\n\n\n<p>Alevi \u0130nanc\u0131, bu \u00fclkenin asli inan\u00e7lar\u0131ndan biridir ve bu ger\u00e7ek, er ya da ge\u00e7, hukuken de kabul edilmek zorundad\u0131r.<\/p>\n\n\n\n<p>Bu d\u00fczenlemeyi reddediyoruz. Alevi toplumunun iradesini yok sayan, inanc\u0131m\u0131z\u0131 tan\u0131mayan hi\u00e7bir \u201cd\u00fczenleme\u201d bizim a\u00e7\u0131m\u0131zdan me\u015fru de\u011fildir.\u201d<\/p>\n\n\n\n<hr class=\"wp-block-separator has-alpha-channel-opacity\"\/>\n\n\n\n<p><a href=\"https:\/\/www.cumhuriyet.com.tr\/turkiye\/cemevleri-kulturel-tesis-ilan-edildi-alevi-kurumlarindan-karara-tepki-2472906\" target=\"_blank\" rel=\"noreferrer noopener\"><strong><em>Cumhuriyet Gazetesi<\/em><\/strong><\/a><\/p>\n","protected":false},"excerpt":{"rendered":"<p>\u00c7evre, \u015eehircilik ve \u0130klim De\u011fi\u015fikli\u011fi Bakanl\u0131\u011f\u0131\u2019n\u0131n Mek\u00e2nsal Planlar Yap\u0131m Y\u00f6netmeli\u011fi\u2019nde yapt\u0131\u011f\u0131 de\u011fi\u015fiklikle cemevleri, imar mevzuat\u0131nda \u201ck\u00fclt\u00fcrel tesis\u201d olarak tan\u0131mland\u0131. 22 Ocak 2026 tarihli ve 33145 say\u0131l\u0131 Resm\u00ee Gazete\u2019de yay\u0131mlanan y\u00f6netmelik, tepkilere neden oldu. Alevi kurumlar\u0131, karar\u0131n e\u015fit yurtta\u015fl\u0131k ve inan\u00e7 \u00f6zg\u00fcrl\u00fc\u011f\u00fcn\u00fc ihlal etti\u011fini belirterek d\u00fczenlemeyi reddettiklerini a\u00e7\u0131klad\u0131. Alevi Bekta\u015fi Federasyonu, Avrupa Alevi Birlikleri Konfederasyonu, T\u00fcrkiye [&hellip;]<\/p>\n","protected":false},"author":1,"featured_media":85302,"comment_status":"open","ping_status":"open","sticky":false,"template":"","format":"standard","meta":{"footnotes":""},"categories":[1,53],"tags":[],"class_list":["post-85301","post","type-post","status-publish","format-standard","has-post-thumbnail","hentry","category-haberler","category-turkiyede-azinliklar"],"yoast_head":"<!-- This site is optimized with the Yoast SEO plugin v27.4 - https:\/\/yoast.com\/product\/yoast-seo-wordpress\/ -->\n<title>Cemevleri \u2018k\u00fclt\u00fcrel tesis\u2019 ilan edildi\u2026 Alevi kurumlar\u0131ndan karara tepki! - Bati Ermenistan Ve Bati Ermenileri Sorunlari Ara\u015ftirmalar Merkezi<\/title>\n<meta name=\"robots\" content=\"index, follow, max-snippet:-1, max-image-preview:large, max-video-preview:-1\" \/>\n<link rel=\"canonical\" href=\"https:\/\/akunq.net\/tr\/?p=85301\" \/>\n<meta property=\"og:locale\" content=\"en_US\" \/>\n<meta property=\"og:type\" content=\"article\" \/>\n<meta property=\"og:title\" content=\"Cemevleri \u2018k\u00fclt\u00fcrel tesis\u2019 ilan edildi\u2026 Alevi kurumlar\u0131ndan karara tepki! - Bati Ermenistan Ve Bati Ermenileri Sorunlari Ara\u015ftirmalar Merkezi\" \/>\n<meta property=\"og:description\" content=\"\u00c7evre, \u015eehircilik ve \u0130klim De\u011fi\u015fikli\u011fi Bakanl\u0131\u011f\u0131\u2019n\u0131n Mek\u00e2nsal Planlar Yap\u0131m Y\u00f6netmeli\u011fi\u2019nde yapt\u0131\u011f\u0131 de\u011fi\u015fiklikle cemevleri, imar mevzuat\u0131nda \u201ck\u00fclt\u00fcrel tesis\u201d olarak tan\u0131mland\u0131. 22 Ocak 2026 tarihli ve 33145 say\u0131l\u0131 Resm\u00ee Gazete\u2019de yay\u0131mlanan y\u00f6netmelik, tepkilere neden oldu. Alevi kurumlar\u0131, karar\u0131n e\u015fit yurtta\u015fl\u0131k ve inan\u00e7 \u00f6zg\u00fcrl\u00fc\u011f\u00fcn\u00fc ihlal etti\u011fini belirterek d\u00fczenlemeyi reddettiklerini a\u00e7\u0131klad\u0131. Alevi Bekta\u015fi Federasyonu, Avrupa Alevi Birlikleri Konfederasyonu, T\u00fcrkiye [&hellip;]\" \/>\n<meta property=\"og:url\" content=\"https:\/\/akunq.net\/tr\/?p=85301\" \/>\n<meta property=\"og:site_name\" content=\"Bati Ermenistan Ve Bati Ermenileri Sorunlari Ara\u015ftirmalar Merkezi\" \/>\n<meta property=\"article:published_time\" content=\"2026-01-29T09:42:59+00:00\" \/>\n<meta property=\"og:image\" content=\"https:\/\/akunq.net\/tr\/wp-content\/uploads\/sites\/6\/2026\/01\/cemevi.webp\" \/>\n\t<meta property=\"og:image:width\" content=\"1280\" \/>\n\t<meta property=\"og:image:height\" content=\"720\" \/>\n\t<meta property=\"og:image:type\" content=\"image\/webp\" \/>\n<meta name=\"author\" content=\"admin\" \/>\n<meta name=\"twitter:card\" content=\"summary_large_image\" \/>\n<meta name=\"twitter:label1\" content=\"Written by\" \/>\n\t<meta name=\"twitter:data1\" content=\"admin\" \/>\n\t<meta name=\"twitter:label2\" content=\"Est. reading time\" \/>\n\t<meta name=\"twitter:data2\" content=\"3 minutes\" \/>\n<script type=\"application\/ld+json\" class=\"yoast-schema-graph\">{\"@context\":\"https:\\\/\\\/schema.org\",\"@graph\":[{\"@type\":\"Article\",\"@id\":\"https:\\\/\\\/akunq.net\\\/tr\\\/?p=85301#article\",\"isPartOf\":{\"@id\":\"https:\\\/\\\/akunq.net\\\/tr\\\/?p=85301\"},\"author\":{\"name\":\"admin\",\"@id\":\"https:\\\/\\\/akunq.net\\\/tr\\\/#\\\/schema\\\/person\\\/42a46675f00a8f1e84520e8c56500de3\"},\"headline\":\"Cemevleri \u2018k\u00fclt\u00fcrel tesis\u2019 ilan edildi\u2026 Alevi kurumlar\u0131ndan karara tepki!\",\"datePublished\":\"2026-01-29T09:42:59+00:00\",\"mainEntityOfPage\":{\"@id\":\"https:\\\/\\\/akunq.net\\\/tr\\\/?p=85301\"},\"wordCount\":669,\"commentCount\":0,\"image\":{\"@id\":\"https:\\\/\\\/akunq.net\\\/tr\\\/?p=85301#primaryimage\"},\"thumbnailUrl\":\"https:\\\/\\\/akunq.net\\\/tr\\\/wp-content\\\/uploads\\\/sites\\\/6\\\/2026\\\/01\\\/cemevi.webp\",\"articleSection\":[\"Haberler\",\"T\u00fcrkiye\u2019de Az\u0131nl\u0131klar\"],\"inLanguage\":\"en-US\",\"potentialAction\":[{\"@type\":\"CommentAction\",\"name\":\"Comment\",\"target\":[\"https:\\\/\\\/akunq.net\\\/tr\\\/?p=85301#respond\"]}]},{\"@type\":\"WebPage\",\"@id\":\"https:\\\/\\\/akunq.net\\\/tr\\\/?p=85301\",\"url\":\"https:\\\/\\\/akunq.net\\\/tr\\\/?p=85301\",\"name\":\"Cemevleri \u2018k\u00fclt\u00fcrel tesis\u2019 ilan edildi\u2026 Alevi kurumlar\u0131ndan karara tepki! - Bati Ermenistan Ve Bati Ermenileri Sorunlari Ara\u015ftirmalar Merkezi\",\"isPartOf\":{\"@id\":\"https:\\\/\\\/akunq.net\\\/tr\\\/#website\"},\"primaryImageOfPage\":{\"@id\":\"https:\\\/\\\/akunq.net\\\/tr\\\/?p=85301#primaryimage\"},\"image\":{\"@id\":\"https:\\\/\\\/akunq.net\\\/tr\\\/?p=85301#primaryimage\"},\"thumbnailUrl\":\"https:\\\/\\\/akunq.net\\\/tr\\\/wp-content\\\/uploads\\\/sites\\\/6\\\/2026\\\/01\\\/cemevi.webp\",\"datePublished\":\"2026-01-29T09:42:59+00:00\",\"author\":{\"@id\":\"https:\\\/\\\/akunq.net\\\/tr\\\/#\\\/schema\\\/person\\\/42a46675f00a8f1e84520e8c56500de3\"},\"breadcrumb\":{\"@id\":\"https:\\\/\\\/akunq.net\\\/tr\\\/?p=85301#breadcrumb\"},\"inLanguage\":\"en-US\",\"potentialAction\":[{\"@type\":\"ReadAction\",\"target\":[\"https:\\\/\\\/akunq.net\\\/tr\\\/?p=85301\"]}]},{\"@type\":\"ImageObject\",\"inLanguage\":\"en-US\",\"@id\":\"https:\\\/\\\/akunq.net\\\/tr\\\/?p=85301#primaryimage\",\"url\":\"https:\\\/\\\/akunq.net\\\/tr\\\/wp-content\\\/uploads\\\/sites\\\/6\\\/2026\\\/01\\\/cemevi.webp\",\"contentUrl\":\"https:\\\/\\\/akunq.net\\\/tr\\\/wp-content\\\/uploads\\\/sites\\\/6\\\/2026\\\/01\\\/cemevi.webp\",\"width\":1280,\"height\":720},{\"@type\":\"BreadcrumbList\",\"@id\":\"https:\\\/\\\/akunq.net\\\/tr\\\/?p=85301#breadcrumb\",\"itemListElement\":[{\"@type\":\"ListItem\",\"position\":1,\"name\":\"Home\",\"item\":\"https:\\\/\\\/akunq.net\\\/tr\"},{\"@type\":\"ListItem\",\"position\":2,\"name\":\"Cemevleri \u2018k\u00fclt\u00fcrel tesis\u2019 ilan edildi\u2026 Alevi kurumlar\u0131ndan karara tepki!\"}]},{\"@type\":\"WebSite\",\"@id\":\"https:\\\/\\\/akunq.net\\\/tr\\\/#website\",\"url\":\"https:\\\/\\\/akunq.net\\\/tr\\\/\",\"name\":\"Bati Ermenistan Ve Bati Ermenileri Sorunlari Ara\u015ftirmalar Merkezi\",\"description\":\"\",\"potentialAction\":[{\"@type\":\"SearchAction\",\"target\":{\"@type\":\"EntryPoint\",\"urlTemplate\":\"https:\\\/\\\/akunq.net\\\/tr\\\/?s={search_term_string}\"},\"query-input\":{\"@type\":\"PropertyValueSpecification\",\"valueRequired\":true,\"valueName\":\"search_term_string\"}}],\"inLanguage\":\"en-US\"},{\"@type\":\"Person\",\"@id\":\"https:\\\/\\\/akunq.net\\\/tr\\\/#\\\/schema\\\/person\\\/42a46675f00a8f1e84520e8c56500de3\",\"name\":\"admin\",\"url\":\"https:\\\/\\\/akunq.net\\\/tr\\\/?author=1\"}]}<\/script>\n<!-- \/ Yoast SEO plugin. -->","yoast_head_json":{"title":"Cemevleri \u2018k\u00fclt\u00fcrel tesis\u2019 ilan edildi\u2026 Alevi kurumlar\u0131ndan karara tepki! - Bati Ermenistan Ve Bati Ermenileri Sorunlari Ara\u015ftirmalar Merkezi","robots":{"index":"index","follow":"follow","max-snippet":"max-snippet:-1","max-image-preview":"max-image-preview:large","max-video-preview":"max-video-preview:-1"},"canonical":"https:\/\/akunq.net\/tr\/?p=85301","og_locale":"en_US","og_type":"article","og_title":"Cemevleri \u2018k\u00fclt\u00fcrel tesis\u2019 ilan edildi\u2026 Alevi kurumlar\u0131ndan karara tepki! - Bati Ermenistan Ve Bati Ermenileri Sorunlari Ara\u015ftirmalar Merkezi","og_description":"\u00c7evre, \u015eehircilik ve \u0130klim De\u011fi\u015fikli\u011fi Bakanl\u0131\u011f\u0131\u2019n\u0131n Mek\u00e2nsal Planlar Yap\u0131m Y\u00f6netmeli\u011fi\u2019nde yapt\u0131\u011f\u0131 de\u011fi\u015fiklikle cemevleri, imar mevzuat\u0131nda \u201ck\u00fclt\u00fcrel tesis\u201d olarak tan\u0131mland\u0131. 22 Ocak 2026 tarihli ve 33145 say\u0131l\u0131 Resm\u00ee Gazete\u2019de yay\u0131mlanan y\u00f6netmelik, tepkilere neden oldu. Alevi kurumlar\u0131, karar\u0131n e\u015fit yurtta\u015fl\u0131k ve inan\u00e7 \u00f6zg\u00fcrl\u00fc\u011f\u00fcn\u00fc ihlal etti\u011fini belirterek d\u00fczenlemeyi reddettiklerini a\u00e7\u0131klad\u0131. Alevi Bekta\u015fi Federasyonu, Avrupa Alevi Birlikleri Konfederasyonu, T\u00fcrkiye [&hellip;]","og_url":"https:\/\/akunq.net\/tr\/?p=85301","og_site_name":"Bati Ermenistan Ve Bati Ermenileri Sorunlari Ara\u015ftirmalar Merkezi","article_published_time":"2026-01-29T09:42:59+00:00","og_image":[{"width":1280,"height":720,"url":"https:\/\/akunq.net\/tr\/wp-content\/uploads\/sites\/6\/2026\/01\/cemevi.webp","type":"image\/webp"}],"author":"admin","twitter_card":"summary_large_image","twitter_misc":{"Written by":"admin","Est. reading time":"3 minutes"},"schema":{"@context":"https:\/\/schema.org","@graph":[{"@type":"Article","@id":"https:\/\/akunq.net\/tr\/?p=85301#article","isPartOf":{"@id":"https:\/\/akunq.net\/tr\/?p=85301"},"author":{"name":"admin","@id":"https:\/\/akunq.net\/tr\/#\/schema\/person\/42a46675f00a8f1e84520e8c56500de3"},"headline":"Cemevleri \u2018k\u00fclt\u00fcrel tesis\u2019 ilan edildi\u2026 Alevi kurumlar\u0131ndan karara tepki!","datePublished":"2026-01-29T09:42:59+00:00","mainEntityOfPage":{"@id":"https:\/\/akunq.net\/tr\/?p=85301"},"wordCount":669,"commentCount":0,"image":{"@id":"https:\/\/akunq.net\/tr\/?p=85301#primaryimage"},"thumbnailUrl":"https:\/\/akunq.net\/tr\/wp-content\/uploads\/sites\/6\/2026\/01\/cemevi.webp","articleSection":["Haberler","T\u00fcrkiye\u2019de Az\u0131nl\u0131klar"],"inLanguage":"en-US","potentialAction":[{"@type":"CommentAction","name":"Comment","target":["https:\/\/akunq.net\/tr\/?p=85301#respond"]}]},{"@type":"WebPage","@id":"https:\/\/akunq.net\/tr\/?p=85301","url":"https:\/\/akunq.net\/tr\/?p=85301","name":"Cemevleri \u2018k\u00fclt\u00fcrel tesis\u2019 ilan edildi\u2026 Alevi kurumlar\u0131ndan karara tepki! - Bati Ermenistan Ve Bati Ermenileri Sorunlari Ara\u015ftirmalar Merkezi","isPartOf":{"@id":"https:\/\/akunq.net\/tr\/#website"},"primaryImageOfPage":{"@id":"https:\/\/akunq.net\/tr\/?p=85301#primaryimage"},"image":{"@id":"https:\/\/akunq.net\/tr\/?p=85301#primaryimage"},"thumbnailUrl":"https:\/\/akunq.net\/tr\/wp-content\/uploads\/sites\/6\/2026\/01\/cemevi.webp","datePublished":"2026-01-29T09:42:59+00:00","author":{"@id":"https:\/\/akunq.net\/tr\/#\/schema\/person\/42a46675f00a8f1e84520e8c56500de3"},"breadcrumb":{"@id":"https:\/\/akunq.net\/tr\/?p=85301#breadcrumb"},"inLanguage":"en-US","potentialAction":[{"@type":"ReadAction","target":["https:\/\/akunq.net\/tr\/?p=85301"]}]},{"@type":"ImageObject","inLanguage":"en-US","@id":"https:\/\/akunq.net\/tr\/?p=85301#primaryimage","url":"https:\/\/akunq.net\/tr\/wp-content\/uploads\/sites\/6\/2026\/01\/cemevi.webp","contentUrl":"https:\/\/akunq.net\/tr\/wp-content\/uploads\/sites\/6\/2026\/01\/cemevi.webp","width":1280,"height":720},{"@type":"BreadcrumbList","@id":"https:\/\/akunq.net\/tr\/?p=85301#breadcrumb","itemListElement":[{"@type":"ListItem","position":1,"name":"Home","item":"https:\/\/akunq.net\/tr"},{"@type":"ListItem","position":2,"name":"Cemevleri \u2018k\u00fclt\u00fcrel tesis\u2019 ilan edildi\u2026 Alevi kurumlar\u0131ndan karara tepki!"}]},{"@type":"WebSite","@id":"https:\/\/akunq.net\/tr\/#website","url":"https:\/\/akunq.net\/tr\/","name":"Bati Ermenistan Ve Bati Ermenileri Sorunlari Ara\u015ftirmalar Merkezi","description":"","potentialAction":[{"@type":"SearchAction","target":{"@type":"EntryPoint","urlTemplate":"https:\/\/akunq.net\/tr\/?s={search_term_string}"},"query-input":{"@type":"PropertyValueSpecification","valueRequired":true,"valueName":"search_term_string"}}],"inLanguage":"en-US"},{"@type":"Person","@id":"https:\/\/akunq.net\/tr\/#\/schema\/person\/42a46675f00a8f1e84520e8c56500de3","name":"admin","url":"https:\/\/akunq.net\/tr\/?author=1"}]}},"_links":{"self":[{"href":"https:\/\/akunq.net\/tr\/index.php?rest_route=\/wp\/v2\/posts\/85301","targetHints":{"allow":["GET"]}}],"collection":[{"href":"https:\/\/akunq.net\/tr\/index.php?rest_route=\/wp\/v2\/posts"}],"about":[{"href":"https:\/\/akunq.net\/tr\/index.php?rest_route=\/wp\/v2\/types\/post"}],"author":[{"embeddable":true,"href":"https:\/\/akunq.net\/tr\/index.php?rest_route=\/wp\/v2\/users\/1"}],"replies":[{"embeddable":true,"href":"https:\/\/akunq.net\/tr\/index.php?rest_route=%2Fwp%2Fv2%2Fcomments&post=85301"}],"version-history":[{"count":1,"href":"https:\/\/akunq.net\/tr\/index.php?rest_route=\/wp\/v2\/posts\/85301\/revisions"}],"predecessor-version":[{"id":85303,"href":"https:\/\/akunq.net\/tr\/index.php?rest_route=\/wp\/v2\/posts\/85301\/revisions\/85303"}],"wp:featuredmedia":[{"embeddable":true,"href":"https:\/\/akunq.net\/tr\/index.php?rest_route=\/wp\/v2\/media\/85302"}],"wp:attachment":[{"href":"https:\/\/akunq.net\/tr\/index.php?rest_route=%2Fwp%2Fv2%2Fmedia&parent=85301"}],"wp:term":[{"taxonomy":"category","embeddable":true,"href":"https:\/\/akunq.net\/tr\/index.php?rest_route=%2Fwp%2Fv2%2Fcategories&post=85301"},{"taxonomy":"post_tag","embeddable":true,"href":"https:\/\/akunq.net\/tr\/index.php?rest_route=%2Fwp%2Fv2%2Ftags&post=85301"}],"curies":[{"name":"wp","href":"https:\/\/api.w.org\/{rel}","templated":true}]}}