{"id":85298,"date":"2026-01-29T04:36:28","date_gmt":"2026-01-29T09:36:28","guid":{"rendered":"https:\/\/akunq.net\/tr\/?p=85298"},"modified":"2026-01-29T04:36:29","modified_gmt":"2026-01-29T09:36:29","slug":"alevi-orgutleri-alevilerin-sesini-duyun","status":"publish","type":"post","link":"https:\/\/akunq.net\/tr\/?p=85298","title":{"rendered":"Alevi \u00f6rg\u00fctleri: Alevilerin sesini duyun"},"content":{"rendered":"\n<p><strong><em>Alevi \u00f6rg\u00fctleri, hem T\u00fcrkiye\u2019de hem de Suriye\u2019de Alevilere y\u00f6nelik sald\u0131r\u0131lar\u0131n ve hak ihlallerinin medyada g\u00f6rmezden gelindi\u011fini belirtti. Aleviler, \u201cKatliamlar ya\u015fan\u0131yor, kad\u0131nlar ka\u00e7\u0131r\u0131l\u0131yor ancak medya susuyor\u201d tepkisini g\u00f6sterdi.<\/em><\/strong><\/p>\n\n\n\n<p>Alevi \u00f6rg\u00fctleri, Suriye\u2019de HT\u015e\u2019nin Aleviler, K\u00fcrtler ve farkl\u0131 inan\u00e7 gruplar\u0131na y\u00f6nelik sald\u0131r\u0131lar\u0131na dikkat \u00e7ekerek, ya\u015fananlar\u0131n T\u00fcrkiye medyas\u0131nda yeterince yer bulmamas\u0131n\u0131n ciddi bir endi\u015fe kayna\u011f\u0131 oldu\u011funu vurgulad\u0131. \u00d6rg\u00fctler, nefret s\u00f6ylemi ve sald\u0131r\u0131larla ilgili 100\u2019e yak\u0131n su\u00e7 duyurusunda bulunmalar\u0131na ra\u011fmen herhangi bir ad\u0131m at\u0131lmad\u0131\u011f\u0131n\u0131 da a\u00e7\u0131klad\u0131.<\/p>\n\n\n\n<p>Alevi Bekta\u015fi Federasyonu, T\u00fcrkiye Alevi Federasyonu, Hac\u0131 Bekta\u015f Veli Anadolu K\u00fclt\u00fcr Vakf\u0131, Alevi K\u00fclt\u00fcr Dernekleri ve Pir Sultan Abdal K\u00fclt\u00fcr Derne\u011fi Alevi toplumunun g\u00fcncel taleplerine il\u015fkin g\u00f6r\u00fc\u015flerini payla\u015fmak \u00fczere Taksim\u2019de bir bas\u0131n toplant\u0131s\u0131 d\u00fczenledi.<\/p>\n\n\n\n<p><strong>\u201cSOYKIRIM G\u00d6RMEZDEN GEL\u0130N\u0130YOR\u201d<\/strong><\/p>\n\n\n\n<p>Toplant\u0131da konu\u015fan Alevi Bekta\u015fi Federasyonu Genel Ba\u015fkan\u0131 Mustafa Aslan, Alevi kurumlar\u0131n\u0131n y\u00fcr\u00fctt\u00fc\u011f\u00fc m\u00fccadelenin bas\u0131nda yeterince yer almamas\u0131n\u0131n kayg\u0131 verici oldu\u011funu s\u00f6yledi. Aslan, \u201cSuriye\u2019de HT\u015e \u00e7etelerinin uygulad\u0131\u011f\u0131 katliamlar\u0131 hepimiz g\u00f6r\u00fcyoruz. Aleviler katlediliyor, topraklar\u0131ndan ediliyor. Kad\u0131nlar ka\u00e7\u0131r\u0131l\u0131yor, tecav\u00fcze u\u011fruyor. Bu bir soyk\u0131r\u0131md\u0131r ve biz bunu d\u00fcnyaya anlatmaya \u00e7al\u0131\u015ft\u0131k. Ancak T\u00fcrkiye\u2019de medya bu soyk\u0131r\u0131m\u0131 g\u00f6rmedi\u201d dedi. HT\u015e\u2019nin yaln\u0131zca Alevileri de\u011fil, D\u00fcrzileri, Hristiyanlar\u0131, K\u00fcrtleri ve sek\u00fcler kesimleri de hedef ald\u0131\u011f\u0131n\u0131 vurgulayan Aslan, \u201cBu katliamc\u0131 yap\u0131n\u0131n bug\u00fcn kravat takarak \u00fclke temsilcisi gibi sunulmas\u0131 kabul edilemez\u201d diye konu\u015ftu.<\/p>\n\n\n\n<p><strong>\u201cKADINLAR KA\u00c7IRILIYOR\u201d<\/strong><\/p>\n\n\n\n<p>Kendilerinin Meclis\u2019te de bu endi\u015felerini dile getirdi\u011fini aktaran Aslan, \u201cAKP Grup Ba\u015fkan\u0131 Leyla \u015eahin Usta Alevilerin katledilmesini savunan bir a\u00e7\u0131klama yapt\u0131. \u0130nsani yard\u0131m koridorunun a\u00e7\u0131lmas\u0131 ve bir g\u00f6zlem heyetinin b\u00f6lgeye gitmesini istedik ancak h\u00e2l\u00e2 bir cevap gelmedi. Ancak bu \u00fclkenin D\u0131\u015fi\u015fleri Bakan\u0131 her g\u00fcn selefi \u00e7etelerle g\u00f6r\u00fc\u015f\u00fcyor. Alevi kad\u0131nlar\u0131n\u0131n ka\u00e7\u0131r\u0131larak cariye olarak sat\u0131ld\u0131\u011f\u0131 haberlerini duyurduk, medyada yer almad\u0131. S\u0131n\u0131rda a\u00e7\u0131klama yapt\u0131k, medya g\u00f6rmedi. AKP iktidar\u0131n\u0131n son bir y\u0131lda Alevilere y\u00f6nelik yapt\u0131klar\u0131 a\u00e7\u0131kmalarda kin ve nefreti defalarca dile getirdik. E\u015fit yurtta\u015fl\u0131k talebimizi bile ter\u00f6rize eden bir iktidarla kar\u015f\u0131 kar\u015f\u0131ya kald\u0131k\u201d diye konu\u015ftu.<\/p>\n\n\n\n<p>K\u0130MSEN\u0130N HADD\u0130 DE\u011e\u0130L!<\/p>\n\n\n\n<p>\u0130ktidar\u0131n son d\u00f6nemde bir karde\u015f muhabbeti tutturdu\u011funu s\u00f6yleyen Aslan, \u015f\u00f6yle devam etti:<\/p>\n\n\n\n<p>\u201cAlevi karde\u015fim, K\u00fcrt karde\u015fim deyip karde\u015flerinin ya\u015fad\u0131klar\u0131n\u0131 g\u00f6rmemesi bunun ne kadar hamaset oldu\u011funu g\u00f6steriyor. Hac\u0131bekta\u015f\u2019ta a\u00e7\u0131lan Cemevinde \u2018Biz bu binada Alevilere ger\u00e7ek Alevili\u011fi \u00f6\u011fretece\u011fiz\u2019 dediler. Buna kimsenin haddi olmayaca\u011f\u0131n\u0131 s\u00f6ylemememize ra\u011fmen h\u00e2l\u00e2 bunu s\u00f6yleyen bir iktidarla kar\u015f\u0131 kar\u015f\u0131yay\u0131z. \u00c7evre ve \u015eehircilik Bakanl\u0131\u011f\u0131 son y\u00f6netmenli\u011finde Cemevlerini k\u00fclt\u00fcr merkezi olarak tarif ediyor. Bu durum Alevi ba\u015fkanl\u0131\u011f\u0131n\u0131n ne i\u00e7in kuruldu\u011funu da ortaya koyuyor. Alevilerin ad\u0131na iktidar\u0131n kurdu\u011fu bir ba\u015fkanl\u0131\u011f\u0131n Alevilerin Cemevlerini k\u00fclt\u00fcr merkezi olarak g\u00f6rmesi bir ink\u00e2r merkezi oldu\u011funu da ortaya koyuyor. Biz bu \u00fclkenin vatanda\u015f\u0131y\u0131z ve bir ayr\u0131ma u\u011framamam\u0131z gerekti\u011fini hat\u0131rlat\u0131yoruz. Bizi g\u00f6rmeyen medya kurumlar\u0131na da boykotsa boykot te\u015fhirse te\u015fhir uygulamak gerekti\u011fini ifade ediyorum.\u201d<\/p>\n\n\n\n<p><strong>100 SU\u00c7 DUYURUSU, SIFIR \u0130\u015eLEM<\/strong><\/p>\n\n\n\n<p>T\u00fcrkiye Alevi Federasyonu Ba\u015fkan\u0131 Zeynel Abidin Ko\u00e7 da I\u015e\u0130D \u00e7etelerinin art\u0131k s\u0131n\u0131r kom\u015fusu oldu\u011funu vurgulayarak, \u201cBunu g\u00f6rmek laz\u0131m. Cumhuriyet S\u00fcnnili\u011fi de asl\u0131nda yok ediliyor. Bug\u00fcn Alevilerin 100\u2019\u00fc a\u015fk\u0131n su\u00e7 duyurusu var ama bir tane i\u015fleme al\u0131nm\u0131\u015f yok. Bir tane su\u00e7lu yok mu yani. Ama bize kar\u015f\u0131 yap\u0131lan su\u00e7 duyurular\u0131n\u0131 hemen i\u015fleme koyuyorlar. Bu \u00e7ok rahats\u0131z edici bir \u015fey\u201d ifadelerini kulland\u0131.<\/p>\n\n\n\n<p><strong>BASIN I\u015e\u0130D SUBAYI G\u0130B\u0130<\/strong><\/p>\n\n\n\n<p>Pir Sultan Abdal K\u00fclt\u00fcr Derne\u011fi Genel Ba\u015fkan\u0131 Cuma Er\u00e7e ise \u015funlar\u0131 kaydetti:<\/p>\n\n\n\n<p>\u201cYanda\u015f bas\u0131n\u0131n Suriye\u2019deki \u00e7etelerin bir subay\u0131 gibi hareket etti\u011fini g\u00f6r\u00fcyoruz. Bir bas\u0131n yay\u0131n organ\u0131n\u0131n \u00f6ld\u00fcr\u00fclen bir kad\u0131n\u0131n binadan a\u015fa\u011f\u0131 at\u0131ld\u0131\u011f\u0131 haberini ya da bir kad\u0131n\u0131n sa\u00e7\u0131n\u0131n kesilmesi haberini verme bi\u00e7imlerinin asl\u0131nda neye hizmet etti\u011fini g\u00f6r\u00fcyoruz. Art\u0131k kom\u015fumuz olan yer Suriye de\u011fil \u0130srail, ABD ve \u0130\u015e\u0130D \u00e7eteleri den olu\u015fturulmu\u015f bir katil \u00f6rg\u00fct\u00fc. Bas\u0131n\u0131n ilk akla getirmesi gereken \u015fey 10 Ekim Katliam\u0131, Y\u0131lba\u015f\u0131 katliam\u0131, Yalova\u2019daki sald\u0131r\u0131 olmal\u0131. Bas\u0131n\u0131n bunlar\u0131 halka do\u011fru anlatmas\u0131 gerekiyor.\u201d<\/p>\n\n\n\n<hr class=\"wp-block-separator has-alpha-channel-opacity\"\/>\n\n\n\n<p><a href=\"https:\/\/www.birgun.net\/haber\/alevi-orgutleri-alevilerin-sesini-duyun-687702\" target=\"_blank\" rel=\"noreferrer noopener\"><strong><em>BirG\u00fcn Gazetesi<\/em><\/strong><\/a><\/p>\n","protected":false},"excerpt":{"rendered":"<p>Alevi \u00f6rg\u00fctleri, hem T\u00fcrkiye\u2019de hem de Suriye\u2019de Alevilere y\u00f6nelik sald\u0131r\u0131lar\u0131n ve hak ihlallerinin medyada g\u00f6rmezden gelindi\u011fini belirtti. Aleviler, \u201cKatliamlar ya\u015fan\u0131yor, kad\u0131nlar ka\u00e7\u0131r\u0131l\u0131yor ancak medya susuyor\u201d tepkisini g\u00f6sterdi. Alevi \u00f6rg\u00fctleri, Suriye\u2019de HT\u015e\u2019nin Aleviler, K\u00fcrtler ve farkl\u0131 inan\u00e7 gruplar\u0131na y\u00f6nelik sald\u0131r\u0131lar\u0131na dikkat \u00e7ekerek, ya\u015fananlar\u0131n T\u00fcrkiye medyas\u0131nda yeterince yer bulmamas\u0131n\u0131n ciddi bir endi\u015fe kayna\u011f\u0131 oldu\u011funu vurgulad\u0131. \u00d6rg\u00fctler, nefret [&hellip;]<\/p>\n","protected":false},"author":1,"featured_media":85299,"comment_status":"open","ping_status":"open","sticky":false,"template":"","format":"standard","meta":{"footnotes":""},"categories":[1,53],"tags":[],"class_list":["post-85298","post","type-post","status-publish","format-standard","has-post-thumbnail","hentry","category-haberler","category-turkiyede-azinliklar"],"yoast_head":"<!-- This site is optimized with the Yoast SEO plugin v27.4 - https:\/\/yoast.com\/product\/yoast-seo-wordpress\/ -->\n<title>Alevi \u00f6rg\u00fctleri: Alevilerin sesini duyun - Bati Ermenistan Ve Bati Ermenileri Sorunlari Ara\u015ftirmalar Merkezi<\/title>\n<meta name=\"robots\" content=\"index, follow, max-snippet:-1, max-image-preview:large, max-video-preview:-1\" \/>\n<link rel=\"canonical\" href=\"https:\/\/akunq.net\/tr\/?p=85298\" \/>\n<meta property=\"og:locale\" content=\"en_US\" \/>\n<meta property=\"og:type\" content=\"article\" \/>\n<meta property=\"og:title\" content=\"Alevi \u00f6rg\u00fctleri: Alevilerin sesini duyun - Bati Ermenistan Ve Bati Ermenileri Sorunlari Ara\u015ftirmalar Merkezi\" \/>\n<meta property=\"og:description\" content=\"Alevi \u00f6rg\u00fctleri, hem T\u00fcrkiye\u2019de hem de Suriye\u2019de Alevilere y\u00f6nelik sald\u0131r\u0131lar\u0131n ve hak ihlallerinin medyada g\u00f6rmezden gelindi\u011fini belirtti. Aleviler, \u201cKatliamlar ya\u015fan\u0131yor, kad\u0131nlar ka\u00e7\u0131r\u0131l\u0131yor ancak medya susuyor\u201d tepkisini g\u00f6sterdi. Alevi \u00f6rg\u00fctleri, Suriye\u2019de HT\u015e\u2019nin Aleviler, K\u00fcrtler ve farkl\u0131 inan\u00e7 gruplar\u0131na y\u00f6nelik sald\u0131r\u0131lar\u0131na dikkat \u00e7ekerek, ya\u015fananlar\u0131n T\u00fcrkiye medyas\u0131nda yeterince yer bulmamas\u0131n\u0131n ciddi bir endi\u015fe kayna\u011f\u0131 oldu\u011funu vurgulad\u0131. \u00d6rg\u00fctler, nefret [&hellip;]\" \/>\n<meta property=\"og:url\" content=\"https:\/\/akunq.net\/tr\/?p=85298\" \/>\n<meta property=\"og:site_name\" content=\"Bati Ermenistan Ve Bati Ermenileri Sorunlari Ara\u015ftirmalar Merkezi\" \/>\n<meta property=\"article:published_time\" content=\"2026-01-29T09:36:28+00:00\" \/>\n<meta property=\"article:modified_time\" content=\"2026-01-29T09:36:29+00:00\" \/>\n<meta property=\"og:image\" content=\"https:\/\/akunq.net\/tr\/wp-content\/uploads\/sites\/6\/2026\/01\/alevi.webp\" \/>\n\t<meta property=\"og:image:width\" content=\"1280\" \/>\n\t<meta property=\"og:image:height\" content=\"720\" \/>\n\t<meta property=\"og:image:type\" content=\"image\/webp\" \/>\n<meta name=\"author\" content=\"admin\" \/>\n<meta name=\"twitter:card\" content=\"summary_large_image\" \/>\n<meta name=\"twitter:label1\" content=\"Written by\" \/>\n\t<meta name=\"twitter:data1\" content=\"admin\" \/>\n\t<meta name=\"twitter:label2\" content=\"Est. reading time\" \/>\n\t<meta name=\"twitter:data2\" content=\"3 minutes\" \/>\n<script type=\"application\/ld+json\" class=\"yoast-schema-graph\">{\"@context\":\"https:\\\/\\\/schema.org\",\"@graph\":[{\"@type\":\"Article\",\"@id\":\"https:\\\/\\\/akunq.net\\\/tr\\\/?p=85298#article\",\"isPartOf\":{\"@id\":\"https:\\\/\\\/akunq.net\\\/tr\\\/?p=85298\"},\"author\":{\"name\":\"admin\",\"@id\":\"https:\\\/\\\/akunq.net\\\/tr\\\/#\\\/schema\\\/person\\\/42a46675f00a8f1e84520e8c56500de3\"},\"headline\":\"Alevi \u00f6rg\u00fctleri: Alevilerin sesini duyun\",\"datePublished\":\"2026-01-29T09:36:28+00:00\",\"dateModified\":\"2026-01-29T09:36:29+00:00\",\"mainEntityOfPage\":{\"@id\":\"https:\\\/\\\/akunq.net\\\/tr\\\/?p=85298\"},\"wordCount\":840,\"commentCount\":0,\"image\":{\"@id\":\"https:\\\/\\\/akunq.net\\\/tr\\\/?p=85298#primaryimage\"},\"thumbnailUrl\":\"https:\\\/\\\/akunq.net\\\/tr\\\/wp-content\\\/uploads\\\/sites\\\/6\\\/2026\\\/01\\\/alevi.webp\",\"articleSection\":[\"Haberler\",\"T\u00fcrkiye\u2019de Az\u0131nl\u0131klar\"],\"inLanguage\":\"en-US\",\"potentialAction\":[{\"@type\":\"CommentAction\",\"name\":\"Comment\",\"target\":[\"https:\\\/\\\/akunq.net\\\/tr\\\/?p=85298#respond\"]}]},{\"@type\":\"WebPage\",\"@id\":\"https:\\\/\\\/akunq.net\\\/tr\\\/?p=85298\",\"url\":\"https:\\\/\\\/akunq.net\\\/tr\\\/?p=85298\",\"name\":\"Alevi \u00f6rg\u00fctleri: Alevilerin sesini duyun - Bati Ermenistan Ve Bati Ermenileri Sorunlari Ara\u015ftirmalar Merkezi\",\"isPartOf\":{\"@id\":\"https:\\\/\\\/akunq.net\\\/tr\\\/#website\"},\"primaryImageOfPage\":{\"@id\":\"https:\\\/\\\/akunq.net\\\/tr\\\/?p=85298#primaryimage\"},\"image\":{\"@id\":\"https:\\\/\\\/akunq.net\\\/tr\\\/?p=85298#primaryimage\"},\"thumbnailUrl\":\"https:\\\/\\\/akunq.net\\\/tr\\\/wp-content\\\/uploads\\\/sites\\\/6\\\/2026\\\/01\\\/alevi.webp\",\"datePublished\":\"2026-01-29T09:36:28+00:00\",\"dateModified\":\"2026-01-29T09:36:29+00:00\",\"author\":{\"@id\":\"https:\\\/\\\/akunq.net\\\/tr\\\/#\\\/schema\\\/person\\\/42a46675f00a8f1e84520e8c56500de3\"},\"breadcrumb\":{\"@id\":\"https:\\\/\\\/akunq.net\\\/tr\\\/?p=85298#breadcrumb\"},\"inLanguage\":\"en-US\",\"potentialAction\":[{\"@type\":\"ReadAction\",\"target\":[\"https:\\\/\\\/akunq.net\\\/tr\\\/?p=85298\"]}]},{\"@type\":\"ImageObject\",\"inLanguage\":\"en-US\",\"@id\":\"https:\\\/\\\/akunq.net\\\/tr\\\/?p=85298#primaryimage\",\"url\":\"https:\\\/\\\/akunq.net\\\/tr\\\/wp-content\\\/uploads\\\/sites\\\/6\\\/2026\\\/01\\\/alevi.webp\",\"contentUrl\":\"https:\\\/\\\/akunq.net\\\/tr\\\/wp-content\\\/uploads\\\/sites\\\/6\\\/2026\\\/01\\\/alevi.webp\",\"width\":1280,\"height\":720},{\"@type\":\"BreadcrumbList\",\"@id\":\"https:\\\/\\\/akunq.net\\\/tr\\\/?p=85298#breadcrumb\",\"itemListElement\":[{\"@type\":\"ListItem\",\"position\":1,\"name\":\"Home\",\"item\":\"https:\\\/\\\/akunq.net\\\/tr\"},{\"@type\":\"ListItem\",\"position\":2,\"name\":\"Alevi \u00f6rg\u00fctleri: Alevilerin sesini duyun\"}]},{\"@type\":\"WebSite\",\"@id\":\"https:\\\/\\\/akunq.net\\\/tr\\\/#website\",\"url\":\"https:\\\/\\\/akunq.net\\\/tr\\\/\",\"name\":\"Bati Ermenistan Ve Bati Ermenileri Sorunlari Ara\u015ftirmalar Merkezi\",\"description\":\"\",\"potentialAction\":[{\"@type\":\"SearchAction\",\"target\":{\"@type\":\"EntryPoint\",\"urlTemplate\":\"https:\\\/\\\/akunq.net\\\/tr\\\/?s={search_term_string}\"},\"query-input\":{\"@type\":\"PropertyValueSpecification\",\"valueRequired\":true,\"valueName\":\"search_term_string\"}}],\"inLanguage\":\"en-US\"},{\"@type\":\"Person\",\"@id\":\"https:\\\/\\\/akunq.net\\\/tr\\\/#\\\/schema\\\/person\\\/42a46675f00a8f1e84520e8c56500de3\",\"name\":\"admin\",\"url\":\"https:\\\/\\\/akunq.net\\\/tr\\\/?author=1\"}]}<\/script>\n<!-- \/ Yoast SEO plugin. -->","yoast_head_json":{"title":"Alevi \u00f6rg\u00fctleri: Alevilerin sesini duyun - Bati Ermenistan Ve Bati Ermenileri Sorunlari Ara\u015ftirmalar Merkezi","robots":{"index":"index","follow":"follow","max-snippet":"max-snippet:-1","max-image-preview":"max-image-preview:large","max-video-preview":"max-video-preview:-1"},"canonical":"https:\/\/akunq.net\/tr\/?p=85298","og_locale":"en_US","og_type":"article","og_title":"Alevi \u00f6rg\u00fctleri: Alevilerin sesini duyun - Bati Ermenistan Ve Bati Ermenileri Sorunlari Ara\u015ftirmalar Merkezi","og_description":"Alevi \u00f6rg\u00fctleri, hem T\u00fcrkiye\u2019de hem de Suriye\u2019de Alevilere y\u00f6nelik sald\u0131r\u0131lar\u0131n ve hak ihlallerinin medyada g\u00f6rmezden gelindi\u011fini belirtti. Aleviler, \u201cKatliamlar ya\u015fan\u0131yor, kad\u0131nlar ka\u00e7\u0131r\u0131l\u0131yor ancak medya susuyor\u201d tepkisini g\u00f6sterdi. Alevi \u00f6rg\u00fctleri, Suriye\u2019de HT\u015e\u2019nin Aleviler, K\u00fcrtler ve farkl\u0131 inan\u00e7 gruplar\u0131na y\u00f6nelik sald\u0131r\u0131lar\u0131na dikkat \u00e7ekerek, ya\u015fananlar\u0131n T\u00fcrkiye medyas\u0131nda yeterince yer bulmamas\u0131n\u0131n ciddi bir endi\u015fe kayna\u011f\u0131 oldu\u011funu vurgulad\u0131. \u00d6rg\u00fctler, nefret [&hellip;]","og_url":"https:\/\/akunq.net\/tr\/?p=85298","og_site_name":"Bati Ermenistan Ve Bati Ermenileri Sorunlari Ara\u015ftirmalar Merkezi","article_published_time":"2026-01-29T09:36:28+00:00","article_modified_time":"2026-01-29T09:36:29+00:00","og_image":[{"width":1280,"height":720,"url":"https:\/\/akunq.net\/tr\/wp-content\/uploads\/sites\/6\/2026\/01\/alevi.webp","type":"image\/webp"}],"author":"admin","twitter_card":"summary_large_image","twitter_misc":{"Written by":"admin","Est. reading time":"3 minutes"},"schema":{"@context":"https:\/\/schema.org","@graph":[{"@type":"Article","@id":"https:\/\/akunq.net\/tr\/?p=85298#article","isPartOf":{"@id":"https:\/\/akunq.net\/tr\/?p=85298"},"author":{"name":"admin","@id":"https:\/\/akunq.net\/tr\/#\/schema\/person\/42a46675f00a8f1e84520e8c56500de3"},"headline":"Alevi \u00f6rg\u00fctleri: Alevilerin sesini duyun","datePublished":"2026-01-29T09:36:28+00:00","dateModified":"2026-01-29T09:36:29+00:00","mainEntityOfPage":{"@id":"https:\/\/akunq.net\/tr\/?p=85298"},"wordCount":840,"commentCount":0,"image":{"@id":"https:\/\/akunq.net\/tr\/?p=85298#primaryimage"},"thumbnailUrl":"https:\/\/akunq.net\/tr\/wp-content\/uploads\/sites\/6\/2026\/01\/alevi.webp","articleSection":["Haberler","T\u00fcrkiye\u2019de Az\u0131nl\u0131klar"],"inLanguage":"en-US","potentialAction":[{"@type":"CommentAction","name":"Comment","target":["https:\/\/akunq.net\/tr\/?p=85298#respond"]}]},{"@type":"WebPage","@id":"https:\/\/akunq.net\/tr\/?p=85298","url":"https:\/\/akunq.net\/tr\/?p=85298","name":"Alevi \u00f6rg\u00fctleri: Alevilerin sesini duyun - Bati Ermenistan Ve Bati Ermenileri Sorunlari Ara\u015ftirmalar Merkezi","isPartOf":{"@id":"https:\/\/akunq.net\/tr\/#website"},"primaryImageOfPage":{"@id":"https:\/\/akunq.net\/tr\/?p=85298#primaryimage"},"image":{"@id":"https:\/\/akunq.net\/tr\/?p=85298#primaryimage"},"thumbnailUrl":"https:\/\/akunq.net\/tr\/wp-content\/uploads\/sites\/6\/2026\/01\/alevi.webp","datePublished":"2026-01-29T09:36:28+00:00","dateModified":"2026-01-29T09:36:29+00:00","author":{"@id":"https:\/\/akunq.net\/tr\/#\/schema\/person\/42a46675f00a8f1e84520e8c56500de3"},"breadcrumb":{"@id":"https:\/\/akunq.net\/tr\/?p=85298#breadcrumb"},"inLanguage":"en-US","potentialAction":[{"@type":"ReadAction","target":["https:\/\/akunq.net\/tr\/?p=85298"]}]},{"@type":"ImageObject","inLanguage":"en-US","@id":"https:\/\/akunq.net\/tr\/?p=85298#primaryimage","url":"https:\/\/akunq.net\/tr\/wp-content\/uploads\/sites\/6\/2026\/01\/alevi.webp","contentUrl":"https:\/\/akunq.net\/tr\/wp-content\/uploads\/sites\/6\/2026\/01\/alevi.webp","width":1280,"height":720},{"@type":"BreadcrumbList","@id":"https:\/\/akunq.net\/tr\/?p=85298#breadcrumb","itemListElement":[{"@type":"ListItem","position":1,"name":"Home","item":"https:\/\/akunq.net\/tr"},{"@type":"ListItem","position":2,"name":"Alevi \u00f6rg\u00fctleri: Alevilerin sesini duyun"}]},{"@type":"WebSite","@id":"https:\/\/akunq.net\/tr\/#website","url":"https:\/\/akunq.net\/tr\/","name":"Bati Ermenistan Ve Bati Ermenileri Sorunlari Ara\u015ftirmalar Merkezi","description":"","potentialAction":[{"@type":"SearchAction","target":{"@type":"EntryPoint","urlTemplate":"https:\/\/akunq.net\/tr\/?s={search_term_string}"},"query-input":{"@type":"PropertyValueSpecification","valueRequired":true,"valueName":"search_term_string"}}],"inLanguage":"en-US"},{"@type":"Person","@id":"https:\/\/akunq.net\/tr\/#\/schema\/person\/42a46675f00a8f1e84520e8c56500de3","name":"admin","url":"https:\/\/akunq.net\/tr\/?author=1"}]}},"_links":{"self":[{"href":"https:\/\/akunq.net\/tr\/index.php?rest_route=\/wp\/v2\/posts\/85298","targetHints":{"allow":["GET"]}}],"collection":[{"href":"https:\/\/akunq.net\/tr\/index.php?rest_route=\/wp\/v2\/posts"}],"about":[{"href":"https:\/\/akunq.net\/tr\/index.php?rest_route=\/wp\/v2\/types\/post"}],"author":[{"embeddable":true,"href":"https:\/\/akunq.net\/tr\/index.php?rest_route=\/wp\/v2\/users\/1"}],"replies":[{"embeddable":true,"href":"https:\/\/akunq.net\/tr\/index.php?rest_route=%2Fwp%2Fv2%2Fcomments&post=85298"}],"version-history":[{"count":1,"href":"https:\/\/akunq.net\/tr\/index.php?rest_route=\/wp\/v2\/posts\/85298\/revisions"}],"predecessor-version":[{"id":85300,"href":"https:\/\/akunq.net\/tr\/index.php?rest_route=\/wp\/v2\/posts\/85298\/revisions\/85300"}],"wp:featuredmedia":[{"embeddable":true,"href":"https:\/\/akunq.net\/tr\/index.php?rest_route=\/wp\/v2\/media\/85299"}],"wp:attachment":[{"href":"https:\/\/akunq.net\/tr\/index.php?rest_route=%2Fwp%2Fv2%2Fmedia&parent=85298"}],"wp:term":[{"taxonomy":"category","embeddable":true,"href":"https:\/\/akunq.net\/tr\/index.php?rest_route=%2Fwp%2Fv2%2Fcategories&post=85298"},{"taxonomy":"post_tag","embeddable":true,"href":"https:\/\/akunq.net\/tr\/index.php?rest_route=%2Fwp%2Fv2%2Ftags&post=85298"}],"curies":[{"name":"wp","href":"https:\/\/api.w.org\/{rel}","templated":true}]}}