{"id":85286,"date":"2026-01-29T02:56:38","date_gmt":"2026-01-29T07:56:38","guid":{"rendered":"https:\/\/akunq.net\/tr\/?p=85286"},"modified":"2026-01-29T02:56:38","modified_gmt":"2026-01-29T07:56:38","slug":"ermenistan-disisleri-bakanindan-turkiye-aciklamasi","status":"publish","type":"post","link":"https:\/\/akunq.net\/tr\/?p=85286","title":{"rendered":"Ermenistan D\u0131\u015fi\u015fleri Bakan\u0131\u2019ndan T\u00fcrkiye a\u00e7\u0131klamas\u0131"},"content":{"rendered":"\n<p><strong><em>Ermenistan\u2019da bulunan 4 Ermeni esirin serbest b\u0131rak\u0131lmas\u0131n\u0131n, h\u00e2len Azerbaycan\u2019da tutulan di\u011fer 19 ki\u015finin de serbest b\u0131rak\u0131lmas\u0131na y\u00f6nelik umut verdi\u011fini belirten Ermenistan D\u0131\u015fi\u015fleri Bakan\u0131 Ararat Mirzoyan, ayn\u0131 i\u015f birli\u011fi \u00e7er\u00e7evesinde kay\u0131p ki\u015filerin ak\u0131betinin ayd\u0131nlat\u0131lmas\u0131n\u0131n da m\u00fcmk\u00fcn olabilece\u011fini s\u00f6yledi.<\/em><\/strong><\/p>\n\n\n\n<p>Mirzoyan, bunun ku\u015fkusuz normalle\u015fme s\u00fcrecine \u00f6nemli bir katk\u0131 sa\u011flayaca\u011f\u0131n\u0131 ifade etti. Ermenistan D\u0131\u015fi\u015fleri Bakan\u0131 bu a\u00e7\u0131klamay\u0131, Avrupa Konseyi Parlamenterler Meclisi (AKPM) oturumunda yapt\u0131.<\/p>\n\n\n\n<p>B\u00f6lgesel bar\u0131\u015f\u0131n g\u00fc\u00e7lendirilmesi ba\u011flam\u0131nda Mirzoyan, Ermenistan\u2013T\u00fcrkiye ili\u015fkilerine de de\u011findi.<\/p>\n\n\n\n<p>Mirzoyan, \u201cErmenistan, T\u00fcrkiye ile ili\u015fkilerin tamamen normalle\u015ftirilmesine y\u00f6nelik nihai taahh\u00fcd\u00fcn\u00fc s\u00fcrd\u00fcrmektedir. Ermenistan\u2013T\u00fcrkiye normalle\u015fme s\u00fcrecinde s\u00fcrekli ilerleme sa\u011flanmas\u0131, s\u0131n\u0131r\u0131n tamamen a\u00e7\u0131lmas\u0131, diplomatik ili\u015fkilerin tesis edilmesi ve G\u00fcmri\u2013Kars demiryolunun yeniden faaliyete ge\u00e7irilmesi, b\u00f6lgesel istikrar\u0131n ve refah\u0131n g\u00fc\u00e7lendirilmesine \u00f6nemli katk\u0131lar sunacakt\u0131r\u201d dedi.<\/p>\n\n\n\n<p><strong><em>Kaynak:\u00a0<a href=\"https:\/\/ermenihaber.am\/\">Ermeni Haber<\/a><\/em><\/strong><\/p>\n","protected":false},"excerpt":{"rendered":"<p>Ermenistan\u2019da bulunan 4 Ermeni esirin serbest b\u0131rak\u0131lmas\u0131n\u0131n, h\u00e2len Azerbaycan\u2019da tutulan di\u011fer 19 ki\u015finin de serbest b\u0131rak\u0131lmas\u0131na y\u00f6nelik umut verdi\u011fini belirten Ermenistan D\u0131\u015fi\u015fleri Bakan\u0131 Ararat Mirzoyan, ayn\u0131 i\u015f birli\u011fi \u00e7er\u00e7evesinde kay\u0131p ki\u015filerin ak\u0131betinin ayd\u0131nlat\u0131lmas\u0131n\u0131n da m\u00fcmk\u00fcn olabilece\u011fini s\u00f6yledi. Mirzoyan, bunun ku\u015fkusuz normalle\u015fme s\u00fcrecine \u00f6nemli bir katk\u0131 sa\u011flayaca\u011f\u0131n\u0131 ifade etti. Ermenistan D\u0131\u015fi\u015fleri Bakan\u0131 bu a\u00e7\u0131klamay\u0131, Avrupa Konseyi [&hellip;]<\/p>\n","protected":false},"author":1,"featured_media":85287,"comment_status":"open","ping_status":"open","sticky":false,"template":"","format":"standard","meta":{"footnotes":""},"categories":[55,1],"tags":[],"class_list":["post-85286","post","type-post","status-publish","format-standard","has-post-thumbnail","hentry","category-ermenistan-turkiye","category-haberler"],"yoast_head":"<!-- This site is optimized with the Yoast SEO plugin v27.4 - https:\/\/yoast.com\/product\/yoast-seo-wordpress\/ -->\n<title>Ermenistan D\u0131\u015fi\u015fleri Bakan\u0131\u2019ndan T\u00fcrkiye a\u00e7\u0131klamas\u0131 - Bati Ermenistan Ve Bati Ermenileri Sorunlari Ara\u015ftirmalar Merkezi<\/title>\n<meta name=\"robots\" content=\"index, follow, max-snippet:-1, max-image-preview:large, max-video-preview:-1\" \/>\n<link rel=\"canonical\" href=\"https:\/\/akunq.net\/tr\/?p=85286\" \/>\n<meta property=\"og:locale\" content=\"en_US\" \/>\n<meta property=\"og:type\" content=\"article\" \/>\n<meta property=\"og:title\" content=\"Ermenistan D\u0131\u015fi\u015fleri Bakan\u0131\u2019ndan T\u00fcrkiye a\u00e7\u0131klamas\u0131 - Bati Ermenistan Ve Bati Ermenileri Sorunlari Ara\u015ftirmalar Merkezi\" \/>\n<meta property=\"og:description\" content=\"Ermenistan\u2019da bulunan 4 Ermeni esirin serbest b\u0131rak\u0131lmas\u0131n\u0131n, h\u00e2len Azerbaycan\u2019da tutulan di\u011fer 19 ki\u015finin de serbest b\u0131rak\u0131lmas\u0131na y\u00f6nelik umut verdi\u011fini belirten Ermenistan D\u0131\u015fi\u015fleri Bakan\u0131 Ararat Mirzoyan, ayn\u0131 i\u015f birli\u011fi \u00e7er\u00e7evesinde kay\u0131p ki\u015filerin ak\u0131betinin ayd\u0131nlat\u0131lmas\u0131n\u0131n da m\u00fcmk\u00fcn olabilece\u011fini s\u00f6yledi. Mirzoyan, bunun ku\u015fkusuz normalle\u015fme s\u00fcrecine \u00f6nemli bir katk\u0131 sa\u011flayaca\u011f\u0131n\u0131 ifade etti. Ermenistan D\u0131\u015fi\u015fleri Bakan\u0131 bu a\u00e7\u0131klamay\u0131, Avrupa Konseyi [&hellip;]\" \/>\n<meta property=\"og:url\" content=\"https:\/\/akunq.net\/tr\/?p=85286\" \/>\n<meta property=\"og:site_name\" content=\"Bati Ermenistan Ve Bati Ermenileri Sorunlari Ara\u015ftirmalar Merkezi\" \/>\n<meta property=\"article:published_time\" content=\"2026-01-29T07:56:38+00:00\" \/>\n<meta property=\"og:image\" content=\"https:\/\/akunq.net\/tr\/wp-content\/uploads\/sites\/6\/2026\/01\/Ararat-Mirzoyan.jpeg\" \/>\n\t<meta property=\"og:image:width\" content=\"1140\" \/>\n\t<meta property=\"og:image:height\" content=\"664\" \/>\n\t<meta property=\"og:image:type\" content=\"image\/jpeg\" \/>\n<meta name=\"author\" content=\"admin\" \/>\n<meta name=\"twitter:card\" content=\"summary_large_image\" \/>\n<meta name=\"twitter:label1\" content=\"Written by\" \/>\n\t<meta name=\"twitter:data1\" content=\"admin\" \/>\n\t<meta name=\"twitter:label2\" content=\"Est. reading time\" \/>\n\t<meta name=\"twitter:data2\" content=\"1 minute\" \/>\n<script type=\"application\/ld+json\" class=\"yoast-schema-graph\">{\"@context\":\"https:\\\/\\\/schema.org\",\"@graph\":[{\"@type\":\"Article\",\"@id\":\"https:\\\/\\\/akunq.net\\\/tr\\\/?p=85286#article\",\"isPartOf\":{\"@id\":\"https:\\\/\\\/akunq.net\\\/tr\\\/?p=85286\"},\"author\":{\"name\":\"admin\",\"@id\":\"https:\\\/\\\/akunq.net\\\/tr\\\/#\\\/schema\\\/person\\\/42a46675f00a8f1e84520e8c56500de3\"},\"headline\":\"Ermenistan D\u0131\u015fi\u015fleri Bakan\u0131\u2019ndan T\u00fcrkiye a\u00e7\u0131klamas\u0131\",\"datePublished\":\"2026-01-29T07:56:38+00:00\",\"mainEntityOfPage\":{\"@id\":\"https:\\\/\\\/akunq.net\\\/tr\\\/?p=85286\"},\"wordCount\":193,\"commentCount\":0,\"image\":{\"@id\":\"https:\\\/\\\/akunq.net\\\/tr\\\/?p=85286#primaryimage\"},\"thumbnailUrl\":\"https:\\\/\\\/akunq.net\\\/tr\\\/wp-content\\\/uploads\\\/sites\\\/6\\\/2026\\\/01\\\/Ararat-Mirzoyan.jpeg\",\"articleSection\":[\"Ermenistan-T\u00fcrkiye\",\"Haberler\"],\"inLanguage\":\"en-US\",\"potentialAction\":[{\"@type\":\"CommentAction\",\"name\":\"Comment\",\"target\":[\"https:\\\/\\\/akunq.net\\\/tr\\\/?p=85286#respond\"]}]},{\"@type\":\"WebPage\",\"@id\":\"https:\\\/\\\/akunq.net\\\/tr\\\/?p=85286\",\"url\":\"https:\\\/\\\/akunq.net\\\/tr\\\/?p=85286\",\"name\":\"Ermenistan D\u0131\u015fi\u015fleri Bakan\u0131\u2019ndan T\u00fcrkiye a\u00e7\u0131klamas\u0131 - Bati Ermenistan Ve Bati Ermenileri Sorunlari Ara\u015ftirmalar Merkezi\",\"isPartOf\":{\"@id\":\"https:\\\/\\\/akunq.net\\\/tr\\\/#website\"},\"primaryImageOfPage\":{\"@id\":\"https:\\\/\\\/akunq.net\\\/tr\\\/?p=85286#primaryimage\"},\"image\":{\"@id\":\"https:\\\/\\\/akunq.net\\\/tr\\\/?p=85286#primaryimage\"},\"thumbnailUrl\":\"https:\\\/\\\/akunq.net\\\/tr\\\/wp-content\\\/uploads\\\/sites\\\/6\\\/2026\\\/01\\\/Ararat-Mirzoyan.jpeg\",\"datePublished\":\"2026-01-29T07:56:38+00:00\",\"author\":{\"@id\":\"https:\\\/\\\/akunq.net\\\/tr\\\/#\\\/schema\\\/person\\\/42a46675f00a8f1e84520e8c56500de3\"},\"breadcrumb\":{\"@id\":\"https:\\\/\\\/akunq.net\\\/tr\\\/?p=85286#breadcrumb\"},\"inLanguage\":\"en-US\",\"potentialAction\":[{\"@type\":\"ReadAction\",\"target\":[\"https:\\\/\\\/akunq.net\\\/tr\\\/?p=85286\"]}]},{\"@type\":\"ImageObject\",\"inLanguage\":\"en-US\",\"@id\":\"https:\\\/\\\/akunq.net\\\/tr\\\/?p=85286#primaryimage\",\"url\":\"https:\\\/\\\/akunq.net\\\/tr\\\/wp-content\\\/uploads\\\/sites\\\/6\\\/2026\\\/01\\\/Ararat-Mirzoyan.jpeg\",\"contentUrl\":\"https:\\\/\\\/akunq.net\\\/tr\\\/wp-content\\\/uploads\\\/sites\\\/6\\\/2026\\\/01\\\/Ararat-Mirzoyan.jpeg\",\"width\":1140,\"height\":664},{\"@type\":\"BreadcrumbList\",\"@id\":\"https:\\\/\\\/akunq.net\\\/tr\\\/?p=85286#breadcrumb\",\"itemListElement\":[{\"@type\":\"ListItem\",\"position\":1,\"name\":\"Home\",\"item\":\"https:\\\/\\\/akunq.net\\\/tr\"},{\"@type\":\"ListItem\",\"position\":2,\"name\":\"Ermenistan D\u0131\u015fi\u015fleri Bakan\u0131\u2019ndan T\u00fcrkiye a\u00e7\u0131klamas\u0131\"}]},{\"@type\":\"WebSite\",\"@id\":\"https:\\\/\\\/akunq.net\\\/tr\\\/#website\",\"url\":\"https:\\\/\\\/akunq.net\\\/tr\\\/\",\"name\":\"Bati Ermenistan Ve Bati Ermenileri Sorunlari Ara\u015ftirmalar Merkezi\",\"description\":\"\",\"potentialAction\":[{\"@type\":\"SearchAction\",\"target\":{\"@type\":\"EntryPoint\",\"urlTemplate\":\"https:\\\/\\\/akunq.net\\\/tr\\\/?s={search_term_string}\"},\"query-input\":{\"@type\":\"PropertyValueSpecification\",\"valueRequired\":true,\"valueName\":\"search_term_string\"}}],\"inLanguage\":\"en-US\"},{\"@type\":\"Person\",\"@id\":\"https:\\\/\\\/akunq.net\\\/tr\\\/#\\\/schema\\\/person\\\/42a46675f00a8f1e84520e8c56500de3\",\"name\":\"admin\",\"url\":\"https:\\\/\\\/akunq.net\\\/tr\\\/?author=1\"}]}<\/script>\n<!-- \/ Yoast SEO plugin. -->","yoast_head_json":{"title":"Ermenistan D\u0131\u015fi\u015fleri Bakan\u0131\u2019ndan T\u00fcrkiye a\u00e7\u0131klamas\u0131 - Bati Ermenistan Ve Bati Ermenileri Sorunlari Ara\u015ftirmalar Merkezi","robots":{"index":"index","follow":"follow","max-snippet":"max-snippet:-1","max-image-preview":"max-image-preview:large","max-video-preview":"max-video-preview:-1"},"canonical":"https:\/\/akunq.net\/tr\/?p=85286","og_locale":"en_US","og_type":"article","og_title":"Ermenistan D\u0131\u015fi\u015fleri Bakan\u0131\u2019ndan T\u00fcrkiye a\u00e7\u0131klamas\u0131 - Bati Ermenistan Ve Bati Ermenileri Sorunlari Ara\u015ftirmalar Merkezi","og_description":"Ermenistan\u2019da bulunan 4 Ermeni esirin serbest b\u0131rak\u0131lmas\u0131n\u0131n, h\u00e2len Azerbaycan\u2019da tutulan di\u011fer 19 ki\u015finin de serbest b\u0131rak\u0131lmas\u0131na y\u00f6nelik umut verdi\u011fini belirten Ermenistan D\u0131\u015fi\u015fleri Bakan\u0131 Ararat Mirzoyan, ayn\u0131 i\u015f birli\u011fi \u00e7er\u00e7evesinde kay\u0131p ki\u015filerin ak\u0131betinin ayd\u0131nlat\u0131lmas\u0131n\u0131n da m\u00fcmk\u00fcn olabilece\u011fini s\u00f6yledi. Mirzoyan, bunun ku\u015fkusuz normalle\u015fme s\u00fcrecine \u00f6nemli bir katk\u0131 sa\u011flayaca\u011f\u0131n\u0131 ifade etti. Ermenistan D\u0131\u015fi\u015fleri Bakan\u0131 bu a\u00e7\u0131klamay\u0131, Avrupa Konseyi [&hellip;]","og_url":"https:\/\/akunq.net\/tr\/?p=85286","og_site_name":"Bati Ermenistan Ve Bati Ermenileri Sorunlari Ara\u015ftirmalar Merkezi","article_published_time":"2026-01-29T07:56:38+00:00","og_image":[{"width":1140,"height":664,"url":"https:\/\/akunq.net\/tr\/wp-content\/uploads\/sites\/6\/2026\/01\/Ararat-Mirzoyan.jpeg","type":"image\/jpeg"}],"author":"admin","twitter_card":"summary_large_image","twitter_misc":{"Written by":"admin","Est. reading time":"1 minute"},"schema":{"@context":"https:\/\/schema.org","@graph":[{"@type":"Article","@id":"https:\/\/akunq.net\/tr\/?p=85286#article","isPartOf":{"@id":"https:\/\/akunq.net\/tr\/?p=85286"},"author":{"name":"admin","@id":"https:\/\/akunq.net\/tr\/#\/schema\/person\/42a46675f00a8f1e84520e8c56500de3"},"headline":"Ermenistan D\u0131\u015fi\u015fleri Bakan\u0131\u2019ndan T\u00fcrkiye a\u00e7\u0131klamas\u0131","datePublished":"2026-01-29T07:56:38+00:00","mainEntityOfPage":{"@id":"https:\/\/akunq.net\/tr\/?p=85286"},"wordCount":193,"commentCount":0,"image":{"@id":"https:\/\/akunq.net\/tr\/?p=85286#primaryimage"},"thumbnailUrl":"https:\/\/akunq.net\/tr\/wp-content\/uploads\/sites\/6\/2026\/01\/Ararat-Mirzoyan.jpeg","articleSection":["Ermenistan-T\u00fcrkiye","Haberler"],"inLanguage":"en-US","potentialAction":[{"@type":"CommentAction","name":"Comment","target":["https:\/\/akunq.net\/tr\/?p=85286#respond"]}]},{"@type":"WebPage","@id":"https:\/\/akunq.net\/tr\/?p=85286","url":"https:\/\/akunq.net\/tr\/?p=85286","name":"Ermenistan D\u0131\u015fi\u015fleri Bakan\u0131\u2019ndan T\u00fcrkiye a\u00e7\u0131klamas\u0131 - Bati Ermenistan Ve Bati Ermenileri Sorunlari Ara\u015ftirmalar Merkezi","isPartOf":{"@id":"https:\/\/akunq.net\/tr\/#website"},"primaryImageOfPage":{"@id":"https:\/\/akunq.net\/tr\/?p=85286#primaryimage"},"image":{"@id":"https:\/\/akunq.net\/tr\/?p=85286#primaryimage"},"thumbnailUrl":"https:\/\/akunq.net\/tr\/wp-content\/uploads\/sites\/6\/2026\/01\/Ararat-Mirzoyan.jpeg","datePublished":"2026-01-29T07:56:38+00:00","author":{"@id":"https:\/\/akunq.net\/tr\/#\/schema\/person\/42a46675f00a8f1e84520e8c56500de3"},"breadcrumb":{"@id":"https:\/\/akunq.net\/tr\/?p=85286#breadcrumb"},"inLanguage":"en-US","potentialAction":[{"@type":"ReadAction","target":["https:\/\/akunq.net\/tr\/?p=85286"]}]},{"@type":"ImageObject","inLanguage":"en-US","@id":"https:\/\/akunq.net\/tr\/?p=85286#primaryimage","url":"https:\/\/akunq.net\/tr\/wp-content\/uploads\/sites\/6\/2026\/01\/Ararat-Mirzoyan.jpeg","contentUrl":"https:\/\/akunq.net\/tr\/wp-content\/uploads\/sites\/6\/2026\/01\/Ararat-Mirzoyan.jpeg","width":1140,"height":664},{"@type":"BreadcrumbList","@id":"https:\/\/akunq.net\/tr\/?p=85286#breadcrumb","itemListElement":[{"@type":"ListItem","position":1,"name":"Home","item":"https:\/\/akunq.net\/tr"},{"@type":"ListItem","position":2,"name":"Ermenistan D\u0131\u015fi\u015fleri Bakan\u0131\u2019ndan T\u00fcrkiye a\u00e7\u0131klamas\u0131"}]},{"@type":"WebSite","@id":"https:\/\/akunq.net\/tr\/#website","url":"https:\/\/akunq.net\/tr\/","name":"Bati Ermenistan Ve Bati Ermenileri Sorunlari Ara\u015ftirmalar Merkezi","description":"","potentialAction":[{"@type":"SearchAction","target":{"@type":"EntryPoint","urlTemplate":"https:\/\/akunq.net\/tr\/?s={search_term_string}"},"query-input":{"@type":"PropertyValueSpecification","valueRequired":true,"valueName":"search_term_string"}}],"inLanguage":"en-US"},{"@type":"Person","@id":"https:\/\/akunq.net\/tr\/#\/schema\/person\/42a46675f00a8f1e84520e8c56500de3","name":"admin","url":"https:\/\/akunq.net\/tr\/?author=1"}]}},"_links":{"self":[{"href":"https:\/\/akunq.net\/tr\/index.php?rest_route=\/wp\/v2\/posts\/85286","targetHints":{"allow":["GET"]}}],"collection":[{"href":"https:\/\/akunq.net\/tr\/index.php?rest_route=\/wp\/v2\/posts"}],"about":[{"href":"https:\/\/akunq.net\/tr\/index.php?rest_route=\/wp\/v2\/types\/post"}],"author":[{"embeddable":true,"href":"https:\/\/akunq.net\/tr\/index.php?rest_route=\/wp\/v2\/users\/1"}],"replies":[{"embeddable":true,"href":"https:\/\/akunq.net\/tr\/index.php?rest_route=%2Fwp%2Fv2%2Fcomments&post=85286"}],"version-history":[{"count":1,"href":"https:\/\/akunq.net\/tr\/index.php?rest_route=\/wp\/v2\/posts\/85286\/revisions"}],"predecessor-version":[{"id":85288,"href":"https:\/\/akunq.net\/tr\/index.php?rest_route=\/wp\/v2\/posts\/85286\/revisions\/85288"}],"wp:featuredmedia":[{"embeddable":true,"href":"https:\/\/akunq.net\/tr\/index.php?rest_route=\/wp\/v2\/media\/85287"}],"wp:attachment":[{"href":"https:\/\/akunq.net\/tr\/index.php?rest_route=%2Fwp%2Fv2%2Fmedia&parent=85286"}],"wp:term":[{"taxonomy":"category","embeddable":true,"href":"https:\/\/akunq.net\/tr\/index.php?rest_route=%2Fwp%2Fv2%2Fcategories&post=85286"},{"taxonomy":"post_tag","embeddable":true,"href":"https:\/\/akunq.net\/tr\/index.php?rest_route=%2Fwp%2Fv2%2Ftags&post=85286"}],"curies":[{"name":"wp","href":"https:\/\/api.w.org\/{rel}","templated":true}]}}