{"id":764,"date":"2010-03-04T06:10:17","date_gmt":"2010-03-04T11:10:17","guid":{"rendered":"http:\/\/akunq.net\/tr\/?p=764"},"modified":"2010-05-05T06:11:08","modified_gmt":"2010-05-05T11:11:08","slug":"sevr-baris-antlasmasi","status":"publish","type":"post","link":"https:\/\/akunq.net\/tr\/?p=764","title":{"rendered":"Sevr Bar\u0131\u015f Antla\u015fmas\u0131"},"content":{"rendered":"<p style=\"text-align: justify;\">\u00a0<a rel=\"attachment wp-att-765\" href=\"http:\/\/akunq.net\/tr\/2010\/03\/04\/sevr-baris-antlasmasi\/%d5%be%d5%ab%d5%ac%d5%bd%d5%b8%d5%b6%d5%b5%d5%a1%d5%b6-%d5%b0%d5%a1%d5%b5%d5%a1%d5%bd%d5%bf%d5%a1%d5%b6-2\/\"><img loading=\"lazy\" decoding=\"async\" class=\"alignnone size-full wp-image-765\" title=\"\u054e\u056b\u056c\u057d\u0578\u0576\u0575\u0561\u0576 \u0540\u0561\u0575\u0561\u057d\u057f\u0561\u0576\" src=\"http:\/\/akunq.net\/tr\/wp-content\/uploads\/2010\/05\/\u054e\u056b\u056c\u057d\u0578\u0576\u0575\u0561\u0576-\u0540\u0561\u0575\u0561\u057d\u057f\u0561\u05761.jpg\" alt=\"\" width=\"534\" height=\"364\" \/><\/a><\/p>\n<p style=\"text-align: justify;\">Antla\u015fma 10 a\u011fustos 1920 tarihinde Sevr\u2019de (Paris yak\u0131nlar\u0131nda), Osmanl\u0131 \u0130mparatorlu\u011fu ve 1914-18 Birinci D\u00fcnya Sava\u015f\u0131\u2019n\u0131n galip \u00fclkeleri B\u00fcy\u00fck Britanya, Fransa, \u0130talya, Japonya, Bel\u00e7ika, Yunanistan, Polonya, Portekiz, Romanya, Ermenistan, \u00c7ekoslovakya, S\u0131rp, Horvat ve Slavon krall\u0131klar\u0131 aras\u0131nda imzalanm\u0131\u015ft\u0131r. Antla\u015fmay\u0131, Ermenistan Cumhuriyeti ad\u0131na Avetis Aharonyan imzalam\u0131\u015ft\u0131r. Avedis Aharonyan ve Bat\u0131 Ermenileri temsilcisi, Ulusal Heyet\u2019in Ba\u015fkan\u0131 Po\u011fos Nubar Pa\u015fa, m\u00fcttefik devletlerin \u00f6nde gelenleriyle, az\u0131nl\u0131k haklar\u0131, diplomatik ve ticari ili\u015fkilerle ilgili ek antla\u015fmalar da imzalam\u0131\u015flard\u0131r. Uluslar aras\u0131 hukuk a\u00e7\u0131s\u0131ndan, Ermenistan Cumhuriyeti, antla\u015fmaya taraf olarak i\u015fbu antla\u015fmay\u0131 imzalam\u0131\u015f olan di\u011fer t\u00fcm devletler taraf\u0131ndan de juro tan\u0131nmaktad\u0131r.<\/p>\n<p style=\"text-align: justify;\">Sevr Bar\u0131\u015f Antla\u015fmas\u0131\u2019n\u0131n temelinde 1916 Sayks-Piko antla\u015fmas\u0131n\u0131n maddeleri ve devletlerin 1920 San-Remo konferans\u0131n\u0131n kararlar\u0131 yatmaktad\u0131r. Antla\u015fma 13 k\u0131s\u0131m ve 433 maddeden meydana gelmi\u015ftir. Bunlar s\u0131n\u0131r, siyasi, az\u0131nl\u0131k haklar\u0131, askeri, deniz ile hava, esirler ve cezalar, ekonomi ve finans, hava ula\u015f\u0131m\u0131, deniz ve demiryollar\u0131 ile i\u015f g\u00fcc\u00fc sorunlar\u0131yla ilgilidir. Sevr Bar\u0131\u015f Antla\u015fmas\u0131\u2019na g\u00f6re Kostandnupolis (\u0130stanbul) ve \u00e7evresi Osmanl\u0131 Devleti\u2019ne kalmakta, Bo\u011fazlar silahlardan ar\u0131nd\u0131r\u0131l\u0131p uluslar aras\u0131 idare alt\u0131na al\u0131nmaktayd\u0131. Osmanl\u0131 Devleti, Trakyayla ilgili \u00fcst\u00fcnl\u00fc\u011f\u00fcnden, Ege Adalar\u0131\u2019ndan, K\u0131br\u0131s, M\u0131s\u0131r ve Arap topraklar\u0131ndan vaz ge\u00e7iyordu. \u0130zmir ve \u00e7evresi Yunanistan taraf\u0131ndan idare edilecek ve Yunanistan, b\u00f6lge halk\u0131n\u0131n b\u00fcy\u00fck b\u00f6l\u00fcm\u00fcn\u00fcn arzusu \u00fczerine bu b\u00f6lgelere sahip olabilecekti.<\/p>\n<p style=\"text-align: justify;\">T\u00fcrkiye\u2019nin Asya b\u00f6l\u00fcm\u00fc, Bat\u0131 Anadolu s\u0131n\u0131rlar\u0131na \u00e7ekilecek, Hicaz ba\u011f\u0131ms\u0131zl\u0131\u011fa kavu\u015facak, M\u0131s\u0131r, Filistin, Suriye ve Mezopotamya (Irak), Milletler Cemiyeti sayesinde alt mandat b\u00f6lgesi olarak B\u00fcy\u00fck Britanya ve Fransa\u2019ya teslim edilecekti.<\/p>\n<p style=\"text-align: justify;\">Sevr Bar\u0131\u015f Antla\u015fmas\u0131 bir\u00e7ok y\u00f6nden Yak\u0131n Do\u011fu\u2019nun Avrupa devletleri taraf\u0131ndan s\u00fcregelen s\u00f6m\u00fcr\u00fclmesini hat\u0131rlatmakta ve ek idari, hukuki, askeri ve ekonomik kontrole imk\u00e2n sa\u011flamaktayd\u0131.<\/p>\n<p style=\"text-align: justify;\">Sevr Bar\u0131\u015f Antla\u015fmas\u0131\u2019n\u0131n \u201cErmenistan\u201d b\u00f6l\u00fcm\u00fc 88-93 maddelerini kapsamaktayd\u0131. Osmanl\u0131 Devleti, Ermenistan\u2019\u0131 \u201ch\u00fcr ve ba\u011f\u0131ms\u0131z bir devlet\u201d olarak tan\u0131maktayd\u0131. Osmanl\u0131 Devleti ve Ermenistan, Erzrum (Erzurum), Trapizon (Trabzon), Van ve Bitlis vilayetlerinin iki \u00fclke aras\u0131nda b\u00f6l\u00fcnmesini Amerika Birle\u015fik Devletleri\u2019ne b\u0131rakmakta ve ABD\u2019nin bu konuda verece\u011fi karar ile Ermenistan\u2019a denize \u00e7\u0131k\u0131\u015f sa\u011flanmas\u0131 konusunda ve belirlenecek s\u0131n\u0131ra yak\u0131n t\u00fcm b\u00f6lgelerin silahs\u0131zland\u0131r\u0131lmas\u0131yla ilgili (Vilson\u2019un muhakeme karar\u0131) t\u00fcm \u00f6nerileri kabul etmekteydiler.<\/p>\n<p style=\"text-align: justify;\"><a rel=\"attachment wp-att-766\" href=\"http:\/\/akunq.net\/tr\/2010\/03\/04\/sevr-baris-antlasmasi\/%d5%b4%d5%ab%d5%a1%d6%81%d5%b5%d5%a1%d5%ac-%d5%b0%d5%a1%d5%b5%d5%a1%d5%bd%d5%bf%d5%a1%d5%b6\/\"><img loading=\"lazy\" decoding=\"async\" class=\"alignnone size-full wp-image-766\" title=\"\u0544\u056b\u0561\u0581\u0575\u0561\u056c \u0540\u0561\u0575\u0561\u057d\u057f\u0561\u0576\" src=\"http:\/\/akunq.net\/tr\/wp-content\/uploads\/2010\/05\/\u0544\u056b\u0561\u0581\u0575\u0561\u056c-\u0540\u0561\u0575\u0561\u057d\u057f\u0561\u0576.jpg\" alt=\"\" width=\"540\" height=\"341\" \/><\/a><\/p>\n<p style=\"text-align: justify;\">Ermenistan\u2019\u0131n, G\u00fcrcistan ve Azerbeycan\u2019la olan s\u0131n\u0131rlar\u0131 ise bu \u00fclkeler kendi aralar\u0131nda do\u011frudan g\u00f6r\u00fc\u015fmelerle karar vereceklerdi. Bu devletlerin anla\u015famamas\u0131 durumunda ise \u00f6nde gelen m\u00fcttefik devletler bu sorunu kurulacak \u00f6zel komisyon arac\u0131l\u0131\u011fla, yerinde \u00e7\u00f6zeceklerdi. Sevr Bar\u0131\u015f Antla\u015fmas\u0131\u2019n\u0131n ilgili maddeleri insanlar\u0131n g\u00f6n\u00fcll\u00fc yer de\u011fi\u015ftirmesine, 18 ya\u015f\u0131ndan b\u00fcy\u00fck olanlara, milli ve dini aiditeye uygun olarak, \u00e7o\u011funluk te\u015fkil ettikleri b\u00f6lgedeki bir ba\u015fka \u00fclkenin vatanda\u015fl\u0131\u011f\u0131n\u0131 almas\u0131na izin vermekteydi.<\/p>\n<p style=\"text-align: justify;\">Bu insanlar\u0131n, ta\u015f\u0131nmazlar\u0131 \u00fczerindeki haklar\u0131 sakl\u0131 tutulmakta, fakat bir y\u0131l i\u00e7inde ta\u015f\u0131n\u0131r mal varl\u0131klar\u0131n\u0131, se\u00e7mi\u015f olduklar\u0131 \u00fclkeye nakletme mecburiyetindeydiler. Osmanl\u0131 Devleti\u2019nin, metruk mallarla ilgili 1915 kanunu ge\u00e7ersiz say\u0131lmaktayd\u0131. T\u00fcrkiye\u2019de kalan az\u0131nl\u0131klar\u0131n haklar\u0131, hayat\u0131, h\u00fcrriyeti ve kanun \u00f6n\u00fcnde e\u015fitlikleri h\u00fck\u00fcmet taraf\u0131ndan sa\u011flanacakt\u0131. \u201cSava\u015f esnas\u0131nda Osmanl\u0131 \u0130mparatorlu\u011fu\u2019nda, insanlara kar\u015f\u0131 uygulanan vah\u015fetin meydana getirdi\u011fi k\u00f6t\u00fcl\u00fcklerin azami \u015fekilde tazmin edilmesi i\u00e7in Osmanl\u0131 h\u00fck\u00fcmeti, kendisi ve Osmanl\u0131 y\u00f6netimi ad\u0131na 1 kas\u0131m 1914 tarihinden sonra kaybolmu\u015f, ka\u00e7\u0131r\u0131lm\u0131\u015f, tutuklanm\u0131\u015f ve hapsedilmi\u015f her \u0131rk ve dinden insanlar\u0131 arama ve kurtarma konusunda her t\u00fcrl\u00fc deste\u011fi verme\u011fi taahh\u00fct etmektedir\u201d.<\/p>\n<p style=\"text-align: justify;\">Cezalar b\u00f6l\u00fcm\u00fcnde Osmanl\u0131 h\u00fck\u00fcmeti, sava\u015f kanun ve h\u00fck\u00fcmlerini ihlal etmi\u015f su\u00e7lular\u0131 divan\u0131harbe teslim etmek konusundaki m\u00fcttefik devletler hukukunu tan\u0131maktayd\u0131. Su\u00e7lular gibi, c\u00fcr\u00fcmlerle ilgili verileri ve belgeleri de teslim etmeyi kabul etmekteydi.<\/p>\n<p style=\"text-align: justify;\">\u00a0\u201c\u2026\u0130\u015fbu \u015fah\u0131slar, , 1 a\u011fustos 1914 tarihinde Osmanl\u0131 \u0130mparatorlu\u011fu\u2019na ait olan b\u00f6lgede ve \u00fclke sava\u015f halindeyken ger\u00e7ekle\u015ftirilen k\u0131r\u0131mlardan sorumludurlar\u201d.<\/p>\n<p style=\"text-align: justify;\">M\u00fcttefikler, bu insanlar\u0131 yarg\u0131lamak i\u00e7in dava a\u00e7abileceklerdi.<\/p>\n<p style=\"text-align: justify;\">G\u00fcrcistan, Ermenistan, Azerbeycan ve \u0130ran\u2019\u0131n, Batum liman\u0131 \u00fczerinden Karadenize serbest\u00e7e \u00e7\u0131kabilmeleri konusunda anla\u015f\u0131lm\u0131\u015ft\u0131. M\u00fcttefikler, Kars\u2019tan \u00c7oroh (\u00c7oruh) Vadisi \u00fczerinden Batum\u2019a a\u00e7\u0131lacak \u201cErmeni koridoru\u201dna s\u0131cak bakmaktayd\u0131lar, fakat antla\u015fmay\u0131 imzalama an\u0131nda G\u00fcrcistan, buna kar\u015f\u0131l\u0131k Ermenilere G\u00fcrcistan \u00fczerinden demiryolu in\u015fa edilmesini teklif etti. Trapizon (Trabzon) liman\u0131n\u0131n da Ermenistan\u2019a dahil olup olmayaca\u011f\u0131 tam olarak kesin olmad\u0131\u011f\u0131ndan dolay\u0131, ayr\u0131 bir maddeyle Ermenistan\u2019a transit ayr\u0131cal\u0131klar\u0131 tan\u0131nmakta ve bu liman\u0131n bir k\u0131sm\u0131 s\u00fcresiz Ermenistan\u2019a kiralanmaktayd\u0131.<\/p>\n<p style=\"text-align: justify;\">Sevr Antla\u015fmas\u0131\u2019n\u0131n imzalanmas\u0131na kadar ge\u00e7en s\u00fcre i\u00e7inde ba\u015fkan V.Vilson taraf\u0131ndan g\u00f6revlendirilen komisyon, s\u0131n\u0131rlar\u0131n \u00e7izilmesi i\u00e7in hesaba kat\u0131lmas\u0131 gereken co\u011frafi, ekonomik, ula\u015f\u0131m, su kaynaklar\u0131, ticaret yollar\u0131, toplumsal ve di\u011fer konular\u0131 incelemi\u015fti. Heyet, \u00f6nerilerini 1920 eyl\u00fcl\u00fcnde incelemeye sundu ve ba\u015fkan, karar\u0131n\u0131 kas\u0131m ay\u0131nda Avrupa devletlerine teslim etti. Bu karara istinaden Van ve Bitlis vilayetlerinin \u00fc\u00e7te ikisi, Erzrumun (Erzurum) hemen tamam\u0131, Trabzon Vilayeti\u2019nin b\u00fcy\u00fck k\u0131sm\u0131, liman da dahil olmak \u00fczere Ermenistana kalacakt\u0131. Bu alan toplam olarak yakla\u015f\u0131k 100 bin km<sup>2<\/sup> tutmaktayd\u0131.<\/p>\n<p style=\"text-align: justify;\">Transkafkasya\u2019da zaten var olan Ermenistan Cumhuriyeti\u2019yle birle\u015ftirilince, ba\u011f\u0131ms\u0131z Ermeni devletinin 160 bin km<sup>2<\/sup> alan\u0131 ve Karadenize \u00e7\u0131k\u0131\u015f\u0131 olacakt\u0131.<\/p>\n<p style=\"text-align: justify;\"><a rel=\"attachment wp-att-767\" href=\"http:\/\/akunq.net\/tr\/2010\/03\/04\/sevr-baris-antlasmasi\/carte_wilson-4d2264\/\"><img loading=\"lazy\" decoding=\"async\" class=\"alignnone size-full wp-image-767\" title=\"carte_wilson-4d2264\" src=\"http:\/\/akunq.net\/tr\/wp-content\/uploads\/2010\/05\/carte_wilson-4d2264.jpg\" alt=\"\" width=\"544\" height=\"638\" \/><\/a><\/p>\n<p style=\"text-align: justify;\">Sevr Bar\u0131\u015f Antla\u015fmas\u0131, Ermeni sorununun \u00e7\u00f6z\u00fcm\u00fcne etki yapabilecek ve Ermeni halk\u0131 milli b\u00fct\u00fcnle\u015fme konusunda yeterli alana sahip olacakt\u0131. L\u00e2kin, Sevr Bar\u0131\u015f Antla\u015fmas\u0131 k\u00e2\u011f\u0131t \u00fczerinde kald\u0131. Osmanl\u0131 H\u00fck\u00fcmeti dahi antla\u015fmay\u0131 tasdik etmedi. Kemalistler, bu antla\u015fman\u0131n tasdik edilmesini engellemeye y\u00f6nelik t\u00fcm giri\u015fimlerde bulundular ve ilk ad\u0131m olarak da tamamen yok etme amac\u0131yla, Ermenistan\u2019a kar\u015f\u0131 yeni bir sald\u0131r\u0131 tertiplediler. Sovyet Rusya ve Kemalist T\u00fcrkiye\u2019nin yak\u0131nla\u015fmas\u0131na etki eden yeni uluslar aras\u0131 siyasi durumdan faydalanarak Kemalistler bir y\u0131l sonra Sevr Antla\u015fmas\u0131\u2019n\u0131\u0131n tekrar g\u00f6zden ge\u00e7irilmesini ve fiili olarak ortadan kald\u0131r\u0131lmas\u0131n\u0131 ba\u015fard\u0131lar.<\/p>\n<p style=\"text-align: justify;\">Bu durum, 1923 Lozan Antla\u015fmas\u0131 (Lozan Konferans\u0131 1922-23) s\u0131ras\u0131nda etkisini g\u00f6sterdi. M\u00fcttefikler Mustafa Kemal\u2019in Ankara H\u00fck\u00fcmeti\u2019ni ve bu h\u00fck\u00fcmetin Do\u011fu Trakya, \u0130zmir, Kilikya ile Sevr Antla\u015fmas\u0131\u2019yla Ermenistan\u2019a ge\u00e7mi\u015f olan t\u00fcm topraklar \u00fczerindeki haklar\u0131n\u0131 tan\u0131d\u0131lar. Dahas\u0131, m\u00fcttefikler, Do\u011fu Ermenistan\u2019\u0131n eski b\u00f6lgeleri olan Kars, Ardahan, Surmalu\u2019yu (S\u00fcrmeli) i\u00e7ine alan T\u00fcrkiye\u2019nin yeni s\u0131n\u0131rlar\u0131n\u0131 da tan\u0131d\u0131lar. Bu, T\u00fcrkiye i\u00e7in kesin bir zaferdi.<\/p>\n<p style=\"text-align: justify;\">Tarihi Ermenistan\u2019\u0131n k\u00fc\u00e7\u00fck bir b\u00f6l\u00fcm\u00fc Sovyet Ermenistan\u0131 olarak var olmaya devam etti, fakat Ermenilerin b\u00fcy\u00fck k\u0131sm\u0131 d\u00fcnyaya da\u011f\u0131lm\u0131\u015f olarak kald\u0131. Sevr Antla\u015fmas\u0131 bug\u00fcn de Ermeni halk\u0131n\u0131n hakk\u0131na ula\u015fabilmesi yolunda Ermeni Sorunu\u2019nun adil \u00e7\u00f6z\u00fcm\u00fcn\u00fcn bir memorandumu olarak kalmaktad\u0131r.<\/p>\n<p style=\"text-align: justify;\">\u00a0<strong>R.Hovhannesyan<\/strong> (ABD)<\/p>\n<p style=\"text-align: justify;\">\u201cErmeni sorunu\u201d ansiklopedi, Yerevan, 1996.<\/p>\n","protected":false},"excerpt":{"rendered":"<p>\u00a0 Antla\u015fma 10 a\u011fustos 1920 tarihinde Sevr\u2019de (Paris yak\u0131nlar\u0131nda), Osmanl\u0131 \u0130mparatorlu\u011fu ve 1914-18 Birinci D\u00fcnya Sava\u015f\u0131\u2019n\u0131n galip \u00fclkeleri B\u00fcy\u00fck Britanya, Fransa, \u0130talya, Japonya, Bel\u00e7ika, Yunanistan, Polonya, Portekiz, Romanya, Ermenistan, \u00c7ekoslovakya, S\u0131rp, Horvat ve Slavon krall\u0131klar\u0131 aras\u0131nda imzalanm\u0131\u015ft\u0131r. Antla\u015fmay\u0131, Ermenistan Cumhuriyeti ad\u0131na Avetis Aharonyan imzalam\u0131\u015ft\u0131r. Avedis Aharonyan ve Bat\u0131 Ermenileri temsilcisi, Ulusal Heyet\u2019in Ba\u015fkan\u0131 Po\u011fos Nubar [&hellip;]<\/p>\n","protected":false},"author":7,"featured_media":0,"comment_status":"closed","ping_status":"open","sticky":false,"template":"","format":"standard","meta":{"footnotes":""},"categories":[22],"tags":[],"class_list":["post-764","post","type-post","status-publish","format-standard","hentry","category-gunumuzde-bati-ermenistan"],"yoast_head":"<!-- This site is optimized with the Yoast SEO plugin v27.4 - https:\/\/yoast.com\/product\/yoast-seo-wordpress\/ -->\n<title>Sevr Bar\u0131\u015f Antla\u015fmas\u0131 - Bati Ermenistan Ve Bati Ermenileri Sorunlari Ara\u015ftirmalar Merkezi<\/title>\n<meta name=\"robots\" content=\"index, follow, max-snippet:-1, max-image-preview:large, max-video-preview:-1\" \/>\n<link rel=\"canonical\" href=\"https:\/\/akunq.net\/tr\/?p=764\" \/>\n<meta property=\"og:locale\" content=\"en_US\" \/>\n<meta property=\"og:type\" content=\"article\" \/>\n<meta property=\"og:title\" content=\"Sevr Bar\u0131\u015f Antla\u015fmas\u0131 - Bati Ermenistan Ve Bati Ermenileri Sorunlari Ara\u015ftirmalar Merkezi\" \/>\n<meta property=\"og:description\" content=\"\u00a0 Antla\u015fma 10 a\u011fustos 1920 tarihinde Sevr\u2019de (Paris yak\u0131nlar\u0131nda), Osmanl\u0131 \u0130mparatorlu\u011fu ve 1914-18 Birinci D\u00fcnya Sava\u015f\u0131\u2019n\u0131n galip \u00fclkeleri B\u00fcy\u00fck Britanya, Fransa, \u0130talya, Japonya, Bel\u00e7ika, Yunanistan, Polonya, Portekiz, Romanya, Ermenistan, \u00c7ekoslovakya, S\u0131rp, Horvat ve Slavon krall\u0131klar\u0131 aras\u0131nda imzalanm\u0131\u015ft\u0131r. Antla\u015fmay\u0131, Ermenistan Cumhuriyeti ad\u0131na Avetis Aharonyan imzalam\u0131\u015ft\u0131r. Avedis Aharonyan ve Bat\u0131 Ermenileri temsilcisi, Ulusal Heyet\u2019in Ba\u015fkan\u0131 Po\u011fos Nubar [&hellip;]\" \/>\n<meta property=\"og:url\" content=\"https:\/\/akunq.net\/tr\/?p=764\" \/>\n<meta property=\"og:site_name\" content=\"Bati Ermenistan Ve Bati Ermenileri Sorunlari Ara\u015ftirmalar Merkezi\" \/>\n<meta property=\"article:published_time\" content=\"2010-03-04T11:10:17+00:00\" \/>\n<meta property=\"article:modified_time\" content=\"2010-05-05T11:11:08+00:00\" \/>\n<meta property=\"og:image\" content=\"http:\/\/akunq.net\/tr\/wp-content\/uploads\/2010\/05\/carte_wilson-4d2264.jpg\" \/>\n<meta name=\"author\" content=\"admin\" \/>\n<meta name=\"twitter:card\" content=\"summary_large_image\" \/>\n<meta name=\"twitter:label1\" content=\"Written by\" \/>\n\t<meta name=\"twitter:data1\" content=\"admin\" \/>\n\t<meta name=\"twitter:label2\" content=\"Est. reading time\" \/>\n\t<meta name=\"twitter:data2\" content=\"6 minutes\" \/>\n<script type=\"application\/ld+json\" class=\"yoast-schema-graph\">{\"@context\":\"https:\\\/\\\/schema.org\",\"@graph\":[{\"@type\":\"Article\",\"@id\":\"https:\\\/\\\/akunq.net\\\/tr\\\/?p=764#article\",\"isPartOf\":{\"@id\":\"https:\\\/\\\/akunq.net\\\/tr\\\/?p=764\"},\"author\":{\"name\":\"admin\",\"@id\":\"https:\\\/\\\/akunq.net\\\/tr\\\/#\\\/schema\\\/person\\\/096f1d38a12cce57fb855b485ed24c9e\"},\"headline\":\"Sevr Bar\u0131\u015f Antla\u015fmas\u0131\",\"datePublished\":\"2010-03-04T11:10:17+00:00\",\"dateModified\":\"2010-05-05T11:11:08+00:00\",\"mainEntityOfPage\":{\"@id\":\"https:\\\/\\\/akunq.net\\\/tr\\\/?p=764\"},\"wordCount\":1269,\"image\":{\"@id\":\"https:\\\/\\\/akunq.net\\\/tr\\\/?p=764#primaryimage\"},\"thumbnailUrl\":\"http:\\\/\\\/akunq.net\\\/tr\\\/wp-content\\\/uploads\\\/2010\\\/05\\\/carte_wilson-4d2264.jpg\",\"articleSection\":[\"G\u00fcn\u00fcm\u00fczde Bat\u0131 Ermenistan\"],\"inLanguage\":\"en-US\"},{\"@type\":\"WebPage\",\"@id\":\"https:\\\/\\\/akunq.net\\\/tr\\\/?p=764\",\"url\":\"https:\\\/\\\/akunq.net\\\/tr\\\/?p=764\",\"name\":\"Sevr Bar\u0131\u015f Antla\u015fmas\u0131 - Bati Ermenistan Ve Bati Ermenileri Sorunlari Ara\u015ftirmalar Merkezi\",\"isPartOf\":{\"@id\":\"https:\\\/\\\/akunq.net\\\/tr\\\/#website\"},\"primaryImageOfPage\":{\"@id\":\"https:\\\/\\\/akunq.net\\\/tr\\\/?p=764#primaryimage\"},\"image\":{\"@id\":\"https:\\\/\\\/akunq.net\\\/tr\\\/?p=764#primaryimage\"},\"thumbnailUrl\":\"http:\\\/\\\/akunq.net\\\/tr\\\/wp-content\\\/uploads\\\/2010\\\/05\\\/carte_wilson-4d2264.jpg\",\"datePublished\":\"2010-03-04T11:10:17+00:00\",\"dateModified\":\"2010-05-05T11:11:08+00:00\",\"author\":{\"@id\":\"https:\\\/\\\/akunq.net\\\/tr\\\/#\\\/schema\\\/person\\\/096f1d38a12cce57fb855b485ed24c9e\"},\"breadcrumb\":{\"@id\":\"https:\\\/\\\/akunq.net\\\/tr\\\/?p=764#breadcrumb\"},\"inLanguage\":\"en-US\",\"potentialAction\":[{\"@type\":\"ReadAction\",\"target\":[\"https:\\\/\\\/akunq.net\\\/tr\\\/?p=764\"]}]},{\"@type\":\"ImageObject\",\"inLanguage\":\"en-US\",\"@id\":\"https:\\\/\\\/akunq.net\\\/tr\\\/?p=764#primaryimage\",\"url\":\"https:\\\/\\\/akunq.net\\\/tr\\\/wp-content\\\/uploads\\\/sites\\\/6\\\/2010\\\/05\\\/carte_wilson-4d2264.jpg\",\"contentUrl\":\"https:\\\/\\\/akunq.net\\\/tr\\\/wp-content\\\/uploads\\\/sites\\\/6\\\/2010\\\/05\\\/carte_wilson-4d2264.jpg\",\"width\":\"800\",\"height\":\"1017\"},{\"@type\":\"BreadcrumbList\",\"@id\":\"https:\\\/\\\/akunq.net\\\/tr\\\/?p=764#breadcrumb\",\"itemListElement\":[{\"@type\":\"ListItem\",\"position\":1,\"name\":\"Home\",\"item\":\"https:\\\/\\\/akunq.net\\\/tr\"},{\"@type\":\"ListItem\",\"position\":2,\"name\":\"Sevr Bar\u0131\u015f Antla\u015fmas\u0131\"}]},{\"@type\":\"WebSite\",\"@id\":\"https:\\\/\\\/akunq.net\\\/tr\\\/#website\",\"url\":\"https:\\\/\\\/akunq.net\\\/tr\\\/\",\"name\":\"Bati Ermenistan Ve Bati Ermenileri Sorunlari Ara\u015ftirmalar Merkezi\",\"description\":\"\",\"potentialAction\":[{\"@type\":\"SearchAction\",\"target\":{\"@type\":\"EntryPoint\",\"urlTemplate\":\"https:\\\/\\\/akunq.net\\\/tr\\\/?s={search_term_string}\"},\"query-input\":{\"@type\":\"PropertyValueSpecification\",\"valueRequired\":true,\"valueName\":\"search_term_string\"}}],\"inLanguage\":\"en-US\"},{\"@type\":\"Person\",\"@id\":\"https:\\\/\\\/akunq.net\\\/tr\\\/#\\\/schema\\\/person\\\/096f1d38a12cce57fb855b485ed24c9e\",\"name\":\"admin\",\"url\":\"https:\\\/\\\/akunq.net\\\/tr\\\/?author=7\"}]}<\/script>\n<!-- \/ Yoast SEO plugin. -->","yoast_head_json":{"title":"Sevr Bar\u0131\u015f Antla\u015fmas\u0131 - Bati Ermenistan Ve Bati Ermenileri Sorunlari Ara\u015ftirmalar Merkezi","robots":{"index":"index","follow":"follow","max-snippet":"max-snippet:-1","max-image-preview":"max-image-preview:large","max-video-preview":"max-video-preview:-1"},"canonical":"https:\/\/akunq.net\/tr\/?p=764","og_locale":"en_US","og_type":"article","og_title":"Sevr Bar\u0131\u015f Antla\u015fmas\u0131 - Bati Ermenistan Ve Bati Ermenileri Sorunlari Ara\u015ftirmalar Merkezi","og_description":"\u00a0 Antla\u015fma 10 a\u011fustos 1920 tarihinde Sevr\u2019de (Paris yak\u0131nlar\u0131nda), Osmanl\u0131 \u0130mparatorlu\u011fu ve 1914-18 Birinci D\u00fcnya Sava\u015f\u0131\u2019n\u0131n galip \u00fclkeleri B\u00fcy\u00fck Britanya, Fransa, \u0130talya, Japonya, Bel\u00e7ika, Yunanistan, Polonya, Portekiz, Romanya, Ermenistan, \u00c7ekoslovakya, S\u0131rp, Horvat ve Slavon krall\u0131klar\u0131 aras\u0131nda imzalanm\u0131\u015ft\u0131r. Antla\u015fmay\u0131, Ermenistan Cumhuriyeti ad\u0131na Avetis Aharonyan imzalam\u0131\u015ft\u0131r. Avedis Aharonyan ve Bat\u0131 Ermenileri temsilcisi, Ulusal Heyet\u2019in Ba\u015fkan\u0131 Po\u011fos Nubar [&hellip;]","og_url":"https:\/\/akunq.net\/tr\/?p=764","og_site_name":"Bati Ermenistan Ve Bati Ermenileri Sorunlari Ara\u015ftirmalar Merkezi","article_published_time":"2010-03-04T11:10:17+00:00","article_modified_time":"2010-05-05T11:11:08+00:00","og_image":[{"url":"http:\/\/akunq.net\/tr\/wp-content\/uploads\/2010\/05\/carte_wilson-4d2264.jpg","type":"","width":"","height":""}],"author":"admin","twitter_card":"summary_large_image","twitter_misc":{"Written by":"admin","Est. reading time":"6 minutes"},"schema":{"@context":"https:\/\/schema.org","@graph":[{"@type":"Article","@id":"https:\/\/akunq.net\/tr\/?p=764#article","isPartOf":{"@id":"https:\/\/akunq.net\/tr\/?p=764"},"author":{"name":"admin","@id":"https:\/\/akunq.net\/tr\/#\/schema\/person\/096f1d38a12cce57fb855b485ed24c9e"},"headline":"Sevr Bar\u0131\u015f Antla\u015fmas\u0131","datePublished":"2010-03-04T11:10:17+00:00","dateModified":"2010-05-05T11:11:08+00:00","mainEntityOfPage":{"@id":"https:\/\/akunq.net\/tr\/?p=764"},"wordCount":1269,"image":{"@id":"https:\/\/akunq.net\/tr\/?p=764#primaryimage"},"thumbnailUrl":"http:\/\/akunq.net\/tr\/wp-content\/uploads\/2010\/05\/carte_wilson-4d2264.jpg","articleSection":["G\u00fcn\u00fcm\u00fczde Bat\u0131 Ermenistan"],"inLanguage":"en-US"},{"@type":"WebPage","@id":"https:\/\/akunq.net\/tr\/?p=764","url":"https:\/\/akunq.net\/tr\/?p=764","name":"Sevr Bar\u0131\u015f Antla\u015fmas\u0131 - Bati Ermenistan Ve Bati Ermenileri Sorunlari Ara\u015ftirmalar Merkezi","isPartOf":{"@id":"https:\/\/akunq.net\/tr\/#website"},"primaryImageOfPage":{"@id":"https:\/\/akunq.net\/tr\/?p=764#primaryimage"},"image":{"@id":"https:\/\/akunq.net\/tr\/?p=764#primaryimage"},"thumbnailUrl":"http:\/\/akunq.net\/tr\/wp-content\/uploads\/2010\/05\/carte_wilson-4d2264.jpg","datePublished":"2010-03-04T11:10:17+00:00","dateModified":"2010-05-05T11:11:08+00:00","author":{"@id":"https:\/\/akunq.net\/tr\/#\/schema\/person\/096f1d38a12cce57fb855b485ed24c9e"},"breadcrumb":{"@id":"https:\/\/akunq.net\/tr\/?p=764#breadcrumb"},"inLanguage":"en-US","potentialAction":[{"@type":"ReadAction","target":["https:\/\/akunq.net\/tr\/?p=764"]}]},{"@type":"ImageObject","inLanguage":"en-US","@id":"https:\/\/akunq.net\/tr\/?p=764#primaryimage","url":"https:\/\/akunq.net\/tr\/wp-content\/uploads\/sites\/6\/2010\/05\/carte_wilson-4d2264.jpg","contentUrl":"https:\/\/akunq.net\/tr\/wp-content\/uploads\/sites\/6\/2010\/05\/carte_wilson-4d2264.jpg","width":"800","height":"1017"},{"@type":"BreadcrumbList","@id":"https:\/\/akunq.net\/tr\/?p=764#breadcrumb","itemListElement":[{"@type":"ListItem","position":1,"name":"Home","item":"https:\/\/akunq.net\/tr"},{"@type":"ListItem","position":2,"name":"Sevr Bar\u0131\u015f Antla\u015fmas\u0131"}]},{"@type":"WebSite","@id":"https:\/\/akunq.net\/tr\/#website","url":"https:\/\/akunq.net\/tr\/","name":"Bati Ermenistan Ve Bati Ermenileri Sorunlari Ara\u015ftirmalar Merkezi","description":"","potentialAction":[{"@type":"SearchAction","target":{"@type":"EntryPoint","urlTemplate":"https:\/\/akunq.net\/tr\/?s={search_term_string}"},"query-input":{"@type":"PropertyValueSpecification","valueRequired":true,"valueName":"search_term_string"}}],"inLanguage":"en-US"},{"@type":"Person","@id":"https:\/\/akunq.net\/tr\/#\/schema\/person\/096f1d38a12cce57fb855b485ed24c9e","name":"admin","url":"https:\/\/akunq.net\/tr\/?author=7"}]}},"_links":{"self":[{"href":"https:\/\/akunq.net\/tr\/index.php?rest_route=\/wp\/v2\/posts\/764","targetHints":{"allow":["GET"]}}],"collection":[{"href":"https:\/\/akunq.net\/tr\/index.php?rest_route=\/wp\/v2\/posts"}],"about":[{"href":"https:\/\/akunq.net\/tr\/index.php?rest_route=\/wp\/v2\/types\/post"}],"author":[{"embeddable":true,"href":"https:\/\/akunq.net\/tr\/index.php?rest_route=\/wp\/v2\/users\/7"}],"replies":[{"embeddable":true,"href":"https:\/\/akunq.net\/tr\/index.php?rest_route=%2Fwp%2Fv2%2Fcomments&post=764"}],"version-history":[{"count":4,"href":"https:\/\/akunq.net\/tr\/index.php?rest_route=\/wp\/v2\/posts\/764\/revisions"}],"predecessor-version":[{"id":771,"href":"https:\/\/akunq.net\/tr\/index.php?rest_route=\/wp\/v2\/posts\/764\/revisions\/771"}],"wp:attachment":[{"href":"https:\/\/akunq.net\/tr\/index.php?rest_route=%2Fwp%2Fv2%2Fmedia&parent=764"}],"wp:term":[{"taxonomy":"category","embeddable":true,"href":"https:\/\/akunq.net\/tr\/index.php?rest_route=%2Fwp%2Fv2%2Fcategories&post=764"},{"taxonomy":"post_tag","embeddable":true,"href":"https:\/\/akunq.net\/tr\/index.php?rest_route=%2Fwp%2Fv2%2Ftags&post=764"}],"curies":[{"name":"wp","href":"https:\/\/api.w.org\/{rel}","templated":true}]}}