{"id":76186,"date":"2023-10-02T02:20:41","date_gmt":"2023-10-02T07:20:41","guid":{"rendered":"https:\/\/akunq.net\/tr\/?p=76186"},"modified":"2023-10-02T02:20:41","modified_gmt":"2023-10-02T07:20:41","slug":"turkiye-bir-cemaatler-takim-adasi-milliyetcilik-ise-bu-secimde-ortaya-cikmadi-zaten-hep-vardi","status":"publish","type":"post","link":"https:\/\/akunq.net\/tr\/?p=76186","title":{"rendered":"&#8220;T\u00fcrkiye bir cemaatler tak\u0131m adas\u0131, milliyet\u00e7ilik ise bu se\u00e7imde ortaya \u00e7\u0131kmad\u0131 zaten hep vard\u0131&#8221;"},"content":{"rendered":"<section class=\"entry-article-topper\">\n<div class=\"grid-x grid-margin-x\">\n<div class=\"cell\">\n<div class=\"entry-header clearfix has-avatar\">\n<div class=\"entry-subtitle\">\n<p><strong><em>T\u00fcrkiye bir se\u00e7imi daha geride b\u0131rakt\u0131. Bu d\u00f6nemin en \u00f6nemli unsurlar\u0131ndan biri milliyet\u00e7il.ik oldu. Independent T\u00fcrk\u00e7e, milliyet\u00e7ilik uzman\u0131 siyaset bilimci Prof. Dr. Umut \u00d6zk\u0131r\u0131ml\u0131&#8217;ya i\u015fin asl\u0131n\u0131 sordu.<\/em><\/strong><\/p>\n<\/div>\n<p class=\"author-avatar\"><a href=\"https:\/\/www.indyturk.com\/taxonomy\/term\/58226\"><img decoding=\"async\" src=\"https:\/\/www.indyturk.com\/sites\/default\/files\/styles\/150x150\/public\/_DSC1093%20son-min.jpg?itok=OCanWfQ3\" alt=\"\" \/><\/a><\/p>\n<div class=\"entry-meta-wrapper\">\n<div class=\"grid-x align-justify align-middle\">\n<div class=\"cell shrink\">\n<div class=\"entry-meta\">\n<div class=\"entry-meta-field entry-meta-author\"><strong><a href=\"https:\/\/www.indyturk.com\/taxonomy\/term\/58226\">Dora Meng\u00fc\u00e7\u00a0<\/a><\/strong><\/div>\n<\/div>\n<\/div>\n<\/div>\n<\/div>\n<\/div>\n<div class=\"entry-media\">\n<div class=\"entry-media-inner-img\"><img decoding=\"async\" class=\"lazy fill-content abs-element\" src=\"https:\/\/www.indyturk.com\/sites\/default\/files\/styles\/1368x911\/public\/article\/main_image\/2023\/05\/31\/1149616-1361836536.png?itok=1TJjy4FK\" \/><\/div>\n<div class=\"caption-field\">\n<p>Bu se\u00e7imlerle birlikte milliyet\u00e7ilik bulutlar\u0131n aras\u0131ndan \u00e7\u0131kt\u0131 m\u0131, yoksa zaten T\u00fcrkiye siyaseti i\u00e7in belirleyici miydi? \/ G\u00f6rsel: Canva<\/p>\n<\/div>\n<\/div>\n<\/div>\n<\/div>\n<\/section>\n<div class=\"grid-container\">\n<article class=\"entry-article\">\n<div class=\"grid-x align-justify\">\n<div class=\"content-wrap-holder cell\">\n<div class=\"region region-content\">\n<div id=\"block-system-main\" class=\"block block-system\">\n<div class=\"content\">\n<div class=\"content-wrap\">\n<div class=\"printable-area page-taxonomy-term-1681\" dir=\"ltr\">\n<div class=\"entry-content\" data-io-article-url=\"https:\/\/www.indyturk.com\/node\/635946\/r%C3%B6portaj\/t%C3%BCrkiye-bir-cemaatler-tak%C4%B1m-adas%C4%B1-milliyet%C3%A7ilik-ise-bu-se%C3%A7imde-ortaya-%C3%A7%C4%B1kmad%C4%B1\">\n<div class=\"field field-name-body field-type-text-with-summary field-label-hidden\">\n<div class=\"field-items\">\n<div class=\"field-item even\">\n<p class=\"rtejustify\"><em>Son se\u00e7imle birlikte en \u00e7ok konu\u015fulan konu ba\u015fl\u0131klar\u0131ndan biri &#8220;T\u00fcrkiye&#8217;de y\u00fckselen milliyet\u00e7ilik&#8221; oldu.<\/em><\/p>\n<p class=\"rtejustify\"><em>Milliyet\u00e7ilik zaten y\u00fckseli\u015fte de\u011fil miydi? \u00d6ylece, birdenbire mi ortaya \u00e7\u0131kt\u0131? \u00a0<\/em><\/p>\n<p class=\"rtejustify\"><em>Hem iktidar hem muhalefet cumhurba\u015fkanl\u0131\u011f\u0131nda ikinci tura giderken neden milliyet\u00e7ili\u011fe daha fazla sar\u0131lmak zorunda kald\u0131?<\/em><\/p>\n<p class=\"rtejustify\"><em>Bu siyasetteki yeni akt\u00f6rlerden mi sebepliydi yoksa ayn\u0131 politik iklimde bamba\u015fka bir denklem ile mi kar\u015f\u0131la\u015f\u0131ld\u0131?<\/em><\/p>\n<p class=\"rtejustify\"><em>Uzun s\u00fcredir T\u00fcrkiye toplumunda tart\u0131\u015f\u0131lan g\u00f6\u00e7men meselesi milliyet\u00e7ili\u011fin neden sadece bir yan\u0131n\u0131 etkiledi?<\/em><\/p>\n<p class=\"rtejustify\"><em>Gerek 14 May\u0131s sonras\u0131 \u015fekillenen yeni TBMM gerek Cumhurba\u015fkan\u0131 Recep Tayyip Erdo\u011fan&#8217;\u0131n se\u00e7ilmesinin ard\u0131ndan T\u00fcrkiye, yeni 100 y\u0131la do\u011fru y\u00fcr\u00fcrken daha fazla bir milliyet\u00e7i s\u00f6ylemle mi ku\u015fanacak?<\/em><\/p>\n<p class=\"rtejustify\"><em>Kendini milliyet\u00e7i olarak tan\u0131mlayan ve farkl\u0131 ittifaklar i\u00e7inde konumlanan MHP, \u0130Y\u0130 Parti, Zafer Partisi ve BBP&#8217;nin milletvekilli\u011fi se\u00e7imlerinde ald\u0131\u011f\u0131 oylar bir araya getirildi\u011finde y\u00fczde 23,72&#8217;lik bir oran ortaya \u00e7\u0131k\u0131yor.<\/em><\/p>\n<p class=\"rtejustify\"><em>Yani se\u00e7menin d\u00f6rtte biri tercihini T\u00fcrk milliyet\u00e7ili\u011fi \u00e7er\u00e7evesinde kullanm\u0131\u015f g\u00f6r\u00fcn\u00fcyor.<\/em><\/p>\n<p class=\"rtejustify\"><em>Peki T\u00fcrkiye tarihinin en milliyet\u00e7i ya da a\u015f\u0131r\u0131 sa\u011f d\u00f6nemine mi giriyor?<\/em><\/p>\n<p class=\"rtejustify\"><em>Ak\u0131llara tak\u0131lan sorular her zamanki gibi \u00e7ok.<\/em><\/p>\n<p class=\"rtejustify\"><em>&#8220;Milliyet\u00e7ilik Kuramlar\u0131&#8221;, &#8220;Milliyet\u00e7ilik ve T\u00fcrkiye \u0130li\u015fkileri&#8221;, &#8220;21. Y\u00fczy\u0131lda Milliyet\u00e7ilik&#8221; kitaplar\u0131n\u0131n yazar\u0131 Barselona Uluslararas\u0131 \u00c7al\u0131\u015fmalar Enstit\u00fcs\u00fc&#8217;nden milliyet\u00e7ilik uzman\u0131 siyaset bilimci Prof. Dr. Umut \u00d6zk\u0131r\u0131ml\u0131, uzun bir d\u00f6nemin ard\u0131ndan suskunlu\u011funu bozdu, Independent T\u00fcrk\u00e7e&#8217;nin sorular\u0131n\u0131 yan\u0131tlad\u0131.<\/em><\/p>\n<p class=\"rtejustify\"><em>&#8220;Mevzu Nedir?&#8221;\u00a0bu kez milliyet\u00e7ili\u011fi mevzu ediyor, s\u00f6yle\u015fi de burada ba\u015fl\u0131yor.<\/em><\/p>\n<p class=\"rtejustify\"><strong>&#8220;T\u00fcrkiye&#8217;de milliyet\u00e7ilik zaten belirleyici unsurdu&#8221;<\/strong><\/p>\n<p class=\"rtejustify\"><em><strong>Se\u00e7imi AK Parti ve Cumhurba\u015fkan\u0131 Erdo\u011fan kazand\u0131. Bir di\u011fer kazanan milliyet\u00e7iler denilebilir mi? Buradan hareketle -son d\u00f6nemlerde \u00e7ok pop\u00fcler oldu biliyorsunuz- milliyet\u00e7ilik h\u00e2kim bir ideoloji haline gelebilir mi T\u00fcrkiye&#8217;de?<\/strong><\/em><\/p>\n<p class=\"rtejustify\">Dora buradan ba\u015flad\u0131\u011f\u0131m\u0131z iyi oldu. 1994&#8217;te\u00a0y\u00fcksek lisans\u0131m\u0131 24 ya\u015f\u0131ndayken bitirdim. O zamandan beri s\u00fcrekli milliyet\u00e7ilik y\u00fckseliyor! Bitmedi bir t\u00fcrl\u00fc y\u00fckselmesi! Neredeyse 30 senedir bunun \u00fczerine \u00e7al\u0131\u015f\u0131yorum. S\u00fcrekli ilk cevap vermem gereken soru bu oluyor. Sana y\u00f6nelik bir ele\u015ftiri de\u011fil \u00e7\u00fcnk\u00fc herkes bunu soruyor. \u00c7ok hakl\u0131s\u0131n. S\u00fcrekli bir &#8220;<em>Milliyet\u00e7ilik y\u00fckseliyor mu, milliyet\u00e7ilik \u015f\u00f6yle mi, b\u00f6yle mi&#8221;\u00a0<\/em>deniyor. Evet, se\u00e7imin kazanan\u0131 Erdo\u011fan. \u015eunu s\u00f6yleyerek ba\u015flayal\u0131m.\u00a0<strong>Bu se\u00e7imler adil de\u011fil hatta baz\u0131 yabanc\u0131 bas\u0131n organlar\u0131nda yans\u0131t\u0131ld\u0131\u011f\u0131 gibi \u00f6zg\u00fcr bir se\u00e7im de de\u011fil. Hani bir taraftan &#8220;<em>Adil de\u011fil ama sonu\u00e7ta insanlar sand\u0131\u011fa gitti&#8221;<\/em>\u00a0deniyor ya\u2026 Hay\u0131r, bunu bilmiyoruz. Belli yerlerde insanlar sand\u0131kta \u00f6zg\u00fcrce oy verebildiler mi, veremediler mi? A\u00e7\u0131k\u00e7as\u0131 bunu bilmiyoruz. Sonu\u00e7ta otoriter bir rejimin sadece kendi me\u015fruiyetini sa\u011flamak i\u00e7in s\u00fcrd\u00fcrd\u00fc\u011f\u00fc bir se\u00e7imdi bu. Yine de demokrasi literat\u00fcr\u00fcnde &#8220;<em>rekabet\u00e7i otoriterlik&#8221;<\/em>\u00a0denilen bir hibrit ara rejim oldu\u011fu i\u00e7in T\u00fcrkiye, bu se\u00e7imlerde her \u015feye ra\u011fmen sonu\u00e7lar\u0131 de\u011fi\u015ftirmek m\u00fcmk\u00fcnd\u00fc. \u0130stanbul ve Ankara se\u00e7imlerinde \u00f6rne\u011fini de g\u00f6rm\u00fc\u015ft\u00fck.<\/strong>\n<\/p>\n<div class=\"dnd-widget-wrapper context-custom_gallery type-image\">\n<div class=\"dnd-atom-rendered\">\n<div class=\"entry-media-inner-img\"><img loading=\"lazy\" decoding=\"async\" title=\"2.png\" src=\"https:\/\/www.indyturk.com\/sites\/default\/files\/thumbnails\/image\/2023\/05\/31\/1149621-1419241574.png\" alt=\"2.png\" width=\"1200\" height=\"675\" \/><\/div>\n<\/div>\n<\/div>\n<p class=\"rtejustify\">\nBu anlamda muhalefetin \u00e7ok az da olsa bir kazanma penceresi vard\u0131. G\u00f6r\u00fcyoruz ki; bu yetmedi. Yani burada art\u0131k sistemin adil olmad\u0131\u011f\u0131n\u0131 verili kabul edersek asl\u0131nda muhalefete d\u00fc\u015fen en \u00f6nemli g\u00f6rev hem halk\u0131 ikna etmek, alternatif bir vizyon sunmak, hem de se\u00e7im g\u00fcvenli\u011fini, sand\u0131k g\u00fcvenli\u011fini sa\u011flamakt\u0131. Bunu en az\u0131ndan 14 May\u0131s&#8217;ta beceremediklerini biliyoruz. 28 May\u0131s&#8217;ta g\u00f6rece olarak daha iyi organize olmu\u015f gibi g\u00f6z\u00fck\u00fcyorlar. Zaten ilk iki tur aras\u0131ndaki oy fark\u0131 da \u00e7ok fazla de\u011fil; 2,5\u00a0milyon oy. Yani Erdo\u011fan \u00f6yle ya da b\u00f6yle se\u00e7imi kazand\u0131. Ya da \u015f\u00f6yle s\u00f6yleyelim: AKP&#8217;nin ve Erdo\u011fan&#8217;\u0131n hala ciddi bir destekleyici kitlesi var. Bu, birinci nokta. Bunun i\u00e7erisinde milliyet\u00e7ilik var m\u0131?\u00a0<strong>Milliyet\u00e7ilik zaten T\u00fcrk se\u00e7imlerinin T\u00fcrkiye&#8217;deki b\u00fct\u00fcn se\u00e7imlerin, hatta daha ileri gideyim, k\u00fcresel anlamda b\u00fct\u00fcn se\u00e7imlerin bir de\u011fi\u015fmezi. Var olan denklemin s\u00fcrekli bir par\u00e7as\u0131. Sonu\u00e7ta herhangi bir siyasetin, zaten normalde bir denklemin par\u00e7as\u0131. Bunun ad\u0131na isterseniz ABD&#8217;de oldu\u011fu gibi vatanseverlik deyin isterseniz ba\u015fka \u00fclkelerdeki gibi a\u00e7\u0131k\u00e7a milliyet\u00e7ilik deyin. Yani partiler, liderler kendi duru\u015flar\u0131na g\u00f6re bu milliyet\u00e7ili\u011fe farkl\u0131 adlar veriyor olabilirler. Ama T\u00fcrkiye&#8217;de milliyet\u00e7ili\u011fin belirleyici unsur oldu\u011funu zaten biliyoruz.<\/strong>\u00a0Yeni bir s\u00f6ylem geli\u015fti, &#8220;dip dalga&#8221;\u00a0falan diye. \u015eimdi dip dalga denilen \u015fey asl\u0131nda Avrupa&#8217;da, Bat\u0131&#8217;da y\u0131llard\u0131r g\u00f6rd\u00fc\u011f\u00fcm\u00fcz g\u00f6\u00e7men kar\u015f\u0131tl\u0131\u011f\u0131. Bunun T\u00fcrkiye&#8217;de \u015fimdi ya\u015fanmas\u0131n\u0131n sebebi g\u00f6\u00e7men say\u0131s\u0131n\u0131n Avrupa Birli\u011fi&#8217;yle yap\u0131lan anla\u015fma sonucu kontrols\u00fcz artmas\u0131. Avrupa Birli\u011fi&#8217;nin \u00fczerindeki y\u00fck\u00fc T\u00fcrkiye&#8217;ye atmak i\u00e7in Erdo\u011fan&#8217;la masaya oturarak vard\u0131\u011f\u0131 bir anla\u015fma sonucu bir anda m\u00fclteci say\u0131s\u0131n\u0131n patlamas\u0131\u2026 Hem Suriyeli hem Afgan m\u00fcltecilerin say\u0131s\u0131 h\u0131zla artt\u0131. Bu 10\u00a0milyon laf\u0131na ben pek inanm\u0131yorum tabii.<\/p>\n<p class=\"rtejustify\"><em><strong>BM&#8217;nin rakamlar\u0131yla \u00e7eli\u015fiyor zaten 10 milyon say\u0131s\u0131.<\/strong><\/em><\/p>\n<p class=\"rtejustify\">Evet. M\u00fclteci kar\u015f\u0131tl\u0131\u011f\u0131ndan beslenen bir milliyet\u00e7ilik uzun s\u00fcredir var. 4-5 senedir zaten vard\u0131.\u00a0<strong>Yani milliyet\u00e7ilik her zaman devam eden, de\u011fi\u015fmeyen bir unsur. Bunun bi\u00e7imleri, y\u00fczleri de\u011fi\u015febiliyor. \u015eu son d\u00f6nemde bunun m\u00fclteci kar\u015f\u0131tl\u0131\u011f\u0131 bi\u00e7imini ald\u0131\u011f\u0131n\u0131 g\u00f6r\u00fcyoruz ama milliyet\u00e7ilik zaten bukalemun gibidir. Yani hangi ortama koyarsan\u0131z onun rengini al\u0131r.<\/strong>\u00a0\u015eu an T\u00fcrkiye, Avrupa Birli\u011fi&#8217;nin \u00fcyeleri gibi bir \u015fey ya\u015f\u0131yor. Ve bu da do\u011fal bu arada. Yani ciddi bir m\u00fclteci problemimiz var.<\/p>\n<p class=\"rtejustify\"><strong>&#8220;\u00d6zda\u011f ile Wilders&#8217;in fark\u0131 yok&#8221;<\/strong><\/p>\n<p class=\"rtejustify\"><em><strong>Mesela Zafer Partisi Genel Ba\u015fkan\u0131 \u00dcmit \u00d6zda\u011f&#8217;\u0131 Hollanda&#8217;n\u0131n a\u015f\u0131r\u0131 sa\u011fc\u0131, g\u00f6\u00e7men kar\u015f\u0131t\u0131 politikac\u0131 Geert Wilders&#8217;e benzetenler var\u2026<\/strong><\/em><\/p>\n<p class=\"rtejustify\">Hi\u00e7bir farklar\u0131 yok. Mesela Zafer Partisi ile \u00f6zde\u015fle\u015ftirilen bir video vard\u0131. Son derece profesyonel videoydu. Gelecekteki T\u00fcrkiye&#8217;yi anlatan. Suriyeliler \u00e7o\u011funluk olmu\u015f. T\u00fcrkler az\u0131nl\u0131k, eziliyorlar falan. Bunlar zaten Avrupa sa\u011f\u0131n\u0131n y\u0131llard\u0131r kulland\u0131\u011f\u0131 \u015feyler\u2026 1980&#8217;ler, 1990&#8217;lardan beri 3-4\u00a0dalgadan bahsedilir. Milliyet\u00e7ilik, a\u015f\u0131r\u0131 sa\u011f ve pop\u00fclizm tart\u0131\u015fmalar\u0131nda \u00fc\u00e7\u00fcnc\u00fc dalga 1990&#8217;larda ba\u015flayan dalga.\n<\/p>\n<div class=\"dnd-widget-wrapper context-custom_gallery type-image\">\n<div class=\"dnd-atom-rendered\">\n<div class=\"entry-media-inner-img\"><img loading=\"lazy\" decoding=\"async\" title=\"\u00f6zda.png\" src=\"https:\/\/www.indyturk.com\/sites\/default\/files\/thumbnails\/image\/2023\/05\/31\/1149626-633056357.png\" alt=\"\u00f6zda.png\" width=\"1200\" height=\"675\" \/><\/div>\n<\/div>\n<\/div>\n<p class=\"rtejustify\">\nKi; bunun ilk \u00f6rne\u011fi de bu Avusturya&#8217;da J\u00f6rg Haider&#8217;in kurdu\u011fu partiydi. 1990&#8217;larda g\u00f6\u00e7men kar\u015f\u0131tl\u0131\u011f\u0131n\u0131n ana ak\u0131m taraf\u0131ndan da kullan\u0131lmaya ba\u015flamas\u0131. Yani bir \u015fekilde i\u00e7selle\u015ftirilmesi ile yeni bir dalgadan bahsedilir oldu. Sadece sa\u011f taraf\u0131ndan de\u011fil, sol taraf\u0131ndan da\u2026 Danimarka&#8217;daki sosyal demokratlar bunun en iyi \u00f6rne\u011fi. Bildi\u011finiz a\u015f\u0131r\u0131 sa\u011f g\u00f6\u00e7men politikalar\u0131n\u0131 benimsiyorlar.\u00a0<strong>Erdo\u011fan&#8217;\u0131n yapt\u0131\u011f\u0131 da pragmatik bir se\u00e7im bu arada. Yani Erdo\u011fan&#8217;\u0131n m\u00fcltecilerin y\u00fcksek \u00e7\u0131karlar\u0131n\u0131 h\u00fcmanist bir yerden savunmad\u0131\u011f\u0131n\u0131 biliyoruz. Avrupa Birli\u011fi&#8217;yle ne zaman \u00e7at\u0131\u015fsa ne diyor Erdo\u011fan ilk olarak? &#8220;<em>Koyar\u0131m otob\u00fcse yollar\u0131m hepsini.&#8221;<\/em><\/strong><\/p>\n<p class=\"rtejustify\"><strong>&#8220;G\u00f6\u00e7men meselesinin besledi\u011fi milliyet\u00e7ilik kart\u0131n\u0131 herkes oynad\u0131&#8221;<\/strong><\/p>\n<p class=\"rtejustify\"><em><strong>M\u00fclteci kart\u0131n\u0131 kullan\u0131yor?<\/strong><\/em><\/p>\n<p class=\"rtejustify\">Elbette, bu bir siyasi kart. Yar\u0131n \u00f6b\u00fcr g\u00fcn ba\u015fka bir \u015fey olsun, hemen \u00dcmit \u00d6zda\u011f&#8217;dan beter bir yere savrulacakt\u0131r. Zaten AKP&#8217;nin taban\u0131 ne? Mill\u00ee G\u00f6r\u00fc\u015f&#8217;ten gelen bir gelenek de\u011fil mi? \u00d6zda\u011f, O\u011fan\u2026 Komplo teorilerine fazla ra\u011fbet etmiyorum ama \u00e7ok basit bir \u015fekilde bu iki insan; biri muhalefete biri kazanan tarafa giderek zaten bu gruplar\u0131n i\u00e7inde olan milliyet\u00e7ili\u011fi devam ettirdiler. Bunun kar\u015f\u0131l\u0131\u011f\u0131 var.\u00a0<strong>Milliyet\u00e7ili\u011fin kar\u015f\u0131l\u0131\u011f\u0131 sadece s\u00f6ylendi\u011fi gibi \u0130\u00e7 Anadolu&#8217;da falan de\u011fil. Bunun kar\u015f\u0131l\u0131\u011f\u0131 b\u00fcy\u00fck \u015fehirlerde beyaz yakal\u0131 e\u011fitimli kitlelerde de var. Fatih Altayl\u0131 se\u00e7im gecesi &#8220;Suriyeliler se\u00e7imin sonucunu belli etti&#8221; diye tweet att\u0131\u011f\u0131 zaman buna inanan \u00e7ok ciddi bir kesim vard\u0131. Rakamlar\u0131n b\u00f6yle olmad\u0131\u011f\u0131n\u0131 biliyoruz. Ama \u00f6nemli olan bu de\u011fil. \u00d6nemli olan alg\u0131\u2026<\/strong>\n<\/p>\n<div class=\"dnd-widget-wrapper context-custom_image type-image\">\n<div class=\"dnd-atom-rendered\">\n<div class=\"entry-media-inner-img\"><em><img loading=\"lazy\" decoding=\"async\" title=\"umut.jpg\" src=\"https:\/\/www.indyturk.com\/sites\/default\/files\/styles\/800xauto\/public\/thumbnails\/image\/2023\/05\/31\/1149631-2073867671.jpg?itok=iXciF0GJ\" alt=\"umut.jpg\" width=\"800\" height=\"800\" \/><\/em><\/div>\n<\/div>\n<div class=\"dnd-caption-wrapper\">\n<div class=\"meta\"><em>Prof. Dr. Umut \u00d6zk\u0131r\u0131ml\u0131 \/ Foto\u011fraf: YouTube<\/em><\/div>\n<\/div>\n<\/div>\n<p class=\"rtejustify\">\nY\u0131llard\u0131r sosyal medyada ya\u015fanan tart\u0131\u015fmalara tan\u0131k oldu\u011fum i\u00e7in biliyorum. Mesela kad\u0131n hareketini de b\u00f6len bir \u015fey bu m\u00fclteci meselesi. \u00c7ok yak\u0131ndan tan\u0131d\u0131\u011f\u0131m\u0131z, sevdi\u011fimiz arkada\u015flar\u0131m\u0131zla ayr\u0131 d\u00fc\u015fmemize yol a\u00e7an \u015feyler var. Ve buna biraz sa\u011fduyuyla yakla\u015fmak gerekiyor. \u00c7\u00fcnk\u00fc ortada bir problem var do\u011fru. Peki bunu m\u00fclteci kar\u015f\u0131tl\u0131\u011f\u0131 \u00fczerine ya da \u0131rk\u00e7\u0131l\u0131\u011fa savrulmadan nas\u0131l hallederiz? Bunun daha hen\u00fcz cevab\u0131 bulunmu\u015f de\u011fil. Ama bunu besleyen bir milliyet\u00e7ilik var ve her parti buna oynad\u0131.<\/p>\n<p class=\"rtejustify\"><strong>&#8220;AK Parti se\u00e7meni de m\u00fclteci a\u015fk\u0131yla yan\u0131p tutu\u015fmuyor ama\u2026&#8221;<\/strong><\/p>\n<p class=\"rtejustify\"><em><strong>Her parti bunu oynad\u0131 diyorsunuz. Se\u00e7menin K\u0131l\u0131\u00e7daro\u011flu&#8217;na oy verme noktas\u0131nda \u00f6zellikle HDP \u00fczerinden ve iktidar\u0131n da iddia etti\u011fi -hatta propagandas\u0131n\u0131 yapt\u0131\u011f\u0131- gibi ter\u00f6rle i\u015f birli\u011fi \u00fczerinden baz\u0131 \u00e7ekinceleri olu\u015fmu\u015ftu. Sonu\u00e7lardan da bunu g\u00f6r\u00fcyoruz. Peki burada g\u00f6\u00e7menler meselesini yeniden ele alacak olursak, milyonlarca g\u00f6\u00e7men AK Parti se\u00e7meni taraf\u0131ndan sizce tehlikeli addedilmedi mi beyaz yakal\u0131lar\u0131n alg\u0131lad\u0131\u011f\u0131 gibi?<\/strong><\/em><\/p>\n<p class=\"rtejustify\">Bence \u00f6nemli bir unsur olarak g\u00f6r\u00fclmedi. \u00c7\u00fcnk\u00fc burada \u015f\u00f6yle bir \u015fey var. Benim de zaman\u0131nda hocam olan Y\u0131lmaz Esmer bir tweet att\u0131. S\u00f6yledi\u011fi \u00e7ok basit bir \u015fey var. Anket yapma i\u015fini T\u00fcrkiye&#8217;ye getiren isimlerden. Kimlik her zaman a\u015f\u0131, ekonomiyi, \u015funu, bunu yener diye.<\/p>\n<p class=\"rtejustify\"><em><strong>&#8220;Kimlik tencereyi yener&#8221; dedi Profes\u00f6r Y\u0131lmaz Esmer&#8230;<\/strong><\/em><\/p>\n<p class=\"rtejustify\">Evet. Olay bu kadar basit asl\u0131nda.\u00a0<strong>AK Parti&#8217;ye oy veren kitlenin hareket etti\u011fi ba\u015fka noktalar var. G\u00f6\u00e7menler burada birincil unsur de\u011fil. Bunu \u015fu sonuca varmayal\u0131m diye s\u00f6yl\u00fcyorum. AK Parti se\u00e7meni m\u00fclteci a\u015fk\u0131yla yan\u0131p tutu\u015furken sek\u00fcler kitle m\u00fclteci kar\u015f\u0131t\u0131 diye bir \u015fey yok. Asl\u0131nda herkes ayn\u0131. Sadece bunun nas\u0131l kanalize edildi\u011fi \u00f6nemli.<\/strong>\u00a0Yani duygular \u00fczerinden \u00e7al\u0131\u015f\u0131l\u0131yor.\n<\/p>\n<div class=\"dnd-widget-wrapper context-custom_image type-image\">\n<div class=\"dnd-atom-rendered\">\n<div class=\"entry-media-inner-img\"><em><img loading=\"lazy\" decoding=\"async\" title=\"te.jpg\" src=\"https:\/\/www.indyturk.com\/sites\/default\/files\/styles\/800xauto\/public\/thumbnails\/image\/2023\/05\/31\/1149636-1598659750.jpg?itok=A9x3_y31\" alt=\"te.jpg\" width=\"500\" height=\"375\" \/><\/em><\/div>\n<\/div>\n<div class=\"dnd-caption-wrapper\">\n<div class=\"meta\"><em>Foto\u011fraf: Cumhurba\u015fkanl\u0131\u011f\u0131\u00a0<\/em><\/div>\n<\/div>\n<\/div>\n<p class=\"rtejustify\">\n<em>&#8220;A\u015f\u0131r\u0131 sa\u011f\u0131n y\u00fckseldi\u011fi&#8221;\u00a0<\/em>konusunda y\u0131llard\u0131r tart\u0131\u015f\u0131lan mesele duygular\u0131n siyasi liderler taraf\u0131ndan nas\u0131l y\u00f6nlendirildi\u011fi meselesi. Bunun en iyi \u00f6rneklerinden biri Donald Trump zaten. Eski ABD Ba\u015fkan\u0131 sadece duygular \u00fczerinden gidiyordu. E\u011fer Erdo\u011fan yar\u0131n \u00e7\u0131k\u0131p\u00a0<em>&#8220;Suriyeliler sizin ekme\u011finizi \u00e7al\u0131yor&#8221;\u00a0<\/em>derse o kitle an\u0131nda g\u00f6\u00e7men kar\u015f\u0131tl\u0131\u011f\u0131na d\u00f6necek. \u015eu anda bunun \u00fczerinden de\u011fil ba\u015fka milliyet\u00e7ilik \u00fczerinden gidiliyor. \u00c7\u00fcnk\u00fc milliyet\u00e7ilik dedi\u011fim gibi renk renk\u2026 K\u0131rm\u0131z\u0131s\u0131n\u0131 de\u011fil ye\u015filini kullan\u0131yor. Diyor ki;\u00a0<em>&#8220;PKK bunlar ter\u00f6r \u00f6rg\u00fct\u00fc. Bunlar i\u015fte \u015f\u00f6yle b\u00f6yle falan&#8221;<\/em><\/p>\n<p class=\"rtejustify\"><strong>&#8220;K\u0131l\u0131\u00e7daro\u011flu kazansayd\u0131 m\u00fcltecileri hemen yollayabilecek miydi?&#8221;<\/strong><\/p>\n<p class=\"rtejustify\"><em><strong>Vatan\u0131n ve milletin b\u00f6l\u00fcnmez b\u00fct\u00fcnl\u00fc\u011f\u00fc s\u00f6ylemi\u2026<\/strong><\/em><\/p>\n<p class=\"rtejustify\">Tabii ki. Ayn\u0131 Erdo\u011fan&#8217;\u0131n K\u00fcrtlerle masaya oturdu\u011funu unutmayal\u0131m. Yani yine K\u00fcrt sevgisinden de\u011fil pragmatik sebeplerle, stratejik olarak\u2026\u00a0<strong>Erdo\u011fan bug\u00fcn K\u00fcrt kar\u015f\u0131t\u0131, bug\u00fcn g\u00f6\u00e7men taraftar\u0131, yar\u0131n g\u00f6\u00e7men kar\u015f\u0131t\u0131 olacak. K\u0131l\u0131\u00e7daro\u011flu bu kadar g\u00f6\u00e7men kar\u015f\u0131t\u0131 bir politikayla, daha do\u011frusu kampanyayla ikinci tura girdi. E\u011fer se\u00e7ilseydi ger\u00e7ekten ayn\u0131 derecede g\u00f6\u00e7men kar\u015f\u0131t\u0131 bir dille devam edecek miydi?<\/strong>\n<\/p>\n<div class=\"dnd-widget-wrapper context-custom_image type-image\">\n<div class=\"dnd-atom-rendered\">\n<div class=\"entry-media-inner-img\"><em><img loading=\"lazy\" decoding=\"async\" title=\"euro.jpg\" src=\"https:\/\/www.indyturk.com\/sites\/default\/files\/styles\/800xauto\/public\/thumbnails\/image\/2023\/05\/31\/1149641-2021687291.jpg?itok=nSm1hz7_\" alt=\"euro.jpg\" width=\"800\" height=\"446\" \/><\/em><\/div>\n<\/div>\n<div class=\"dnd-caption-wrapper\">\n<div class=\"meta\"><em>Foto\u011fraf: Euronews<\/em><\/div>\n<\/div>\n<\/div>\n<p class=\"rtejustify\">\nBunu da bilmiyoruz. Ko\u015fullara ba\u011fl\u0131. Varsayal\u0131m, K\u0131l\u0131\u00e7daro\u011flu cumhurba\u015fkan\u0131 oldu, Avrupa Birli\u011fi bu sefer K\u0131l\u0131\u00e7daro\u011flu&#8217;nu tebrik etti. Amerika&#8217;s\u0131, AB&#8217;si hepsi s\u0131raya girdi. Ondan sonra da bir telefon a\u00e7\u0131ld\u0131 Almanya&#8217;dan. &#8220;M\u00fclteci anla\u015fmas\u0131 devam edecek de\u011fil mi Kemal Bey?&#8221; Ne diyecekti Kemal K\u0131l\u0131\u00e7daro\u011flu? Hay\u0131r hepsini yolluyorum mu diyecekti Avrupa&#8217;ya?<\/p>\n<p class=\"rtejustify\"><em><strong>Kemal K\u0131l\u0131\u00e7daro\u011flu birinci turda alm\u0131\u015f oldu\u011fu sonucun ard\u0131ndan kampanyas\u0131n\u0131 de\u011fi\u015ftirdi. Zafer Partisi&#8217;yle protokol metni imzaland\u0131. Ama kampanyas\u0131ndan \u00f6nce 2 y\u0131l i\u00e7erisinde m\u00fcltecileri-s\u0131\u011f\u0131nmac\u0131lar\u0131 evine g\u00f6nderece\u011finden bahsederken ilk turdaki yenilgi sonras\u0131 &#8220;\u0130ktidara gelir gelmez g\u00f6nderece\u011fim&#8221; dedi. Protokolde ise &#8220;1 y\u0131l i\u00e7erisinde g\u00f6nderilecek&#8221; diye zikredilen bir s\u00fcre vard\u0131. Ama vaadi tutmad\u0131.<\/strong><\/em><\/p>\n<p class=\"rtejustify\">Zaten tutamazd\u0131 ki. Yani bunu K\u0131l\u0131\u00e7daro\u011flu bilmiyor mu? Ya da etraf\u0131ndakiler? \u015eimdi ne kadar olursa olsun g\u00f6\u00e7men say\u0131s\u0131 siz bunlar\u0131 bir sene i\u00e7inde tak diye nas\u0131l g\u00f6ndereceksiniz? Nereye g\u00f6ndereceksiniz? Bir kere Esad ile oturup anla\u015fman\u0131z gerekiyor. Rusya&#8217;yla ne yapacaks\u0131n\u0131z? Nereye g\u00f6ndereceksiniz? Avrupa&#8217;ya zaten g\u00f6nderemezsiniz. Avrupa kapatm\u0131\u015f s\u0131n\u0131rlar\u0131n\u0131. Avrupa&#8217;ya rest \u00e7ekmeniz gerekiyor. Rusya s\u0131n\u0131rlar\u0131n\u0131zda Ukrayna&#8217;yla sava\u015fta, dolay\u0131s\u0131yla gidip NATO&#8217;ya rest \u00e7ekecek haliniz de yok. Bunlar zaten \u00e7ok i\u00e7i dolu s\u00f6ylemler, vaatler de de\u011fildi. Ha, evet m\u00fclteci say\u0131s\u0131n\u0131 zaman i\u00e7erisinde yava\u015f yava\u015f eritmek gerekecek. Bu ayr\u0131 bir mesele.\u00a0<strong>Ama \u00d6zda\u011f&#8217;\u0131n dedi\u011fi gibi &#8220;Bunlar geliyor sizin ekme\u011finizi al\u0131yorlar. Biz de bunlar\u0131n hepsini yollayaca\u011f\u0131z&#8221; falan\u2026 Bunlar bo\u015f vaatlerdi, sadece duygulara oynamakt\u0131&#8230;\u00a0<\/strong>Ba\u015fka hi\u00e7bir \u015fey de\u011fil.<\/p>\n<p class=\"rtejustify\"><strong>&#8220;T\u00fcrkiye bir cemaatler tak\u0131m adas\u0131&#8221;<\/strong><\/p>\n<p class=\"rtejustify\"><em><strong>T\u00fcrkiye toplumunu nas\u0131l de\u011ferlendirirsiniz?<\/strong><\/em><\/p>\n<p class=\"rtejustify\">Bak\u0131n T\u00fcrkiye&#8217;de toplum yok.\u00a0<strong>T\u00fcrkiye&#8217;de birlikte, belli hedefler do\u011frultusunda hareket eden bir kitle yok. Tam tersine bir cemaatler tak\u0131m adas\u0131 T\u00fcrkiye. De\u011fi\u015fik de\u011fi\u015fik cemaatler var: sek\u00fclerler, milliyet\u00e7iler, K\u00fcrt milliyet\u00e7ileri, tarikatlar, siyasi \u0130slamc\u0131lar, Aleviler, \u015funlar, bunlar. Bunlar\u0131n hepsi belli durumlarda bir araya geliyorlar, ittifaklar kuruyorlar, sonra ayr\u0131\u015f\u0131yorlar. Ama ortak bir hedef u\u011fruna birlikte hareket eden klasik anlamda &#8220;millet&#8221; dedi\u011fimiz \u015fey T\u00fcrkiye&#8217;de yok. Bu \u00e7ok ac\u0131 bir \u015fey belki ama yani Atat\u00fcrk projesini getirebildi\u011fi yere kadar getirmi\u015f. Ama sonu\u00e7ta ortada bir birbiriyle \u00e7at\u0131\u015fan iki kutup var. Buna son d\u00f6nemde &#8220;k\u00fclt\u00fcr sava\u015flar\u0131&#8221; deniyor. Bence k\u00fclt\u00fcrden \u00e7ok &#8220;de\u011fer sava\u015flar\u0131&#8221; demek laz\u0131m.<\/strong>\u00a0\u00c7\u00fcnk\u00fc d\u00fcnyay\u0131 farkl\u0131 alg\u0131layan, farkl\u0131 de\u011fer yarg\u0131lar\u0131na sahip iki kitle var. Bu iki kitle birbiriyle anla\u015fmas\u0131, uzla\u015fmas\u0131 m\u00fcmk\u00fcn olmayan iki kitle. Sadece T\u00fcrkiye&#8217;de de\u011fil. Amerika&#8217;da da Trump\u00e7\u0131lar-Trump kar\u015f\u0131tlar\u0131. Fransa&#8217;ya gidin orada da \u00f6yle. \u0130spanya&#8217;ya gelin, \u015fu an ya\u015fad\u0131\u011f\u0131m yerde Katalanlar bir yanda, Vox taraftarlar\u0131 di\u011fer yanda&#8230; Bu b\u00f6yle gidiyor. Bunun ortas\u0131n\u0131 bulman\u0131n yollar\u0131 var m\u0131? Var muhakkak. Ama bu da ba\u015fka bir konu\u015fma konusu.<\/p>\n<p class=\"rtejustify\"><strong>&#8220;\u015eu anda ya\u015fad\u0131\u011f\u0131m\u0131z agresif ve d\u0131\u015flay\u0131c\u0131 bir milliyet\u00e7ilik&#8221;<\/strong><\/p>\n<p class=\"rtejustify\"><em><strong>&#8220;T\u00fcrkl\u00fck&#8221; denince ak\u0131llara kan ba\u011f\u0131, milletin b\u00f6l\u00fcnmez b\u00fct\u00fcnl\u00fc\u011f\u00fc, M\u00fcsl\u00fcmanl\u0131k, gibi kavramlar geliyor. Bunun haricinde T\u00fcrkl\u00fck \u00fczerinden y\u00fcr\u00fct\u00fclecek bir milliyet\u00e7i siyasan\u0131n bin bir \u015fekli oldu\u011funu s\u00f6ylemek m\u00fcmk\u00fcnd\u00fcr herhalde de\u011fil mi? K\u00f6kene dayal\u0131 bir milliyet\u00e7ilik, dine ya da k\u00fclt\u00fcre dayal\u0131 milliyet\u00e7ilik? T\u00fcrkiye&#8217;nin \u00f6n\u00fcm\u00fczdeki d\u00f6nemde -elbette bu soru \u00e7ok spek\u00fclatif cevaplar da bar\u0131nd\u0131rabilecek bir soru ama- bu \u00e7o\u011ful milliyet\u00e7iliklerden hangisini ya\u015fama ihtimali daha y\u00fcksek olabilir?<\/strong><\/em><\/p>\n<p class=\"rtejustify\">\u015eu an \u00e7ok d\u0131\u015flay\u0131c\u0131, \u00e7ok agresif, \u00e7ok tepkisel, reaksiyoner, gerici bir milliyet\u00e7ilik anlay\u0131\u015f\u0131 h\u00e2kim olacak gibi g\u00f6z\u00fck\u00fcyor. &#8220;Milliyet\u00e7ilik etnik mi, siyasi mi, \u015fu mu, bu mu?&#8221; meselesine hi\u00e7 girmiyorum. Bu tamamen yanl\u0131\u015f bir soru. Teorik olarak da art\u0131k bu bunun ciddiye alan kimse yok. Her milliyet\u00e7ilik hem k\u00fclt\u00fcrel\u00a0hem siyasal. Bu k\u00fclt\u00fcr\u00fcn i\u00e7erisine kimi zaman etnik k\u00f6keni de sokabilirsiniz, \u0131rk\u0131 da sokabilirsiniz, dini de sokabilirsiniz. \u015e\u00f6yle demek daha do\u011fru. Daha negatif bir milliyet\u00e7ilik mi, daha pozitif mi? Bir yere do\u011fru evrilecek, evet.\n<\/p>\n<div class=\"dnd-widget-wrapper context-custom_image type-image\">\n<div class=\"dnd-atom-rendered\">\n<div class=\"entry-media-inner-img\"><em><img loading=\"lazy\" decoding=\"async\" title=\"3.png\" src=\"https:\/\/www.indyturk.com\/sites\/default\/files\/styles\/800xauto\/public\/thumbnails\/image\/2023\/05\/31\/1149646-292061218.png?itok=dBwCl4Ck\" alt=\"3.png\" width=\"800\" height=\"450\" \/><\/em><\/div>\n<\/div>\n<div class=\"dnd-caption-wrapper\">\n<div class=\"meta\"><em>Bah\u00e7eli ve Erdo\u011fan \/ Tasar\u0131m: Independent T\u00fcrk\u00e7e<\/em><\/div>\n<\/div>\n<\/div>\n<p class=\"rtejustify\">\n<strong>Ben \u015fu an gidilen noktan\u0131n son derece d\u0131\u015flay\u0131c\u0131, son derece reaksiyonel bir milliyet\u00e7ilik tarz\u0131 olaca\u011f\u0131n\u0131 d\u00fc\u015f\u00fcn\u00fcyorum. Tabii ayr\u0131\u015ft\u0131r\u0131c\u0131 bir milliyet\u00e7ilik. \u00c7\u00fcnk\u00fc ondan besleniyor zaten. Yani sadece d\u0131\u015far\u0131ya y\u00f6nelik de\u011fil. Eskiden Kemalizm ya da ordunun h\u00e2kim oldu\u011fu d\u00f6nemlerde d\u0131\u015far\u0131ya kar\u015f\u0131, &#8220;T\u00fcrk&#8217;\u00fcn T\u00fcrk&#8217;ten ba\u015fka dostu yok&#8221;\u00a0\u015fiar\u0131 \u00fczerinden y\u00fcr\u00fcyen bir milliyet\u00e7ilik vard\u0131. Bug\u00fcn art\u0131k T\u00fcrk&#8217;\u00fcn de dost olup olmad\u0131\u011f\u0131ndan emin olmayan birtak\u0131m ba\u015fka T\u00fcrkler var.\u00a0<\/strong>Yani T\u00fcrk&#8217;\u00fcn T\u00fcrk&#8217;ten dostu olur mu, ondan bile emin olmayan bir kitle var. Bu kitle \u015fu an K\u00fcrt kar\u015f\u0131t\u0131, LGBT\u0130 gibi farkl\u0131 ya\u015fam tarzlar\u0131na d\u00fc\u015fman, kad\u0131n\u0131 tan\u0131mlama konusunda \u00e7ok ciddi problemleri var. Kad\u0131n sadece \u00e7ocuk do\u011furan, evde \u00e7ocuk b\u00fcy\u00fcten bir metaya indirgenmi\u015f durumda bu kitlenin g\u00f6z\u00fcnde. D\u0131\u015fa kar\u015f\u0131 zaten emperyalist oldu\u011funu biliyoruz. Libya&#8217;da askerin var. Afganistan&#8217;da var. Gizlice Azerbaycan&#8217;a yard\u0131m ediyorsun. E, Suriye&#8217;ye girmi\u015fsin, Irak&#8217;la anla\u015f\u0131yorsun falan. B\u00f6yle bir milliyet\u00e7ilik var.\u00a0<strong>Mesela K\u0131l\u0131\u00e7daro\u011flu se\u00e7ilseydi muhtemelen bu emperyalist \u00f6\u011fe olmayacakt\u0131. Daha \u00e7ok Atat\u00fcrk gibi kendi s\u0131n\u0131rlar\u0131 i\u00e7ine \u00e7ekilen bir milliyet\u00e7ilik olacakt\u0131. Dolay\u0131s\u0131yla \u015fu an kar\u015f\u0131 kar\u015f\u0131ya oldu\u011fumuz \u00e7ok k\u00f6t\u00fc bir milliyet\u00e7ilik t\u00fcr\u00fc.<\/strong>\u00a0D\u00fc\u015fman fig\u00fcr\u00fc sadece Avrupa, d\u0131\u015far\u0131s\u0131 de\u011fil. Onlarla zaten u\u011fra\u015f\u0131yor. Ama i\u00e7eride y\u0131llard\u0131r s\u00fcrmekte olan kelle avc\u0131l\u0131\u011f\u0131 devam edecek gibi g\u00f6z\u00fck\u00fcyor. \u00c7\u00fcnk\u00fc ba\u015fka t\u00fcrl\u00fc ayakta kalamayacaklar.<\/p>\n<p class=\"rtejustify\"><strong>K\u00fcrt milliyet\u00e7ili\u011fi y\u00fckselir mi?<\/strong><\/p>\n<p class=\"rtejustify\"><em><strong>\u015eimdi herkes &#8220;T\u00fcrk milliyet\u00e7ili\u011fi y\u00fckseliyor mu, y\u00fckseldi mi, nas\u0131l y\u00fckseldi, bi\u00e7imi ne?&#8221; diye tart\u0131\u015f\u0131rken K\u00fcrt milliyet\u00e7ili\u011fi de sizce y\u00fckseli\u015fe ge\u00e7er mi T\u00fcrkiye&#8217;de?<\/strong><\/em><\/p>\n<p class=\"rtejustify\">Asl\u0131nda o da bir sabit. Yani y\u00fckselmek derken sonu\u00e7ta K\u00fcrt milliyet\u00e7ili\u011fi bir varolu\u015f m\u00fccadelesi i\u00e7inde oldu\u011fu i\u00e7in son derece g\u00fc\u00e7l\u00fc bir milliyet\u00e7ilik. Ayr\u0131ca K\u00fcrt milliyet\u00e7ili\u011fi ile ilgili \u015funu da s\u00f6yleyelim. K\u00fcrt milliyet\u00e7ili\u011finin de bir Abdullah \u00d6calan ki\u015filik k\u00fclt\u00fc \u00fczerinden y\u00fckselen son derece etnik otoriter y\u00f6nleri var. Yani asl\u0131nda T\u00fcrk milliyet\u00e7ili\u011finden \u00e7ok da farkl\u0131 bir milliyet\u00e7ilik t\u00fcr\u00fcnden bahsetmiyoruz. Buradaki fark ne? Bir tanesinin \u00e7o\u011funluk ve daha g\u00fc\u00e7l\u00fc olan konumda olmas\u0131. Yani g\u00fc\u00e7 dengeleri, iktidar dengeleri a\u00e7\u0131s\u0131ndan K\u00fcrt milliyet\u00e7ili\u011fi savunmac\u0131 bir konumda. S\u00f6m\u00fcrge sonras\u0131 milliyet\u00e7ilikleri gibi daha defansif bir yerden kurulan bir milliyet\u00e7ilik. \u00d6zg\u00fcrl\u00fck\u00e7\u00fc bir milliyet\u00e7ilik anlay\u0131\u015f\u0131 de\u011fil.\n<\/p>\n<div class=\"dnd-widget-wrapper context-custom_gallery type-image\">\n<div class=\"dnd-atom-rendered\">\n<div class=\"entry-media-inner-img\"><img loading=\"lazy\" decoding=\"async\" title=\"demirta\u015f.jpg\" src=\"https:\/\/www.indyturk.com\/sites\/default\/files\/thumbnails\/image\/2023\/05\/31\/1149651-63984436.jpg\" alt=\"demirta\u015f.jpg\" width=\"1500\" height=\"945\" \/><\/div>\n<\/div>\n<\/div>\n<p class=\"rtejustify\">\n<strong>Son d\u00f6nemde belki k\u00f6pr\u00fcy\u00fc ge\u00e7ene kadar Kemal K\u0131l\u0131\u00e7daro\u011flu&#8217;na tamam dendi, \u00d6zda\u011f&#8217;a ses \u00e7\u0131kart\u0131lmad\u0131 ama bunun devam etmesi halinde, Erdo\u011fan&#8217;\u0131n Selahattin Demirta\u015f&#8217;\u0131 hedef alan s\u00f6zlerinden anlad\u0131\u011f\u0131m\u0131z kadar\u0131yla artt\u0131r\u0131lmas\u0131 durumunda K\u00fcrt milliyet\u00e7ili\u011fi de tabii ki daha sald\u0131rganla\u015facak.<\/strong>\u00a0Ve bu do\u011fal. Sonu\u00e7ta K\u00fcrtler de var olu\u015f m\u00fccadelesi veriyor. Sadece \u015fu anda kendini tehdit alt\u0131nda hisseden b\u00fcy\u00fck\u015fehirlerdeki beyaz yakal\u0131lar, kad\u0131nlar, LGBT\u0130&#8217;ler de\u011fil. \u00dcstelik parlamentoda 60-70 milletvekilleri var. Bir m\u00fccadele de orada verilecek. Burada k\u00fc\u00e7\u00fck partiler ne yapacak onu da bilmiyoruz. \u00c7\u00fcnk\u00fc malum se\u00e7im stratejisi uyar\u0131nca bir s\u00fcr\u00fc k\u00fc\u00e7\u00fck parti de sokuldu i\u00e7eri.<\/p>\n<p class=\"rtejustify\"><strong>&#8220;Bu ko\u015fullar alt\u0131nda Erdo\u011fan&#8217;\u0131 yenmek m\u00fcmk\u00fcn de\u011fil&#8221;<\/strong><\/p>\n<p class=\"rtejustify\"><em><strong>Son soru milliyet\u00e7ilikten biraz daha ba\u011f\u0131ms\u0131z olarak genel itibar\u0131yla se\u00e7im sonucunu nas\u0131l yorumluyorsunuz? Erdo\u011fan sizce yenilmez bir fig\u00fcr m\u00fc? Yoksa aslen muhalefetin tercihlerinde bir hata m\u0131 var? S\u00f6z gelimi mesela i\u015fte K\u0131l\u0131\u00e7daro\u011flu se\u00e7imin ard\u0131ndan yapm\u0131\u015f oldu\u011fu a\u00e7\u0131klamada \u00f6zetle &#8220;Buraday\u0131z, yola devam&#8221; dedi. Bu baz\u0131 kesimlerce \u00e7ok ele\u015ftirildi. Tek s\u0131k\u0131nt\u0131 sizce aday profilinde miydi?<\/strong><\/em><\/p>\n<p class=\"rtejustify\">Hay\u0131r, ben b\u00fct\u00fcn say\u0131lan fakt\u00f6rlerin \u00e7ok y\u00fczeysel a\u00e7\u0131klamalar oldu\u011funu d\u00fc\u015f\u00fcn\u00fcyorum. \u00c7\u00fcnk\u00fc hepsi hipotezlere dayal\u0131, hepsi varsay\u0131mlara dayal\u0131.\u00a0<strong>&#8220;\u0130mamo\u011flu aday olsun&#8221; diye bildiri yay\u0131nlayan, neredeyse muhalefete muht\u0131ra veren (\u00fcstelik bunu siyaset bilimci kimli\u011fine dayanarak yapan) insanlar da oldu. Bunlar\u0131n hepsi belli \u00e7\u0131kar ili\u015fkilerine dayal\u0131. Yani \u015funu s\u00f6yleyerek ba\u015flamak laz\u0131m asl\u0131nda. Bu ko\u015fullar alt\u0131nda, bu kadar antidemokratik bir ortamda Erdo\u011fan&#8217;\u0131 yenmek m\u00fcmk\u00fcn g\u00f6z\u00fckm\u00fcyor.<\/strong><\/p>\n<p class=\"rtejustify\"><em><strong>&#8220;Erdo\u011fan&#8217;\u0131n elinin bu kadar \u00f6zellikle T\u00fcrkiye&#8217;nin ekonomik gidi\u015f anlam\u0131nda zay\u0131f oldu\u011fu bir d\u00f6nemde yenilemez miydi?&#8221; diye soranlar da var.<\/strong><\/em><\/p>\n<p class=\"rtejustify\">Tekrar edeyim, bu ko\u015fullar alt\u0131nda zaten yenmek \u00e7ok zor ya da imkans\u0131za yak\u0131n. Birinci s\u00f6ylememiz gereken \u015fey bu. \u0130kincisi muhalefet daha farkl\u0131 davranabilir miydi? Burada bir s\u00fcr\u00fc geriye d\u00f6n\u00fck soru sorabilirsiniz. Daha erken aday belirlenseydi, Meral Ak\u015fener masadan kalkmasayd\u0131, ne bileyim \u0130mamo\u011flu ya da Mansur Yava\u015f aday olsayd\u0131 vs. B\u00fct\u00fcn bunlar varsay\u0131m. Bunun alt\u0131n\u0131 \u0131srarla \u00e7izelim. Neden? \u00c7\u00fcnk\u00fc bilmiyoruz. \u0130mamo\u011flu aday olsayd\u0131 tutuklanacak m\u0131yd\u0131? Yerine Kemal K\u0131l\u0131\u00e7daro\u011flu aday olsa daha m\u0131 pop\u00fcler olacakt\u0131? Mansur Yava\u015f aday olsayd\u0131 K\u00fcrtler gidecekti, bu sefer ne olacakt\u0131? Ben ciddi hatalar yap\u0131ld\u0131\u011f\u0131n\u0131 d\u00fc\u015f\u00fcn\u00fcyorum elbette. Ama bu hatalara dayanarak, \u015f\u00f6yle olsayd\u0131, b\u00f6yle olmazd\u0131, bunu demek m\u00fcmk\u00fcn de\u011fil. Mesela Kemal K\u0131l\u0131\u00e7daro\u011flu benim ki\u015fisel olarak haz etmedi\u011fim, ge\u00e7mi\u015fte \u00e7ok ele\u015ftirdi\u011fim bir ki\u015fi.\u00a0<strong>T\u00fcrkiye&#8217;de bir Alevi&#8217;nin se\u00e7im kazanamayaca\u011f\u0131na dair yorumlar\u0131n da \u00e7ok yanl\u0131\u015f oldu\u011funu d\u00fc\u015f\u00fcnm\u00fcyorum. Yani bu kimli\u011fe kar\u015f\u0131 mant\u0131kl\u0131 olmamakla birlikte b\u00f6yle bir \u00f6n yarg\u0131 var. Bunu biliyoruz. Fakat benim d\u00fc\u015f\u00fcnceme g\u00f6re, ki bu tamamen ki\u015fisel g\u00f6r\u00fc\u015f\u00fcm, akademik kimli\u011fimi bir kenara b\u0131rakarak konu\u015fuyorum. Ben son bir ay i\u00e7erisinde, hatta T\u00fcrkiye&#8217;ye de geldim son bir haftada, K\u0131l\u0131\u00e7daro\u011flu&#8217;nun elinden geleni yapt\u0131\u011f\u0131n\u0131 d\u00fc\u015f\u00fcn\u00fcyorum. &#8220;Elinden geleni yapt\u0131&#8221; derken hatas\u0131z oldu\u011funu savunmuyorum. As\u0131l hata aday olmas\u0131nda ya da aday kimli\u011finde de\u011fil, genel merkezi kontrol edememesi, \u015faibeli isimlerle i\u015fi g\u00f6t\u00fcrmeye devam etmesi. Tuncay \u00d6zkan&#8217;dan tutun da ileti\u015fim ekibine kadar\u2026<\/strong>\n<\/p>\n<div class=\"dnd-widget-wrapper context-custom_gallery type-image\">\n<div class=\"dnd-atom-rendered\">\n<div class=\"entry-media-inner-img\"><img loading=\"lazy\" decoding=\"async\" title=\"EAE\u0130AE.png\" src=\"https:\/\/www.indyturk.com\/sites\/default\/files\/thumbnails\/image\/2023\/05\/31\/1149661-164822777.png\" alt=\"EAE\u0130AE.png\" width=\"1200\" height=\"675\" \/><\/div>\n<\/div>\n<\/div>\n<p class=\"rtejustify\">\nBir s\u00fcr\u00fc ba\u015fka problemler var orada. Art\u0131 parti i\u00e7i demokrasi olmad\u0131\u011f\u0131 da ortada. Yani bir CHP sorunu var. K\u0131l\u0131\u00e7daro\u011flu&#8217;ndan daha b\u00fcy\u00fck bir sorun bence. Daha \u00f6nce de vard\u0131. Baykal d\u00f6neminde de vard\u0131. K\u0131l\u0131\u00e7daro\u011flu&#8217;nda da var. Muhtemelen ondan sonras\u0131nda da olmaya devam edecek.\u00a0<strong>\u0130mamo\u011flu mesela diyelim ki hani herkes onu bekliyor ya gelecek, CHP&#8217;nin ba\u015f\u0131na ge\u00e7ecek. Ge\u00e7ebilir mi, belli de\u011fil. Ge\u00e7se bir \u015fey de\u011fi\u015fecek mi? Bence hi\u00e7bir \u015fey de\u011fi\u015fmeyecek. Yani bir kadronun yerine ba\u015fkas\u0131 ge\u00e7ecek. Demokratikle\u015fme ba\u015fka bir \u015fey.\u00a0<\/strong>Bu anlay\u0131\u015f\u0131 yerle\u015ftirmek o kadar kolay bir \u015fey de\u011fil bir geceden bir geceye.<\/p>\n<p class=\"rtejustify\"><em><strong>\u00d6rg\u00fct deyince\u2026 \u00d6rne\u011fin AK Parti&#8217;nin, 2001 senesinde kurulmu\u015f bir partinin \u00fcye say\u0131s\u0131 son yirmi senede kurulan partilere bakt\u0131\u011f\u0131m\u0131zda t\u00fcm d\u00fcnyada birinci s\u0131rada, genel anlamda da d\u00fcnyada da alt\u0131nc\u0131 s\u0131rada. Cumhuriyetin kurucu partisi CHP&#8217;nin \u00fcye say\u0131s\u0131 i\u015fte \u00e7ok daha az. \u00d6rg\u00fctle de ilgili bir s\u0131k\u0131nt\u0131 m\u0131 var?<\/strong><\/em><\/p>\n<p class=\"rtejustify\">\u00d6rg\u00fct\u00fcn kendisi de demokratik de\u011fil. Neden i\u00e7ine kapal\u0131? Neden genel merkezde se\u00e7im gecesinde belli isimlerin d\u0131\u015f\u0131nda kimseye bilgi ak\u0131\u015f\u0131 sa\u011flanmad\u0131? Bir s\u00fcr\u00fc soru \u00fcretilebilir. Sezar&#8217;\u0131n hakk\u0131 Sezar&#8217;a k\u0131sm\u0131n\u0131 da s\u00f6ylemek istiyorum. Ben K\u0131l\u0131\u00e7daro\u011flu&#8217;nun video \u00e7ekip &#8220;Ben Alevi&#8217;yim&#8221; demesini sembolik anlamda \u00e7ok \u00f6nemli buluyorum. Bu bir \u015feyin y\u0131k\u0131lmas\u0131yd\u0131. Ba\u015fka \u015fans\u0131 var m\u0131yd\u0131, yok muydu? Bunu ge\u00e7elim. Bunu s\u00f6ylemeden idare edebilirdi. Dolay\u0131s\u0131yla yapt\u0131\u011f\u0131 \u00f6nemli \u015feyler de var. Elinden geleni yapt\u0131. Olmad\u0131. Ba\u015fkas\u0131 olsayd\u0131 daha iyi olur muydu? \u00dczerinde saatlerce konu\u015fabiliriz ama cevab\u0131 bilemeyiz. Hi\u00e7bir zaman da bilemeyece\u011fiz. \u00c7\u00fcnk\u00fc kar\u015f\u0131 taraf\u0131n\u0131zda oyunu kurallar\u0131na g\u00f6re oynayan birisi yok. Hani futbol \u00f6rne\u011fi veriliyor ya s\u00fcrekli. Kalenin boyutlar\u0131n\u0131 de\u011fi\u015ftiriyor. Zaten hakem sat\u0131n al\u0131nm\u0131\u015f, \u015fu bu. Bu \u015fartlar alt\u0131nda olabildi\u011fince m\u00fccadele etti.\n<\/p>\n<div class=\"dnd-widget-wrapper context-custom_gallery type-image\">\n<div class=\"dnd-atom-rendered\">\n<div class=\"entry-media-inner-img\"><img loading=\"lazy\" decoding=\"async\" title=\"KK \u0130M.jpg\" src=\"https:\/\/www.indyturk.com\/sites\/default\/files\/thumbnails\/image\/2023\/05\/31\/1149666-472747006.jpg\" alt=\"KK \u0130M.jpg\" width=\"740\" height=\"511\" \/><\/div>\n<\/div>\n<\/div>\n<p class=\"rtejustify\">\n<strong>Diyelim K\u0131l\u0131\u00e7daro\u011flu olmad\u0131, \u0130mamo\u011flu oldu ya da kabul edilebilir ba\u015fka birisi se\u00e7ildi. D\u0131\u015far\u0131dan birini getirdiler. Yine oyunun kurallar\u0131n\u0131 de\u011fi\u015ftireceklerdi. Ona g\u00f6re bu sefer de onun \u00f6n\u00fcn\u00fc kapatacaklard\u0131. Yani AKP oyunu bozmaya devam edecekti.<\/strong>\u00a0Hi\u00e7bir zaman hi\u00e7bir \u015fekilde birebir b\u00f6yle olurdu, b\u00f6yle olacakt\u0131 sorusunun cevab\u0131n\u0131 veremeyiz. Hatalar yap\u0131ld\u0131 m\u0131? Yap\u0131ld\u0131.\u00a0<strong>Ama bu hatalardan \u00e7ok, \u015fu son d\u00f6nemde birka\u00e7 ay i\u00e7erisinde yap\u0131lan hatalardan \u00e7ok sistemi konu\u015fmam\u0131z gerekiyor. Bir tanesine sen \u015fu an parmak bast\u0131n. Dedin ki neden bu \u00f6rg\u00fct\u00fcn \u00fcye say\u0131s\u0131 hala az? Neden milliyet\u00e7i oylara bu kadar ihtiya\u00e7 duyuluyor? Bir s\u00fcr\u00fc sistem, sisteme dair yap\u0131sal ve benim bahsetti\u011fim k\u00fclt\u00fcr sava\u015flar\u0131na dair bir \u015fey var ortada. Ger\u00e7ekten yeni bir vizyon ortaya koymak gerekiyor. Bu da vakit alacak bir \u015fey.\u00a0<\/strong>Bir g\u00fcnden bir g\u00fcne olacak bir \u015fey de\u011fil. Ha bu ko\u015fullar alt\u0131nda Erdo\u011fan&#8217;\u0131 yenebilir misiniz? Emin de\u011filim.<\/p>\n<p class=\"rtejustify\"><em><strong>Ezc\u00fcmle yine her se\u00e7im sonras\u0131 oldu\u011fu gibi &#8220;CHP nas\u0131l de\u011fi\u015fmeli, kendisini nas\u0131l revize etmeli, ne yapmal\u0131?&#8221; gibi s\u00fcrekli sordu\u011fumuz sorular \u00fczerinden konu\u015fulan bir d\u00f6neme daha giriliyor \u00f6yle de\u011fil mi?<\/strong><\/em><\/p>\n<p class=\"rtejustify\">Sadece CHP de demeyelim. B\u00fct\u00fcn muhalefet diyelim. Yani sonu\u00e7ta MHP ikiye b\u00f6l\u00fcnd\u00fc. \u0130Y\u0130 Parti \u00e7\u0131kt\u0131.<\/p>\n<p class=\"rtejustify\"><strong>&#8220;K\u0131l\u0131\u00e7daro\u011flu&#8217;nun ikinci Baykal olma s\u00fcreci tamamland\u0131&#8221;<\/strong><\/p>\n<p class=\"rtejustify\"><em><strong>\u0130Y\u0130 Parti de \u00f6n\u00fcm\u00fczdeki g\u00fcnlerde kurultaya gidecek. Ak\u015fener&#8217;in kar\u015f\u0131s\u0131nda durabilecek baz\u0131 isimlerin oldu\u011funu biliyoruz. Orada da benim b\u00f6yle bir i\u00e7 hesapla\u015fma bir muhakeme s\u00fcreci ya\u015fanacak m\u0131d\u0131r?<\/strong><\/em><\/p>\n<p class=\"rtejustify\">Burada \u015fu da var.\u00a0<strong>T\u00fcrkiye&#8217;de istifa mekanizmas\u0131 diye bir \u015fey olmad\u0131\u011f\u0131n\u0131 zaten biliyoruz da art\u0131k yeter. Yani K\u0131l\u0131\u00e7daro\u011flu&#8217;nun ikinci Baykal olma s\u00fcreci tamamland\u0131. Sonu da \u00f6yle olmamal\u0131 art\u0131k. K\u0131l\u0131\u00e7daro\u011flu gidecek sorunlar bitecek diye bir \u015fey kesinlikle yok. Ama K\u0131l\u0131\u00e7daro\u011flu&#8217;nun istifas\u0131 bu demokratikle\u015fme s\u00fcrecinde, bu anlay\u0131\u015f d\u00f6n\u00fc\u015f\u00fcm\u00fc s\u00fcrecindeki ilk ad\u0131m. K\u0131l\u0131\u00e7daro\u011flu gitmek zorunda. \u00c7\u00fcnk\u00fc ba\u015faramad\u0131.<\/strong>\u00a0Yani bu bir sembolik rahatlama yaratacak \u00f6nce. Yerine kim gelir? Nas\u0131l bir kavga \u00e7\u0131kar? \u015eu olur, bu olur. Bunlar bizi \u015fu a\u015famada ilgilendirmiyor. O CHP&#8217;nin i\u00e7 i\u015fi. Ama T\u00fcrkiye&#8217;ye kar\u015f\u0131 bir sorumluluk var burada. Ka\u00e7 tane se\u00e7im kaybetmi\u015f bir liderin hi\u00e7bir \u015fey olmam\u0131\u015f gibi devam ediyoruz demesi, y\u00fcr\u00fcyelim demesi, Gandi benzetmelerini filan ge\u00e7elim art\u0131k. B\u00f6yle bir \u00e7a\u011fda ya\u015fam\u0131yoruz. Bitti. Kemal K\u0131l\u0131\u00e7daro\u011flu&#8217;nun kariyeri bitti. Bunun ne kadar kendisi fark\u0131na bir an \u00f6nce var\u0131rsa o kadar iyi olacak.<\/p>\n<p class=\"rtejustify\"><em><strong>\u00c7ok te\u015fekk\u00fcrler. O zaman bu s\u00f6yle\u015fi de burada bitsin.<\/strong><\/em><strong>\u00a0<\/strong><\/p>\n<p><em><strong>https:\/\/www.indyturk.com\/node\/635946\/r%C3%B6portaj\/t%C3%BCrkiye-bir-cemaatler-tak%C4%B1m-adas%C4%B1-milliyet%C3%A7ilik-ise-bu-se%C3%A7imde-ortaya-%C3%A7%C4%B1kmad%C4%B1\u00a0<\/strong><\/em><\/p>\n<\/div>\n<\/div>\n<\/div>\n<\/div>\n<\/div>\n<\/div>\n<\/div>\n<\/div>\n<\/div>\n<\/div>\n<\/div>\n<\/article>\n<\/div>\n","protected":false},"excerpt":{"rendered":"<p>T\u00fcrkiye bir se\u00e7imi daha geride b\u0131rakt\u0131. Bu d\u00f6nemin en \u00f6nemli unsurlar\u0131ndan biri milliyet\u00e7il.ik oldu. Independent T\u00fcrk\u00e7e, milliyet\u00e7ilik uzman\u0131 siyaset bilimci Prof. Dr. Umut \u00d6zk\u0131r\u0131ml\u0131&#8217;ya i\u015fin asl\u0131n\u0131 sordu. Dora Meng\u00fc\u00e7\u00a0 Bu se\u00e7imlerle birlikte milliyet\u00e7ilik bulutlar\u0131n aras\u0131ndan \u00e7\u0131kt\u0131 m\u0131, yoksa zaten T\u00fcrkiye siyaseti i\u00e7in belirleyici miydi? \/ G\u00f6rsel: Canva Son se\u00e7imle birlikte en \u00e7ok konu\u015fulan konu ba\u015fl\u0131klar\u0131ndan [&hellip;]<\/p>\n","protected":false},"author":7,"featured_media":76187,"comment_status":"open","ping_status":"open","sticky":false,"template":"","format":"standard","meta":{"footnotes":""},"categories":[1,70],"tags":[],"class_list":["post-76186","post","type-post","status-publish","format-standard","has-post-thumbnail","hentry","category-haberler","category-makaleler"],"yoast_head":"<!-- This site is optimized with the Yoast SEO plugin v27.4 - https:\/\/yoast.com\/product\/yoast-seo-wordpress\/ -->\n<title>&quot;T\u00fcrkiye bir cemaatler tak\u0131m adas\u0131, milliyet\u00e7ilik ise bu se\u00e7imde ortaya \u00e7\u0131kmad\u0131 zaten hep vard\u0131&quot; - Bati Ermenistan Ve Bati Ermenileri Sorunlari Ara\u015ftirmalar Merkezi<\/title>\n<meta name=\"robots\" content=\"index, follow, max-snippet:-1, max-image-preview:large, max-video-preview:-1\" \/>\n<link rel=\"canonical\" href=\"https:\/\/akunq.net\/tr\/?p=76186\" \/>\n<meta property=\"og:locale\" content=\"en_US\" \/>\n<meta property=\"og:type\" content=\"article\" \/>\n<meta property=\"og:title\" content=\"&quot;T\u00fcrkiye bir cemaatler tak\u0131m adas\u0131, milliyet\u00e7ilik ise bu se\u00e7imde ortaya \u00e7\u0131kmad\u0131 zaten hep vard\u0131&quot; - Bati Ermenistan Ve Bati Ermenileri Sorunlari Ara\u015ftirmalar Merkezi\" \/>\n<meta property=\"og:description\" content=\"T\u00fcrkiye bir se\u00e7imi daha geride b\u0131rakt\u0131. Bu d\u00f6nemin en \u00f6nemli unsurlar\u0131ndan biri milliyet\u00e7il.ik oldu. Independent T\u00fcrk\u00e7e, milliyet\u00e7ilik uzman\u0131 siyaset bilimci Prof. Dr. Umut \u00d6zk\u0131r\u0131ml\u0131&#8217;ya i\u015fin asl\u0131n\u0131 sordu. Dora Meng\u00fc\u00e7\u00a0 Bu se\u00e7imlerle birlikte milliyet\u00e7ilik bulutlar\u0131n aras\u0131ndan \u00e7\u0131kt\u0131 m\u0131, yoksa zaten T\u00fcrkiye siyaseti i\u00e7in belirleyici miydi? \/ G\u00f6rsel: Canva Son se\u00e7imle birlikte en \u00e7ok konu\u015fulan konu ba\u015fl\u0131klar\u0131ndan [&hellip;]\" \/>\n<meta property=\"og:url\" content=\"https:\/\/akunq.net\/tr\/?p=76186\" \/>\n<meta property=\"og:site_name\" content=\"Bati Ermenistan Ve Bati Ermenileri Sorunlari Ara\u015ftirmalar Merkezi\" \/>\n<meta property=\"article:published_time\" content=\"2023-10-02T07:20:41+00:00\" \/>\n<meta property=\"og:image\" content=\"https:\/\/akunq.net\/tr\/wp-content\/uploads\/sites\/6\/2023\/10\/milliyetcilik.png\" \/>\n\t<meta property=\"og:image:width\" content=\"1368\" \/>\n\t<meta property=\"og:image:height\" content=\"911\" \/>\n\t<meta property=\"og:image:type\" content=\"image\/png\" \/>\n<meta name=\"author\" content=\"admin\" \/>\n<meta name=\"twitter:card\" content=\"summary_large_image\" \/>\n<meta name=\"twitter:label1\" content=\"Written by\" \/>\n\t<meta name=\"twitter:data1\" content=\"admin\" \/>\n\t<meta name=\"twitter:label2\" content=\"Est. reading time\" \/>\n\t<meta name=\"twitter:data2\" content=\"23 minutes\" \/>\n<script type=\"application\/ld+json\" class=\"yoast-schema-graph\">{\"@context\":\"https:\\\/\\\/schema.org\",\"@graph\":[{\"@type\":\"Article\",\"@id\":\"https:\\\/\\\/akunq.net\\\/tr\\\/?p=76186#article\",\"isPartOf\":{\"@id\":\"https:\\\/\\\/akunq.net\\\/tr\\\/?p=76186\"},\"author\":{\"name\":\"admin\",\"@id\":\"https:\\\/\\\/akunq.net\\\/tr\\\/#\\\/schema\\\/person\\\/096f1d38a12cce57fb855b485ed24c9e\"},\"headline\":\"&#8220;T\u00fcrkiye bir cemaatler tak\u0131m adas\u0131, milliyet\u00e7ilik ise bu se\u00e7imde ortaya \u00e7\u0131kmad\u0131 zaten hep vard\u0131&#8221;\",\"datePublished\":\"2023-10-02T07:20:41+00:00\",\"mainEntityOfPage\":{\"@id\":\"https:\\\/\\\/akunq.net\\\/tr\\\/?p=76186\"},\"wordCount\":4689,\"commentCount\":0,\"image\":{\"@id\":\"https:\\\/\\\/akunq.net\\\/tr\\\/?p=76186#primaryimage\"},\"thumbnailUrl\":\"https:\\\/\\\/akunq.net\\\/tr\\\/wp-content\\\/uploads\\\/sites\\\/6\\\/2023\\\/10\\\/milliyetcilik.png\",\"articleSection\":[\"Haberler\",\"Makaleler\"],\"inLanguage\":\"en-US\",\"potentialAction\":[{\"@type\":\"CommentAction\",\"name\":\"Comment\",\"target\":[\"https:\\\/\\\/akunq.net\\\/tr\\\/?p=76186#respond\"]}]},{\"@type\":\"WebPage\",\"@id\":\"https:\\\/\\\/akunq.net\\\/tr\\\/?p=76186\",\"url\":\"https:\\\/\\\/akunq.net\\\/tr\\\/?p=76186\",\"name\":\"\\\"T\u00fcrkiye bir cemaatler tak\u0131m adas\u0131, milliyet\u00e7ilik ise bu se\u00e7imde ortaya \u00e7\u0131kmad\u0131 zaten hep vard\u0131\\\" - Bati Ermenistan Ve Bati Ermenileri Sorunlari Ara\u015ftirmalar Merkezi\",\"isPartOf\":{\"@id\":\"https:\\\/\\\/akunq.net\\\/tr\\\/#website\"},\"primaryImageOfPage\":{\"@id\":\"https:\\\/\\\/akunq.net\\\/tr\\\/?p=76186#primaryimage\"},\"image\":{\"@id\":\"https:\\\/\\\/akunq.net\\\/tr\\\/?p=76186#primaryimage\"},\"thumbnailUrl\":\"https:\\\/\\\/akunq.net\\\/tr\\\/wp-content\\\/uploads\\\/sites\\\/6\\\/2023\\\/10\\\/milliyetcilik.png\",\"datePublished\":\"2023-10-02T07:20:41+00:00\",\"author\":{\"@id\":\"https:\\\/\\\/akunq.net\\\/tr\\\/#\\\/schema\\\/person\\\/096f1d38a12cce57fb855b485ed24c9e\"},\"breadcrumb\":{\"@id\":\"https:\\\/\\\/akunq.net\\\/tr\\\/?p=76186#breadcrumb\"},\"inLanguage\":\"en-US\",\"potentialAction\":[{\"@type\":\"ReadAction\",\"target\":[\"https:\\\/\\\/akunq.net\\\/tr\\\/?p=76186\"]}]},{\"@type\":\"ImageObject\",\"inLanguage\":\"en-US\",\"@id\":\"https:\\\/\\\/akunq.net\\\/tr\\\/?p=76186#primaryimage\",\"url\":\"https:\\\/\\\/akunq.net\\\/tr\\\/wp-content\\\/uploads\\\/sites\\\/6\\\/2023\\\/10\\\/milliyetcilik.png\",\"contentUrl\":\"https:\\\/\\\/akunq.net\\\/tr\\\/wp-content\\\/uploads\\\/sites\\\/6\\\/2023\\\/10\\\/milliyetcilik.png\",\"width\":1368,\"height\":911},{\"@type\":\"BreadcrumbList\",\"@id\":\"https:\\\/\\\/akunq.net\\\/tr\\\/?p=76186#breadcrumb\",\"itemListElement\":[{\"@type\":\"ListItem\",\"position\":1,\"name\":\"Home\",\"item\":\"https:\\\/\\\/akunq.net\\\/tr\"},{\"@type\":\"ListItem\",\"position\":2,\"name\":\"&#8220;T\u00fcrkiye bir cemaatler tak\u0131m adas\u0131, milliyet\u00e7ilik ise bu se\u00e7imde ortaya \u00e7\u0131kmad\u0131 zaten hep vard\u0131&#8221;\"}]},{\"@type\":\"WebSite\",\"@id\":\"https:\\\/\\\/akunq.net\\\/tr\\\/#website\",\"url\":\"https:\\\/\\\/akunq.net\\\/tr\\\/\",\"name\":\"Bati Ermenistan Ve Bati Ermenileri Sorunlari Ara\u015ftirmalar Merkezi\",\"description\":\"\",\"potentialAction\":[{\"@type\":\"SearchAction\",\"target\":{\"@type\":\"EntryPoint\",\"urlTemplate\":\"https:\\\/\\\/akunq.net\\\/tr\\\/?s={search_term_string}\"},\"query-input\":{\"@type\":\"PropertyValueSpecification\",\"valueRequired\":true,\"valueName\":\"search_term_string\"}}],\"inLanguage\":\"en-US\"},{\"@type\":\"Person\",\"@id\":\"https:\\\/\\\/akunq.net\\\/tr\\\/#\\\/schema\\\/person\\\/096f1d38a12cce57fb855b485ed24c9e\",\"name\":\"admin\",\"url\":\"https:\\\/\\\/akunq.net\\\/tr\\\/?author=7\"}]}<\/script>\n<!-- \/ Yoast SEO plugin. -->","yoast_head_json":{"title":"\"T\u00fcrkiye bir cemaatler tak\u0131m adas\u0131, milliyet\u00e7ilik ise bu se\u00e7imde ortaya \u00e7\u0131kmad\u0131 zaten hep vard\u0131\" - Bati Ermenistan Ve Bati Ermenileri Sorunlari Ara\u015ftirmalar Merkezi","robots":{"index":"index","follow":"follow","max-snippet":"max-snippet:-1","max-image-preview":"max-image-preview:large","max-video-preview":"max-video-preview:-1"},"canonical":"https:\/\/akunq.net\/tr\/?p=76186","og_locale":"en_US","og_type":"article","og_title":"\"T\u00fcrkiye bir cemaatler tak\u0131m adas\u0131, milliyet\u00e7ilik ise bu se\u00e7imde ortaya \u00e7\u0131kmad\u0131 zaten hep vard\u0131\" - Bati Ermenistan Ve Bati Ermenileri Sorunlari Ara\u015ftirmalar Merkezi","og_description":"T\u00fcrkiye bir se\u00e7imi daha geride b\u0131rakt\u0131. Bu d\u00f6nemin en \u00f6nemli unsurlar\u0131ndan biri milliyet\u00e7il.ik oldu. Independent T\u00fcrk\u00e7e, milliyet\u00e7ilik uzman\u0131 siyaset bilimci Prof. Dr. Umut \u00d6zk\u0131r\u0131ml\u0131&#8217;ya i\u015fin asl\u0131n\u0131 sordu. Dora Meng\u00fc\u00e7\u00a0 Bu se\u00e7imlerle birlikte milliyet\u00e7ilik bulutlar\u0131n aras\u0131ndan \u00e7\u0131kt\u0131 m\u0131, yoksa zaten T\u00fcrkiye siyaseti i\u00e7in belirleyici miydi? \/ G\u00f6rsel: Canva Son se\u00e7imle birlikte en \u00e7ok konu\u015fulan konu ba\u015fl\u0131klar\u0131ndan [&hellip;]","og_url":"https:\/\/akunq.net\/tr\/?p=76186","og_site_name":"Bati Ermenistan Ve Bati Ermenileri Sorunlari Ara\u015ftirmalar Merkezi","article_published_time":"2023-10-02T07:20:41+00:00","og_image":[{"width":1368,"height":911,"url":"https:\/\/akunq.net\/tr\/wp-content\/uploads\/sites\/6\/2023\/10\/milliyetcilik.png","type":"image\/png"}],"author":"admin","twitter_card":"summary_large_image","twitter_misc":{"Written by":"admin","Est. reading time":"23 minutes"},"schema":{"@context":"https:\/\/schema.org","@graph":[{"@type":"Article","@id":"https:\/\/akunq.net\/tr\/?p=76186#article","isPartOf":{"@id":"https:\/\/akunq.net\/tr\/?p=76186"},"author":{"name":"admin","@id":"https:\/\/akunq.net\/tr\/#\/schema\/person\/096f1d38a12cce57fb855b485ed24c9e"},"headline":"&#8220;T\u00fcrkiye bir cemaatler tak\u0131m adas\u0131, milliyet\u00e7ilik ise bu se\u00e7imde ortaya \u00e7\u0131kmad\u0131 zaten hep vard\u0131&#8221;","datePublished":"2023-10-02T07:20:41+00:00","mainEntityOfPage":{"@id":"https:\/\/akunq.net\/tr\/?p=76186"},"wordCount":4689,"commentCount":0,"image":{"@id":"https:\/\/akunq.net\/tr\/?p=76186#primaryimage"},"thumbnailUrl":"https:\/\/akunq.net\/tr\/wp-content\/uploads\/sites\/6\/2023\/10\/milliyetcilik.png","articleSection":["Haberler","Makaleler"],"inLanguage":"en-US","potentialAction":[{"@type":"CommentAction","name":"Comment","target":["https:\/\/akunq.net\/tr\/?p=76186#respond"]}]},{"@type":"WebPage","@id":"https:\/\/akunq.net\/tr\/?p=76186","url":"https:\/\/akunq.net\/tr\/?p=76186","name":"\"T\u00fcrkiye bir cemaatler tak\u0131m adas\u0131, milliyet\u00e7ilik ise bu se\u00e7imde ortaya \u00e7\u0131kmad\u0131 zaten hep vard\u0131\" - Bati Ermenistan Ve Bati Ermenileri Sorunlari Ara\u015ftirmalar Merkezi","isPartOf":{"@id":"https:\/\/akunq.net\/tr\/#website"},"primaryImageOfPage":{"@id":"https:\/\/akunq.net\/tr\/?p=76186#primaryimage"},"image":{"@id":"https:\/\/akunq.net\/tr\/?p=76186#primaryimage"},"thumbnailUrl":"https:\/\/akunq.net\/tr\/wp-content\/uploads\/sites\/6\/2023\/10\/milliyetcilik.png","datePublished":"2023-10-02T07:20:41+00:00","author":{"@id":"https:\/\/akunq.net\/tr\/#\/schema\/person\/096f1d38a12cce57fb855b485ed24c9e"},"breadcrumb":{"@id":"https:\/\/akunq.net\/tr\/?p=76186#breadcrumb"},"inLanguage":"en-US","potentialAction":[{"@type":"ReadAction","target":["https:\/\/akunq.net\/tr\/?p=76186"]}]},{"@type":"ImageObject","inLanguage":"en-US","@id":"https:\/\/akunq.net\/tr\/?p=76186#primaryimage","url":"https:\/\/akunq.net\/tr\/wp-content\/uploads\/sites\/6\/2023\/10\/milliyetcilik.png","contentUrl":"https:\/\/akunq.net\/tr\/wp-content\/uploads\/sites\/6\/2023\/10\/milliyetcilik.png","width":1368,"height":911},{"@type":"BreadcrumbList","@id":"https:\/\/akunq.net\/tr\/?p=76186#breadcrumb","itemListElement":[{"@type":"ListItem","position":1,"name":"Home","item":"https:\/\/akunq.net\/tr"},{"@type":"ListItem","position":2,"name":"&#8220;T\u00fcrkiye bir cemaatler tak\u0131m adas\u0131, milliyet\u00e7ilik ise bu se\u00e7imde ortaya \u00e7\u0131kmad\u0131 zaten hep vard\u0131&#8221;"}]},{"@type":"WebSite","@id":"https:\/\/akunq.net\/tr\/#website","url":"https:\/\/akunq.net\/tr\/","name":"Bati Ermenistan Ve Bati Ermenileri Sorunlari Ara\u015ftirmalar Merkezi","description":"","potentialAction":[{"@type":"SearchAction","target":{"@type":"EntryPoint","urlTemplate":"https:\/\/akunq.net\/tr\/?s={search_term_string}"},"query-input":{"@type":"PropertyValueSpecification","valueRequired":true,"valueName":"search_term_string"}}],"inLanguage":"en-US"},{"@type":"Person","@id":"https:\/\/akunq.net\/tr\/#\/schema\/person\/096f1d38a12cce57fb855b485ed24c9e","name":"admin","url":"https:\/\/akunq.net\/tr\/?author=7"}]}},"_links":{"self":[{"href":"https:\/\/akunq.net\/tr\/index.php?rest_route=\/wp\/v2\/posts\/76186","targetHints":{"allow":["GET"]}}],"collection":[{"href":"https:\/\/akunq.net\/tr\/index.php?rest_route=\/wp\/v2\/posts"}],"about":[{"href":"https:\/\/akunq.net\/tr\/index.php?rest_route=\/wp\/v2\/types\/post"}],"author":[{"embeddable":true,"href":"https:\/\/akunq.net\/tr\/index.php?rest_route=\/wp\/v2\/users\/7"}],"replies":[{"embeddable":true,"href":"https:\/\/akunq.net\/tr\/index.php?rest_route=%2Fwp%2Fv2%2Fcomments&post=76186"}],"version-history":[{"count":1,"href":"https:\/\/akunq.net\/tr\/index.php?rest_route=\/wp\/v2\/posts\/76186\/revisions"}],"predecessor-version":[{"id":76188,"href":"https:\/\/akunq.net\/tr\/index.php?rest_route=\/wp\/v2\/posts\/76186\/revisions\/76188"}],"wp:featuredmedia":[{"embeddable":true,"href":"https:\/\/akunq.net\/tr\/index.php?rest_route=\/wp\/v2\/media\/76187"}],"wp:attachment":[{"href":"https:\/\/akunq.net\/tr\/index.php?rest_route=%2Fwp%2Fv2%2Fmedia&parent=76186"}],"wp:term":[{"taxonomy":"category","embeddable":true,"href":"https:\/\/akunq.net\/tr\/index.php?rest_route=%2Fwp%2Fv2%2Fcategories&post=76186"},{"taxonomy":"post_tag","embeddable":true,"href":"https:\/\/akunq.net\/tr\/index.php?rest_route=%2Fwp%2Fv2%2Ftags&post=76186"}],"curies":[{"name":"wp","href":"https:\/\/api.w.org\/{rel}","templated":true}]}}