{"id":75954,"date":"2023-09-14T01:40:26","date_gmt":"2023-09-14T06:40:26","guid":{"rendered":"https:\/\/akunq.net\/tr\/?p=75954"},"modified":"2023-09-14T01:40:26","modified_gmt":"2023-09-14T06:40:26","slug":"irkcilik-secilmeyen-kadere-meydan-okumak","status":"publish","type":"post","link":"https:\/\/akunq.net\/tr\/?p=75954","title":{"rendered":"Irk\u00e7\u0131l\u0131k: Se\u00e7ilmeyen kadere meydan okumak"},"content":{"rendered":"<p><img loading=\"lazy\" decoding=\"async\" class=\"aligncenter size-medium wp-image-75955\" src=\"https:\/\/akunq.net\/tr\/wp-content\/uploads\/2023\/09\/Irkcilik-360x216.webp\" alt=\"\" width=\"360\" height=\"216\" srcset=\"https:\/\/akunq.net\/tr\/wp-content\/uploads\/sites\/6\/2023\/09\/Irkcilik-360x216.webp 360w, https:\/\/akunq.net\/tr\/wp-content\/uploads\/sites\/6\/2023\/09\/Irkcilik-768x460.webp 768w, https:\/\/akunq.net\/tr\/wp-content\/uploads\/sites\/6\/2023\/09\/Irkcilik-560x335.webp 560w, https:\/\/akunq.net\/tr\/wp-content\/uploads\/sites\/6\/2023\/09\/Irkcilik-260x156.webp 260w, https:\/\/akunq.net\/tr\/wp-content\/uploads\/sites\/6\/2023\/09\/Irkcilik-160x96.webp 160w, https:\/\/akunq.net\/tr\/wp-content\/uploads\/sites\/6\/2023\/09\/Irkcilik.webp 900w\" sizes=\"auto, (max-width: 360px) 100vw, 360px\" \/><\/p>\n<p><strong><a href=\"https:\/\/www.gzt.com\/arama?q=&amp;yazar=123726\">BAK\u0130 YAYA<\/a><\/strong><\/p>\n<p class=\"wp-block-heading\"><em><strong>Nerede do\u011faca\u011f\u0131n\u0131z\u0131, ailenizi, memleketinizi ve mensubu olaca\u011f\u0131n\u0131z milletinizi se\u00e7ebilir misiniz? Mesela Suriye\u2019de kimyasal bombalarla vurulan bir b\u00f6lgede do\u011fan bir bebek, orada do\u011fmay\u0131 se\u00e7mi\u015f olabilir mi? Sorunun kendisi cevap asl\u0131nda. B\u00fct\u00fcn bunlar mutlak kaderin \u00f6rd\u00fc\u011f\u00fc a\u015f\u0131lmas\u0131 m\u00fcmk\u00fcn olmayan duvarlar. Peki bu a\u015f\u0131lmaz duvarlar nedeniyle insanlar\u0131 su\u00e7layabilir miyiz?<\/strong><\/em><\/p>\n<p>Irk\u00e7\u0131l\u0131\u011f\u0131n tan\u0131m\u0131n\u0131 \u00fc\u00e7 a\u015fa\u011f\u0131 be\u015f yukar\u0131 hepimiz biliyoruz. \u0130lkokul y\u0131llar\u0131ndayken ABD\u2019nin kurulu\u015f d\u00f6nemindeki o me\u015fhur \u0131rk\u00e7\u0131l\u0131k hikayelerini anlat\u0131rd\u0131 \u00f6\u011fretmenlerimiz. ABD kurulal\u0131 yakla\u015f\u0131k 250 y\u0131l oldu ve halen o \u0131rk\u00e7\u0131l\u0131\u011f\u0131n izlerini g\u00f6rebiliyoruz. Otob\u00fcslerde siyahilerin oturmas\u0131na m\u00fcsaade edilmez, beyazlar\u0131n girdi\u011fi tuvalete bile siyahlar al\u0131nmazd\u0131. \u015eimdi benzer bir \u0131rk\u00e7\u0131l\u0131k furyas\u0131 \u00fclkemizde alevlendirilmek isteniyor. Enteresan olansa b\u00fct\u00fcn d\u00fcnyada e\u015f zamanl\u0131 \u0131rk\u00e7\u0131 partilerin y\u00fckseli\u015fte olmas\u0131. Yani bu g\u00f6zle g\u00f6r\u00fclebilen ve kartlar\u0131 a\u00e7\u0131k oynanan bir proje.<\/p>\n<p>Bir insan\u0131 do\u011fu\u015ftan \u00fcst\u00fcn yarat\u0131ld\u0131\u011f\u0131na ikna ederseniz, o \u00fcst\u00fcnl\u00fc\u011f\u00fcn gere\u011fini de ona inand\u0131rabilirsiniz. \u0130srail\u2019in Yahudi kavmiyet\u00e7ili\u011fini esas al\u0131rsak daha anla\u015f\u0131l\u0131r olabilir. Bu sat\u0131rlar\u0131 yazmaya ba\u015flamadan hemen \u00f6nce sosyal medyada bir video ile kar\u015f\u0131la\u015ft\u0131m. Videoda dini inanc\u0131 gere\u011fi Kud\u00fcs\u2019e giden ABD\u2019li bir Hristiyan\u2019a hakaretler eden bir Yahudi \u201cTevrat seni \u00f6ld\u00fcrmemi emrediyor\u201d ifadelerini kullan\u0131yor. Bu Yahudilerin Hristiyanlara ilk sald\u0131r\u0131s\u0131 de\u011fil. Benzer sald\u0131r\u0131lar Kud\u00fcs\u2019te Hristiyanlara ve kiliselere kar\u015f\u0131 d\u00fczenli olarak yap\u0131l\u0131yor. Yani d\u00fc\u015fmanl\u0131klar\u0131 sadece M\u00fcsl\u00fcmanlara de\u011fil. \u00c7\u00fcnk\u00fc onlar \u00fcst\u00fcn \u0131rk olduklar\u0131na ve d\u00fcnyan\u0131n geri kalan\u0131n\u0131n alt \u0131rk olarak Yahudilere hizmet etmesi gerekti\u011fine inan\u0131yorlar. \u015eimdi \u00fclkemizde de benzer \u0131rk\u00e7\u0131l\u0131k furyas\u0131n\u0131 hemen hemen her g\u00fcn g\u00f6rebiliyoruz. \u201cSeni di\u011fer milletlerden \u00fcst\u00fcn k\u0131lan ne?\u201d diye sordu\u011fumuzda pek bir cevap alam\u0131yoruz. Cevap verecek olan da tarihi misyondan bahsediyor. Peki bu tarihi misyonda ge\u00e7en ba\u015f kahramanlar\u0131 \u00fcst\u00fcn k\u0131lan o misyondan biz ne ta\u015f\u0131yoruz?<\/p>\n<p>Asl\u0131nda mevcut g\u00fcndemde olan\u0131n milliyet\u00e7ilik de\u011fil de \u0131rk\u00e7\u0131l\u0131k furyas\u0131 oldu\u011fu \u00e7ok a\u00e7\u0131k. Herkes milletini sevebilir, tarihi misyonuyla gururlanabilir ve g\u00fczelce anabilir. Ancak kendini \u00fcst\u00fcn g\u00f6r\u00fcp di\u011fer milletleri a\u015fa\u011f\u0131lama ve a\u011f\u0131r hakaretler etme noktas\u0131na gelmenin milliyet\u00e7ilikle alakas\u0131 olabilir mi? Bu ayn\u0131 zamanda \u00e7ok b\u00fcy\u00fck bir insanl\u0131k sorunudur ki zaman zaman bunun soysal medyada yans\u0131mas\u0131n\u0131 da g\u00f6r\u00fcyoruz. Mesela ge\u00e7ti\u011fimiz g\u00fcnlerde birtak\u0131m sosyal medya hesaplar\u0131 taraf\u0131ndan bir video payla\u015f\u0131ld\u0131. Yabanc\u0131 uyruklu oldu\u011fu s\u00f6ylenen bir ki\u015fiyi sokaktan ge\u00e7en bir k\u0131z\u0131 takip etti\u011fi gerek\u00e7esiyle 5 metre y\u00fcksekten at\u0131p da aya\u011f\u0131n\u0131 k\u0131ran ve yerde bi\u00e7are oldu\u011fu halde vurmaya devam eden bir grup vard\u0131 videoda. Yabanc\u0131 \u015fah\u0131s, \u201cBir su\u00e7um varsa polis \u00e7a\u011f\u0131r\u0131n\u201d demesine ra\u011fmen darp etmeye devam etmi\u015flerdi. Daha sonra ortaya \u00e7\u0131kt\u0131 ki bir kad\u0131n\u0131 takip etmiyor, evine gidiyordu. Dahas\u0131 darp edilen \u015fah\u0131s TSK\u2019n\u0131n s\u0131n\u0131r \u00f6tesi operasyonlar\u0131na kat\u0131lm\u0131\u015f olan bir Irak T\u00fcrkmeni \u00e7\u0131kt\u0131. Ac\u0131nas\u0131 olan ise darp edilen T\u00fcrkmen\u2019in de sosyal medya hesaplar\u0131ndan benzer \u0131rk\u00e7\u0131 s\u00f6ylemler payla\u015fm\u0131\u015f olmas\u0131. Yani \u0131rk\u00e7\u0131l\u0131k d\u00f6nd\u00fc dola\u015ft\u0131 ve \u0131rk\u00e7\u0131l\u0131\u011f\u0131 buldu.<\/p>\n<p>Unuttu\u011fumuz ba\u015fka bir nokta ise su\u00e7un ve cezan\u0131n \u015fahsili\u011fi ilkesi. Allahu Teala, Maide Suresi 8. ayette \u015f\u00f6yle buyuruyor: \u201cBir topluma olan kininiz, sizi adaletsizli\u011fe itmesin.\u201d<\/p>\n<p>Bir kimse su\u00e7 i\u015fledi\u011fi zaman mahkemede kendisi yarg\u0131lan\u0131r. B\u00fct\u00fcn ailesi, akrabalar\u0131 ya da nesebi de\u011fil. Mevcut \u0131rk\u00e7\u0131l\u0131k furyas\u0131nda herhangi bir millete mensup birinin su\u00e7u milletlere yaftalanmaya ba\u015fland\u0131. Oysa her toplumun iyisi oldu\u011fu gibi \u00e7\u00fcr\u00fc\u011f\u00fc de vard\u0131r. D\u00fcnyadaki b\u00fct\u00fcn milletler kendi \u0131rk\u0131n\u0131 \u00fcst\u00fcn g\u00f6r\u00fcp, di\u011fer milletleri daha a\u015fa\u011f\u0131 g\u00f6rseydi zannediyorum ki yery\u00fcz\u00fc ya\u015fan\u0131lmaz bir yer olurdu. Ger\u00e7i bu kadar \u0131rk\u00e7\u0131l\u0131kla bile ya\u015fan\u0131lacak olmaktan \u00e7\u0131k\u0131yor. \u0130nsano\u011flu kendi kendine yery\u00fcz\u00fcn\u00fc dar ediyor\u2026<\/p>\n<p>\u00dcst\u00fcnl\u00fc\u011f\u00fc takvada (erdem, g\u00fczel ahlak) de\u011fil de soyda aramak, insan\u0131n insana olan kininden ve kendi t\u00fcr\u00fcnden intikam alma gayesinden ba\u015fka bir \u015fey olamaz.<\/p>\n<p>Ba\u015ftaki soruya tekrar d\u00f6nmek istiyorum. Suriye\u2019de kimyasal bombalarla vurulan bir b\u00f6lgede do\u011fmay\u0131 se\u00e7er mi bir bebek? Kad\u0131nlara tecav\u00fcz edilen, toplu katliamlar yap\u0131lan, e\u011flence i\u00e7in \u00e7e\u015fitli i\u015fkenceler yapan zalim bir grubun h\u00fckmetti\u011fi bir b\u00f6lgede do\u011fmay\u0131 se\u00e7er mi bir insan? Se\u00e7emedi ve orada do\u011fdu. O b\u00f6lgede do\u011fdu diye o mu su\u00e7lu oldu? Kaderine mi terk etmeliyiz. Hindistan\u2019daki kast inanc\u0131 gibi o hayat\u0131 kabullenmesini mi s\u00f6ylemeliyiz?<\/p>\n<p>\u015e\u00fcphesiz T\u00fcrkler tarih boyu misafirperverlikle an\u0131lm\u0131\u015f, kendine s\u0131\u011f\u0131nan d\u00fc\u015fman\u0131n\u0131 bile korumu\u015f bir millet.<\/p>\n<p>B\u00f6yle izzet sahibi bir millet t\u00fcm cihana insanl\u0131\u011f\u0131yla nam salm\u0131\u015fken tarihte hi\u00e7 g\u00f6r\u00fclmemi\u015f bir lekeyi bu millete vurmak atalar\u0131m\u0131z\u0131n ruhuna sayg\u0131s\u0131zl\u0131k de\u011fil mi?<\/p>\n<p>O leke \u0131rk\u00e7\u0131l\u0131k lekesi. Yery\u00fcz\u00fcn\u00fcn b\u00fct\u00fcn p\u0131narlar\u0131 birle\u015fse b\u00f6yle bir lekeyi temizlemeye g\u00fc\u00e7 yetiremez.<\/p>\n<p>Biz bize yak\u0131\u015fan\u0131 yapmal\u0131y\u0131z ve ger\u00e7ek bir \u00e7\u00f6z\u00fcm bulunana kadar su\u00e7luya su\u00e7lu, masuma masum oldu\u011fu gibi muamele etmeliyiz.<\/p>\n<p>Aksi taktirde adalet elden gider, zul\u00fcm edeni bulur, tarih bununla gocunur ve bir milletten ilahi huzur kaybolur.<\/p>\n<p><em><strong><a href=\"https:\/\/www.gzt.com\/kose-yazarlari\/irkcilik-secilmeyen-kadere-meydan-okumak-3770135\">https:\/\/www.gzt.com\/kose-yazarlari\/irkcilik-secilmeyen-kadere-meydan-okumak-3770135<\/a><\/strong><\/em><\/p>\n","protected":false},"excerpt":{"rendered":"<p>BAK\u0130 YAYA Nerede do\u011faca\u011f\u0131n\u0131z\u0131, ailenizi, memleketinizi ve mensubu olaca\u011f\u0131n\u0131z milletinizi se\u00e7ebilir misiniz? Mesela Suriye\u2019de kimyasal bombalarla vurulan bir b\u00f6lgede do\u011fan bir bebek, orada do\u011fmay\u0131 se\u00e7mi\u015f olabilir mi? Sorunun kendisi cevap asl\u0131nda. B\u00fct\u00fcn bunlar mutlak kaderin \u00f6rd\u00fc\u011f\u00fc a\u015f\u0131lmas\u0131 m\u00fcmk\u00fcn olmayan duvarlar. Peki bu a\u015f\u0131lmaz duvarlar nedeniyle insanlar\u0131 su\u00e7layabilir miyiz? Irk\u00e7\u0131l\u0131\u011f\u0131n tan\u0131m\u0131n\u0131 \u00fc\u00e7 a\u015fa\u011f\u0131 be\u015f yukar\u0131 hepimiz [&hellip;]<\/p>\n","protected":false},"author":7,"featured_media":75956,"comment_status":"open","ping_status":"open","sticky":false,"template":"","format":"standard","meta":{"footnotes":""},"categories":[1,70],"tags":[],"class_list":["post-75954","post","type-post","status-publish","format-standard","has-post-thumbnail","hentry","category-haberler","category-makaleler"],"yoast_head":"<!-- This site is optimized with the Yoast SEO plugin v27.4 - https:\/\/yoast.com\/product\/yoast-seo-wordpress\/ -->\n<title>Irk\u00e7\u0131l\u0131k: Se\u00e7ilmeyen kadere meydan okumak - Bati Ermenistan Ve Bati Ermenileri Sorunlari Ara\u015ftirmalar Merkezi<\/title>\n<meta name=\"robots\" content=\"index, follow, max-snippet:-1, max-image-preview:large, max-video-preview:-1\" \/>\n<link rel=\"canonical\" href=\"https:\/\/akunq.net\/tr\/?p=75954\" \/>\n<meta property=\"og:locale\" content=\"en_US\" \/>\n<meta property=\"og:type\" content=\"article\" \/>\n<meta property=\"og:title\" content=\"Irk\u00e7\u0131l\u0131k: Se\u00e7ilmeyen kadere meydan okumak - Bati Ermenistan Ve Bati Ermenileri Sorunlari Ara\u015ftirmalar Merkezi\" \/>\n<meta property=\"og:description\" content=\"BAK\u0130 YAYA Nerede do\u011faca\u011f\u0131n\u0131z\u0131, ailenizi, memleketinizi ve mensubu olaca\u011f\u0131n\u0131z milletinizi se\u00e7ebilir misiniz? Mesela Suriye\u2019de kimyasal bombalarla vurulan bir b\u00f6lgede do\u011fan bir bebek, orada do\u011fmay\u0131 se\u00e7mi\u015f olabilir mi? Sorunun kendisi cevap asl\u0131nda. B\u00fct\u00fcn bunlar mutlak kaderin \u00f6rd\u00fc\u011f\u00fc a\u015f\u0131lmas\u0131 m\u00fcmk\u00fcn olmayan duvarlar. Peki bu a\u015f\u0131lmaz duvarlar nedeniyle insanlar\u0131 su\u00e7layabilir miyiz? Irk\u00e7\u0131l\u0131\u011f\u0131n tan\u0131m\u0131n\u0131 \u00fc\u00e7 a\u015fa\u011f\u0131 be\u015f yukar\u0131 hepimiz [&hellip;]\" \/>\n<meta property=\"og:url\" content=\"https:\/\/akunq.net\/tr\/?p=75954\" \/>\n<meta property=\"og:site_name\" content=\"Bati Ermenistan Ve Bati Ermenileri Sorunlari Ara\u015ftirmalar Merkezi\" \/>\n<meta property=\"article:published_time\" content=\"2023-09-14T06:40:26+00:00\" \/>\n<meta property=\"og:image\" content=\"https:\/\/akunq.net\/tr\/wp-content\/uploads\/sites\/6\/2023\/09\/Irkcilik-1.webp\" \/>\n\t<meta property=\"og:image:width\" content=\"900\" \/>\n\t<meta property=\"og:image:height\" content=\"539\" \/>\n\t<meta property=\"og:image:type\" content=\"image\/webp\" \/>\n<meta name=\"author\" content=\"admin\" \/>\n<meta name=\"twitter:card\" content=\"summary_large_image\" \/>\n<meta name=\"twitter:label1\" content=\"Written by\" \/>\n\t<meta name=\"twitter:data1\" content=\"admin\" \/>\n\t<meta name=\"twitter:label2\" content=\"Est. reading time\" \/>\n\t<meta name=\"twitter:data2\" content=\"5 minutes\" \/>\n<script type=\"application\/ld+json\" class=\"yoast-schema-graph\">{\"@context\":\"https:\\\/\\\/schema.org\",\"@graph\":[{\"@type\":\"Article\",\"@id\":\"https:\\\/\\\/akunq.net\\\/tr\\\/?p=75954#article\",\"isPartOf\":{\"@id\":\"https:\\\/\\\/akunq.net\\\/tr\\\/?p=75954\"},\"author\":{\"name\":\"admin\",\"@id\":\"https:\\\/\\\/akunq.net\\\/tr\\\/#\\\/schema\\\/person\\\/096f1d38a12cce57fb855b485ed24c9e\"},\"headline\":\"Irk\u00e7\u0131l\u0131k: Se\u00e7ilmeyen kadere meydan okumak\",\"datePublished\":\"2023-09-14T06:40:26+00:00\",\"mainEntityOfPage\":{\"@id\":\"https:\\\/\\\/akunq.net\\\/tr\\\/?p=75954\"},\"wordCount\":985,\"commentCount\":0,\"image\":{\"@id\":\"https:\\\/\\\/akunq.net\\\/tr\\\/?p=75954#primaryimage\"},\"thumbnailUrl\":\"https:\\\/\\\/akunq.net\\\/tr\\\/wp-content\\\/uploads\\\/sites\\\/6\\\/2023\\\/09\\\/Irkcilik-1.webp\",\"articleSection\":[\"Haberler\",\"Makaleler\"],\"inLanguage\":\"en-US\",\"potentialAction\":[{\"@type\":\"CommentAction\",\"name\":\"Comment\",\"target\":[\"https:\\\/\\\/akunq.net\\\/tr\\\/?p=75954#respond\"]}]},{\"@type\":\"WebPage\",\"@id\":\"https:\\\/\\\/akunq.net\\\/tr\\\/?p=75954\",\"url\":\"https:\\\/\\\/akunq.net\\\/tr\\\/?p=75954\",\"name\":\"Irk\u00e7\u0131l\u0131k: Se\u00e7ilmeyen kadere meydan okumak - Bati Ermenistan Ve Bati Ermenileri Sorunlari Ara\u015ftirmalar Merkezi\",\"isPartOf\":{\"@id\":\"https:\\\/\\\/akunq.net\\\/tr\\\/#website\"},\"primaryImageOfPage\":{\"@id\":\"https:\\\/\\\/akunq.net\\\/tr\\\/?p=75954#primaryimage\"},\"image\":{\"@id\":\"https:\\\/\\\/akunq.net\\\/tr\\\/?p=75954#primaryimage\"},\"thumbnailUrl\":\"https:\\\/\\\/akunq.net\\\/tr\\\/wp-content\\\/uploads\\\/sites\\\/6\\\/2023\\\/09\\\/Irkcilik-1.webp\",\"datePublished\":\"2023-09-14T06:40:26+00:00\",\"author\":{\"@id\":\"https:\\\/\\\/akunq.net\\\/tr\\\/#\\\/schema\\\/person\\\/096f1d38a12cce57fb855b485ed24c9e\"},\"breadcrumb\":{\"@id\":\"https:\\\/\\\/akunq.net\\\/tr\\\/?p=75954#breadcrumb\"},\"inLanguage\":\"en-US\",\"potentialAction\":[{\"@type\":\"ReadAction\",\"target\":[\"https:\\\/\\\/akunq.net\\\/tr\\\/?p=75954\"]}]},{\"@type\":\"ImageObject\",\"inLanguage\":\"en-US\",\"@id\":\"https:\\\/\\\/akunq.net\\\/tr\\\/?p=75954#primaryimage\",\"url\":\"https:\\\/\\\/akunq.net\\\/tr\\\/wp-content\\\/uploads\\\/sites\\\/6\\\/2023\\\/09\\\/Irkcilik-1.webp\",\"contentUrl\":\"https:\\\/\\\/akunq.net\\\/tr\\\/wp-content\\\/uploads\\\/sites\\\/6\\\/2023\\\/09\\\/Irkcilik-1.webp\",\"width\":900,\"height\":539},{\"@type\":\"BreadcrumbList\",\"@id\":\"https:\\\/\\\/akunq.net\\\/tr\\\/?p=75954#breadcrumb\",\"itemListElement\":[{\"@type\":\"ListItem\",\"position\":1,\"name\":\"Home\",\"item\":\"https:\\\/\\\/akunq.net\\\/tr\"},{\"@type\":\"ListItem\",\"position\":2,\"name\":\"Irk\u00e7\u0131l\u0131k: Se\u00e7ilmeyen kadere meydan okumak\"}]},{\"@type\":\"WebSite\",\"@id\":\"https:\\\/\\\/akunq.net\\\/tr\\\/#website\",\"url\":\"https:\\\/\\\/akunq.net\\\/tr\\\/\",\"name\":\"Bati Ermenistan Ve Bati Ermenileri Sorunlari Ara\u015ftirmalar Merkezi\",\"description\":\"\",\"potentialAction\":[{\"@type\":\"SearchAction\",\"target\":{\"@type\":\"EntryPoint\",\"urlTemplate\":\"https:\\\/\\\/akunq.net\\\/tr\\\/?s={search_term_string}\"},\"query-input\":{\"@type\":\"PropertyValueSpecification\",\"valueRequired\":true,\"valueName\":\"search_term_string\"}}],\"inLanguage\":\"en-US\"},{\"@type\":\"Person\",\"@id\":\"https:\\\/\\\/akunq.net\\\/tr\\\/#\\\/schema\\\/person\\\/096f1d38a12cce57fb855b485ed24c9e\",\"name\":\"admin\",\"url\":\"https:\\\/\\\/akunq.net\\\/tr\\\/?author=7\"}]}<\/script>\n<!-- \/ Yoast SEO plugin. -->","yoast_head_json":{"title":"Irk\u00e7\u0131l\u0131k: Se\u00e7ilmeyen kadere meydan okumak - Bati Ermenistan Ve Bati Ermenileri Sorunlari Ara\u015ftirmalar Merkezi","robots":{"index":"index","follow":"follow","max-snippet":"max-snippet:-1","max-image-preview":"max-image-preview:large","max-video-preview":"max-video-preview:-1"},"canonical":"https:\/\/akunq.net\/tr\/?p=75954","og_locale":"en_US","og_type":"article","og_title":"Irk\u00e7\u0131l\u0131k: Se\u00e7ilmeyen kadere meydan okumak - Bati Ermenistan Ve Bati Ermenileri Sorunlari Ara\u015ftirmalar Merkezi","og_description":"BAK\u0130 YAYA Nerede do\u011faca\u011f\u0131n\u0131z\u0131, ailenizi, memleketinizi ve mensubu olaca\u011f\u0131n\u0131z milletinizi se\u00e7ebilir misiniz? Mesela Suriye\u2019de kimyasal bombalarla vurulan bir b\u00f6lgede do\u011fan bir bebek, orada do\u011fmay\u0131 se\u00e7mi\u015f olabilir mi? Sorunun kendisi cevap asl\u0131nda. B\u00fct\u00fcn bunlar mutlak kaderin \u00f6rd\u00fc\u011f\u00fc a\u015f\u0131lmas\u0131 m\u00fcmk\u00fcn olmayan duvarlar. Peki bu a\u015f\u0131lmaz duvarlar nedeniyle insanlar\u0131 su\u00e7layabilir miyiz? Irk\u00e7\u0131l\u0131\u011f\u0131n tan\u0131m\u0131n\u0131 \u00fc\u00e7 a\u015fa\u011f\u0131 be\u015f yukar\u0131 hepimiz [&hellip;]","og_url":"https:\/\/akunq.net\/tr\/?p=75954","og_site_name":"Bati Ermenistan Ve Bati Ermenileri Sorunlari Ara\u015ftirmalar Merkezi","article_published_time":"2023-09-14T06:40:26+00:00","og_image":[{"width":900,"height":539,"url":"https:\/\/akunq.net\/tr\/wp-content\/uploads\/sites\/6\/2023\/09\/Irkcilik-1.webp","type":"image\/webp"}],"author":"admin","twitter_card":"summary_large_image","twitter_misc":{"Written by":"admin","Est. reading time":"5 minutes"},"schema":{"@context":"https:\/\/schema.org","@graph":[{"@type":"Article","@id":"https:\/\/akunq.net\/tr\/?p=75954#article","isPartOf":{"@id":"https:\/\/akunq.net\/tr\/?p=75954"},"author":{"name":"admin","@id":"https:\/\/akunq.net\/tr\/#\/schema\/person\/096f1d38a12cce57fb855b485ed24c9e"},"headline":"Irk\u00e7\u0131l\u0131k: Se\u00e7ilmeyen kadere meydan okumak","datePublished":"2023-09-14T06:40:26+00:00","mainEntityOfPage":{"@id":"https:\/\/akunq.net\/tr\/?p=75954"},"wordCount":985,"commentCount":0,"image":{"@id":"https:\/\/akunq.net\/tr\/?p=75954#primaryimage"},"thumbnailUrl":"https:\/\/akunq.net\/tr\/wp-content\/uploads\/sites\/6\/2023\/09\/Irkcilik-1.webp","articleSection":["Haberler","Makaleler"],"inLanguage":"en-US","potentialAction":[{"@type":"CommentAction","name":"Comment","target":["https:\/\/akunq.net\/tr\/?p=75954#respond"]}]},{"@type":"WebPage","@id":"https:\/\/akunq.net\/tr\/?p=75954","url":"https:\/\/akunq.net\/tr\/?p=75954","name":"Irk\u00e7\u0131l\u0131k: Se\u00e7ilmeyen kadere meydan okumak - Bati Ermenistan Ve Bati Ermenileri Sorunlari Ara\u015ftirmalar Merkezi","isPartOf":{"@id":"https:\/\/akunq.net\/tr\/#website"},"primaryImageOfPage":{"@id":"https:\/\/akunq.net\/tr\/?p=75954#primaryimage"},"image":{"@id":"https:\/\/akunq.net\/tr\/?p=75954#primaryimage"},"thumbnailUrl":"https:\/\/akunq.net\/tr\/wp-content\/uploads\/sites\/6\/2023\/09\/Irkcilik-1.webp","datePublished":"2023-09-14T06:40:26+00:00","author":{"@id":"https:\/\/akunq.net\/tr\/#\/schema\/person\/096f1d38a12cce57fb855b485ed24c9e"},"breadcrumb":{"@id":"https:\/\/akunq.net\/tr\/?p=75954#breadcrumb"},"inLanguage":"en-US","potentialAction":[{"@type":"ReadAction","target":["https:\/\/akunq.net\/tr\/?p=75954"]}]},{"@type":"ImageObject","inLanguage":"en-US","@id":"https:\/\/akunq.net\/tr\/?p=75954#primaryimage","url":"https:\/\/akunq.net\/tr\/wp-content\/uploads\/sites\/6\/2023\/09\/Irkcilik-1.webp","contentUrl":"https:\/\/akunq.net\/tr\/wp-content\/uploads\/sites\/6\/2023\/09\/Irkcilik-1.webp","width":900,"height":539},{"@type":"BreadcrumbList","@id":"https:\/\/akunq.net\/tr\/?p=75954#breadcrumb","itemListElement":[{"@type":"ListItem","position":1,"name":"Home","item":"https:\/\/akunq.net\/tr"},{"@type":"ListItem","position":2,"name":"Irk\u00e7\u0131l\u0131k: Se\u00e7ilmeyen kadere meydan okumak"}]},{"@type":"WebSite","@id":"https:\/\/akunq.net\/tr\/#website","url":"https:\/\/akunq.net\/tr\/","name":"Bati Ermenistan Ve Bati Ermenileri Sorunlari Ara\u015ftirmalar Merkezi","description":"","potentialAction":[{"@type":"SearchAction","target":{"@type":"EntryPoint","urlTemplate":"https:\/\/akunq.net\/tr\/?s={search_term_string}"},"query-input":{"@type":"PropertyValueSpecification","valueRequired":true,"valueName":"search_term_string"}}],"inLanguage":"en-US"},{"@type":"Person","@id":"https:\/\/akunq.net\/tr\/#\/schema\/person\/096f1d38a12cce57fb855b485ed24c9e","name":"admin","url":"https:\/\/akunq.net\/tr\/?author=7"}]}},"_links":{"self":[{"href":"https:\/\/akunq.net\/tr\/index.php?rest_route=\/wp\/v2\/posts\/75954","targetHints":{"allow":["GET"]}}],"collection":[{"href":"https:\/\/akunq.net\/tr\/index.php?rest_route=\/wp\/v2\/posts"}],"about":[{"href":"https:\/\/akunq.net\/tr\/index.php?rest_route=\/wp\/v2\/types\/post"}],"author":[{"embeddable":true,"href":"https:\/\/akunq.net\/tr\/index.php?rest_route=\/wp\/v2\/users\/7"}],"replies":[{"embeddable":true,"href":"https:\/\/akunq.net\/tr\/index.php?rest_route=%2Fwp%2Fv2%2Fcomments&post=75954"}],"version-history":[{"count":1,"href":"https:\/\/akunq.net\/tr\/index.php?rest_route=\/wp\/v2\/posts\/75954\/revisions"}],"predecessor-version":[{"id":75957,"href":"https:\/\/akunq.net\/tr\/index.php?rest_route=\/wp\/v2\/posts\/75954\/revisions\/75957"}],"wp:featuredmedia":[{"embeddable":true,"href":"https:\/\/akunq.net\/tr\/index.php?rest_route=\/wp\/v2\/media\/75956"}],"wp:attachment":[{"href":"https:\/\/akunq.net\/tr\/index.php?rest_route=%2Fwp%2Fv2%2Fmedia&parent=75954"}],"wp:term":[{"taxonomy":"category","embeddable":true,"href":"https:\/\/akunq.net\/tr\/index.php?rest_route=%2Fwp%2Fv2%2Fcategories&post=75954"},{"taxonomy":"post_tag","embeddable":true,"href":"https:\/\/akunq.net\/tr\/index.php?rest_route=%2Fwp%2Fv2%2Ftags&post=75954"}],"curies":[{"name":"wp","href":"https:\/\/api.w.org\/{rel}","templated":true}]}}