{"id":74452,"date":"2023-06-08T01:16:38","date_gmt":"2023-06-08T06:16:38","guid":{"rendered":"https:\/\/akunq.net\/tr\/?p=74452"},"modified":"2023-06-08T01:16:38","modified_gmt":"2023-06-08T06:16:38","slug":"alman-milletvekili-hicbir-komsunun-ermenistanin-toprak-butunlugunu-ihlal-etmeye-kalkismamasi-icin-her-seyi-yapmaliyiz","status":"publish","type":"post","link":"https:\/\/akunq.net\/tr\/?p=74452","title":{"rendered":"Alman Milletvekili: Hi\u00e7bir kom\u015funun Ermenistan&#8217;\u0131n toprak b\u00fct\u00fcnl\u00fc\u011f\u00fcn\u00fc ihlal etmeye kalk\u0131\u015fmamas\u0131 i\u00e7in her \u015feyi yapmal\u0131y\u0131z"},"content":{"rendered":"<div class=\"html-content\">\n<p><img loading=\"lazy\" decoding=\"async\" class=\"aligncenter size-medium wp-image-74453\" src=\"https:\/\/akunq.net\/tr\/wp-content\/uploads\/2023\/06\/Michael-Roth-360x242.jpg\" alt=\"\" width=\"360\" height=\"242\" srcset=\"https:\/\/akunq.net\/tr\/wp-content\/uploads\/sites\/6\/2023\/06\/Michael-Roth-360x242.jpg 360w, https:\/\/akunq.net\/tr\/wp-content\/uploads\/sites\/6\/2023\/06\/Michael-Roth-560x376.jpg 560w, https:\/\/akunq.net\/tr\/wp-content\/uploads\/sites\/6\/2023\/06\/Michael-Roth-260x175.jpg 260w, https:\/\/akunq.net\/tr\/wp-content\/uploads\/sites\/6\/2023\/06\/Michael-Roth-160x107.jpg 160w, https:\/\/akunq.net\/tr\/wp-content\/uploads\/sites\/6\/2023\/06\/Michael-Roth.jpg 670w\" sizes=\"auto, (max-width: 360px) 100vw, 360px\" \/><\/p>\n<p><em><strong>Almanya Federal Cumhuriyeti Bundestag D\u0131\u015f \u0130li\u015fkiler Komitesi Ba\u015fkan\u0131 Michael Roth ba\u015fkanl\u0131\u011f\u0131ndaki heyet, Ermenistan ziyareti kapsam\u0131nda Ermenistan Parlamentosu D\u0131\u015f \u0130li\u015fkiler Daimi Komitesi Ba\u015fkan\u0131 Sargis Khandanyan\u2019\u0131n e\u015fli\u011finde Tsitsernakaberd\u2019deki Ermeni Soyk\u0131r\u0131m\u0131 an\u0131t kompleksini ziyaret etti ve Ermeni Soyk\u0131r\u0131m\u0131 kurbanlar\u0131n\u0131n an\u0131s\u0131na sayg\u0131 duru\u015funda bulundu.<\/strong><\/em><\/p>\n<p>Michael Roth yapt\u0131\u011f\u0131 a\u00e7\u0131klamada \u015fu ifadelere yer verdi:<br \/>\n&#8220;Hi\u00e7bir kom\u015funun Ermenistan&#8217;\u0131n toprak b\u00fct\u00fcnl\u00fc\u011f\u00fcn\u00fc ihlal etmeye kalk\u0131\u015fmamas\u0131 ve Ermeni halk\u0131n\u0131n sava\u015f, \u015fiddet ve tehlike olmaks\u0131z\u0131n, bar\u0131\u015f i\u00e7inde ya\u015famas\u0131 i\u00e7in her \u015feyi yapmal\u0131y\u0131z.&#8221;<\/p>\n<p>Almanya\u2019dan gelen heyet \u00fcyeleri, Soyk\u0131r\u0131m kurbanlar\u0131n\u0131n an\u0131s\u0131n\u0131 \u00f6l\u00fcms\u00fczle\u015ftiren s\u00f6nmeyen ate\u015fin \u00f6n\u00fcnde \u00e7elenk koydu ve \u00e7i\u00e7ekler b\u0131rakt\u0131lar.<\/p>\n<\/div>\n<div class=\"current-author fl cb\"><em><strong><a class=\"a-none\" href=\"https:\/\/www.ermenihaber.am\/tr\/news\/2023\/06\/07\/Alman-Milletvekili-Ermenistan-toprak-b%C3%BCt%C3%BCnl%C3%BC%C4%9F%C3%BCn%C3%BC\/249887\">\u00a0Ermenihaber.am<\/a><\/strong><\/em><\/div>\n<div class=\"cb\"><\/div>\n<div class=\"current-socials\">\n<div id=\"st-1\" class=\"sharethis-inline-share-buttons st-left  st-inline-share-buttons st-animated\">\n<div class=\"st-btn st-first\" data-network=\"facebook\"><\/div>\n<\/div>\n<\/div>\n","protected":false},"excerpt":{"rendered":"<p>Almanya Federal Cumhuriyeti Bundestag D\u0131\u015f \u0130li\u015fkiler Komitesi Ba\u015fkan\u0131 Michael Roth ba\u015fkanl\u0131\u011f\u0131ndaki heyet, Ermenistan ziyareti kapsam\u0131nda Ermenistan Parlamentosu D\u0131\u015f \u0130li\u015fkiler Daimi Komitesi Ba\u015fkan\u0131 Sargis Khandanyan\u2019\u0131n e\u015fli\u011finde Tsitsernakaberd\u2019deki Ermeni Soyk\u0131r\u0131m\u0131 an\u0131t kompleksini ziyaret etti ve Ermeni Soyk\u0131r\u0131m\u0131 kurbanlar\u0131n\u0131n an\u0131s\u0131na sayg\u0131 duru\u015funda bulundu. Michael Roth yapt\u0131\u011f\u0131 a\u00e7\u0131klamada \u015fu ifadelere yer verdi: &#8220;Hi\u00e7bir kom\u015funun Ermenistan&#8217;\u0131n toprak b\u00fct\u00fcnl\u00fc\u011f\u00fcn\u00fc ihlal etmeye [&hellip;]<\/p>\n","protected":false},"author":7,"featured_media":74454,"comment_status":"open","ping_status":"open","sticky":false,"template":"","format":"standard","meta":{"footnotes":""},"categories":[44,1],"tags":[],"class_list":["post-74452","post","type-post","status-publish","format-standard","has-post-thumbnail","hentry","category-ermeni-soykirimi","category-haberler"],"yoast_head":"<!-- This site is optimized with the Yoast SEO plugin v27.4 - https:\/\/yoast.com\/product\/yoast-seo-wordpress\/ -->\n<title>Alman Milletvekili: Hi\u00e7bir kom\u015funun Ermenistan&#039;\u0131n toprak b\u00fct\u00fcnl\u00fc\u011f\u00fcn\u00fc ihlal etmeye kalk\u0131\u015fmamas\u0131 i\u00e7in her \u015feyi yapmal\u0131y\u0131z - Bati Ermenistan Ve Bati Ermenileri Sorunlari Ara\u015ftirmalar Merkezi<\/title>\n<meta name=\"robots\" content=\"index, follow, max-snippet:-1, max-image-preview:large, max-video-preview:-1\" \/>\n<link rel=\"canonical\" href=\"https:\/\/akunq.net\/tr\/?p=74452\" \/>\n<meta property=\"og:locale\" content=\"en_US\" \/>\n<meta property=\"og:type\" content=\"article\" \/>\n<meta property=\"og:title\" content=\"Alman Milletvekili: Hi\u00e7bir kom\u015funun Ermenistan&#039;\u0131n toprak b\u00fct\u00fcnl\u00fc\u011f\u00fcn\u00fc ihlal etmeye kalk\u0131\u015fmamas\u0131 i\u00e7in her \u015feyi yapmal\u0131y\u0131z - Bati Ermenistan Ve Bati Ermenileri Sorunlari Ara\u015ftirmalar Merkezi\" \/>\n<meta property=\"og:description\" content=\"Almanya Federal Cumhuriyeti Bundestag D\u0131\u015f \u0130li\u015fkiler Komitesi Ba\u015fkan\u0131 Michael Roth ba\u015fkanl\u0131\u011f\u0131ndaki heyet, Ermenistan ziyareti kapsam\u0131nda Ermenistan Parlamentosu D\u0131\u015f \u0130li\u015fkiler Daimi Komitesi Ba\u015fkan\u0131 Sargis Khandanyan\u2019\u0131n e\u015fli\u011finde Tsitsernakaberd\u2019deki Ermeni Soyk\u0131r\u0131m\u0131 an\u0131t kompleksini ziyaret etti ve Ermeni Soyk\u0131r\u0131m\u0131 kurbanlar\u0131n\u0131n an\u0131s\u0131na sayg\u0131 duru\u015funda bulundu. Michael Roth yapt\u0131\u011f\u0131 a\u00e7\u0131klamada \u015fu ifadelere yer verdi: &#8220;Hi\u00e7bir kom\u015funun Ermenistan&#8217;\u0131n toprak b\u00fct\u00fcnl\u00fc\u011f\u00fcn\u00fc ihlal etmeye [&hellip;]\" \/>\n<meta property=\"og:url\" content=\"https:\/\/akunq.net\/tr\/?p=74452\" \/>\n<meta property=\"og:site_name\" content=\"Bati Ermenistan Ve Bati Ermenileri Sorunlari Ara\u015ftirmalar Merkezi\" \/>\n<meta property=\"article:published_time\" content=\"2023-06-08T06:16:38+00:00\" \/>\n<meta property=\"og:image\" content=\"https:\/\/akunq.net\/tr\/wp-content\/uploads\/sites\/6\/2023\/06\/Michael-Roth-1.jpg\" \/>\n\t<meta property=\"og:image:width\" content=\"670\" \/>\n\t<meta property=\"og:image:height\" content=\"450\" \/>\n\t<meta property=\"og:image:type\" content=\"image\/jpeg\" \/>\n<meta name=\"author\" content=\"admin\" \/>\n<meta name=\"twitter:card\" content=\"summary_large_image\" \/>\n<meta name=\"twitter:label1\" content=\"Written by\" \/>\n\t<meta name=\"twitter:data1\" content=\"admin\" \/>\n\t<meta name=\"twitter:label2\" content=\"Est. reading time\" \/>\n\t<meta name=\"twitter:data2\" content=\"1 minute\" \/>\n<script type=\"application\/ld+json\" class=\"yoast-schema-graph\">{\"@context\":\"https:\\\/\\\/schema.org\",\"@graph\":[{\"@type\":\"Article\",\"@id\":\"https:\\\/\\\/akunq.net\\\/tr\\\/?p=74452#article\",\"isPartOf\":{\"@id\":\"https:\\\/\\\/akunq.net\\\/tr\\\/?p=74452\"},\"author\":{\"name\":\"admin\",\"@id\":\"https:\\\/\\\/akunq.net\\\/tr\\\/#\\\/schema\\\/person\\\/096f1d38a12cce57fb855b485ed24c9e\"},\"headline\":\"Alman Milletvekili: Hi\u00e7bir kom\u015funun Ermenistan&#8217;\u0131n toprak b\u00fct\u00fcnl\u00fc\u011f\u00fcn\u00fc ihlal etmeye kalk\u0131\u015fmamas\u0131 i\u00e7in her \u015feyi yapmal\u0131y\u0131z\",\"datePublished\":\"2023-06-08T06:16:38+00:00\",\"mainEntityOfPage\":{\"@id\":\"https:\\\/\\\/akunq.net\\\/tr\\\/?p=74452\"},\"wordCount\":167,\"commentCount\":0,\"image\":{\"@id\":\"https:\\\/\\\/akunq.net\\\/tr\\\/?p=74452#primaryimage\"},\"thumbnailUrl\":\"https:\\\/\\\/akunq.net\\\/tr\\\/wp-content\\\/uploads\\\/sites\\\/6\\\/2023\\\/06\\\/Michael-Roth-1.jpg\",\"articleSection\":[\"Ermeni Soyk\u0131r\u0131m\u0131\",\"Haberler\"],\"inLanguage\":\"en-US\",\"potentialAction\":[{\"@type\":\"CommentAction\",\"name\":\"Comment\",\"target\":[\"https:\\\/\\\/akunq.net\\\/tr\\\/?p=74452#respond\"]}]},{\"@type\":\"WebPage\",\"@id\":\"https:\\\/\\\/akunq.net\\\/tr\\\/?p=74452\",\"url\":\"https:\\\/\\\/akunq.net\\\/tr\\\/?p=74452\",\"name\":\"Alman Milletvekili: Hi\u00e7bir kom\u015funun Ermenistan'\u0131n toprak b\u00fct\u00fcnl\u00fc\u011f\u00fcn\u00fc ihlal etmeye kalk\u0131\u015fmamas\u0131 i\u00e7in her \u015feyi yapmal\u0131y\u0131z - Bati Ermenistan Ve Bati Ermenileri Sorunlari Ara\u015ftirmalar Merkezi\",\"isPartOf\":{\"@id\":\"https:\\\/\\\/akunq.net\\\/tr\\\/#website\"},\"primaryImageOfPage\":{\"@id\":\"https:\\\/\\\/akunq.net\\\/tr\\\/?p=74452#primaryimage\"},\"image\":{\"@id\":\"https:\\\/\\\/akunq.net\\\/tr\\\/?p=74452#primaryimage\"},\"thumbnailUrl\":\"https:\\\/\\\/akunq.net\\\/tr\\\/wp-content\\\/uploads\\\/sites\\\/6\\\/2023\\\/06\\\/Michael-Roth-1.jpg\",\"datePublished\":\"2023-06-08T06:16:38+00:00\",\"author\":{\"@id\":\"https:\\\/\\\/akunq.net\\\/tr\\\/#\\\/schema\\\/person\\\/096f1d38a12cce57fb855b485ed24c9e\"},\"breadcrumb\":{\"@id\":\"https:\\\/\\\/akunq.net\\\/tr\\\/?p=74452#breadcrumb\"},\"inLanguage\":\"en-US\",\"potentialAction\":[{\"@type\":\"ReadAction\",\"target\":[\"https:\\\/\\\/akunq.net\\\/tr\\\/?p=74452\"]}]},{\"@type\":\"ImageObject\",\"inLanguage\":\"en-US\",\"@id\":\"https:\\\/\\\/akunq.net\\\/tr\\\/?p=74452#primaryimage\",\"url\":\"https:\\\/\\\/akunq.net\\\/tr\\\/wp-content\\\/uploads\\\/sites\\\/6\\\/2023\\\/06\\\/Michael-Roth-1.jpg\",\"contentUrl\":\"https:\\\/\\\/akunq.net\\\/tr\\\/wp-content\\\/uploads\\\/sites\\\/6\\\/2023\\\/06\\\/Michael-Roth-1.jpg\",\"width\":670,\"height\":450},{\"@type\":\"BreadcrumbList\",\"@id\":\"https:\\\/\\\/akunq.net\\\/tr\\\/?p=74452#breadcrumb\",\"itemListElement\":[{\"@type\":\"ListItem\",\"position\":1,\"name\":\"Home\",\"item\":\"https:\\\/\\\/akunq.net\\\/tr\"},{\"@type\":\"ListItem\",\"position\":2,\"name\":\"Alman Milletvekili: Hi\u00e7bir kom\u015funun Ermenistan&#8217;\u0131n toprak b\u00fct\u00fcnl\u00fc\u011f\u00fcn\u00fc ihlal etmeye kalk\u0131\u015fmamas\u0131 i\u00e7in her \u015feyi yapmal\u0131y\u0131z\"}]},{\"@type\":\"WebSite\",\"@id\":\"https:\\\/\\\/akunq.net\\\/tr\\\/#website\",\"url\":\"https:\\\/\\\/akunq.net\\\/tr\\\/\",\"name\":\"Bati Ermenistan Ve Bati Ermenileri Sorunlari Ara\u015ftirmalar Merkezi\",\"description\":\"\",\"potentialAction\":[{\"@type\":\"SearchAction\",\"target\":{\"@type\":\"EntryPoint\",\"urlTemplate\":\"https:\\\/\\\/akunq.net\\\/tr\\\/?s={search_term_string}\"},\"query-input\":{\"@type\":\"PropertyValueSpecification\",\"valueRequired\":true,\"valueName\":\"search_term_string\"}}],\"inLanguage\":\"en-US\"},{\"@type\":\"Person\",\"@id\":\"https:\\\/\\\/akunq.net\\\/tr\\\/#\\\/schema\\\/person\\\/096f1d38a12cce57fb855b485ed24c9e\",\"name\":\"admin\",\"url\":\"https:\\\/\\\/akunq.net\\\/tr\\\/?author=7\"}]}<\/script>\n<!-- \/ Yoast SEO plugin. -->","yoast_head_json":{"title":"Alman Milletvekili: Hi\u00e7bir kom\u015funun Ermenistan'\u0131n toprak b\u00fct\u00fcnl\u00fc\u011f\u00fcn\u00fc ihlal etmeye kalk\u0131\u015fmamas\u0131 i\u00e7in her \u015feyi yapmal\u0131y\u0131z - Bati Ermenistan Ve Bati Ermenileri Sorunlari Ara\u015ftirmalar Merkezi","robots":{"index":"index","follow":"follow","max-snippet":"max-snippet:-1","max-image-preview":"max-image-preview:large","max-video-preview":"max-video-preview:-1"},"canonical":"https:\/\/akunq.net\/tr\/?p=74452","og_locale":"en_US","og_type":"article","og_title":"Alman Milletvekili: Hi\u00e7bir kom\u015funun Ermenistan'\u0131n toprak b\u00fct\u00fcnl\u00fc\u011f\u00fcn\u00fc ihlal etmeye kalk\u0131\u015fmamas\u0131 i\u00e7in her \u015feyi yapmal\u0131y\u0131z - Bati Ermenistan Ve Bati Ermenileri Sorunlari Ara\u015ftirmalar Merkezi","og_description":"Almanya Federal Cumhuriyeti Bundestag D\u0131\u015f \u0130li\u015fkiler Komitesi Ba\u015fkan\u0131 Michael Roth ba\u015fkanl\u0131\u011f\u0131ndaki heyet, Ermenistan ziyareti kapsam\u0131nda Ermenistan Parlamentosu D\u0131\u015f \u0130li\u015fkiler Daimi Komitesi Ba\u015fkan\u0131 Sargis Khandanyan\u2019\u0131n e\u015fli\u011finde Tsitsernakaberd\u2019deki Ermeni Soyk\u0131r\u0131m\u0131 an\u0131t kompleksini ziyaret etti ve Ermeni Soyk\u0131r\u0131m\u0131 kurbanlar\u0131n\u0131n an\u0131s\u0131na sayg\u0131 duru\u015funda bulundu. Michael Roth yapt\u0131\u011f\u0131 a\u00e7\u0131klamada \u015fu ifadelere yer verdi: &#8220;Hi\u00e7bir kom\u015funun Ermenistan&#8217;\u0131n toprak b\u00fct\u00fcnl\u00fc\u011f\u00fcn\u00fc ihlal etmeye [&hellip;]","og_url":"https:\/\/akunq.net\/tr\/?p=74452","og_site_name":"Bati Ermenistan Ve Bati Ermenileri Sorunlari Ara\u015ftirmalar Merkezi","article_published_time":"2023-06-08T06:16:38+00:00","og_image":[{"width":670,"height":450,"url":"https:\/\/akunq.net\/tr\/wp-content\/uploads\/sites\/6\/2023\/06\/Michael-Roth-1.jpg","type":"image\/jpeg"}],"author":"admin","twitter_card":"summary_large_image","twitter_misc":{"Written by":"admin","Est. reading time":"1 minute"},"schema":{"@context":"https:\/\/schema.org","@graph":[{"@type":"Article","@id":"https:\/\/akunq.net\/tr\/?p=74452#article","isPartOf":{"@id":"https:\/\/akunq.net\/tr\/?p=74452"},"author":{"name":"admin","@id":"https:\/\/akunq.net\/tr\/#\/schema\/person\/096f1d38a12cce57fb855b485ed24c9e"},"headline":"Alman Milletvekili: Hi\u00e7bir kom\u015funun Ermenistan&#8217;\u0131n toprak b\u00fct\u00fcnl\u00fc\u011f\u00fcn\u00fc ihlal etmeye kalk\u0131\u015fmamas\u0131 i\u00e7in her \u015feyi yapmal\u0131y\u0131z","datePublished":"2023-06-08T06:16:38+00:00","mainEntityOfPage":{"@id":"https:\/\/akunq.net\/tr\/?p=74452"},"wordCount":167,"commentCount":0,"image":{"@id":"https:\/\/akunq.net\/tr\/?p=74452#primaryimage"},"thumbnailUrl":"https:\/\/akunq.net\/tr\/wp-content\/uploads\/sites\/6\/2023\/06\/Michael-Roth-1.jpg","articleSection":["Ermeni Soyk\u0131r\u0131m\u0131","Haberler"],"inLanguage":"en-US","potentialAction":[{"@type":"CommentAction","name":"Comment","target":["https:\/\/akunq.net\/tr\/?p=74452#respond"]}]},{"@type":"WebPage","@id":"https:\/\/akunq.net\/tr\/?p=74452","url":"https:\/\/akunq.net\/tr\/?p=74452","name":"Alman Milletvekili: Hi\u00e7bir kom\u015funun Ermenistan'\u0131n toprak b\u00fct\u00fcnl\u00fc\u011f\u00fcn\u00fc ihlal etmeye kalk\u0131\u015fmamas\u0131 i\u00e7in her \u015feyi yapmal\u0131y\u0131z - Bati Ermenistan Ve Bati Ermenileri Sorunlari Ara\u015ftirmalar Merkezi","isPartOf":{"@id":"https:\/\/akunq.net\/tr\/#website"},"primaryImageOfPage":{"@id":"https:\/\/akunq.net\/tr\/?p=74452#primaryimage"},"image":{"@id":"https:\/\/akunq.net\/tr\/?p=74452#primaryimage"},"thumbnailUrl":"https:\/\/akunq.net\/tr\/wp-content\/uploads\/sites\/6\/2023\/06\/Michael-Roth-1.jpg","datePublished":"2023-06-08T06:16:38+00:00","author":{"@id":"https:\/\/akunq.net\/tr\/#\/schema\/person\/096f1d38a12cce57fb855b485ed24c9e"},"breadcrumb":{"@id":"https:\/\/akunq.net\/tr\/?p=74452#breadcrumb"},"inLanguage":"en-US","potentialAction":[{"@type":"ReadAction","target":["https:\/\/akunq.net\/tr\/?p=74452"]}]},{"@type":"ImageObject","inLanguage":"en-US","@id":"https:\/\/akunq.net\/tr\/?p=74452#primaryimage","url":"https:\/\/akunq.net\/tr\/wp-content\/uploads\/sites\/6\/2023\/06\/Michael-Roth-1.jpg","contentUrl":"https:\/\/akunq.net\/tr\/wp-content\/uploads\/sites\/6\/2023\/06\/Michael-Roth-1.jpg","width":670,"height":450},{"@type":"BreadcrumbList","@id":"https:\/\/akunq.net\/tr\/?p=74452#breadcrumb","itemListElement":[{"@type":"ListItem","position":1,"name":"Home","item":"https:\/\/akunq.net\/tr"},{"@type":"ListItem","position":2,"name":"Alman Milletvekili: Hi\u00e7bir kom\u015funun Ermenistan&#8217;\u0131n toprak b\u00fct\u00fcnl\u00fc\u011f\u00fcn\u00fc ihlal etmeye kalk\u0131\u015fmamas\u0131 i\u00e7in her \u015feyi yapmal\u0131y\u0131z"}]},{"@type":"WebSite","@id":"https:\/\/akunq.net\/tr\/#website","url":"https:\/\/akunq.net\/tr\/","name":"Bati Ermenistan Ve Bati Ermenileri Sorunlari Ara\u015ftirmalar Merkezi","description":"","potentialAction":[{"@type":"SearchAction","target":{"@type":"EntryPoint","urlTemplate":"https:\/\/akunq.net\/tr\/?s={search_term_string}"},"query-input":{"@type":"PropertyValueSpecification","valueRequired":true,"valueName":"search_term_string"}}],"inLanguage":"en-US"},{"@type":"Person","@id":"https:\/\/akunq.net\/tr\/#\/schema\/person\/096f1d38a12cce57fb855b485ed24c9e","name":"admin","url":"https:\/\/akunq.net\/tr\/?author=7"}]}},"_links":{"self":[{"href":"https:\/\/akunq.net\/tr\/index.php?rest_route=\/wp\/v2\/posts\/74452","targetHints":{"allow":["GET"]}}],"collection":[{"href":"https:\/\/akunq.net\/tr\/index.php?rest_route=\/wp\/v2\/posts"}],"about":[{"href":"https:\/\/akunq.net\/tr\/index.php?rest_route=\/wp\/v2\/types\/post"}],"author":[{"embeddable":true,"href":"https:\/\/akunq.net\/tr\/index.php?rest_route=\/wp\/v2\/users\/7"}],"replies":[{"embeddable":true,"href":"https:\/\/akunq.net\/tr\/index.php?rest_route=%2Fwp%2Fv2%2Fcomments&post=74452"}],"version-history":[{"count":1,"href":"https:\/\/akunq.net\/tr\/index.php?rest_route=\/wp\/v2\/posts\/74452\/revisions"}],"predecessor-version":[{"id":74455,"href":"https:\/\/akunq.net\/tr\/index.php?rest_route=\/wp\/v2\/posts\/74452\/revisions\/74455"}],"wp:featuredmedia":[{"embeddable":true,"href":"https:\/\/akunq.net\/tr\/index.php?rest_route=\/wp\/v2\/media\/74454"}],"wp:attachment":[{"href":"https:\/\/akunq.net\/tr\/index.php?rest_route=%2Fwp%2Fv2%2Fmedia&parent=74452"}],"wp:term":[{"taxonomy":"category","embeddable":true,"href":"https:\/\/akunq.net\/tr\/index.php?rest_route=%2Fwp%2Fv2%2Fcategories&post=74452"},{"taxonomy":"post_tag","embeddable":true,"href":"https:\/\/akunq.net\/tr\/index.php?rest_route=%2Fwp%2Fv2%2Ftags&post=74452"}],"curies":[{"name":"wp","href":"https:\/\/api.w.org\/{rel}","templated":true}]}}