{"id":74350,"date":"2023-06-01T02:44:39","date_gmt":"2023-06-01T07:44:39","guid":{"rendered":"https:\/\/akunq.net\/tr\/?p=74350"},"modified":"2023-06-01T02:44:39","modified_gmt":"2023-06-01T07:44:39","slug":"selahattin-demirtas-aktif-siyaseti-biraktigini-acikladi","status":"publish","type":"post","link":"https:\/\/akunq.net\/tr\/?p=74350","title":{"rendered":"Selahattin Demirta\u015f aktif siyaseti b\u0131rakt\u0131\u011f\u0131n\u0131 a\u00e7\u0131klad\u0131"},"content":{"rendered":"<p><img loading=\"lazy\" decoding=\"async\" class=\"aligncenter size-medium wp-image-74351\" src=\"https:\/\/akunq.net\/tr\/wp-content\/uploads\/2023\/06\/Selahattin-Demirtas-360x195.jpg\" alt=\"\" width=\"360\" height=\"195\" srcset=\"https:\/\/akunq.net\/tr\/wp-content\/uploads\/sites\/6\/2023\/06\/Selahattin-Demirtas-360x195.jpg 360w, https:\/\/akunq.net\/tr\/wp-content\/uploads\/sites\/6\/2023\/06\/Selahattin-Demirtas-768x415.jpg 768w, https:\/\/akunq.net\/tr\/wp-content\/uploads\/sites\/6\/2023\/06\/Selahattin-Demirtas-560x303.jpg 560w, https:\/\/akunq.net\/tr\/wp-content\/uploads\/sites\/6\/2023\/06\/Selahattin-Demirtas-260x141.jpg 260w, https:\/\/akunq.net\/tr\/wp-content\/uploads\/sites\/6\/2023\/06\/Selahattin-Demirtas-160x87.jpg 160w, https:\/\/akunq.net\/tr\/wp-content\/uploads\/sites\/6\/2023\/06\/Selahattin-Demirtas.jpg 1000w\" sizes=\"auto, (max-width: 360px) 100vw, 360px\" \/><\/p>\n<p><strong><em>Edirne Cezaevi&#8217;nde tutuklu bulunan HDP eski E\u015f Genel Ba\u015fkan\u0131 Selahattin Demirta\u015f, aktif politikay\u0131 b\u0131rakt\u0131\u011f\u0131n\u0131 a\u00e7\u0131klad\u0131.<\/em><\/strong><\/p>\n<p>Demirta\u015f&#8217;\u0131n Twitter hesab\u0131ndan yap\u0131lan payla\u015f\u0131m \u015f\u00f6yle:<\/p>\n<p>&#8220;Merhabalar. Yar\u0131n Art\u0131 Ger\u00e7ek&#8217;te yay\u0131mlanacak r\u00f6portaj\u0131mdan iki paragraf\u0131 sizlerle payla\u015f\u0131yorum:<\/p>\n<p>&#8216;Ben kendi ad\u0131ma, halk\u0131m\u0131za lay\u0131k bir politika ortaya koyamad\u0131\u011f\u0131m\u0131z i\u00e7in i\u00e7tenlikle \u00f6z\u00fcr diliyorum. Pratikteki \u00e7abalar\u0131mla bu eksiklikleri giderme s\u00f6z\u00fc veriyorum.<\/p>\n<p>Ayr\u0131ca, bana y\u00f6nelik yap\u0131c\u0131 ele\u015ftirilere te\u015fekk\u00fcr ediyorum. Ele\u015ftirilerden yararlanmaya \u00e7al\u0131\u015faca\u011f\u0131m. M\u00fccadeleyi cezaevinden her yolda\u015f\u0131m gibi diren\u00e7le s\u00fcrd\u00fcr\u00fcrken, aktif politikay\u0131 bu a\u015famada b\u0131rak\u0131yorum.&#8217;<\/p>\n<p>Hepinize yolda\u015f\u00e7a selam, sevgilerimi g\u00f6nderiyor, hepinizi hasretle kucakl\u0131yorum. \u00d6zg\u00fcr g\u00fcnlerde g\u00f6r\u00fc\u015febilmek dile\u011fiyle.&#8221;<\/p>\n<p>Demirta\u015f bug\u00fcn de Art\u0131Ger\u00e7ek sitesinde yay\u0131nlanan yaz\u0131s\u0131nda HDP&#8217;ye y\u00f6nelik\u00a0<a href=\"https:\/\/artigercek.com\/forum\/hdp-acisindan-tbmm-secimi-neden-boyle-oldu-252148h\" target=\"_blank\" rel=\"noopener\">ele\u015ftiriler<\/a> getirmi\u015fti.<\/p>\n<p><em><strong>https:\/\/www.agos.com.tr\/tr\/yazi\/28695\/selahattin-demirtas-aktif-siyaseti-biraktigini-acikladi\u00a0<\/strong><\/em><\/p>\n","protected":false},"excerpt":{"rendered":"<p>Edirne Cezaevi&#8217;nde tutuklu bulunan HDP eski E\u015f Genel Ba\u015fkan\u0131 Selahattin Demirta\u015f, aktif politikay\u0131 b\u0131rakt\u0131\u011f\u0131n\u0131 a\u00e7\u0131klad\u0131. Demirta\u015f&#8217;\u0131n Twitter hesab\u0131ndan yap\u0131lan payla\u015f\u0131m \u015f\u00f6yle: &#8220;Merhabalar. Yar\u0131n Art\u0131 Ger\u00e7ek&#8217;te yay\u0131mlanacak r\u00f6portaj\u0131mdan iki paragraf\u0131 sizlerle payla\u015f\u0131yorum: &#8216;Ben kendi ad\u0131ma, halk\u0131m\u0131za lay\u0131k bir politika ortaya koyamad\u0131\u011f\u0131m\u0131z i\u00e7in i\u00e7tenlikle \u00f6z\u00fcr diliyorum. Pratikteki \u00e7abalar\u0131mla bu eksiklikleri giderme s\u00f6z\u00fc veriyorum. Ayr\u0131ca, bana y\u00f6nelik yap\u0131c\u0131 [&hellip;]<\/p>\n","protected":false},"author":7,"featured_media":74352,"comment_status":"open","ping_status":"open","sticky":false,"template":"","format":"standard","meta":{"footnotes":""},"categories":[1],"tags":[],"class_list":["post-74350","post","type-post","status-publish","format-standard","has-post-thumbnail","hentry","category-haberler"],"yoast_head":"<!-- This site is optimized with the Yoast SEO plugin v27.4 - https:\/\/yoast.com\/product\/yoast-seo-wordpress\/ -->\n<title>Selahattin Demirta\u015f aktif siyaseti b\u0131rakt\u0131\u011f\u0131n\u0131 a\u00e7\u0131klad\u0131 - Bati Ermenistan Ve Bati Ermenileri Sorunlari Ara\u015ftirmalar Merkezi<\/title>\n<meta name=\"robots\" content=\"index, follow, max-snippet:-1, max-image-preview:large, max-video-preview:-1\" \/>\n<link rel=\"canonical\" href=\"https:\/\/akunq.net\/tr\/?p=74350\" \/>\n<meta property=\"og:locale\" content=\"en_US\" \/>\n<meta property=\"og:type\" content=\"article\" \/>\n<meta property=\"og:title\" content=\"Selahattin Demirta\u015f aktif siyaseti b\u0131rakt\u0131\u011f\u0131n\u0131 a\u00e7\u0131klad\u0131 - Bati Ermenistan Ve Bati Ermenileri Sorunlari Ara\u015ftirmalar Merkezi\" \/>\n<meta property=\"og:description\" content=\"Edirne Cezaevi&#8217;nde tutuklu bulunan HDP eski E\u015f Genel Ba\u015fkan\u0131 Selahattin Demirta\u015f, aktif politikay\u0131 b\u0131rakt\u0131\u011f\u0131n\u0131 a\u00e7\u0131klad\u0131. Demirta\u015f&#8217;\u0131n Twitter hesab\u0131ndan yap\u0131lan payla\u015f\u0131m \u015f\u00f6yle: &#8220;Merhabalar. Yar\u0131n Art\u0131 Ger\u00e7ek&#8217;te yay\u0131mlanacak r\u00f6portaj\u0131mdan iki paragraf\u0131 sizlerle payla\u015f\u0131yorum: &#8216;Ben kendi ad\u0131ma, halk\u0131m\u0131za lay\u0131k bir politika ortaya koyamad\u0131\u011f\u0131m\u0131z i\u00e7in i\u00e7tenlikle \u00f6z\u00fcr diliyorum. Pratikteki \u00e7abalar\u0131mla bu eksiklikleri giderme s\u00f6z\u00fc veriyorum. Ayr\u0131ca, bana y\u00f6nelik yap\u0131c\u0131 [&hellip;]\" \/>\n<meta property=\"og:url\" content=\"https:\/\/akunq.net\/tr\/?p=74350\" \/>\n<meta property=\"og:site_name\" content=\"Bati Ermenistan Ve Bati Ermenileri Sorunlari Ara\u015ftirmalar Merkezi\" \/>\n<meta property=\"article:published_time\" content=\"2023-06-01T07:44:39+00:00\" \/>\n<meta property=\"og:image\" content=\"https:\/\/akunq.net\/tr\/wp-content\/uploads\/sites\/6\/2023\/06\/Selahattin-Demirtas-1.jpg\" \/>\n\t<meta property=\"og:image:width\" content=\"1000\" \/>\n\t<meta property=\"og:image:height\" content=\"541\" \/>\n\t<meta property=\"og:image:type\" content=\"image\/jpeg\" \/>\n<meta name=\"author\" content=\"admin\" \/>\n<meta name=\"twitter:card\" content=\"summary_large_image\" \/>\n<meta name=\"twitter:label1\" content=\"Written by\" \/>\n\t<meta name=\"twitter:data1\" content=\"admin\" \/>\n\t<meta name=\"twitter:label2\" content=\"Est. reading time\" \/>\n\t<meta name=\"twitter:data2\" content=\"1 minute\" \/>\n<script type=\"application\/ld+json\" class=\"yoast-schema-graph\">{\"@context\":\"https:\\\/\\\/schema.org\",\"@graph\":[{\"@type\":\"Article\",\"@id\":\"https:\\\/\\\/akunq.net\\\/tr\\\/?p=74350#article\",\"isPartOf\":{\"@id\":\"https:\\\/\\\/akunq.net\\\/tr\\\/?p=74350\"},\"author\":{\"name\":\"admin\",\"@id\":\"https:\\\/\\\/akunq.net\\\/tr\\\/#\\\/schema\\\/person\\\/096f1d38a12cce57fb855b485ed24c9e\"},\"headline\":\"Selahattin Demirta\u015f aktif siyaseti b\u0131rakt\u0131\u011f\u0131n\u0131 a\u00e7\u0131klad\u0131\",\"datePublished\":\"2023-06-01T07:44:39+00:00\",\"mainEntityOfPage\":{\"@id\":\"https:\\\/\\\/akunq.net\\\/tr\\\/?p=74350\"},\"wordCount\":175,\"commentCount\":0,\"image\":{\"@id\":\"https:\\\/\\\/akunq.net\\\/tr\\\/?p=74350#primaryimage\"},\"thumbnailUrl\":\"https:\\\/\\\/akunq.net\\\/tr\\\/wp-content\\\/uploads\\\/sites\\\/6\\\/2023\\\/06\\\/Selahattin-Demirtas-1.jpg\",\"articleSection\":[\"Haberler\"],\"inLanguage\":\"en-US\",\"potentialAction\":[{\"@type\":\"CommentAction\",\"name\":\"Comment\",\"target\":[\"https:\\\/\\\/akunq.net\\\/tr\\\/?p=74350#respond\"]}]},{\"@type\":\"WebPage\",\"@id\":\"https:\\\/\\\/akunq.net\\\/tr\\\/?p=74350\",\"url\":\"https:\\\/\\\/akunq.net\\\/tr\\\/?p=74350\",\"name\":\"Selahattin Demirta\u015f aktif siyaseti b\u0131rakt\u0131\u011f\u0131n\u0131 a\u00e7\u0131klad\u0131 - Bati Ermenistan Ve Bati Ermenileri Sorunlari Ara\u015ftirmalar Merkezi\",\"isPartOf\":{\"@id\":\"https:\\\/\\\/akunq.net\\\/tr\\\/#website\"},\"primaryImageOfPage\":{\"@id\":\"https:\\\/\\\/akunq.net\\\/tr\\\/?p=74350#primaryimage\"},\"image\":{\"@id\":\"https:\\\/\\\/akunq.net\\\/tr\\\/?p=74350#primaryimage\"},\"thumbnailUrl\":\"https:\\\/\\\/akunq.net\\\/tr\\\/wp-content\\\/uploads\\\/sites\\\/6\\\/2023\\\/06\\\/Selahattin-Demirtas-1.jpg\",\"datePublished\":\"2023-06-01T07:44:39+00:00\",\"author\":{\"@id\":\"https:\\\/\\\/akunq.net\\\/tr\\\/#\\\/schema\\\/person\\\/096f1d38a12cce57fb855b485ed24c9e\"},\"breadcrumb\":{\"@id\":\"https:\\\/\\\/akunq.net\\\/tr\\\/?p=74350#breadcrumb\"},\"inLanguage\":\"en-US\",\"potentialAction\":[{\"@type\":\"ReadAction\",\"target\":[\"https:\\\/\\\/akunq.net\\\/tr\\\/?p=74350\"]}]},{\"@type\":\"ImageObject\",\"inLanguage\":\"en-US\",\"@id\":\"https:\\\/\\\/akunq.net\\\/tr\\\/?p=74350#primaryimage\",\"url\":\"https:\\\/\\\/akunq.net\\\/tr\\\/wp-content\\\/uploads\\\/sites\\\/6\\\/2023\\\/06\\\/Selahattin-Demirtas-1.jpg\",\"contentUrl\":\"https:\\\/\\\/akunq.net\\\/tr\\\/wp-content\\\/uploads\\\/sites\\\/6\\\/2023\\\/06\\\/Selahattin-Demirtas-1.jpg\",\"width\":1000,\"height\":541},{\"@type\":\"BreadcrumbList\",\"@id\":\"https:\\\/\\\/akunq.net\\\/tr\\\/?p=74350#breadcrumb\",\"itemListElement\":[{\"@type\":\"ListItem\",\"position\":1,\"name\":\"Home\",\"item\":\"https:\\\/\\\/akunq.net\\\/tr\"},{\"@type\":\"ListItem\",\"position\":2,\"name\":\"Selahattin Demirta\u015f aktif siyaseti b\u0131rakt\u0131\u011f\u0131n\u0131 a\u00e7\u0131klad\u0131\"}]},{\"@type\":\"WebSite\",\"@id\":\"https:\\\/\\\/akunq.net\\\/tr\\\/#website\",\"url\":\"https:\\\/\\\/akunq.net\\\/tr\\\/\",\"name\":\"Bati Ermenistan Ve Bati Ermenileri Sorunlari Ara\u015ftirmalar Merkezi\",\"description\":\"\",\"potentialAction\":[{\"@type\":\"SearchAction\",\"target\":{\"@type\":\"EntryPoint\",\"urlTemplate\":\"https:\\\/\\\/akunq.net\\\/tr\\\/?s={search_term_string}\"},\"query-input\":{\"@type\":\"PropertyValueSpecification\",\"valueRequired\":true,\"valueName\":\"search_term_string\"}}],\"inLanguage\":\"en-US\"},{\"@type\":\"Person\",\"@id\":\"https:\\\/\\\/akunq.net\\\/tr\\\/#\\\/schema\\\/person\\\/096f1d38a12cce57fb855b485ed24c9e\",\"name\":\"admin\",\"url\":\"https:\\\/\\\/akunq.net\\\/tr\\\/?author=7\"}]}<\/script>\n<!-- \/ Yoast SEO plugin. -->","yoast_head_json":{"title":"Selahattin Demirta\u015f aktif siyaseti b\u0131rakt\u0131\u011f\u0131n\u0131 a\u00e7\u0131klad\u0131 - Bati Ermenistan Ve Bati Ermenileri Sorunlari Ara\u015ftirmalar Merkezi","robots":{"index":"index","follow":"follow","max-snippet":"max-snippet:-1","max-image-preview":"max-image-preview:large","max-video-preview":"max-video-preview:-1"},"canonical":"https:\/\/akunq.net\/tr\/?p=74350","og_locale":"en_US","og_type":"article","og_title":"Selahattin Demirta\u015f aktif siyaseti b\u0131rakt\u0131\u011f\u0131n\u0131 a\u00e7\u0131klad\u0131 - Bati Ermenistan Ve Bati Ermenileri Sorunlari Ara\u015ftirmalar Merkezi","og_description":"Edirne Cezaevi&#8217;nde tutuklu bulunan HDP eski E\u015f Genel Ba\u015fkan\u0131 Selahattin Demirta\u015f, aktif politikay\u0131 b\u0131rakt\u0131\u011f\u0131n\u0131 a\u00e7\u0131klad\u0131. Demirta\u015f&#8217;\u0131n Twitter hesab\u0131ndan yap\u0131lan payla\u015f\u0131m \u015f\u00f6yle: &#8220;Merhabalar. Yar\u0131n Art\u0131 Ger\u00e7ek&#8217;te yay\u0131mlanacak r\u00f6portaj\u0131mdan iki paragraf\u0131 sizlerle payla\u015f\u0131yorum: &#8216;Ben kendi ad\u0131ma, halk\u0131m\u0131za lay\u0131k bir politika ortaya koyamad\u0131\u011f\u0131m\u0131z i\u00e7in i\u00e7tenlikle \u00f6z\u00fcr diliyorum. Pratikteki \u00e7abalar\u0131mla bu eksiklikleri giderme s\u00f6z\u00fc veriyorum. Ayr\u0131ca, bana y\u00f6nelik yap\u0131c\u0131 [&hellip;]","og_url":"https:\/\/akunq.net\/tr\/?p=74350","og_site_name":"Bati Ermenistan Ve Bati Ermenileri Sorunlari Ara\u015ftirmalar Merkezi","article_published_time":"2023-06-01T07:44:39+00:00","og_image":[{"width":1000,"height":541,"url":"https:\/\/akunq.net\/tr\/wp-content\/uploads\/sites\/6\/2023\/06\/Selahattin-Demirtas-1.jpg","type":"image\/jpeg"}],"author":"admin","twitter_card":"summary_large_image","twitter_misc":{"Written by":"admin","Est. reading time":"1 minute"},"schema":{"@context":"https:\/\/schema.org","@graph":[{"@type":"Article","@id":"https:\/\/akunq.net\/tr\/?p=74350#article","isPartOf":{"@id":"https:\/\/akunq.net\/tr\/?p=74350"},"author":{"name":"admin","@id":"https:\/\/akunq.net\/tr\/#\/schema\/person\/096f1d38a12cce57fb855b485ed24c9e"},"headline":"Selahattin Demirta\u015f aktif siyaseti b\u0131rakt\u0131\u011f\u0131n\u0131 a\u00e7\u0131klad\u0131","datePublished":"2023-06-01T07:44:39+00:00","mainEntityOfPage":{"@id":"https:\/\/akunq.net\/tr\/?p=74350"},"wordCount":175,"commentCount":0,"image":{"@id":"https:\/\/akunq.net\/tr\/?p=74350#primaryimage"},"thumbnailUrl":"https:\/\/akunq.net\/tr\/wp-content\/uploads\/sites\/6\/2023\/06\/Selahattin-Demirtas-1.jpg","articleSection":["Haberler"],"inLanguage":"en-US","potentialAction":[{"@type":"CommentAction","name":"Comment","target":["https:\/\/akunq.net\/tr\/?p=74350#respond"]}]},{"@type":"WebPage","@id":"https:\/\/akunq.net\/tr\/?p=74350","url":"https:\/\/akunq.net\/tr\/?p=74350","name":"Selahattin Demirta\u015f aktif siyaseti b\u0131rakt\u0131\u011f\u0131n\u0131 a\u00e7\u0131klad\u0131 - Bati Ermenistan Ve Bati Ermenileri Sorunlari Ara\u015ftirmalar Merkezi","isPartOf":{"@id":"https:\/\/akunq.net\/tr\/#website"},"primaryImageOfPage":{"@id":"https:\/\/akunq.net\/tr\/?p=74350#primaryimage"},"image":{"@id":"https:\/\/akunq.net\/tr\/?p=74350#primaryimage"},"thumbnailUrl":"https:\/\/akunq.net\/tr\/wp-content\/uploads\/sites\/6\/2023\/06\/Selahattin-Demirtas-1.jpg","datePublished":"2023-06-01T07:44:39+00:00","author":{"@id":"https:\/\/akunq.net\/tr\/#\/schema\/person\/096f1d38a12cce57fb855b485ed24c9e"},"breadcrumb":{"@id":"https:\/\/akunq.net\/tr\/?p=74350#breadcrumb"},"inLanguage":"en-US","potentialAction":[{"@type":"ReadAction","target":["https:\/\/akunq.net\/tr\/?p=74350"]}]},{"@type":"ImageObject","inLanguage":"en-US","@id":"https:\/\/akunq.net\/tr\/?p=74350#primaryimage","url":"https:\/\/akunq.net\/tr\/wp-content\/uploads\/sites\/6\/2023\/06\/Selahattin-Demirtas-1.jpg","contentUrl":"https:\/\/akunq.net\/tr\/wp-content\/uploads\/sites\/6\/2023\/06\/Selahattin-Demirtas-1.jpg","width":1000,"height":541},{"@type":"BreadcrumbList","@id":"https:\/\/akunq.net\/tr\/?p=74350#breadcrumb","itemListElement":[{"@type":"ListItem","position":1,"name":"Home","item":"https:\/\/akunq.net\/tr"},{"@type":"ListItem","position":2,"name":"Selahattin Demirta\u015f aktif siyaseti b\u0131rakt\u0131\u011f\u0131n\u0131 a\u00e7\u0131klad\u0131"}]},{"@type":"WebSite","@id":"https:\/\/akunq.net\/tr\/#website","url":"https:\/\/akunq.net\/tr\/","name":"Bati Ermenistan Ve Bati Ermenileri Sorunlari Ara\u015ftirmalar Merkezi","description":"","potentialAction":[{"@type":"SearchAction","target":{"@type":"EntryPoint","urlTemplate":"https:\/\/akunq.net\/tr\/?s={search_term_string}"},"query-input":{"@type":"PropertyValueSpecification","valueRequired":true,"valueName":"search_term_string"}}],"inLanguage":"en-US"},{"@type":"Person","@id":"https:\/\/akunq.net\/tr\/#\/schema\/person\/096f1d38a12cce57fb855b485ed24c9e","name":"admin","url":"https:\/\/akunq.net\/tr\/?author=7"}]}},"_links":{"self":[{"href":"https:\/\/akunq.net\/tr\/index.php?rest_route=\/wp\/v2\/posts\/74350","targetHints":{"allow":["GET"]}}],"collection":[{"href":"https:\/\/akunq.net\/tr\/index.php?rest_route=\/wp\/v2\/posts"}],"about":[{"href":"https:\/\/akunq.net\/tr\/index.php?rest_route=\/wp\/v2\/types\/post"}],"author":[{"embeddable":true,"href":"https:\/\/akunq.net\/tr\/index.php?rest_route=\/wp\/v2\/users\/7"}],"replies":[{"embeddable":true,"href":"https:\/\/akunq.net\/tr\/index.php?rest_route=%2Fwp%2Fv2%2Fcomments&post=74350"}],"version-history":[{"count":1,"href":"https:\/\/akunq.net\/tr\/index.php?rest_route=\/wp\/v2\/posts\/74350\/revisions"}],"predecessor-version":[{"id":74353,"href":"https:\/\/akunq.net\/tr\/index.php?rest_route=\/wp\/v2\/posts\/74350\/revisions\/74353"}],"wp:featuredmedia":[{"embeddable":true,"href":"https:\/\/akunq.net\/tr\/index.php?rest_route=\/wp\/v2\/media\/74352"}],"wp:attachment":[{"href":"https:\/\/akunq.net\/tr\/index.php?rest_route=%2Fwp%2Fv2%2Fmedia&parent=74350"}],"wp:term":[{"taxonomy":"category","embeddable":true,"href":"https:\/\/akunq.net\/tr\/index.php?rest_route=%2Fwp%2Fv2%2Fcategories&post=74350"},{"taxonomy":"post_tag","embeddable":true,"href":"https:\/\/akunq.net\/tr\/index.php?rest_route=%2Fwp%2Fv2%2Ftags&post=74350"}],"curies":[{"name":"wp","href":"https:\/\/api.w.org\/{rel}","templated":true}]}}