{"id":74308,"date":"2023-05-30T05:46:18","date_gmt":"2023-05-30T10:46:18","guid":{"rendered":"https:\/\/akunq.net\/tr\/?p=74308"},"modified":"2023-05-30T05:46:18","modified_gmt":"2023-05-30T10:46:18","slug":"mher-grigoryan-koridor-konusu-ermenistan-icin-kirmizi-cizgidir-o-konu-tartisilmayacaktir","status":"publish","type":"post","link":"https:\/\/akunq.net\/tr\/?p=74308","title":{"rendered":"Mher Grigoryan: Koridor konusu Ermenistan i\u00e7in k\u0131rm\u0131z\u0131 \u00e7izgidir, o konu tart\u0131\u015f\u0131lmayacakt\u0131r"},"content":{"rendered":"<p><img loading=\"lazy\" decoding=\"async\" class=\"aligncenter size-medium wp-image-74309\" src=\"https:\/\/akunq.net\/tr\/wp-content\/uploads\/2023\/05\/Mher-Grigoryan-360x242.jpg\" alt=\"\" width=\"360\" height=\"242\" srcset=\"https:\/\/akunq.net\/tr\/wp-content\/uploads\/sites\/6\/2023\/05\/Mher-Grigoryan-360x242.jpg 360w, https:\/\/akunq.net\/tr\/wp-content\/uploads\/sites\/6\/2023\/05\/Mher-Grigoryan-560x376.jpg 560w, https:\/\/akunq.net\/tr\/wp-content\/uploads\/sites\/6\/2023\/05\/Mher-Grigoryan-260x175.jpg 260w, https:\/\/akunq.net\/tr\/wp-content\/uploads\/sites\/6\/2023\/05\/Mher-Grigoryan-160x107.jpg 160w, https:\/\/akunq.net\/tr\/wp-content\/uploads\/sites\/6\/2023\/05\/Mher-Grigoryan.jpg 670w\" sizes=\"auto, (max-width: 360px) 100vw, 360px\" \/><\/p>\n<p><em><strong>Ermenistan Ba\u015fbakan Yard\u0131mc\u0131s\u0131 Mher Grigoryan, Ermenistan&#8217;\u0131n b\u00f6lgedeki yollar\u0131n a\u00e7\u0131lma konusunu konu\u015fmaya her zaman haz\u0131r oldu\u011funu ancak koridor konusunun tart\u0131\u015f\u0131lmayaca\u011f\u0131n\u0131 kaydetti. Ermenistan i\u00e7in bu k\u0131rm\u0131z\u0131 \u00e7izgidir.<\/strong><\/em><\/p>\n<p>Armenpress\u2019in aktard\u0131\u011f\u0131na g\u00f6re Ermenistan Ba\u015fbakan Yard\u0131mc\u0131s\u0131 Grigoryan gazetecilere verdi\u011fi brifingte bu konuda a\u00e7\u0131klama yapt\u0131. Ba\u015fbakan Yard\u0131mc\u0131s\u0131, b\u00f6lgedeki yollar\u0131n a\u00e7\u0131lmas\u0131 konusunda \u00fc\u00e7l\u00fc \u00e7al\u0131\u015fma grubunun \u00e7al\u0131\u015fmalar\u0131n\u0131n ba\u015flang\u0131c\u0131ndan bu yana, ki\u015fisel olarak ve resmi Yerevan&#8217;\u0131n, Ermenistan&#8217;\u0131n iki \u00f6nemli konsept \u00e7er\u00e7evesinde yollar\u0131n a\u00e7\u0131lmas\u0131 konular\u0131n\u0131 ele almaya haz\u0131r oldu\u011funu herkese her zaman bildirdi\u011fini kaydetti.<\/p>\n<p>Grigoryan \u015f\u00f6yle devam etti: &#8220;Birincisi, bahsetti\u011fimiz altyap\u0131lar Ermenistan&#8217;\u0131n egemen altyap\u0131lar\u0131 olmal\u0131, ikincisi, de bunlar Ermenistan Cumhuriyeti&#8217;nin hukuki yetkisi alt\u0131nda olmal\u0131. Bu ilkeler \u00e7er\u00e7evesinde her zaman haz\u0131r olduk ve \u015fimdi de konunun geli\u015ftirilmesine ve nihayetinde bence Ermenistan i\u00e7in de b\u00fcy\u00fck \u00f6nem ta\u015f\u0131yan blokaj\u0131n kald\u0131r\u0131lmas\u0131na haz\u0131r\u0131z. Koridor konusu da tart\u0131\u015f\u0131lmayacak, bizim i\u00e7in k\u0131rm\u0131z\u0131 \u00e7izgidir.&#8221;<\/p>\n<p><em><strong>https:\/\/armenpress.am\/tur\/news\/1112125.html<\/strong><\/em><\/p>\n","protected":false},"excerpt":{"rendered":"<p>Ermenistan Ba\u015fbakan Yard\u0131mc\u0131s\u0131 Mher Grigoryan, Ermenistan&#8217;\u0131n b\u00f6lgedeki yollar\u0131n a\u00e7\u0131lma konusunu konu\u015fmaya her zaman haz\u0131r oldu\u011funu ancak koridor konusunun tart\u0131\u015f\u0131lmayaca\u011f\u0131n\u0131 kaydetti. Ermenistan i\u00e7in bu k\u0131rm\u0131z\u0131 \u00e7izgidir. Armenpress\u2019in aktard\u0131\u011f\u0131na g\u00f6re Ermenistan Ba\u015fbakan Yard\u0131mc\u0131s\u0131 Grigoryan gazetecilere verdi\u011fi brifingte bu konuda a\u00e7\u0131klama yapt\u0131. Ba\u015fbakan Yard\u0131mc\u0131s\u0131, b\u00f6lgedeki yollar\u0131n a\u00e7\u0131lmas\u0131 konusunda \u00fc\u00e7l\u00fc \u00e7al\u0131\u015fma grubunun \u00e7al\u0131\u015fmalar\u0131n\u0131n ba\u015flang\u0131c\u0131ndan bu yana, ki\u015fisel olarak ve [&hellip;]<\/p>\n","protected":false},"author":7,"featured_media":74310,"comment_status":"open","ping_status":"open","sticky":false,"template":"","format":"standard","meta":{"footnotes":""},"categories":[1],"tags":[],"class_list":["post-74308","post","type-post","status-publish","format-standard","has-post-thumbnail","hentry","category-haberler"],"yoast_head":"<!-- This site is optimized with the Yoast SEO plugin v27.4 - https:\/\/yoast.com\/product\/yoast-seo-wordpress\/ -->\n<title>Mher Grigoryan: Koridor konusu Ermenistan i\u00e7in k\u0131rm\u0131z\u0131 \u00e7izgidir, o konu tart\u0131\u015f\u0131lmayacakt\u0131r - Bati Ermenistan Ve Bati Ermenileri Sorunlari Ara\u015ftirmalar Merkezi<\/title>\n<meta name=\"robots\" content=\"index, follow, max-snippet:-1, max-image-preview:large, max-video-preview:-1\" \/>\n<link rel=\"canonical\" href=\"https:\/\/akunq.net\/tr\/?p=74308\" \/>\n<meta property=\"og:locale\" content=\"en_US\" \/>\n<meta property=\"og:type\" content=\"article\" \/>\n<meta property=\"og:title\" content=\"Mher Grigoryan: Koridor konusu Ermenistan i\u00e7in k\u0131rm\u0131z\u0131 \u00e7izgidir, o konu tart\u0131\u015f\u0131lmayacakt\u0131r - Bati Ermenistan Ve Bati Ermenileri Sorunlari Ara\u015ftirmalar Merkezi\" \/>\n<meta property=\"og:description\" content=\"Ermenistan Ba\u015fbakan Yard\u0131mc\u0131s\u0131 Mher Grigoryan, Ermenistan&#8217;\u0131n b\u00f6lgedeki yollar\u0131n a\u00e7\u0131lma konusunu konu\u015fmaya her zaman haz\u0131r oldu\u011funu ancak koridor konusunun tart\u0131\u015f\u0131lmayaca\u011f\u0131n\u0131 kaydetti. Ermenistan i\u00e7in bu k\u0131rm\u0131z\u0131 \u00e7izgidir. Armenpress\u2019in aktard\u0131\u011f\u0131na g\u00f6re Ermenistan Ba\u015fbakan Yard\u0131mc\u0131s\u0131 Grigoryan gazetecilere verdi\u011fi brifingte bu konuda a\u00e7\u0131klama yapt\u0131. Ba\u015fbakan Yard\u0131mc\u0131s\u0131, b\u00f6lgedeki yollar\u0131n a\u00e7\u0131lmas\u0131 konusunda \u00fc\u00e7l\u00fc \u00e7al\u0131\u015fma grubunun \u00e7al\u0131\u015fmalar\u0131n\u0131n ba\u015flang\u0131c\u0131ndan bu yana, ki\u015fisel olarak ve [&hellip;]\" \/>\n<meta property=\"og:url\" content=\"https:\/\/akunq.net\/tr\/?p=74308\" \/>\n<meta property=\"og:site_name\" content=\"Bati Ermenistan Ve Bati Ermenileri Sorunlari Ara\u015ftirmalar Merkezi\" \/>\n<meta property=\"article:published_time\" content=\"2023-05-30T10:46:18+00:00\" \/>\n<meta property=\"og:image\" content=\"https:\/\/akunq.net\/tr\/wp-content\/uploads\/sites\/6\/2023\/05\/Mher-Grigoryan-1.jpg\" \/>\n\t<meta property=\"og:image:width\" content=\"670\" \/>\n\t<meta property=\"og:image:height\" content=\"450\" \/>\n\t<meta property=\"og:image:type\" content=\"image\/jpeg\" \/>\n<meta name=\"author\" content=\"admin\" \/>\n<meta name=\"twitter:card\" content=\"summary_large_image\" \/>\n<meta name=\"twitter:label1\" content=\"Written by\" \/>\n\t<meta name=\"twitter:data1\" content=\"admin\" \/>\n\t<meta name=\"twitter:label2\" content=\"Est. reading time\" \/>\n\t<meta name=\"twitter:data2\" content=\"1 minute\" \/>\n<script type=\"application\/ld+json\" class=\"yoast-schema-graph\">{\"@context\":\"https:\\\/\\\/schema.org\",\"@graph\":[{\"@type\":\"Article\",\"@id\":\"https:\\\/\\\/akunq.net\\\/tr\\\/?p=74308#article\",\"isPartOf\":{\"@id\":\"https:\\\/\\\/akunq.net\\\/tr\\\/?p=74308\"},\"author\":{\"name\":\"admin\",\"@id\":\"https:\\\/\\\/akunq.net\\\/tr\\\/#\\\/schema\\\/person\\\/096f1d38a12cce57fb855b485ed24c9e\"},\"headline\":\"Mher Grigoryan: Koridor konusu Ermenistan i\u00e7in k\u0131rm\u0131z\u0131 \u00e7izgidir, o konu tart\u0131\u015f\u0131lmayacakt\u0131r\",\"datePublished\":\"2023-05-30T10:46:18+00:00\",\"mainEntityOfPage\":{\"@id\":\"https:\\\/\\\/akunq.net\\\/tr\\\/?p=74308\"},\"wordCount\":216,\"commentCount\":0,\"image\":{\"@id\":\"https:\\\/\\\/akunq.net\\\/tr\\\/?p=74308#primaryimage\"},\"thumbnailUrl\":\"https:\\\/\\\/akunq.net\\\/tr\\\/wp-content\\\/uploads\\\/sites\\\/6\\\/2023\\\/05\\\/Mher-Grigoryan-1.jpg\",\"articleSection\":[\"Haberler\"],\"inLanguage\":\"en-US\",\"potentialAction\":[{\"@type\":\"CommentAction\",\"name\":\"Comment\",\"target\":[\"https:\\\/\\\/akunq.net\\\/tr\\\/?p=74308#respond\"]}]},{\"@type\":\"WebPage\",\"@id\":\"https:\\\/\\\/akunq.net\\\/tr\\\/?p=74308\",\"url\":\"https:\\\/\\\/akunq.net\\\/tr\\\/?p=74308\",\"name\":\"Mher Grigoryan: Koridor konusu Ermenistan i\u00e7in k\u0131rm\u0131z\u0131 \u00e7izgidir, o konu tart\u0131\u015f\u0131lmayacakt\u0131r - Bati Ermenistan Ve Bati Ermenileri Sorunlari Ara\u015ftirmalar Merkezi\",\"isPartOf\":{\"@id\":\"https:\\\/\\\/akunq.net\\\/tr\\\/#website\"},\"primaryImageOfPage\":{\"@id\":\"https:\\\/\\\/akunq.net\\\/tr\\\/?p=74308#primaryimage\"},\"image\":{\"@id\":\"https:\\\/\\\/akunq.net\\\/tr\\\/?p=74308#primaryimage\"},\"thumbnailUrl\":\"https:\\\/\\\/akunq.net\\\/tr\\\/wp-content\\\/uploads\\\/sites\\\/6\\\/2023\\\/05\\\/Mher-Grigoryan-1.jpg\",\"datePublished\":\"2023-05-30T10:46:18+00:00\",\"author\":{\"@id\":\"https:\\\/\\\/akunq.net\\\/tr\\\/#\\\/schema\\\/person\\\/096f1d38a12cce57fb855b485ed24c9e\"},\"breadcrumb\":{\"@id\":\"https:\\\/\\\/akunq.net\\\/tr\\\/?p=74308#breadcrumb\"},\"inLanguage\":\"en-US\",\"potentialAction\":[{\"@type\":\"ReadAction\",\"target\":[\"https:\\\/\\\/akunq.net\\\/tr\\\/?p=74308\"]}]},{\"@type\":\"ImageObject\",\"inLanguage\":\"en-US\",\"@id\":\"https:\\\/\\\/akunq.net\\\/tr\\\/?p=74308#primaryimage\",\"url\":\"https:\\\/\\\/akunq.net\\\/tr\\\/wp-content\\\/uploads\\\/sites\\\/6\\\/2023\\\/05\\\/Mher-Grigoryan-1.jpg\",\"contentUrl\":\"https:\\\/\\\/akunq.net\\\/tr\\\/wp-content\\\/uploads\\\/sites\\\/6\\\/2023\\\/05\\\/Mher-Grigoryan-1.jpg\",\"width\":670,\"height\":450},{\"@type\":\"BreadcrumbList\",\"@id\":\"https:\\\/\\\/akunq.net\\\/tr\\\/?p=74308#breadcrumb\",\"itemListElement\":[{\"@type\":\"ListItem\",\"position\":1,\"name\":\"Home\",\"item\":\"https:\\\/\\\/akunq.net\\\/tr\"},{\"@type\":\"ListItem\",\"position\":2,\"name\":\"Mher Grigoryan: Koridor konusu Ermenistan i\u00e7in k\u0131rm\u0131z\u0131 \u00e7izgidir, o konu tart\u0131\u015f\u0131lmayacakt\u0131r\"}]},{\"@type\":\"WebSite\",\"@id\":\"https:\\\/\\\/akunq.net\\\/tr\\\/#website\",\"url\":\"https:\\\/\\\/akunq.net\\\/tr\\\/\",\"name\":\"Bati Ermenistan Ve Bati Ermenileri Sorunlari Ara\u015ftirmalar Merkezi\",\"description\":\"\",\"potentialAction\":[{\"@type\":\"SearchAction\",\"target\":{\"@type\":\"EntryPoint\",\"urlTemplate\":\"https:\\\/\\\/akunq.net\\\/tr\\\/?s={search_term_string}\"},\"query-input\":{\"@type\":\"PropertyValueSpecification\",\"valueRequired\":true,\"valueName\":\"search_term_string\"}}],\"inLanguage\":\"en-US\"},{\"@type\":\"Person\",\"@id\":\"https:\\\/\\\/akunq.net\\\/tr\\\/#\\\/schema\\\/person\\\/096f1d38a12cce57fb855b485ed24c9e\",\"name\":\"admin\",\"url\":\"https:\\\/\\\/akunq.net\\\/tr\\\/?author=7\"}]}<\/script>\n<!-- \/ Yoast SEO plugin. -->","yoast_head_json":{"title":"Mher Grigoryan: Koridor konusu Ermenistan i\u00e7in k\u0131rm\u0131z\u0131 \u00e7izgidir, o konu tart\u0131\u015f\u0131lmayacakt\u0131r - Bati Ermenistan Ve Bati Ermenileri Sorunlari Ara\u015ftirmalar Merkezi","robots":{"index":"index","follow":"follow","max-snippet":"max-snippet:-1","max-image-preview":"max-image-preview:large","max-video-preview":"max-video-preview:-1"},"canonical":"https:\/\/akunq.net\/tr\/?p=74308","og_locale":"en_US","og_type":"article","og_title":"Mher Grigoryan: Koridor konusu Ermenistan i\u00e7in k\u0131rm\u0131z\u0131 \u00e7izgidir, o konu tart\u0131\u015f\u0131lmayacakt\u0131r - Bati Ermenistan Ve Bati Ermenileri Sorunlari Ara\u015ftirmalar Merkezi","og_description":"Ermenistan Ba\u015fbakan Yard\u0131mc\u0131s\u0131 Mher Grigoryan, Ermenistan&#8217;\u0131n b\u00f6lgedeki yollar\u0131n a\u00e7\u0131lma konusunu konu\u015fmaya her zaman haz\u0131r oldu\u011funu ancak koridor konusunun tart\u0131\u015f\u0131lmayaca\u011f\u0131n\u0131 kaydetti. Ermenistan i\u00e7in bu k\u0131rm\u0131z\u0131 \u00e7izgidir. Armenpress\u2019in aktard\u0131\u011f\u0131na g\u00f6re Ermenistan Ba\u015fbakan Yard\u0131mc\u0131s\u0131 Grigoryan gazetecilere verdi\u011fi brifingte bu konuda a\u00e7\u0131klama yapt\u0131. Ba\u015fbakan Yard\u0131mc\u0131s\u0131, b\u00f6lgedeki yollar\u0131n a\u00e7\u0131lmas\u0131 konusunda \u00fc\u00e7l\u00fc \u00e7al\u0131\u015fma grubunun \u00e7al\u0131\u015fmalar\u0131n\u0131n ba\u015flang\u0131c\u0131ndan bu yana, ki\u015fisel olarak ve [&hellip;]","og_url":"https:\/\/akunq.net\/tr\/?p=74308","og_site_name":"Bati Ermenistan Ve Bati Ermenileri Sorunlari Ara\u015ftirmalar Merkezi","article_published_time":"2023-05-30T10:46:18+00:00","og_image":[{"width":670,"height":450,"url":"https:\/\/akunq.net\/tr\/wp-content\/uploads\/sites\/6\/2023\/05\/Mher-Grigoryan-1.jpg","type":"image\/jpeg"}],"author":"admin","twitter_card":"summary_large_image","twitter_misc":{"Written by":"admin","Est. reading time":"1 minute"},"schema":{"@context":"https:\/\/schema.org","@graph":[{"@type":"Article","@id":"https:\/\/akunq.net\/tr\/?p=74308#article","isPartOf":{"@id":"https:\/\/akunq.net\/tr\/?p=74308"},"author":{"name":"admin","@id":"https:\/\/akunq.net\/tr\/#\/schema\/person\/096f1d38a12cce57fb855b485ed24c9e"},"headline":"Mher Grigoryan: Koridor konusu Ermenistan i\u00e7in k\u0131rm\u0131z\u0131 \u00e7izgidir, o konu tart\u0131\u015f\u0131lmayacakt\u0131r","datePublished":"2023-05-30T10:46:18+00:00","mainEntityOfPage":{"@id":"https:\/\/akunq.net\/tr\/?p=74308"},"wordCount":216,"commentCount":0,"image":{"@id":"https:\/\/akunq.net\/tr\/?p=74308#primaryimage"},"thumbnailUrl":"https:\/\/akunq.net\/tr\/wp-content\/uploads\/sites\/6\/2023\/05\/Mher-Grigoryan-1.jpg","articleSection":["Haberler"],"inLanguage":"en-US","potentialAction":[{"@type":"CommentAction","name":"Comment","target":["https:\/\/akunq.net\/tr\/?p=74308#respond"]}]},{"@type":"WebPage","@id":"https:\/\/akunq.net\/tr\/?p=74308","url":"https:\/\/akunq.net\/tr\/?p=74308","name":"Mher Grigoryan: Koridor konusu Ermenistan i\u00e7in k\u0131rm\u0131z\u0131 \u00e7izgidir, o konu tart\u0131\u015f\u0131lmayacakt\u0131r - Bati Ermenistan Ve Bati Ermenileri Sorunlari Ara\u015ftirmalar Merkezi","isPartOf":{"@id":"https:\/\/akunq.net\/tr\/#website"},"primaryImageOfPage":{"@id":"https:\/\/akunq.net\/tr\/?p=74308#primaryimage"},"image":{"@id":"https:\/\/akunq.net\/tr\/?p=74308#primaryimage"},"thumbnailUrl":"https:\/\/akunq.net\/tr\/wp-content\/uploads\/sites\/6\/2023\/05\/Mher-Grigoryan-1.jpg","datePublished":"2023-05-30T10:46:18+00:00","author":{"@id":"https:\/\/akunq.net\/tr\/#\/schema\/person\/096f1d38a12cce57fb855b485ed24c9e"},"breadcrumb":{"@id":"https:\/\/akunq.net\/tr\/?p=74308#breadcrumb"},"inLanguage":"en-US","potentialAction":[{"@type":"ReadAction","target":["https:\/\/akunq.net\/tr\/?p=74308"]}]},{"@type":"ImageObject","inLanguage":"en-US","@id":"https:\/\/akunq.net\/tr\/?p=74308#primaryimage","url":"https:\/\/akunq.net\/tr\/wp-content\/uploads\/sites\/6\/2023\/05\/Mher-Grigoryan-1.jpg","contentUrl":"https:\/\/akunq.net\/tr\/wp-content\/uploads\/sites\/6\/2023\/05\/Mher-Grigoryan-1.jpg","width":670,"height":450},{"@type":"BreadcrumbList","@id":"https:\/\/akunq.net\/tr\/?p=74308#breadcrumb","itemListElement":[{"@type":"ListItem","position":1,"name":"Home","item":"https:\/\/akunq.net\/tr"},{"@type":"ListItem","position":2,"name":"Mher Grigoryan: Koridor konusu Ermenistan i\u00e7in k\u0131rm\u0131z\u0131 \u00e7izgidir, o konu tart\u0131\u015f\u0131lmayacakt\u0131r"}]},{"@type":"WebSite","@id":"https:\/\/akunq.net\/tr\/#website","url":"https:\/\/akunq.net\/tr\/","name":"Bati Ermenistan Ve Bati Ermenileri Sorunlari Ara\u015ftirmalar Merkezi","description":"","potentialAction":[{"@type":"SearchAction","target":{"@type":"EntryPoint","urlTemplate":"https:\/\/akunq.net\/tr\/?s={search_term_string}"},"query-input":{"@type":"PropertyValueSpecification","valueRequired":true,"valueName":"search_term_string"}}],"inLanguage":"en-US"},{"@type":"Person","@id":"https:\/\/akunq.net\/tr\/#\/schema\/person\/096f1d38a12cce57fb855b485ed24c9e","name":"admin","url":"https:\/\/akunq.net\/tr\/?author=7"}]}},"_links":{"self":[{"href":"https:\/\/akunq.net\/tr\/index.php?rest_route=\/wp\/v2\/posts\/74308","targetHints":{"allow":["GET"]}}],"collection":[{"href":"https:\/\/akunq.net\/tr\/index.php?rest_route=\/wp\/v2\/posts"}],"about":[{"href":"https:\/\/akunq.net\/tr\/index.php?rest_route=\/wp\/v2\/types\/post"}],"author":[{"embeddable":true,"href":"https:\/\/akunq.net\/tr\/index.php?rest_route=\/wp\/v2\/users\/7"}],"replies":[{"embeddable":true,"href":"https:\/\/akunq.net\/tr\/index.php?rest_route=%2Fwp%2Fv2%2Fcomments&post=74308"}],"version-history":[{"count":1,"href":"https:\/\/akunq.net\/tr\/index.php?rest_route=\/wp\/v2\/posts\/74308\/revisions"}],"predecessor-version":[{"id":74311,"href":"https:\/\/akunq.net\/tr\/index.php?rest_route=\/wp\/v2\/posts\/74308\/revisions\/74311"}],"wp:featuredmedia":[{"embeddable":true,"href":"https:\/\/akunq.net\/tr\/index.php?rest_route=\/wp\/v2\/media\/74310"}],"wp:attachment":[{"href":"https:\/\/akunq.net\/tr\/index.php?rest_route=%2Fwp%2Fv2%2Fmedia&parent=74308"}],"wp:term":[{"taxonomy":"category","embeddable":true,"href":"https:\/\/akunq.net\/tr\/index.php?rest_route=%2Fwp%2Fv2%2Fcategories&post=74308"},{"taxonomy":"post_tag","embeddable":true,"href":"https:\/\/akunq.net\/tr\/index.php?rest_route=%2Fwp%2Fv2%2Ftags&post=74308"}],"curies":[{"name":"wp","href":"https:\/\/api.w.org\/{rel}","templated":true}]}}