{"id":74059,"date":"2023-05-16T04:40:01","date_gmt":"2023-05-16T09:40:01","guid":{"rendered":"https:\/\/akunq.net\/tr\/?p=74059"},"modified":"2023-05-16T04:40:01","modified_gmt":"2023-05-16T09:40:01","slug":"paylan-turkiye-secimlerinin-sonuclarindan-hayal-kirikligina-ugradi-ermeniler-bu-donemde-daha-sessiz-olacaklar","status":"publish","type":"post","link":"https:\/\/akunq.net\/tr\/?p=74059","title":{"rendered":"Paylan, T\u00fcrkiye se\u00e7imlerinin sonu\u00e7lar\u0131ndan hayal k\u0131r\u0131kl\u0131\u011f\u0131na u\u011frad\u0131: &#8220;Ermeniler bu d\u00f6nemde daha sessiz olacaklar&#8221;"},"content":{"rendered":"<div id=\"opennewscontainer\">\n<p><img loading=\"lazy\" decoding=\"async\" class=\"aligncenter size-medium wp-image-74060\" src=\"https:\/\/akunq.net\/tr\/wp-content\/uploads\/2023\/05\/Paylan-360x242.jpg\" alt=\"\" width=\"360\" height=\"242\" srcset=\"https:\/\/akunq.net\/tr\/wp-content\/uploads\/sites\/6\/2023\/05\/Paylan-360x242.jpg 360w, https:\/\/akunq.net\/tr\/wp-content\/uploads\/sites\/6\/2023\/05\/Paylan-560x376.jpg 560w, https:\/\/akunq.net\/tr\/wp-content\/uploads\/sites\/6\/2023\/05\/Paylan-260x175.jpg 260w, https:\/\/akunq.net\/tr\/wp-content\/uploads\/sites\/6\/2023\/05\/Paylan-160x107.jpg 160w, https:\/\/akunq.net\/tr\/wp-content\/uploads\/sites\/6\/2023\/05\/Paylan.jpg 670w\" sizes=\"auto, (max-width: 360px) 100vw, 360px\" \/><\/p>\n<p><em><strong>TBMM&#8217;nin 27. D\u00f6nem Ermeni Milletvekili Garo Paylan Armenpress muhabiri ile yapt\u0131\u011f\u0131 s\u00f6yle\u015fide &#8220;Milliyet\u00e7iler ve a\u015f\u0131r\u0131l\u0131k yanl\u0131lar\u0131yla ittifak kuran T\u00fcrkiye Cumhurba\u015fkan\u0131 Recep Tayyip Erdo\u011fan, 14 May\u0131s se\u00e7imlerini kazanmay\u0131 ba\u015fard\u0131 ve meclis \u00e7o\u011funlu\u011funu elde edecek. Bu, yak\u0131n gelecekte T\u00fcrkiye&#8217;nin daha milliyet\u00e7i olaca\u011f\u0131 ve milliyet\u00e7i T\u00fcrkiye&#8217;nin Ermenistan ile ili\u015fkilerini normalle\u015ftirmekte daha fazla zorlanaca\u011f\u0131 anlam\u0131na geliyor.&#8221; ifadelerini kulland\u0131.\u00a0<\/strong><\/em><\/p>\n<p>Paylan, &#8220;T\u00fcrkiye&#8217;yi Ermenistan&#8217;la bar\u0131\u015f yapmaya ikna etmek i\u00e7in her t\u00fcrl\u00fc \u00e7abay\u0131 sarf etmek gerekiyor&#8221; dile getirdi.<\/p>\n<p>Paylan&#8217;a g\u00f6re T\u00fcrkiye&#8217;de demokrasinin geli\u015fmesi \u00f6nemli \u00e7\u00fcnk\u00fc &#8220;kom\u015fular\u0131yla sorunlar\u0131n\u0131 ancak demokratik bir \u00fclke \u00e7\u00f6zebilir&#8221;.<\/p>\n<p>Son se\u00e7imlerin sonu\u00e7lar\u0131n\u0131n \u0130stanbul Ermeni toplumunun beklentilerini kar\u015f\u0131lamad\u0131\u011f\u0131n\u0131 belirten milletvekili, &#8220;<span class=\"jCAhz ChMk0b\"><span class=\"ryNqvb\">T\u00fcrkiye Ermenileri zaten korku i\u00e7inde.<\/span><\/span>\u00a0<span class=\"jCAhz ChMk0b\"><span class=\"ryNqvb\">2015 y\u0131l\u0131na kadar biz sorunlar\u0131m\u0131z\u0131 konu\u015ftuk, ondan sonra Ermeniler daha suskun.<\/span><\/span>\u00a0<span class=\"jCAhz ChMk0b\"><span class=\"ryNqvb\">Bu se\u00e7imler sonucunda bir \u015feylerin de\u011fi\u015fece\u011fini umduk ama olmad\u0131.<\/span><\/span>\u00a0<span class=\"jCAhz ChMk0b\"><span class=\"ryNqvb\">Ne yaz\u0131k ki Ermeniler bu d\u00f6nemde daha sessiz olacaklar.\u201d s\u00f6zlerine ekledi.\u00a0<\/span><\/span><\/p>\n<p><span class=\"jCAhz ChMk0b\"><span class=\"ryNqvb\"><iframe loading=\"lazy\" id=\"1684229894832Xhh08\" title=\"\u0539\u0578\u0582\u0580\u0584\u056b\u0561\u0575\u056b \u0570\u0561\u0575\u0565\u0580\u0576 \u0561\u0580\u0564\u0565\u0576 \u057e\u0561\u056d\u056b \u0574\u0565\u057b \u0565\u0576. \u0553\u0561\u0575\u056c\u0561\u0576\u0568 \u0570\u056b\u0561\u057d\u0569\u0561\u0583\u057e\u0561\u056e \u0567 \u0539\u0578\u0582\u0580\u0584\u056b\u0561\u0575\u056b \u0568\u0576\u057f\u0580\u0578\u0582\u0569\u0575\u0578\u0582\u0576\u0576\u0565\u0580\u056b \u0561\u0580\u0564\u0575\u0578\u0582\u0576\u0584\u0576\u0565\u0580\u056b\u0581\" src=\"https:\/\/www.youtube.com\/embed\/isujR1UuiIE?controls=1&amp;rel=0&amp;disablekb=1&amp;showinfo=0&amp;modestbranding=0&amp;html5=1&amp;iv_load_policy=3&amp;autoplay=0&amp;end=0&amp;loop=0&amp;playsinline=1&amp;start=0&amp;fs=1&amp;nocookie=false&amp;enablejsapi=1\" width=\"560\" height=\"315\" frameborder=\"0\" data-mce-fragment=\"1\"><\/iframe><\/span><\/span><\/p>\n<div id=\"nativeVideo\"><\/div>\n<p><em><strong>https:\/\/armenpress.am\/tur\/news\/1111006.html\u00a0<\/strong><\/em><\/div>\n","protected":false},"excerpt":{"rendered":"<p>TBMM&#8217;nin 27. D\u00f6nem Ermeni Milletvekili Garo Paylan Armenpress muhabiri ile yapt\u0131\u011f\u0131 s\u00f6yle\u015fide &#8220;Milliyet\u00e7iler ve a\u015f\u0131r\u0131l\u0131k yanl\u0131lar\u0131yla ittifak kuran T\u00fcrkiye Cumhurba\u015fkan\u0131 Recep Tayyip Erdo\u011fan, 14 May\u0131s se\u00e7imlerini kazanmay\u0131 ba\u015fard\u0131 ve meclis \u00e7o\u011funlu\u011funu elde edecek. Bu, yak\u0131n gelecekte T\u00fcrkiye&#8217;nin daha milliyet\u00e7i olaca\u011f\u0131 ve milliyet\u00e7i T\u00fcrkiye&#8217;nin Ermenistan ile ili\u015fkilerini normalle\u015ftirmekte daha fazla zorlanaca\u011f\u0131 anlam\u0131na geliyor.&#8221; ifadelerini kulland\u0131.\u00a0 Paylan, [&hellip;]<\/p>\n","protected":false},"author":7,"featured_media":74061,"comment_status":"open","ping_status":"open","sticky":false,"template":"","format":"standard","meta":{"footnotes":""},"categories":[21,1],"tags":[],"class_list":["post-74059","post","type-post","status-publish","format-standard","has-post-thumbnail","hentry","category-gunumuzde-bati-ermenileri","category-haberler"],"yoast_head":"<!-- This site is optimized with the Yoast SEO plugin v27.4 - https:\/\/yoast.com\/product\/yoast-seo-wordpress\/ -->\n<title>Paylan, T\u00fcrkiye se\u00e7imlerinin sonu\u00e7lar\u0131ndan hayal k\u0131r\u0131kl\u0131\u011f\u0131na u\u011frad\u0131: &quot;Ermeniler bu d\u00f6nemde daha sessiz olacaklar&quot; - Bati Ermenistan Ve Bati Ermenileri Sorunlari Ara\u015ftirmalar Merkezi<\/title>\n<meta name=\"robots\" content=\"index, follow, max-snippet:-1, max-image-preview:large, max-video-preview:-1\" \/>\n<link rel=\"canonical\" href=\"https:\/\/akunq.net\/tr\/?p=74059\" \/>\n<meta property=\"og:locale\" content=\"en_US\" \/>\n<meta property=\"og:type\" content=\"article\" \/>\n<meta property=\"og:title\" content=\"Paylan, T\u00fcrkiye se\u00e7imlerinin sonu\u00e7lar\u0131ndan hayal k\u0131r\u0131kl\u0131\u011f\u0131na u\u011frad\u0131: &quot;Ermeniler bu d\u00f6nemde daha sessiz olacaklar&quot; - Bati Ermenistan Ve Bati Ermenileri Sorunlari Ara\u015ftirmalar Merkezi\" \/>\n<meta property=\"og:description\" content=\"TBMM&#8217;nin 27. D\u00f6nem Ermeni Milletvekili Garo Paylan Armenpress muhabiri ile yapt\u0131\u011f\u0131 s\u00f6yle\u015fide &#8220;Milliyet\u00e7iler ve a\u015f\u0131r\u0131l\u0131k yanl\u0131lar\u0131yla ittifak kuran T\u00fcrkiye Cumhurba\u015fkan\u0131 Recep Tayyip Erdo\u011fan, 14 May\u0131s se\u00e7imlerini kazanmay\u0131 ba\u015fard\u0131 ve meclis \u00e7o\u011funlu\u011funu elde edecek. Bu, yak\u0131n gelecekte T\u00fcrkiye&#8217;nin daha milliyet\u00e7i olaca\u011f\u0131 ve milliyet\u00e7i T\u00fcrkiye&#8217;nin Ermenistan ile ili\u015fkilerini normalle\u015ftirmekte daha fazla zorlanaca\u011f\u0131 anlam\u0131na geliyor.&#8221; ifadelerini kulland\u0131.\u00a0 Paylan, [&hellip;]\" \/>\n<meta property=\"og:url\" content=\"https:\/\/akunq.net\/tr\/?p=74059\" \/>\n<meta property=\"og:site_name\" content=\"Bati Ermenistan Ve Bati Ermenileri Sorunlari Ara\u015ftirmalar Merkezi\" \/>\n<meta property=\"article:published_time\" content=\"2023-05-16T09:40:01+00:00\" \/>\n<meta property=\"og:image\" content=\"https:\/\/akunq.net\/tr\/wp-content\/uploads\/sites\/6\/2023\/05\/Paylan-1.jpg\" \/>\n\t<meta property=\"og:image:width\" content=\"670\" \/>\n\t<meta property=\"og:image:height\" content=\"450\" \/>\n\t<meta property=\"og:image:type\" content=\"image\/jpeg\" \/>\n<meta name=\"author\" content=\"admin\" \/>\n<meta name=\"twitter:card\" content=\"summary_large_image\" \/>\n<meta name=\"twitter:label1\" content=\"Written by\" \/>\n\t<meta name=\"twitter:data1\" content=\"admin\" \/>\n\t<meta name=\"twitter:label2\" content=\"Est. reading time\" \/>\n\t<meta name=\"twitter:data2\" content=\"1 minute\" \/>\n<script type=\"application\/ld+json\" class=\"yoast-schema-graph\">{\"@context\":\"https:\\\/\\\/schema.org\",\"@graph\":[{\"@type\":\"Article\",\"@id\":\"https:\\\/\\\/akunq.net\\\/tr\\\/?p=74059#article\",\"isPartOf\":{\"@id\":\"https:\\\/\\\/akunq.net\\\/tr\\\/?p=74059\"},\"author\":{\"name\":\"admin\",\"@id\":\"https:\\\/\\\/akunq.net\\\/tr\\\/#\\\/schema\\\/person\\\/096f1d38a12cce57fb855b485ed24c9e\"},\"headline\":\"Paylan, T\u00fcrkiye se\u00e7imlerinin sonu\u00e7lar\u0131ndan hayal k\u0131r\u0131kl\u0131\u011f\u0131na u\u011frad\u0131: &#8220;Ermeniler bu d\u00f6nemde daha sessiz olacaklar&#8221;\",\"datePublished\":\"2023-05-16T09:40:01+00:00\",\"mainEntityOfPage\":{\"@id\":\"https:\\\/\\\/akunq.net\\\/tr\\\/?p=74059\"},\"wordCount\":209,\"commentCount\":0,\"image\":{\"@id\":\"https:\\\/\\\/akunq.net\\\/tr\\\/?p=74059#primaryimage\"},\"thumbnailUrl\":\"https:\\\/\\\/akunq.net\\\/tr\\\/wp-content\\\/uploads\\\/sites\\\/6\\\/2023\\\/05\\\/Paylan-1.jpg\",\"articleSection\":[\"G\u00fcn\u00fcm\u00fczde Bat\u0131 Ermenileri\",\"Haberler\"],\"inLanguage\":\"en-US\",\"potentialAction\":[{\"@type\":\"CommentAction\",\"name\":\"Comment\",\"target\":[\"https:\\\/\\\/akunq.net\\\/tr\\\/?p=74059#respond\"]}]},{\"@type\":\"WebPage\",\"@id\":\"https:\\\/\\\/akunq.net\\\/tr\\\/?p=74059\",\"url\":\"https:\\\/\\\/akunq.net\\\/tr\\\/?p=74059\",\"name\":\"Paylan, T\u00fcrkiye se\u00e7imlerinin sonu\u00e7lar\u0131ndan hayal k\u0131r\u0131kl\u0131\u011f\u0131na u\u011frad\u0131: \\\"Ermeniler bu d\u00f6nemde daha sessiz olacaklar\\\" - Bati Ermenistan Ve Bati Ermenileri Sorunlari Ara\u015ftirmalar Merkezi\",\"isPartOf\":{\"@id\":\"https:\\\/\\\/akunq.net\\\/tr\\\/#website\"},\"primaryImageOfPage\":{\"@id\":\"https:\\\/\\\/akunq.net\\\/tr\\\/?p=74059#primaryimage\"},\"image\":{\"@id\":\"https:\\\/\\\/akunq.net\\\/tr\\\/?p=74059#primaryimage\"},\"thumbnailUrl\":\"https:\\\/\\\/akunq.net\\\/tr\\\/wp-content\\\/uploads\\\/sites\\\/6\\\/2023\\\/05\\\/Paylan-1.jpg\",\"datePublished\":\"2023-05-16T09:40:01+00:00\",\"author\":{\"@id\":\"https:\\\/\\\/akunq.net\\\/tr\\\/#\\\/schema\\\/person\\\/096f1d38a12cce57fb855b485ed24c9e\"},\"breadcrumb\":{\"@id\":\"https:\\\/\\\/akunq.net\\\/tr\\\/?p=74059#breadcrumb\"},\"inLanguage\":\"en-US\",\"potentialAction\":[{\"@type\":\"ReadAction\",\"target\":[\"https:\\\/\\\/akunq.net\\\/tr\\\/?p=74059\"]}]},{\"@type\":\"ImageObject\",\"inLanguage\":\"en-US\",\"@id\":\"https:\\\/\\\/akunq.net\\\/tr\\\/?p=74059#primaryimage\",\"url\":\"https:\\\/\\\/akunq.net\\\/tr\\\/wp-content\\\/uploads\\\/sites\\\/6\\\/2023\\\/05\\\/Paylan-1.jpg\",\"contentUrl\":\"https:\\\/\\\/akunq.net\\\/tr\\\/wp-content\\\/uploads\\\/sites\\\/6\\\/2023\\\/05\\\/Paylan-1.jpg\",\"width\":670,\"height\":450},{\"@type\":\"BreadcrumbList\",\"@id\":\"https:\\\/\\\/akunq.net\\\/tr\\\/?p=74059#breadcrumb\",\"itemListElement\":[{\"@type\":\"ListItem\",\"position\":1,\"name\":\"Home\",\"item\":\"https:\\\/\\\/akunq.net\\\/tr\"},{\"@type\":\"ListItem\",\"position\":2,\"name\":\"Paylan, T\u00fcrkiye se\u00e7imlerinin sonu\u00e7lar\u0131ndan hayal k\u0131r\u0131kl\u0131\u011f\u0131na u\u011frad\u0131: &#8220;Ermeniler bu d\u00f6nemde daha sessiz olacaklar&#8221;\"}]},{\"@type\":\"WebSite\",\"@id\":\"https:\\\/\\\/akunq.net\\\/tr\\\/#website\",\"url\":\"https:\\\/\\\/akunq.net\\\/tr\\\/\",\"name\":\"Bati Ermenistan Ve Bati Ermenileri Sorunlari Ara\u015ftirmalar Merkezi\",\"description\":\"\",\"potentialAction\":[{\"@type\":\"SearchAction\",\"target\":{\"@type\":\"EntryPoint\",\"urlTemplate\":\"https:\\\/\\\/akunq.net\\\/tr\\\/?s={search_term_string}\"},\"query-input\":{\"@type\":\"PropertyValueSpecification\",\"valueRequired\":true,\"valueName\":\"search_term_string\"}}],\"inLanguage\":\"en-US\"},{\"@type\":\"Person\",\"@id\":\"https:\\\/\\\/akunq.net\\\/tr\\\/#\\\/schema\\\/person\\\/096f1d38a12cce57fb855b485ed24c9e\",\"name\":\"admin\",\"url\":\"https:\\\/\\\/akunq.net\\\/tr\\\/?author=7\"}]}<\/script>\n<!-- \/ Yoast SEO plugin. -->","yoast_head_json":{"title":"Paylan, T\u00fcrkiye se\u00e7imlerinin sonu\u00e7lar\u0131ndan hayal k\u0131r\u0131kl\u0131\u011f\u0131na u\u011frad\u0131: \"Ermeniler bu d\u00f6nemde daha sessiz olacaklar\" - Bati Ermenistan Ve Bati Ermenileri Sorunlari Ara\u015ftirmalar Merkezi","robots":{"index":"index","follow":"follow","max-snippet":"max-snippet:-1","max-image-preview":"max-image-preview:large","max-video-preview":"max-video-preview:-1"},"canonical":"https:\/\/akunq.net\/tr\/?p=74059","og_locale":"en_US","og_type":"article","og_title":"Paylan, T\u00fcrkiye se\u00e7imlerinin sonu\u00e7lar\u0131ndan hayal k\u0131r\u0131kl\u0131\u011f\u0131na u\u011frad\u0131: \"Ermeniler bu d\u00f6nemde daha sessiz olacaklar\" - Bati Ermenistan Ve Bati Ermenileri Sorunlari Ara\u015ftirmalar Merkezi","og_description":"TBMM&#8217;nin 27. D\u00f6nem Ermeni Milletvekili Garo Paylan Armenpress muhabiri ile yapt\u0131\u011f\u0131 s\u00f6yle\u015fide &#8220;Milliyet\u00e7iler ve a\u015f\u0131r\u0131l\u0131k yanl\u0131lar\u0131yla ittifak kuran T\u00fcrkiye Cumhurba\u015fkan\u0131 Recep Tayyip Erdo\u011fan, 14 May\u0131s se\u00e7imlerini kazanmay\u0131 ba\u015fard\u0131 ve meclis \u00e7o\u011funlu\u011funu elde edecek. Bu, yak\u0131n gelecekte T\u00fcrkiye&#8217;nin daha milliyet\u00e7i olaca\u011f\u0131 ve milliyet\u00e7i T\u00fcrkiye&#8217;nin Ermenistan ile ili\u015fkilerini normalle\u015ftirmekte daha fazla zorlanaca\u011f\u0131 anlam\u0131na geliyor.&#8221; ifadelerini kulland\u0131.\u00a0 Paylan, [&hellip;]","og_url":"https:\/\/akunq.net\/tr\/?p=74059","og_site_name":"Bati Ermenistan Ve Bati Ermenileri Sorunlari Ara\u015ftirmalar Merkezi","article_published_time":"2023-05-16T09:40:01+00:00","og_image":[{"width":670,"height":450,"url":"https:\/\/akunq.net\/tr\/wp-content\/uploads\/sites\/6\/2023\/05\/Paylan-1.jpg","type":"image\/jpeg"}],"author":"admin","twitter_card":"summary_large_image","twitter_misc":{"Written by":"admin","Est. reading time":"1 minute"},"schema":{"@context":"https:\/\/schema.org","@graph":[{"@type":"Article","@id":"https:\/\/akunq.net\/tr\/?p=74059#article","isPartOf":{"@id":"https:\/\/akunq.net\/tr\/?p=74059"},"author":{"name":"admin","@id":"https:\/\/akunq.net\/tr\/#\/schema\/person\/096f1d38a12cce57fb855b485ed24c9e"},"headline":"Paylan, T\u00fcrkiye se\u00e7imlerinin sonu\u00e7lar\u0131ndan hayal k\u0131r\u0131kl\u0131\u011f\u0131na u\u011frad\u0131: &#8220;Ermeniler bu d\u00f6nemde daha sessiz olacaklar&#8221;","datePublished":"2023-05-16T09:40:01+00:00","mainEntityOfPage":{"@id":"https:\/\/akunq.net\/tr\/?p=74059"},"wordCount":209,"commentCount":0,"image":{"@id":"https:\/\/akunq.net\/tr\/?p=74059#primaryimage"},"thumbnailUrl":"https:\/\/akunq.net\/tr\/wp-content\/uploads\/sites\/6\/2023\/05\/Paylan-1.jpg","articleSection":["G\u00fcn\u00fcm\u00fczde Bat\u0131 Ermenileri","Haberler"],"inLanguage":"en-US","potentialAction":[{"@type":"CommentAction","name":"Comment","target":["https:\/\/akunq.net\/tr\/?p=74059#respond"]}]},{"@type":"WebPage","@id":"https:\/\/akunq.net\/tr\/?p=74059","url":"https:\/\/akunq.net\/tr\/?p=74059","name":"Paylan, T\u00fcrkiye se\u00e7imlerinin sonu\u00e7lar\u0131ndan hayal k\u0131r\u0131kl\u0131\u011f\u0131na u\u011frad\u0131: \"Ermeniler bu d\u00f6nemde daha sessiz olacaklar\" - Bati Ermenistan Ve Bati Ermenileri Sorunlari Ara\u015ftirmalar Merkezi","isPartOf":{"@id":"https:\/\/akunq.net\/tr\/#website"},"primaryImageOfPage":{"@id":"https:\/\/akunq.net\/tr\/?p=74059#primaryimage"},"image":{"@id":"https:\/\/akunq.net\/tr\/?p=74059#primaryimage"},"thumbnailUrl":"https:\/\/akunq.net\/tr\/wp-content\/uploads\/sites\/6\/2023\/05\/Paylan-1.jpg","datePublished":"2023-05-16T09:40:01+00:00","author":{"@id":"https:\/\/akunq.net\/tr\/#\/schema\/person\/096f1d38a12cce57fb855b485ed24c9e"},"breadcrumb":{"@id":"https:\/\/akunq.net\/tr\/?p=74059#breadcrumb"},"inLanguage":"en-US","potentialAction":[{"@type":"ReadAction","target":["https:\/\/akunq.net\/tr\/?p=74059"]}]},{"@type":"ImageObject","inLanguage":"en-US","@id":"https:\/\/akunq.net\/tr\/?p=74059#primaryimage","url":"https:\/\/akunq.net\/tr\/wp-content\/uploads\/sites\/6\/2023\/05\/Paylan-1.jpg","contentUrl":"https:\/\/akunq.net\/tr\/wp-content\/uploads\/sites\/6\/2023\/05\/Paylan-1.jpg","width":670,"height":450},{"@type":"BreadcrumbList","@id":"https:\/\/akunq.net\/tr\/?p=74059#breadcrumb","itemListElement":[{"@type":"ListItem","position":1,"name":"Home","item":"https:\/\/akunq.net\/tr"},{"@type":"ListItem","position":2,"name":"Paylan, T\u00fcrkiye se\u00e7imlerinin sonu\u00e7lar\u0131ndan hayal k\u0131r\u0131kl\u0131\u011f\u0131na u\u011frad\u0131: &#8220;Ermeniler bu d\u00f6nemde daha sessiz olacaklar&#8221;"}]},{"@type":"WebSite","@id":"https:\/\/akunq.net\/tr\/#website","url":"https:\/\/akunq.net\/tr\/","name":"Bati Ermenistan Ve Bati Ermenileri Sorunlari Ara\u015ftirmalar Merkezi","description":"","potentialAction":[{"@type":"SearchAction","target":{"@type":"EntryPoint","urlTemplate":"https:\/\/akunq.net\/tr\/?s={search_term_string}"},"query-input":{"@type":"PropertyValueSpecification","valueRequired":true,"valueName":"search_term_string"}}],"inLanguage":"en-US"},{"@type":"Person","@id":"https:\/\/akunq.net\/tr\/#\/schema\/person\/096f1d38a12cce57fb855b485ed24c9e","name":"admin","url":"https:\/\/akunq.net\/tr\/?author=7"}]}},"_links":{"self":[{"href":"https:\/\/akunq.net\/tr\/index.php?rest_route=\/wp\/v2\/posts\/74059","targetHints":{"allow":["GET"]}}],"collection":[{"href":"https:\/\/akunq.net\/tr\/index.php?rest_route=\/wp\/v2\/posts"}],"about":[{"href":"https:\/\/akunq.net\/tr\/index.php?rest_route=\/wp\/v2\/types\/post"}],"author":[{"embeddable":true,"href":"https:\/\/akunq.net\/tr\/index.php?rest_route=\/wp\/v2\/users\/7"}],"replies":[{"embeddable":true,"href":"https:\/\/akunq.net\/tr\/index.php?rest_route=%2Fwp%2Fv2%2Fcomments&post=74059"}],"version-history":[{"count":1,"href":"https:\/\/akunq.net\/tr\/index.php?rest_route=\/wp\/v2\/posts\/74059\/revisions"}],"predecessor-version":[{"id":74062,"href":"https:\/\/akunq.net\/tr\/index.php?rest_route=\/wp\/v2\/posts\/74059\/revisions\/74062"}],"wp:featuredmedia":[{"embeddable":true,"href":"https:\/\/akunq.net\/tr\/index.php?rest_route=\/wp\/v2\/media\/74061"}],"wp:attachment":[{"href":"https:\/\/akunq.net\/tr\/index.php?rest_route=%2Fwp%2Fv2%2Fmedia&parent=74059"}],"wp:term":[{"taxonomy":"category","embeddable":true,"href":"https:\/\/akunq.net\/tr\/index.php?rest_route=%2Fwp%2Fv2%2Fcategories&post=74059"},{"taxonomy":"post_tag","embeddable":true,"href":"https:\/\/akunq.net\/tr\/index.php?rest_route=%2Fwp%2Fv2%2Ftags&post=74059"}],"curies":[{"name":"wp","href":"https:\/\/api.w.org\/{rel}","templated":true}]}}