{"id":73515,"date":"2023-04-13T01:10:08","date_gmt":"2023-04-13T06:10:08","guid":{"rendered":"https:\/\/akunq.net\/tr\/?p=73515"},"modified":"2023-04-13T01:10:08","modified_gmt":"2023-04-13T06:10:08","slug":"azerbaycan-ermenistan-kim-kime-saldiriyor-turk-medyasi-neler-sayikliyor","status":"publish","type":"post","link":"https:\/\/akunq.net\/tr\/?p=73515","title":{"rendered":"Azerbaycan-Ermenistan; kim kime sald\u0131r\u0131yor? T\u00fcrk medyas\u0131 neler say\u0131kl\u0131yor?"},"content":{"rendered":"<div class=\"x11i5rnm xat24cr x1mh8g0r x1vvkbs xtlvy1s x126k92a\">\n<div dir=\"auto\"><img loading=\"lazy\" decoding=\"async\" class=\"aligncenter size-medium wp-image-73516\" src=\"https:\/\/akunq.net\/tr\/wp-content\/uploads\/2023\/04\/Tegh-koyu-360x242.jpg\" alt=\"\" width=\"360\" height=\"242\" srcset=\"https:\/\/akunq.net\/tr\/wp-content\/uploads\/sites\/6\/2023\/04\/Tegh-koyu-360x242.jpg 360w, https:\/\/akunq.net\/tr\/wp-content\/uploads\/sites\/6\/2023\/04\/Tegh-koyu-560x376.jpg 560w, https:\/\/akunq.net\/tr\/wp-content\/uploads\/sites\/6\/2023\/04\/Tegh-koyu-260x175.jpg 260w, https:\/\/akunq.net\/tr\/wp-content\/uploads\/sites\/6\/2023\/04\/Tegh-koyu-160x107.jpg 160w, https:\/\/akunq.net\/tr\/wp-content\/uploads\/sites\/6\/2023\/04\/Tegh-koyu.jpg 670w\" sizes=\"auto, (max-width: 360px) 100vw, 360px\" \/><\/div>\n<div dir=\"auto\"><strong>Hovsep Hayreni\u00a0<\/strong><\/div>\n<div dir=\"auto\"><strong><em>11 Nisan 2023\u00a0 yerel saatle 17:30&#8217;da Ermenistan&#8217;\u0131n g\u00fcney-do\u011fu s\u0131n\u0131rlar\u0131 i\u00e7indeki Tegh k\u00f6y\u00fc yak\u0131nlar\u0131nda Azerbaycan silahl\u0131 g\u00fc\u00e7leriyle Ermenistan silahl\u0131 g\u00fc\u00e7leri aras\u0131nda \u00e7\u0131kan \u00e7at\u0131\u015fmada her iki taraftan \u00e7ok say\u0131da \u00f6l\u00fc ve yaral\u0131lar olmu\u015ftur. \u00c7at\u0131\u015fma Azerbaycan taraf\u0131nda olmad\u0131\u011f\u0131 gibi, s\u0131n\u0131r\u0131n iki yakas\u0131 aras\u0131nda da de\u011fil, Ermenistan topraklar\u0131 i\u00e7inde cereyan etmi\u015ftir. Bu son s\u0131cak geli\u015fme yakla\u015f\u0131k on g\u00fcn \u00f6nce Azerbaycan askerlerinin s\u0131n\u0131rdan i\u00e7eriye \u00e7at\u0131\u015fmas\u0131z ilerleme f\u0131rsat\u0131 bulmalar\u0131yla m\u00fcmk\u00fcn olan bir durum. Ge\u00e7en Eyl\u00fcl ay\u0131ndaki iki g\u00fcnl\u00fck kapsaml\u0131 sald\u0131r\u0131da oldu\u011fu gibi \u00e7at\u0131\u015fman\u0131n ya\u015fand\u0131\u011f\u0131 yerler kimin hangi s\u0131n\u0131rlara tecav\u00fcz etti\u011fini kendili\u011finden a\u00e7\u0131k ediyor.<\/em><\/strong><\/div>\n<\/div>\n<div class=\"x11i5rnm xat24cr x1mh8g0r x1vvkbs xtlvy1s x126k92a\">\n<div dir=\"auto\">Fakat olay\u0131 her zamanki gibi tersy\u00fcz etmeye \u00e7al\u0131\u015fan T\u00fcrk medyas\u0131, \u00f6rne\u011fin Haber Global&#8217;de Saynur Sezel ve konuklar\u0131, \u00e7at\u0131\u015fman\u0131n ya\u015fand\u0131\u011f\u0131 yeri Ermenistan&#8217;\u0131n Tegh k\u00f6y\u00fc arazisi yerine, bug\u00fcn Azerbaycan s\u0131n\u0131rlar\u0131 i\u00e7inde olan La\u00e7in olarak verdiler. Bu tam bir dezenformasyon oldu\u011fu gibi, pe\u015finden Ermenistan&#8217;\u0131 &#8220;Bar\u0131\u015f Anla\u015fmas\u0131&#8217;na ayak diremek&#8221;le su\u00e7lamalar\u0131, &#8220;\u0130ran ve Fransa&#8217;n\u0131n te\u015fvikiyle yeni sava\u015f isteyen ve s\u00fcrekli provoke eden taraf&#8221; g\u00f6stermeleri de ger\u00e7ekli\u011fi tepe takla eden kirli bir propagandad\u0131r.<\/div>\n<\/div>\n<div class=\"x11i5rnm xat24cr x1mh8g0r x1vvkbs xtlvy1s x126k92a\">\n<div dir=\"auto\">2020 y\u0131l\u0131 sonlar\u0131ndaki 44 g\u00fcnl\u00fck sava\u015f\u0131n kazanan taraf\u0131 olarak, bir yandan Artsakh (Da\u011fl\u0131k Karaba\u011f) Cumhuriyeti&#8217;nin geriye kalan b\u00f6l\u00fcm\u00fcn\u00fc ilhak etmek, bir yandan Ermenistan&#8217;\u0131n g\u00fcneyinden toprak kopartmak ve Nah\u00e7\u0131van ile kesintisiz b\u00fct\u00fcnl\u00fck olu\u015fturmak isteyen Bak\u00fc y\u00f6netimi, Ankara&#8217;n\u0131n aktif deste\u011fiyle her iki cenahta s\u00fcrekli taciz, provokasyon, s\u0131zma ve i\u015fgal hareketleri i\u00e7inde oldu.<\/div>\n<\/div>\n<div class=\"x11i5rnm xat24cr x1mh8g0r x1vvkbs xtlvy1s x126k92a\">\n<div dir=\"auto\">2021 May\u0131s ve Kas\u0131m, 2022 Eyl\u00fcl, 2023 Mart aylar\u0131 Azerbaycan g\u00fc\u00e7lerinin yeni topraklar t\u0131rt\u0131klama ve daha kapsaml\u0131 bir sald\u0131r\u0131n\u0131n zeminini haz\u0131rlama y\u00f6n\u00fcnde ciddi ate\u015fkes ihlallerine sahne oldu. Ermenistan y\u00f6netimi yeni bir sava\u015ftan ka\u00e7\u0131nmaya \u00e7al\u0131\u015ft\u0131\u011f\u0131 i\u00e7in Azerbaycan silahl\u0131 g\u00fc\u00e7lerinin s\u0131n\u0131rdan i\u00e7eri s\u0131zmalar\u0131na \u00e7o\u011fu zaman g\u00f6z yumdu. Sald\u0131r\u0131ya u\u011framad\u0131k\u00e7a silahl\u0131 m\u00fcdahalede bulunmad\u0131. Son sald\u0131r\u0131y\u0131 yapan Azerbaycan birliklerinin s\u0131n\u0131rdan i\u00e7eri 300 metre ilerleyip Tegh k\u00f6y\u00fc&#8217;ne yak\u0131n bir mevzi kazanmalar\u0131 da bu sayede olmu\u015ftu. Pa\u015finyan y\u00f6netiminin ihtiyatl\u0131 tutumu \u00e7at\u0131\u015fmay\u0131 \u00f6nlemek yerine kar\u015f\u0131 tarafa daha c\u00fcretli ad\u0131mlar atma f\u0131rsat\u0131n\u0131 verdi.<\/div>\n<\/div>\n<div class=\"x11i5rnm xat24cr x1mh8g0r x1vvkbs xtlvy1s x126k92a\">\n<div dir=\"auto\">Ermenistan&#8217;\u0131n me\u015fru s\u0131n\u0131rlar\u0131n\u0131 tart\u0131\u015fma konusu eden Azerbaycan, Rusya ile anla\u015fmal\u0131 \u015fekilde bu s\u0131n\u0131rlar\u0131 yeniden belirleme zorlamas\u0131na girmi\u015f olup, sabah erken kalkan uyan\u0131k k\u00f6yl\u00fcn\u00fcn s\u0131n\u0131r ta\u015flar\u0131n\u0131 yerinden oynatarak kendi tarlas\u0131n\u0131 geni\u015fletmesi gibi bir \u00e7aba i\u00e7inde pek \u00e7ok yere korsan dal\u0131\u015f yap\u0131yor.<\/div>\n<\/div>\n<div class=\"x11i5rnm xat24cr x1mh8g0r x1vvkbs xtlvy1s x126k92a\">\n<div dir=\"auto\">Birinci Karaba\u011f Sava\u015f\u0131&#8217;n\u0131 bitiren 1994 y\u0131l\u0131ndaki ate\u015fkesten sonra ya\u015fanan \u00e7at\u0131\u015fmalar genel olarak r\u00f6van\u015fa haz\u0131rlanan Azerbaycan taraf\u0131n\u0131n k\u00f6r\u00fckleme ve sald\u0131r\u0131lar\u0131yla oldu\u011fu gibi, 44 g\u00fcnl\u00fck ikinci kapsaml\u0131 sava\u015f ve ondan buyana s\u0131k s\u0131k yinelenen k\u0131sa s\u00fcreli \u00e7at\u0131\u015fmalar da ayn\u0131 taraf\u0131n sald\u0131rganl\u0131\u011f\u0131yla oluyor. Ve her defas\u0131nda \u00e7at\u0131\u015fman\u0131n sorumlulu\u011funu kar\u015f\u0131 tarafa mal etmek i\u00e7in bir \u015feyler uyduruyorlar.<\/div>\n<\/div>\n<div class=\"x11i5rnm xat24cr x1mh8g0r x1vvkbs xtlvy1s x126k92a\">\n<div dir=\"auto\">Ge\u00e7en Eyl\u00fcl&#8217;de Ermenistan&#8217;\u0131n Goris, Gaban, Cermuk, Vartenis s\u0131n\u0131rlar\u0131na tecav\u00fcz ederken bunu Ermenilerin &#8220;s\u0131n\u0131r \u00f6tesi gizli may\u0131nlama&#8221; yapt\u0131klar\u0131 yalan\u0131yla gerek\u00e7elendirdiler. Sonra Artsakh taraf\u0131nda La\u00e7in koridoruna hakim olmak i\u00e7in baz\u0131 tepelere sald\u0131r\u0131 hamlesi yaparken &#8220;Ermenistan&#8217;dan Karaba\u011f&#8217;a gizli silah sevkiyat\u0131 yap\u0131ld\u0131\u011f\u0131&#8221; t\u00fcr\u00fcnden bir bahane \u00f6ne s\u00fcrd\u00fcler. \u015eimdi Tegh yerine &#8220;La\u00e7in \u00e7at\u0131\u015fmas\u0131&#8221; diye duyurduklar\u0131 olay\u0131 bakal\u0131m nas\u0131l bir mizansene konu edecekler?<\/div>\n<\/div>\n<div class=\"x11i5rnm xat24cr x1mh8g0r x1vvkbs xtlvy1s x126k92a\">\n<div dir=\"auto\">Artsakh ve Ermenistan&#8217;a y\u00f6nelik Azerbaycan&#8217;\u0131n son sald\u0131r\u0131lar\u0131 16 Mart 2023 g\u00fcn\u00fc Ankara&#8217;da yap\u0131lan T\u00fcrk devletleri Te\u015fkilat\u0131&#8217;n\u0131n son zirvesinde Aliyev&#8217;in Ermenistan topraklar\u0131n\u0131 &#8220;Bat\u0131 Azerbaycan&#8221; sayarak ona y\u00f6nelik emellerini pervas\u0131zca ilan etti\u011fi konu\u015fmalar\u0131n\u0131n ard\u0131ndan geldi. Bu \u00e7ok yeni bir \u015fey de\u011fil asl\u0131nda; Aliyev kazand\u0131\u011f\u0131 &#8220;zafer&#8221;den beri co\u015fa gelmi\u015f, &#8220;\u0130revan da bizimdir&#8221; diyecek kadar cesaret bulmu\u015ftu. Ancak son konu\u015fmas\u0131nda \u00f6zellikle Ermenistan&#8217;\u0131n g\u00fcneyindeki Syunik b\u00f6lgesine odaklanmas\u0131, onu &#8220;Sovyet y\u00f6netimi taraf\u0131ndan haks\u0131z olarak Azerbaycan&#8217;dan kopar\u0131l\u0131p Ermenistan&#8217;a verilen Garbi Zangezur&#8221; \u015feklinde tan\u0131mlamas\u0131, Turan plan\u0131 uyar\u0131nca g\u00f6zlerini diktikleri bu b\u00f6lgeye y\u00f6nelik baz\u0131 haz\u0131rl\u0131klar g\u00f6rd\u00fcklerinin i\u015faretiydi.<\/div>\n<\/div>\n<div class=\"x11i5rnm xat24cr x1mh8g0r x1vvkbs xtlvy1s x126k92a\">\n<div dir=\"auto\">Bu son sald\u0131r\u0131n\u0131n bir hafta \u00f6ncesinde Azerbaycan ordusunun gerek do\u011fudan s\u0131n\u0131r hatlar\u0131 boyunca, gerek Nah\u00e7\u0131van taraf\u0131ndan Ermenistan&#8217;a y\u00f6nelik b\u00fcy\u00fck y\u0131\u011f\u0131nak yapt\u0131\u011f\u0131, askeri personel yan\u0131nda a\u011f\u0131r sald\u0131r\u0131 silahlar\u0131 sevk etti\u011fi bilgileri Ermenistan bas\u0131n\u0131nda yer alm\u0131\u015ft\u0131. Bu bilgiler do\u011fruysa Syunik b\u00f6lgesini tam bir k\u0131skaca alma durumuydu. Nah\u00e7\u0131van taraf\u0131ndaki y\u0131\u011f\u0131na\u011f\u0131n TSK ile beraber yap\u0131ld\u0131\u011f\u0131n\u0131 da tasavvur edebiliriz. Orada daimi T\u00fcrk g\u00fc\u00e7lerinin varl\u0131\u011f\u0131 bilinen bir ger\u00e7eklik. Azerbaycan&#8217;\u0131n att\u0131\u011f\u0131 ad\u0131mlarda T\u00fcrkiye&#8217;nin te\u015fvik edici ve kimi zaman do\u011frudan y\u00f6nlendirici oldu\u011fu ise hi\u00e7 inkar edilemez.<\/div>\n<\/div>\n<div class=\"x11i5rnm xat24cr x1mh8g0r x1vvkbs xtlvy1s x126k92a\">\n<div dir=\"auto\">\u015eu anda T\u00fcrkiye&#8217;nin se\u00e7ime do\u011fru giderken bu alanda aktif olamayaca\u011f\u0131 y\u00f6n\u00fcnde yorumlar da yap\u0131l\u0131yor. Fakat hafife al\u0131nan bir \u015fey, se\u00e7imde yenilgiye u\u011frama ihtimali y\u00fcksek olan Erdo\u011fan y\u00f6netiminin tam da bu nedenle d\u0131\u015farda &#8220;kahramanl\u0131klar&#8221; sergileyip i\u00e7erdeki \u015fans\u0131n\u0131 d\u00f6nd\u00fcrmek isteyebilece\u011fidir. G\u00fcney&#8217;de K\u00fcrdistan&#8217;a y\u00f6nelik yeni sald\u0131rganl\u0131\u011fa bu se\u00e7im ortam\u0131nda f\u0131rsat bulabilen Ankara&#8217;n\u0131n do\u011fuda Ermenistan&#8217;a y\u00f6nelik sald\u0131rganl\u0131\u011fa da ortak olmas\u0131 m\u00fcmk\u00fcnd\u00fcr.<\/div>\n<\/div>\n<div class=\"x11i5rnm xat24cr x1mh8g0r x1vvkbs xtlvy1s x126k92a\">\n<div dir=\"auto\">\u0130srail, Azerbaycan ve T\u00fcrkiye&#8217;nin \u0130ran&#8217;\u0131 \u00e7\u00f6kertme ama\u00e7l\u0131 bir ortakl\u0131k i\u00e7inde hareket ettikleri de son d\u00f6nemin g\u00f6zard\u0131 edilemeyecek bir ger\u00e7ekli\u011fi. Ukrayna Sava\u015f\u0131&#8217;ndan beri d\u00fcnyan\u0131n jeopolitik dengeleri h\u0131zl\u0131 bir sars\u0131nt\u0131 ve de\u011fi\u015fim i\u00e7inde. \u0130ran&#8217;dan Tayvan&#8217;a kadar pek \u00e7ok Asya \u00fclkesinin kendini bir \u00e7at\u0131\u015fma i\u00e7inde bulma riski var. Beri yanda Avrupa&#8217;n\u0131n sava\u015f i\u00e7ine \u00e7ekilmesi de olas\u0131. ABD ile Rusya ve \u00c7in aras\u0131ndaki bilek g\u00fcre\u015fi ger\u00e7ek anlamda bir \u00fc\u00e7\u00fcnc\u00fc d\u00fcnya sava\u015f\u0131na evrilmese bile Ukrayna&#8217;ya eklenecek yeni s\u0131cak b\u00f6lgeler daima olabilir.<\/div>\n<\/div>\n<div class=\"x11i5rnm xat24cr x1mh8g0r x1vvkbs xtlvy1s x126k92a\">\n<div dir=\"auto\">B\u00fcy\u00fck sava\u015flar yeni topraklar kazanmaya niyetli fetih\u00e7i devletlerin ve belli meseleleri k\u00f6k\u00fcnden halletmek isteyen soyk\u0131r\u0131mc\u0131 zihniyetlerin bekledi\u011fi f\u0131rsatlar\u0131 sunar. Bu nedenle g\u00fcn\u00fcm\u00fcz\u00fcn ortam\u0131 tehlikeli belirsizliklerle doludur. T\u00fcrk yay\u0131lmac\u0131l\u0131\u011f\u0131n\u0131n son d\u00f6nemdeki \u00f6nc\u00fcs\u00fc Erdo\u011fan olsa da, onun giri\u015fti\u011fi maceralar\u0131n \u00e7o\u011fu devlet politikas\u0131 ve stratejisi gere\u011fidir. Bu se\u00e7imde y\u00f6netim de\u011fi\u015firse sald\u0131rgan d\u0131\u015f politikan\u0131n k\u00f6kten de\u011fi\u015fece\u011fini zannetmek safl\u0131k olur. Ancak son depremlerin y\u0131k\u0131c\u0131 etkisi, mali ve ekonomik durumun daha k\u00f6t\u00fcye gitmesi gibi fakt\u00f6rler Erdo\u011fan kalsa dahi frenleyici olabilir.<\/div>\n<\/div>\n<div class=\"x11i5rnm xat24cr x1mh8g0r x1vvkbs xtlvy1s x126k92a\">\n<div dir=\"auto\">Bu yaz\u0131n\u0131n amac\u0131, takdir edersiniz ki felaket tellall\u0131\u011f\u0131 de\u011fil, ancak Artsakh ile birlikte Ermenistan&#8217;\u0131 tehdit eden durumun ciddiyetini bir kez daha bu son sald\u0131r\u0131 vesilesiyle hissettirmek ve T\u00fcrk medyas\u0131n\u0131n \u00e7arp\u0131tt\u0131\u011f\u0131 durumu do\u011fru \u015fekilde yans\u0131tmakt\u0131r. Bir de T\u00fcrkiyeli demokratlar aras\u0131nda duyarl\u0131l\u0131\u011f\u0131n en zay\u0131f oldu\u011fu bu alana y\u00f6nelik umutsuzca bir dikkat \u00e7ekme \u00e7abas\u0131ndan ibarettir. Okuyup payla\u015fanlara pe\u015fin te\u015fekk\u00fcrlerimle&#8230;<\/div>\n<div dir=\"auto\"><em><strong>https:\/\/www.facebook.com\/murat.saskal.7\u00a0<\/strong><\/em><\/div>\n<\/div>\n","protected":false},"excerpt":{"rendered":"<p>Hovsep Hayreni\u00a0 11 Nisan 2023\u00a0 yerel saatle 17:30&#8217;da Ermenistan&#8217;\u0131n g\u00fcney-do\u011fu s\u0131n\u0131rlar\u0131 i\u00e7indeki Tegh k\u00f6y\u00fc yak\u0131nlar\u0131nda Azerbaycan silahl\u0131 g\u00fc\u00e7leriyle Ermenistan silahl\u0131 g\u00fc\u00e7leri aras\u0131nda \u00e7\u0131kan \u00e7at\u0131\u015fmada her iki taraftan \u00e7ok say\u0131da \u00f6l\u00fc ve yaral\u0131lar olmu\u015ftur. \u00c7at\u0131\u015fma Azerbaycan taraf\u0131nda olmad\u0131\u011f\u0131 gibi, s\u0131n\u0131r\u0131n iki yakas\u0131 aras\u0131nda da de\u011fil, Ermenistan topraklar\u0131 i\u00e7inde cereyan etmi\u015ftir. Bu son s\u0131cak geli\u015fme yakla\u015f\u0131k on [&hellip;]<\/p>\n","protected":false},"author":7,"featured_media":73517,"comment_status":"open","ping_status":"open","sticky":false,"template":"","format":"standard","meta":{"footnotes":""},"categories":[1,70,75],"tags":[],"class_list":["post-73515","post","type-post","status-publish","format-standard","has-post-thumbnail","hentry","category-haberler","category-makaleler","category-turkiye-azerbaycan"],"yoast_head":"<!-- This site is optimized with the Yoast SEO plugin v27.4 - https:\/\/yoast.com\/product\/yoast-seo-wordpress\/ -->\n<title>Azerbaycan-Ermenistan; kim kime sald\u0131r\u0131yor? T\u00fcrk medyas\u0131 neler say\u0131kl\u0131yor? - Bati Ermenistan Ve Bati Ermenileri Sorunlari Ara\u015ftirmalar Merkezi<\/title>\n<meta name=\"robots\" content=\"index, follow, max-snippet:-1, max-image-preview:large, max-video-preview:-1\" \/>\n<link rel=\"canonical\" href=\"https:\/\/akunq.net\/tr\/?p=73515\" \/>\n<meta property=\"og:locale\" content=\"en_US\" \/>\n<meta property=\"og:type\" content=\"article\" \/>\n<meta property=\"og:title\" content=\"Azerbaycan-Ermenistan; kim kime sald\u0131r\u0131yor? T\u00fcrk medyas\u0131 neler say\u0131kl\u0131yor? - Bati Ermenistan Ve Bati Ermenileri Sorunlari Ara\u015ftirmalar Merkezi\" \/>\n<meta property=\"og:description\" content=\"Hovsep Hayreni\u00a0 11 Nisan 2023\u00a0 yerel saatle 17:30&#8217;da Ermenistan&#8217;\u0131n g\u00fcney-do\u011fu s\u0131n\u0131rlar\u0131 i\u00e7indeki Tegh k\u00f6y\u00fc yak\u0131nlar\u0131nda Azerbaycan silahl\u0131 g\u00fc\u00e7leriyle Ermenistan silahl\u0131 g\u00fc\u00e7leri aras\u0131nda \u00e7\u0131kan \u00e7at\u0131\u015fmada her iki taraftan \u00e7ok say\u0131da \u00f6l\u00fc ve yaral\u0131lar olmu\u015ftur. \u00c7at\u0131\u015fma Azerbaycan taraf\u0131nda olmad\u0131\u011f\u0131 gibi, s\u0131n\u0131r\u0131n iki yakas\u0131 aras\u0131nda da de\u011fil, Ermenistan topraklar\u0131 i\u00e7inde cereyan etmi\u015ftir. Bu son s\u0131cak geli\u015fme yakla\u015f\u0131k on [&hellip;]\" \/>\n<meta property=\"og:url\" content=\"https:\/\/akunq.net\/tr\/?p=73515\" \/>\n<meta property=\"og:site_name\" content=\"Bati Ermenistan Ve Bati Ermenileri Sorunlari Ara\u015ftirmalar Merkezi\" \/>\n<meta property=\"article:published_time\" content=\"2023-04-13T06:10:08+00:00\" \/>\n<meta property=\"og:image\" content=\"https:\/\/akunq.net\/tr\/wp-content\/uploads\/sites\/6\/2023\/04\/Tegh-koyu-1.jpg\" \/>\n\t<meta property=\"og:image:width\" content=\"670\" \/>\n\t<meta property=\"og:image:height\" content=\"450\" \/>\n\t<meta property=\"og:image:type\" content=\"image\/jpeg\" \/>\n<meta name=\"author\" content=\"admin\" \/>\n<meta name=\"twitter:card\" content=\"summary_large_image\" \/>\n<meta name=\"twitter:label1\" content=\"Written by\" \/>\n\t<meta name=\"twitter:data1\" content=\"admin\" \/>\n\t<meta name=\"twitter:label2\" content=\"Est. reading time\" \/>\n\t<meta name=\"twitter:data2\" content=\"7 minutes\" \/>\n<script type=\"application\/ld+json\" class=\"yoast-schema-graph\">{\"@context\":\"https:\\\/\\\/schema.org\",\"@graph\":[{\"@type\":\"Article\",\"@id\":\"https:\\\/\\\/akunq.net\\\/tr\\\/?p=73515#article\",\"isPartOf\":{\"@id\":\"https:\\\/\\\/akunq.net\\\/tr\\\/?p=73515\"},\"author\":{\"name\":\"admin\",\"@id\":\"https:\\\/\\\/akunq.net\\\/tr\\\/#\\\/schema\\\/person\\\/096f1d38a12cce57fb855b485ed24c9e\"},\"headline\":\"Azerbaycan-Ermenistan; kim kime sald\u0131r\u0131yor? T\u00fcrk medyas\u0131 neler say\u0131kl\u0131yor?\",\"datePublished\":\"2023-04-13T06:10:08+00:00\",\"mainEntityOfPage\":{\"@id\":\"https:\\\/\\\/akunq.net\\\/tr\\\/?p=73515\"},\"wordCount\":1324,\"commentCount\":0,\"image\":{\"@id\":\"https:\\\/\\\/akunq.net\\\/tr\\\/?p=73515#primaryimage\"},\"thumbnailUrl\":\"https:\\\/\\\/akunq.net\\\/tr\\\/wp-content\\\/uploads\\\/sites\\\/6\\\/2023\\\/04\\\/Tegh-koyu-1.jpg\",\"articleSection\":[\"Haberler\",\"Makaleler\",\"T\u00fcrkiye-Azerbaycan\"],\"inLanguage\":\"en-US\",\"potentialAction\":[{\"@type\":\"CommentAction\",\"name\":\"Comment\",\"target\":[\"https:\\\/\\\/akunq.net\\\/tr\\\/?p=73515#respond\"]}]},{\"@type\":\"WebPage\",\"@id\":\"https:\\\/\\\/akunq.net\\\/tr\\\/?p=73515\",\"url\":\"https:\\\/\\\/akunq.net\\\/tr\\\/?p=73515\",\"name\":\"Azerbaycan-Ermenistan; kim kime sald\u0131r\u0131yor? T\u00fcrk medyas\u0131 neler say\u0131kl\u0131yor? - Bati Ermenistan Ve Bati Ermenileri Sorunlari Ara\u015ftirmalar Merkezi\",\"isPartOf\":{\"@id\":\"https:\\\/\\\/akunq.net\\\/tr\\\/#website\"},\"primaryImageOfPage\":{\"@id\":\"https:\\\/\\\/akunq.net\\\/tr\\\/?p=73515#primaryimage\"},\"image\":{\"@id\":\"https:\\\/\\\/akunq.net\\\/tr\\\/?p=73515#primaryimage\"},\"thumbnailUrl\":\"https:\\\/\\\/akunq.net\\\/tr\\\/wp-content\\\/uploads\\\/sites\\\/6\\\/2023\\\/04\\\/Tegh-koyu-1.jpg\",\"datePublished\":\"2023-04-13T06:10:08+00:00\",\"author\":{\"@id\":\"https:\\\/\\\/akunq.net\\\/tr\\\/#\\\/schema\\\/person\\\/096f1d38a12cce57fb855b485ed24c9e\"},\"breadcrumb\":{\"@id\":\"https:\\\/\\\/akunq.net\\\/tr\\\/?p=73515#breadcrumb\"},\"inLanguage\":\"en-US\",\"potentialAction\":[{\"@type\":\"ReadAction\",\"target\":[\"https:\\\/\\\/akunq.net\\\/tr\\\/?p=73515\"]}]},{\"@type\":\"ImageObject\",\"inLanguage\":\"en-US\",\"@id\":\"https:\\\/\\\/akunq.net\\\/tr\\\/?p=73515#primaryimage\",\"url\":\"https:\\\/\\\/akunq.net\\\/tr\\\/wp-content\\\/uploads\\\/sites\\\/6\\\/2023\\\/04\\\/Tegh-koyu-1.jpg\",\"contentUrl\":\"https:\\\/\\\/akunq.net\\\/tr\\\/wp-content\\\/uploads\\\/sites\\\/6\\\/2023\\\/04\\\/Tegh-koyu-1.jpg\",\"width\":670,\"height\":450},{\"@type\":\"BreadcrumbList\",\"@id\":\"https:\\\/\\\/akunq.net\\\/tr\\\/?p=73515#breadcrumb\",\"itemListElement\":[{\"@type\":\"ListItem\",\"position\":1,\"name\":\"Home\",\"item\":\"https:\\\/\\\/akunq.net\\\/tr\"},{\"@type\":\"ListItem\",\"position\":2,\"name\":\"Azerbaycan-Ermenistan; kim kime sald\u0131r\u0131yor? T\u00fcrk medyas\u0131 neler say\u0131kl\u0131yor?\"}]},{\"@type\":\"WebSite\",\"@id\":\"https:\\\/\\\/akunq.net\\\/tr\\\/#website\",\"url\":\"https:\\\/\\\/akunq.net\\\/tr\\\/\",\"name\":\"Bati Ermenistan Ve Bati Ermenileri Sorunlari Ara\u015ftirmalar Merkezi\",\"description\":\"\",\"potentialAction\":[{\"@type\":\"SearchAction\",\"target\":{\"@type\":\"EntryPoint\",\"urlTemplate\":\"https:\\\/\\\/akunq.net\\\/tr\\\/?s={search_term_string}\"},\"query-input\":{\"@type\":\"PropertyValueSpecification\",\"valueRequired\":true,\"valueName\":\"search_term_string\"}}],\"inLanguage\":\"en-US\"},{\"@type\":\"Person\",\"@id\":\"https:\\\/\\\/akunq.net\\\/tr\\\/#\\\/schema\\\/person\\\/096f1d38a12cce57fb855b485ed24c9e\",\"name\":\"admin\",\"url\":\"https:\\\/\\\/akunq.net\\\/tr\\\/?author=7\"}]}<\/script>\n<!-- \/ Yoast SEO plugin. -->","yoast_head_json":{"title":"Azerbaycan-Ermenistan; kim kime sald\u0131r\u0131yor? T\u00fcrk medyas\u0131 neler say\u0131kl\u0131yor? - Bati Ermenistan Ve Bati Ermenileri Sorunlari Ara\u015ftirmalar Merkezi","robots":{"index":"index","follow":"follow","max-snippet":"max-snippet:-1","max-image-preview":"max-image-preview:large","max-video-preview":"max-video-preview:-1"},"canonical":"https:\/\/akunq.net\/tr\/?p=73515","og_locale":"en_US","og_type":"article","og_title":"Azerbaycan-Ermenistan; kim kime sald\u0131r\u0131yor? T\u00fcrk medyas\u0131 neler say\u0131kl\u0131yor? - Bati Ermenistan Ve Bati Ermenileri Sorunlari Ara\u015ftirmalar Merkezi","og_description":"Hovsep Hayreni\u00a0 11 Nisan 2023\u00a0 yerel saatle 17:30&#8217;da Ermenistan&#8217;\u0131n g\u00fcney-do\u011fu s\u0131n\u0131rlar\u0131 i\u00e7indeki Tegh k\u00f6y\u00fc yak\u0131nlar\u0131nda Azerbaycan silahl\u0131 g\u00fc\u00e7leriyle Ermenistan silahl\u0131 g\u00fc\u00e7leri aras\u0131nda \u00e7\u0131kan \u00e7at\u0131\u015fmada her iki taraftan \u00e7ok say\u0131da \u00f6l\u00fc ve yaral\u0131lar olmu\u015ftur. \u00c7at\u0131\u015fma Azerbaycan taraf\u0131nda olmad\u0131\u011f\u0131 gibi, s\u0131n\u0131r\u0131n iki yakas\u0131 aras\u0131nda da de\u011fil, Ermenistan topraklar\u0131 i\u00e7inde cereyan etmi\u015ftir. Bu son s\u0131cak geli\u015fme yakla\u015f\u0131k on [&hellip;]","og_url":"https:\/\/akunq.net\/tr\/?p=73515","og_site_name":"Bati Ermenistan Ve Bati Ermenileri Sorunlari Ara\u015ftirmalar Merkezi","article_published_time":"2023-04-13T06:10:08+00:00","og_image":[{"width":670,"height":450,"url":"https:\/\/akunq.net\/tr\/wp-content\/uploads\/sites\/6\/2023\/04\/Tegh-koyu-1.jpg","type":"image\/jpeg"}],"author":"admin","twitter_card":"summary_large_image","twitter_misc":{"Written by":"admin","Est. reading time":"7 minutes"},"schema":{"@context":"https:\/\/schema.org","@graph":[{"@type":"Article","@id":"https:\/\/akunq.net\/tr\/?p=73515#article","isPartOf":{"@id":"https:\/\/akunq.net\/tr\/?p=73515"},"author":{"name":"admin","@id":"https:\/\/akunq.net\/tr\/#\/schema\/person\/096f1d38a12cce57fb855b485ed24c9e"},"headline":"Azerbaycan-Ermenistan; kim kime sald\u0131r\u0131yor? T\u00fcrk medyas\u0131 neler say\u0131kl\u0131yor?","datePublished":"2023-04-13T06:10:08+00:00","mainEntityOfPage":{"@id":"https:\/\/akunq.net\/tr\/?p=73515"},"wordCount":1324,"commentCount":0,"image":{"@id":"https:\/\/akunq.net\/tr\/?p=73515#primaryimage"},"thumbnailUrl":"https:\/\/akunq.net\/tr\/wp-content\/uploads\/sites\/6\/2023\/04\/Tegh-koyu-1.jpg","articleSection":["Haberler","Makaleler","T\u00fcrkiye-Azerbaycan"],"inLanguage":"en-US","potentialAction":[{"@type":"CommentAction","name":"Comment","target":["https:\/\/akunq.net\/tr\/?p=73515#respond"]}]},{"@type":"WebPage","@id":"https:\/\/akunq.net\/tr\/?p=73515","url":"https:\/\/akunq.net\/tr\/?p=73515","name":"Azerbaycan-Ermenistan; kim kime sald\u0131r\u0131yor? T\u00fcrk medyas\u0131 neler say\u0131kl\u0131yor? - Bati Ermenistan Ve Bati Ermenileri Sorunlari Ara\u015ftirmalar Merkezi","isPartOf":{"@id":"https:\/\/akunq.net\/tr\/#website"},"primaryImageOfPage":{"@id":"https:\/\/akunq.net\/tr\/?p=73515#primaryimage"},"image":{"@id":"https:\/\/akunq.net\/tr\/?p=73515#primaryimage"},"thumbnailUrl":"https:\/\/akunq.net\/tr\/wp-content\/uploads\/sites\/6\/2023\/04\/Tegh-koyu-1.jpg","datePublished":"2023-04-13T06:10:08+00:00","author":{"@id":"https:\/\/akunq.net\/tr\/#\/schema\/person\/096f1d38a12cce57fb855b485ed24c9e"},"breadcrumb":{"@id":"https:\/\/akunq.net\/tr\/?p=73515#breadcrumb"},"inLanguage":"en-US","potentialAction":[{"@type":"ReadAction","target":["https:\/\/akunq.net\/tr\/?p=73515"]}]},{"@type":"ImageObject","inLanguage":"en-US","@id":"https:\/\/akunq.net\/tr\/?p=73515#primaryimage","url":"https:\/\/akunq.net\/tr\/wp-content\/uploads\/sites\/6\/2023\/04\/Tegh-koyu-1.jpg","contentUrl":"https:\/\/akunq.net\/tr\/wp-content\/uploads\/sites\/6\/2023\/04\/Tegh-koyu-1.jpg","width":670,"height":450},{"@type":"BreadcrumbList","@id":"https:\/\/akunq.net\/tr\/?p=73515#breadcrumb","itemListElement":[{"@type":"ListItem","position":1,"name":"Home","item":"https:\/\/akunq.net\/tr"},{"@type":"ListItem","position":2,"name":"Azerbaycan-Ermenistan; kim kime sald\u0131r\u0131yor? T\u00fcrk medyas\u0131 neler say\u0131kl\u0131yor?"}]},{"@type":"WebSite","@id":"https:\/\/akunq.net\/tr\/#website","url":"https:\/\/akunq.net\/tr\/","name":"Bati Ermenistan Ve Bati Ermenileri Sorunlari Ara\u015ftirmalar Merkezi","description":"","potentialAction":[{"@type":"SearchAction","target":{"@type":"EntryPoint","urlTemplate":"https:\/\/akunq.net\/tr\/?s={search_term_string}"},"query-input":{"@type":"PropertyValueSpecification","valueRequired":true,"valueName":"search_term_string"}}],"inLanguage":"en-US"},{"@type":"Person","@id":"https:\/\/akunq.net\/tr\/#\/schema\/person\/096f1d38a12cce57fb855b485ed24c9e","name":"admin","url":"https:\/\/akunq.net\/tr\/?author=7"}]}},"_links":{"self":[{"href":"https:\/\/akunq.net\/tr\/index.php?rest_route=\/wp\/v2\/posts\/73515","targetHints":{"allow":["GET"]}}],"collection":[{"href":"https:\/\/akunq.net\/tr\/index.php?rest_route=\/wp\/v2\/posts"}],"about":[{"href":"https:\/\/akunq.net\/tr\/index.php?rest_route=\/wp\/v2\/types\/post"}],"author":[{"embeddable":true,"href":"https:\/\/akunq.net\/tr\/index.php?rest_route=\/wp\/v2\/users\/7"}],"replies":[{"embeddable":true,"href":"https:\/\/akunq.net\/tr\/index.php?rest_route=%2Fwp%2Fv2%2Fcomments&post=73515"}],"version-history":[{"count":1,"href":"https:\/\/akunq.net\/tr\/index.php?rest_route=\/wp\/v2\/posts\/73515\/revisions"}],"predecessor-version":[{"id":73518,"href":"https:\/\/akunq.net\/tr\/index.php?rest_route=\/wp\/v2\/posts\/73515\/revisions\/73518"}],"wp:featuredmedia":[{"embeddable":true,"href":"https:\/\/akunq.net\/tr\/index.php?rest_route=\/wp\/v2\/media\/73517"}],"wp:attachment":[{"href":"https:\/\/akunq.net\/tr\/index.php?rest_route=%2Fwp%2Fv2%2Fmedia&parent=73515"}],"wp:term":[{"taxonomy":"category","embeddable":true,"href":"https:\/\/akunq.net\/tr\/index.php?rest_route=%2Fwp%2Fv2%2Fcategories&post=73515"},{"taxonomy":"post_tag","embeddable":true,"href":"https:\/\/akunq.net\/tr\/index.php?rest_route=%2Fwp%2Fv2%2Ftags&post=73515"}],"curies":[{"name":"wp","href":"https:\/\/api.w.org\/{rel}","templated":true}]}}