{"id":73486,"date":"2023-04-07T08:00:46","date_gmt":"2023-04-07T13:00:46","guid":{"rendered":"https:\/\/akunq.net\/tr\/?p=73486"},"modified":"2023-04-07T08:00:46","modified_gmt":"2023-04-07T13:00:46","slug":"hristiyanligin-en-onemli-isimlerinden-aziz-vlasin-sivasta-izlerine-rastlandi","status":"publish","type":"post","link":"https:\/\/akunq.net\/tr\/?p=73486","title":{"rendered":"Hristiyanl\u0131\u011f\u0131n en \u00f6nemli isimlerinden Aziz Vlas\u2019\u0131n Sivas\u2019ta izlerine rastland\u0131"},"content":{"rendered":"<p><img loading=\"lazy\" decoding=\"async\" class=\"aligncenter size-medium wp-image-73487\" src=\"https:\/\/akunq.net\/tr\/wp-content\/uploads\/2023\/04\/Aziz-Vlasin-Sivasta-izleri-360x180.webp\" alt=\"\" width=\"360\" height=\"180\" srcset=\"https:\/\/akunq.net\/tr\/wp-content\/uploads\/sites\/6\/2023\/04\/Aziz-Vlasin-Sivasta-izleri-360x180.webp 360w, https:\/\/akunq.net\/tr\/wp-content\/uploads\/sites\/6\/2023\/04\/Aziz-Vlasin-Sivasta-izleri-768x384.webp 768w, https:\/\/akunq.net\/tr\/wp-content\/uploads\/sites\/6\/2023\/04\/Aziz-Vlasin-Sivasta-izleri-560x280.webp 560w, https:\/\/akunq.net\/tr\/wp-content\/uploads\/sites\/6\/2023\/04\/Aziz-Vlasin-Sivasta-izleri-260x130.webp 260w, https:\/\/akunq.net\/tr\/wp-content\/uploads\/sites\/6\/2023\/04\/Aziz-Vlasin-Sivasta-izleri-160x80.webp 160w, https:\/\/akunq.net\/tr\/wp-content\/uploads\/sites\/6\/2023\/04\/Aziz-Vlasin-Sivasta-izleri.webp 1280w\" sizes=\"auto, (max-width: 360px) 100vw, 360px\" \/><\/p>\n<p><em><strong>Sivas\u2019ta Hristiyanl\u0131\u011f\u0131n en \u00f6nemli isimlerinden olan Aziz Vlas\u2019\u0131n an\u0131t mezar\u0131n\u0131n bulundu\u011fu alanda \u00e7evre d\u00fczenleme \u00e7al\u0131\u015fmalar\u0131 \u00f6ncesi yap\u0131lan arkeolojik\u2026<\/strong><\/em><ins><\/ins><\/p>\n<p>Sivas\u2019ta Hristiyanl\u0131\u011f\u0131n en \u00f6nemli isimlerinden olan Aziz Vlas\u2019\u0131n an\u0131t mezar\u0131n\u0131n bulundu\u011fu alanda \u00e7evre d\u00fczenleme \u00e7al\u0131\u015fmalar\u0131 \u00f6ncesi yap\u0131lan arkeolojik kaz\u0131larda \u00f6nemli bulgulara ula\u015f\u0131ld\u0131.<\/p>\n<p>Bin 200\u2019e yak\u0131n kiliseye ad\u0131 verilen, dinler tarihinin en \u00f6nemli isimlerinden biri olan Aziz Vlas\u2019\u0131n Sivas\u2019\u0131n G\u00f6kmedrese Mahallesi\u2019nde an\u0131t mezar\u0131n\u0131n bulundu\u011fu alanda ba\u015flat\u0131lan arkeolojik kaz\u0131n\u0131n ilk etab\u0131 tamamland\u0131. Yap\u0131lan kaz\u0131 \u00e7al\u0131\u015fmalar\u0131nda Vlas\u2019\u0131n kaz\u0131 b\u00f6lgesinde defnedildi\u011fini ispatlayacak nitelikte \u00f6nemli bulgulara ula\u015f\u0131ld\u0131. Elde edilen bulgulara g\u00f6re Aziz Vlas\u2019\u0131n Romal\u0131lar taraf\u0131ndan \u015fehit edildikten sonra dibinde g\u00f6m\u00fcld\u00fc\u011f\u00fc rivayet edilen duvara ula\u015f\u0131ld\u0131\u011f\u0131 d\u00fc\u015f\u00fcn\u00fcl\u00fcyor.<\/p>\n<p>B\u00f6lgedeki kaz\u0131 \u00e7al\u0131\u015fmalar\u0131nda yakla\u015f\u0131k 10 bin tarihi eser, tand\u0131rlar, zeminler, su kuyusu ve 22 adet duvar bulundu. Bulunan duvarlar\u0131n aras\u0131nda en dikkat \u00e7ekeni ise 20 metre uzunlu\u011funda ve 3.5 metre geni\u015fli\u011findeki duvar oldu. Sanat tarih\u00e7ileri, bu duvar\u0131n Aziz Vlas\u2019\u0131n g\u00f6m\u00fcld\u00fc\u011f\u00fc yerle ilgili rivayetlerde ge\u00e7en duvar oldu\u011funu d\u00fc\u015f\u00fcn\u00fcyor. Rivayete g\u00f6re M.S. 3. y\u00fczy\u0131lda ya\u015fayan Aziz Vlas, Romal\u0131lar taraf\u0131ndan \u015fehit edildikten sonra bir kad\u0131n taraf\u0131ndan Sivas surlar\u0131n\u0131n dibine g\u00f6m\u00fcld\u00fc.<\/p>\n<p>\u201cHz. \u0130sa\u2019dan sora en \u00f6nemli ki\u015filerden bir tanesi\u201d<\/p>\n<p>Kaz\u0131 alan\u0131nda g\u00f6revli Uzman Sanat Tarih\u00e7isi H\u00fcseyin \u00c7il, Aziz Vlas\u2019\u0131n Hristiyanlar ve dinler tarihi a\u00e7\u0131s\u0131ndan \u00f6nemine de\u011finerek, \u201cAziz Vlas M.S. 280\u2019li y\u0131llarda do\u011fmu\u015f bir ki\u015fidir. Kendisinin felsefe ile u\u011fra\u015ft\u0131\u011f\u0131n\u0131 ve daha sonras\u0131nda t\u0131pla ilgilenip hekimlik yapt\u0131\u011f\u0131n\u0131 biliyoruz. Hristiyanl\u0131\u011f\u0131n yay\u0131lmas\u0131yla birlikte Hristiyan hastalar\u0131 tedavi etti\u011fi s\u00fcre zarf\u0131nda Hristiyanlardan etkileniyor ve Hristiyan oluyor. D\u00f6nemin Kapadokya valisi yakalat\u0131p Sivas\u2019a getirtiyor. Aziz Vilas burada i\u015fkence g\u00f6r\u00fcyor, demir y\u00fcn taraklar\u0131yla derisi y\u00fcz\u00fcl\u00fcyor. Hristiyanl\u0131\u011f\u0131 reddetmedi\u011fi i\u00e7in ba\u015f\u0131 kesilerek \u015fehit ediliyor. Hristiyan alemi i\u00e7in \u00e7ok \u00f6nemli, Hz. \u0130sa\u2019dan sonra en \u00f6nemli ki\u015filerden bir tanesi. Aziz Vlas ad\u0131na Avrupa\u2019da binlerce kilise mevcut. Ayn\u0131 zamanda H\u0131rvatistan\u2019\u0131n Dubrovnik kentinin koruyucu azizidir\u201d dedi.<\/p>\n<p>\u201cAlanda yakla\u015f\u0131k 10 bine yak\u0131n eser tespit ettik\u201d<\/p>\n<p>H\u00fcseyin \u00c7il, yap\u0131lan kaz\u0131 \u00e7al\u0131\u015fmalar\u0131nda 10 bine yak\u0131n eser tespit ettiklerinden bahsederek, tespit edilen buluntu grubunun \u00e7o\u011funlu\u011funu seramik par\u00e7alar\u0131n\u0131n olu\u015fturdu\u011funu s\u00f6yledi. \u201cBu proje Sivas Belediyesi taraf\u0131ndan mezar an\u0131t\u0131n\u0131 ve \u00e7evresini d\u00fczenlemek amac\u0131yla ba\u015flad\u0131. Projenin ba\u015flamas\u0131yla birlikte M\u00fcze M\u00fcd\u00fcrl\u00fc\u011f\u00fc ve Koruma Kurulu arac\u0131l\u0131\u011f\u0131yla da burada sondaj \u00e7al\u0131\u015fmalar\u0131 ba\u015flat\u0131lmak istendi. Kaz\u0131, 2021 y\u0131l\u0131n\u0131n Eyl\u00fcl ay\u0131nda ba\u015flad\u0131. O g\u00fcnden bu g\u00fcne kadar alanda \u00fc\u00e7 farkl\u0131 sondaj yapt\u0131k. Sondajlardan veriler gelince kaz\u0131 alan\u0131n\u0131 geni\u015flettik ve alan\u0131n tamam\u0131n\u0131 kazmaya y\u00f6nelik \u00e7al\u0131\u015fma y\u00fcr\u00fctt\u00fck. Yap\u0131lan kaz\u0131 \u00e7al\u0131\u015fmalar\u0131 neticesinde alanda yakla\u015f\u0131k 10 bine yak\u0131n eser tespit ettik. Bu eserlerin b\u00fcy\u00fck bir \u00e7o\u011funlu\u011funu seramik par\u00e7alar\u0131 olu\u015fturuyor. Alanda en ilgin\u00e7 buluntulardan bir tanesi Sel\u00e7uklu aynas\u0131 dedi\u011fimiz bronz ayna par\u00e7as\u0131 bulduk. Ayna k\u0131r\u0131k bir haldeydi, k\u00fc\u00e7\u00fck bir par\u00e7as\u0131n\u0131 bulduk. \u00d6te yandan bitkisel ve fig\u00fcrl\u00fc bezeme al\u00e7\u0131 gruplar\u0131 tespit ettik\u201d diye konu\u015ftu.<\/p>\n<p>\u201cSivas surlar\u0131n\u0131n dibine g\u00f6md\u00fc\u011f\u00fc s\u00f6ylenir\u201d<\/p>\n<p>\u00c7il, rivayetlerde konu edilen \u00f6l\u00e7\u00fclerde bir duvar bulduklar\u0131n\u0131 s\u00f6yleyerek, \u201cBurada arkeolojik verilerin \u00e7o\u011funlu\u011funu duvarlar olu\u015fturuyor. Burada toplam 22 adet duvar tespit ettik. Bu duvarlar birbirinden farkl\u0131 ve ba\u011f\u0131ms\u0131z, farkl\u0131 evre ve d\u00f6nemlerde in\u015fa edilmi\u015f duvarlar. Bunlar\u0131n hi\u00e7birinin birbiri ile ba\u011f\u0131 yok, herhangi bir mekan ve form vermemekte. Bir numara olarak nitelendirdi\u011fimiz duvar 20 metre uzunlu\u011funda ve 3.5 metre kal\u0131nl\u0131\u011f\u0131nda. Bu \u00f6l\u00e7ekte bakt\u0131\u011f\u0131m\u0131z zaman bu kal\u0131nl\u0131kta bir duvar \u00e7ok b\u00fcy\u00fck. Bu kal\u0131nl\u0131kta bir duvar ancak savunma yap\u0131lar\u0131nda in\u015fa edilebilece\u011fi i\u00e7in sur olabilece\u011fini d\u00fc\u015f\u00fcnmekteyiz. Tabii Aziz Vlas\u2019\u0131n da \u00f6ld\u00fckten sonra g\u00f6m\u00fclme hikayesi vard\u0131. Bu hikayede \u201cBir kad\u0131n\u0131n Aziz Vlas\u2019\u0131n cenazesini al\u0131p Sivas surlar\u0131n\u0131n dibine g\u00f6md\u00fc\u011f\u00fc\u201d s\u00f6ylenir, kay\u0131tlar bu \u015fekildedir. Biz de bu duvarlar\u0131 sur olarak de\u011ferlendirdi\u011fimizde Aziz Vlas\u2019\u0131n g\u00f6m\u00fclme hikayesiyle de uyu\u015ftu\u011funu tespit ettik, biz bu \u015fekilde de\u011ferlendiriyoruz. Bu duvar\u0131n da Roma surunun bir par\u00e7as\u0131 olma ihtimali kuvvetle muhtemel. Roma suruna ait bizim elimizde ciddi bir veri yok ancak 527 ile 562 y\u0131llar\u0131nda Roma \u0130mparatoru Justinyen surlar\u0131 onart\u0131yor. Bizans-Roma kent yerle\u015fkesinin nerede oldu\u011funa dair herhangi bir bilgimiz yok. Ancak biz bu duvar neticesinde yerle\u015fimin bu tarafta oldu\u011funu d\u00fc\u015f\u00fcnebiliriz\u201d ifadelerini kulland\u0131.<\/p>\n<figure class=\"wp-block-image\"><img decoding=\"async\" src=\"https:\/\/i0.wp.com\/cdn.memleket.com.tr\/other\/2023\/04\/07\/sivasta-bin-200e-yakin-kiliseye-adi-verilen-aziz-vlasin-mezarinin.jpg?ssl=1\" alt=\"Hristiyanl\u0131\u011f\u0131n en \u00f6nemli isimlerinden Aziz Vlas\u2019\u0131n Sivas\u2019ta izlerine rastland\u0131\" data-recalc-dims=\"1\" \/><\/figure>\n<figure class=\"wp-block-image\"><img decoding=\"async\" src=\"https:\/\/i0.wp.com\/cdn.memleket.com.tr\/other\/2023\/04\/07\/sivasta-bin-200e-yakin-kiliseye-adi-verilen-aziz-vlasin-mezarinin-001.jpg?ssl=1\" alt=\"Hristiyanl\u0131\u011f\u0131n en \u00f6nemli isimlerinden Aziz Vlas\u2019\u0131n Sivas\u2019ta izlerine rastland\u0131\" data-recalc-dims=\"1\" \/><\/figure>\n<figure class=\"wp-block-image\"><img decoding=\"async\" src=\"https:\/\/i0.wp.com\/cdn.memleket.com.tr\/other\/2023\/04\/07\/sivasta-bin-200e-yakin-kiliseye-adi-verilen-aziz-vlasin-mezarinin-002.jpg?ssl=1\" alt=\"Hristiyanl\u0131\u011f\u0131n en \u00f6nemli isimlerinden Aziz Vlas\u2019\u0131n Sivas\u2019ta izlerine rastland\u0131\" data-recalc-dims=\"1\" \/><\/figure>\n<figure class=\"wp-block-image\"><img decoding=\"async\" src=\"https:\/\/i0.wp.com\/cdn.memleket.com.tr\/other\/2023\/04\/07\/sivasta-bin-200e-yakin-kiliseye-adi-verilen-aziz-vlasin-mezarinin-003.jpg?ssl=1\" alt=\"Hristiyanl\u0131\u011f\u0131n en \u00f6nemli isimlerinden Aziz Vlas\u2019\u0131n Sivas\u2019ta izlerine rastland\u0131\" data-recalc-dims=\"1\" \/><\/figure>\n<figure class=\"wp-block-image\"><img decoding=\"async\" src=\"https:\/\/i0.wp.com\/cdn.memleket.com.tr\/other\/2023\/04\/07\/sivasta-bin-200e-yakin-kiliseye-adi-verilen-aziz-vlasin-mezarinin-004.jpg?ssl=1\" alt=\"Hristiyanl\u0131\u011f\u0131n en \u00f6nemli isimlerinden Aziz Vlas\u2019\u0131n Sivas\u2019ta izlerine rastland\u0131\" data-recalc-dims=\"1\" \/><\/figure>\n<figure class=\"wp-block-image\"><img decoding=\"async\" src=\"https:\/\/i0.wp.com\/cdn.memleket.com.tr\/other\/2023\/04\/07\/sivasta-bin-200e-yakin-kiliseye-adi-verilen-aziz-vlasin-mezarinin-005.jpg?ssl=1\" alt=\"Hristiyanl\u0131\u011f\u0131n en \u00f6nemli isimlerinden Aziz Vlas\u2019\u0131n Sivas\u2019ta izlerine rastland\u0131\" data-recalc-dims=\"1\" \/><\/figure>\n<p><em><strong><a href=\"https:\/\/www.memleket.com.tr\/hristiyanligin-en-onemli-isimlerinden-aziz-vlasin-sivasta-izlerine-rastlandi-2205831h.htm\">https:\/\/www.memleket.com.tr\/hristiyanligin-en-onemli-isimlerinden-aziz-vlasin-sivasta-izlerine-rastlandi-2205831h.htm<\/a>\u00a0<\/strong><\/em><\/p>\n","protected":false},"excerpt":{"rendered":"<p>Sivas\u2019ta Hristiyanl\u0131\u011f\u0131n en \u00f6nemli isimlerinden olan Aziz Vlas\u2019\u0131n an\u0131t mezar\u0131n\u0131n bulundu\u011fu alanda \u00e7evre d\u00fczenleme \u00e7al\u0131\u015fmalar\u0131 \u00f6ncesi yap\u0131lan arkeolojik\u2026 Sivas\u2019ta Hristiyanl\u0131\u011f\u0131n en \u00f6nemli isimlerinden olan Aziz Vlas\u2019\u0131n an\u0131t mezar\u0131n\u0131n bulundu\u011fu alanda \u00e7evre d\u00fczenleme \u00e7al\u0131\u015fmalar\u0131 \u00f6ncesi yap\u0131lan arkeolojik kaz\u0131larda \u00f6nemli bulgulara ula\u015f\u0131ld\u0131. Bin 200\u2019e yak\u0131n kiliseye ad\u0131 verilen, dinler tarihinin en \u00f6nemli isimlerinden biri olan Aziz Vlas\u2019\u0131n [&hellip;]<\/p>\n","protected":false},"author":7,"featured_media":73488,"comment_status":"open","ping_status":"open","sticky":false,"template":"","format":"standard","meta":{"footnotes":""},"categories":[22,1],"tags":[],"class_list":["post-73486","post","type-post","status-publish","format-standard","has-post-thumbnail","hentry","category-gunumuzde-bati-ermenistan","category-haberler"],"yoast_head":"<!-- This site is optimized with the Yoast SEO plugin v27.4 - https:\/\/yoast.com\/product\/yoast-seo-wordpress\/ -->\n<title>Hristiyanl\u0131\u011f\u0131n en \u00f6nemli isimlerinden Aziz Vlas\u2019\u0131n Sivas\u2019ta izlerine rastland\u0131 - Bati Ermenistan Ve Bati Ermenileri Sorunlari Ara\u015ftirmalar Merkezi<\/title>\n<meta name=\"robots\" content=\"index, follow, max-snippet:-1, max-image-preview:large, max-video-preview:-1\" \/>\n<link rel=\"canonical\" href=\"https:\/\/akunq.net\/tr\/?p=73486\" \/>\n<meta property=\"og:locale\" content=\"en_US\" \/>\n<meta property=\"og:type\" content=\"article\" \/>\n<meta property=\"og:title\" content=\"Hristiyanl\u0131\u011f\u0131n en \u00f6nemli isimlerinden Aziz Vlas\u2019\u0131n Sivas\u2019ta izlerine rastland\u0131 - Bati Ermenistan Ve Bati Ermenileri Sorunlari Ara\u015ftirmalar Merkezi\" \/>\n<meta property=\"og:description\" content=\"Sivas\u2019ta Hristiyanl\u0131\u011f\u0131n en \u00f6nemli isimlerinden olan Aziz Vlas\u2019\u0131n an\u0131t mezar\u0131n\u0131n bulundu\u011fu alanda \u00e7evre d\u00fczenleme \u00e7al\u0131\u015fmalar\u0131 \u00f6ncesi yap\u0131lan arkeolojik\u2026 Sivas\u2019ta Hristiyanl\u0131\u011f\u0131n en \u00f6nemli isimlerinden olan Aziz Vlas\u2019\u0131n an\u0131t mezar\u0131n\u0131n bulundu\u011fu alanda \u00e7evre d\u00fczenleme \u00e7al\u0131\u015fmalar\u0131 \u00f6ncesi yap\u0131lan arkeolojik kaz\u0131larda \u00f6nemli bulgulara ula\u015f\u0131ld\u0131. Bin 200\u2019e yak\u0131n kiliseye ad\u0131 verilen, dinler tarihinin en \u00f6nemli isimlerinden biri olan Aziz Vlas\u2019\u0131n [&hellip;]\" \/>\n<meta property=\"og:url\" content=\"https:\/\/akunq.net\/tr\/?p=73486\" \/>\n<meta property=\"og:site_name\" content=\"Bati Ermenistan Ve Bati Ermenileri Sorunlari Ara\u015ftirmalar Merkezi\" \/>\n<meta property=\"article:published_time\" content=\"2023-04-07T13:00:46+00:00\" \/>\n<meta property=\"og:image\" content=\"https:\/\/akunq.net\/tr\/wp-content\/uploads\/sites\/6\/2023\/04\/Aziz-Vlasin-Sivasta-izleri-1.webp\" \/>\n\t<meta property=\"og:image:width\" content=\"1280\" \/>\n\t<meta property=\"og:image:height\" content=\"640\" \/>\n\t<meta property=\"og:image:type\" content=\"image\/webp\" \/>\n<meta name=\"author\" content=\"admin\" \/>\n<meta name=\"twitter:card\" content=\"summary_large_image\" \/>\n<meta name=\"twitter:label1\" content=\"Written by\" \/>\n\t<meta name=\"twitter:data1\" content=\"admin\" \/>\n\t<meta name=\"twitter:label2\" content=\"Est. reading time\" \/>\n\t<meta name=\"twitter:data2\" content=\"4 minutes\" \/>\n<script type=\"application\/ld+json\" class=\"yoast-schema-graph\">{\"@context\":\"https:\\\/\\\/schema.org\",\"@graph\":[{\"@type\":\"Article\",\"@id\":\"https:\\\/\\\/akunq.net\\\/tr\\\/?p=73486#article\",\"isPartOf\":{\"@id\":\"https:\\\/\\\/akunq.net\\\/tr\\\/?p=73486\"},\"author\":{\"name\":\"admin\",\"@id\":\"https:\\\/\\\/akunq.net\\\/tr\\\/#\\\/schema\\\/person\\\/096f1d38a12cce57fb855b485ed24c9e\"},\"headline\":\"Hristiyanl\u0131\u011f\u0131n en \u00f6nemli isimlerinden Aziz Vlas\u2019\u0131n Sivas\u2019ta izlerine rastland\u0131\",\"datePublished\":\"2023-04-07T13:00:46+00:00\",\"mainEntityOfPage\":{\"@id\":\"https:\\\/\\\/akunq.net\\\/tr\\\/?p=73486\"},\"wordCount\":867,\"commentCount\":0,\"image\":{\"@id\":\"https:\\\/\\\/akunq.net\\\/tr\\\/?p=73486#primaryimage\"},\"thumbnailUrl\":\"https:\\\/\\\/akunq.net\\\/tr\\\/wp-content\\\/uploads\\\/sites\\\/6\\\/2023\\\/04\\\/Aziz-Vlasin-Sivasta-izleri-1.webp\",\"articleSection\":[\"G\u00fcn\u00fcm\u00fczde Bat\u0131 Ermenistan\",\"Haberler\"],\"inLanguage\":\"en-US\",\"potentialAction\":[{\"@type\":\"CommentAction\",\"name\":\"Comment\",\"target\":[\"https:\\\/\\\/akunq.net\\\/tr\\\/?p=73486#respond\"]}]},{\"@type\":\"WebPage\",\"@id\":\"https:\\\/\\\/akunq.net\\\/tr\\\/?p=73486\",\"url\":\"https:\\\/\\\/akunq.net\\\/tr\\\/?p=73486\",\"name\":\"Hristiyanl\u0131\u011f\u0131n en \u00f6nemli isimlerinden Aziz Vlas\u2019\u0131n Sivas\u2019ta izlerine rastland\u0131 - Bati Ermenistan Ve Bati Ermenileri Sorunlari Ara\u015ftirmalar Merkezi\",\"isPartOf\":{\"@id\":\"https:\\\/\\\/akunq.net\\\/tr\\\/#website\"},\"primaryImageOfPage\":{\"@id\":\"https:\\\/\\\/akunq.net\\\/tr\\\/?p=73486#primaryimage\"},\"image\":{\"@id\":\"https:\\\/\\\/akunq.net\\\/tr\\\/?p=73486#primaryimage\"},\"thumbnailUrl\":\"https:\\\/\\\/akunq.net\\\/tr\\\/wp-content\\\/uploads\\\/sites\\\/6\\\/2023\\\/04\\\/Aziz-Vlasin-Sivasta-izleri-1.webp\",\"datePublished\":\"2023-04-07T13:00:46+00:00\",\"author\":{\"@id\":\"https:\\\/\\\/akunq.net\\\/tr\\\/#\\\/schema\\\/person\\\/096f1d38a12cce57fb855b485ed24c9e\"},\"breadcrumb\":{\"@id\":\"https:\\\/\\\/akunq.net\\\/tr\\\/?p=73486#breadcrumb\"},\"inLanguage\":\"en-US\",\"potentialAction\":[{\"@type\":\"ReadAction\",\"target\":[\"https:\\\/\\\/akunq.net\\\/tr\\\/?p=73486\"]}]},{\"@type\":\"ImageObject\",\"inLanguage\":\"en-US\",\"@id\":\"https:\\\/\\\/akunq.net\\\/tr\\\/?p=73486#primaryimage\",\"url\":\"https:\\\/\\\/akunq.net\\\/tr\\\/wp-content\\\/uploads\\\/sites\\\/6\\\/2023\\\/04\\\/Aziz-Vlasin-Sivasta-izleri-1.webp\",\"contentUrl\":\"https:\\\/\\\/akunq.net\\\/tr\\\/wp-content\\\/uploads\\\/sites\\\/6\\\/2023\\\/04\\\/Aziz-Vlasin-Sivasta-izleri-1.webp\",\"width\":1280,\"height\":640},{\"@type\":\"BreadcrumbList\",\"@id\":\"https:\\\/\\\/akunq.net\\\/tr\\\/?p=73486#breadcrumb\",\"itemListElement\":[{\"@type\":\"ListItem\",\"position\":1,\"name\":\"Home\",\"item\":\"https:\\\/\\\/akunq.net\\\/tr\"},{\"@type\":\"ListItem\",\"position\":2,\"name\":\"Hristiyanl\u0131\u011f\u0131n en \u00f6nemli isimlerinden Aziz Vlas\u2019\u0131n Sivas\u2019ta izlerine rastland\u0131\"}]},{\"@type\":\"WebSite\",\"@id\":\"https:\\\/\\\/akunq.net\\\/tr\\\/#website\",\"url\":\"https:\\\/\\\/akunq.net\\\/tr\\\/\",\"name\":\"Bati Ermenistan Ve Bati Ermenileri Sorunlari Ara\u015ftirmalar Merkezi\",\"description\":\"\",\"potentialAction\":[{\"@type\":\"SearchAction\",\"target\":{\"@type\":\"EntryPoint\",\"urlTemplate\":\"https:\\\/\\\/akunq.net\\\/tr\\\/?s={search_term_string}\"},\"query-input\":{\"@type\":\"PropertyValueSpecification\",\"valueRequired\":true,\"valueName\":\"search_term_string\"}}],\"inLanguage\":\"en-US\"},{\"@type\":\"Person\",\"@id\":\"https:\\\/\\\/akunq.net\\\/tr\\\/#\\\/schema\\\/person\\\/096f1d38a12cce57fb855b485ed24c9e\",\"name\":\"admin\",\"url\":\"https:\\\/\\\/akunq.net\\\/tr\\\/?author=7\"}]}<\/script>\n<!-- \/ Yoast SEO plugin. -->","yoast_head_json":{"title":"Hristiyanl\u0131\u011f\u0131n en \u00f6nemli isimlerinden Aziz Vlas\u2019\u0131n Sivas\u2019ta izlerine rastland\u0131 - Bati Ermenistan Ve Bati Ermenileri Sorunlari Ara\u015ftirmalar Merkezi","robots":{"index":"index","follow":"follow","max-snippet":"max-snippet:-1","max-image-preview":"max-image-preview:large","max-video-preview":"max-video-preview:-1"},"canonical":"https:\/\/akunq.net\/tr\/?p=73486","og_locale":"en_US","og_type":"article","og_title":"Hristiyanl\u0131\u011f\u0131n en \u00f6nemli isimlerinden Aziz Vlas\u2019\u0131n Sivas\u2019ta izlerine rastland\u0131 - Bati Ermenistan Ve Bati Ermenileri Sorunlari Ara\u015ftirmalar Merkezi","og_description":"Sivas\u2019ta Hristiyanl\u0131\u011f\u0131n en \u00f6nemli isimlerinden olan Aziz Vlas\u2019\u0131n an\u0131t mezar\u0131n\u0131n bulundu\u011fu alanda \u00e7evre d\u00fczenleme \u00e7al\u0131\u015fmalar\u0131 \u00f6ncesi yap\u0131lan arkeolojik\u2026 Sivas\u2019ta Hristiyanl\u0131\u011f\u0131n en \u00f6nemli isimlerinden olan Aziz Vlas\u2019\u0131n an\u0131t mezar\u0131n\u0131n bulundu\u011fu alanda \u00e7evre d\u00fczenleme \u00e7al\u0131\u015fmalar\u0131 \u00f6ncesi yap\u0131lan arkeolojik kaz\u0131larda \u00f6nemli bulgulara ula\u015f\u0131ld\u0131. Bin 200\u2019e yak\u0131n kiliseye ad\u0131 verilen, dinler tarihinin en \u00f6nemli isimlerinden biri olan Aziz Vlas\u2019\u0131n [&hellip;]","og_url":"https:\/\/akunq.net\/tr\/?p=73486","og_site_name":"Bati Ermenistan Ve Bati Ermenileri Sorunlari Ara\u015ftirmalar Merkezi","article_published_time":"2023-04-07T13:00:46+00:00","og_image":[{"width":1280,"height":640,"url":"https:\/\/akunq.net\/tr\/wp-content\/uploads\/sites\/6\/2023\/04\/Aziz-Vlasin-Sivasta-izleri-1.webp","type":"image\/webp"}],"author":"admin","twitter_card":"summary_large_image","twitter_misc":{"Written by":"admin","Est. reading time":"4 minutes"},"schema":{"@context":"https:\/\/schema.org","@graph":[{"@type":"Article","@id":"https:\/\/akunq.net\/tr\/?p=73486#article","isPartOf":{"@id":"https:\/\/akunq.net\/tr\/?p=73486"},"author":{"name":"admin","@id":"https:\/\/akunq.net\/tr\/#\/schema\/person\/096f1d38a12cce57fb855b485ed24c9e"},"headline":"Hristiyanl\u0131\u011f\u0131n en \u00f6nemli isimlerinden Aziz Vlas\u2019\u0131n Sivas\u2019ta izlerine rastland\u0131","datePublished":"2023-04-07T13:00:46+00:00","mainEntityOfPage":{"@id":"https:\/\/akunq.net\/tr\/?p=73486"},"wordCount":867,"commentCount":0,"image":{"@id":"https:\/\/akunq.net\/tr\/?p=73486#primaryimage"},"thumbnailUrl":"https:\/\/akunq.net\/tr\/wp-content\/uploads\/sites\/6\/2023\/04\/Aziz-Vlasin-Sivasta-izleri-1.webp","articleSection":["G\u00fcn\u00fcm\u00fczde Bat\u0131 Ermenistan","Haberler"],"inLanguage":"en-US","potentialAction":[{"@type":"CommentAction","name":"Comment","target":["https:\/\/akunq.net\/tr\/?p=73486#respond"]}]},{"@type":"WebPage","@id":"https:\/\/akunq.net\/tr\/?p=73486","url":"https:\/\/akunq.net\/tr\/?p=73486","name":"Hristiyanl\u0131\u011f\u0131n en \u00f6nemli isimlerinden Aziz Vlas\u2019\u0131n Sivas\u2019ta izlerine rastland\u0131 - Bati Ermenistan Ve Bati Ermenileri Sorunlari Ara\u015ftirmalar Merkezi","isPartOf":{"@id":"https:\/\/akunq.net\/tr\/#website"},"primaryImageOfPage":{"@id":"https:\/\/akunq.net\/tr\/?p=73486#primaryimage"},"image":{"@id":"https:\/\/akunq.net\/tr\/?p=73486#primaryimage"},"thumbnailUrl":"https:\/\/akunq.net\/tr\/wp-content\/uploads\/sites\/6\/2023\/04\/Aziz-Vlasin-Sivasta-izleri-1.webp","datePublished":"2023-04-07T13:00:46+00:00","author":{"@id":"https:\/\/akunq.net\/tr\/#\/schema\/person\/096f1d38a12cce57fb855b485ed24c9e"},"breadcrumb":{"@id":"https:\/\/akunq.net\/tr\/?p=73486#breadcrumb"},"inLanguage":"en-US","potentialAction":[{"@type":"ReadAction","target":["https:\/\/akunq.net\/tr\/?p=73486"]}]},{"@type":"ImageObject","inLanguage":"en-US","@id":"https:\/\/akunq.net\/tr\/?p=73486#primaryimage","url":"https:\/\/akunq.net\/tr\/wp-content\/uploads\/sites\/6\/2023\/04\/Aziz-Vlasin-Sivasta-izleri-1.webp","contentUrl":"https:\/\/akunq.net\/tr\/wp-content\/uploads\/sites\/6\/2023\/04\/Aziz-Vlasin-Sivasta-izleri-1.webp","width":1280,"height":640},{"@type":"BreadcrumbList","@id":"https:\/\/akunq.net\/tr\/?p=73486#breadcrumb","itemListElement":[{"@type":"ListItem","position":1,"name":"Home","item":"https:\/\/akunq.net\/tr"},{"@type":"ListItem","position":2,"name":"Hristiyanl\u0131\u011f\u0131n en \u00f6nemli isimlerinden Aziz Vlas\u2019\u0131n Sivas\u2019ta izlerine rastland\u0131"}]},{"@type":"WebSite","@id":"https:\/\/akunq.net\/tr\/#website","url":"https:\/\/akunq.net\/tr\/","name":"Bati Ermenistan Ve Bati Ermenileri Sorunlari Ara\u015ftirmalar Merkezi","description":"","potentialAction":[{"@type":"SearchAction","target":{"@type":"EntryPoint","urlTemplate":"https:\/\/akunq.net\/tr\/?s={search_term_string}"},"query-input":{"@type":"PropertyValueSpecification","valueRequired":true,"valueName":"search_term_string"}}],"inLanguage":"en-US"},{"@type":"Person","@id":"https:\/\/akunq.net\/tr\/#\/schema\/person\/096f1d38a12cce57fb855b485ed24c9e","name":"admin","url":"https:\/\/akunq.net\/tr\/?author=7"}]}},"_links":{"self":[{"href":"https:\/\/akunq.net\/tr\/index.php?rest_route=\/wp\/v2\/posts\/73486","targetHints":{"allow":["GET"]}}],"collection":[{"href":"https:\/\/akunq.net\/tr\/index.php?rest_route=\/wp\/v2\/posts"}],"about":[{"href":"https:\/\/akunq.net\/tr\/index.php?rest_route=\/wp\/v2\/types\/post"}],"author":[{"embeddable":true,"href":"https:\/\/akunq.net\/tr\/index.php?rest_route=\/wp\/v2\/users\/7"}],"replies":[{"embeddable":true,"href":"https:\/\/akunq.net\/tr\/index.php?rest_route=%2Fwp%2Fv2%2Fcomments&post=73486"}],"version-history":[{"count":1,"href":"https:\/\/akunq.net\/tr\/index.php?rest_route=\/wp\/v2\/posts\/73486\/revisions"}],"predecessor-version":[{"id":73489,"href":"https:\/\/akunq.net\/tr\/index.php?rest_route=\/wp\/v2\/posts\/73486\/revisions\/73489"}],"wp:featuredmedia":[{"embeddable":true,"href":"https:\/\/akunq.net\/tr\/index.php?rest_route=\/wp\/v2\/media\/73488"}],"wp:attachment":[{"href":"https:\/\/akunq.net\/tr\/index.php?rest_route=%2Fwp%2Fv2%2Fmedia&parent=73486"}],"wp:term":[{"taxonomy":"category","embeddable":true,"href":"https:\/\/akunq.net\/tr\/index.php?rest_route=%2Fwp%2Fv2%2Fcategories&post=73486"},{"taxonomy":"post_tag","embeddable":true,"href":"https:\/\/akunq.net\/tr\/index.php?rest_route=%2Fwp%2Fv2%2Ftags&post=73486"}],"curies":[{"name":"wp","href":"https:\/\/api.w.org\/{rel}","templated":true}]}}