{"id":73349,"date":"2023-03-30T02:13:39","date_gmt":"2023-03-30T07:13:39","guid":{"rendered":"https:\/\/akunq.net\/tr\/?p=73349"},"modified":"2023-03-30T02:13:39","modified_gmt":"2023-03-30T07:13:39","slug":"tokatli-olmanin-muhtesem-bir-sey-olmasi","status":"publish","type":"post","link":"https:\/\/akunq.net\/tr\/?p=73349","title":{"rendered":"Tokatl\u0131 olman\u0131n muhte\u015fem bir \u015fey olmas\u0131"},"content":{"rendered":"<p><img loading=\"lazy\" decoding=\"async\" class=\"aligncenter size-medium wp-image-73350\" src=\"https:\/\/akunq.net\/tr\/wp-content\/uploads\/2023\/03\/Tokat-2-360x189.webp\" alt=\"\" width=\"360\" height=\"189\" srcset=\"https:\/\/akunq.net\/tr\/wp-content\/uploads\/sites\/6\/2023\/03\/Tokat-2-360x189.webp 360w, https:\/\/akunq.net\/tr\/wp-content\/uploads\/sites\/6\/2023\/03\/Tokat-2-560x293.webp 560w, https:\/\/akunq.net\/tr\/wp-content\/uploads\/sites\/6\/2023\/03\/Tokat-2-260x136.webp 260w, https:\/\/akunq.net\/tr\/wp-content\/uploads\/sites\/6\/2023\/03\/Tokat-2-160x84.webp 160w, https:\/\/akunq.net\/tr\/wp-content\/uploads\/sites\/6\/2023\/03\/Tokat-2.webp 750w\" sizes=\"auto, (max-width: 360px) 100vw, 360px\" \/><\/p>\n<p><em><strong>Cesar\u2019\u0131n me\u015fhur \u201cVeni, Vidi, Vici\u201d s\u00f6z\u00fcn\u00fc s\u00f6yledi\u011fi, kalesinde Drakula\u2019y\u0131 hapis eden, d\u00fcnyan\u0131n en eski helalar\u0131ndan birinin, S\u0131k Di\u015fini Helas\u0131\u2019n\u0131n bulundu\u011fu, Burhan Alt\u0131ntop\u2019un memleketi Tokat\u2026 Burada ya\u015fayanlar Ye\u015fil\u0131rmak\u2019a deniz g\u00f6z\u00fcyle bak\u0131yor, kendileri i\u00e7in \u201cTokatl\u0131y\u0131z, pek tatl\u0131y\u0131z\u201d diyor ve herkese Tokatl\u0131 olman\u0131n muhte\u015fem bir \u015fey oldu\u011funu anlatmaya \u00e7al\u0131\u015f\u0131yor. Peki, nedir bu Tokat\u2019\u0131n ve Tokatl\u0131lar\u0131n olay\u0131?<\/strong><\/em><\/p>\n<p><strong><a href=\"https:\/\/www.gazeteduvar.com.tr\/yazar\/serpil-kurtay\">Serpil Kurtay<\/a><\/strong><\/p>\n<p>D\u00f6neminin \u00fcnl\u00fc \u015fair ve m\u00fczisyenidir Necati Ba\u015fara\u2026 Ama \u00fcnl\u00fc dediysek de akl\u0131n\u0131za zengin bir adam gelmesin. \u0130\u015fte yine bir g\u00fcn paras\u0131z kalm\u0131\u015ft\u0131r. \u00c7areyi memleketi Tokat\u2019taki abisine telgraf \u00e7ekerek para istemekte bulur. Postaneye gider. Telgraf \u00e7ekmek istedi\u011fini s\u00f6yleyerek, kelimesinin ka\u00e7 kuru\u015f oldu\u011funu sorar. \u201cBe\u015f kuru\u015f\u201d dediklerinde bir bakar cebinde sadece yirmi kuru\u015fu vard\u0131r. Yani en fazla d\u00f6rt kelimelik telgraf \u00e7ekebilecektir. Ad, soyad, adres, abisinden iste\u011fi, hangi birini yazacak d\u00f6rt kelimeyle? Ama bir \u00e7aresini bulur Necati Ba\u015fara. \u201cTokat, Hayati. Para, Necati\u201d yaz\u0131p verir memura. Memur al\u0131p bakar ve \u201cBu nas\u0131l telgraf beyefendi? Kim ne anlayacak bundan?\u201d diye sorar. Ba\u015fara, \u201cSiz Tokat\u2019a g\u00f6nderin. Orada anlarlar memur bey\u201d der, yirmi kuru\u015fu verir. Ger\u00e7ekten de Tokat Postanesi\u2019ndeki memurlar anlar bu telgraf\u0131. Ne de olsa Tokat k\u00fc\u00e7\u00fck bir \u015fehir ve Necati Ba\u015fara\u2019y\u0131 da abisini de tan\u0131yor memurlar. Abisi de anlar karde\u015finin paras\u0131z kald\u0131\u011f\u0131n\u0131 ve \u0130stanbul\u2019a para g\u00f6nderir hemen.<\/p>\n<p>T\u00fcrk halk m\u00fczi\u011fi sanat\u00e7\u0131s\u0131 Necla Akben\u2019in,\u00a0<em>T\u00fcrkiye<\/em>\u00a0gazetesinden \u00dcnal Bolat\u2019a anlatt\u0131\u011f\u0131 bu an\u0131y\u0131, k\u00fc\u00e7\u00fck bir \u015fehrin en temel \u00f6zelli\u011fini, yani herkesin birbirini tan\u0131ma \u00f6zelli\u011fini ve sanki biraz da Tokat\u2019\u0131 \u00f6zetliyor asl\u0131nda. Belki ne demek istedi\u011fimi yaz\u0131y\u0131 okumaya devam ettik\u00e7e daha iyi anlayacaks\u0131n\u0131z.<\/p>\n<h2>\u2018VENI, VIDI, VICI\u2019 BURADA S\u00d6YLEND\u0130<\/h2>\n<p>Ye\u015fil\u0131rmak havzas\u0131n\u0131n bereketli topraklar\u0131 \u00fczerine kurulan Tokat, tarihi boyunca hep \u00f6nemli ticaret merkezlerinden biri olmu\u015f. H\u00e2l b\u00f6yle olunca da Anadolu\u2019da ayn\u0131 g\u00fcnde kentlerin el de\u011fi\u015ftirdi\u011fi, sabah cami olan yerin ak\u015fam kilise ertesi sabah tekrar cami oldu\u011fu d\u00f6nemlerde Tokat da bir\u00e7ok ku\u015fatma ya da istila ya\u015fam\u0131\u015f. Hatta Julius Cesar, o me\u015fhur \u201cVeni, Vidi, Vici\u201d (Geldim, g\u00f6rd\u00fcm, yendim) s\u00f6z\u00fcn\u00fc Tokat\u2019\u0131n Zile il\u00e7esindeki Zela Sava\u015f\u0131\u2019ndan sonra Roma\u2019ya yazd\u0131\u011f\u0131 mektupta kullanm\u0131\u015f. Hatta Zile\u2019de, Sezar\u2019\u0131n bunu s\u00f6yledi\u011fi yer oldu\u011fu belirtilen yerde 4.000 y\u0131ll\u0131k tarih\u00ee bir kale s\u00fctunu bulunuyor.<\/p>\n<figure class=\"wp-block-image\"><img decoding=\"async\" src=\"https:\/\/i0.wp.com\/i.gazeteduvar.com.tr\/storage\/files\/images\/2023\/03\/28\/veni-vidi-vici-z25e.jpg?ssl=1\" alt=\"\" data-recalc-dims=\"1\" \/><figcaption class=\"wp-element-caption\">Tokat, Zile, 4 bin y\u0131ll\u0131k tarihi kale s\u00fctunu.<\/figcaption><\/figure>\n<p>Sava\u015flar yetmemi\u015f; depremler, su bask\u0131nlar\u0131, yang\u0131nlar atlatm\u0131\u015f. Bu y\u00fczden yerin \u00fcst\u00fcnde oldu\u011fundan daha fazlas\u0131, belki de yerin alt\u0131nda g\u00fcn \u0131\u015f\u0131\u011f\u0131na \u00e7\u0131kar\u0131lmay\u0131 bekliyor. Yerin \u00fcst\u00fcndekilerin de korunup korunmad\u0131\u011f\u0131 tart\u0131\u015fma konusu\u2026 \u00d6rne\u011fin birka\u00e7 y\u0131l \u00f6nce Tokat\u2019\u0131n Niksar il\u00e7esindeki simge eserlerden, tarihi M\u00d6 600\u2019l\u00fc y\u0131llara dayanan Leylekli K\u00f6pr\u00fcs\u00fc\u2019nde yap\u0131lan facia gibi restorasyon \u00e7al\u0131\u015fmalar\u0131 herkesi isyan ettirmi\u015fti.<\/p>\n<h3>\u2018TOKATLIYIZ, PEK TATLIYIZ\u2019<\/h3>\n<p>Gelelim ekonomisine\u2026 2000 y\u0131l\u0131nda 828.027 ula\u015fan n\u00fcfusu, 2022 verilerine g\u00f6re 596.454\u2019e gerilemi\u015f. G\u00f6\u00e7\u00fcn b\u00fcy\u00fck k\u0131sm\u0131 il\u00e7elerinden, k\u00f6ylerinden\u2026 Bu arada neler oldu? Mesela \u015fehrin en \u00f6nemli ge\u00e7im kaynaklar\u0131ndan biri olan sigara fabrikas\u0131, \u00f6nce \u00f6zelle\u015ftirildi, sonra kapat\u0131ld\u0131. On binlerce i\u015f\u00e7i, t\u00fct\u00fcn \u00fcreticisi ekme\u011finden oldu. Tokatl\u0131lar, \u201cTokatl\u0131y\u0131z, pek tatl\u0131y\u0131z\u201d der ama \u015feker fabrikas\u0131n\u0131n \u00f6zelle\u015ftirilmesi biraz a\u011f\u0131zlar\u0131n\u0131n tad\u0131n\u0131 ka\u00e7\u0131rm\u0131\u015f. \u00d6zelle\u015ftirmeyle \u00e7ift\u00e7iler aras\u0131nda ba\u015fka \u00fcr\u00fcnlere y\u00f6nelim artm\u0131\u015f, \u00f6zellikle i\u015f\u00e7ilerde sigara fabrikas\u0131 gibi bu fabrikan\u0131n da kapanaca\u011f\u0131 korkusu var. Yine bir\u00e7ok tekstil fabrikas\u0131 da kapanm\u0131\u015f durumda.<\/p>\n<h4><img loading=\"lazy\" decoding=\"async\" src=\"https:\/\/i0.wp.com\/i.gazeteduvar.com.tr\/storage\/files\/images\/2023\/03\/28\/tokat-SjtG.png?resize=542%2C520&amp;ssl=1\" alt=\"\" width=\"542\" height=\"520\" data-recalc-dims=\"1\" \/>TOKAT KADAR TOKATLI, \u0130STANBUL\u2019DA<\/h4>\n<p>Bizzat Tokat Belediyesi\u2019nin internet sitesinde yazd\u0131\u011f\u0131na g\u00f6re; k\u0131rsal kesimlerden \u015fehre b\u00fcy\u00fck oranda g\u00f6\u00e7lerin olmas\u0131 nedeniyle Tokat\u2019\u0131n verimli ovalar\u0131, yerle\u015fim merkezi konumuna gelmi\u015f durumda. Eskiden \u00e7ocuklar\u0131n a\u011fa\u00e7lardan meyve yedi\u011fi bah\u00e7elerin yerinde art\u0131k \u00e7ok katl\u0131 betonarme binalar bulunuyor. \u0130stanbul\u2019da ba\u015fka illerden gelenler say\u0131s\u0131nda Tokat be\u015finci s\u0131rada. Tam 484.463 ki\u015fi, yani neredeyse Tokat\u2019\u0131n \u015fu anki n\u00fcfusu kadar Tokatl\u0131 \u0130stanbul\u2019da. Sivas\u2019\u0131n birinci s\u0131rada oldu\u011funu biliyordum ama Tokatl\u0131lar\u0131n oran\u0131n\u0131n da bu y\u00fcksek olaca\u011f\u0131n\u0131 tahmin etmezdim.<\/p>\n<h5>TOKAT\u2019IN DEN\u0130Z\u0130 YE\u015e\u0130LIRMAK<\/h5>\n<p>\u201cTokatl\u0131 olmak; Ye\u015fil\u0131rmak\u2019a deniz g\u00f6z\u00fcyle bakmakt\u0131r\u201d diye bir s\u00f6z var. Her ne kadar Ye\u015fil\u0131rmak k\u0131y\u0131lar\u0131 Amasya\u2019daki gibi g\u00f6rsel bir \u015f\u00f6len sunmasa da Tokat\u2019ta b\u00fcy\u00fcyen hemen her gencin Ye\u015fil\u0131rmak\u2019la ilgili bir an\u0131s\u0131 vard\u0131r kesin. Kenar\u0131nda at\u0131lan voltalar, kay\u0131k gezileri, gizli bulu\u015fmalar, belki ilk kez i\u00e7ilen biralar\u2026 Bira demi\u015fken konu\u015ftu\u011fum Tokatl\u0131 bir arkada\u015f\u0131m, halk\u0131n tutucu olmas\u0131na ra\u011fmen alkol t\u00fcketiminin ne kadar fazla oldu\u011funu, bu topla\u015fmalar\u0131n da genelde Ye\u015fil\u0131rmak ya da Behzat Deresi kenar\u0131nda oldu\u011funu anlatm\u0131\u015ft\u0131.<\/p>\n<figure class=\"wp-block-image\"><img decoding=\"async\" src=\"https:\/\/i0.wp.com\/i.gazeteduvar.com.tr\/storage\/files\/images\/2023\/03\/28\/fotoram-MYCQ.jpg?ssl=1\" alt=\"\" data-recalc-dims=\"1\" \/><figcaption class=\"wp-element-caption\">Bedesten Deresi eski hali (solda), Ye\u015fil\u0131rmak eski (sa\u011fda).<\/figcaption><\/figure>\n<p>Bu arada Behzat Deresi\u2019nin 1977, Ye\u015fil\u0131rmak\u2019\u0131n da 1919 y\u0131l\u0131na ait foto\u011fraflar\u0131n\u0131 buldum. Bir de yanlar\u0131ndan geni\u015f yollar\u0131n ge\u00e7ti\u011fi, y\u00fcksek binalar\u0131n oldu\u011fu g\u00fcncel h\u00e2line bak\u0131nca insan tam bir h\u00fcsran ya\u015f\u0131yor. Hani \u201cAmasya\u2019daki g\u00f6rsel \u015f\u00f6len\u201dden bahsettim ya bu hissi veren, art\u0131k Tokat\u2019ta neredeyse hi\u00e7 olmayan tarih\u00ee binalar\u2026 H\u00e2lbuki biraz \u00f6rnek al\u0131nsaym\u0131\u015f \u015fu anda bamba\u015fka bir yerden bahsediyor olurmu\u015fuz.<\/p>\n<h6>DRAKULA\u2019YI TUTSAK EDEN \u015eEH\u0130R<\/h6>\n<p>Biz \u201cTokat\u201d deyip duruyoruz ama Tokatl\u0131lar k harfini pek kullanm\u0131yor ve Tokat\u2019a \u201ctoat\u201d ya da \u201ctohat\u201d diyor. Asl\u0131nda kendilerine has kelimeleri de var: Az\u0131c\u0131k yerine \u201cecc\u00fck\u201d, dur yerine \u201ca\u011fle\u015f\u201d, herh\u00e2lde yerine \u201cellam\u201d, \u015fimdi yerine \u201chenim hincik\u201d kelimelerini kullan\u0131p ayrana \u201cgat\u0131h\u201d, omlete \u201cm\u00fcc\u00fcr\u00fcm\u201d, ayakta durmaya \u201cso\u011furtma\u201d diyorlar. Bu arada ellik oyunundan bahsetmesek olmaz; hem oynamas\u0131 kolay hem de \u00e7ok e\u011flenceli bence. Yapra\u011f\u0131na, kebab\u0131na, \u00e7emenine, pekmezine, bilezi\u011fine, yazmas\u0131na hi\u00e7 girmiyorum ve devam ediyorum.<\/p>\n<figure class=\"wp-block-image\"><img decoding=\"async\" src=\"https:\/\/i0.wp.com\/i.gazeteduvar.com.tr\/storage\/files\/images\/2023\/03\/28\/erba-belediyesi-pandemi-GIcj.jpg?ssl=1\" alt=\"\" data-recalc-dims=\"1\" \/><figcaption class=\"wp-element-caption\">Tokat\u2019\u0131n kendine has s\u00f6zc\u00fckleri.\u00a0<\/figcaption><\/figure>\n<p>Gelelim pek kimsenin bilmedi\u011fi ba\u015fka \u00f6zelliklerine\u2026 \u201cDrakula\u201d diye bilinen Kaz\u0131kl\u0131 Voyvoda III. Vlad\u2019\u0131n Tokat Kalesi\u2019nde tutsak olarak kald\u0131\u011f\u0131n\u0131, d\u00fcnyaca \u00fcnl\u00fc Apollon heykellerinden birinin Tokat M\u00fczesi\u2019nde bulundu\u011funu, 1730\u2019da ba\u015flayan Patrona Halil \u0130syan\u0131\u2019ndan itibaren padi\u015fah ferman\u0131yla Osmanl\u0131 topraklar\u0131ndaki t\u00fcm hamam i\u015fletmelerinin Tokatl\u0131lara verildi\u011fini biliyor muydunuz? Ben bilmiyordum!<\/p>\n<p>\u201cTokatl\u0131 olman\u0131n muhte\u015fem bir \u015fey olmas\u0131\u201d; Ek\u015fi S\u00f6zl\u00fck\u2019te b\u00f6yle bir ba\u015fl\u0131k a\u00e7\u0131lm\u0131\u015f ve inan\u0131lmaz \u00e7ok say\u0131da ileti yaz\u0131lm\u0131\u015f. \u00d6yle co\u015fmu\u015flar ki bir\u00e7ok \u00f6nemli isme ne s\u00f6zler atfetmi\u015fler. Bak\u0131n kimlerin, neler s\u00f6yledi\u011fi iddia edilmi\u015f. Hepsi birbirinden yarat\u0131c\u0131:<\/p>\n<p><strong>Samuel Huntington:<\/strong>\u00a0\u201cTokatl\u0131lar\u0131n kar\u015f\u0131s\u0131nda herkes medeniyetsiz kal\u0131yor. Bu y\u00fczden \u00e7at\u0131\u015facak bir medeniyet bulam\u0131yor tokatl\u0131lar.\u201d<\/p>\n<p><strong>Edward Said:<\/strong>\u00a0\u201cTokatl\u0131lar, Bat\u0131\u2019n\u0131n g\u0131ptayla ve k\u0131skan\u00e7l\u0131kla bakt\u0131\u011f\u0131 yeg\u00e2ne insanlard\u0131r. Tokat\u2019\u0131n k\u00fclt\u00fcr ve medeniyeti Bat\u0131\u2019n\u0131n tahayy\u00fcl edebilece\u011finden fevkalade y\u00fcksektir ve Bat\u0131l\u0131lar bunun fark\u0131ndad\u0131r. Bu y\u00fczden Tokatl\u0131lara b\u00fcy\u00fck bir sayg\u0131 ve sevgi beslerler.\u201d<\/p>\n<p><strong>Hegel:\u00a0<\/strong>\u201cTarih kendini ancak t\u00fcm milletler Tokatl\u0131larla ayn\u0131la\u015f\u0131nca tamamlayacakt\u0131r. Tokat, ula\u015f\u0131labilecek en y\u00fcksek mertebedir. Geist\u2019in kendisidir.\u201d<\/p>\n<p><strong>Fukuyama:\u00a0<\/strong>\u201cTokatl\u0131lar, zaman\u0131n sonuna \u00e7oktan ula\u015fm\u0131\u015flard\u0131. Sadece d\u00fcnyan\u0131n onlara yeti\u015fmesi gerekiyordu, \u015fu anda olan da budur.\u201d<\/p>\n<p><strong>Thomes More:<\/strong>\u00a0\u201cTokatl\u0131lar\u0131 g\u00f6rd\u00fcm ve onlardan \u00e7ok etkilendim. Kitab\u0131n isminde (\u00dctopya) asl\u0131nda Tokat\u2019a at\u0131fta bulundum.\u201d<\/p>\n<p><strong>Jose Mourinho:<\/strong>\u00a0\u201cBen d\u00fcnyan\u0131n en as\u0131k suratl\u0131 teknik adam\u0131 olurkenki t\u0131rmand\u0131\u011f\u0131m ba\u015far\u0131 basamaklar\u0131nda kimi zaman a\u011flad\u0131m kimi zaman ise k\u0131skan\u0131ld\u0131m. Beni tek k\u0131skanmayan Tokatl\u0131lar oldu. Anlatabildim mi?\u201d<\/p>\n<p><strong>Kafka:<\/strong>\u00a0(Milena\u2019ya mektup yaz\u0131yor) \u201cEvet Milena, i\u015fte Tokat\u2019ta bir postanende oturmu\u015f kahve i\u00e7iyorum \u015fu an. Geldim Milena. Buna h\u00e2l\u00e2 inanm\u0131yorum. R\u00fcya g\u00f6r\u00fcyorum sanki \u015fu an\u2026 Bug\u00fcn senin sevdi\u011fin yerleri gezece\u011fim.\u201d<\/p>\n<p><strong>Gustav Janouch:<\/strong>\u00a0\u201cG\u00f6zleri et\u00fct ederim hep, bana kelimelerden daha \u00e7ok \u015fey s\u00f6ylerler. B\u00fct\u00fcn Tokatl\u0131 dostlar\u0131m\u0131n harikulade g\u00f6zleri vard\u0131r. \u0130\u00e7inde ya\u015fad\u0131\u011f\u0131m karanl\u0131k kafesi ayd\u0131nlatan tek \u015fey, onlar\u0131n g\u00f6zlerindeki par\u0131lt\u0131d\u0131r.\u201d<\/p>\n<p><strong>Napolyon Bonaparte:<\/strong>\u00a0\u201cE\u011fer d\u00fcnya tek bir \u00fclke olsayd\u0131 ba\u015fkenti hi\u00e7 ku\u015fkusuz Tokat olurdu.\u201d<\/p>\n<figure class=\"wp-block-image\"><img decoding=\"async\" src=\"https:\/\/i0.wp.com\/i.gazeteduvar.com.tr\/storage\/files\/images\/2023\/03\/28\/gok-medrese-0Qyj.jpg?ssl=1\" alt=\"\" data-recalc-dims=\"1\" \/><figcaption class=\"wp-element-caption\">G\u00f6kmedrese<\/figcaption><\/figure>\n<h6>B\u0130R BURHAN ALTINTOP KOLAY YET\u0130\u015eM\u0130YOR!<\/h6>\n<p>Avrupa Yakas\u0131\u2019n\u0131n Burhan Alt\u0131ntop\u2019unu bilmeyen yoktur. Dizi karakteri, 23 Ocak 1971\u2019de Tokat\u2019\u0131n Erbaa il\u00e7esi do\u011fumlu. \u0130\u015f ba\u015fvurusu i\u00e7in Tokat\u2019tan \u0130stanbul\u2019a gelerek, S\u00fct\u00e7\u00fco\u011flu Apartman\u0131\u2019nda ya\u015famaya ba\u015flam\u0131\u015f. Kendisine Tokat\u2019ta amcas\u0131ndan domates tarlas\u0131 kalm\u0131\u015f. 200 metrekare tarlas\u0131yla etraf\u0131ndakilere toprak a\u011fas\u0131y\u0131m diye hava at\u0131yor. Tokat\u2019\u0131n domateslerini dilinden d\u00fc\u015f\u00fcrm\u00fcyor. Hatta Krali\u00e7e Elizabeth\u2019e bile o domatesi tatt\u0131r\u0131yor. (Merak edip bakt\u0131m;\u00a0<a href=\"https:\/\/arastirma.tarimorman.gov.tr\/tepge\/Belgeler\/PDF%20%C3%9Cr%C3%BCn%20Raporlar%C4%B1\/2022%20%C3%9Cr%C3%BCn%20Raporlar%C4%B1\/Domates%20%C3%9Cr%C3%BCn%20Raporu%202022-364%20TEPGE.pdf\" target=\"_blank\" rel=\"noreferrer noopener\">T\u00dc\u0130K verilerine g\u00f6re<\/a>\u00a0Tokat\u2019ta 2017\u2019de sofral\u0131k domates ekim alan\u0131 56.000 dekardan 2021\u2019de 31.000\u2019e; \u00fcretimi ise 456.000 tonken 279.000\u2019e d\u00fc\u015fm\u00fc\u015f.)<\/p>\n<p>Bu karakteri canland\u0131ran Erol G\u00fcnayd\u0131n da ger\u00e7ekte Tokat\u2019\u0131n Erbaa il\u00e7esinde do\u011fmu\u015f. Tarihte k\u00fc\u00e7\u00fck bir farkl\u0131l\u0131k var; ger\u00e7ekte 29 Ocak 1972 do\u011fumlu. G\u00fcnayd\u0131n\u2019\u0131n 12 Eyl\u00fcl Tokat\u2019\u0131na dair\u00a0<em>Cumhuriyet<\/em>\u00a0gazetesinde yay\u0131mlanan bir an\u0131s\u0131: \u201cOn ya\u015f\u0131mdayken evimizin bah\u00e7esine bomba at\u0131ld\u0131 Tokat\u2019ta. Evin duvar\u0131na s\u00fcrekli kur\u015fun at\u0131yorlard\u0131. Pencerenin alt\u0131nda uyurdum, kula\u011f\u0131m\u0131 duvara dayar, bum, bum, diye merminin duvara giri\u015f seslerini dinlerdim. Bu \u00fclkenin a\u015fa\u011f\u0131 yukar\u0131 hepsi bu duyguyu ya\u015fam\u0131\u015ft\u0131r.\u201d Bu an\u0131y\u0131 okuyunca akl\u0131ma 1972\u2019de, Mahir \u00c7ayan ve arkada\u015flar\u0131n\u0131n Tokat, Niksar\u2019\u0131n K\u0131z\u0131ldere k\u00f6y\u00fcnde \u00f6ld\u00fcr\u00fclmesi geldi.<\/p>\n<h6>G\u00d6N\u00dcL ARZULUYOR TOKAT \u0130L\u0130N\u0130 \/ DUMANLI DA\u011eLARI G\u00d6RES\u0130M GELD\u0130<\/h6>\n<p>Tokat, evet oval\u0131k ama daha fazlas\u0131 da\u011fl\u0131k bir yer. Da\u011flar, il topraklar\u0131n\u0131n tam y\u00fczde k\u0131rk be\u015fini kapl\u0131yor. \u201cHey Onbe\u015fli Onbe\u015fli Tokat Yollar\u0131 Ta\u015fl\u0131\u201d t\u00fcrk\u00fcs\u00fcn\u00fcn yaz\u0131lma gerek\u00e7esiyle ilgili birka\u00e7 iddia olsa da Tokat\u2019\u0131n yollar\u0131n\u0131n ta\u015fl\u0131 oldu\u011fu bir ger\u00e7ek.<\/p>\n<figure class=\"wp-block-image\"><img decoding=\"async\" src=\"https:\/\/i0.wp.com\/i.gazeteduvar.com.tr\/storage\/files\/images\/2023\/03\/28\/fotoram-zvTz.jpg?ssl=1\" alt=\"\" data-recalc-dims=\"1\" \/><figcaption class=\"wp-element-caption\">Niksar Kalesi (solda), Tokat Kalesi\u00a0 (sa\u011fda).<\/figcaption><\/figure>\n<p>Dik ve sarp kayalar \u00fczerine kurulu Tokat Kalesi, do\u011fal bir hisar durumunda. M\u00d6 30- MS 395 Roma d\u00f6neminde, yol g\u00fcvenli\u011fi i\u00e7in kurulmu\u015f. Kalenin g\u00fcney bat\u0131s\u0131nda \u00e7ok eski \u00e7a\u011flardan kalma bir kaya mezar\u0131 oyulmu\u015f. Ayr\u0131ca 362 basamakl\u0131 bir merdivenle kalenin dibine iniliyor ve g\u00fcn\u00fcm\u00fczde bu merdiven yolunun b\u00fcy\u00fck bir k\u0131sm\u0131 a\u00e7\u0131lm\u0131\u015f durumda. Niksar Kalesi ise Tokat Kalesi\u2019nin \u00e7orak g\u00f6r\u00fcnt\u00fcs\u00fcn\u00fcn aksine tamamen ye\u015fillikler i\u00e7inde kal\u0131yor. Her iki kaleden de yine Zile il\u00e7esinin merkezinde bir h\u00f6y\u00fck \u00fczerinde bulunan Zile Kalesi\u2019nden de manzara m\u00fcthi\u015f.<\/p>\n<figure class=\"wp-block-image\"><img decoding=\"async\" src=\"https:\/\/i0.wp.com\/i.gazeteduvar.com.tr\/storage\/files\/images\/2023\/03\/28\/fotoram-fdhM.jpg?ssl=1\" alt=\"\" data-recalc-dims=\"1\" \/><figcaption class=\"wp-element-caption\">Tokat Saat Kulesi Yeni hali (solda), eski hali (sa\u011fda).\u00a0<\/figcaption><\/figure>\n<p>Yine Tokat Saat Kulesi de kentin her yerinden g\u00f6r\u00fclecek konumda. 1902 y\u0131l\u0131nda, kesme ta\u015ftan yap\u0131lm\u0131\u015f ve y\u00fcksekli\u011fi otuz \u00fc\u00e7 metre. Her yar\u0131m saatte ve saat ba\u015flar\u0131nda, iki dakika arayla tam \u00e7alan ses de kentin her semtinden rahatl\u0131kla duyulabiliyor.<\/p>\n<h6>TAR\u0130H KOKAN SOKAKLAR<\/h6>\n<p>Tokat eski kent merkezini ve ayn\u0131 zamanda kentin tarih\u00ee ticaret merkezini merak ediyorsan\u0131z Sulusokak ve onunla b\u00fct\u00fcnle\u015fmi\u015f konut yerle\u015fiminin oldu\u011fu Halit Sokak\u2019a gitmelisiniz.<\/p>\n<figure class=\"wp-block-image\"><img decoding=\"async\" src=\"https:\/\/i0.wp.com\/i.gazeteduvar.com.tr\/storage\/files\/images\/2023\/03\/28\/arastali-bedesten2-klbK.jpg?ssl=1\" alt=\"\" data-recalc-dims=\"1\" \/><figcaption class=\"wp-element-caption\">Arastal\u0131 Bedesten<\/figcaption><\/figure>\n<p>Tokat M\u00fczesi, m\u00fczecilik faaliyetlerine 1926 y\u0131l\u0131nda Anadolu Sel\u00e7uklu D\u00f6nemi\u2019ne ait t\u0131p medresesi olan G\u00f6kmedrese binas\u0131nda ba\u015flam\u0131\u015f. Y\u0131llar i\u00e7inde eser say\u0131s\u0131n\u0131n artmas\u0131yla depolar yetersiz kalm\u0131\u015f ve Sulusokak\u2019taki Arastal\u0131 Bedesten\u2019e ta\u015f\u0131nm\u0131\u015f. Tu\u011fladan \u00f6r\u00fclm\u00fc\u015f tonozlar \u00fczerinde dokuz kubbenin yer ald\u0131\u011f\u0131 bu eski Osmanl\u0131 ticaret merkezinde, arkeolojik ve etnografik eserler yer al\u0131yor.<\/p>\n<p>Sulusokak\u2019ta han, cami, medrese, t\u00fcrbe, hamam, bedesten, \u00e7e\u015fme gibi birbirinden g\u00fczel yap\u0131lar\u0131n aras\u0131nda gezerken barok tarzda in\u015fa edilmi\u015f, sivil mimarl\u0131k \u00f6rne\u011fi olan Tokat K\u00fclt\u00fcr Evi, Ya\u011f\u0131basan Medresesi, Deveciler Han\u0131 dikkatinizden ka\u00e7mayacakt\u0131r.<\/p>\n<figure class=\"wp-block-image\"><img decoding=\"async\" src=\"https:\/\/i0.wp.com\/i.gazeteduvar.com.tr\/storage\/files\/images\/2023\/03\/28\/fotoram-dLnX.jpg?ssl=1\" alt=\"\" data-recalc-dims=\"1\" \/><figcaption class=\"wp-element-caption\">Tokat K\u00fclt\u00fcr Evi (Sol \u00fcstte), Ya\u011f\u0131basan Medresesi (Sa\u011f \u00fcstte) Deveciler Han (altta)\u00a0<\/figcaption><\/figure>\n<p>Osmanl\u0131 barok \u00fcslubunda heybetli bir yer g\u00f6rmek istiyorsan\u0131z Gaziosmanpa\u015fa Bulvar\u0131 \u00fczerindeki Latifo\u011flu Kona\u011f\u0131\u2019na gitmelisiniz. 1746 y\u0131l\u0131nda in\u015fa edilen iki katl\u0131 konak, olduk\u00e7a zengin ah\u015fap, al\u00e7\u0131 ve kalem i\u015fi s\u00fcslemelere sahip. Tokat M\u00fczesi\u2019nin ilk ev sahibi, 1277 tarihli yap\u0131 G\u00f6kmedrese ile T\u00fcrkiye\u2019nin en g\u00fczel hanlar\u0131ndan biri olan Ta\u015fhan da buraya \u00e7ok yak\u0131n.<\/p>\n<figure class=\"wp-block-image\"><img decoding=\"async\" src=\"https:\/\/i0.wp.com\/i.gazeteduvar.com.tr\/storage\/files\/images\/2023\/03\/28\/fotoram-8Bw4.jpg?ssl=1\" alt=\"\" data-recalc-dims=\"1\" \/><figcaption class=\"wp-element-caption\">Bey Soka\u011f\u0131 (sol \u00fcstte), Halit soka\u011f\u0131 (sa\u011f \u00fcstte), Ta\u015fhan (sa\u011f altta).<\/figcaption><\/figure>\n<p>Tokat\u2019\u0131n Bey ve Beyhamam sokaklar\u0131nda da iki y\u00f6nl\u00fc olarak Ge\u00e7 Osmanl\u0131 ve Cumhuriyet d\u00f6nemlerine ait evler bulunuyor. Ah\u015fap barok motiflerle bezenmi\u015f s\u00fctun dizisiyle Bey Soka\u011f\u0131\u2019na bakan Mevlevihane\u2019nin sade bir ihti\u015fam\u0131 var.<\/p>\n<p>Mustafa Kemal Atat\u00fcrk\u2019\u00fcn 1924\u2019te misafir oldu\u011fu Piyade Y\u00fczba\u015f\u0131 Mustafa Vasfi S\u00fcsoy\u2019a ait, Deveg\u00f6rmez Mahallesi\u2019ndeki konak ise Atat\u00fcrk Evi ve Etnografya M\u00fczesi olarak kullan\u0131l\u0131yor.<\/p>\n<h6>SIK D\u0130\u015e\u0130N\u0130 HELASI<\/h6>\n<p>Ad\u0131 \u00e7ok komik de\u011fil mi? D\u00fcnyada g\u00fcn\u00fcm\u00fcze ula\u015fan en eski ba\u011f\u0131ms\u0131z bir helan\u0131n ad\u0131 bu! Kullan\u0131m yo\u011funlu\u011fundan \u00f6t\u00fcr\u00fc halk aras\u0131nda \u201cS\u0131k Di\u015fini Helas\u0131\u201d olarak adland\u0131r\u0131ld\u0131\u011f\u0131 ve 15. y\u00fczy\u0131lda yap\u0131ld\u0131\u011f\u0131 d\u00fc\u015f\u00fcn\u00fcl\u00fcyor. Yap\u0131, 19. y\u00fczy\u0131lda depo olarak kullan\u0131lm\u0131\u015f ve tahribata u\u011fram\u0131\u015f. 2021 y\u0131l\u0131nda Tokat Belediyesi taraf\u0131ndan restore edilerek, Su ve Temizlik M\u00fczesi\u2019ne d\u00f6n\u00fc\u015ft\u00fcr\u00fclm\u00fc\u015f. M\u00fczede, tarih\u00ee yap\u0131n\u0131n tuvalet ta\u015flar\u0131 ve ge\u00e7mi\u015fte kullan\u0131lan hela ta\u015flar\u0131, ma\u015frapalar gibi geleneksel \u0131slak hacim \u00fcniteleri sergileniyor. Hatta burada ger\u00e7ekle\u015fen bir cinayet etraf\u0131nda kurgulanan,\u00a0<em>S\u0131k Di\u015fini Helas\u0131 Cinayeti<\/em>\u00a0adl\u0131 bir de roman\u0131 var.<\/p>\n<figure class=\"wp-block-image\"><img decoding=\"async\" src=\"https:\/\/i0.wp.com\/i.gazeteduvar.com.tr\/storage\/files\/images\/2023\/03\/28\/sik-disini-hela-dha-79fT.jpg?ssl=1\" alt=\"\" data-recalc-dims=\"1\" \/><figcaption class=\"wp-element-caption\">\u201cS\u0131k Di\u015fini Helas\u0131\u201d, Tokat.\u00a0<\/figcaption><\/figure>\n<h6>ANT\u0130K KENTLER VAR AMA YETERL\u0130 \u00c7ALI\u015eMA YOK<\/h6>\n<p>Son olarak \u015fehrin kuzeyindeki Sel\u00e7uklu D\u00f6nemi\u2019nden kalma Ye\u015fil\u0131rmak K\u00f6pr\u00fcs\u00fc\u2019n\u00fcn de \u00fczerinden ge\u00e7tiyseniz art\u0131k \u015fehir merkezinden \u00e7\u0131kal\u0131m m\u0131, ne dersiniz? Tokat\u2019ta kaz\u0131l\u0131p \u00e7\u0131kar\u0131lmay\u0131 bekleyen bir\u00e7ok tarih\u00ee b\u00f6lge var. Konana Antik Kenti\u2019nde \u00e7al\u0131\u015fmalar ba\u015flam\u0131\u015f ama yeterli d\u00fczeyde de\u011fil. Horoztepe\u2019de M\u00d6 3.000\u2019e ait bir mezar bulunmu\u015f.<\/p>\n<figure class=\"wp-block-image\"><img decoding=\"async\" src=\"https:\/\/i0.wp.com\/i.gazeteduvar.com.tr\/storage\/files\/images\/2023\/03\/28\/yesilirmak-koprusu-RMVM.jpg?ssl=1\" alt=\"\" data-recalc-dims=\"1\" \/><figcaption class=\"wp-element-caption\">Ye\u015fil\u0131rmak K\u00f6pr\u00fcs\u00fc<\/figcaption><\/figure>\n<p>Mezar buluntular\u0131 aras\u0131ndaki en \u00f6nemli eser olarak kabul edilen \u00e7ocu\u011funu emziren kad\u0131n heykelcili\u011fi, Ankara Anadolu Medeniyetleri M\u00fczesi\u2019nde te\u015fhir ediliyor. 1973-1984 y\u0131llar\u0131 aras\u0131nda yap\u0131lan kaz\u0131larda saray kal\u0131nt\u0131s\u0131na rastlanan Ma\u015fat H\u00f6y\u00fck, ad\u0131 \u201cb\u00fcy\u00fck azametli \u015fehir\u201d anlam\u0131na gelen Sebastopolis Antik Kenti, ana kaya bloku oyularak yap\u0131lan Artova Yeralt\u0131 Yerle\u015fimi derken belki de ad\u0131n\u0131 daha hi\u00e7 bilmedi\u011fimiz daha bir s\u00fcr\u00fc yer\u2026<\/p>\n<h6>BALLICA MA\u011eARASI<\/h6>\n<p>Ziyarete a\u00e7\u0131lan sekiz salonu, 680 metre uzunlu\u011fu ve doksan be\u015f metre y\u00fcksekli\u011fiyle Ball\u0131ca Ma\u011faras\u0131, d\u00fcnyan\u0131n en b\u00fcy\u00fck ve en g\u00f6rkemli ma\u011faralar\u0131ndan biri\u2026 Ya\u015f\u0131 yakla\u015f\u0131k 3.4 milyon y\u0131l olarak tespit edilmi\u015f. H\u00e2len ziyarete a\u00e7\u0131lmayan ve ke\u015ffedilmemi\u015f b\u00f6l\u00fcmleri bulunuyor. \u015eimdiye kadar tespit edilen t\u00fcm ma\u011fara olu\u015fumlar\u0131na sahip olman\u0131n yan\u0131 s\u0131ra \u00f6zg\u00fcn So\u011fan Sark\u0131tlar\u0131\u2019yla da uluslararas\u0131 \u00f6nemi var. Ma\u011faran\u0131n bir bu\u00e7uk kilometre \u00f6tesinde de suyu yaz k\u0131\u015f akan Ocakl\u0131 \u015eelalesi bulunuyor.<\/p>\n<figure class=\"wp-block-image\"><img decoding=\"async\" src=\"https:\/\/i0.wp.com\/i.gazeteduvar.com.tr\/storage\/files\/images\/2023\/03\/28\/ballica-magarasi2-nNI1.jpg?ssl=1\" alt=\"\" data-recalc-dims=\"1\" \/><figcaption class=\"wp-element-caption\">Ball\u0131ca Ma\u011faras\u0131.<\/figcaption><\/figure>\n<h6>G\u00d6LLER\u0130, YAYLALARI<\/h6>\n<p>Kaz G\u00f6l\u00fc, g\u00f6\u00e7men ku\u015flar\u0131n g\u00f6\u00e7 yollar\u0131 \u00fczerinde bulunmas\u0131ndan dolay\u0131 bir\u00e7ok ku\u015f t\u00fcr\u00fcne ev sahipli\u011fi yap\u0131yor. G\u00f6\u00e7men ku\u015flar\u0131n yuvalanma, kulu\u00e7kalama alan\u0131\u2026 Kaz G\u00f6l\u00fc\u2019n\u00fcn yan\u0131 s\u0131ra Almus Baraj, Zinav, G\u00f6ll\u00fc K\u00f6y ve Kurt g\u00f6lleri; Almus Dumanl\u0131, Top\u00e7am, \u00c7ami\u00e7i, Akbelen, Batmanta\u015f ve Selemen yaylalar\u0131, temiz hava almak; y\u00fcr\u00fcy\u00fc\u015f ya da kamp yapmak i\u00e7in tercih edilen yerlerden\u2026<\/p>\n<figure class=\"wp-block-image\"><img decoding=\"async\" src=\"https:\/\/i0.wp.com\/i.gazeteduvar.com.tr\/storage\/files\/images\/2023\/03\/28\/fotoram-tUG5.jpg?ssl=1\" alt=\"\" data-recalc-dims=\"1\" \/><figcaption class=\"wp-element-caption\">Almus G\u00f6l\u00fc (\u00fcstte), Kaz G\u00f6l\u00fc (altta).\u00a0<\/figcaption><\/figure>\n<p>Zinav G\u00f6l\u00fc Tabiat Park\u0131\u2019nda, bir de Zinav Kanyonu bulunuyor. Yakla\u015f\u0131k 380 metre derin yar\u0131klar\u0131 i\u00e7inde bar\u0131nd\u0131ran kanyonda derinli\u011fi bir ile d\u00f6rt metre aras\u0131nda yedi tane \u00e7a\u011flayan bulunuyor. \u00d6zellikle bunalt\u0131c\u0131 s\u0131cak havalarda, akarsuda y\u00fcr\u00fcyen insanlar nedeniyle kanyonun i\u00e7i epey kalabal\u0131k oluyor.<\/p>\n<figure class=\"wp-block-image\"><img decoding=\"async\" src=\"https:\/\/i0.wp.com\/i.gazeteduvar.com.tr\/storage\/files\/images\/2023\/03\/28\/fotoram-yhzx.jpg?ssl=1\" alt=\"\" data-recalc-dims=\"1\" \/><figcaption class=\"wp-element-caption\">Zinav G\u00f6l\u00fc (solda), Zinav Kanyonu (sa\u011fda).\u00a0<\/figcaption><\/figure>\n<h6>BA\u015e\u00c7\u0130FTL\u0130K KAYAK MERKEZ\u0130<\/h6>\n<p>T\u00fcrkiye\u2019de hangi ile elimizi atsak bir kayak merkezinin olmas\u0131 beni \u00e7ok \u015fa\u015f\u0131rt\u0131yor. Tokat\u2019ta da\u00a0<a href=\"http:\/\/basciftlikkayakmerkezi.com\/\" target=\"_blank\" rel=\"noreferrer noopener\">Ba\u015f\u00e7iftlik Kayak Merkez<\/a>i\u2019nin\u00a0varl\u0131\u011f\u0131ndan benim hi\u00e7 haberim yoktu. Bir\u00e7ok kayak merkezi kars\u0131zl\u0131ktan yak\u0131n\u0131rken buras\u0131n\u0131n mevsimi uzun s\u00fcrm\u00fc\u015f. Ayr\u0131ca internet sitesindeki fiyatlar\u0131 g\u00f6r\u00fcnce de inanamad\u0131m. Bir\u00e7ok yerde saatlik kayak kiralama \u00fccreti 300-400 lira aras\u0131ndayken burada 40 lira\u2026 Umar\u0131m siteyi g\u00fcncellemeyle ilgili bir durum yoktur da insanlar, uygun fiyatlara bu tesisten faydalanabiliyordur.<\/p>\n<figure class=\"wp-block-image\"><img decoding=\"async\" src=\"https:\/\/i0.wp.com\/i.gazeteduvar.com.tr\/storage\/files\/images\/2023\/03\/28\/basciftlikkayakmerkezi2-9uUY.jpg?ssl=1\" alt=\"\" data-recalc-dims=\"1\" \/><figcaption class=\"wp-element-caption\">Ba\u015f\u00e7iftlik Kayak Merkezi<\/figcaption><\/figure>\n<p><em><strong><a href=\"https:\/\/www.gazeteduvar.com.tr\/tokatli-olmanin-muhtesem-bir-sey-olmasi-makale-1610493\">https:\/\/www.gazeteduvar.com.tr\/tokatli-olmanin-muhtesem-bir-sey-olmasi-makale-1610493<\/a><\/strong><\/em><\/p>\n","protected":false},"excerpt":{"rendered":"<p>Cesar\u2019\u0131n me\u015fhur \u201cVeni, Vidi, Vici\u201d s\u00f6z\u00fcn\u00fc s\u00f6yledi\u011fi, kalesinde Drakula\u2019y\u0131 hapis eden, d\u00fcnyan\u0131n en eski helalar\u0131ndan birinin, S\u0131k Di\u015fini Helas\u0131\u2019n\u0131n bulundu\u011fu, Burhan Alt\u0131ntop\u2019un memleketi Tokat\u2026 Burada ya\u015fayanlar Ye\u015fil\u0131rmak\u2019a deniz g\u00f6z\u00fcyle bak\u0131yor, kendileri i\u00e7in \u201cTokatl\u0131y\u0131z, pek tatl\u0131y\u0131z\u201d diyor ve herkese Tokatl\u0131 olman\u0131n muhte\u015fem bir \u015fey oldu\u011funu anlatmaya \u00e7al\u0131\u015f\u0131yor. Peki, nedir bu Tokat\u2019\u0131n ve Tokatl\u0131lar\u0131n olay\u0131? Serpil Kurtay [&hellip;]<\/p>\n","protected":false},"author":7,"featured_media":73351,"comment_status":"open","ping_status":"open","sticky":false,"template":"","format":"standard","meta":{"footnotes":""},"categories":[1],"tags":[],"class_list":["post-73349","post","type-post","status-publish","format-standard","has-post-thumbnail","hentry","category-haberler"],"yoast_head":"<!-- This site is optimized with the Yoast SEO plugin v27.4 - https:\/\/yoast.com\/product\/yoast-seo-wordpress\/ -->\n<title>Tokatl\u0131 olman\u0131n muhte\u015fem bir \u015fey olmas\u0131 - Bati Ermenistan Ve Bati Ermenileri Sorunlari Ara\u015ftirmalar Merkezi<\/title>\n<meta name=\"robots\" content=\"index, follow, max-snippet:-1, max-image-preview:large, max-video-preview:-1\" \/>\n<link rel=\"canonical\" href=\"https:\/\/akunq.net\/tr\/?p=73349\" \/>\n<meta property=\"og:locale\" content=\"en_US\" \/>\n<meta property=\"og:type\" content=\"article\" \/>\n<meta property=\"og:title\" content=\"Tokatl\u0131 olman\u0131n muhte\u015fem bir \u015fey olmas\u0131 - Bati Ermenistan Ve Bati Ermenileri Sorunlari Ara\u015ftirmalar Merkezi\" \/>\n<meta property=\"og:description\" content=\"Cesar\u2019\u0131n me\u015fhur \u201cVeni, Vidi, Vici\u201d s\u00f6z\u00fcn\u00fc s\u00f6yledi\u011fi, kalesinde Drakula\u2019y\u0131 hapis eden, d\u00fcnyan\u0131n en eski helalar\u0131ndan birinin, S\u0131k Di\u015fini Helas\u0131\u2019n\u0131n bulundu\u011fu, Burhan Alt\u0131ntop\u2019un memleketi Tokat\u2026 Burada ya\u015fayanlar Ye\u015fil\u0131rmak\u2019a deniz g\u00f6z\u00fcyle bak\u0131yor, kendileri i\u00e7in \u201cTokatl\u0131y\u0131z, pek tatl\u0131y\u0131z\u201d diyor ve herkese Tokatl\u0131 olman\u0131n muhte\u015fem bir \u015fey oldu\u011funu anlatmaya \u00e7al\u0131\u015f\u0131yor. Peki, nedir bu Tokat\u2019\u0131n ve Tokatl\u0131lar\u0131n olay\u0131? Serpil Kurtay [&hellip;]\" \/>\n<meta property=\"og:url\" content=\"https:\/\/akunq.net\/tr\/?p=73349\" \/>\n<meta property=\"og:site_name\" content=\"Bati Ermenistan Ve Bati Ermenileri Sorunlari Ara\u015ftirmalar Merkezi\" \/>\n<meta property=\"article:published_time\" content=\"2023-03-30T07:13:39+00:00\" \/>\n<meta property=\"og:image\" content=\"https:\/\/akunq.net\/tr\/wp-content\/uploads\/sites\/6\/2023\/03\/Tokat-3.webp\" \/>\n\t<meta property=\"og:image:width\" content=\"750\" \/>\n\t<meta property=\"og:image:height\" content=\"393\" \/>\n\t<meta property=\"og:image:type\" content=\"image\/webp\" \/>\n<meta name=\"author\" content=\"admin\" \/>\n<meta name=\"twitter:card\" content=\"summary_large_image\" \/>\n<meta name=\"twitter:label1\" content=\"Written by\" \/>\n\t<meta name=\"twitter:data1\" content=\"admin\" \/>\n\t<meta name=\"twitter:label2\" content=\"Est. reading time\" \/>\n\t<meta name=\"twitter:data2\" content=\"15 minutes\" \/>\n<script type=\"application\/ld+json\" class=\"yoast-schema-graph\">{\"@context\":\"https:\\\/\\\/schema.org\",\"@graph\":[{\"@type\":\"Article\",\"@id\":\"https:\\\/\\\/akunq.net\\\/tr\\\/?p=73349#article\",\"isPartOf\":{\"@id\":\"https:\\\/\\\/akunq.net\\\/tr\\\/?p=73349\"},\"author\":{\"name\":\"admin\",\"@id\":\"https:\\\/\\\/akunq.net\\\/tr\\\/#\\\/schema\\\/person\\\/096f1d38a12cce57fb855b485ed24c9e\"},\"headline\":\"Tokatl\u0131 olman\u0131n muhte\u015fem bir \u015fey olmas\u0131\",\"datePublished\":\"2023-03-30T07:13:39+00:00\",\"mainEntityOfPage\":{\"@id\":\"https:\\\/\\\/akunq.net\\\/tr\\\/?p=73349\"},\"wordCount\":2991,\"commentCount\":0,\"image\":{\"@id\":\"https:\\\/\\\/akunq.net\\\/tr\\\/?p=73349#primaryimage\"},\"thumbnailUrl\":\"https:\\\/\\\/akunq.net\\\/tr\\\/wp-content\\\/uploads\\\/sites\\\/6\\\/2023\\\/03\\\/Tokat-3.webp\",\"articleSection\":[\"Haberler\"],\"inLanguage\":\"en-US\",\"potentialAction\":[{\"@type\":\"CommentAction\",\"name\":\"Comment\",\"target\":[\"https:\\\/\\\/akunq.net\\\/tr\\\/?p=73349#respond\"]}]},{\"@type\":\"WebPage\",\"@id\":\"https:\\\/\\\/akunq.net\\\/tr\\\/?p=73349\",\"url\":\"https:\\\/\\\/akunq.net\\\/tr\\\/?p=73349\",\"name\":\"Tokatl\u0131 olman\u0131n muhte\u015fem bir \u015fey olmas\u0131 - Bati Ermenistan Ve Bati Ermenileri Sorunlari Ara\u015ftirmalar Merkezi\",\"isPartOf\":{\"@id\":\"https:\\\/\\\/akunq.net\\\/tr\\\/#website\"},\"primaryImageOfPage\":{\"@id\":\"https:\\\/\\\/akunq.net\\\/tr\\\/?p=73349#primaryimage\"},\"image\":{\"@id\":\"https:\\\/\\\/akunq.net\\\/tr\\\/?p=73349#primaryimage\"},\"thumbnailUrl\":\"https:\\\/\\\/akunq.net\\\/tr\\\/wp-content\\\/uploads\\\/sites\\\/6\\\/2023\\\/03\\\/Tokat-3.webp\",\"datePublished\":\"2023-03-30T07:13:39+00:00\",\"author\":{\"@id\":\"https:\\\/\\\/akunq.net\\\/tr\\\/#\\\/schema\\\/person\\\/096f1d38a12cce57fb855b485ed24c9e\"},\"breadcrumb\":{\"@id\":\"https:\\\/\\\/akunq.net\\\/tr\\\/?p=73349#breadcrumb\"},\"inLanguage\":\"en-US\",\"potentialAction\":[{\"@type\":\"ReadAction\",\"target\":[\"https:\\\/\\\/akunq.net\\\/tr\\\/?p=73349\"]}]},{\"@type\":\"ImageObject\",\"inLanguage\":\"en-US\",\"@id\":\"https:\\\/\\\/akunq.net\\\/tr\\\/?p=73349#primaryimage\",\"url\":\"https:\\\/\\\/akunq.net\\\/tr\\\/wp-content\\\/uploads\\\/sites\\\/6\\\/2023\\\/03\\\/Tokat-3.webp\",\"contentUrl\":\"https:\\\/\\\/akunq.net\\\/tr\\\/wp-content\\\/uploads\\\/sites\\\/6\\\/2023\\\/03\\\/Tokat-3.webp\",\"width\":750,\"height\":393},{\"@type\":\"BreadcrumbList\",\"@id\":\"https:\\\/\\\/akunq.net\\\/tr\\\/?p=73349#breadcrumb\",\"itemListElement\":[{\"@type\":\"ListItem\",\"position\":1,\"name\":\"Home\",\"item\":\"https:\\\/\\\/akunq.net\\\/tr\"},{\"@type\":\"ListItem\",\"position\":2,\"name\":\"Tokatl\u0131 olman\u0131n muhte\u015fem bir \u015fey olmas\u0131\"}]},{\"@type\":\"WebSite\",\"@id\":\"https:\\\/\\\/akunq.net\\\/tr\\\/#website\",\"url\":\"https:\\\/\\\/akunq.net\\\/tr\\\/\",\"name\":\"Bati Ermenistan Ve Bati Ermenileri Sorunlari Ara\u015ftirmalar Merkezi\",\"description\":\"\",\"potentialAction\":[{\"@type\":\"SearchAction\",\"target\":{\"@type\":\"EntryPoint\",\"urlTemplate\":\"https:\\\/\\\/akunq.net\\\/tr\\\/?s={search_term_string}\"},\"query-input\":{\"@type\":\"PropertyValueSpecification\",\"valueRequired\":true,\"valueName\":\"search_term_string\"}}],\"inLanguage\":\"en-US\"},{\"@type\":\"Person\",\"@id\":\"https:\\\/\\\/akunq.net\\\/tr\\\/#\\\/schema\\\/person\\\/096f1d38a12cce57fb855b485ed24c9e\",\"name\":\"admin\",\"url\":\"https:\\\/\\\/akunq.net\\\/tr\\\/?author=7\"}]}<\/script>\n<!-- \/ Yoast SEO plugin. -->","yoast_head_json":{"title":"Tokatl\u0131 olman\u0131n muhte\u015fem bir \u015fey olmas\u0131 - Bati Ermenistan Ve Bati Ermenileri Sorunlari Ara\u015ftirmalar Merkezi","robots":{"index":"index","follow":"follow","max-snippet":"max-snippet:-1","max-image-preview":"max-image-preview:large","max-video-preview":"max-video-preview:-1"},"canonical":"https:\/\/akunq.net\/tr\/?p=73349","og_locale":"en_US","og_type":"article","og_title":"Tokatl\u0131 olman\u0131n muhte\u015fem bir \u015fey olmas\u0131 - Bati Ermenistan Ve Bati Ermenileri Sorunlari Ara\u015ftirmalar Merkezi","og_description":"Cesar\u2019\u0131n me\u015fhur \u201cVeni, Vidi, Vici\u201d s\u00f6z\u00fcn\u00fc s\u00f6yledi\u011fi, kalesinde Drakula\u2019y\u0131 hapis eden, d\u00fcnyan\u0131n en eski helalar\u0131ndan birinin, S\u0131k Di\u015fini Helas\u0131\u2019n\u0131n bulundu\u011fu, Burhan Alt\u0131ntop\u2019un memleketi Tokat\u2026 Burada ya\u015fayanlar Ye\u015fil\u0131rmak\u2019a deniz g\u00f6z\u00fcyle bak\u0131yor, kendileri i\u00e7in \u201cTokatl\u0131y\u0131z, pek tatl\u0131y\u0131z\u201d diyor ve herkese Tokatl\u0131 olman\u0131n muhte\u015fem bir \u015fey oldu\u011funu anlatmaya \u00e7al\u0131\u015f\u0131yor. Peki, nedir bu Tokat\u2019\u0131n ve Tokatl\u0131lar\u0131n olay\u0131? Serpil Kurtay [&hellip;]","og_url":"https:\/\/akunq.net\/tr\/?p=73349","og_site_name":"Bati Ermenistan Ve Bati Ermenileri Sorunlari Ara\u015ftirmalar Merkezi","article_published_time":"2023-03-30T07:13:39+00:00","og_image":[{"width":750,"height":393,"url":"https:\/\/akunq.net\/tr\/wp-content\/uploads\/sites\/6\/2023\/03\/Tokat-3.webp","type":"image\/webp"}],"author":"admin","twitter_card":"summary_large_image","twitter_misc":{"Written by":"admin","Est. reading time":"15 minutes"},"schema":{"@context":"https:\/\/schema.org","@graph":[{"@type":"Article","@id":"https:\/\/akunq.net\/tr\/?p=73349#article","isPartOf":{"@id":"https:\/\/akunq.net\/tr\/?p=73349"},"author":{"name":"admin","@id":"https:\/\/akunq.net\/tr\/#\/schema\/person\/096f1d38a12cce57fb855b485ed24c9e"},"headline":"Tokatl\u0131 olman\u0131n muhte\u015fem bir \u015fey olmas\u0131","datePublished":"2023-03-30T07:13:39+00:00","mainEntityOfPage":{"@id":"https:\/\/akunq.net\/tr\/?p=73349"},"wordCount":2991,"commentCount":0,"image":{"@id":"https:\/\/akunq.net\/tr\/?p=73349#primaryimage"},"thumbnailUrl":"https:\/\/akunq.net\/tr\/wp-content\/uploads\/sites\/6\/2023\/03\/Tokat-3.webp","articleSection":["Haberler"],"inLanguage":"en-US","potentialAction":[{"@type":"CommentAction","name":"Comment","target":["https:\/\/akunq.net\/tr\/?p=73349#respond"]}]},{"@type":"WebPage","@id":"https:\/\/akunq.net\/tr\/?p=73349","url":"https:\/\/akunq.net\/tr\/?p=73349","name":"Tokatl\u0131 olman\u0131n muhte\u015fem bir \u015fey olmas\u0131 - Bati Ermenistan Ve Bati Ermenileri Sorunlari Ara\u015ftirmalar Merkezi","isPartOf":{"@id":"https:\/\/akunq.net\/tr\/#website"},"primaryImageOfPage":{"@id":"https:\/\/akunq.net\/tr\/?p=73349#primaryimage"},"image":{"@id":"https:\/\/akunq.net\/tr\/?p=73349#primaryimage"},"thumbnailUrl":"https:\/\/akunq.net\/tr\/wp-content\/uploads\/sites\/6\/2023\/03\/Tokat-3.webp","datePublished":"2023-03-30T07:13:39+00:00","author":{"@id":"https:\/\/akunq.net\/tr\/#\/schema\/person\/096f1d38a12cce57fb855b485ed24c9e"},"breadcrumb":{"@id":"https:\/\/akunq.net\/tr\/?p=73349#breadcrumb"},"inLanguage":"en-US","potentialAction":[{"@type":"ReadAction","target":["https:\/\/akunq.net\/tr\/?p=73349"]}]},{"@type":"ImageObject","inLanguage":"en-US","@id":"https:\/\/akunq.net\/tr\/?p=73349#primaryimage","url":"https:\/\/akunq.net\/tr\/wp-content\/uploads\/sites\/6\/2023\/03\/Tokat-3.webp","contentUrl":"https:\/\/akunq.net\/tr\/wp-content\/uploads\/sites\/6\/2023\/03\/Tokat-3.webp","width":750,"height":393},{"@type":"BreadcrumbList","@id":"https:\/\/akunq.net\/tr\/?p=73349#breadcrumb","itemListElement":[{"@type":"ListItem","position":1,"name":"Home","item":"https:\/\/akunq.net\/tr"},{"@type":"ListItem","position":2,"name":"Tokatl\u0131 olman\u0131n muhte\u015fem bir \u015fey olmas\u0131"}]},{"@type":"WebSite","@id":"https:\/\/akunq.net\/tr\/#website","url":"https:\/\/akunq.net\/tr\/","name":"Bati Ermenistan Ve Bati Ermenileri Sorunlari Ara\u015ftirmalar Merkezi","description":"","potentialAction":[{"@type":"SearchAction","target":{"@type":"EntryPoint","urlTemplate":"https:\/\/akunq.net\/tr\/?s={search_term_string}"},"query-input":{"@type":"PropertyValueSpecification","valueRequired":true,"valueName":"search_term_string"}}],"inLanguage":"en-US"},{"@type":"Person","@id":"https:\/\/akunq.net\/tr\/#\/schema\/person\/096f1d38a12cce57fb855b485ed24c9e","name":"admin","url":"https:\/\/akunq.net\/tr\/?author=7"}]}},"_links":{"self":[{"href":"https:\/\/akunq.net\/tr\/index.php?rest_route=\/wp\/v2\/posts\/73349","targetHints":{"allow":["GET"]}}],"collection":[{"href":"https:\/\/akunq.net\/tr\/index.php?rest_route=\/wp\/v2\/posts"}],"about":[{"href":"https:\/\/akunq.net\/tr\/index.php?rest_route=\/wp\/v2\/types\/post"}],"author":[{"embeddable":true,"href":"https:\/\/akunq.net\/tr\/index.php?rest_route=\/wp\/v2\/users\/7"}],"replies":[{"embeddable":true,"href":"https:\/\/akunq.net\/tr\/index.php?rest_route=%2Fwp%2Fv2%2Fcomments&post=73349"}],"version-history":[{"count":1,"href":"https:\/\/akunq.net\/tr\/index.php?rest_route=\/wp\/v2\/posts\/73349\/revisions"}],"predecessor-version":[{"id":73352,"href":"https:\/\/akunq.net\/tr\/index.php?rest_route=\/wp\/v2\/posts\/73349\/revisions\/73352"}],"wp:featuredmedia":[{"embeddable":true,"href":"https:\/\/akunq.net\/tr\/index.php?rest_route=\/wp\/v2\/media\/73351"}],"wp:attachment":[{"href":"https:\/\/akunq.net\/tr\/index.php?rest_route=%2Fwp%2Fv2%2Fmedia&parent=73349"}],"wp:term":[{"taxonomy":"category","embeddable":true,"href":"https:\/\/akunq.net\/tr\/index.php?rest_route=%2Fwp%2Fv2%2Fcategories&post=73349"},{"taxonomy":"post_tag","embeddable":true,"href":"https:\/\/akunq.net\/tr\/index.php?rest_route=%2Fwp%2Fv2%2Ftags&post=73349"}],"curies":[{"name":"wp","href":"https:\/\/api.w.org\/{rel}","templated":true}]}}