{"id":73170,"date":"2023-03-21T03:09:44","date_gmt":"2023-03-21T08:09:44","guid":{"rendered":"https:\/\/akunq.net\/tr\/?p=73170"},"modified":"2023-03-21T03:09:44","modified_gmt":"2023-03-21T08:09:44","slug":"mardin-turkiyenin-gizli-hazinesi","status":"publish","type":"post","link":"https:\/\/akunq.net\/tr\/?p=73170","title":{"rendered":"Mardin: T\u00fcrkiye\u2019nin gizli hazinesi"},"content":{"rendered":"<p><img loading=\"lazy\" decoding=\"async\" class=\"aligncenter size-medium wp-image-73171\" src=\"https:\/\/akunq.net\/tr\/wp-content\/uploads\/2023\/03\/Mardin-360x203.webp\" alt=\"\" width=\"360\" height=\"203\" srcset=\"https:\/\/akunq.net\/tr\/wp-content\/uploads\/sites\/6\/2023\/03\/Mardin-360x203.webp 360w, https:\/\/akunq.net\/tr\/wp-content\/uploads\/sites\/6\/2023\/03\/Mardin-768x432.webp 768w, https:\/\/akunq.net\/tr\/wp-content\/uploads\/sites\/6\/2023\/03\/Mardin-560x315.webp 560w, https:\/\/akunq.net\/tr\/wp-content\/uploads\/sites\/6\/2023\/03\/Mardin-260x146.webp 260w, https:\/\/akunq.net\/tr\/wp-content\/uploads\/sites\/6\/2023\/03\/Mardin-160x90.webp 160w, https:\/\/akunq.net\/tr\/wp-content\/uploads\/sites\/6\/2023\/03\/Mardin.webp 1024w\" sizes=\"auto, (max-width: 360px) 100vw, 360px\" \/><\/p>\n<p><strong><em>T\u00fcrkiye\u2019nin binlerce y\u0131ll\u0131k tarihi her k\u00f6\u015fesinde g\u00f6r\u00fcnebilen antik \u015fehri Mardin.<\/em><\/strong><\/p>\n<p><strong><a href=\"https:\/\/www.haberturk.com\/htgastro\/hteditor\/necmiye-ucansoy-100\">Necmiye U\u00e7ansoy<\/a><\/strong><\/p>\n<p>Yukar\u0131dan bak\u0131ld\u0131\u011f\u0131nda Mardin\u2019in par\u0131lt\u0131l\u0131 beyaz alt\u0131ndan yap\u0131lar\u0131, g\u00fcn\u00fcm\u00fcz Suriyesinin d\u00fczl\u00fcklerine bakan teraslardan bir hat olu\u015fturuyor. Ancak bir zamanlar kent, F\u0131rat ve Dicle nehirleriyle \u00e7evreli Mezopotamya b\u00f6lgesinin bir par\u00e7as\u0131yd\u0131. S\u00fcmerler ve Babiller gibi kadim uygarl\u0131klar\u0131 g\u00f6rm\u00fc\u015f ge\u00e7irmi\u015f olan Mardin, son derece karma\u015f\u0131k bir tarihi yap\u0131ya sahip.<\/p>\n<figure class=\"wp-block-image\"><img decoding=\"async\" src=\"https:\/\/i0.wp.com\/im.haberturk.com\/2023\/03\/10\/ver1679064117\/3572533_8b446e62cfd91c650bc32f32dfbdc9a1.jpg?ssl=1\" alt=\"\" data-recalc-dims=\"1\" \/><\/figure>\n<p>Kadim uygarl\u0131klar\u0131n be\u015fi\u011fi Mardin, \u00f6n\u00fcnde u\u00e7suz bucaks\u0131z uzanan Mezapotamya ovas\u0131na bakan, ba\u015f\u0131 g\u00f6klere de\u011fen zarif ve etkileyici bir ta\u015f \u015fehir olarak her zaman g\u00f6renleri kendine hayran b\u0131rakt\u0131. Kas\u0131m\u0131ye Medresesi, Mor Gabriel Manast\u0131r\u0131, K\u0131rklar Kilisesi, Ulu Cami, Mardin M\u00fczesi, Suryani ve Ezidi k\u00f6yleri g\u00f6r\u00fclmesi gereken yerlerinde ba\u015f\u0131nda geliyor.<\/p>\n<p>Farkl\u0131 dinlere ve dilleri ev sahipli\u011fi yapan UNESCO D\u00fcnya Miras\u0131 Ge\u00e7ici Listesi\u2019nde bulunan Mor Sobo Kilisesi, Meryem Ana Kilisesi (Yoldath Aloho), Deyrulzafaran Manast\u0131r\u0131, Mor Gabriel Manast\u0131r\u0131, Mor Abai Manast\u0131r\u0131, Mor Loozor Manast\u0131r\u0131, Mor Yakup Manast\u0131r\u0131, Mor Quryaqos Kilisesi ve Mor Azozo Kilisesi gibi tarihi mekanlar\u0131yla y\u0131l\u0131n 12 ay\u0131 misafirlerini a\u011f\u0131rl\u0131yor.<\/p>\n<p><strong>Farkl\u0131 farkl\u0131 uygarl\u0131klar<\/strong><\/p>\n<p>Ge\u00e7mi\u015fe \u015f\u00f6yle bir bak\u0131ld\u0131\u011f\u0131nda, hemen hemen her halk zaman\u0131n birinde Mardin\u2019in bir par\u00e7as\u0131na sahip olmu\u015f adeta. M\u00d6 150 ile MS 250 y\u0131llar\u0131 aras\u0131nda Nebati Araplar\u0131n\u0131n evi olmu\u015f mesela; fakat d\u00f6rd\u00fcnc\u00fc y\u00fczy\u0131la gelindi\u011finde, kent, Asurlular taraf\u0131ndan kurulan \u00f6nemli bir S\u00fcryani H\u0131ristiyan yerle\u015fimi halini alm\u0131\u015f ve sonras\u0131nda ise Romal\u0131lar ve Bizansl\u0131lar gelmi\u015f.<\/p>\n<p>11. y\u00fczy\u0131lda, Sel\u00e7uklu T\u00fcrkleri kente sahip olmak i\u00e7in harekete ge\u00e7mi\u015f; ancak 12. y\u00fczy\u0131lda Artuklu Beyli\u011fi\u2019nin geli\u015fiyle planlar\u0131 bozulmu\u015f. K\u00f6kenleri Kuzey Irak\u2019a dayanan bu haneden bu b\u00f6lgede 300 y\u0131l boyunca, Mo\u011follar\u0131n h\u00fckm\u00fc ba\u015flayana dek kontrol sahibi olmu\u015f. Mo\u011follar ise \u0130ran T\u00fcrkmen monar\u015fisi taraf\u0131ndan egemenlikten indirilmi\u015f.<\/p>\n<p>\u0130lgin\u00e7 bir \u015fekilde, 1517 y\u0131l\u0131nda Osmanl\u0131 padi\u015fah\u0131 Yavuz Sultan Selim kentin kontrol\u00fcn\u00fc ele ge\u00e7irdi\u011finde, b\u00f6lgede ya\u015fayan hat\u0131r\u0131 say\u0131l\u0131r bir H\u0131ristiyan n\u00fcfusu bulunuyordu. G\u00fcn\u00fcm\u00fcz Mardin\u2019i i\u015fte bu \u00e7e\u015fitli etnik ve dini k\u00f6kenlerin getirdi\u011fi kendine has bir atmosfere ve tada sahip.<\/p>\n<p>Bu antik \u015fehir, bug\u00fcn de ge\u00e7mi\u015fi de ya\u015fayabilen dinamik ve hayat dolu bir kent.<\/p>\n<figure class=\"wp-block-image\"><a href=\"https:\/\/www.haberturk.com\/htgastro\/seyahat\/mardin-turkiyenin-gizli-hazinesi-3572533#\"><img decoding=\"async\" src=\"https:\/\/i0.wp.com\/im.haberturk.com\/2023\/03\/10\/3572533_9dc2a0cd83b19a217a09ba317f3f1fb7_640x640.jpg?ssl=1\" alt=\"\" data-recalc-dims=\"1\" \/><\/a><\/figure>\n<h3>Mor Gabriel Manast\u0131r\u0131 (Deyrulumur Manast\u0131r\u0131)<\/h3>\n<p>D\u00fcnya Miras\u0131 Ge\u00e7ici Listesi\u2019ne eklen Mor Gabriel Manast\u0131r\u0131\u2019n\u0131n (Deyrulumur Manast\u0131r\u0131) temelleri 397 y\u0131l\u0131nda at\u0131lm\u0131\u015f ve k\u0131sa s\u00fcrede tamamlanm\u0131\u015f. 615 ve 1049\u2019da Metropolitlik Merkezi olan manast\u0131rda, Kral Arcadius zaman\u0131nda Mor \u015eemun taraf\u0131ndan bar\u0131nma ve dua yerleri yap\u0131lm\u0131\u015f. Kral Theodosius (408-450) \u00e7a\u011f\u0131nda lahitlerin konaca\u011f\u0131 abide evi, Meryem Ana Kilisesi, Resuller Kilisesi, K\u0131rk\u015fehit Kilisesi, Mor \u015emuel Mabedi, kral k\u0131z\u0131 Theodora\u2019n\u0131n Mor \u015emuel taraf\u0131ndan iyile\u015ftirilmesi nedeniyle Theodora Kubbesi, Mor \u015elemun Mabedi yap\u0131lm\u0131\u015f.<\/p>\n<p>Mor Gabriel Manast\u0131r\u0131, Yunanistan Athos Da\u011f\u0131\u2019nda kurulu herhangi bir manast\u0131rdan en az 400 y\u0131l daha eski. Filistindeki Mor Saba Manast\u0131r\u0131\u2019ndan yakla\u015f\u0131k 80 y\u0131l, M\u0131s\u0131r Sinai b\u00f6lgesindeki Mort Katherina Manast\u0131r\u0131\u2019ndan da bir bu\u00e7uk as\u0131r \u00f6nce. Manast\u0131r, tarihsel s\u00fcre\u00e7te d\u00f6nem d\u00f6nem farkl\u0131 isimlerle an\u0131lm\u0131\u015f.<\/p>\n<figure class=\"wp-block-image\"><a href=\"https:\/\/www.haberturk.com\/htgastro\/seyahat\/mardin-turkiyenin-gizli-hazinesi-3572533#\"><img decoding=\"async\" src=\"https:\/\/i0.wp.com\/im.haberturk.com\/2023\/03\/10\/3572533_0da0ead47dbd280e50e9a5014f692e7c_640x640.jpg?ssl=1\" alt=\"\" data-recalc-dims=\"1\" \/><\/a><\/figure>\n<h3>Y\u0131lanlar\u0131n krali\u00e7esi:\u00a0\u015eahmaran<\/h3>\n<p>Yar\u0131 y\u0131lan yar\u0131 kad\u0131n bi\u00e7imindeki mitolojik yarat\u0131k \u015eahmaran, ismini Fars\u00e7adan al\u0131yor. \u015eah \u201ckral\u201d anlam\u0131na geliyor (ya da bu durumda krali\u00e7e), \u201cmar\u201d ise y\u0131lan anlam\u0131nda; yani \u015eahmeran y\u0131lanlar\u0131n krali\u00e7esi anlam\u0131nda kullan\u0131l\u0131yor. Anadolu folkloruna g\u00f6re, kendisi Mardin\u2019de ya\u015fam\u0131\u015f.<\/p>\n<p>Efsaneye g\u00f6re, binlerce y\u0131l \u00f6nce yerin yedi kat alt\u0131nda ya\u015fayan y\u0131lanlar vard\u0131. Meran ad\u0131 verilen bu y\u0131lanlar bar\u0131\u015f i\u00e7inde ya\u015f\u0131yordu. Meranlar\u0131n krali\u00e7esi \u015eahmeran gen\u00e7 ve g\u00fczel bir kad\u0131nd\u0131. \u015eahmaran\u0131 g\u00f6ren ilk insan Cem\u015fab fakir bir ailenin o\u011fluydu. Bir g\u00fcn Cem\u015fab ve arkada\u015flar\u0131 bal dolu bir ma\u011fara ke\u015ffetmi\u015f. Bal\u0131 \u00e7\u0131karmak i\u00e7in Cem\u015fab\u2019\u0131 a\u015fa\u011f\u0131ya indiren arkada\u015flar\u0131 paylar\u0131na daha \u00e7ok bal d\u00fc\u015fmesi i\u00e7in onu orada b\u0131rak\u0131p ka\u00e7m\u0131\u015f. Cem\u015fab ma\u011farada bir delik g\u00f6rm\u00fc\u015f ve buradan \u0131\u015f\u0131k s\u0131zd\u0131\u011f\u0131n\u0131 farketmi\u015f. Cebindeki b\u0131\u00e7ak ile deli\u011fi b\u00fcy\u00fct\u00fcnce, \u00f6mr\u00fcnde g\u00f6rmedi\u011fi kadar g\u00fczel bir bah\u00e7e g\u00f6rm\u00fc\u015f. Bu bah\u00e7ede e\u015fi benzeri olmayan \u00e7i\u00e7ekler, havuz ve pek \u00e7ok y\u0131lan g\u00f6rm\u00fc\u015f. Uzun y\u0131llar burada ya\u015fam\u0131\u015f ve \u015eahmaran\u2019\u0131n g\u00fcvenini kazanm\u0131\u015f.<\/p>\n<p>Y\u0131llar sonra, ailesini \u00e7ok \u00f6zledi\u011fini s\u00f6yleyip gitmek i\u00e7in yalvarm\u0131\u015f. Bunun \u00fczerine \u015eahmaran kendisini sal\u0131verece\u011fini, ancak yerini kimseye s\u00f6ylemeyece\u011fine dair s\u00f6z vermesini istemi\u015f. \u015eahmaran\u2019a s\u00f6z verip ailesine kavu\u015fan Cem\u015fab uzun y\u0131llar verdi\u011fi s\u00f6zde durarak \u015eahmaran\u2019\u0131n yerini kimseye s\u00f6ylememi\u015f. Bir g\u00fcn \u00fclkenin padi\u015fah\u0131 hastalanm\u0131\u015f. \u00dclkenin veziri hastal\u0131\u011f\u0131n \u00e7aresinin \u015eahmaran\u2019\u0131n etini yemek oldu\u011funu s\u00f6ylemi\u015f ve her yere haber sal\u0131nm\u0131\u015f. Cem\u015fab kuyunun yerini s\u00f6ylemeye zorlanm\u0131\u015f. Cem\u015fab mecbur kal\u0131p kuyunun yerini g\u00f6sterince \u015eahmaran bulunup d\u0131\u015far\u0131 \u00e7\u0131kar\u0131lm\u0131\u015f. \u015eahmaran Cem\u015fab\u2019a; \u201cBeni toprak \u00e7anakta kaynat\u0131p suyumu Vezire i\u00e7ir, etimi de Padi\u015faha yedir\u201d demi\u015f. B\u00f6ylece vezir \u00f6lm\u00fc\u015f padi\u015fah da iyile\u015fip Cem\u015fab\u2019\u0131 veziri yapm\u0131\u015f.<\/p>\n<p>Efsane bu \u015fekilde\u2026<\/p>\n<figure class=\"wp-block-image\"><a href=\"https:\/\/www.haberturk.com\/htgastro\/seyahat\/mardin-turkiyenin-gizli-hazinesi-3572533#\"><img decoding=\"async\" src=\"https:\/\/i0.wp.com\/im.haberturk.com\/2023\/03\/10\/3572533_76f84f5f99635b5a60de4168501b32a4_640x640.jpg?ssl=1\" alt=\"\" data-recalc-dims=\"1\" \/><\/a><\/figure>\n<h3>Mor Benham ya da K\u0131rklar Kilisesi<\/h3>\n<p>Mor Behram olarak da bilinen K\u0131rklar Kilisesi \u00f6rne\u011fin, yedi S\u00fcryani Ortodoks kilisesinden biri. MS 569 y\u0131l\u0131nda in\u015fa edilmi\u015f olan kilise 40 \u015eehit Kilisesi olarak da biliniyor ve bu ad\u0131 1170 y\u0131l\u0131nda buraya getirilen 40 \u015fehidin kal\u0131nt\u0131lar\u0131ndan al\u0131yor.<\/p>\n<figure class=\"wp-block-image size-full\"><img loading=\"lazy\" decoding=\"async\" class=\"wp-image-490402\" src=\"https:\/\/i0.wp.com\/hyetert.org\/wp-content\/uploads\/2023\/03\/3572533_f36b3b58512d858374d7205a7137932a_640x640.jpg?resize=640%2C479&amp;ssl=1\" sizes=\"auto, (max-width: 640px) 100vw, 640px\" srcset=\"https:\/\/i0.wp.com\/hyetert.org\/wp-content\/uploads\/2023\/03\/3572533_f36b3b58512d858374d7205a7137932a_640x640.jpg?w=640&amp;ssl=1 640w, https:\/\/i0.wp.com\/hyetert.org\/wp-content\/uploads\/2023\/03\/3572533_f36b3b58512d858374d7205a7137932a_640x640.jpg?resize=300%2C225&amp;ssl=1 300w\" alt=\"\" width=\"640\" height=\"479\" data-recalc-dims=\"1\" \/><\/figure>\n<p>Mimari a\u00e7\u0131dan bak\u0131ld\u0131\u011f\u0131nda, kilise, basitli\u011fin d\u0131\u015fa vurumu gibi adeta. Tepesinde bir ha\u00e7 olan zarif kubbeli \u00e7an kulesi, alt\u0131ndan ta\u015f duvarlarla \u00e7evrili dikd\u00f6rtgen bir avluda bulunuyor. \u0130\u00e7eride ise Arami Hristiyanlar\u0131 taraf\u0131ndan 700 y\u0131ldan fazlad\u0131r s\u00fcrd\u00fcr\u00fclen gelenekler hala d\u00fczenli bir \u015fekilde insanlar\u0131n hizmetine sunuluyor.<\/p>\n<figure class=\"wp-block-image\"><a href=\"https:\/\/www.haberturk.com\/htgastro\/seyahat\/mardin-turkiyenin-gizli-hazinesi-3572533#\"><img decoding=\"async\" src=\"https:\/\/i0.wp.com\/im.haberturk.com\/2023\/03\/10\/3572533_63a0769e35541981b7bd717241d85952_640x640.jpg?ssl=1\" alt=\"\" data-recalc-dims=\"1\" \/><\/a><\/figure>\n<h3>Zinciriye Medresesi<\/h3>\n<p>Artuklu d\u00f6neminin g\u00f6rkemli mimari \u00f6rneklerinden bir di\u011feri 1385 y\u0131l\u0131nda in\u015fa edilmi\u015f olan Zinciriye Medresesi. \u0130sa Bey Medresesi olarak da bilinen e\u011fitim kurumu, ta\u015f yontmac\u0131l\u0131\u011f\u0131n\u0131n nefis \u00f6rneklerini i\u00e7eren muhte\u015fem bir giri\u015fe sahip. Ta\u015f kubbelerin oluklu yap\u0131s\u0131 onlar\u0131 havadan daha hafifmi\u015f gibi g\u00f6steriyor. Yemye\u015fil bah\u00e7elerin g\u00f6sterdi\u011fi yolun sonunda ise Mekke\u2019ye do\u011fru bakan s\u00fcsl\u00fc mihrab\u0131yla k\u00fc\u00e7\u00fck bir cami bulunuyor.<\/p>\n<figure class=\"wp-block-image\"><a href=\"https:\/\/www.haberturk.com\/htgastro\/seyahat\/mardin-turkiyenin-gizli-hazinesi-3572533#\"><img decoding=\"async\" src=\"https:\/\/i0.wp.com\/im.haberturk.com\/2023\/03\/10\/3572533_8f1b478429fa602ceb0d85b7cfe1caec_640x640.jpg?ssl=1\" alt=\"\" data-recalc-dims=\"1\" \/><\/a><\/figure>\n<h3>Deyrulzafaran Manast\u0131r\u0131<\/h3>\n<p>\u015eehrin birka\u00e7 kilometre d\u0131\u015f\u0131ndaki kasvetli ama heybetli Deyrulzafaran Manast\u0131r\u0131 ve S\u00fcryani Ortodoks Patrikhanesinin orijinal merkezi de g\u00f6rmeden ge\u00e7memeniz gerekenlerden. Geni\u015f mi geni\u015f duvarlar\u0131yla b\u00fcy\u00fcleyen yap\u0131, yaln\u0131zca g\u00fcne\u015fe tap\u0131nmaya adanm\u0131\u015f bir b\u00f6lgeye in\u015fa edilmi\u015f.<\/p>\n<p>Manast\u0131r, M\u00d6 G\u00fcne\u015f Tap\u0131na\u011f\u0131, daha sonra da Romal\u0131lar taraf\u0131ndan kale olarak kullan\u0131lan bir kompleks \u00fczerine in\u015fa edildi. Romal\u0131lar b\u00f6lgeden \u00e7ekilince Aziz \u015eleymun baz\u0131 azizlerin kemiklerini buraya getirterek kaleyi manast\u0131ra \u00e7evirdi. Bu nedenle Manast\u0131r, \u00f6nceleri Mor \u015eleymun Manast\u0131r\u0131 olarak biliniyordu. Mardin ve Kefert\u00fcth Metropoliti Aziz Hananyo\u2019nun 793 y\u0131l\u0131ndan ba\u015flayarak b\u00fcy\u00fck bir tadilat yapmas\u0131ndan sonra Manast\u0131r onun ad\u0131yla, Mor Hananyo Manast\u0131r\u0131 olarak bilindi. 15. y\u00fczy\u0131ldan sonra da Manast\u0131r\u2019\u0131n etraf\u0131nda yeti\u015fen zafaran (safran) bitkisinden dolay\u0131 Manast\u0131r, Deyrulzafaran (Safran Manast\u0131r\u0131) ad\u0131 ile an\u0131lmaya ba\u015fland\u0131. Manast\u0131r bug\u00fcn de S\u00fcryani Kilisesi\u2019nin \u00f6nemli dini merkezlerinden biridir. Mardin Metropoliti\u2019nin ikametgah\u0131 olan Deyrulzafaran Manast\u0131r\u0131, d\u00fcnyan\u0131n d\u00f6rt bir yan\u0131na da\u011f\u0131lm\u0131\u015f S\u00fcryaniler taraf\u0131ndan dua ve bereket almak i\u00e7in ziyaret edilir. Yine binlerce yerli ve yabanc\u0131 turist, k\u0131sa veya uzun bir yol kat ederek manast\u0131r\u0131 ziyaret etmektedirler.<\/p>\n<p>Persler taraf\u0131ndan y\u0131k\u0131lm\u0131\u015f ve sonras\u0131nda 14. y\u00fczy\u0131lda Mo\u011follar taraf\u0131ndan ya\u011fmalanm\u0131\u015f olsa da orijinal yeralt\u0131 mabedi varl\u0131\u011f\u0131n\u0131 hala koruyor. Burada rehberli turlar arac\u0131l\u0131\u011f\u0131yla 300 y\u0131ll\u0131k oyma ah\u015fap kap\u0131lardan ge\u00e7ip S\u00fcryanice yaz\u0131lar\u0131 okumaya \u00e7al\u0131\u015fabilir, y\u00fczy\u0131llar \u00f6nce yap\u0131lm\u0131\u015f ah\u015fap tahtlar\u0131 g\u00f6rebilir, \u0130ncil\u2019den sahnelerin elde i\u015flenmi\u015f zarif nak\u0131\u015flar\u0131n\u0131 ve benzeri dini aksesuarlar\u0131 inceleyebilirsiniz.<\/p>\n<figure class=\"wp-block-image\"><a href=\"https:\/\/www.haberturk.com\/htgastro\/seyahat\/mardin-turkiyenin-gizli-hazinesi-3572533#\"><img decoding=\"async\" src=\"https:\/\/i0.wp.com\/im.haberturk.com\/2023\/03\/10\/3572533_c5df97144a9a0f20061ad1016e501158_640x640.jpg?ssl=1\" alt=\"\" data-recalc-dims=\"1\" \/><\/a><\/figure>\n<h3>Dara Antik Kenti<\/h3>\n<p>Mardin\u2019in hemen d\u0131\u015f\u0131nda, 1986 y\u0131l\u0131ndan beri Dara\u2019da y\u00fcr\u00fct\u00fclen kaz\u0131larda \u00f6nemli bir Do\u011fu Roma askeri kent g\u00fcn y\u00fcz\u00fcne \u00e7\u0131kar\u0131l\u0131yor. Elde edilen bulgular son derece zengin. \u00d6rne\u011fin en son ge\u00e7mi\u015fi 6. y\u00fczy\u0131la kadar dayanan bir zeytin at\u00f6lyesi bulundu. Bu ke\u015fif, \u015fehrin askeri anla\u015fmazl\u0131klarla dolu tarihinin yan\u0131 s\u0131ra \u00f6nemli bir zeytinya\u011f\u0131 \u00fcretim ve ticaret merkezi oldu\u011funu ortaya koyuyor.<\/p>\n<figure class=\"wp-block-image\"><a href=\"https:\/\/www.haberturk.com\/htgastro\/seyahat\/mardin-turkiyenin-gizli-hazinesi-3572533#\"><img decoding=\"async\" src=\"https:\/\/i0.wp.com\/im.haberturk.com\/2023\/03\/10\/3572533_66804ed7f3b62205e8fa7d68a971da4f_640x640.jpg?ssl=1\" alt=\"\" data-recalc-dims=\"1\" \/><\/a><\/figure>\n<h3>Dara Zindanlar\u0131 (Babil\u2019in zindanlar\u0131)<\/h3>\n<p>Mezopotamya\u2019n\u0131n orijinal sulama sistemlerinden geri kalan bir\u00e7ok yeralt\u0131 sarn\u0131c\u0131 da ziyarete a\u00e7\u0131k. Hatta bir tanesi o kadar devasa ki yerli halk taraf\u0131ndan zindan olarak tan\u0131mlan\u0131yor ve zaman\u0131nda bir hapishane olarak kullan\u0131ld\u0131\u011f\u0131na dair hikayeler anlat\u0131l\u0131yor.<\/p>\n<p>\u0130zmir\u2019deki Efes Antik Kenti\u2019ne benzerli\u011fi nedeniyle G\u00fcneydo\u011fu Anadolu B\u00f6lgesi\u2019nin \u2018Efes\u2019i olarak bilinen, Do\u011fu Roma \u0130mparatorlu\u011fu\u2019nun, s\u0131n\u0131r\u0131n\u0131 Sasanilere kar\u015f\u0131 korumak amac\u0131yla kurdu\u011fu Mardin\u2019deki Dara Antik kentinde bulunan zindanlar her sene ziyaret\u00e7i ak\u0131n\u0131na u\u011fruyor.<\/p>\n<figure class=\"wp-block-image\"><a href=\"https:\/\/www.haberturk.com\/htgastro\/seyahat\/mardin-turkiyenin-gizli-hazinesi-3572533#\"><img decoding=\"async\" src=\"https:\/\/i0.wp.com\/im.haberturk.com\/2023\/03\/10\/3572533_eaa2f9243c892b91260fc5ca779f37af_640x640.jpg?ssl=1\" alt=\"\" data-recalc-dims=\"1\" \/><\/a><\/figure>\n<h3>Abd\u00fcllatif Cami<\/h3>\n<p>1371\u2019de Artuklu sultanlar\u0131ndan Melik Salih ve Melik Muzaffer zaman\u0131nda g\u00f6rev alm\u0131\u015f Abd\u00fcllatif bin Abdullah taraf\u0131ndan, minaresi M\u0131s\u0131r Valisi Muhammed Ziya Tayyar Pa\u015fa taraf\u0131ndan in\u015fa ettirilmi\u015f. Abd\u00fcllatif Caminin dekorasyonu kiliselerin sadeli\u011fi ile g\u00f6z al\u0131c\u0131 bir kontrast yarat\u0131r. Caminin iki b\u00fcy\u00fck kap\u0131s\u0131 o kadar incelikle i\u015flenmi\u015f ki ta\u015ftan yap\u0131ld\u0131klar\u0131na inanmak ger\u00e7ekten zor. G\u00f6m\u00fcl\u00fc bir damlata\u015f\u0131 oyma, tasar\u0131m\u0131n merkezini olu\u015fturuyor; \u00e7evresi ise dikey ve yatay desenlerle bezenmi\u015f ta\u015f i\u015flemeleriyle dolu.<\/p>\n<figure class=\"wp-block-image\"><a href=\"https:\/\/www.haberturk.com\/htgastro\/seyahat\/mardin-turkiyenin-gizli-hazinesi-3572533#\"><img decoding=\"async\" src=\"https:\/\/i0.wp.com\/im.haberturk.com\/2023\/03\/10\/3572533_1f185083e3b2338f832aa7d0decca81a_640x640.jpg?ssl=1\" alt=\"\" data-recalc-dims=\"1\" \/><\/a><\/figure>\n<h3>Mardin \u015eehir M\u00fczesi<\/h3>\n<p>Ermeni mimar Elyas Lole taraf\u0131ndan 1890 y\u0131l\u0131nda in\u015fa edilen s\u00fcvari k\u0131\u015flas\u0131 ise \u015fu anda Sak\u0131p Sabanc\u0131 Mardin \u015eehir M\u00fczesine ev sahipli\u011fi yap\u0131yor. M\u00fcze, ger\u00e7ek hayattan \u00e7\u0131km\u0131\u015f gibi g\u00f6r\u00fcnen tablolar\u0131 ve \u00e7a\u011fda\u015f sergileri ile Mardin\u2019in g\u00fcnl\u00fck hayat\u0131n\u0131n hem ge\u00e7mi\u015fine hem de bug\u00fcn\u00fcne \u0131\u015f\u0131k tutuyor.<\/p>\n<figure class=\"wp-block-image\"><a href=\"https:\/\/www.haberturk.com\/htgastro\/seyahat\/mardin-turkiyenin-gizli-hazinesi-3572533#\"><img decoding=\"async\" src=\"https:\/\/i0.wp.com\/im.haberturk.com\/2023\/03\/10\/3572533_57672a9ecfb0af678691cd2f2a0acaea_640x640.jpg?ssl=1\" alt=\"\" data-recalc-dims=\"1\" \/><\/a><\/figure>\n<h3>Mardin M\u00fczesi<\/h3>\n<p>Eski S\u00fcryani Katolik Patrikhanesi\u2019nde bulunan Mardin M\u00fczesinde Mezopotamya ve Asur kal\u0131nt\u0131lar\u0131, Roma mozaikleri ve Osmanl\u0131dan kalan e\u015fyalar\u0131 ile \u015fehrin antik tarihi g\u00f6zler \u00f6n\u00fcne seriliyor.<\/p>\n<figure class=\"wp-block-image\"><a href=\"https:\/\/www.haberturk.com\/htgastro\/seyahat\/mardin-turkiyenin-gizli-hazinesi-3572533#\"><img decoding=\"async\" src=\"https:\/\/i0.wp.com\/im.haberturk.com\/2023\/03\/10\/3572533_9706f2e0fa4933150c670e0959aad54d_640x640.jpg?ssl=1\" alt=\"\" data-recalc-dims=\"1\" \/><\/a><\/figure>\n<h3>Mardin Ulu Cami<\/h3>\n<p>Mardin\u2019de nereye giderseniz gidin ba\u015f d\u00f6nd\u00fcren manzaralar \u00f6n\u00fcn\u00fcz\u00fc kesiyor. Ulu cami \u00f6rne\u011fin, Sel\u00e7uklu, Artuk ve Osmanl\u0131 s\u00fcslemeleri ile bezenmi\u015f ayaktaki tek minaresiyle ziyaret\u00e7ilerin ak\u0131n\u0131na u\u011fruyor. Detaylara verilen bu saplant\u0131l\u0131 \u00f6nem, \u00f6zellikle telk\u00e2ri sanat\u0131nda g\u00f6steriyor kendini; tel i\u015flemeden yap\u0131lan bu g\u00fcm\u00fc\u015f m\u00fccevherler b\u00f6lgedeki d\u00fckkanlar\u0131n \u00e7o\u011funda sat\u0131l\u0131yor, genelde kom\u015fu Midyat\u2019taki aile i\u015fletmelerinde \u00fcretilseler de\u2026\u00a0Farkl\u0131 medeniyetlere ait \u00e7ok say\u0131da tarihi yap\u0131y\u0131 b\u00fcnyesinde bar\u0131nd\u0131ran Mardin\u2019de, 845 y\u0131ll\u0131k Ulu Cami, duvar\u0131na i\u015flenen ve kentte vergilerin kald\u0131r\u0131ld\u0131\u011f\u0131n\u0131 bildiren kararlar\u0131n yaz\u0131l\u0131 oldu\u011fu \u201cVergi Muafiyet Kitabesi\u201dyle dikkati \u00e7ekiyor.<\/p>\n<figure class=\"wp-block-image\"><a href=\"https:\/\/www.haberturk.com\/htgastro\/seyahat\/mardin-turkiyenin-gizli-hazinesi-3572533#\"><img decoding=\"async\" src=\"https:\/\/i0.wp.com\/im.haberturk.com\/2023\/03\/10\/3572533_0c6d5aa231d45d312f987666905bee7a_640x640.jpg?ssl=1\" alt=\"\" data-recalc-dims=\"1\" \/><\/a><\/figure>\n<h3>Mardin Kalesi<\/h3>\n<p>\u015eehrin bir di\u011fer \u00f6nemli ziyaret noktas\u0131, Mardin kalesi; Roma d\u00f6neminde \u015fehir Marida olarak adland\u0131r\u0131l\u0131yordu, antik Neo-Arami dilinde \u201ckale\u201d anlam\u0131nda. Kale, \u015fehrin olduk\u00e7a y\u00fcksek bir noktas\u0131nda bulunuyor ve \u015fehirden ba\u011flanan y\u00fcr\u00fcy\u00fc\u015f yolu neredeyse t\u00fcm kap\u0131lara ge\u00e7it verse de kale ziyarete a\u00e7\u0131k de\u011fil.<\/p>\n<figure class=\"wp-block-image\"><a href=\"https:\/\/www.haberturk.com\/htgastro\/seyahat\/mardin-turkiyenin-gizli-hazinesi-3572533#\"><img decoding=\"async\" src=\"https:\/\/i0.wp.com\/im.haberturk.com\/2023\/03\/10\/3572533_20ba62363689f52cd705a8d159fe08bf_640x640.jpg?ssl=1\" alt=\"\" data-recalc-dims=\"1\" \/><\/a><\/figure>\n<h3>S\u00fcryani lezzetleri<\/h3>\n<p>\u015eehrin ziyaret\u00e7ilerine sundu\u011fu bir di\u011fer keyif unsuru ise leziz mi leziz S\u00fcryani yemekleri, y\u00f6resel yemekler ve \u015farap t\u00fcrleri. Yerel \u015farap \u00fcreticilerinin \u00e7o\u011fu S\u00fcryani ve bu \u00fcreticiler antik gelenekleri s\u00fcrd\u00fcrerek yerel \u00fcz\u00fcmlerle \u00fclkenin hi\u00e7bir yerinde bulunamayan muhte\u015fem \u015faraplar \u00fcretiyorlar. Mardin\u2019in \u00e7ok k\u00fclt\u00fcrl\u00fc yap\u0131s\u0131na sayg\u0131 duru\u015fu gibi adeta\u2026 Mardin mutfa\u011f\u0131nda yemekler biberli, sal\u00e7al\u0131 ve bol baharatl\u0131. Et a\u011f\u0131rl\u0131kl\u0131 men\u00fclere sahip Mardin mutfa\u011f\u0131nda yemeklerin g\u00fcm\u00fc\u015f veya bak\u0131r tepsilerde servis edildi\u011fine \u015fahit olabilirsiniz. Kibbe dolmas\u0131, lebeniye \u00e7orbas\u0131, genadir \u00e7orbas\u0131, harire tatl\u0131s\u0131, kuru patl\u0131can dolmas\u0131, accin, zingil tatl\u0131s\u0131, ki\u015fk \u00e7orbas\u0131, kahiye tatl\u0131s\u0131, Mardin \u00e7\u00f6re\u011fi(kili\u00e7e), \u00e7a\u011fla yeme\u011fi, muhammara, sembusek, cevizli b\u00f6rek, peynir helvas\u0131, kaburga dolmas\u0131, ikbebet, so\u011fanl\u0131 Mardin kebab\u0131 ya da ha\u015flama i\u00e7li k\u00f6fte Mardin\u2019de deneyebilece\u011finiz y\u00f6resel lezzetlerden.<\/p>\n<p><em><strong><a href=\"https:\/\/www.haberturk.com\/htgastro\/seyahat\/mardin-turkiyenin-gizli-hazinesi-3572533\/2\">https:\/\/www.haberturk.com\/htgastro\/seyahat\/mardin-turkiyenin-gizli-hazinesi-3572533\/2<\/a>\u00a0<\/strong><\/em><\/p>\n","protected":false},"excerpt":{"rendered":"<p>T\u00fcrkiye\u2019nin binlerce y\u0131ll\u0131k tarihi her k\u00f6\u015fesinde g\u00f6r\u00fcnebilen antik \u015fehri Mardin. Necmiye U\u00e7ansoy Yukar\u0131dan bak\u0131ld\u0131\u011f\u0131nda Mardin\u2019in par\u0131lt\u0131l\u0131 beyaz alt\u0131ndan yap\u0131lar\u0131, g\u00fcn\u00fcm\u00fcz Suriyesinin d\u00fczl\u00fcklerine bakan teraslardan bir hat olu\u015fturuyor. Ancak bir zamanlar kent, F\u0131rat ve Dicle nehirleriyle \u00e7evreli Mezopotamya b\u00f6lgesinin bir par\u00e7as\u0131yd\u0131. S\u00fcmerler ve Babiller gibi kadim uygarl\u0131klar\u0131 g\u00f6rm\u00fc\u015f ge\u00e7irmi\u015f olan Mardin, son derece karma\u015f\u0131k bir tarihi [&hellip;]<\/p>\n","protected":false},"author":7,"featured_media":73172,"comment_status":"open","ping_status":"open","sticky":false,"template":"","format":"standard","meta":{"footnotes":""},"categories":[1],"tags":[],"class_list":["post-73170","post","type-post","status-publish","format-standard","has-post-thumbnail","hentry","category-haberler"],"yoast_head":"<!-- This site is optimized with the Yoast SEO plugin v27.4 - https:\/\/yoast.com\/product\/yoast-seo-wordpress\/ -->\n<title>Mardin: T\u00fcrkiye\u2019nin gizli hazinesi - Bati Ermenistan Ve Bati Ermenileri Sorunlari Ara\u015ftirmalar Merkezi<\/title>\n<meta name=\"robots\" content=\"index, follow, max-snippet:-1, max-image-preview:large, max-video-preview:-1\" \/>\n<link rel=\"canonical\" href=\"https:\/\/akunq.net\/tr\/?p=73170\" \/>\n<meta property=\"og:locale\" content=\"en_US\" \/>\n<meta property=\"og:type\" content=\"article\" \/>\n<meta property=\"og:title\" content=\"Mardin: T\u00fcrkiye\u2019nin gizli hazinesi - Bati Ermenistan Ve Bati Ermenileri Sorunlari Ara\u015ftirmalar Merkezi\" \/>\n<meta property=\"og:description\" content=\"T\u00fcrkiye\u2019nin binlerce y\u0131ll\u0131k tarihi her k\u00f6\u015fesinde g\u00f6r\u00fcnebilen antik \u015fehri Mardin. Necmiye U\u00e7ansoy Yukar\u0131dan bak\u0131ld\u0131\u011f\u0131nda Mardin\u2019in par\u0131lt\u0131l\u0131 beyaz alt\u0131ndan yap\u0131lar\u0131, g\u00fcn\u00fcm\u00fcz Suriyesinin d\u00fczl\u00fcklerine bakan teraslardan bir hat olu\u015fturuyor. Ancak bir zamanlar kent, F\u0131rat ve Dicle nehirleriyle \u00e7evreli Mezopotamya b\u00f6lgesinin bir par\u00e7as\u0131yd\u0131. S\u00fcmerler ve Babiller gibi kadim uygarl\u0131klar\u0131 g\u00f6rm\u00fc\u015f ge\u00e7irmi\u015f olan Mardin, son derece karma\u015f\u0131k bir tarihi [&hellip;]\" \/>\n<meta property=\"og:url\" content=\"https:\/\/akunq.net\/tr\/?p=73170\" \/>\n<meta property=\"og:site_name\" content=\"Bati Ermenistan Ve Bati Ermenileri Sorunlari Ara\u015ftirmalar Merkezi\" \/>\n<meta property=\"article:published_time\" content=\"2023-03-21T08:09:44+00:00\" \/>\n<meta property=\"og:image\" content=\"https:\/\/akunq.net\/tr\/wp-content\/uploads\/sites\/6\/2023\/03\/Mardin-1.webp\" \/>\n\t<meta property=\"og:image:width\" content=\"1024\" \/>\n\t<meta property=\"og:image:height\" content=\"576\" \/>\n\t<meta property=\"og:image:type\" content=\"image\/webp\" \/>\n<meta name=\"author\" content=\"admin\" \/>\n<meta name=\"twitter:card\" content=\"summary_large_image\" \/>\n<meta name=\"twitter:label1\" content=\"Written by\" \/>\n\t<meta name=\"twitter:data1\" content=\"admin\" \/>\n\t<meta name=\"twitter:label2\" content=\"Est. reading time\" \/>\n\t<meta name=\"twitter:data2\" content=\"11 minutes\" \/>\n<script type=\"application\/ld+json\" class=\"yoast-schema-graph\">{\"@context\":\"https:\\\/\\\/schema.org\",\"@graph\":[{\"@type\":\"Article\",\"@id\":\"https:\\\/\\\/akunq.net\\\/tr\\\/?p=73170#article\",\"isPartOf\":{\"@id\":\"https:\\\/\\\/akunq.net\\\/tr\\\/?p=73170\"},\"author\":{\"name\":\"admin\",\"@id\":\"https:\\\/\\\/akunq.net\\\/tr\\\/#\\\/schema\\\/person\\\/096f1d38a12cce57fb855b485ed24c9e\"},\"headline\":\"Mardin: T\u00fcrkiye\u2019nin gizli hazinesi\",\"datePublished\":\"2023-03-21T08:09:44+00:00\",\"mainEntityOfPage\":{\"@id\":\"https:\\\/\\\/akunq.net\\\/tr\\\/?p=73170\"},\"wordCount\":2201,\"commentCount\":0,\"image\":{\"@id\":\"https:\\\/\\\/akunq.net\\\/tr\\\/?p=73170#primaryimage\"},\"thumbnailUrl\":\"https:\\\/\\\/akunq.net\\\/tr\\\/wp-content\\\/uploads\\\/sites\\\/6\\\/2023\\\/03\\\/Mardin-1.webp\",\"articleSection\":[\"Haberler\"],\"inLanguage\":\"en-US\",\"potentialAction\":[{\"@type\":\"CommentAction\",\"name\":\"Comment\",\"target\":[\"https:\\\/\\\/akunq.net\\\/tr\\\/?p=73170#respond\"]}]},{\"@type\":\"WebPage\",\"@id\":\"https:\\\/\\\/akunq.net\\\/tr\\\/?p=73170\",\"url\":\"https:\\\/\\\/akunq.net\\\/tr\\\/?p=73170\",\"name\":\"Mardin: T\u00fcrkiye\u2019nin gizli hazinesi - Bati Ermenistan Ve Bati Ermenileri Sorunlari Ara\u015ftirmalar Merkezi\",\"isPartOf\":{\"@id\":\"https:\\\/\\\/akunq.net\\\/tr\\\/#website\"},\"primaryImageOfPage\":{\"@id\":\"https:\\\/\\\/akunq.net\\\/tr\\\/?p=73170#primaryimage\"},\"image\":{\"@id\":\"https:\\\/\\\/akunq.net\\\/tr\\\/?p=73170#primaryimage\"},\"thumbnailUrl\":\"https:\\\/\\\/akunq.net\\\/tr\\\/wp-content\\\/uploads\\\/sites\\\/6\\\/2023\\\/03\\\/Mardin-1.webp\",\"datePublished\":\"2023-03-21T08:09:44+00:00\",\"author\":{\"@id\":\"https:\\\/\\\/akunq.net\\\/tr\\\/#\\\/schema\\\/person\\\/096f1d38a12cce57fb855b485ed24c9e\"},\"breadcrumb\":{\"@id\":\"https:\\\/\\\/akunq.net\\\/tr\\\/?p=73170#breadcrumb\"},\"inLanguage\":\"en-US\",\"potentialAction\":[{\"@type\":\"ReadAction\",\"target\":[\"https:\\\/\\\/akunq.net\\\/tr\\\/?p=73170\"]}]},{\"@type\":\"ImageObject\",\"inLanguage\":\"en-US\",\"@id\":\"https:\\\/\\\/akunq.net\\\/tr\\\/?p=73170#primaryimage\",\"url\":\"https:\\\/\\\/akunq.net\\\/tr\\\/wp-content\\\/uploads\\\/sites\\\/6\\\/2023\\\/03\\\/Mardin-1.webp\",\"contentUrl\":\"https:\\\/\\\/akunq.net\\\/tr\\\/wp-content\\\/uploads\\\/sites\\\/6\\\/2023\\\/03\\\/Mardin-1.webp\",\"width\":1024,\"height\":576},{\"@type\":\"BreadcrumbList\",\"@id\":\"https:\\\/\\\/akunq.net\\\/tr\\\/?p=73170#breadcrumb\",\"itemListElement\":[{\"@type\":\"ListItem\",\"position\":1,\"name\":\"Home\",\"item\":\"https:\\\/\\\/akunq.net\\\/tr\"},{\"@type\":\"ListItem\",\"position\":2,\"name\":\"Mardin: T\u00fcrkiye\u2019nin gizli hazinesi\"}]},{\"@type\":\"WebSite\",\"@id\":\"https:\\\/\\\/akunq.net\\\/tr\\\/#website\",\"url\":\"https:\\\/\\\/akunq.net\\\/tr\\\/\",\"name\":\"Bati Ermenistan Ve Bati Ermenileri Sorunlari Ara\u015ftirmalar Merkezi\",\"description\":\"\",\"potentialAction\":[{\"@type\":\"SearchAction\",\"target\":{\"@type\":\"EntryPoint\",\"urlTemplate\":\"https:\\\/\\\/akunq.net\\\/tr\\\/?s={search_term_string}\"},\"query-input\":{\"@type\":\"PropertyValueSpecification\",\"valueRequired\":true,\"valueName\":\"search_term_string\"}}],\"inLanguage\":\"en-US\"},{\"@type\":\"Person\",\"@id\":\"https:\\\/\\\/akunq.net\\\/tr\\\/#\\\/schema\\\/person\\\/096f1d38a12cce57fb855b485ed24c9e\",\"name\":\"admin\",\"url\":\"https:\\\/\\\/akunq.net\\\/tr\\\/?author=7\"}]}<\/script>\n<!-- \/ Yoast SEO plugin. -->","yoast_head_json":{"title":"Mardin: T\u00fcrkiye\u2019nin gizli hazinesi - Bati Ermenistan Ve Bati Ermenileri Sorunlari Ara\u015ftirmalar Merkezi","robots":{"index":"index","follow":"follow","max-snippet":"max-snippet:-1","max-image-preview":"max-image-preview:large","max-video-preview":"max-video-preview:-1"},"canonical":"https:\/\/akunq.net\/tr\/?p=73170","og_locale":"en_US","og_type":"article","og_title":"Mardin: T\u00fcrkiye\u2019nin gizli hazinesi - Bati Ermenistan Ve Bati Ermenileri Sorunlari Ara\u015ftirmalar Merkezi","og_description":"T\u00fcrkiye\u2019nin binlerce y\u0131ll\u0131k tarihi her k\u00f6\u015fesinde g\u00f6r\u00fcnebilen antik \u015fehri Mardin. Necmiye U\u00e7ansoy Yukar\u0131dan bak\u0131ld\u0131\u011f\u0131nda Mardin\u2019in par\u0131lt\u0131l\u0131 beyaz alt\u0131ndan yap\u0131lar\u0131, g\u00fcn\u00fcm\u00fcz Suriyesinin d\u00fczl\u00fcklerine bakan teraslardan bir hat olu\u015fturuyor. Ancak bir zamanlar kent, F\u0131rat ve Dicle nehirleriyle \u00e7evreli Mezopotamya b\u00f6lgesinin bir par\u00e7as\u0131yd\u0131. S\u00fcmerler ve Babiller gibi kadim uygarl\u0131klar\u0131 g\u00f6rm\u00fc\u015f ge\u00e7irmi\u015f olan Mardin, son derece karma\u015f\u0131k bir tarihi [&hellip;]","og_url":"https:\/\/akunq.net\/tr\/?p=73170","og_site_name":"Bati Ermenistan Ve Bati Ermenileri Sorunlari Ara\u015ftirmalar Merkezi","article_published_time":"2023-03-21T08:09:44+00:00","og_image":[{"width":1024,"height":576,"url":"https:\/\/akunq.net\/tr\/wp-content\/uploads\/sites\/6\/2023\/03\/Mardin-1.webp","type":"image\/webp"}],"author":"admin","twitter_card":"summary_large_image","twitter_misc":{"Written by":"admin","Est. reading time":"11 minutes"},"schema":{"@context":"https:\/\/schema.org","@graph":[{"@type":"Article","@id":"https:\/\/akunq.net\/tr\/?p=73170#article","isPartOf":{"@id":"https:\/\/akunq.net\/tr\/?p=73170"},"author":{"name":"admin","@id":"https:\/\/akunq.net\/tr\/#\/schema\/person\/096f1d38a12cce57fb855b485ed24c9e"},"headline":"Mardin: T\u00fcrkiye\u2019nin gizli hazinesi","datePublished":"2023-03-21T08:09:44+00:00","mainEntityOfPage":{"@id":"https:\/\/akunq.net\/tr\/?p=73170"},"wordCount":2201,"commentCount":0,"image":{"@id":"https:\/\/akunq.net\/tr\/?p=73170#primaryimage"},"thumbnailUrl":"https:\/\/akunq.net\/tr\/wp-content\/uploads\/sites\/6\/2023\/03\/Mardin-1.webp","articleSection":["Haberler"],"inLanguage":"en-US","potentialAction":[{"@type":"CommentAction","name":"Comment","target":["https:\/\/akunq.net\/tr\/?p=73170#respond"]}]},{"@type":"WebPage","@id":"https:\/\/akunq.net\/tr\/?p=73170","url":"https:\/\/akunq.net\/tr\/?p=73170","name":"Mardin: T\u00fcrkiye\u2019nin gizli hazinesi - Bati Ermenistan Ve Bati Ermenileri Sorunlari Ara\u015ftirmalar Merkezi","isPartOf":{"@id":"https:\/\/akunq.net\/tr\/#website"},"primaryImageOfPage":{"@id":"https:\/\/akunq.net\/tr\/?p=73170#primaryimage"},"image":{"@id":"https:\/\/akunq.net\/tr\/?p=73170#primaryimage"},"thumbnailUrl":"https:\/\/akunq.net\/tr\/wp-content\/uploads\/sites\/6\/2023\/03\/Mardin-1.webp","datePublished":"2023-03-21T08:09:44+00:00","author":{"@id":"https:\/\/akunq.net\/tr\/#\/schema\/person\/096f1d38a12cce57fb855b485ed24c9e"},"breadcrumb":{"@id":"https:\/\/akunq.net\/tr\/?p=73170#breadcrumb"},"inLanguage":"en-US","potentialAction":[{"@type":"ReadAction","target":["https:\/\/akunq.net\/tr\/?p=73170"]}]},{"@type":"ImageObject","inLanguage":"en-US","@id":"https:\/\/akunq.net\/tr\/?p=73170#primaryimage","url":"https:\/\/akunq.net\/tr\/wp-content\/uploads\/sites\/6\/2023\/03\/Mardin-1.webp","contentUrl":"https:\/\/akunq.net\/tr\/wp-content\/uploads\/sites\/6\/2023\/03\/Mardin-1.webp","width":1024,"height":576},{"@type":"BreadcrumbList","@id":"https:\/\/akunq.net\/tr\/?p=73170#breadcrumb","itemListElement":[{"@type":"ListItem","position":1,"name":"Home","item":"https:\/\/akunq.net\/tr"},{"@type":"ListItem","position":2,"name":"Mardin: T\u00fcrkiye\u2019nin gizli hazinesi"}]},{"@type":"WebSite","@id":"https:\/\/akunq.net\/tr\/#website","url":"https:\/\/akunq.net\/tr\/","name":"Bati Ermenistan Ve Bati Ermenileri Sorunlari Ara\u015ftirmalar Merkezi","description":"","potentialAction":[{"@type":"SearchAction","target":{"@type":"EntryPoint","urlTemplate":"https:\/\/akunq.net\/tr\/?s={search_term_string}"},"query-input":{"@type":"PropertyValueSpecification","valueRequired":true,"valueName":"search_term_string"}}],"inLanguage":"en-US"},{"@type":"Person","@id":"https:\/\/akunq.net\/tr\/#\/schema\/person\/096f1d38a12cce57fb855b485ed24c9e","name":"admin","url":"https:\/\/akunq.net\/tr\/?author=7"}]}},"_links":{"self":[{"href":"https:\/\/akunq.net\/tr\/index.php?rest_route=\/wp\/v2\/posts\/73170","targetHints":{"allow":["GET"]}}],"collection":[{"href":"https:\/\/akunq.net\/tr\/index.php?rest_route=\/wp\/v2\/posts"}],"about":[{"href":"https:\/\/akunq.net\/tr\/index.php?rest_route=\/wp\/v2\/types\/post"}],"author":[{"embeddable":true,"href":"https:\/\/akunq.net\/tr\/index.php?rest_route=\/wp\/v2\/users\/7"}],"replies":[{"embeddable":true,"href":"https:\/\/akunq.net\/tr\/index.php?rest_route=%2Fwp%2Fv2%2Fcomments&post=73170"}],"version-history":[{"count":1,"href":"https:\/\/akunq.net\/tr\/index.php?rest_route=\/wp\/v2\/posts\/73170\/revisions"}],"predecessor-version":[{"id":73173,"href":"https:\/\/akunq.net\/tr\/index.php?rest_route=\/wp\/v2\/posts\/73170\/revisions\/73173"}],"wp:featuredmedia":[{"embeddable":true,"href":"https:\/\/akunq.net\/tr\/index.php?rest_route=\/wp\/v2\/media\/73172"}],"wp:attachment":[{"href":"https:\/\/akunq.net\/tr\/index.php?rest_route=%2Fwp%2Fv2%2Fmedia&parent=73170"}],"wp:term":[{"taxonomy":"category","embeddable":true,"href":"https:\/\/akunq.net\/tr\/index.php?rest_route=%2Fwp%2Fv2%2Fcategories&post=73170"},{"taxonomy":"post_tag","embeddable":true,"href":"https:\/\/akunq.net\/tr\/index.php?rest_route=%2Fwp%2Fv2%2Ftags&post=73170"}],"curies":[{"name":"wp","href":"https:\/\/api.w.org\/{rel}","templated":true}]}}