{"id":72236,"date":"2023-02-01T01:20:42","date_gmt":"2023-02-01T06:20:42","guid":{"rendered":"https:\/\/akunq.net\/tr\/?p=72236"},"modified":"2023-02-01T01:20:42","modified_gmt":"2023-02-01T06:20:42","slug":"rubinyan-ermenistan-yarin-bile-turkiye-ile-tamamen-acik-sinir-ve-diplomatik-iliskilere-sahip-olmaya-hazir","status":"publish","type":"post","link":"https:\/\/akunq.net\/tr\/?p=72236","title":{"rendered":"Rubinyan: Ermenistan yar\u0131n bile T\u00fcrkiye ile tamamen a\u00e7\u0131k s\u0131n\u0131r ve diplomatik ili\u015fkilere sahip olmaya haz\u0131r"},"content":{"rendered":"<p><img loading=\"lazy\" decoding=\"async\" class=\"aligncenter size-medium wp-image-72237\" src=\"https:\/\/akunq.net\/tr\/wp-content\/uploads\/2023\/02\/Rubinyan-360x211.jpg\" alt=\"\" width=\"360\" height=\"211\" srcset=\"https:\/\/akunq.net\/tr\/wp-content\/uploads\/sites\/6\/2023\/02\/Rubinyan-360x211.jpg 360w, https:\/\/akunq.net\/tr\/wp-content\/uploads\/sites\/6\/2023\/02\/Rubinyan-768x451.jpg 768w, https:\/\/akunq.net\/tr\/wp-content\/uploads\/sites\/6\/2023\/02\/Rubinyan-560x329.jpg 560w, https:\/\/akunq.net\/tr\/wp-content\/uploads\/sites\/6\/2023\/02\/Rubinyan-260x153.jpg 260w, https:\/\/akunq.net\/tr\/wp-content\/uploads\/sites\/6\/2023\/02\/Rubinyan-160x94.jpg 160w, https:\/\/akunq.net\/tr\/wp-content\/uploads\/sites\/6\/2023\/02\/Rubinyan.jpg 979w\" sizes=\"auto, (max-width: 360px) 100vw, 360px\" \/><\/p>\n<p><em><strong>Ermenistan Parlamentosu Ba\u015fkan Yard\u0131mc\u0131s\u0131 ve Ermenistan&#8217;\u0131n T\u00fcrkiye ile ili\u015fkiler \u00d6zel Temsilcisi Ruben Rubinyan, \u201cAzatutyun\u201d ajans\u0131na verdi\u011fi r\u00f6portajda Ermenistan ile T\u00fcrkiye aras\u0131ndaki ili\u015fkilerine ve normalle\u015fme s\u00fcrecine de de\u011findi.<\/strong><\/em><br \/>\nErmenistan&#8217;\u0131n bu konuda yap\u0131c\u0131 oldu\u011funu vurgulayarak, Ermenistan&#8217;\u0131n her zaman a\u00e7\u0131k bir s\u0131n\u0131ra sahip olmaya ve T\u00fcrkiye ile diplomatik ili\u015fkiler kurmaya her zaman haz\u0131r oldu\u011funu s\u00f6yledi.<\/p>\n<p>Rubinyan&#8217;a g\u00f6re \u015fu ana kadar T\u00fcrkiye hen\u00fcz bu ad\u0131m\u0131 atmad\u0131.<\/p>\n<p>Yerevan ile Ankara aras\u0131nda direkt kargo ta\u015f\u0131mac\u0131l\u0131\u011f\u0131n\u0131n olup olmad\u0131\u011f\u0131na dair sorusuna Rubinyan bu \u015fekilde cevap verdi:<\/p>\n<p>\u201cF\u0131rsat a\u00e7\u0131kt\u0131r ve ilgili i\u015fadamlar\u0131 bu f\u0131rsattan yararlanmak isterlerse yararlanabilirler. En son ger\u00e7ekle\u015fen g\u00f6r\u00fc\u015fme \u00f6zel temsilciler aras\u0131nda de\u011fil, Margara\u2019daki s\u0131n\u0131r kap\u0131s\u0131nda teknik g\u00f6r\u00fc\u015fme yap\u0131ld\u0131 ve Margara k\u00f6pr\u00fcs\u00fcn\u00fcn durumu ve uygunlu\u011fu incelendi, iki tarafl\u0131 numuneler al\u0131nd\u0131 \u200b\u200bve \u015fu an o ara\u015ft\u0131rma a\u015famas\u0131nday\u0131z. Bundan sonra nas\u0131l ilerledi\u011fimiz sonu\u00e7lara g\u00f6re belli olacak. Ayr\u0131ca kara s\u0131n\u0131r\u0131n\u0131n diplomatik pasaportu ta\u015f\u0131yanlar i\u00e7in a\u00e7\u0131lmas\u0131 teklifimiz de masada olup, T\u00fcrk taraf\u0131n\u0131n yan\u0131t\u0131n\u0131 bekliyoruz.\u201d<\/p>\n<p>Rubinyan, ayr\u0131ca, k\u00f6pr\u00fc ile ilgili teknik bir sorun olmad\u0131\u011f\u0131 halde \u00fc\u00e7\u00fcnc\u00fc \u00fclke vatanda\u015flar\u0131n bu s\u0131n\u0131r kap\u0131s\u0131nda ge\u00e7mesi i\u00e7in herhangi bir engel kalm\u0131yaca\u011f\u0131n\u0131 ve kap\u0131n\u0131n a\u00e7\u0131lmas\u0131 i\u00e7in en az\u0131ndan Ermenistan Cumhuriyeti taraf\u0131ndan herhangi bir siyasi sebep olam\u0131yaca\u011f\u0131n\u0131 ifade etti.<\/p>\n<p><em><strong>Ermenihaber.am\u00a0\u00a0<\/strong><\/em><\/p>\n","protected":false},"excerpt":{"rendered":"<p>Ermenistan Parlamentosu Ba\u015fkan Yard\u0131mc\u0131s\u0131 ve Ermenistan&#8217;\u0131n T\u00fcrkiye ile ili\u015fkiler \u00d6zel Temsilcisi Ruben Rubinyan, \u201cAzatutyun\u201d ajans\u0131na verdi\u011fi r\u00f6portajda Ermenistan ile T\u00fcrkiye aras\u0131ndaki ili\u015fkilerine ve normalle\u015fme s\u00fcrecine de de\u011findi. Ermenistan&#8217;\u0131n bu konuda yap\u0131c\u0131 oldu\u011funu vurgulayarak, Ermenistan&#8217;\u0131n her zaman a\u00e7\u0131k bir s\u0131n\u0131ra sahip olmaya ve T\u00fcrkiye ile diplomatik ili\u015fkiler kurmaya her zaman haz\u0131r oldu\u011funu s\u00f6yledi. Rubinyan&#8217;a g\u00f6re \u015fu [&hellip;]<\/p>\n","protected":false},"author":7,"featured_media":72238,"comment_status":"open","ping_status":"open","sticky":false,"template":"","format":"standard","meta":{"footnotes":""},"categories":[55,1],"tags":[],"class_list":["post-72236","post","type-post","status-publish","format-standard","has-post-thumbnail","hentry","category-ermenistan-turkiye","category-haberler"],"yoast_head":"<!-- This site is optimized with the Yoast SEO plugin v27.4 - https:\/\/yoast.com\/product\/yoast-seo-wordpress\/ -->\n<title>Rubinyan: Ermenistan yar\u0131n bile T\u00fcrkiye ile tamamen a\u00e7\u0131k s\u0131n\u0131r ve diplomatik ili\u015fkilere sahip olmaya haz\u0131r - Bati Ermenistan Ve Bati Ermenileri Sorunlari Ara\u015ftirmalar Merkezi<\/title>\n<meta name=\"robots\" content=\"index, follow, max-snippet:-1, max-image-preview:large, max-video-preview:-1\" \/>\n<link rel=\"canonical\" href=\"https:\/\/akunq.net\/tr\/?p=72236\" \/>\n<meta property=\"og:locale\" content=\"en_US\" \/>\n<meta property=\"og:type\" content=\"article\" \/>\n<meta property=\"og:title\" content=\"Rubinyan: Ermenistan yar\u0131n bile T\u00fcrkiye ile tamamen a\u00e7\u0131k s\u0131n\u0131r ve diplomatik ili\u015fkilere sahip olmaya haz\u0131r - Bati Ermenistan Ve Bati Ermenileri Sorunlari Ara\u015ftirmalar Merkezi\" \/>\n<meta property=\"og:description\" content=\"Ermenistan Parlamentosu Ba\u015fkan Yard\u0131mc\u0131s\u0131 ve Ermenistan&#8217;\u0131n T\u00fcrkiye ile ili\u015fkiler \u00d6zel Temsilcisi Ruben Rubinyan, \u201cAzatutyun\u201d ajans\u0131na verdi\u011fi r\u00f6portajda Ermenistan ile T\u00fcrkiye aras\u0131ndaki ili\u015fkilerine ve normalle\u015fme s\u00fcrecine de de\u011findi. Ermenistan&#8217;\u0131n bu konuda yap\u0131c\u0131 oldu\u011funu vurgulayarak, Ermenistan&#8217;\u0131n her zaman a\u00e7\u0131k bir s\u0131n\u0131ra sahip olmaya ve T\u00fcrkiye ile diplomatik ili\u015fkiler kurmaya her zaman haz\u0131r oldu\u011funu s\u00f6yledi. Rubinyan&#8217;a g\u00f6re \u015fu [&hellip;]\" \/>\n<meta property=\"og:url\" content=\"https:\/\/akunq.net\/tr\/?p=72236\" \/>\n<meta property=\"og:site_name\" content=\"Bati Ermenistan Ve Bati Ermenileri Sorunlari Ara\u015ftirmalar Merkezi\" \/>\n<meta property=\"article:published_time\" content=\"2023-02-01T06:20:42+00:00\" \/>\n<meta property=\"og:image\" content=\"https:\/\/akunq.net\/tr\/wp-content\/uploads\/sites\/6\/2023\/02\/Rubinyan-1.jpg\" \/>\n\t<meta property=\"og:image:width\" content=\"979\" \/>\n\t<meta property=\"og:image:height\" content=\"575\" \/>\n\t<meta property=\"og:image:type\" content=\"image\/jpeg\" \/>\n<meta name=\"author\" content=\"admin\" \/>\n<meta name=\"twitter:card\" content=\"summary_large_image\" \/>\n<meta name=\"twitter:label1\" content=\"Written by\" \/>\n\t<meta name=\"twitter:data1\" content=\"admin\" \/>\n\t<meta name=\"twitter:label2\" content=\"Est. reading time\" \/>\n\t<meta name=\"twitter:data2\" content=\"1 minute\" \/>\n<script type=\"application\/ld+json\" class=\"yoast-schema-graph\">{\"@context\":\"https:\\\/\\\/schema.org\",\"@graph\":[{\"@type\":\"Article\",\"@id\":\"https:\\\/\\\/akunq.net\\\/tr\\\/?p=72236#article\",\"isPartOf\":{\"@id\":\"https:\\\/\\\/akunq.net\\\/tr\\\/?p=72236\"},\"author\":{\"name\":\"admin\",\"@id\":\"https:\\\/\\\/akunq.net\\\/tr\\\/#\\\/schema\\\/person\\\/096f1d38a12cce57fb855b485ed24c9e\"},\"headline\":\"Rubinyan: Ermenistan yar\u0131n bile T\u00fcrkiye ile tamamen a\u00e7\u0131k s\u0131n\u0131r ve diplomatik ili\u015fkilere sahip olmaya haz\u0131r\",\"datePublished\":\"2023-02-01T06:20:42+00:00\",\"mainEntityOfPage\":{\"@id\":\"https:\\\/\\\/akunq.net\\\/tr\\\/?p=72236\"},\"wordCount\":309,\"commentCount\":0,\"image\":{\"@id\":\"https:\\\/\\\/akunq.net\\\/tr\\\/?p=72236#primaryimage\"},\"thumbnailUrl\":\"https:\\\/\\\/akunq.net\\\/tr\\\/wp-content\\\/uploads\\\/sites\\\/6\\\/2023\\\/02\\\/Rubinyan-1.jpg\",\"articleSection\":[\"Ermenistan-T\u00fcrkiye\",\"Haberler\"],\"inLanguage\":\"en-US\",\"potentialAction\":[{\"@type\":\"CommentAction\",\"name\":\"Comment\",\"target\":[\"https:\\\/\\\/akunq.net\\\/tr\\\/?p=72236#respond\"]}]},{\"@type\":\"WebPage\",\"@id\":\"https:\\\/\\\/akunq.net\\\/tr\\\/?p=72236\",\"url\":\"https:\\\/\\\/akunq.net\\\/tr\\\/?p=72236\",\"name\":\"Rubinyan: Ermenistan yar\u0131n bile T\u00fcrkiye ile tamamen a\u00e7\u0131k s\u0131n\u0131r ve diplomatik ili\u015fkilere sahip olmaya haz\u0131r - Bati Ermenistan Ve Bati Ermenileri Sorunlari Ara\u015ftirmalar Merkezi\",\"isPartOf\":{\"@id\":\"https:\\\/\\\/akunq.net\\\/tr\\\/#website\"},\"primaryImageOfPage\":{\"@id\":\"https:\\\/\\\/akunq.net\\\/tr\\\/?p=72236#primaryimage\"},\"image\":{\"@id\":\"https:\\\/\\\/akunq.net\\\/tr\\\/?p=72236#primaryimage\"},\"thumbnailUrl\":\"https:\\\/\\\/akunq.net\\\/tr\\\/wp-content\\\/uploads\\\/sites\\\/6\\\/2023\\\/02\\\/Rubinyan-1.jpg\",\"datePublished\":\"2023-02-01T06:20:42+00:00\",\"author\":{\"@id\":\"https:\\\/\\\/akunq.net\\\/tr\\\/#\\\/schema\\\/person\\\/096f1d38a12cce57fb855b485ed24c9e\"},\"breadcrumb\":{\"@id\":\"https:\\\/\\\/akunq.net\\\/tr\\\/?p=72236#breadcrumb\"},\"inLanguage\":\"en-US\",\"potentialAction\":[{\"@type\":\"ReadAction\",\"target\":[\"https:\\\/\\\/akunq.net\\\/tr\\\/?p=72236\"]}]},{\"@type\":\"ImageObject\",\"inLanguage\":\"en-US\",\"@id\":\"https:\\\/\\\/akunq.net\\\/tr\\\/?p=72236#primaryimage\",\"url\":\"https:\\\/\\\/akunq.net\\\/tr\\\/wp-content\\\/uploads\\\/sites\\\/6\\\/2023\\\/02\\\/Rubinyan-1.jpg\",\"contentUrl\":\"https:\\\/\\\/akunq.net\\\/tr\\\/wp-content\\\/uploads\\\/sites\\\/6\\\/2023\\\/02\\\/Rubinyan-1.jpg\",\"width\":979,\"height\":575},{\"@type\":\"BreadcrumbList\",\"@id\":\"https:\\\/\\\/akunq.net\\\/tr\\\/?p=72236#breadcrumb\",\"itemListElement\":[{\"@type\":\"ListItem\",\"position\":1,\"name\":\"Home\",\"item\":\"https:\\\/\\\/akunq.net\\\/tr\"},{\"@type\":\"ListItem\",\"position\":2,\"name\":\"Rubinyan: Ermenistan yar\u0131n bile T\u00fcrkiye ile tamamen a\u00e7\u0131k s\u0131n\u0131r ve diplomatik ili\u015fkilere sahip olmaya haz\u0131r\"}]},{\"@type\":\"WebSite\",\"@id\":\"https:\\\/\\\/akunq.net\\\/tr\\\/#website\",\"url\":\"https:\\\/\\\/akunq.net\\\/tr\\\/\",\"name\":\"Bati Ermenistan Ve Bati Ermenileri Sorunlari Ara\u015ftirmalar Merkezi\",\"description\":\"\",\"potentialAction\":[{\"@type\":\"SearchAction\",\"target\":{\"@type\":\"EntryPoint\",\"urlTemplate\":\"https:\\\/\\\/akunq.net\\\/tr\\\/?s={search_term_string}\"},\"query-input\":{\"@type\":\"PropertyValueSpecification\",\"valueRequired\":true,\"valueName\":\"search_term_string\"}}],\"inLanguage\":\"en-US\"},{\"@type\":\"Person\",\"@id\":\"https:\\\/\\\/akunq.net\\\/tr\\\/#\\\/schema\\\/person\\\/096f1d38a12cce57fb855b485ed24c9e\",\"name\":\"admin\",\"url\":\"https:\\\/\\\/akunq.net\\\/tr\\\/?author=7\"}]}<\/script>\n<!-- \/ Yoast SEO plugin. -->","yoast_head_json":{"title":"Rubinyan: Ermenistan yar\u0131n bile T\u00fcrkiye ile tamamen a\u00e7\u0131k s\u0131n\u0131r ve diplomatik ili\u015fkilere sahip olmaya haz\u0131r - Bati Ermenistan Ve Bati Ermenileri Sorunlari Ara\u015ftirmalar Merkezi","robots":{"index":"index","follow":"follow","max-snippet":"max-snippet:-1","max-image-preview":"max-image-preview:large","max-video-preview":"max-video-preview:-1"},"canonical":"https:\/\/akunq.net\/tr\/?p=72236","og_locale":"en_US","og_type":"article","og_title":"Rubinyan: Ermenistan yar\u0131n bile T\u00fcrkiye ile tamamen a\u00e7\u0131k s\u0131n\u0131r ve diplomatik ili\u015fkilere sahip olmaya haz\u0131r - Bati Ermenistan Ve Bati Ermenileri Sorunlari Ara\u015ftirmalar Merkezi","og_description":"Ermenistan Parlamentosu Ba\u015fkan Yard\u0131mc\u0131s\u0131 ve Ermenistan&#8217;\u0131n T\u00fcrkiye ile ili\u015fkiler \u00d6zel Temsilcisi Ruben Rubinyan, \u201cAzatutyun\u201d ajans\u0131na verdi\u011fi r\u00f6portajda Ermenistan ile T\u00fcrkiye aras\u0131ndaki ili\u015fkilerine ve normalle\u015fme s\u00fcrecine de de\u011findi. Ermenistan&#8217;\u0131n bu konuda yap\u0131c\u0131 oldu\u011funu vurgulayarak, Ermenistan&#8217;\u0131n her zaman a\u00e7\u0131k bir s\u0131n\u0131ra sahip olmaya ve T\u00fcrkiye ile diplomatik ili\u015fkiler kurmaya her zaman haz\u0131r oldu\u011funu s\u00f6yledi. Rubinyan&#8217;a g\u00f6re \u015fu [&hellip;]","og_url":"https:\/\/akunq.net\/tr\/?p=72236","og_site_name":"Bati Ermenistan Ve Bati Ermenileri Sorunlari Ara\u015ftirmalar Merkezi","article_published_time":"2023-02-01T06:20:42+00:00","og_image":[{"width":979,"height":575,"url":"https:\/\/akunq.net\/tr\/wp-content\/uploads\/sites\/6\/2023\/02\/Rubinyan-1.jpg","type":"image\/jpeg"}],"author":"admin","twitter_card":"summary_large_image","twitter_misc":{"Written by":"admin","Est. reading time":"1 minute"},"schema":{"@context":"https:\/\/schema.org","@graph":[{"@type":"Article","@id":"https:\/\/akunq.net\/tr\/?p=72236#article","isPartOf":{"@id":"https:\/\/akunq.net\/tr\/?p=72236"},"author":{"name":"admin","@id":"https:\/\/akunq.net\/tr\/#\/schema\/person\/096f1d38a12cce57fb855b485ed24c9e"},"headline":"Rubinyan: Ermenistan yar\u0131n bile T\u00fcrkiye ile tamamen a\u00e7\u0131k s\u0131n\u0131r ve diplomatik ili\u015fkilere sahip olmaya haz\u0131r","datePublished":"2023-02-01T06:20:42+00:00","mainEntityOfPage":{"@id":"https:\/\/akunq.net\/tr\/?p=72236"},"wordCount":309,"commentCount":0,"image":{"@id":"https:\/\/akunq.net\/tr\/?p=72236#primaryimage"},"thumbnailUrl":"https:\/\/akunq.net\/tr\/wp-content\/uploads\/sites\/6\/2023\/02\/Rubinyan-1.jpg","articleSection":["Ermenistan-T\u00fcrkiye","Haberler"],"inLanguage":"en-US","potentialAction":[{"@type":"CommentAction","name":"Comment","target":["https:\/\/akunq.net\/tr\/?p=72236#respond"]}]},{"@type":"WebPage","@id":"https:\/\/akunq.net\/tr\/?p=72236","url":"https:\/\/akunq.net\/tr\/?p=72236","name":"Rubinyan: Ermenistan yar\u0131n bile T\u00fcrkiye ile tamamen a\u00e7\u0131k s\u0131n\u0131r ve diplomatik ili\u015fkilere sahip olmaya haz\u0131r - Bati Ermenistan Ve Bati Ermenileri Sorunlari Ara\u015ftirmalar Merkezi","isPartOf":{"@id":"https:\/\/akunq.net\/tr\/#website"},"primaryImageOfPage":{"@id":"https:\/\/akunq.net\/tr\/?p=72236#primaryimage"},"image":{"@id":"https:\/\/akunq.net\/tr\/?p=72236#primaryimage"},"thumbnailUrl":"https:\/\/akunq.net\/tr\/wp-content\/uploads\/sites\/6\/2023\/02\/Rubinyan-1.jpg","datePublished":"2023-02-01T06:20:42+00:00","author":{"@id":"https:\/\/akunq.net\/tr\/#\/schema\/person\/096f1d38a12cce57fb855b485ed24c9e"},"breadcrumb":{"@id":"https:\/\/akunq.net\/tr\/?p=72236#breadcrumb"},"inLanguage":"en-US","potentialAction":[{"@type":"ReadAction","target":["https:\/\/akunq.net\/tr\/?p=72236"]}]},{"@type":"ImageObject","inLanguage":"en-US","@id":"https:\/\/akunq.net\/tr\/?p=72236#primaryimage","url":"https:\/\/akunq.net\/tr\/wp-content\/uploads\/sites\/6\/2023\/02\/Rubinyan-1.jpg","contentUrl":"https:\/\/akunq.net\/tr\/wp-content\/uploads\/sites\/6\/2023\/02\/Rubinyan-1.jpg","width":979,"height":575},{"@type":"BreadcrumbList","@id":"https:\/\/akunq.net\/tr\/?p=72236#breadcrumb","itemListElement":[{"@type":"ListItem","position":1,"name":"Home","item":"https:\/\/akunq.net\/tr"},{"@type":"ListItem","position":2,"name":"Rubinyan: Ermenistan yar\u0131n bile T\u00fcrkiye ile tamamen a\u00e7\u0131k s\u0131n\u0131r ve diplomatik ili\u015fkilere sahip olmaya haz\u0131r"}]},{"@type":"WebSite","@id":"https:\/\/akunq.net\/tr\/#website","url":"https:\/\/akunq.net\/tr\/","name":"Bati Ermenistan Ve Bati Ermenileri Sorunlari Ara\u015ftirmalar Merkezi","description":"","potentialAction":[{"@type":"SearchAction","target":{"@type":"EntryPoint","urlTemplate":"https:\/\/akunq.net\/tr\/?s={search_term_string}"},"query-input":{"@type":"PropertyValueSpecification","valueRequired":true,"valueName":"search_term_string"}}],"inLanguage":"en-US"},{"@type":"Person","@id":"https:\/\/akunq.net\/tr\/#\/schema\/person\/096f1d38a12cce57fb855b485ed24c9e","name":"admin","url":"https:\/\/akunq.net\/tr\/?author=7"}]}},"_links":{"self":[{"href":"https:\/\/akunq.net\/tr\/index.php?rest_route=\/wp\/v2\/posts\/72236","targetHints":{"allow":["GET"]}}],"collection":[{"href":"https:\/\/akunq.net\/tr\/index.php?rest_route=\/wp\/v2\/posts"}],"about":[{"href":"https:\/\/akunq.net\/tr\/index.php?rest_route=\/wp\/v2\/types\/post"}],"author":[{"embeddable":true,"href":"https:\/\/akunq.net\/tr\/index.php?rest_route=\/wp\/v2\/users\/7"}],"replies":[{"embeddable":true,"href":"https:\/\/akunq.net\/tr\/index.php?rest_route=%2Fwp%2Fv2%2Fcomments&post=72236"}],"version-history":[{"count":1,"href":"https:\/\/akunq.net\/tr\/index.php?rest_route=\/wp\/v2\/posts\/72236\/revisions"}],"predecessor-version":[{"id":72239,"href":"https:\/\/akunq.net\/tr\/index.php?rest_route=\/wp\/v2\/posts\/72236\/revisions\/72239"}],"wp:featuredmedia":[{"embeddable":true,"href":"https:\/\/akunq.net\/tr\/index.php?rest_route=\/wp\/v2\/media\/72238"}],"wp:attachment":[{"href":"https:\/\/akunq.net\/tr\/index.php?rest_route=%2Fwp%2Fv2%2Fmedia&parent=72236"}],"wp:term":[{"taxonomy":"category","embeddable":true,"href":"https:\/\/akunq.net\/tr\/index.php?rest_route=%2Fwp%2Fv2%2Fcategories&post=72236"},{"taxonomy":"post_tag","embeddable":true,"href":"https:\/\/akunq.net\/tr\/index.php?rest_route=%2Fwp%2Fv2%2Ftags&post=72236"}],"curies":[{"name":"wp","href":"https:\/\/api.w.org\/{rel}","templated":true}]}}