{"id":72177,"date":"2023-01-27T05:42:05","date_gmt":"2023-01-27T10:42:05","guid":{"rendered":"https:\/\/akunq.net\/tr\/?p=72177"},"modified":"2023-01-27T05:42:05","modified_gmt":"2023-01-27T10:42:05","slug":"dink-eskisehirde-anildi-yuzlesmedikce-sira-herkese-gelecek","status":"publish","type":"post","link":"https:\/\/akunq.net\/tr\/?p=72177","title":{"rendered":"Dink Eski\u015fehir\u2019de an\u0131ld\u0131&#8230; \u201cY\u00fczle\u015fmedik\u00e7e s\u0131ra herkese gelecek\u201d"},"content":{"rendered":"<p><img loading=\"lazy\" decoding=\"async\" class=\"aligncenter size-medium wp-image-72178\" src=\"https:\/\/akunq.net\/tr\/wp-content\/uploads\/2023\/01\/dink-eskisehir-foto-360x203.jpeg\" alt=\"\" width=\"360\" height=\"203\" srcset=\"https:\/\/akunq.net\/tr\/wp-content\/uploads\/sites\/6\/2023\/01\/dink-eskisehir-foto-360x203.jpeg 360w, https:\/\/akunq.net\/tr\/wp-content\/uploads\/sites\/6\/2023\/01\/dink-eskisehir-foto-768x432.jpeg 768w, https:\/\/akunq.net\/tr\/wp-content\/uploads\/sites\/6\/2023\/01\/dink-eskisehir-foto-560x315.jpeg 560w, https:\/\/akunq.net\/tr\/wp-content\/uploads\/sites\/6\/2023\/01\/dink-eskisehir-foto-260x146.jpeg 260w, https:\/\/akunq.net\/tr\/wp-content\/uploads\/sites\/6\/2023\/01\/dink-eskisehir-foto-160x90.jpeg 160w, https:\/\/akunq.net\/tr\/wp-content\/uploads\/sites\/6\/2023\/01\/dink-eskisehir-foto.jpeg 1024w\" sizes=\"auto, (max-width: 360px) 100vw, 360px\" \/><\/p>\n<p><strong><em>ESK\u0130\u015eEH\u0130R- \u201cAgos\u201d gazetesi Genel Yay\u0131n Y\u00f6netmeni Hrant Dink, katledilmesinin 16\u2019\u0131nc\u0131 y\u0131l\u0131nda Eski\u015fehir&#8217;de de an\u0131ld\u0131. Eski\u015fehir Emek Demokrasi G\u00fc\u00e7leri&#8217;nin \u00e7a\u011fr\u0131s\u0131yla ger\u00e7ekle\u015ftirilen anmada \u201cBu karanl\u0131kla, soyk\u0131r\u0131mc\u0131 zihniyetle y\u00fczle\u015fmedik\u00e7e, \u2018Biz Ermeni\u2019yi d\u00f6vd\u00fcrmeyecektik\u2019 diyen \u00f6yk\u00fcdeki gibi, s\u0131ra bir g\u00fcn herkese gelecek\u201d denildi. <\/em><\/strong><\/p>\n<p>Eski\u015fehir Emek ve Demokrasi G\u00fc\u00e7leri, 19 Ocak\u2019ta Porsuk Adalar Bulvar\u0131nda bir araya gelerek Dink\u2019i and\u0131. &#8220;Herkes i\u00e7in adalet Hrant i\u00e7in adalet&#8221; yaz\u0131l\u0131 pankart a\u00e7\u0131ld\u0131\u011f\u0131 anmada grup ad\u0131na ortak a\u00e7\u0131klamay\u0131 HDP Eski\u015fehir \u0130l E\u015fba\u015fkan\u0131 \u015e\u00fckriye Ercan okudu.<\/p>\n<p>Ercan, Gabriel Garcia Marquez\u2019in \u2018K\u0131rm\u0131z\u0131 Pazartesi\u2019 roman\u0131ndaki gibi cinayeti 6 ay \u00f6nceden herkesin bildi\u011fini belirterek \u201cSilahl\u0131 talimler yap\u0131l\u0131yordu ve teti\u011fi kimin \u00e7ekece\u011fi bile (son anda tetik\u00e7i de\u011fi\u015fse de) biliniyordu\u201d dedi.<\/p>\n<p>Dink\u2019in katledilmesine giden s\u00fcre\u00e7te ya\u015fananlar\u0131 hat\u0131rlatan Ercan \u201cKalemi \u00e7oktan k\u0131r\u0131lm\u0131\u015ft\u0131! Geriye plan\u0131n ince ayarlar\u0131 kalm\u0131\u015ft\u0131. Vuruldu\u011fu g\u00fcn ve saat bile planl\u0131yd\u0131: 19 Ocak saat:15. 19 ve 15= 1915\u201d dedi.<\/p>\n<p>Ercan, Dink\u2019in sosyalist kimli\u011fiyle Ermeni ve T\u00fcrk halklar\u0131 aras\u0131ndaki tarihsel \u00f6nyarg\u0131larla m\u00fccadele edip \u2018g\u00f6n\u00fcl k\u00f6pr\u00fcs\u00fc\u2019 kurdu\u011funu kaydederek bunun egemenler i\u00e7in kabul edilebilir olmad\u0131\u011f\u0131n\u0131 ifade etti.<\/p>\n<p><strong>\u201cTAAMM\u00dcDEN \u0130\u015eLENM\u0130\u015e DEVLET C\u0130NAYET\u0130\u201d<\/strong><\/p>\n<p>Yarg\u0131 s\u00fcrecine de de\u011finen Ercan, s\u00fcrecin \u201ccahilleri bile kand\u0131ramayacak kadar abs\u00fcrt bir \u015fekilde sonu\u00e7land\u0131\u011f\u0131n\u0131 s\u00f6yledi.<\/p>\n<p>Ercan a\u00e7\u0131klamas\u0131na \u015f\u00f6yle devam etti:<\/p>\n<p>\u201cHrant D\u0130NK cinayetinde karanl\u0131kta kalan hi\u00e7bir nokta yok! O, \u2018taamm\u00fcden i\u015flenmi\u015f bir devlet cinayeti\u2019 olarak tarihe yaz\u0131ld\u0131 ve bir tetik\u00e7i, birka\u00e7 fig\u00fcran ile birka\u00e7 Fet\u00f6c\u00fc polis \u015fefine fatura edilse de hakikat b\u00fct\u00fcn d\u00fcnyan\u0131n bildi\u011fi bir s\u0131r. Hepsi oradayd\u0131.<\/p>\n<p>Bu karanl\u0131kla, soyk\u0131r\u0131mc\u0131 zihniyetle y\u00fczle\u015fmedik\u00e7e, \u2018Biz Ermeni\u2019yi d\u00f6vd\u00fcrmeyecektik\u2019 diyen \u00f6yk\u00fcdeki gibi, s\u0131ra bir g\u00fcn herkese gelecek. Bir K\u00fcrt Milletvekili Aysel Tu\u011fluk\u2019un annesi \u2018Ermeni\u2019 denilerek defnedildi\u011fi mezardan \u00e7\u0131kar\u0131ld\u0131. HDP\u2019nin Ermeni Milletvekili Garo Paylan\u2019\u0131 Meclis\u2019te \u00f6ld\u00fcrme plan\u0131 ortaya \u00e7\u0131kt\u0131, hi\u00e7bir savc\u0131n\u0131n k\u0131l\u0131 k\u0131p\u0131rdam\u0131yor. Garo Paylan\u2019\u0131n Ermeni soyk\u0131r\u0131m\u0131 konusundaki Meclis konu\u015fmas\u0131 tutanaklardan \u00e7\u0131kar\u0131ld\u0131. Soyk\u0131r\u0131m devam ediyor. Sadece Ermeniler, S\u00fcryaniler, Keldaniler, Nasturiler, \u00cazidiler, Pontos ve Ege-\u0130stanbul Rumlar\u0131, Yahudiler de\u011fil, \u2018e\u015fit yurtta\u015fl\u0131k\u2019 isteyen K\u00fcrtler ve Aleviler de ayn\u0131 kaderi payla\u015f\u0131yor.\u201d<\/p>\n<p><strong><em>Akunq.net <\/em><\/strong><\/p>\n<p>&nbsp;<\/p>\n<p>&nbsp;<\/p>\n<p>&nbsp;<\/p>\n","protected":false},"excerpt":{"rendered":"<p>ESK\u0130\u015eEH\u0130R- \u201cAgos\u201d gazetesi Genel Yay\u0131n Y\u00f6netmeni Hrant Dink, katledilmesinin 16\u2019\u0131nc\u0131 y\u0131l\u0131nda Eski\u015fehir&#8217;de de an\u0131ld\u0131. Eski\u015fehir Emek Demokrasi G\u00fc\u00e7leri&#8217;nin \u00e7a\u011fr\u0131s\u0131yla ger\u00e7ekle\u015ftirilen anmada \u201cBu karanl\u0131kla, soyk\u0131r\u0131mc\u0131 zihniyetle y\u00fczle\u015fmedik\u00e7e, \u2018Biz Ermeni\u2019yi d\u00f6vd\u00fcrmeyecektik\u2019 diyen \u00f6yk\u00fcdeki gibi, s\u0131ra bir g\u00fcn herkese gelecek\u201d denildi. Eski\u015fehir Emek ve Demokrasi G\u00fc\u00e7leri, 19 Ocak\u2019ta Porsuk Adalar Bulvar\u0131nda bir araya gelerek Dink\u2019i and\u0131. &#8220;Herkes i\u00e7in [&hellip;]<\/p>\n","protected":false},"author":7,"featured_media":72179,"comment_status":"open","ping_status":"open","sticky":false,"template":"","format":"standard","meta":{"footnotes":""},"categories":[1],"tags":[],"class_list":["post-72177","post","type-post","status-publish","format-standard","has-post-thumbnail","hentry","category-haberler"],"yoast_head":"<!-- This site is optimized with the Yoast SEO plugin v27.4 - https:\/\/yoast.com\/product\/yoast-seo-wordpress\/ -->\n<title>Dink Eski\u015fehir\u2019de an\u0131ld\u0131... \u201cY\u00fczle\u015fmedik\u00e7e s\u0131ra herkese gelecek\u201d - Bati Ermenistan Ve Bati Ermenileri Sorunlari Ara\u015ftirmalar Merkezi<\/title>\n<meta name=\"robots\" content=\"index, follow, max-snippet:-1, max-image-preview:large, max-video-preview:-1\" \/>\n<link rel=\"canonical\" href=\"https:\/\/akunq.net\/tr\/?p=72177\" \/>\n<meta property=\"og:locale\" content=\"en_US\" \/>\n<meta property=\"og:type\" content=\"article\" \/>\n<meta property=\"og:title\" content=\"Dink Eski\u015fehir\u2019de an\u0131ld\u0131... \u201cY\u00fczle\u015fmedik\u00e7e s\u0131ra herkese gelecek\u201d - Bati Ermenistan Ve Bati Ermenileri Sorunlari Ara\u015ftirmalar Merkezi\" \/>\n<meta property=\"og:description\" content=\"ESK\u0130\u015eEH\u0130R- \u201cAgos\u201d gazetesi Genel Yay\u0131n Y\u00f6netmeni Hrant Dink, katledilmesinin 16\u2019\u0131nc\u0131 y\u0131l\u0131nda Eski\u015fehir&#8217;de de an\u0131ld\u0131. Eski\u015fehir Emek Demokrasi G\u00fc\u00e7leri&#8217;nin \u00e7a\u011fr\u0131s\u0131yla ger\u00e7ekle\u015ftirilen anmada \u201cBu karanl\u0131kla, soyk\u0131r\u0131mc\u0131 zihniyetle y\u00fczle\u015fmedik\u00e7e, \u2018Biz Ermeni\u2019yi d\u00f6vd\u00fcrmeyecektik\u2019 diyen \u00f6yk\u00fcdeki gibi, s\u0131ra bir g\u00fcn herkese gelecek\u201d denildi. Eski\u015fehir Emek ve Demokrasi G\u00fc\u00e7leri, 19 Ocak\u2019ta Porsuk Adalar Bulvar\u0131nda bir araya gelerek Dink\u2019i and\u0131. &#8220;Herkes i\u00e7in [&hellip;]\" \/>\n<meta property=\"og:url\" content=\"https:\/\/akunq.net\/tr\/?p=72177\" \/>\n<meta property=\"og:site_name\" content=\"Bati Ermenistan Ve Bati Ermenileri Sorunlari Ara\u015ftirmalar Merkezi\" \/>\n<meta property=\"article:published_time\" content=\"2023-01-27T10:42:05+00:00\" \/>\n<meta property=\"og:image\" content=\"https:\/\/akunq.net\/tr\/wp-content\/uploads\/sites\/6\/2023\/01\/dink-eskisehir-foto-1.jpeg\" \/>\n\t<meta property=\"og:image:width\" content=\"1024\" \/>\n\t<meta property=\"og:image:height\" content=\"576\" \/>\n\t<meta property=\"og:image:type\" content=\"image\/jpeg\" \/>\n<meta name=\"author\" content=\"admin\" \/>\n<meta name=\"twitter:card\" content=\"summary_large_image\" \/>\n<meta name=\"twitter:label1\" content=\"Written by\" \/>\n\t<meta name=\"twitter:data1\" content=\"admin\" \/>\n\t<meta name=\"twitter:label2\" content=\"Est. reading time\" \/>\n\t<meta name=\"twitter:data2\" content=\"2 minutes\" \/>\n<script type=\"application\/ld+json\" class=\"yoast-schema-graph\">{\"@context\":\"https:\\\/\\\/schema.org\",\"@graph\":[{\"@type\":\"Article\",\"@id\":\"https:\\\/\\\/akunq.net\\\/tr\\\/?p=72177#article\",\"isPartOf\":{\"@id\":\"https:\\\/\\\/akunq.net\\\/tr\\\/?p=72177\"},\"author\":{\"name\":\"admin\",\"@id\":\"https:\\\/\\\/akunq.net\\\/tr\\\/#\\\/schema\\\/person\\\/096f1d38a12cce57fb855b485ed24c9e\"},\"headline\":\"Dink Eski\u015fehir\u2019de an\u0131ld\u0131&#8230; \u201cY\u00fczle\u015fmedik\u00e7e s\u0131ra herkese gelecek\u201d\",\"datePublished\":\"2023-01-27T10:42:05+00:00\",\"mainEntityOfPage\":{\"@id\":\"https:\\\/\\\/akunq.net\\\/tr\\\/?p=72177\"},\"wordCount\":456,\"commentCount\":0,\"image\":{\"@id\":\"https:\\\/\\\/akunq.net\\\/tr\\\/?p=72177#primaryimage\"},\"thumbnailUrl\":\"https:\\\/\\\/akunq.net\\\/tr\\\/wp-content\\\/uploads\\\/sites\\\/6\\\/2023\\\/01\\\/dink-eskisehir-foto-1.jpeg\",\"articleSection\":[\"Haberler\"],\"inLanguage\":\"en-US\",\"potentialAction\":[{\"@type\":\"CommentAction\",\"name\":\"Comment\",\"target\":[\"https:\\\/\\\/akunq.net\\\/tr\\\/?p=72177#respond\"]}]},{\"@type\":\"WebPage\",\"@id\":\"https:\\\/\\\/akunq.net\\\/tr\\\/?p=72177\",\"url\":\"https:\\\/\\\/akunq.net\\\/tr\\\/?p=72177\",\"name\":\"Dink Eski\u015fehir\u2019de an\u0131ld\u0131... \u201cY\u00fczle\u015fmedik\u00e7e s\u0131ra herkese gelecek\u201d - Bati Ermenistan Ve Bati Ermenileri Sorunlari Ara\u015ftirmalar Merkezi\",\"isPartOf\":{\"@id\":\"https:\\\/\\\/akunq.net\\\/tr\\\/#website\"},\"primaryImageOfPage\":{\"@id\":\"https:\\\/\\\/akunq.net\\\/tr\\\/?p=72177#primaryimage\"},\"image\":{\"@id\":\"https:\\\/\\\/akunq.net\\\/tr\\\/?p=72177#primaryimage\"},\"thumbnailUrl\":\"https:\\\/\\\/akunq.net\\\/tr\\\/wp-content\\\/uploads\\\/sites\\\/6\\\/2023\\\/01\\\/dink-eskisehir-foto-1.jpeg\",\"datePublished\":\"2023-01-27T10:42:05+00:00\",\"author\":{\"@id\":\"https:\\\/\\\/akunq.net\\\/tr\\\/#\\\/schema\\\/person\\\/096f1d38a12cce57fb855b485ed24c9e\"},\"breadcrumb\":{\"@id\":\"https:\\\/\\\/akunq.net\\\/tr\\\/?p=72177#breadcrumb\"},\"inLanguage\":\"en-US\",\"potentialAction\":[{\"@type\":\"ReadAction\",\"target\":[\"https:\\\/\\\/akunq.net\\\/tr\\\/?p=72177\"]}]},{\"@type\":\"ImageObject\",\"inLanguage\":\"en-US\",\"@id\":\"https:\\\/\\\/akunq.net\\\/tr\\\/?p=72177#primaryimage\",\"url\":\"https:\\\/\\\/akunq.net\\\/tr\\\/wp-content\\\/uploads\\\/sites\\\/6\\\/2023\\\/01\\\/dink-eskisehir-foto-1.jpeg\",\"contentUrl\":\"https:\\\/\\\/akunq.net\\\/tr\\\/wp-content\\\/uploads\\\/sites\\\/6\\\/2023\\\/01\\\/dink-eskisehir-foto-1.jpeg\",\"width\":1024,\"height\":576},{\"@type\":\"BreadcrumbList\",\"@id\":\"https:\\\/\\\/akunq.net\\\/tr\\\/?p=72177#breadcrumb\",\"itemListElement\":[{\"@type\":\"ListItem\",\"position\":1,\"name\":\"Home\",\"item\":\"https:\\\/\\\/akunq.net\\\/tr\"},{\"@type\":\"ListItem\",\"position\":2,\"name\":\"Dink Eski\u015fehir\u2019de an\u0131ld\u0131&#8230; \u201cY\u00fczle\u015fmedik\u00e7e s\u0131ra herkese gelecek\u201d\"}]},{\"@type\":\"WebSite\",\"@id\":\"https:\\\/\\\/akunq.net\\\/tr\\\/#website\",\"url\":\"https:\\\/\\\/akunq.net\\\/tr\\\/\",\"name\":\"Bati Ermenistan Ve Bati Ermenileri Sorunlari Ara\u015ftirmalar Merkezi\",\"description\":\"\",\"potentialAction\":[{\"@type\":\"SearchAction\",\"target\":{\"@type\":\"EntryPoint\",\"urlTemplate\":\"https:\\\/\\\/akunq.net\\\/tr\\\/?s={search_term_string}\"},\"query-input\":{\"@type\":\"PropertyValueSpecification\",\"valueRequired\":true,\"valueName\":\"search_term_string\"}}],\"inLanguage\":\"en-US\"},{\"@type\":\"Person\",\"@id\":\"https:\\\/\\\/akunq.net\\\/tr\\\/#\\\/schema\\\/person\\\/096f1d38a12cce57fb855b485ed24c9e\",\"name\":\"admin\",\"url\":\"https:\\\/\\\/akunq.net\\\/tr\\\/?author=7\"}]}<\/script>\n<!-- \/ Yoast SEO plugin. -->","yoast_head_json":{"title":"Dink Eski\u015fehir\u2019de an\u0131ld\u0131... \u201cY\u00fczle\u015fmedik\u00e7e s\u0131ra herkese gelecek\u201d - Bati Ermenistan Ve Bati Ermenileri Sorunlari Ara\u015ftirmalar Merkezi","robots":{"index":"index","follow":"follow","max-snippet":"max-snippet:-1","max-image-preview":"max-image-preview:large","max-video-preview":"max-video-preview:-1"},"canonical":"https:\/\/akunq.net\/tr\/?p=72177","og_locale":"en_US","og_type":"article","og_title":"Dink Eski\u015fehir\u2019de an\u0131ld\u0131... \u201cY\u00fczle\u015fmedik\u00e7e s\u0131ra herkese gelecek\u201d - Bati Ermenistan Ve Bati Ermenileri Sorunlari Ara\u015ftirmalar Merkezi","og_description":"ESK\u0130\u015eEH\u0130R- \u201cAgos\u201d gazetesi Genel Yay\u0131n Y\u00f6netmeni Hrant Dink, katledilmesinin 16\u2019\u0131nc\u0131 y\u0131l\u0131nda Eski\u015fehir&#8217;de de an\u0131ld\u0131. Eski\u015fehir Emek Demokrasi G\u00fc\u00e7leri&#8217;nin \u00e7a\u011fr\u0131s\u0131yla ger\u00e7ekle\u015ftirilen anmada \u201cBu karanl\u0131kla, soyk\u0131r\u0131mc\u0131 zihniyetle y\u00fczle\u015fmedik\u00e7e, \u2018Biz Ermeni\u2019yi d\u00f6vd\u00fcrmeyecektik\u2019 diyen \u00f6yk\u00fcdeki gibi, s\u0131ra bir g\u00fcn herkese gelecek\u201d denildi. Eski\u015fehir Emek ve Demokrasi G\u00fc\u00e7leri, 19 Ocak\u2019ta Porsuk Adalar Bulvar\u0131nda bir araya gelerek Dink\u2019i and\u0131. &#8220;Herkes i\u00e7in [&hellip;]","og_url":"https:\/\/akunq.net\/tr\/?p=72177","og_site_name":"Bati Ermenistan Ve Bati Ermenileri Sorunlari Ara\u015ftirmalar Merkezi","article_published_time":"2023-01-27T10:42:05+00:00","og_image":[{"width":1024,"height":576,"url":"https:\/\/akunq.net\/tr\/wp-content\/uploads\/sites\/6\/2023\/01\/dink-eskisehir-foto-1.jpeg","type":"image\/jpeg"}],"author":"admin","twitter_card":"summary_large_image","twitter_misc":{"Written by":"admin","Est. reading time":"2 minutes"},"schema":{"@context":"https:\/\/schema.org","@graph":[{"@type":"Article","@id":"https:\/\/akunq.net\/tr\/?p=72177#article","isPartOf":{"@id":"https:\/\/akunq.net\/tr\/?p=72177"},"author":{"name":"admin","@id":"https:\/\/akunq.net\/tr\/#\/schema\/person\/096f1d38a12cce57fb855b485ed24c9e"},"headline":"Dink Eski\u015fehir\u2019de an\u0131ld\u0131&#8230; \u201cY\u00fczle\u015fmedik\u00e7e s\u0131ra herkese gelecek\u201d","datePublished":"2023-01-27T10:42:05+00:00","mainEntityOfPage":{"@id":"https:\/\/akunq.net\/tr\/?p=72177"},"wordCount":456,"commentCount":0,"image":{"@id":"https:\/\/akunq.net\/tr\/?p=72177#primaryimage"},"thumbnailUrl":"https:\/\/akunq.net\/tr\/wp-content\/uploads\/sites\/6\/2023\/01\/dink-eskisehir-foto-1.jpeg","articleSection":["Haberler"],"inLanguage":"en-US","potentialAction":[{"@type":"CommentAction","name":"Comment","target":["https:\/\/akunq.net\/tr\/?p=72177#respond"]}]},{"@type":"WebPage","@id":"https:\/\/akunq.net\/tr\/?p=72177","url":"https:\/\/akunq.net\/tr\/?p=72177","name":"Dink Eski\u015fehir\u2019de an\u0131ld\u0131... \u201cY\u00fczle\u015fmedik\u00e7e s\u0131ra herkese gelecek\u201d - Bati Ermenistan Ve Bati Ermenileri Sorunlari Ara\u015ftirmalar Merkezi","isPartOf":{"@id":"https:\/\/akunq.net\/tr\/#website"},"primaryImageOfPage":{"@id":"https:\/\/akunq.net\/tr\/?p=72177#primaryimage"},"image":{"@id":"https:\/\/akunq.net\/tr\/?p=72177#primaryimage"},"thumbnailUrl":"https:\/\/akunq.net\/tr\/wp-content\/uploads\/sites\/6\/2023\/01\/dink-eskisehir-foto-1.jpeg","datePublished":"2023-01-27T10:42:05+00:00","author":{"@id":"https:\/\/akunq.net\/tr\/#\/schema\/person\/096f1d38a12cce57fb855b485ed24c9e"},"breadcrumb":{"@id":"https:\/\/akunq.net\/tr\/?p=72177#breadcrumb"},"inLanguage":"en-US","potentialAction":[{"@type":"ReadAction","target":["https:\/\/akunq.net\/tr\/?p=72177"]}]},{"@type":"ImageObject","inLanguage":"en-US","@id":"https:\/\/akunq.net\/tr\/?p=72177#primaryimage","url":"https:\/\/akunq.net\/tr\/wp-content\/uploads\/sites\/6\/2023\/01\/dink-eskisehir-foto-1.jpeg","contentUrl":"https:\/\/akunq.net\/tr\/wp-content\/uploads\/sites\/6\/2023\/01\/dink-eskisehir-foto-1.jpeg","width":1024,"height":576},{"@type":"BreadcrumbList","@id":"https:\/\/akunq.net\/tr\/?p=72177#breadcrumb","itemListElement":[{"@type":"ListItem","position":1,"name":"Home","item":"https:\/\/akunq.net\/tr"},{"@type":"ListItem","position":2,"name":"Dink Eski\u015fehir\u2019de an\u0131ld\u0131&#8230; \u201cY\u00fczle\u015fmedik\u00e7e s\u0131ra herkese gelecek\u201d"}]},{"@type":"WebSite","@id":"https:\/\/akunq.net\/tr\/#website","url":"https:\/\/akunq.net\/tr\/","name":"Bati Ermenistan Ve Bati Ermenileri Sorunlari Ara\u015ftirmalar Merkezi","description":"","potentialAction":[{"@type":"SearchAction","target":{"@type":"EntryPoint","urlTemplate":"https:\/\/akunq.net\/tr\/?s={search_term_string}"},"query-input":{"@type":"PropertyValueSpecification","valueRequired":true,"valueName":"search_term_string"}}],"inLanguage":"en-US"},{"@type":"Person","@id":"https:\/\/akunq.net\/tr\/#\/schema\/person\/096f1d38a12cce57fb855b485ed24c9e","name":"admin","url":"https:\/\/akunq.net\/tr\/?author=7"}]}},"_links":{"self":[{"href":"https:\/\/akunq.net\/tr\/index.php?rest_route=\/wp\/v2\/posts\/72177","targetHints":{"allow":["GET"]}}],"collection":[{"href":"https:\/\/akunq.net\/tr\/index.php?rest_route=\/wp\/v2\/posts"}],"about":[{"href":"https:\/\/akunq.net\/tr\/index.php?rest_route=\/wp\/v2\/types\/post"}],"author":[{"embeddable":true,"href":"https:\/\/akunq.net\/tr\/index.php?rest_route=\/wp\/v2\/users\/7"}],"replies":[{"embeddable":true,"href":"https:\/\/akunq.net\/tr\/index.php?rest_route=%2Fwp%2Fv2%2Fcomments&post=72177"}],"version-history":[{"count":1,"href":"https:\/\/akunq.net\/tr\/index.php?rest_route=\/wp\/v2\/posts\/72177\/revisions"}],"predecessor-version":[{"id":72180,"href":"https:\/\/akunq.net\/tr\/index.php?rest_route=\/wp\/v2\/posts\/72177\/revisions\/72180"}],"wp:featuredmedia":[{"embeddable":true,"href":"https:\/\/akunq.net\/tr\/index.php?rest_route=\/wp\/v2\/media\/72179"}],"wp:attachment":[{"href":"https:\/\/akunq.net\/tr\/index.php?rest_route=%2Fwp%2Fv2%2Fmedia&parent=72177"}],"wp:term":[{"taxonomy":"category","embeddable":true,"href":"https:\/\/akunq.net\/tr\/index.php?rest_route=%2Fwp%2Fv2%2Fcategories&post=72177"},{"taxonomy":"post_tag","embeddable":true,"href":"https:\/\/akunq.net\/tr\/index.php?rest_route=%2Fwp%2Fv2%2Ftags&post=72177"}],"curies":[{"name":"wp","href":"https:\/\/api.w.org\/{rel}","templated":true}]}}