{"id":72137,"date":"2023-01-25T02:19:41","date_gmt":"2023-01-25T07:19:41","guid":{"rendered":"https:\/\/akunq.net\/tr\/?p=72137"},"modified":"2023-01-25T02:19:41","modified_gmt":"2023-01-25T07:19:41","slug":"dunyaca-unlu-sumela-manastiri-geceleri-isil-isil-olacak","status":"publish","type":"post","link":"https:\/\/akunq.net\/tr\/?p=72137","title":{"rendered":"D\u00fcnyaca \u00fcnl\u00fc S\u00fcmela Manast\u0131r\u0131 geceleri \u0131\u015f\u0131l \u0131\u015f\u0131l olacak"},"content":{"rendered":"<p><img loading=\"lazy\" decoding=\"async\" class=\"aligncenter size-medium wp-image-72138\" src=\"https:\/\/akunq.net\/tr\/wp-content\/uploads\/2023\/01\/Sumela-360x203.webp\" alt=\"\" width=\"360\" height=\"203\" srcset=\"https:\/\/akunq.net\/tr\/wp-content\/uploads\/sites\/6\/2023\/01\/Sumela-360x203.webp 360w, https:\/\/akunq.net\/tr\/wp-content\/uploads\/sites\/6\/2023\/01\/Sumela-768x432.webp 768w, https:\/\/akunq.net\/tr\/wp-content\/uploads\/sites\/6\/2023\/01\/Sumela-560x315.webp 560w, https:\/\/akunq.net\/tr\/wp-content\/uploads\/sites\/6\/2023\/01\/Sumela-260x146.webp 260w, https:\/\/akunq.net\/tr\/wp-content\/uploads\/sites\/6\/2023\/01\/Sumela-160x90.webp 160w, https:\/\/akunq.net\/tr\/wp-content\/uploads\/sites\/6\/2023\/01\/Sumela.webp 864w\" sizes=\"auto, (max-width: 360px) 100vw, 360px\" \/><\/p>\n<p><em><strong>T\u00fcrkiye\u2019nin \u00f6nemli inan\u00e7 turizmi rotalar\u0131ndan S\u00fcmela Manast\u0131r\u0131, yap\u0131lan \u0131\u015f\u0131kland\u0131rma \u00e7al\u0131\u015fmas\u0131yla dik yama\u00e7taki \u0131\u015f\u0131lt\u0131l\u0131 g\u00f6r\u00fcnt\u00fcs\u00fcyle geceleri de dikkati \u00e7ekecek.<\/strong><\/em><\/p>\n<p><strong>Meltem Y\u0131lmaz Karakurum<\/strong><\/p>\n<p>Trabzon\u2019un Ma\u00e7ka il\u00e7esindeki Karada\u011f\u2019\u0131n Alt\u0131ndere Vadisi\u2019nde 300 metre y\u00fckseklikte kayalar oyularak in\u015fa edilen S\u00fcmela Manast\u0131r\u0131, her mevsim misafirlerine do\u011fa, tarih ve k\u00fclt\u00fcr\u00fc bir arada sunuyor.<\/p>\n<p>UNESCO D\u00fcnya Miras\u0131 Ge\u00e7ici Listesi\u2019nde de yer alan manast\u0131r, kaya d\u00fc\u015fme riskine kar\u015f\u0131 Eyl\u00fcl 2015\u2019te ziyarete kapat\u0131ld\u0131.<\/p>\n<p>K\u00fclt\u00fcr ve Turizm Bakanl\u0131\u011f\u0131nca \u015eubat 2016\u2019da ba\u015flat\u0131lan restorasyonda \u00e7evre d\u00fczenlemesi, kayal\u0131klar\u0131n jeolojik ve jeoteknik bak\u0131mdan ara\u015ft\u0131r\u0131lmas\u0131, g\u00fc\u00e7lendirilmesi projelerinin birinci etab\u0131 tamamlanarak avluya kadarki b\u00f6l\u00fcm\u00fc May\u0131s 2019\u2019da, ikinci etap \u00e7al\u0131\u015fmalar\u0131n\u0131n \u00f6nemli k\u0131sm\u0131n\u0131n sona ermesiyle manast\u0131r\u0131n y\u00fczde 65\u2019lik b\u00f6l\u00fcm\u00fc 28 Temmuz 2020\u2019de, i\u00e7 avluyu kapsayan \u00fc\u00e7\u00fcnc\u00fc etab\u0131 ise 1 Temmuz 2021\u2019de ziyarete a\u00e7\u0131ld\u0131.<\/p>\n<p>Kaya d\u00fc\u015fme riskine kar\u015f\u0131n 1 Kas\u0131m 2021\u2019de tekrar kapat\u0131larak restorasyona al\u0131nan tarihi manast\u0131rda, tehlike olu\u015fturan kayalar \u00e7elik halatlarla sabitlendi, kaya tutucu bariyerler in\u015fa edildi. Bu \u00e7al\u0131\u015fmalar\u0131n da tamamlanmas\u0131yla 1 May\u0131s 2022 itibar\u0131yla ziyaret\u00e7ilerine yeniden kap\u0131lar\u0131n\u0131 a\u00e7an manast\u0131r, kapal\u0131 d\u00f6nemlerinde dahi yerli ve yabanc\u0131 turistlerin gezi rehberinde ilk s\u0131rada yer ald\u0131.<\/p>\n<p><strong>S\u00fcmela Manast\u0131r\u0131 gece g\u00f6r\u00fcnt\u00fcs\u00fcyle de ilgi \u00e7ekecek<\/strong><br \/>\nManast\u0131rda daha \u00f6nce \u00e7al\u0131\u015fma yap\u0131lmam\u0131\u015f \u201cmezarl\u0131k \u015fapeli\u201d ile el de\u011fmemi\u015f duvar resimlerine sahip \u201csakl\u0131 \u015fapel\u201d olarak nitelendirilen iki yap\u0131da da kaz\u0131 ve temizlik \u00e7al\u0131\u015fmalar\u0131 ger\u00e7ekle\u015ftirildi.<\/p>\n<p>Ekiplerce manast\u0131rda, fresklere yaz\u0131lan isimlerin silinmesine y\u00f6nelik de \u00e7al\u0131\u015fma y\u00fcr\u00fct\u00fcl\u00fcyor.<\/p>\n<p>Manast\u0131r\u0131n i\u00e7erisindeki \u00e7al\u0131\u015fmalar devam ederken \u00e7evre d\u00fczenlemesi de h\u0131zland\u0131r\u0131ld\u0131. Bu kapsamda turizmde \u00e7ok daha \u00f6n plana \u00e7\u0131kmak ad\u0131na manast\u0131r\u0131n \u0131\u015f\u0131kland\u0131r\u0131lmas\u0131 tamamland\u0131.<\/p>\n<p>\u0130\u00e7, d\u0131\u015f, su kemerleri ve \u00e7evre ayd\u0131nlatmas\u0131 yap\u0131lan S\u00fcmela, dik yama\u00e7taki \u0131\u015f\u0131lt\u0131l\u0131 g\u00f6r\u00fcnt\u00fcs\u00fcyle geceleri ayr\u0131 bir g\u00fczellikler sunacak.<\/p>\n<p><strong>\u201cI\u015f\u0131kland\u0131rma projesi hizmete girmi\u015ftir\u201d<\/strong><br \/>\n\u0130l K\u00fclt\u00fcr ve Turizm M\u00fcd\u00fcr\u00fc Tamer Erdo\u011fan, AA muhabirine, S\u00fcmela Manast\u0131r\u0131\u2019n\u0131n bulundu\u011fu konum itibar\u0131yla e\u015fsiz bir g\u00fczelli\u011fe sahip oldu\u011funu s\u00f6yledi.<\/p>\n<p>Manast\u0131r\u0131n inan\u00e7 turizmi a\u00e7\u0131s\u0131ndan \u00f6nemine dikkati \u00e7eken Erdo\u011fan, bu kapsamda S\u00fcmela Manast\u0131r\u0131\u2019n\u0131n b\u00f6lge ve \u00fclke turizmine katk\u0131 sa\u011flad\u0131\u011f\u0131n\u0131 ifade etti.<\/p>\n<p>Erdo\u011fan, manast\u0131rdaki restorasyon \u00e7al\u0131\u015fmalar\u0131yla ilgili \u015fu bilgileri aktard\u0131:<\/p>\n<p>\u201cManast\u0131r\u0131n kaya yama\u00e7lar\u0131 temizlenerek \u00e7elik a\u011f kafeslerle koruma alt\u0131na al\u0131nm\u0131\u015ft\u0131r. Daha sonraki a\u015famada ise manast\u0131r\u0131n i\u00e7erisindeki b\u00f6l\u00fcmlerin restorasyonuyla manast\u0131r\u0131n i\u00e7 ve d\u0131\u015f b\u00f6l\u00fcmlerinin restorasyonu tamamen bitmi\u015ftir. Fresklerin temizlik \u00e7al\u0131\u015fmalar\u0131 ise halen devam etmektedir.\u201d<\/p>\n<p>S\u00fcmela Manast\u0131r\u0131\u2019n\u0131n 2016\u2019da ba\u015flayan restorasyon \u00e7al\u0131\u015fmalar\u0131 nedeniyle kapal\u0131 olan ziyaret\u00e7i giri\u015flerinin 1 May\u0131s 2022\u2019de yeniden ba\u015flad\u0131\u011f\u0131n\u0131 aktaran Erdo\u011fan, bu s\u00fcrede S\u00fcmela Manast\u0131r\u0131\u2019n\u0131n 340 bin ziyaret\u00e7iye ev sahipli\u011fi yapt\u0131\u011f\u0131n\u0131 kaydetti.<\/p>\n<p>Erdo\u011fan, S\u00fcmela Manast\u0131r\u0131\u2019n\u0131n \u0131\u015f\u0131kland\u0131r\u0131ld\u0131\u011f\u0131n\u0131 da vurgulayarak, \u015funlar\u0131 s\u00f6yledi:<\/p>\n<p>\u201cSon a\u015fama Bakanl\u0131\u011f\u0131m\u0131z\u0131n yapm\u0131\u015f oldu\u011fu, S\u00fcmela Manast\u0131r\u0131\u2019n\u0131n do\u011fal, e\u015fsiz g\u00fczelli\u011fini ortaya \u00e7\u0131karmak i\u00e7in bir \u0131\u015f\u0131kland\u0131rma projesidir. Bug\u00fcn itibar\u0131yla \u0131\u015f\u0131kland\u0131rma projesi hizmete girmi\u015ftir. Gecesi ayr\u0131, g\u00fcnd\u00fcz\u00fc ayr\u0131, bulundu\u011fu konum itibar\u0131yla e\u015fsiz g\u00fczelli\u011fe sahip olan manast\u0131r\u0131m\u0131z ziyaret\u00e7ilerini bekliyor.\u201d<\/p>\n<p>I\u015f\u0131kland\u0131rma \u00e7al\u0131\u015fmas\u0131n\u0131n yakla\u015f\u0131k 8 ayda tamamland\u0131\u011f\u0131na dikkati \u00e7eken Erdo\u011fan, \u201cBakanl\u0131\u011f\u0131m\u0131z\u0131n teknik ekibince \u00e7ok dikkatli ve titiz \u00e7al\u0131\u015fmalar sonucunda \u0131\u015f\u0131kland\u0131rma \u00e7al\u0131\u015fmas\u0131n\u0131n teknik altyap\u0131s\u0131 bitirildi. \u015eu an \u0131\u015f\u0131kland\u0131rmalar\u0131m\u0131z haz\u0131r. \u0130n\u015fallah 2023\u2019\u00fcn \u00e7ok daha iyi ge\u00e7ece\u011fini d\u00fc\u015f\u00fcn\u00fcyoruz.\u201d<\/p>\n<p><strong>S\u00fcmela Manast\u0131r\u0131<\/strong><br \/>\nKarada\u011f\u2019\u0131n eteklerinde vadiden yakla\u015f\u0131k 300 metre y\u00fckseklikteki ormanl\u0131k alanda bulunan S\u00fcmela Manast\u0131r\u0131, halk aras\u0131nda \u201cMeryem Ana\u201d ad\u0131 ile biliniyor.<\/p>\n<p>Kaynaklara g\u00f6re, S\u00fcmela Manast\u0131r\u0131\u2019n\u0131n 18. y\u00fczy\u0131lda bir\u00e7ok b\u00f6l\u00fcm\u00fc yenilendi, baz\u0131 duvarlar\u0131 fresklerle s\u00fcslendi. 19. y\u00fczy\u0131lda b\u00fcy\u00fck binalar\u0131n eklenmesiyle manast\u0131r ihti\u015faml\u0131 bir g\u00f6r\u00fcn\u00fcm kazand\u0131. Bu d\u00f6nemde son \u015feklini alan manast\u0131r, pek \u00e7ok yabanc\u0131 seyyah\u0131n ziyaret etti\u011fi, yaz\u0131lara konu olan bir yer haline geldi.<\/p>\n<p>S\u00fcmela Manast\u0131r\u0131, ana kaya kilisesi, birka\u00e7 \u015fapel, mutfak, \u00f6\u011frenci odalar\u0131, misafirhane, k\u00fct\u00fcphane ile kutsal ayazma gibi b\u00f6l\u00fcmlerden olu\u015fuyor. Ma\u011fara ve \u015fapellerin duvarlar\u0131ndaki fresklerin 12. y\u00fczy\u0131ldan 19. y\u00fczy\u0131la kadar farkl\u0131 d\u00f6nemlere ait olduklar\u0131 d\u00fc\u015f\u00fcn\u00fcl\u00fcyor.<\/p>\n<hr \/>\n<p><em><strong><a href=\"https:\/\/www.aa.com.tr\/tr\/kultur\/dunyaca-unlu-sumela-manastiri-geceleri-isil-isil-olacak\/2795764\" target=\"_blank\" rel=\"noopener\">AA<\/a>\u00a0<\/strong><\/em><\/p>\n","protected":false},"excerpt":{"rendered":"<p>T\u00fcrkiye\u2019nin \u00f6nemli inan\u00e7 turizmi rotalar\u0131ndan S\u00fcmela Manast\u0131r\u0131, yap\u0131lan \u0131\u015f\u0131kland\u0131rma \u00e7al\u0131\u015fmas\u0131yla dik yama\u00e7taki \u0131\u015f\u0131lt\u0131l\u0131 g\u00f6r\u00fcnt\u00fcs\u00fcyle geceleri de dikkati \u00e7ekecek. Meltem Y\u0131lmaz Karakurum Trabzon\u2019un Ma\u00e7ka il\u00e7esindeki Karada\u011f\u2019\u0131n Alt\u0131ndere Vadisi\u2019nde 300 metre y\u00fckseklikte kayalar oyularak in\u015fa edilen S\u00fcmela Manast\u0131r\u0131, her mevsim misafirlerine do\u011fa, tarih ve k\u00fclt\u00fcr\u00fc bir arada sunuyor. UNESCO D\u00fcnya Miras\u0131 Ge\u00e7ici Listesi\u2019nde de yer alan manast\u0131r, [&hellip;]<\/p>\n","protected":false},"author":7,"featured_media":72139,"comment_status":"open","ping_status":"open","sticky":false,"template":"","format":"standard","meta":{"footnotes":""},"categories":[1],"tags":[],"class_list":["post-72137","post","type-post","status-publish","format-standard","has-post-thumbnail","hentry","category-haberler"],"yoast_head":"<!-- This site is optimized with the Yoast SEO plugin v27.4 - https:\/\/yoast.com\/product\/yoast-seo-wordpress\/ -->\n<title>D\u00fcnyaca \u00fcnl\u00fc S\u00fcmela Manast\u0131r\u0131 geceleri \u0131\u015f\u0131l \u0131\u015f\u0131l olacak - Bati Ermenistan Ve Bati Ermenileri Sorunlari Ara\u015ftirmalar Merkezi<\/title>\n<meta name=\"robots\" content=\"index, follow, max-snippet:-1, max-image-preview:large, max-video-preview:-1\" \/>\n<link rel=\"canonical\" href=\"https:\/\/akunq.net\/tr\/?p=72137\" \/>\n<meta property=\"og:locale\" content=\"en_US\" \/>\n<meta property=\"og:type\" content=\"article\" \/>\n<meta property=\"og:title\" content=\"D\u00fcnyaca \u00fcnl\u00fc S\u00fcmela Manast\u0131r\u0131 geceleri \u0131\u015f\u0131l \u0131\u015f\u0131l olacak - Bati Ermenistan Ve Bati Ermenileri Sorunlari Ara\u015ftirmalar Merkezi\" \/>\n<meta property=\"og:description\" content=\"T\u00fcrkiye\u2019nin \u00f6nemli inan\u00e7 turizmi rotalar\u0131ndan S\u00fcmela Manast\u0131r\u0131, yap\u0131lan \u0131\u015f\u0131kland\u0131rma \u00e7al\u0131\u015fmas\u0131yla dik yama\u00e7taki \u0131\u015f\u0131lt\u0131l\u0131 g\u00f6r\u00fcnt\u00fcs\u00fcyle geceleri de dikkati \u00e7ekecek. Meltem Y\u0131lmaz Karakurum Trabzon\u2019un Ma\u00e7ka il\u00e7esindeki Karada\u011f\u2019\u0131n Alt\u0131ndere Vadisi\u2019nde 300 metre y\u00fckseklikte kayalar oyularak in\u015fa edilen S\u00fcmela Manast\u0131r\u0131, her mevsim misafirlerine do\u011fa, tarih ve k\u00fclt\u00fcr\u00fc bir arada sunuyor. UNESCO D\u00fcnya Miras\u0131 Ge\u00e7ici Listesi\u2019nde de yer alan manast\u0131r, [&hellip;]\" \/>\n<meta property=\"og:url\" content=\"https:\/\/akunq.net\/tr\/?p=72137\" \/>\n<meta property=\"og:site_name\" content=\"Bati Ermenistan Ve Bati Ermenileri Sorunlari Ara\u015ftirmalar Merkezi\" \/>\n<meta property=\"article:published_time\" content=\"2023-01-25T07:19:41+00:00\" \/>\n<meta property=\"og:image\" content=\"https:\/\/akunq.net\/tr\/wp-content\/uploads\/sites\/6\/2023\/01\/Sumela-1.webp\" \/>\n\t<meta property=\"og:image:width\" content=\"864\" \/>\n\t<meta property=\"og:image:height\" content=\"486\" \/>\n\t<meta property=\"og:image:type\" content=\"image\/webp\" \/>\n<meta name=\"author\" content=\"admin\" \/>\n<meta name=\"twitter:card\" content=\"summary_large_image\" \/>\n<meta name=\"twitter:label1\" content=\"Written by\" \/>\n\t<meta name=\"twitter:data1\" content=\"admin\" \/>\n\t<meta name=\"twitter:label2\" content=\"Est. reading time\" \/>\n\t<meta name=\"twitter:data2\" content=\"4 minutes\" \/>\n<script type=\"application\/ld+json\" class=\"yoast-schema-graph\">{\"@context\":\"https:\\\/\\\/schema.org\",\"@graph\":[{\"@type\":\"Article\",\"@id\":\"https:\\\/\\\/akunq.net\\\/tr\\\/?p=72137#article\",\"isPartOf\":{\"@id\":\"https:\\\/\\\/akunq.net\\\/tr\\\/?p=72137\"},\"author\":{\"name\":\"admin\",\"@id\":\"https:\\\/\\\/akunq.net\\\/tr\\\/#\\\/schema\\\/person\\\/096f1d38a12cce57fb855b485ed24c9e\"},\"headline\":\"D\u00fcnyaca \u00fcnl\u00fc S\u00fcmela Manast\u0131r\u0131 geceleri \u0131\u015f\u0131l \u0131\u015f\u0131l olacak\",\"datePublished\":\"2023-01-25T07:19:41+00:00\",\"mainEntityOfPage\":{\"@id\":\"https:\\\/\\\/akunq.net\\\/tr\\\/?p=72137\"},\"wordCount\":851,\"commentCount\":0,\"image\":{\"@id\":\"https:\\\/\\\/akunq.net\\\/tr\\\/?p=72137#primaryimage\"},\"thumbnailUrl\":\"https:\\\/\\\/akunq.net\\\/tr\\\/wp-content\\\/uploads\\\/sites\\\/6\\\/2023\\\/01\\\/Sumela-1.webp\",\"articleSection\":[\"Haberler\"],\"inLanguage\":\"en-US\",\"potentialAction\":[{\"@type\":\"CommentAction\",\"name\":\"Comment\",\"target\":[\"https:\\\/\\\/akunq.net\\\/tr\\\/?p=72137#respond\"]}]},{\"@type\":\"WebPage\",\"@id\":\"https:\\\/\\\/akunq.net\\\/tr\\\/?p=72137\",\"url\":\"https:\\\/\\\/akunq.net\\\/tr\\\/?p=72137\",\"name\":\"D\u00fcnyaca \u00fcnl\u00fc S\u00fcmela Manast\u0131r\u0131 geceleri \u0131\u015f\u0131l \u0131\u015f\u0131l olacak - Bati Ermenistan Ve Bati Ermenileri Sorunlari Ara\u015ftirmalar Merkezi\",\"isPartOf\":{\"@id\":\"https:\\\/\\\/akunq.net\\\/tr\\\/#website\"},\"primaryImageOfPage\":{\"@id\":\"https:\\\/\\\/akunq.net\\\/tr\\\/?p=72137#primaryimage\"},\"image\":{\"@id\":\"https:\\\/\\\/akunq.net\\\/tr\\\/?p=72137#primaryimage\"},\"thumbnailUrl\":\"https:\\\/\\\/akunq.net\\\/tr\\\/wp-content\\\/uploads\\\/sites\\\/6\\\/2023\\\/01\\\/Sumela-1.webp\",\"datePublished\":\"2023-01-25T07:19:41+00:00\",\"author\":{\"@id\":\"https:\\\/\\\/akunq.net\\\/tr\\\/#\\\/schema\\\/person\\\/096f1d38a12cce57fb855b485ed24c9e\"},\"breadcrumb\":{\"@id\":\"https:\\\/\\\/akunq.net\\\/tr\\\/?p=72137#breadcrumb\"},\"inLanguage\":\"en-US\",\"potentialAction\":[{\"@type\":\"ReadAction\",\"target\":[\"https:\\\/\\\/akunq.net\\\/tr\\\/?p=72137\"]}]},{\"@type\":\"ImageObject\",\"inLanguage\":\"en-US\",\"@id\":\"https:\\\/\\\/akunq.net\\\/tr\\\/?p=72137#primaryimage\",\"url\":\"https:\\\/\\\/akunq.net\\\/tr\\\/wp-content\\\/uploads\\\/sites\\\/6\\\/2023\\\/01\\\/Sumela-1.webp\",\"contentUrl\":\"https:\\\/\\\/akunq.net\\\/tr\\\/wp-content\\\/uploads\\\/sites\\\/6\\\/2023\\\/01\\\/Sumela-1.webp\",\"width\":864,\"height\":486},{\"@type\":\"BreadcrumbList\",\"@id\":\"https:\\\/\\\/akunq.net\\\/tr\\\/?p=72137#breadcrumb\",\"itemListElement\":[{\"@type\":\"ListItem\",\"position\":1,\"name\":\"Home\",\"item\":\"https:\\\/\\\/akunq.net\\\/tr\"},{\"@type\":\"ListItem\",\"position\":2,\"name\":\"D\u00fcnyaca \u00fcnl\u00fc S\u00fcmela Manast\u0131r\u0131 geceleri \u0131\u015f\u0131l \u0131\u015f\u0131l olacak\"}]},{\"@type\":\"WebSite\",\"@id\":\"https:\\\/\\\/akunq.net\\\/tr\\\/#website\",\"url\":\"https:\\\/\\\/akunq.net\\\/tr\\\/\",\"name\":\"Bati Ermenistan Ve Bati Ermenileri Sorunlari Ara\u015ftirmalar Merkezi\",\"description\":\"\",\"potentialAction\":[{\"@type\":\"SearchAction\",\"target\":{\"@type\":\"EntryPoint\",\"urlTemplate\":\"https:\\\/\\\/akunq.net\\\/tr\\\/?s={search_term_string}\"},\"query-input\":{\"@type\":\"PropertyValueSpecification\",\"valueRequired\":true,\"valueName\":\"search_term_string\"}}],\"inLanguage\":\"en-US\"},{\"@type\":\"Person\",\"@id\":\"https:\\\/\\\/akunq.net\\\/tr\\\/#\\\/schema\\\/person\\\/096f1d38a12cce57fb855b485ed24c9e\",\"name\":\"admin\",\"url\":\"https:\\\/\\\/akunq.net\\\/tr\\\/?author=7\"}]}<\/script>\n<!-- \/ Yoast SEO plugin. -->","yoast_head_json":{"title":"D\u00fcnyaca \u00fcnl\u00fc S\u00fcmela Manast\u0131r\u0131 geceleri \u0131\u015f\u0131l \u0131\u015f\u0131l olacak - Bati Ermenistan Ve Bati Ermenileri Sorunlari Ara\u015ftirmalar Merkezi","robots":{"index":"index","follow":"follow","max-snippet":"max-snippet:-1","max-image-preview":"max-image-preview:large","max-video-preview":"max-video-preview:-1"},"canonical":"https:\/\/akunq.net\/tr\/?p=72137","og_locale":"en_US","og_type":"article","og_title":"D\u00fcnyaca \u00fcnl\u00fc S\u00fcmela Manast\u0131r\u0131 geceleri \u0131\u015f\u0131l \u0131\u015f\u0131l olacak - Bati Ermenistan Ve Bati Ermenileri Sorunlari Ara\u015ftirmalar Merkezi","og_description":"T\u00fcrkiye\u2019nin \u00f6nemli inan\u00e7 turizmi rotalar\u0131ndan S\u00fcmela Manast\u0131r\u0131, yap\u0131lan \u0131\u015f\u0131kland\u0131rma \u00e7al\u0131\u015fmas\u0131yla dik yama\u00e7taki \u0131\u015f\u0131lt\u0131l\u0131 g\u00f6r\u00fcnt\u00fcs\u00fcyle geceleri de dikkati \u00e7ekecek. Meltem Y\u0131lmaz Karakurum Trabzon\u2019un Ma\u00e7ka il\u00e7esindeki Karada\u011f\u2019\u0131n Alt\u0131ndere Vadisi\u2019nde 300 metre y\u00fckseklikte kayalar oyularak in\u015fa edilen S\u00fcmela Manast\u0131r\u0131, her mevsim misafirlerine do\u011fa, tarih ve k\u00fclt\u00fcr\u00fc bir arada sunuyor. UNESCO D\u00fcnya Miras\u0131 Ge\u00e7ici Listesi\u2019nde de yer alan manast\u0131r, [&hellip;]","og_url":"https:\/\/akunq.net\/tr\/?p=72137","og_site_name":"Bati Ermenistan Ve Bati Ermenileri Sorunlari Ara\u015ftirmalar Merkezi","article_published_time":"2023-01-25T07:19:41+00:00","og_image":[{"width":864,"height":486,"url":"https:\/\/akunq.net\/tr\/wp-content\/uploads\/sites\/6\/2023\/01\/Sumela-1.webp","type":"image\/webp"}],"author":"admin","twitter_card":"summary_large_image","twitter_misc":{"Written by":"admin","Est. reading time":"4 minutes"},"schema":{"@context":"https:\/\/schema.org","@graph":[{"@type":"Article","@id":"https:\/\/akunq.net\/tr\/?p=72137#article","isPartOf":{"@id":"https:\/\/akunq.net\/tr\/?p=72137"},"author":{"name":"admin","@id":"https:\/\/akunq.net\/tr\/#\/schema\/person\/096f1d38a12cce57fb855b485ed24c9e"},"headline":"D\u00fcnyaca \u00fcnl\u00fc S\u00fcmela Manast\u0131r\u0131 geceleri \u0131\u015f\u0131l \u0131\u015f\u0131l olacak","datePublished":"2023-01-25T07:19:41+00:00","mainEntityOfPage":{"@id":"https:\/\/akunq.net\/tr\/?p=72137"},"wordCount":851,"commentCount":0,"image":{"@id":"https:\/\/akunq.net\/tr\/?p=72137#primaryimage"},"thumbnailUrl":"https:\/\/akunq.net\/tr\/wp-content\/uploads\/sites\/6\/2023\/01\/Sumela-1.webp","articleSection":["Haberler"],"inLanguage":"en-US","potentialAction":[{"@type":"CommentAction","name":"Comment","target":["https:\/\/akunq.net\/tr\/?p=72137#respond"]}]},{"@type":"WebPage","@id":"https:\/\/akunq.net\/tr\/?p=72137","url":"https:\/\/akunq.net\/tr\/?p=72137","name":"D\u00fcnyaca \u00fcnl\u00fc S\u00fcmela Manast\u0131r\u0131 geceleri \u0131\u015f\u0131l \u0131\u015f\u0131l olacak - Bati Ermenistan Ve Bati Ermenileri Sorunlari Ara\u015ftirmalar Merkezi","isPartOf":{"@id":"https:\/\/akunq.net\/tr\/#website"},"primaryImageOfPage":{"@id":"https:\/\/akunq.net\/tr\/?p=72137#primaryimage"},"image":{"@id":"https:\/\/akunq.net\/tr\/?p=72137#primaryimage"},"thumbnailUrl":"https:\/\/akunq.net\/tr\/wp-content\/uploads\/sites\/6\/2023\/01\/Sumela-1.webp","datePublished":"2023-01-25T07:19:41+00:00","author":{"@id":"https:\/\/akunq.net\/tr\/#\/schema\/person\/096f1d38a12cce57fb855b485ed24c9e"},"breadcrumb":{"@id":"https:\/\/akunq.net\/tr\/?p=72137#breadcrumb"},"inLanguage":"en-US","potentialAction":[{"@type":"ReadAction","target":["https:\/\/akunq.net\/tr\/?p=72137"]}]},{"@type":"ImageObject","inLanguage":"en-US","@id":"https:\/\/akunq.net\/tr\/?p=72137#primaryimage","url":"https:\/\/akunq.net\/tr\/wp-content\/uploads\/sites\/6\/2023\/01\/Sumela-1.webp","contentUrl":"https:\/\/akunq.net\/tr\/wp-content\/uploads\/sites\/6\/2023\/01\/Sumela-1.webp","width":864,"height":486},{"@type":"BreadcrumbList","@id":"https:\/\/akunq.net\/tr\/?p=72137#breadcrumb","itemListElement":[{"@type":"ListItem","position":1,"name":"Home","item":"https:\/\/akunq.net\/tr"},{"@type":"ListItem","position":2,"name":"D\u00fcnyaca \u00fcnl\u00fc S\u00fcmela Manast\u0131r\u0131 geceleri \u0131\u015f\u0131l \u0131\u015f\u0131l olacak"}]},{"@type":"WebSite","@id":"https:\/\/akunq.net\/tr\/#website","url":"https:\/\/akunq.net\/tr\/","name":"Bati Ermenistan Ve Bati Ermenileri Sorunlari Ara\u015ftirmalar Merkezi","description":"","potentialAction":[{"@type":"SearchAction","target":{"@type":"EntryPoint","urlTemplate":"https:\/\/akunq.net\/tr\/?s={search_term_string}"},"query-input":{"@type":"PropertyValueSpecification","valueRequired":true,"valueName":"search_term_string"}}],"inLanguage":"en-US"},{"@type":"Person","@id":"https:\/\/akunq.net\/tr\/#\/schema\/person\/096f1d38a12cce57fb855b485ed24c9e","name":"admin","url":"https:\/\/akunq.net\/tr\/?author=7"}]}},"_links":{"self":[{"href":"https:\/\/akunq.net\/tr\/index.php?rest_route=\/wp\/v2\/posts\/72137","targetHints":{"allow":["GET"]}}],"collection":[{"href":"https:\/\/akunq.net\/tr\/index.php?rest_route=\/wp\/v2\/posts"}],"about":[{"href":"https:\/\/akunq.net\/tr\/index.php?rest_route=\/wp\/v2\/types\/post"}],"author":[{"embeddable":true,"href":"https:\/\/akunq.net\/tr\/index.php?rest_route=\/wp\/v2\/users\/7"}],"replies":[{"embeddable":true,"href":"https:\/\/akunq.net\/tr\/index.php?rest_route=%2Fwp%2Fv2%2Fcomments&post=72137"}],"version-history":[{"count":1,"href":"https:\/\/akunq.net\/tr\/index.php?rest_route=\/wp\/v2\/posts\/72137\/revisions"}],"predecessor-version":[{"id":72140,"href":"https:\/\/akunq.net\/tr\/index.php?rest_route=\/wp\/v2\/posts\/72137\/revisions\/72140"}],"wp:featuredmedia":[{"embeddable":true,"href":"https:\/\/akunq.net\/tr\/index.php?rest_route=\/wp\/v2\/media\/72139"}],"wp:attachment":[{"href":"https:\/\/akunq.net\/tr\/index.php?rest_route=%2Fwp%2Fv2%2Fmedia&parent=72137"}],"wp:term":[{"taxonomy":"category","embeddable":true,"href":"https:\/\/akunq.net\/tr\/index.php?rest_route=%2Fwp%2Fv2%2Fcategories&post=72137"},{"taxonomy":"post_tag","embeddable":true,"href":"https:\/\/akunq.net\/tr\/index.php?rest_route=%2Fwp%2Fv2%2Ftags&post=72137"}],"curies":[{"name":"wp","href":"https:\/\/api.w.org\/{rel}","templated":true}]}}