{"id":72133,"date":"2023-01-25T02:14:31","date_gmt":"2023-01-25T07:14:31","guid":{"rendered":"https:\/\/akunq.net\/tr\/?p=72133"},"modified":"2023-01-25T02:14:31","modified_gmt":"2023-01-25T07:14:31","slug":"ugur-mumcu-anildiugur-mumcu-anildi","status":"publish","type":"post","link":"https:\/\/akunq.net\/tr\/?p=72133","title":{"rendered":"U\u011fur Mumcu an\u0131ld\u0131U\u011fur Mumcu an\u0131ld\u0131"},"content":{"rendered":"<h4><img loading=\"lazy\" decoding=\"async\" class=\"aligncenter size-medium wp-image-72134\" src=\"https:\/\/akunq.net\/tr\/wp-content\/uploads\/2023\/01\/Ugur-Mumcu-360x203.jpg\" alt=\"\" width=\"360\" height=\"203\" srcset=\"https:\/\/akunq.net\/tr\/wp-content\/uploads\/sites\/6\/2023\/01\/Ugur-Mumcu-360x203.jpg 360w, https:\/\/akunq.net\/tr\/wp-content\/uploads\/sites\/6\/2023\/01\/Ugur-Mumcu-768x432.jpg 768w, https:\/\/akunq.net\/tr\/wp-content\/uploads\/sites\/6\/2023\/01\/Ugur-Mumcu-560x315.jpg 560w, https:\/\/akunq.net\/tr\/wp-content\/uploads\/sites\/6\/2023\/01\/Ugur-Mumcu-260x146.jpg 260w, https:\/\/akunq.net\/tr\/wp-content\/uploads\/sites\/6\/2023\/01\/Ugur-Mumcu-160x90.jpg 160w, https:\/\/akunq.net\/tr\/wp-content\/uploads\/sites\/6\/2023\/01\/Ugur-Mumcu.jpg 800w\" sizes=\"auto, (max-width: 360px) 100vw, 360px\" \/><\/h4>\n<h4><em><strong>Gazeteci-yazar U\u011fur Mumcu katledili\u015finin 30. y\u0131ld\u00f6n\u00fcm\u00fcnde t\u00f6renle an\u0131ld\u0131.<\/strong><\/em><\/h4>\n<p>Mumcu i\u00e7in Ankara&#8217;da ad\u0131n\u0131 ta\u015f\u0131yan sokakta t\u00f6ren d\u00fczenlendi.<\/p>\n<p>\u00c7ok say\u0131da vatanda\u015f\u0131n kat\u0131ld\u0131\u011f\u0131 t\u00f6rende CHP Genel Ba\u015fkan\u0131 Kemal K\u0131l\u0131\u00e7daro\u011flu da vard\u0131.<\/p>\n<div>\n<p>Gazeteci-yazar U\u011fur Mumcu, 30 y\u0131l \u00f6nce bug\u00fcn arac\u0131na konulan bomban\u0131n patlat\u0131lmas\u0131 sonucu ya\u015fam\u0131n\u0131 yitirmi\u015fti. Cinayet hala ayd\u0131nlat\u0131labilmi\u015f de\u011fil<\/p>\n<p>\u00c7ankaya\u2019daki evinin \u00f6n\u00fcnde, patlaman\u0131n ya\u015fand\u0131\u011f\u0131 noktada d\u00fczenlenen anmaya; e\u015fi G\u00fcldal Mumcu, ailesi, CHP Lideri Kemal K\u0131l\u0131\u00e7daro\u011flu, CHP milletvekilleri, Ankara B\u00fcy\u00fck\u015fehir Belediye Ba\u015fkan\u0131 Mansur Yava\u015f, \u00c7ankaya Belediye Ba\u015fkan\u0131 Alper Ta\u015fdelen, Mumcu\u2019nun okurlar\u0131-sevenleri ve meslekta\u015flar\u0131 kat\u0131ld\u0131.<\/p>\n<p>Mumcu\u2019nun arac\u0131n\u0131n bombaland\u0131\u011f\u0131 noktaya yap\u0131lan an\u0131ta karanfiller b\u0131rak\u0131ld\u0131, mumlar yak\u0131ld\u0131. Mumcu\u2019nun \u00e7al\u0131\u015ft\u0131\u011f\u0131 Cumhuriyet gazetesinin bug\u00fcnk\u00fc say\u0131s\u0131 da buraya konuldu.<\/p>\n<p>U\u011fur Mumcu Park\u0131\u2019ndaki a\u011fac\u0131n etraf\u0131na Mumcu\u2019nun yaz\u0131lar\u0131ndan kesitler yerle\u015ftirildi. Mumcu\u2019nun evinin penceresine kendisinin foto\u011fraf\u0131 ile bir karanfil siluetinin yer ald\u0131\u011f\u0131 \u201cU\u011furlar olsun\u201d yaz\u0131l\u0131 CHP Gen\u00e7lik Kollar\u0131\u2019n\u0131n pankart\u0131 as\u0131ld\u0131.<\/p>\n<div>\n<p>Anma t\u00f6reninde alandakilerle Mumcu&#8217;nun hayat\u0131n\u0131 kaybetti\u011fi yerde \u015fark\u0131lar seslendirildi.<\/p>\n<p>Di\u011fer illerde de U\u011fur Mumcu&#8217;yu anmak i\u00e7in etkinlikler d\u00fczenlendi.<\/p>\n<p><em><strong>https:\/\/www.agos.com.tr\/tr\/yazi\/28065\/ugur-mumcu-anildi\u00a0<\/strong><\/em><\/p>\n<\/div>\n<\/div>\n","protected":false},"excerpt":{"rendered":"<p>Gazeteci-yazar U\u011fur Mumcu katledili\u015finin 30. y\u0131ld\u00f6n\u00fcm\u00fcnde t\u00f6renle an\u0131ld\u0131. Mumcu i\u00e7in Ankara&#8217;da ad\u0131n\u0131 ta\u015f\u0131yan sokakta t\u00f6ren d\u00fczenlendi. \u00c7ok say\u0131da vatanda\u015f\u0131n kat\u0131ld\u0131\u011f\u0131 t\u00f6rende CHP Genel Ba\u015fkan\u0131 Kemal K\u0131l\u0131\u00e7daro\u011flu da vard\u0131. Gazeteci-yazar U\u011fur Mumcu, 30 y\u0131l \u00f6nce bug\u00fcn arac\u0131na konulan bomban\u0131n patlat\u0131lmas\u0131 sonucu ya\u015fam\u0131n\u0131 yitirmi\u015fti. Cinayet hala ayd\u0131nlat\u0131labilmi\u015f de\u011fil \u00c7ankaya\u2019daki evinin \u00f6n\u00fcnde, patlaman\u0131n ya\u015fand\u0131\u011f\u0131 noktada d\u00fczenlenen anmaya; e\u015fi [&hellip;]<\/p>\n","protected":false},"author":7,"featured_media":72135,"comment_status":"open","ping_status":"open","sticky":false,"template":"","format":"standard","meta":{"footnotes":""},"categories":[1],"tags":[],"class_list":["post-72133","post","type-post","status-publish","format-standard","has-post-thumbnail","hentry","category-haberler"],"yoast_head":"<!-- This site is optimized with the Yoast SEO plugin v27.4 - https:\/\/yoast.com\/product\/yoast-seo-wordpress\/ -->\n<title>U\u011fur Mumcu an\u0131ld\u0131U\u011fur Mumcu an\u0131ld\u0131 - Bati Ermenistan Ve Bati Ermenileri Sorunlari Ara\u015ftirmalar Merkezi<\/title>\n<meta name=\"robots\" content=\"index, follow, max-snippet:-1, max-image-preview:large, max-video-preview:-1\" \/>\n<link rel=\"canonical\" href=\"https:\/\/akunq.net\/tr\/?p=72133\" \/>\n<meta property=\"og:locale\" content=\"en_US\" \/>\n<meta property=\"og:type\" content=\"article\" \/>\n<meta property=\"og:title\" content=\"U\u011fur Mumcu an\u0131ld\u0131U\u011fur Mumcu an\u0131ld\u0131 - Bati Ermenistan Ve Bati Ermenileri Sorunlari Ara\u015ftirmalar Merkezi\" \/>\n<meta property=\"og:description\" content=\"Gazeteci-yazar U\u011fur Mumcu katledili\u015finin 30. y\u0131ld\u00f6n\u00fcm\u00fcnde t\u00f6renle an\u0131ld\u0131. Mumcu i\u00e7in Ankara&#8217;da ad\u0131n\u0131 ta\u015f\u0131yan sokakta t\u00f6ren d\u00fczenlendi. \u00c7ok say\u0131da vatanda\u015f\u0131n kat\u0131ld\u0131\u011f\u0131 t\u00f6rende CHP Genel Ba\u015fkan\u0131 Kemal K\u0131l\u0131\u00e7daro\u011flu da vard\u0131. Gazeteci-yazar U\u011fur Mumcu, 30 y\u0131l \u00f6nce bug\u00fcn arac\u0131na konulan bomban\u0131n patlat\u0131lmas\u0131 sonucu ya\u015fam\u0131n\u0131 yitirmi\u015fti. Cinayet hala ayd\u0131nlat\u0131labilmi\u015f de\u011fil \u00c7ankaya\u2019daki evinin \u00f6n\u00fcnde, patlaman\u0131n ya\u015fand\u0131\u011f\u0131 noktada d\u00fczenlenen anmaya; e\u015fi [&hellip;]\" \/>\n<meta property=\"og:url\" content=\"https:\/\/akunq.net\/tr\/?p=72133\" \/>\n<meta property=\"og:site_name\" content=\"Bati Ermenistan Ve Bati Ermenileri Sorunlari Ara\u015ftirmalar Merkezi\" \/>\n<meta property=\"article:published_time\" content=\"2023-01-25T07:14:31+00:00\" \/>\n<meta property=\"og:image\" content=\"https:\/\/akunq.net\/tr\/wp-content\/uploads\/sites\/6\/2023\/01\/Ugur-Mumcu-1.jpg\" \/>\n\t<meta property=\"og:image:width\" content=\"800\" \/>\n\t<meta property=\"og:image:height\" content=\"450\" \/>\n\t<meta property=\"og:image:type\" content=\"image\/jpeg\" \/>\n<meta name=\"author\" content=\"admin\" \/>\n<meta name=\"twitter:card\" content=\"summary_large_image\" \/>\n<meta name=\"twitter:label1\" content=\"Written by\" \/>\n\t<meta name=\"twitter:data1\" content=\"admin\" \/>\n\t<meta name=\"twitter:label2\" content=\"Est. reading time\" \/>\n\t<meta name=\"twitter:data2\" content=\"1 minute\" \/>\n<script type=\"application\/ld+json\" class=\"yoast-schema-graph\">{\"@context\":\"https:\\\/\\\/schema.org\",\"@graph\":[{\"@type\":\"Article\",\"@id\":\"https:\\\/\\\/akunq.net\\\/tr\\\/?p=72133#article\",\"isPartOf\":{\"@id\":\"https:\\\/\\\/akunq.net\\\/tr\\\/?p=72133\"},\"author\":{\"name\":\"admin\",\"@id\":\"https:\\\/\\\/akunq.net\\\/tr\\\/#\\\/schema\\\/person\\\/096f1d38a12cce57fb855b485ed24c9e\"},\"headline\":\"U\u011fur Mumcu an\u0131ld\u0131U\u011fur Mumcu an\u0131ld\u0131\",\"datePublished\":\"2023-01-25T07:14:31+00:00\",\"mainEntityOfPage\":{\"@id\":\"https:\\\/\\\/akunq.net\\\/tr\\\/?p=72133\"},\"wordCount\":251,\"commentCount\":0,\"image\":{\"@id\":\"https:\\\/\\\/akunq.net\\\/tr\\\/?p=72133#primaryimage\"},\"thumbnailUrl\":\"https:\\\/\\\/akunq.net\\\/tr\\\/wp-content\\\/uploads\\\/sites\\\/6\\\/2023\\\/01\\\/Ugur-Mumcu-1.jpg\",\"articleSection\":[\"Haberler\"],\"inLanguage\":\"en-US\",\"potentialAction\":[{\"@type\":\"CommentAction\",\"name\":\"Comment\",\"target\":[\"https:\\\/\\\/akunq.net\\\/tr\\\/?p=72133#respond\"]}]},{\"@type\":\"WebPage\",\"@id\":\"https:\\\/\\\/akunq.net\\\/tr\\\/?p=72133\",\"url\":\"https:\\\/\\\/akunq.net\\\/tr\\\/?p=72133\",\"name\":\"U\u011fur Mumcu an\u0131ld\u0131U\u011fur Mumcu an\u0131ld\u0131 - Bati Ermenistan Ve Bati Ermenileri Sorunlari Ara\u015ftirmalar Merkezi\",\"isPartOf\":{\"@id\":\"https:\\\/\\\/akunq.net\\\/tr\\\/#website\"},\"primaryImageOfPage\":{\"@id\":\"https:\\\/\\\/akunq.net\\\/tr\\\/?p=72133#primaryimage\"},\"image\":{\"@id\":\"https:\\\/\\\/akunq.net\\\/tr\\\/?p=72133#primaryimage\"},\"thumbnailUrl\":\"https:\\\/\\\/akunq.net\\\/tr\\\/wp-content\\\/uploads\\\/sites\\\/6\\\/2023\\\/01\\\/Ugur-Mumcu-1.jpg\",\"datePublished\":\"2023-01-25T07:14:31+00:00\",\"author\":{\"@id\":\"https:\\\/\\\/akunq.net\\\/tr\\\/#\\\/schema\\\/person\\\/096f1d38a12cce57fb855b485ed24c9e\"},\"breadcrumb\":{\"@id\":\"https:\\\/\\\/akunq.net\\\/tr\\\/?p=72133#breadcrumb\"},\"inLanguage\":\"en-US\",\"potentialAction\":[{\"@type\":\"ReadAction\",\"target\":[\"https:\\\/\\\/akunq.net\\\/tr\\\/?p=72133\"]}]},{\"@type\":\"ImageObject\",\"inLanguage\":\"en-US\",\"@id\":\"https:\\\/\\\/akunq.net\\\/tr\\\/?p=72133#primaryimage\",\"url\":\"https:\\\/\\\/akunq.net\\\/tr\\\/wp-content\\\/uploads\\\/sites\\\/6\\\/2023\\\/01\\\/Ugur-Mumcu-1.jpg\",\"contentUrl\":\"https:\\\/\\\/akunq.net\\\/tr\\\/wp-content\\\/uploads\\\/sites\\\/6\\\/2023\\\/01\\\/Ugur-Mumcu-1.jpg\",\"width\":800,\"height\":450},{\"@type\":\"BreadcrumbList\",\"@id\":\"https:\\\/\\\/akunq.net\\\/tr\\\/?p=72133#breadcrumb\",\"itemListElement\":[{\"@type\":\"ListItem\",\"position\":1,\"name\":\"Home\",\"item\":\"https:\\\/\\\/akunq.net\\\/tr\"},{\"@type\":\"ListItem\",\"position\":2,\"name\":\"U\u011fur Mumcu an\u0131ld\u0131U\u011fur Mumcu an\u0131ld\u0131\"}]},{\"@type\":\"WebSite\",\"@id\":\"https:\\\/\\\/akunq.net\\\/tr\\\/#website\",\"url\":\"https:\\\/\\\/akunq.net\\\/tr\\\/\",\"name\":\"Bati Ermenistan Ve Bati Ermenileri Sorunlari Ara\u015ftirmalar Merkezi\",\"description\":\"\",\"potentialAction\":[{\"@type\":\"SearchAction\",\"target\":{\"@type\":\"EntryPoint\",\"urlTemplate\":\"https:\\\/\\\/akunq.net\\\/tr\\\/?s={search_term_string}\"},\"query-input\":{\"@type\":\"PropertyValueSpecification\",\"valueRequired\":true,\"valueName\":\"search_term_string\"}}],\"inLanguage\":\"en-US\"},{\"@type\":\"Person\",\"@id\":\"https:\\\/\\\/akunq.net\\\/tr\\\/#\\\/schema\\\/person\\\/096f1d38a12cce57fb855b485ed24c9e\",\"name\":\"admin\",\"url\":\"https:\\\/\\\/akunq.net\\\/tr\\\/?author=7\"}]}<\/script>\n<!-- \/ Yoast SEO plugin. -->","yoast_head_json":{"title":"U\u011fur Mumcu an\u0131ld\u0131U\u011fur Mumcu an\u0131ld\u0131 - Bati Ermenistan Ve Bati Ermenileri Sorunlari Ara\u015ftirmalar Merkezi","robots":{"index":"index","follow":"follow","max-snippet":"max-snippet:-1","max-image-preview":"max-image-preview:large","max-video-preview":"max-video-preview:-1"},"canonical":"https:\/\/akunq.net\/tr\/?p=72133","og_locale":"en_US","og_type":"article","og_title":"U\u011fur Mumcu an\u0131ld\u0131U\u011fur Mumcu an\u0131ld\u0131 - Bati Ermenistan Ve Bati Ermenileri Sorunlari Ara\u015ftirmalar Merkezi","og_description":"Gazeteci-yazar U\u011fur Mumcu katledili\u015finin 30. y\u0131ld\u00f6n\u00fcm\u00fcnde t\u00f6renle an\u0131ld\u0131. Mumcu i\u00e7in Ankara&#8217;da ad\u0131n\u0131 ta\u015f\u0131yan sokakta t\u00f6ren d\u00fczenlendi. \u00c7ok say\u0131da vatanda\u015f\u0131n kat\u0131ld\u0131\u011f\u0131 t\u00f6rende CHP Genel Ba\u015fkan\u0131 Kemal K\u0131l\u0131\u00e7daro\u011flu da vard\u0131. Gazeteci-yazar U\u011fur Mumcu, 30 y\u0131l \u00f6nce bug\u00fcn arac\u0131na konulan bomban\u0131n patlat\u0131lmas\u0131 sonucu ya\u015fam\u0131n\u0131 yitirmi\u015fti. Cinayet hala ayd\u0131nlat\u0131labilmi\u015f de\u011fil \u00c7ankaya\u2019daki evinin \u00f6n\u00fcnde, patlaman\u0131n ya\u015fand\u0131\u011f\u0131 noktada d\u00fczenlenen anmaya; e\u015fi [&hellip;]","og_url":"https:\/\/akunq.net\/tr\/?p=72133","og_site_name":"Bati Ermenistan Ve Bati Ermenileri Sorunlari Ara\u015ftirmalar Merkezi","article_published_time":"2023-01-25T07:14:31+00:00","og_image":[{"width":800,"height":450,"url":"https:\/\/akunq.net\/tr\/wp-content\/uploads\/sites\/6\/2023\/01\/Ugur-Mumcu-1.jpg","type":"image\/jpeg"}],"author":"admin","twitter_card":"summary_large_image","twitter_misc":{"Written by":"admin","Est. reading time":"1 minute"},"schema":{"@context":"https:\/\/schema.org","@graph":[{"@type":"Article","@id":"https:\/\/akunq.net\/tr\/?p=72133#article","isPartOf":{"@id":"https:\/\/akunq.net\/tr\/?p=72133"},"author":{"name":"admin","@id":"https:\/\/akunq.net\/tr\/#\/schema\/person\/096f1d38a12cce57fb855b485ed24c9e"},"headline":"U\u011fur Mumcu an\u0131ld\u0131U\u011fur Mumcu an\u0131ld\u0131","datePublished":"2023-01-25T07:14:31+00:00","mainEntityOfPage":{"@id":"https:\/\/akunq.net\/tr\/?p=72133"},"wordCount":251,"commentCount":0,"image":{"@id":"https:\/\/akunq.net\/tr\/?p=72133#primaryimage"},"thumbnailUrl":"https:\/\/akunq.net\/tr\/wp-content\/uploads\/sites\/6\/2023\/01\/Ugur-Mumcu-1.jpg","articleSection":["Haberler"],"inLanguage":"en-US","potentialAction":[{"@type":"CommentAction","name":"Comment","target":["https:\/\/akunq.net\/tr\/?p=72133#respond"]}]},{"@type":"WebPage","@id":"https:\/\/akunq.net\/tr\/?p=72133","url":"https:\/\/akunq.net\/tr\/?p=72133","name":"U\u011fur Mumcu an\u0131ld\u0131U\u011fur Mumcu an\u0131ld\u0131 - Bati Ermenistan Ve Bati Ermenileri Sorunlari Ara\u015ftirmalar Merkezi","isPartOf":{"@id":"https:\/\/akunq.net\/tr\/#website"},"primaryImageOfPage":{"@id":"https:\/\/akunq.net\/tr\/?p=72133#primaryimage"},"image":{"@id":"https:\/\/akunq.net\/tr\/?p=72133#primaryimage"},"thumbnailUrl":"https:\/\/akunq.net\/tr\/wp-content\/uploads\/sites\/6\/2023\/01\/Ugur-Mumcu-1.jpg","datePublished":"2023-01-25T07:14:31+00:00","author":{"@id":"https:\/\/akunq.net\/tr\/#\/schema\/person\/096f1d38a12cce57fb855b485ed24c9e"},"breadcrumb":{"@id":"https:\/\/akunq.net\/tr\/?p=72133#breadcrumb"},"inLanguage":"en-US","potentialAction":[{"@type":"ReadAction","target":["https:\/\/akunq.net\/tr\/?p=72133"]}]},{"@type":"ImageObject","inLanguage":"en-US","@id":"https:\/\/akunq.net\/tr\/?p=72133#primaryimage","url":"https:\/\/akunq.net\/tr\/wp-content\/uploads\/sites\/6\/2023\/01\/Ugur-Mumcu-1.jpg","contentUrl":"https:\/\/akunq.net\/tr\/wp-content\/uploads\/sites\/6\/2023\/01\/Ugur-Mumcu-1.jpg","width":800,"height":450},{"@type":"BreadcrumbList","@id":"https:\/\/akunq.net\/tr\/?p=72133#breadcrumb","itemListElement":[{"@type":"ListItem","position":1,"name":"Home","item":"https:\/\/akunq.net\/tr"},{"@type":"ListItem","position":2,"name":"U\u011fur Mumcu an\u0131ld\u0131U\u011fur Mumcu an\u0131ld\u0131"}]},{"@type":"WebSite","@id":"https:\/\/akunq.net\/tr\/#website","url":"https:\/\/akunq.net\/tr\/","name":"Bati Ermenistan Ve Bati Ermenileri Sorunlari Ara\u015ftirmalar Merkezi","description":"","potentialAction":[{"@type":"SearchAction","target":{"@type":"EntryPoint","urlTemplate":"https:\/\/akunq.net\/tr\/?s={search_term_string}"},"query-input":{"@type":"PropertyValueSpecification","valueRequired":true,"valueName":"search_term_string"}}],"inLanguage":"en-US"},{"@type":"Person","@id":"https:\/\/akunq.net\/tr\/#\/schema\/person\/096f1d38a12cce57fb855b485ed24c9e","name":"admin","url":"https:\/\/akunq.net\/tr\/?author=7"}]}},"_links":{"self":[{"href":"https:\/\/akunq.net\/tr\/index.php?rest_route=\/wp\/v2\/posts\/72133","targetHints":{"allow":["GET"]}}],"collection":[{"href":"https:\/\/akunq.net\/tr\/index.php?rest_route=\/wp\/v2\/posts"}],"about":[{"href":"https:\/\/akunq.net\/tr\/index.php?rest_route=\/wp\/v2\/types\/post"}],"author":[{"embeddable":true,"href":"https:\/\/akunq.net\/tr\/index.php?rest_route=\/wp\/v2\/users\/7"}],"replies":[{"embeddable":true,"href":"https:\/\/akunq.net\/tr\/index.php?rest_route=%2Fwp%2Fv2%2Fcomments&post=72133"}],"version-history":[{"count":1,"href":"https:\/\/akunq.net\/tr\/index.php?rest_route=\/wp\/v2\/posts\/72133\/revisions"}],"predecessor-version":[{"id":72136,"href":"https:\/\/akunq.net\/tr\/index.php?rest_route=\/wp\/v2\/posts\/72133\/revisions\/72136"}],"wp:featuredmedia":[{"embeddable":true,"href":"https:\/\/akunq.net\/tr\/index.php?rest_route=\/wp\/v2\/media\/72135"}],"wp:attachment":[{"href":"https:\/\/akunq.net\/tr\/index.php?rest_route=%2Fwp%2Fv2%2Fmedia&parent=72133"}],"wp:term":[{"taxonomy":"category","embeddable":true,"href":"https:\/\/akunq.net\/tr\/index.php?rest_route=%2Fwp%2Fv2%2Fcategories&post=72133"},{"taxonomy":"post_tag","embeddable":true,"href":"https:\/\/akunq.net\/tr\/index.php?rest_route=%2Fwp%2Fv2%2Ftags&post=72133"}],"curies":[{"name":"wp","href":"https:\/\/api.w.org\/{rel}","templated":true}]}}