{"id":70320,"date":"2022-09-28T04:54:10","date_gmt":"2022-09-28T09:54:10","guid":{"rendered":"https:\/\/akunq.net\/tr\/?p=70320"},"modified":"2022-09-28T04:54:10","modified_gmt":"2022-09-28T09:54:10","slug":"abd-senatosunda-ermenistana-karsi-azerbaycanin-saldirisini-kinayan-tasari-sunuluyor","status":"publish","type":"post","link":"https:\/\/akunq.net\/tr\/?p=70320","title":{"rendered":"ABD Senatosu&#8217;nda Ermenistan\u2019a kar\u015f\u0131 Azerbaycan\u2019\u0131n sald\u0131r\u0131s\u0131n\u0131 k\u0131nayan tasar\u0131 sunuluyor"},"content":{"rendered":"<p><img loading=\"lazy\" decoding=\"async\" class=\"aligncenter size-medium wp-image-70321\" src=\"https:\/\/akunq.net\/tr\/wp-content\/uploads\/2022\/09\/ABD-Senatosu-360x242.jpg\" alt=\"\" width=\"360\" height=\"242\" srcset=\"https:\/\/akunq.net\/tr\/wp-content\/uploads\/sites\/6\/2022\/09\/ABD-Senatosu-360x242.jpg 360w, https:\/\/akunq.net\/tr\/wp-content\/uploads\/sites\/6\/2022\/09\/ABD-Senatosu-560x376.jpg 560w, https:\/\/akunq.net\/tr\/wp-content\/uploads\/sites\/6\/2022\/09\/ABD-Senatosu-260x175.jpg 260w, https:\/\/akunq.net\/tr\/wp-content\/uploads\/sites\/6\/2022\/09\/ABD-Senatosu-160x107.jpg 160w, https:\/\/akunq.net\/tr\/wp-content\/uploads\/sites\/6\/2022\/09\/ABD-Senatosu.jpg 670w\" sizes=\"auto, (max-width: 360px) 100vw, 360px\" \/><\/p>\n<p>Senatosu D\u0131\u015f \u0130li\u015fkiler Komitesi Ba\u015fkan\u0131 Demokrat Robert Menendez ve n\u00fcfuzlu Cumhuriyet\u00e7i Senat\u00f6r Marco Rubio d\u00fcn Azerbaycan&#8217;\u0131n Ermenistan&#8217;a y\u00f6nelik son \u00a0sald\u0131r\u0131s\u0131n\u0131 k\u0131nayan bir karar tasla\u011f\u0131 sundular.<\/p>\n<p>Bu yasa tasar\u0131, Bak\u00fc&#8217;ye \u00a0g\u00fcvenlik alan\u0131nda ABD taraf\u0131ndan sa\u011flanan yard\u0131m\u0131na derhal son verilmesi, Ermeni sava\u015f esirlerinin serbest b\u0131rak\u0131lmas\u0131 \u00e7a\u011fr\u0131s\u0131nda bulunuyor. Ayn\u0131 zamanda, D\u0131\u015fi\u015fleri Bakanl\u0131\u011f\u0131&#8217;ndan yap\u0131lan a\u00e7\u0131klamaya g\u00f6re, Azerbaycan&#8217;\u0131n i\u015fledi\u011fi sava\u015f su\u00e7lar\u0131 i\u00e7in yapt\u0131r\u0131mlar konusu da ele al\u0131n\u0131yor.<\/p>\n<p>Karar tasla\u011f\u0131, Azerbaycan&#8217;\u0131 Ermenistan&#8217;\u0131n toprak b\u00fct\u00fcnl\u00fc\u011f\u00fcne sayg\u0131 duymaya ve ABD&#8217;yi Azerbaycan&#8217;\u0131n sald\u0131rgan sava\u015f\u0131ndan etkilenen Ermenistan ve Artsakh halk\u0131na g\u00fc\u00e7l\u00fc insani yard\u0131m sa\u011flamaya \u00e7a\u011f\u0131r\u0131yor.<\/p>\n<p>Daha \u00f6nce, Senat\u00f6r Menendez, Joe Biden y\u00f6netimine Azerbaycan&#8217;a g\u00fcvenlik alan\u0131nda ABD\u2019nin yard\u0131m\u0131n\u0131 durdurma \u00e7a\u011fr\u0131s\u0131nda bulunan bir mektup g\u00f6ndermi\u015fti.<\/p>\n<p><em><strong>https:\/\/armenpress.am\/tur\/news\/1093550.html<\/strong><\/em><\/p>\n","protected":false},"excerpt":{"rendered":"<p>Senatosu D\u0131\u015f \u0130li\u015fkiler Komitesi Ba\u015fkan\u0131 Demokrat Robert Menendez ve n\u00fcfuzlu Cumhuriyet\u00e7i Senat\u00f6r Marco Rubio d\u00fcn Azerbaycan&#8217;\u0131n Ermenistan&#8217;a y\u00f6nelik son \u00a0sald\u0131r\u0131s\u0131n\u0131 k\u0131nayan bir karar tasla\u011f\u0131 sundular. Bu yasa tasar\u0131, Bak\u00fc&#8217;ye \u00a0g\u00fcvenlik alan\u0131nda ABD taraf\u0131ndan sa\u011flanan yard\u0131m\u0131na derhal son verilmesi, Ermeni sava\u015f esirlerinin serbest b\u0131rak\u0131lmas\u0131 \u00e7a\u011fr\u0131s\u0131nda bulunuyor. Ayn\u0131 zamanda, D\u0131\u015fi\u015fleri Bakanl\u0131\u011f\u0131&#8217;ndan yap\u0131lan a\u00e7\u0131klamaya g\u00f6re, Azerbaycan&#8217;\u0131n i\u015fledi\u011fi sava\u015f [&hellip;]<\/p>\n","protected":false},"author":7,"featured_media":70322,"comment_status":"open","ping_status":"open","sticky":false,"template":"","format":"standard","meta":{"footnotes":""},"categories":[1],"tags":[],"class_list":["post-70320","post","type-post","status-publish","format-standard","has-post-thumbnail","hentry","category-haberler"],"yoast_head":"<!-- This site is optimized with the Yoast SEO plugin v27.4 - https:\/\/yoast.com\/product\/yoast-seo-wordpress\/ -->\n<title>ABD Senatosu&#039;nda Ermenistan\u2019a kar\u015f\u0131 Azerbaycan\u2019\u0131n sald\u0131r\u0131s\u0131n\u0131 k\u0131nayan tasar\u0131 sunuluyor - Bati Ermenistan Ve Bati Ermenileri Sorunlari Ara\u015ftirmalar Merkezi<\/title>\n<meta name=\"robots\" content=\"index, follow, max-snippet:-1, max-image-preview:large, max-video-preview:-1\" \/>\n<link rel=\"canonical\" href=\"https:\/\/akunq.net\/tr\/?p=70320\" \/>\n<meta property=\"og:locale\" content=\"en_US\" \/>\n<meta property=\"og:type\" content=\"article\" \/>\n<meta property=\"og:title\" content=\"ABD Senatosu&#039;nda Ermenistan\u2019a kar\u015f\u0131 Azerbaycan\u2019\u0131n sald\u0131r\u0131s\u0131n\u0131 k\u0131nayan tasar\u0131 sunuluyor - Bati Ermenistan Ve Bati Ermenileri Sorunlari Ara\u015ftirmalar Merkezi\" \/>\n<meta property=\"og:description\" content=\"Senatosu D\u0131\u015f \u0130li\u015fkiler Komitesi Ba\u015fkan\u0131 Demokrat Robert Menendez ve n\u00fcfuzlu Cumhuriyet\u00e7i Senat\u00f6r Marco Rubio d\u00fcn Azerbaycan&#8217;\u0131n Ermenistan&#8217;a y\u00f6nelik son \u00a0sald\u0131r\u0131s\u0131n\u0131 k\u0131nayan bir karar tasla\u011f\u0131 sundular. Bu yasa tasar\u0131, Bak\u00fc&#8217;ye \u00a0g\u00fcvenlik alan\u0131nda ABD taraf\u0131ndan sa\u011flanan yard\u0131m\u0131na derhal son verilmesi, Ermeni sava\u015f esirlerinin serbest b\u0131rak\u0131lmas\u0131 \u00e7a\u011fr\u0131s\u0131nda bulunuyor. Ayn\u0131 zamanda, D\u0131\u015fi\u015fleri Bakanl\u0131\u011f\u0131&#8217;ndan yap\u0131lan a\u00e7\u0131klamaya g\u00f6re, Azerbaycan&#8217;\u0131n i\u015fledi\u011fi sava\u015f [&hellip;]\" \/>\n<meta property=\"og:url\" content=\"https:\/\/akunq.net\/tr\/?p=70320\" \/>\n<meta property=\"og:site_name\" content=\"Bati Ermenistan Ve Bati Ermenileri Sorunlari Ara\u015ftirmalar Merkezi\" \/>\n<meta property=\"article:published_time\" content=\"2022-09-28T09:54:10+00:00\" \/>\n<meta property=\"og:image\" content=\"https:\/\/akunq.net\/tr\/wp-content\/uploads\/sites\/6\/2022\/09\/ABD-Senatosu-1.jpg\" \/>\n\t<meta property=\"og:image:width\" content=\"670\" \/>\n\t<meta property=\"og:image:height\" content=\"450\" \/>\n\t<meta property=\"og:image:type\" content=\"image\/jpeg\" \/>\n<meta name=\"author\" content=\"admin\" \/>\n<meta name=\"twitter:card\" content=\"summary_large_image\" \/>\n<meta name=\"twitter:label1\" content=\"Written by\" \/>\n\t<meta name=\"twitter:data1\" content=\"admin\" \/>\n\t<meta name=\"twitter:label2\" content=\"Est. reading time\" \/>\n\t<meta name=\"twitter:data2\" content=\"1 minute\" \/>\n<script type=\"application\/ld+json\" class=\"yoast-schema-graph\">{\"@context\":\"https:\\\/\\\/schema.org\",\"@graph\":[{\"@type\":\"Article\",\"@id\":\"https:\\\/\\\/akunq.net\\\/tr\\\/?p=70320#article\",\"isPartOf\":{\"@id\":\"https:\\\/\\\/akunq.net\\\/tr\\\/?p=70320\"},\"author\":{\"name\":\"admin\",\"@id\":\"https:\\\/\\\/akunq.net\\\/tr\\\/#\\\/schema\\\/person\\\/096f1d38a12cce57fb855b485ed24c9e\"},\"headline\":\"ABD Senatosu&#8217;nda Ermenistan\u2019a kar\u015f\u0131 Azerbaycan\u2019\u0131n sald\u0131r\u0131s\u0131n\u0131 k\u0131nayan tasar\u0131 sunuluyor\",\"datePublished\":\"2022-09-28T09:54:10+00:00\",\"mainEntityOfPage\":{\"@id\":\"https:\\\/\\\/akunq.net\\\/tr\\\/?p=70320\"},\"wordCount\":188,\"commentCount\":0,\"image\":{\"@id\":\"https:\\\/\\\/akunq.net\\\/tr\\\/?p=70320#primaryimage\"},\"thumbnailUrl\":\"https:\\\/\\\/akunq.net\\\/tr\\\/wp-content\\\/uploads\\\/sites\\\/6\\\/2022\\\/09\\\/ABD-Senatosu-1.jpg\",\"articleSection\":[\"Haberler\"],\"inLanguage\":\"en-US\",\"potentialAction\":[{\"@type\":\"CommentAction\",\"name\":\"Comment\",\"target\":[\"https:\\\/\\\/akunq.net\\\/tr\\\/?p=70320#respond\"]}]},{\"@type\":\"WebPage\",\"@id\":\"https:\\\/\\\/akunq.net\\\/tr\\\/?p=70320\",\"url\":\"https:\\\/\\\/akunq.net\\\/tr\\\/?p=70320\",\"name\":\"ABD Senatosu'nda Ermenistan\u2019a kar\u015f\u0131 Azerbaycan\u2019\u0131n sald\u0131r\u0131s\u0131n\u0131 k\u0131nayan tasar\u0131 sunuluyor - Bati Ermenistan Ve Bati Ermenileri Sorunlari Ara\u015ftirmalar Merkezi\",\"isPartOf\":{\"@id\":\"https:\\\/\\\/akunq.net\\\/tr\\\/#website\"},\"primaryImageOfPage\":{\"@id\":\"https:\\\/\\\/akunq.net\\\/tr\\\/?p=70320#primaryimage\"},\"image\":{\"@id\":\"https:\\\/\\\/akunq.net\\\/tr\\\/?p=70320#primaryimage\"},\"thumbnailUrl\":\"https:\\\/\\\/akunq.net\\\/tr\\\/wp-content\\\/uploads\\\/sites\\\/6\\\/2022\\\/09\\\/ABD-Senatosu-1.jpg\",\"datePublished\":\"2022-09-28T09:54:10+00:00\",\"author\":{\"@id\":\"https:\\\/\\\/akunq.net\\\/tr\\\/#\\\/schema\\\/person\\\/096f1d38a12cce57fb855b485ed24c9e\"},\"breadcrumb\":{\"@id\":\"https:\\\/\\\/akunq.net\\\/tr\\\/?p=70320#breadcrumb\"},\"inLanguage\":\"en-US\",\"potentialAction\":[{\"@type\":\"ReadAction\",\"target\":[\"https:\\\/\\\/akunq.net\\\/tr\\\/?p=70320\"]}]},{\"@type\":\"ImageObject\",\"inLanguage\":\"en-US\",\"@id\":\"https:\\\/\\\/akunq.net\\\/tr\\\/?p=70320#primaryimage\",\"url\":\"https:\\\/\\\/akunq.net\\\/tr\\\/wp-content\\\/uploads\\\/sites\\\/6\\\/2022\\\/09\\\/ABD-Senatosu-1.jpg\",\"contentUrl\":\"https:\\\/\\\/akunq.net\\\/tr\\\/wp-content\\\/uploads\\\/sites\\\/6\\\/2022\\\/09\\\/ABD-Senatosu-1.jpg\",\"width\":670,\"height\":450},{\"@type\":\"BreadcrumbList\",\"@id\":\"https:\\\/\\\/akunq.net\\\/tr\\\/?p=70320#breadcrumb\",\"itemListElement\":[{\"@type\":\"ListItem\",\"position\":1,\"name\":\"Home\",\"item\":\"https:\\\/\\\/akunq.net\\\/tr\"},{\"@type\":\"ListItem\",\"position\":2,\"name\":\"ABD Senatosu&#8217;nda Ermenistan\u2019a kar\u015f\u0131 Azerbaycan\u2019\u0131n sald\u0131r\u0131s\u0131n\u0131 k\u0131nayan tasar\u0131 sunuluyor\"}]},{\"@type\":\"WebSite\",\"@id\":\"https:\\\/\\\/akunq.net\\\/tr\\\/#website\",\"url\":\"https:\\\/\\\/akunq.net\\\/tr\\\/\",\"name\":\"Bati Ermenistan Ve Bati Ermenileri Sorunlari Ara\u015ftirmalar Merkezi\",\"description\":\"\",\"potentialAction\":[{\"@type\":\"SearchAction\",\"target\":{\"@type\":\"EntryPoint\",\"urlTemplate\":\"https:\\\/\\\/akunq.net\\\/tr\\\/?s={search_term_string}\"},\"query-input\":{\"@type\":\"PropertyValueSpecification\",\"valueRequired\":true,\"valueName\":\"search_term_string\"}}],\"inLanguage\":\"en-US\"},{\"@type\":\"Person\",\"@id\":\"https:\\\/\\\/akunq.net\\\/tr\\\/#\\\/schema\\\/person\\\/096f1d38a12cce57fb855b485ed24c9e\",\"name\":\"admin\",\"url\":\"https:\\\/\\\/akunq.net\\\/tr\\\/?author=7\"}]}<\/script>\n<!-- \/ Yoast SEO plugin. -->","yoast_head_json":{"title":"ABD Senatosu'nda Ermenistan\u2019a kar\u015f\u0131 Azerbaycan\u2019\u0131n sald\u0131r\u0131s\u0131n\u0131 k\u0131nayan tasar\u0131 sunuluyor - Bati Ermenistan Ve Bati Ermenileri Sorunlari Ara\u015ftirmalar Merkezi","robots":{"index":"index","follow":"follow","max-snippet":"max-snippet:-1","max-image-preview":"max-image-preview:large","max-video-preview":"max-video-preview:-1"},"canonical":"https:\/\/akunq.net\/tr\/?p=70320","og_locale":"en_US","og_type":"article","og_title":"ABD Senatosu'nda Ermenistan\u2019a kar\u015f\u0131 Azerbaycan\u2019\u0131n sald\u0131r\u0131s\u0131n\u0131 k\u0131nayan tasar\u0131 sunuluyor - Bati Ermenistan Ve Bati Ermenileri Sorunlari Ara\u015ftirmalar Merkezi","og_description":"Senatosu D\u0131\u015f \u0130li\u015fkiler Komitesi Ba\u015fkan\u0131 Demokrat Robert Menendez ve n\u00fcfuzlu Cumhuriyet\u00e7i Senat\u00f6r Marco Rubio d\u00fcn Azerbaycan&#8217;\u0131n Ermenistan&#8217;a y\u00f6nelik son \u00a0sald\u0131r\u0131s\u0131n\u0131 k\u0131nayan bir karar tasla\u011f\u0131 sundular. Bu yasa tasar\u0131, Bak\u00fc&#8217;ye \u00a0g\u00fcvenlik alan\u0131nda ABD taraf\u0131ndan sa\u011flanan yard\u0131m\u0131na derhal son verilmesi, Ermeni sava\u015f esirlerinin serbest b\u0131rak\u0131lmas\u0131 \u00e7a\u011fr\u0131s\u0131nda bulunuyor. Ayn\u0131 zamanda, D\u0131\u015fi\u015fleri Bakanl\u0131\u011f\u0131&#8217;ndan yap\u0131lan a\u00e7\u0131klamaya g\u00f6re, Azerbaycan&#8217;\u0131n i\u015fledi\u011fi sava\u015f [&hellip;]","og_url":"https:\/\/akunq.net\/tr\/?p=70320","og_site_name":"Bati Ermenistan Ve Bati Ermenileri Sorunlari Ara\u015ftirmalar Merkezi","article_published_time":"2022-09-28T09:54:10+00:00","og_image":[{"width":670,"height":450,"url":"https:\/\/akunq.net\/tr\/wp-content\/uploads\/sites\/6\/2022\/09\/ABD-Senatosu-1.jpg","type":"image\/jpeg"}],"author":"admin","twitter_card":"summary_large_image","twitter_misc":{"Written by":"admin","Est. reading time":"1 minute"},"schema":{"@context":"https:\/\/schema.org","@graph":[{"@type":"Article","@id":"https:\/\/akunq.net\/tr\/?p=70320#article","isPartOf":{"@id":"https:\/\/akunq.net\/tr\/?p=70320"},"author":{"name":"admin","@id":"https:\/\/akunq.net\/tr\/#\/schema\/person\/096f1d38a12cce57fb855b485ed24c9e"},"headline":"ABD Senatosu&#8217;nda Ermenistan\u2019a kar\u015f\u0131 Azerbaycan\u2019\u0131n sald\u0131r\u0131s\u0131n\u0131 k\u0131nayan tasar\u0131 sunuluyor","datePublished":"2022-09-28T09:54:10+00:00","mainEntityOfPage":{"@id":"https:\/\/akunq.net\/tr\/?p=70320"},"wordCount":188,"commentCount":0,"image":{"@id":"https:\/\/akunq.net\/tr\/?p=70320#primaryimage"},"thumbnailUrl":"https:\/\/akunq.net\/tr\/wp-content\/uploads\/sites\/6\/2022\/09\/ABD-Senatosu-1.jpg","articleSection":["Haberler"],"inLanguage":"en-US","potentialAction":[{"@type":"CommentAction","name":"Comment","target":["https:\/\/akunq.net\/tr\/?p=70320#respond"]}]},{"@type":"WebPage","@id":"https:\/\/akunq.net\/tr\/?p=70320","url":"https:\/\/akunq.net\/tr\/?p=70320","name":"ABD Senatosu'nda Ermenistan\u2019a kar\u015f\u0131 Azerbaycan\u2019\u0131n sald\u0131r\u0131s\u0131n\u0131 k\u0131nayan tasar\u0131 sunuluyor - Bati Ermenistan Ve Bati Ermenileri Sorunlari Ara\u015ftirmalar Merkezi","isPartOf":{"@id":"https:\/\/akunq.net\/tr\/#website"},"primaryImageOfPage":{"@id":"https:\/\/akunq.net\/tr\/?p=70320#primaryimage"},"image":{"@id":"https:\/\/akunq.net\/tr\/?p=70320#primaryimage"},"thumbnailUrl":"https:\/\/akunq.net\/tr\/wp-content\/uploads\/sites\/6\/2022\/09\/ABD-Senatosu-1.jpg","datePublished":"2022-09-28T09:54:10+00:00","author":{"@id":"https:\/\/akunq.net\/tr\/#\/schema\/person\/096f1d38a12cce57fb855b485ed24c9e"},"breadcrumb":{"@id":"https:\/\/akunq.net\/tr\/?p=70320#breadcrumb"},"inLanguage":"en-US","potentialAction":[{"@type":"ReadAction","target":["https:\/\/akunq.net\/tr\/?p=70320"]}]},{"@type":"ImageObject","inLanguage":"en-US","@id":"https:\/\/akunq.net\/tr\/?p=70320#primaryimage","url":"https:\/\/akunq.net\/tr\/wp-content\/uploads\/sites\/6\/2022\/09\/ABD-Senatosu-1.jpg","contentUrl":"https:\/\/akunq.net\/tr\/wp-content\/uploads\/sites\/6\/2022\/09\/ABD-Senatosu-1.jpg","width":670,"height":450},{"@type":"BreadcrumbList","@id":"https:\/\/akunq.net\/tr\/?p=70320#breadcrumb","itemListElement":[{"@type":"ListItem","position":1,"name":"Home","item":"https:\/\/akunq.net\/tr"},{"@type":"ListItem","position":2,"name":"ABD Senatosu&#8217;nda Ermenistan\u2019a kar\u015f\u0131 Azerbaycan\u2019\u0131n sald\u0131r\u0131s\u0131n\u0131 k\u0131nayan tasar\u0131 sunuluyor"}]},{"@type":"WebSite","@id":"https:\/\/akunq.net\/tr\/#website","url":"https:\/\/akunq.net\/tr\/","name":"Bati Ermenistan Ve Bati Ermenileri Sorunlari Ara\u015ftirmalar Merkezi","description":"","potentialAction":[{"@type":"SearchAction","target":{"@type":"EntryPoint","urlTemplate":"https:\/\/akunq.net\/tr\/?s={search_term_string}"},"query-input":{"@type":"PropertyValueSpecification","valueRequired":true,"valueName":"search_term_string"}}],"inLanguage":"en-US"},{"@type":"Person","@id":"https:\/\/akunq.net\/tr\/#\/schema\/person\/096f1d38a12cce57fb855b485ed24c9e","name":"admin","url":"https:\/\/akunq.net\/tr\/?author=7"}]}},"_links":{"self":[{"href":"https:\/\/akunq.net\/tr\/index.php?rest_route=\/wp\/v2\/posts\/70320","targetHints":{"allow":["GET"]}}],"collection":[{"href":"https:\/\/akunq.net\/tr\/index.php?rest_route=\/wp\/v2\/posts"}],"about":[{"href":"https:\/\/akunq.net\/tr\/index.php?rest_route=\/wp\/v2\/types\/post"}],"author":[{"embeddable":true,"href":"https:\/\/akunq.net\/tr\/index.php?rest_route=\/wp\/v2\/users\/7"}],"replies":[{"embeddable":true,"href":"https:\/\/akunq.net\/tr\/index.php?rest_route=%2Fwp%2Fv2%2Fcomments&post=70320"}],"version-history":[{"count":1,"href":"https:\/\/akunq.net\/tr\/index.php?rest_route=\/wp\/v2\/posts\/70320\/revisions"}],"predecessor-version":[{"id":70323,"href":"https:\/\/akunq.net\/tr\/index.php?rest_route=\/wp\/v2\/posts\/70320\/revisions\/70323"}],"wp:featuredmedia":[{"embeddable":true,"href":"https:\/\/akunq.net\/tr\/index.php?rest_route=\/wp\/v2\/media\/70322"}],"wp:attachment":[{"href":"https:\/\/akunq.net\/tr\/index.php?rest_route=%2Fwp%2Fv2%2Fmedia&parent=70320"}],"wp:term":[{"taxonomy":"category","embeddable":true,"href":"https:\/\/akunq.net\/tr\/index.php?rest_route=%2Fwp%2Fv2%2Fcategories&post=70320"},{"taxonomy":"post_tag","embeddable":true,"href":"https:\/\/akunq.net\/tr\/index.php?rest_route=%2Fwp%2Fv2%2Ftags&post=70320"}],"curies":[{"name":"wp","href":"https:\/\/api.w.org\/{rel}","templated":true}]}}