{"id":70186,"date":"2022-09-20T02:46:10","date_gmt":"2022-09-20T07:46:10","guid":{"rendered":"https:\/\/akunq.net\/tr\/?p=70186"},"modified":"2022-09-20T02:46:10","modified_gmt":"2022-09-20T07:46:10","slug":"ukraynali-unlu-sarkici-tina-karol-bakudeki-konserini-iptal-etti-ermenilerin-hayatinin-degeri-var","status":"publish","type":"post","link":"https:\/\/akunq.net\/tr\/?p=70186","title":{"rendered":"Ukraynal\u0131 \u00fcnl\u00fc \u015fark\u0131c\u0131 Tina Karol Bak\u00fc\u2019deki konserini iptal etti: &#8220;Ermenilerin hayat\u0131n\u0131n de\u011feri var&#8221;"},"content":{"rendered":"<p><img loading=\"lazy\" decoding=\"async\" class=\"aligncenter size-medium wp-image-70187\" src=\"https:\/\/akunq.net\/tr\/wp-content\/uploads\/2022\/09\/Tina-Karol-360x242.jpg\" alt=\"\" width=\"360\" height=\"242\" srcset=\"https:\/\/akunq.net\/tr\/wp-content\/uploads\/sites\/6\/2022\/09\/Tina-Karol-360x242.jpg 360w, https:\/\/akunq.net\/tr\/wp-content\/uploads\/sites\/6\/2022\/09\/Tina-Karol-560x376.jpg 560w, https:\/\/akunq.net\/tr\/wp-content\/uploads\/sites\/6\/2022\/09\/Tina-Karol-260x175.jpg 260w, https:\/\/akunq.net\/tr\/wp-content\/uploads\/sites\/6\/2022\/09\/Tina-Karol-160x107.jpg 160w, https:\/\/akunq.net\/tr\/wp-content\/uploads\/sites\/6\/2022\/09\/Tina-Karol.jpg 670w\" sizes=\"auto, (max-width: 360px) 100vw, 360px\" \/><\/p>\n<p><strong><em>Ukraynal\u0131 \u00fcnl\u00fc \u015fark\u0131c\u0131 Tina Karol, Azerbaycan\u2019\u0131n ba\u015fkenti Bak\u00fc&#8217;de 19 Kas\u0131m tarihinde \u00f6ng\u00f6r\u00fclen \u00a0konserini iptal etti.<\/em><\/strong><\/p>\n<p>\u015eark\u0131c\u0131 Ermenistan&#8217;a deste\u011fini dile getirdi. Tina, sayfas\u0131n\u0131n hikaye b\u00f6l\u00fcm\u00fcnde de &#8220;Ermenilerin hayat\u0131n\u0131n de\u011feri var&#8221; ba\u015fl\u0131kl\u0131 ve Ermenistan bayra\u011f\u0131n\u0131n renkleriyle bir foto\u011fraf payla\u015ft\u0131.<\/p>\n<p>Daha \u00f6nce ba\u015fka bir \u00fcnl\u00fc Ukraynal\u0131 \u015fark\u0131c\u0131 Max Barskikh, 10 Aral\u0131k&#8217;ta Azerbaycan&#8217;\u0131n ba\u015fkenti Bak\u00fc&#8217;de yap\u0131lmas\u0131 planlanan konseri iptal etmi\u015fti.<\/p>\n<p>Ukraynal\u0131 \u015fark\u0131c\u0131 yapt\u0131\u011f\u0131 payla\u015f\u0131mda &#8220;Azerbaycan&#8217;da planlanan konseri iptal etme karar\u0131 ald\u0131k. Ba\u015fka bir \u00fclkeye kar\u015f\u0131 sald\u0131r\u0131 ger\u00e7ekle\u015ftiren\u00a0 \u00fclke benim konserlerimi\u00e7in yer olamaz&#8221; diye yazm\u0131\u015ft\u0131.<\/p>\n<p><em><strong>https:\/\/armenpress.am\/tur\/news\/1092896.html\u00a0<\/strong><\/em><\/p>\n","protected":false},"excerpt":{"rendered":"<p>Ukraynal\u0131 \u00fcnl\u00fc \u015fark\u0131c\u0131 Tina Karol, Azerbaycan\u2019\u0131n ba\u015fkenti Bak\u00fc&#8217;de 19 Kas\u0131m tarihinde \u00f6ng\u00f6r\u00fclen \u00a0konserini iptal etti. \u015eark\u0131c\u0131 Ermenistan&#8217;a deste\u011fini dile getirdi. Tina, sayfas\u0131n\u0131n hikaye b\u00f6l\u00fcm\u00fcnde de &#8220;Ermenilerin hayat\u0131n\u0131n de\u011feri var&#8221; ba\u015fl\u0131kl\u0131 ve Ermenistan bayra\u011f\u0131n\u0131n renkleriyle bir foto\u011fraf payla\u015ft\u0131. Daha \u00f6nce ba\u015fka bir \u00fcnl\u00fc Ukraynal\u0131 \u015fark\u0131c\u0131 Max Barskikh, 10 Aral\u0131k&#8217;ta Azerbaycan&#8217;\u0131n ba\u015fkenti Bak\u00fc&#8217;de yap\u0131lmas\u0131 planlanan konseri iptal [&hellip;]<\/p>\n","protected":false},"author":7,"featured_media":70188,"comment_status":"open","ping_status":"open","sticky":false,"template":"","format":"standard","meta":{"footnotes":""},"categories":[1],"tags":[],"class_list":["post-70186","post","type-post","status-publish","format-standard","has-post-thumbnail","hentry","category-haberler"],"yoast_head":"<!-- This site is optimized with the Yoast SEO plugin v27.4 - https:\/\/yoast.com\/product\/yoast-seo-wordpress\/ -->\n<title>Ukraynal\u0131 \u00fcnl\u00fc \u015fark\u0131c\u0131 Tina Karol Bak\u00fc\u2019deki konserini iptal etti: &quot;Ermenilerin hayat\u0131n\u0131n de\u011feri var&quot; - Bati Ermenistan Ve Bati Ermenileri Sorunlari Ara\u015ftirmalar Merkezi<\/title>\n<meta name=\"robots\" content=\"index, follow, max-snippet:-1, max-image-preview:large, max-video-preview:-1\" \/>\n<link rel=\"canonical\" href=\"https:\/\/akunq.net\/tr\/?p=70186\" \/>\n<meta property=\"og:locale\" content=\"en_US\" \/>\n<meta property=\"og:type\" content=\"article\" \/>\n<meta property=\"og:title\" content=\"Ukraynal\u0131 \u00fcnl\u00fc \u015fark\u0131c\u0131 Tina Karol Bak\u00fc\u2019deki konserini iptal etti: &quot;Ermenilerin hayat\u0131n\u0131n de\u011feri var&quot; - Bati Ermenistan Ve Bati Ermenileri Sorunlari Ara\u015ftirmalar Merkezi\" \/>\n<meta property=\"og:description\" content=\"Ukraynal\u0131 \u00fcnl\u00fc \u015fark\u0131c\u0131 Tina Karol, Azerbaycan\u2019\u0131n ba\u015fkenti Bak\u00fc&#8217;de 19 Kas\u0131m tarihinde \u00f6ng\u00f6r\u00fclen \u00a0konserini iptal etti. \u015eark\u0131c\u0131 Ermenistan&#8217;a deste\u011fini dile getirdi. Tina, sayfas\u0131n\u0131n hikaye b\u00f6l\u00fcm\u00fcnde de &#8220;Ermenilerin hayat\u0131n\u0131n de\u011feri var&#8221; ba\u015fl\u0131kl\u0131 ve Ermenistan bayra\u011f\u0131n\u0131n renkleriyle bir foto\u011fraf payla\u015ft\u0131. Daha \u00f6nce ba\u015fka bir \u00fcnl\u00fc Ukraynal\u0131 \u015fark\u0131c\u0131 Max Barskikh, 10 Aral\u0131k&#8217;ta Azerbaycan&#8217;\u0131n ba\u015fkenti Bak\u00fc&#8217;de yap\u0131lmas\u0131 planlanan konseri iptal [&hellip;]\" \/>\n<meta property=\"og:url\" content=\"https:\/\/akunq.net\/tr\/?p=70186\" \/>\n<meta property=\"og:site_name\" content=\"Bati Ermenistan Ve Bati Ermenileri Sorunlari Ara\u015ftirmalar Merkezi\" \/>\n<meta property=\"article:published_time\" content=\"2022-09-20T07:46:10+00:00\" \/>\n<meta property=\"og:image\" content=\"https:\/\/akunq.net\/tr\/wp-content\/uploads\/sites\/6\/2022\/09\/Tina-Karol-1.jpg\" \/>\n\t<meta property=\"og:image:width\" content=\"670\" \/>\n\t<meta property=\"og:image:height\" content=\"450\" \/>\n\t<meta property=\"og:image:type\" content=\"image\/jpeg\" \/>\n<meta name=\"author\" content=\"admin\" \/>\n<meta name=\"twitter:card\" content=\"summary_large_image\" \/>\n<meta name=\"twitter:label1\" content=\"Written by\" \/>\n\t<meta name=\"twitter:data1\" content=\"admin\" \/>\n\t<meta name=\"twitter:label2\" content=\"Est. reading time\" \/>\n\t<meta name=\"twitter:data2\" content=\"1 minute\" \/>\n<script type=\"application\/ld+json\" class=\"yoast-schema-graph\">{\"@context\":\"https:\\\/\\\/schema.org\",\"@graph\":[{\"@type\":\"Article\",\"@id\":\"https:\\\/\\\/akunq.net\\\/tr\\\/?p=70186#article\",\"isPartOf\":{\"@id\":\"https:\\\/\\\/akunq.net\\\/tr\\\/?p=70186\"},\"author\":{\"name\":\"admin\",\"@id\":\"https:\\\/\\\/akunq.net\\\/tr\\\/#\\\/schema\\\/person\\\/096f1d38a12cce57fb855b485ed24c9e\"},\"headline\":\"Ukraynal\u0131 \u00fcnl\u00fc \u015fark\u0131c\u0131 Tina Karol Bak\u00fc\u2019deki konserini iptal etti: &#8220;Ermenilerin hayat\u0131n\u0131n de\u011feri var&#8221;\",\"datePublished\":\"2022-09-20T07:46:10+00:00\",\"mainEntityOfPage\":{\"@id\":\"https:\\\/\\\/akunq.net\\\/tr\\\/?p=70186\"},\"wordCount\":142,\"commentCount\":0,\"image\":{\"@id\":\"https:\\\/\\\/akunq.net\\\/tr\\\/?p=70186#primaryimage\"},\"thumbnailUrl\":\"https:\\\/\\\/akunq.net\\\/tr\\\/wp-content\\\/uploads\\\/sites\\\/6\\\/2022\\\/09\\\/Tina-Karol-1.jpg\",\"articleSection\":[\"Haberler\"],\"inLanguage\":\"en-US\",\"potentialAction\":[{\"@type\":\"CommentAction\",\"name\":\"Comment\",\"target\":[\"https:\\\/\\\/akunq.net\\\/tr\\\/?p=70186#respond\"]}]},{\"@type\":\"WebPage\",\"@id\":\"https:\\\/\\\/akunq.net\\\/tr\\\/?p=70186\",\"url\":\"https:\\\/\\\/akunq.net\\\/tr\\\/?p=70186\",\"name\":\"Ukraynal\u0131 \u00fcnl\u00fc \u015fark\u0131c\u0131 Tina Karol Bak\u00fc\u2019deki konserini iptal etti: \\\"Ermenilerin hayat\u0131n\u0131n de\u011feri var\\\" - Bati Ermenistan Ve Bati Ermenileri Sorunlari Ara\u015ftirmalar Merkezi\",\"isPartOf\":{\"@id\":\"https:\\\/\\\/akunq.net\\\/tr\\\/#website\"},\"primaryImageOfPage\":{\"@id\":\"https:\\\/\\\/akunq.net\\\/tr\\\/?p=70186#primaryimage\"},\"image\":{\"@id\":\"https:\\\/\\\/akunq.net\\\/tr\\\/?p=70186#primaryimage\"},\"thumbnailUrl\":\"https:\\\/\\\/akunq.net\\\/tr\\\/wp-content\\\/uploads\\\/sites\\\/6\\\/2022\\\/09\\\/Tina-Karol-1.jpg\",\"datePublished\":\"2022-09-20T07:46:10+00:00\",\"author\":{\"@id\":\"https:\\\/\\\/akunq.net\\\/tr\\\/#\\\/schema\\\/person\\\/096f1d38a12cce57fb855b485ed24c9e\"},\"breadcrumb\":{\"@id\":\"https:\\\/\\\/akunq.net\\\/tr\\\/?p=70186#breadcrumb\"},\"inLanguage\":\"en-US\",\"potentialAction\":[{\"@type\":\"ReadAction\",\"target\":[\"https:\\\/\\\/akunq.net\\\/tr\\\/?p=70186\"]}]},{\"@type\":\"ImageObject\",\"inLanguage\":\"en-US\",\"@id\":\"https:\\\/\\\/akunq.net\\\/tr\\\/?p=70186#primaryimage\",\"url\":\"https:\\\/\\\/akunq.net\\\/tr\\\/wp-content\\\/uploads\\\/sites\\\/6\\\/2022\\\/09\\\/Tina-Karol-1.jpg\",\"contentUrl\":\"https:\\\/\\\/akunq.net\\\/tr\\\/wp-content\\\/uploads\\\/sites\\\/6\\\/2022\\\/09\\\/Tina-Karol-1.jpg\",\"width\":670,\"height\":450},{\"@type\":\"BreadcrumbList\",\"@id\":\"https:\\\/\\\/akunq.net\\\/tr\\\/?p=70186#breadcrumb\",\"itemListElement\":[{\"@type\":\"ListItem\",\"position\":1,\"name\":\"Home\",\"item\":\"https:\\\/\\\/akunq.net\\\/tr\"},{\"@type\":\"ListItem\",\"position\":2,\"name\":\"Ukraynal\u0131 \u00fcnl\u00fc \u015fark\u0131c\u0131 Tina Karol Bak\u00fc\u2019deki konserini iptal etti: &#8220;Ermenilerin hayat\u0131n\u0131n de\u011feri var&#8221;\"}]},{\"@type\":\"WebSite\",\"@id\":\"https:\\\/\\\/akunq.net\\\/tr\\\/#website\",\"url\":\"https:\\\/\\\/akunq.net\\\/tr\\\/\",\"name\":\"Bati Ermenistan Ve Bati Ermenileri Sorunlari Ara\u015ftirmalar Merkezi\",\"description\":\"\",\"potentialAction\":[{\"@type\":\"SearchAction\",\"target\":{\"@type\":\"EntryPoint\",\"urlTemplate\":\"https:\\\/\\\/akunq.net\\\/tr\\\/?s={search_term_string}\"},\"query-input\":{\"@type\":\"PropertyValueSpecification\",\"valueRequired\":true,\"valueName\":\"search_term_string\"}}],\"inLanguage\":\"en-US\"},{\"@type\":\"Person\",\"@id\":\"https:\\\/\\\/akunq.net\\\/tr\\\/#\\\/schema\\\/person\\\/096f1d38a12cce57fb855b485ed24c9e\",\"name\":\"admin\",\"url\":\"https:\\\/\\\/akunq.net\\\/tr\\\/?author=7\"}]}<\/script>\n<!-- \/ Yoast SEO plugin. -->","yoast_head_json":{"title":"Ukraynal\u0131 \u00fcnl\u00fc \u015fark\u0131c\u0131 Tina Karol Bak\u00fc\u2019deki konserini iptal etti: \"Ermenilerin hayat\u0131n\u0131n de\u011feri var\" - Bati Ermenistan Ve Bati Ermenileri Sorunlari Ara\u015ftirmalar Merkezi","robots":{"index":"index","follow":"follow","max-snippet":"max-snippet:-1","max-image-preview":"max-image-preview:large","max-video-preview":"max-video-preview:-1"},"canonical":"https:\/\/akunq.net\/tr\/?p=70186","og_locale":"en_US","og_type":"article","og_title":"Ukraynal\u0131 \u00fcnl\u00fc \u015fark\u0131c\u0131 Tina Karol Bak\u00fc\u2019deki konserini iptal etti: \"Ermenilerin hayat\u0131n\u0131n de\u011feri var\" - Bati Ermenistan Ve Bati Ermenileri Sorunlari Ara\u015ftirmalar Merkezi","og_description":"Ukraynal\u0131 \u00fcnl\u00fc \u015fark\u0131c\u0131 Tina Karol, Azerbaycan\u2019\u0131n ba\u015fkenti Bak\u00fc&#8217;de 19 Kas\u0131m tarihinde \u00f6ng\u00f6r\u00fclen \u00a0konserini iptal etti. \u015eark\u0131c\u0131 Ermenistan&#8217;a deste\u011fini dile getirdi. Tina, sayfas\u0131n\u0131n hikaye b\u00f6l\u00fcm\u00fcnde de &#8220;Ermenilerin hayat\u0131n\u0131n de\u011feri var&#8221; ba\u015fl\u0131kl\u0131 ve Ermenistan bayra\u011f\u0131n\u0131n renkleriyle bir foto\u011fraf payla\u015ft\u0131. Daha \u00f6nce ba\u015fka bir \u00fcnl\u00fc Ukraynal\u0131 \u015fark\u0131c\u0131 Max Barskikh, 10 Aral\u0131k&#8217;ta Azerbaycan&#8217;\u0131n ba\u015fkenti Bak\u00fc&#8217;de yap\u0131lmas\u0131 planlanan konseri iptal [&hellip;]","og_url":"https:\/\/akunq.net\/tr\/?p=70186","og_site_name":"Bati Ermenistan Ve Bati Ermenileri Sorunlari Ara\u015ftirmalar Merkezi","article_published_time":"2022-09-20T07:46:10+00:00","og_image":[{"width":670,"height":450,"url":"https:\/\/akunq.net\/tr\/wp-content\/uploads\/sites\/6\/2022\/09\/Tina-Karol-1.jpg","type":"image\/jpeg"}],"author":"admin","twitter_card":"summary_large_image","twitter_misc":{"Written by":"admin","Est. reading time":"1 minute"},"schema":{"@context":"https:\/\/schema.org","@graph":[{"@type":"Article","@id":"https:\/\/akunq.net\/tr\/?p=70186#article","isPartOf":{"@id":"https:\/\/akunq.net\/tr\/?p=70186"},"author":{"name":"admin","@id":"https:\/\/akunq.net\/tr\/#\/schema\/person\/096f1d38a12cce57fb855b485ed24c9e"},"headline":"Ukraynal\u0131 \u00fcnl\u00fc \u015fark\u0131c\u0131 Tina Karol Bak\u00fc\u2019deki konserini iptal etti: &#8220;Ermenilerin hayat\u0131n\u0131n de\u011feri var&#8221;","datePublished":"2022-09-20T07:46:10+00:00","mainEntityOfPage":{"@id":"https:\/\/akunq.net\/tr\/?p=70186"},"wordCount":142,"commentCount":0,"image":{"@id":"https:\/\/akunq.net\/tr\/?p=70186#primaryimage"},"thumbnailUrl":"https:\/\/akunq.net\/tr\/wp-content\/uploads\/sites\/6\/2022\/09\/Tina-Karol-1.jpg","articleSection":["Haberler"],"inLanguage":"en-US","potentialAction":[{"@type":"CommentAction","name":"Comment","target":["https:\/\/akunq.net\/tr\/?p=70186#respond"]}]},{"@type":"WebPage","@id":"https:\/\/akunq.net\/tr\/?p=70186","url":"https:\/\/akunq.net\/tr\/?p=70186","name":"Ukraynal\u0131 \u00fcnl\u00fc \u015fark\u0131c\u0131 Tina Karol Bak\u00fc\u2019deki konserini iptal etti: \"Ermenilerin hayat\u0131n\u0131n de\u011feri var\" - Bati Ermenistan Ve Bati Ermenileri Sorunlari Ara\u015ftirmalar Merkezi","isPartOf":{"@id":"https:\/\/akunq.net\/tr\/#website"},"primaryImageOfPage":{"@id":"https:\/\/akunq.net\/tr\/?p=70186#primaryimage"},"image":{"@id":"https:\/\/akunq.net\/tr\/?p=70186#primaryimage"},"thumbnailUrl":"https:\/\/akunq.net\/tr\/wp-content\/uploads\/sites\/6\/2022\/09\/Tina-Karol-1.jpg","datePublished":"2022-09-20T07:46:10+00:00","author":{"@id":"https:\/\/akunq.net\/tr\/#\/schema\/person\/096f1d38a12cce57fb855b485ed24c9e"},"breadcrumb":{"@id":"https:\/\/akunq.net\/tr\/?p=70186#breadcrumb"},"inLanguage":"en-US","potentialAction":[{"@type":"ReadAction","target":["https:\/\/akunq.net\/tr\/?p=70186"]}]},{"@type":"ImageObject","inLanguage":"en-US","@id":"https:\/\/akunq.net\/tr\/?p=70186#primaryimage","url":"https:\/\/akunq.net\/tr\/wp-content\/uploads\/sites\/6\/2022\/09\/Tina-Karol-1.jpg","contentUrl":"https:\/\/akunq.net\/tr\/wp-content\/uploads\/sites\/6\/2022\/09\/Tina-Karol-1.jpg","width":670,"height":450},{"@type":"BreadcrumbList","@id":"https:\/\/akunq.net\/tr\/?p=70186#breadcrumb","itemListElement":[{"@type":"ListItem","position":1,"name":"Home","item":"https:\/\/akunq.net\/tr"},{"@type":"ListItem","position":2,"name":"Ukraynal\u0131 \u00fcnl\u00fc \u015fark\u0131c\u0131 Tina Karol Bak\u00fc\u2019deki konserini iptal etti: &#8220;Ermenilerin hayat\u0131n\u0131n de\u011feri var&#8221;"}]},{"@type":"WebSite","@id":"https:\/\/akunq.net\/tr\/#website","url":"https:\/\/akunq.net\/tr\/","name":"Bati Ermenistan Ve Bati Ermenileri Sorunlari Ara\u015ftirmalar Merkezi","description":"","potentialAction":[{"@type":"SearchAction","target":{"@type":"EntryPoint","urlTemplate":"https:\/\/akunq.net\/tr\/?s={search_term_string}"},"query-input":{"@type":"PropertyValueSpecification","valueRequired":true,"valueName":"search_term_string"}}],"inLanguage":"en-US"},{"@type":"Person","@id":"https:\/\/akunq.net\/tr\/#\/schema\/person\/096f1d38a12cce57fb855b485ed24c9e","name":"admin","url":"https:\/\/akunq.net\/tr\/?author=7"}]}},"_links":{"self":[{"href":"https:\/\/akunq.net\/tr\/index.php?rest_route=\/wp\/v2\/posts\/70186","targetHints":{"allow":["GET"]}}],"collection":[{"href":"https:\/\/akunq.net\/tr\/index.php?rest_route=\/wp\/v2\/posts"}],"about":[{"href":"https:\/\/akunq.net\/tr\/index.php?rest_route=\/wp\/v2\/types\/post"}],"author":[{"embeddable":true,"href":"https:\/\/akunq.net\/tr\/index.php?rest_route=\/wp\/v2\/users\/7"}],"replies":[{"embeddable":true,"href":"https:\/\/akunq.net\/tr\/index.php?rest_route=%2Fwp%2Fv2%2Fcomments&post=70186"}],"version-history":[{"count":1,"href":"https:\/\/akunq.net\/tr\/index.php?rest_route=\/wp\/v2\/posts\/70186\/revisions"}],"predecessor-version":[{"id":70189,"href":"https:\/\/akunq.net\/tr\/index.php?rest_route=\/wp\/v2\/posts\/70186\/revisions\/70189"}],"wp:featuredmedia":[{"embeddable":true,"href":"https:\/\/akunq.net\/tr\/index.php?rest_route=\/wp\/v2\/media\/70188"}],"wp:attachment":[{"href":"https:\/\/akunq.net\/tr\/index.php?rest_route=%2Fwp%2Fv2%2Fmedia&parent=70186"}],"wp:term":[{"taxonomy":"category","embeddable":true,"href":"https:\/\/akunq.net\/tr\/index.php?rest_route=%2Fwp%2Fv2%2Fcategories&post=70186"},{"taxonomy":"post_tag","embeddable":true,"href":"https:\/\/akunq.net\/tr\/index.php?rest_route=%2Fwp%2Fv2%2Ftags&post=70186"}],"curies":[{"name":"wp","href":"https:\/\/api.w.org\/{rel}","templated":true}]}}