{"id":70128,"date":"2022-09-15T01:22:51","date_gmt":"2022-09-15T06:22:51","guid":{"rendered":"https:\/\/akunq.net\/tr\/?p=70128"},"modified":"2022-09-15T01:22:51","modified_gmt":"2022-09-15T06:22:51","slug":"ataturk-ve-lawrence-hic-gorustu-mu","status":"publish","type":"post","link":"https:\/\/akunq.net\/tr\/?p=70128","title":{"rendered":"Atat\u00fcrk ve Lawrence hi\u00e7 g\u00f6r\u00fc\u015ft\u00fc m\u00fc?"},"content":{"rendered":"<section class=\"entry-article-topper\">\n<div class=\"grid-x grid-margin-x\">\n<div class=\"cell\">\n<div class=\"entry-header clearfix has-avatar\">\n<div class=\"entry-subtitle\">\n<p><em><strong>Lawrence, T\u00fcrkleri \u00e7ok iyi tan\u0131yordu ve Atat\u00fcrk ile bilhassa sava\u015f zaman\u0131nda y\u00fcz y\u00fcze kar\u015f\u0131la\u015fmam\u0131\u015ft\u0131. \u0130ddiay\u0131 ortaya atan Childs kaynak olarak Lawrence&#8217;\u0131 g\u00f6sterir. Childs&#8217;\u0131n eserinde ortaya att\u0131\u011f\u0131 iddialar\u0131n somut hi\u00e7bir delili bulunmaz.<\/strong><\/em><\/p>\n<\/div>\n<div class=\"author-avatar\"><a href=\"https:\/\/www.indyturk.com\/taxonomy\/term\/65636\"><img decoding=\"async\" src=\"https:\/\/www.indyturk.com\/sites\/default\/files\/styles\/150x150\/public\/Mehmet%20Mazlum.png?itok=C7PwNd-I\" alt=\"\" \/><\/a><\/div>\n<div class=\"entry-meta-wrapper\">\n<div class=\"grid-x align-justify align-middle\">\n<div class=\"cell shrink\">\n<div class=\"entry-meta\">\n<div class=\"entry-meta-field entry-meta-author\"><strong><a href=\"https:\/\/www.indyturk.com\/taxonomy\/term\/65636\">Mehmed Mazlum \u00c7elik\u00a0<\/a><span class=\"author-twitter\"><a href=\"https:\/\/twitter.com\/MMazlumcel\">@MMazlumcel<\/a><\/span>\u00a0<span class=\"author-twitter\"><a href=\"mailto:\">celikmehmedmazlum@gmail.com\u00a0<\/a><\/span><\/strong><\/div>\n<div class=\"entry-meta-field entry-meta-publish-date\"><\/div>\n<\/div>\n<\/div>\n<div class=\"cell large-shrink\">\n<div class=\"follow-block\"><\/div>\n<\/div>\n<\/div>\n<\/div>\n<\/div>\n<div class=\"entry-media\">\n<div class=\"entry-media-inner-img\"><img decoding=\"async\" class=\"lazy fill-content abs-element\" src=\"https:\/\/www.indyturk.com\/sites\/default\/files\/styles\/1368x911\/public\/article\/main_image\/2022\/09\/14\/1010656-305845894.jpg?itok=XY-3cv8I\" \/><\/div>\n<div class=\"caption-field\">\n<p><em>Kolaj:\u00a0Independent T\u00fcrk\u00e7e<\/em><\/p>\n<\/div>\n<\/div>\n<\/div>\n<\/div>\n<\/section>\n<div class=\"grid-container\">\n<article class=\"entry-article\">\n<div class=\"grid-x align-justify\">\n<div class=\"content-wrap-holder cell\">\n<div class=\"region region-content\">\n<div id=\"block-system-main\" class=\"block block-system\">\n<div class=\"content\">\n<div class=\"content-wrap\">\n<div class=\"printable-area page-taxonomy-term-16\" dir=\"ltr\">\n<div class=\"entry-content\" data-io-article-url=\"https:\/\/www.indyturk.com\/node\/552656\/haber\/atat%C3%BCrk-ve-lawrence-hi%C3%A7-g%C3%B6r%C3%BC%C5%9Ft%C3%BC-m%C3%BC\">\n<div class=\"field field-name-body field-type-text-with-summary field-label-hidden\">\n<div class=\"field-items\">\n<div class=\"field-item even\">\n<p>30 Eyl\u00fcl 1918 tarihinde\u00a0<a href=\"https:\/\/www.indyturk.com\/tags\/lawrence\">Lawrence<\/a>, komutas\u0131ndaki Arap birliklerle \u015eam&#8217;a girdi\u011finde; T\u00fcrkiye Cumhuriyeti&#8217;nin kurucusu\u00a0<a href=\"https:\/\/www.indyturk.com\/tags\/mustafa-kemal-atat%C3%BCrk\">Mustafa Kemal Atat\u00fcrk<\/a>\u00a0yaln\u0131zca 12 g\u00fcn \u00f6nce b\u00f6lgedeki kararg\u00e2h\u0131ndan ayr\u0131lm\u0131\u015ft\u0131.<\/p>\n<p>Bu k\u0131sa zaman dilimi i\u00e7erisinde \u00f6zellikle Bat\u0131l\u0131 kaynaklar Lawrence ile Atat\u00fcrk&#8217;\u00fcn g\u00f6r\u00fc\u015ft\u00fckleri ve politik meseleler hakk\u0131nda fikir al\u0131\u015fveri\u015finde bulunduklar\u0131n\u0131 iddia eder.<\/p>\n<div class=\"dnd-widget-wrapper context-custom_image type-image atom-align-left\">\n<div class=\"dnd-atom-rendered\">\n<div class=\"entry-media-inner-img\"><img loading=\"lazy\" decoding=\"async\" title=\"W.G. Childs  History of the Mesopotamian Campaign.jpg\" src=\"https:\/\/www.indyturk.com\/sites\/default\/files\/styles\/800xauto\/public\/thumbnails\/image\/2022\/09\/14\/1010641-1505036849.jpg?itok=QrIUIyig\" alt=\"W.G. Childs  History of the Mesopotamian Campaign.jpg\" width=\"196\" height=\"251\" \/><\/div>\n<\/div>\n<\/div>\n<p>Esasen bu iddialar\u0131n kayna\u011f\u0131 T\u00fcrk\u00e7\u00fcl\u00fck ideolojisi \u00fczerine W.G. Childs&#8217;\u0131n 1926 y\u0131l\u0131nda \u0130ngiliz Sava\u015f Bakanl\u0131\u011f\u0131 ar\u015fivinden yararlanarak kaleme ald\u0131\u011f\u0131\u00a0<em>&#8220;History of the Mesopotamian Campaign&#8221;<\/em>\u00a0isimli eserde ortaya att\u0131\u011f\u0131 iddialardan ileri gelmektedir.<\/p>\n<p>Childs, eserini kaleme al\u0131rken Lawrence&#8217;\u0131n tan\u0131kl\u0131\u011f\u0131ndan yararland\u0131\u011f\u0131n\u0131 ve kendisine Atat\u00fcrk ile yap\u0131lan g\u00f6r\u00fc\u015fmeleri bizzat Lawrence&#8217;\u0131n aktard\u0131\u011f\u0131n\u0131 iddia eder.<\/p>\n<p>Bu iddialar\u0131 zay\u0131flatan iki temel unsur bulunmaktad\u0131r. \u0130lki Lawrence,\u00a0<em>&#8220;Bilgeli\u011fin Yedi S\u00fctunu (Seven Pillars of Wisdom)&#8221;<\/em>\u00a0isimli eserde bu g\u00f6r\u00fc\u015fmelerden bahsetmez.<\/p>\n<p>Di\u011fer husus ise, Atat\u00fcrk&#8217;\u00fcn aktard\u0131\u011f\u0131 iddia edilen g\u00f6r\u00fc\u015flerin yanl\u0131\u015fl\u0131\u011f\u0131 b\u00f6yle bir g\u00f6r\u00fc\u015fmeyi hayal \u00fcr\u00fcn\u00fc k\u0131lmaktad\u0131r.<\/p>\n<p>\u00d6ncesinde me\u015fhur casus Lawrence&#8217;\u0131n kim oldu\u011funu yeniden hat\u0131rlatmakta yarar var.<\/p>\n<p><strong>\u00c7\u00f6l Casusu Lawrence<\/strong><\/p>\n<p>Lawrence i\u00e7in bir s\u00fcr\u00fc lakap kullan\u0131lm\u0131\u015ft\u0131r.\u00a0<a href=\"https:\/\/www.indyturk.com\/tags\/arabistanl%C4%B1-lawrence\">Arabistanl\u0131 Lawrence<\/a>,\u00a0<em>Casuslar Kral\u0131 Lawrence<\/em>\u00a0vb.<\/p>\n<p>Ama bunlar\u0131n i\u00e7inde en ilgin\u00e7 olan\u0131 Lawrence&#8217;\u0131n da en \u00f6v\u00fcnd\u00fc\u011f\u00fc isim;\u00a0<em>Shaw&#8217;\u0131n O\u011flu Lawrence<\/em>&#8216;t\u0131r.<\/p>\n<div class=\"dnd-widget-wrapper context-custom_image type-image\">\n<div class=\"dnd-atom-rendered\">\n<div class=\"entry-media-inner-img\"><img loading=\"lazy\" decoding=\"async\" title=\"Thomas Edward Lawrence  1.jpg\" src=\"https:\/\/www.indyturk.com\/sites\/default\/files\/styles\/800xauto\/public\/thumbnails\/image\/2022\/09\/14\/1010636-1388366877.jpg?itok=P6EuQ_AT\" alt=\"Thomas Edward Lawrence  1.jpg\" width=\"800\" height=\"533\" \/><\/div>\n<\/div>\n<div class=\"dnd-caption-wrapper\">\n<div class=\"meta\"><em>Thomas Edward Lawrence\u00a0<\/em><\/div>\n<\/div>\n<\/div>\n<p>Casus Lawrence \u00fcnl\u00fc \u0130ngiliz edebiyat\u00e7\u0131 Bernard Shaw&#8217;a yapt\u0131\u011f\u0131 bir ziyaret s\u0131ras\u0131nda Shaw&#8217;\u0131n odada bulunan di\u011fer misafirleri, Lawrence&#8217;\u0131 Shaw&#8217;\u0131n o\u011flu zannederek<em>\u00a0&#8220;Ne kadar da yak\u0131\u015f\u0131kl\u0131 bir o\u011flun varm\u0131\u015f&#8221;<\/em>\u00a0derler.<\/p>\n<p>Baba konusunda olduk\u00e7a sanc\u0131l\u0131 bir ge\u00e7mi\u015fi bulunan Lawrence bu yak\u0131\u015ft\u0131rmadan olduk\u00e7a memnun olmu\u015f ve zaman zaman Shaw&#8217;\u0131n O\u011flu Lawrence lakab\u0131n\u0131 hem kullanm\u0131\u015f hem de bu isimle \u00f6v\u00fcnm\u00fc\u015ft\u00fcr.<\/p>\n<p>Lawrence sava\u015ftan sonra ordudaki g\u00f6revine hava kuvvetlerinde devam etmi\u015ftir.<\/p>\n<div class=\"dnd-widget-wrapper context-custom_gallery type-image\">\n<div class=\"dnd-atom-rendered\">\n<div class=\"entry-media-inner-img\"><img loading=\"lazy\" decoding=\"async\" title=\"Lawrence moturunda.jpg\" src=\"https:\/\/www.indyturk.com\/sites\/default\/files\/thumbnails\/image\/2022\/09\/14\/1010631-1689907373.jpg\" alt=\"Lawrence moturunda.jpg\" width=\"640\" height=\"498\" \/><\/div>\n<\/div>\n<\/div>\n<p>&nbsp;<\/p>\n<p>13 May\u0131s 1935 y\u0131l\u0131nda motorunda seyir halindeyken baz\u0131 g\u00f6rg\u00fc tan\u0131klar\u0131na g\u00f6re \u00f6n\u00fcne bisiklet s\u00fcren bir \u00e7ocu\u011fun baz\u0131 tan\u0131klar\u0131na g\u00f6re ise siyah bir araban\u0131n \u00f6n\u00fcne k\u0131rmas\u0131 sebebiyle kaza ge\u00e7irdi\u011fini iddia etmi\u015fti. Lawrence kafatas\u0131ndan a\u011f\u0131r yaralanarak hastahaneye kald\u0131r\u0131lm\u0131\u015ft\u0131.<\/p>\n<p><em>New York Times<\/em>&#8216;\u0131n hemen ertesi g\u00fcn ge\u00e7ti\u011fi haber kazay\u0131 daha da \u015faibeli bir hale getirecekti:<\/p>\n<blockquote><p><em>T\u00fcm d\u00fcnyaca Arabistanl\u0131 Lawrence olarak bilinen Albay Thomas E. Lawrence&#8217;in d\u00fcn bir motorsiklet kazas\u0131nda yaraland\u0131\u011f\u0131 ve Bovington Kamp\u0131&#8217;ndaki bir askeri hastanede \u00f6l\u00fcm\u00fcn e\u015fi\u011finde oldu\u011fu bildirilmektedir. I. D\u00fcnya Sava\u015f\u0131 s\u0131ras\u0131nda Arap isyan\u0131n\u0131n kahraman\u0131 yolda bir \u00e7ocu\u011fa \u00e7arpmamak i\u00e7in direksiyonu k\u0131rarak bir kaza ge\u00e7irdi.<\/p>\n<p>Kazada \u00e7ocuk yaralanmazken, Lawrence \u015fuurunu kaybetmi\u015f bir \u015fekilde bulundu. Bu durumu onun muhtemelen \u00e7ok h\u0131zl\u0131 oldu\u011funu g\u00f6stermektedir. Kaza, Lawrence&#8217;in ya\u015fad\u0131\u011f\u0131 yer olan Clouds Hill yak\u0131nlar\u0131nda ger\u00e7ekle\u015fti. Ambulans Lawrence&#8217;\u0131 hastaneye g\u00f6t\u00fcrd\u00fckten sonra kafas\u0131nda bir \u00e7atlak oldu\u011fu tespit edildi. Akrabalar\u0131na haber verildi. Ancak bu sabah iyile\u015fme umudu kalmad\u0131\u011f\u0131 belirtiliyor. Lawrence&#8217;in anne-babas\u0131 Londra&#8217;dan havayoluyla Bavington Kamp\u0131&#8217;na geldiler.<\/p>\n<p>D\u00fcnk\u00fc kaza, Thomas Hardy&#8217;nin ya\u015fad\u0131\u011f\u0131 yerin yak\u0131nlar\u0131nda meydana geldi. Lawrence saatte 85 mil\/h\u0131z yap\u0131yordu. Ayr\u0131ca Lawrence s\u0131k s\u0131k 1931&#8217;de \u00f6len ya\u015fl\u0131 romanc\u0131 Mr. Hardy&#8217;i ziyaret ederdi. Albay Lawrence uzun s\u00fcren emeklilik hayat\u0131ndan sonra sava\u015ftan sonra b\u0131rakt\u0131\u011f\u0131 aktif hayat\u0131na geri d\u00f6nmeyi planl\u0131yordu.<\/p>\n<p>Ayr\u0131ca, \u0130ngiliz edebiyat\u0131nda \u00e7oktan yer etmi\u015f bir yazar olarak daha aktif bir \u015fekilde edebiyatla ilgilenmeyi d\u00fc\u015f\u00fcn\u00fcyordu. &#8216;Revolt in the desert&#8217; kitab\u0131ndan kazand\u0131klar\u0131n\u0131n \u00f6nemli bir pay\u0131n\u0131 askeri yard\u0131m kurulu\u015flar\u0131na ba\u011f\u0131\u015flayan Lawrence&#8217;in y\u0131lda 200 ila 300 paund geliri bulunmaktayd\u0131.<\/em><\/p>\n<p class=\"rteright\"><em>(New-York Times, 1935: 1)<\/em><\/p>\n<\/blockquote>\n<p>\u00d6ncelikle Lawrence&#8217;\u0131n anne babas\u0131 birlikte gelemezdi, \u00e7\u00fcnk\u00fc babas\u0131 \u00f6lm\u00fc\u015f annesi de hemen gelemeyecek kadar uzak bir b\u00f6lgede, \u00c7in&#8217;deydi.<\/p>\n<p>\u00dcstelik haberin i\u00e7eri\u011finde yaralanm\u0131\u015f denilen Lawrence i\u00e7in ba\u015fl\u0131kta hayat\u0131n\u0131 kaybetti\u011fi yaz\u0131l\u0131yordu.<\/p>\n<p>Bu haberden sonra Lawrence uzun s\u00fcre komada kalmas\u0131na ra\u011fmen ba\u015fta T\u00fcrk medyas\u0131 olmak \u00fczere neredeyse her g\u00fcn \u00f6ld\u00fc\u011f\u00fcne dair haber yap\u0131l\u0131yor, ertesi g\u00fcn tekzip yay\u0131nlanarak hala hayatta oldu\u011fu s\u00f6yleniyordu.<\/p>\n<p>Lawrence&#8217;\u0131n \u00f6l\u00fcp \u00f6lmedi\u011fi t\u00fcm d\u00fcnya medyas\u0131nda b\u00fcy\u00fck bir muammaya d\u00f6n\u00fc\u015fm\u00fc\u015ft\u00fc. \u0130lerleyen g\u00fcnlerde Lawrence&#8217;\u0131n hayat\u0131n\u0131 kaybetti\u011fi anla\u015f\u0131lacakt\u0131.<\/p>\n<p>Daha sonra Lawrence vasiyeti \u00fczerine sade bir t\u00f6renle g\u00f6m\u00fclm\u00fc\u015ft\u00fcr. Cenazesine Churchill, Irak Kral\u0131 Faysal&#8217;\u0131n karde\u015fi Emir Abdullah gibi \u00f6nemli isimler kat\u0131lm\u0131\u015ft\u0131r.<\/p>\n<div class=\"dnd-widget-wrapper context-custom_gallery type-image\">\n<div class=\"dnd-atom-rendered\">\n<div class=\"entry-media-inner-img\"><img loading=\"lazy\" decoding=\"async\" title=\"Thomas Edward Lawrence.jpg\" src=\"https:\/\/www.indyturk.com\/sites\/default\/files\/thumbnails\/image\/2022\/04\/30\/924506-984961275.jpg\" alt=\"Thomas Edward Lawrence.jpg\" width=\"618\" height=\"416\" \/><\/div>\n<\/div>\n<\/div>\n<p>G\u00f6rg\u00fc \u015fahitlerinin tutars\u0131z ifadeleri \u00f6l\u00fcm\u00fcn\u00fc \u015faibeli hale getirmi\u015f, bir\u00e7ok ki\u015finin Lawrence&#8217;\u0131n \u00f6ld\u00fcr\u00fcld\u00fc\u011f\u00fcn\u00fc iddia etmesine sebep olmu\u015ftur.<\/p>\n<p>Bunlar elbette ki Lawrence&#8217;\u0131n sava\u015ftaki rol\u00fcn\u00fc yads\u0131mak i\u00e7in yeterli de\u011fildir. K\u0131\u015fk\u0131rt\u0131lan Arap a\u015firetlerinin demiryolu \u00fczerinde verdi\u011fi tahribat ve gerilla sava\u015flar\u0131 Osmanl\u0131&#8217;n\u0131n b\u00f6lge ile ileti\u015fimini ciddi zaafa u\u011fratm\u0131\u015ft\u0131r.<\/p>\n<p>Kut&#8217;\u00fcl Amare&#8217;deki Osmanl\u0131 zaferinden sonra Lawrence&#8217;\u0131n Eyl\u00fcl 1918 y\u0131l\u0131nda \u015eam&#8217;da ger\u00e7ekle\u015ftirdi\u011fi sald\u0131r\u0131da Osmanl\u0131 a\u011f\u0131r bir ma\u011flubiyet alm\u0131\u015ft\u0131r.<\/p>\n<p>Bu sald\u0131r\u0131da esir al\u0131nmamas\u0131 emrini veren Lawrence teslim olmu\u015f yakla\u015f\u0131k 5 bin askerin ba\u015f\u0131n\u0131n kopar\u0131lmas\u0131na sebep olmu\u015ftur.<\/p>\n<p>Lawrence askerlerin esir al\u0131nmayaca\u011f\u0131 emrini verdikten sonra \u015fu itiraflarda bulunuyor:<\/p>\n<blockquote><p><em>Evet, onlar\u0131 isyana ben k\u0131\u015fk\u0131rtm\u0131\u015ft\u0131m. Ama b\u00f6ylesine vah\u015fice kan d\u00f6keceklerini hi\u00e7 tahmin etmemi\u015ftim. Baz\u0131 mahalleleri gezerken silahs\u0131z T\u00fcrk askerlerinin nas\u0131l \u00f6ld\u00fcr\u00fcld\u00fcklerine bakamad\u0131m; tiksindim bu vah\u015fetten\u2026<\/em><\/p><\/blockquote>\n<p><strong>Atat\u00fcrk&#8217;\u00fcn sava\u015f hakk\u0131nda Lawrence anlatt\u0131klar\u0131<\/strong><\/p>\n<p>Childs&#8217;\u0131n Lawrance&#8217;\u0131n anlatt\u0131\u011f\u0131 iddialar\u0131n temelsizli\u011fini ortaya koyan bir di\u011fer unsur Atat\u00fcrk&#8217;\u00fcn sava\u015f hakk\u0131ndaki iddialar\u0131d\u0131r.<\/p>\n<p>Childs, Atat\u00fcrk&#8217;\u00fcn Orta Asya&#8217;y\u0131 K\u0131z\u0131lelma olarak alg\u0131lad\u0131\u011f\u0131 ve as\u0131l odaklan\u0131lmas\u0131 gereken co\u011frafyan\u0131n T\u00fcrki Cumhuriyetler oldu\u011funu s\u00f6yledi\u011fini iddia eder.<\/p>\n<div class=\"dnd-widget-wrapper context-custom_image type-image\">\n<div class=\"dnd-atom-rendered\">\n<div class=\"entry-media-inner-img\"><img loading=\"lazy\" decoding=\"async\" title=\"Atat\u00fcrk 2.jpg\" src=\"https:\/\/www.indyturk.com\/sites\/default\/files\/styles\/800xauto\/public\/thumbnails\/image\/2022\/09\/14\/1010621-489672172.jpg?itok=h7sKTWqm\" alt=\"Atat\u00fcrk 2.jpg\" width=\"768\" height=\"1170\" \/><\/div>\n<\/div>\n<\/div>\n<p>Bu politikan\u0131n Alman-T\u00fcrk ittifak\u0131n\u0131n temel d\u00fcsturu oldu\u011funu ama h\u00fck\u00fcmetin bu siyaseti uygulamad\u0131\u011f\u0131 g\u00f6r\u00fc\u015flerine yer verir.<\/p>\n<p>Muhtemelen Childs, Enver Pa\u015fa ile Atat\u00fcrk&#8217;\u00fc birbirine kar\u0131\u015ft\u0131racak kadar ciddi bir anakronizme imza at\u0131yor.<\/p>\n<p>Atat\u00fcrk&#8217;\u00fcn hayalperest stratejiler nedeniyle \u0130TC&#8217;ye y\u00f6nelik ele\u015ftirileri ortadayken b\u00f6yle bir g\u00f6r\u00fc\u015f\u00fc savunaca\u011f\u0131n\u0131 d\u00fc\u015f\u00fcnmek hatal\u0131 olur. Lawrence&#8217;\u0131n da b\u00f6yle bir g\u00f6r\u00fc\u015f\u00fc desteklemesi ya da aktarmas\u0131 s\u00f6z konusu olamaz.<\/p>\n<p>Nitekim Lawrence \u015eam&#8217;a girdikten yakla\u015f\u0131k bir ay sonra imzalanan Mondros M\u00fctekaresi&#8217;nin yanl\u0131\u015f bir karar oldu\u011funu T\u00fcrklerin silahl\u0131 direni\u015f g\u00f6sterece\u011fini beyan etmesi nedeniyle Londra taraf\u0131ndan g\u00f6zden d\u00fc\u015fmesine neden olur.<\/p>\n<div class=\"dnd-widget-wrapper context-custom_gallery type-image\">\n<div class=\"dnd-atom-rendered\">\n<div class=\"entry-media-inner-img\"><img loading=\"lazy\" decoding=\"async\" title=\"Atat\u00fcrk.jpg\" src=\"https:\/\/www.indyturk.com\/sites\/default\/files\/thumbnails\/image\/2022\/09\/14\/1010626-692726207.jpg\" alt=\"Atat\u00fcrk.jpg\" width=\"901\" height=\"1045\" \/><\/div>\n<\/div>\n<\/div>\n<p>Lawrence, T\u00fcrkleri \u00e7ok iyi tan\u0131yor ve Atat\u00fcrk ile bilhassa sava\u015f zaman\u0131nda y\u00fcz y\u00fcze kar\u015f\u0131la\u015fmam\u0131\u015ft\u0131r.<\/p>\n<p>Childs&#8217;\u0131n eserinde ortaya att\u0131\u011f\u0131 iddialar\u0131n somut hi\u00e7bir delili bulunmaz. Buna ra\u011fmen kalbur\u00fcst\u00fc say\u0131s\u0131z ciddi \u00e7al\u0131\u015fmada bu iddiaya defaten yer verilmesini anlamak g\u00fc\u00e7t\u00fcr.<\/p>\n<p><em><strong>https:\/\/www.indyturk.com\/node\/552656\/haber\/atat%C3%BCrk-ve-lawrence-hi%C3%A7-g%C3%B6r%C3%BC%C5%9Ft%C3%BC-m%C3%BC\u00a0<\/strong><\/em><\/p>\n<\/div>\n<\/div>\n<\/div>\n<\/div>\n<\/div>\n<\/div>\n<\/div>\n<\/div>\n<\/div>\n<\/div>\n<\/div>\n<\/article>\n<\/div>\n","protected":false},"excerpt":{"rendered":"<p>Lawrence, T\u00fcrkleri \u00e7ok iyi tan\u0131yordu ve Atat\u00fcrk ile bilhassa sava\u015f zaman\u0131nda y\u00fcz y\u00fcze kar\u015f\u0131la\u015fmam\u0131\u015ft\u0131. \u0130ddiay\u0131 ortaya atan Childs kaynak olarak Lawrence&#8217;\u0131 g\u00f6sterir. Childs&#8217;\u0131n eserinde ortaya att\u0131\u011f\u0131 iddialar\u0131n somut hi\u00e7bir delili bulunmaz. Mehmed Mazlum \u00c7elik\u00a0@MMazlumcel\u00a0celikmehmedmazlum@gmail.com\u00a0 Kolaj:\u00a0Independent T\u00fcrk\u00e7e 30 Eyl\u00fcl 1918 tarihinde\u00a0Lawrence, komutas\u0131ndaki Arap birliklerle \u015eam&#8217;a girdi\u011finde; T\u00fcrkiye Cumhuriyeti&#8217;nin kurucusu\u00a0Mustafa Kemal Atat\u00fcrk\u00a0yaln\u0131zca 12 g\u00fcn \u00f6nce b\u00f6lgedeki kararg\u00e2h\u0131ndan [&hellip;]<\/p>\n","protected":false},"author":7,"featured_media":70129,"comment_status":"open","ping_status":"open","sticky":false,"template":"","format":"standard","meta":{"footnotes":""},"categories":[1,70,20],"tags":[],"class_list":["post-70128","post","type-post","status-publish","format-standard","has-post-thumbnail","hentry","category-haberler","category-makaleler","category-tarih-sayfalari"],"yoast_head":"<!-- This site is optimized with the Yoast SEO plugin v27.4 - https:\/\/yoast.com\/product\/yoast-seo-wordpress\/ -->\n<title>Atat\u00fcrk ve Lawrence hi\u00e7 g\u00f6r\u00fc\u015ft\u00fc m\u00fc? - Bati Ermenistan Ve Bati Ermenileri Sorunlari Ara\u015ftirmalar Merkezi<\/title>\n<meta name=\"robots\" content=\"index, follow, max-snippet:-1, max-image-preview:large, max-video-preview:-1\" \/>\n<link rel=\"canonical\" href=\"https:\/\/akunq.net\/tr\/?p=70128\" \/>\n<meta property=\"og:locale\" content=\"en_US\" \/>\n<meta property=\"og:type\" content=\"article\" \/>\n<meta property=\"og:title\" content=\"Atat\u00fcrk ve Lawrence hi\u00e7 g\u00f6r\u00fc\u015ft\u00fc m\u00fc? - Bati Ermenistan Ve Bati Ermenileri Sorunlari Ara\u015ftirmalar Merkezi\" \/>\n<meta property=\"og:description\" content=\"Lawrence, T\u00fcrkleri \u00e7ok iyi tan\u0131yordu ve Atat\u00fcrk ile bilhassa sava\u015f zaman\u0131nda y\u00fcz y\u00fcze kar\u015f\u0131la\u015fmam\u0131\u015ft\u0131. \u0130ddiay\u0131 ortaya atan Childs kaynak olarak Lawrence&#8217;\u0131 g\u00f6sterir. Childs&#8217;\u0131n eserinde ortaya att\u0131\u011f\u0131 iddialar\u0131n somut hi\u00e7bir delili bulunmaz. Mehmed Mazlum \u00c7elik\u00a0@MMazlumcel\u00a0celikmehmedmazlum@gmail.com\u00a0 Kolaj:\u00a0Independent T\u00fcrk\u00e7e 30 Eyl\u00fcl 1918 tarihinde\u00a0Lawrence, komutas\u0131ndaki Arap birliklerle \u015eam&#8217;a girdi\u011finde; T\u00fcrkiye Cumhuriyeti&#8217;nin kurucusu\u00a0Mustafa Kemal Atat\u00fcrk\u00a0yaln\u0131zca 12 g\u00fcn \u00f6nce b\u00f6lgedeki kararg\u00e2h\u0131ndan [&hellip;]\" \/>\n<meta property=\"og:url\" content=\"https:\/\/akunq.net\/tr\/?p=70128\" \/>\n<meta property=\"og:site_name\" content=\"Bati Ermenistan Ve Bati Ermenileri Sorunlari Ara\u015ftirmalar Merkezi\" \/>\n<meta property=\"article:published_time\" content=\"2022-09-15T06:22:51+00:00\" \/>\n<meta property=\"og:image\" content=\"https:\/\/akunq.net\/tr\/wp-content\/uploads\/sites\/6\/2022\/09\/Ataturk-ve-Lawrence.jpg\" \/>\n\t<meta property=\"og:image:width\" content=\"1368\" \/>\n\t<meta property=\"og:image:height\" content=\"911\" \/>\n\t<meta property=\"og:image:type\" content=\"image\/jpeg\" \/>\n<meta name=\"author\" content=\"admin\" \/>\n<meta name=\"twitter:card\" content=\"summary_large_image\" \/>\n<meta name=\"twitter:label1\" content=\"Written by\" \/>\n\t<meta name=\"twitter:data1\" content=\"admin\" \/>\n\t<meta name=\"twitter:label2\" content=\"Est. reading time\" \/>\n\t<meta name=\"twitter:data2\" content=\"6 minutes\" \/>\n<script type=\"application\/ld+json\" class=\"yoast-schema-graph\">{\"@context\":\"https:\\\/\\\/schema.org\",\"@graph\":[{\"@type\":\"Article\",\"@id\":\"https:\\\/\\\/akunq.net\\\/tr\\\/?p=70128#article\",\"isPartOf\":{\"@id\":\"https:\\\/\\\/akunq.net\\\/tr\\\/?p=70128\"},\"author\":{\"name\":\"admin\",\"@id\":\"https:\\\/\\\/akunq.net\\\/tr\\\/#\\\/schema\\\/person\\\/096f1d38a12cce57fb855b485ed24c9e\"},\"headline\":\"Atat\u00fcrk ve Lawrence hi\u00e7 g\u00f6r\u00fc\u015ft\u00fc m\u00fc?\",\"datePublished\":\"2022-09-15T06:22:51+00:00\",\"mainEntityOfPage\":{\"@id\":\"https:\\\/\\\/akunq.net\\\/tr\\\/?p=70128\"},\"wordCount\":1303,\"commentCount\":0,\"image\":{\"@id\":\"https:\\\/\\\/akunq.net\\\/tr\\\/?p=70128#primaryimage\"},\"thumbnailUrl\":\"https:\\\/\\\/akunq.net\\\/tr\\\/wp-content\\\/uploads\\\/sites\\\/6\\\/2022\\\/09\\\/Ataturk-ve-Lawrence.jpg\",\"articleSection\":[\"Haberler\",\"Makaleler\",\"Tarih Sayfalar\u0131\"],\"inLanguage\":\"en-US\",\"potentialAction\":[{\"@type\":\"CommentAction\",\"name\":\"Comment\",\"target\":[\"https:\\\/\\\/akunq.net\\\/tr\\\/?p=70128#respond\"]}]},{\"@type\":\"WebPage\",\"@id\":\"https:\\\/\\\/akunq.net\\\/tr\\\/?p=70128\",\"url\":\"https:\\\/\\\/akunq.net\\\/tr\\\/?p=70128\",\"name\":\"Atat\u00fcrk ve Lawrence hi\u00e7 g\u00f6r\u00fc\u015ft\u00fc m\u00fc? - Bati Ermenistan Ve Bati Ermenileri Sorunlari Ara\u015ftirmalar Merkezi\",\"isPartOf\":{\"@id\":\"https:\\\/\\\/akunq.net\\\/tr\\\/#website\"},\"primaryImageOfPage\":{\"@id\":\"https:\\\/\\\/akunq.net\\\/tr\\\/?p=70128#primaryimage\"},\"image\":{\"@id\":\"https:\\\/\\\/akunq.net\\\/tr\\\/?p=70128#primaryimage\"},\"thumbnailUrl\":\"https:\\\/\\\/akunq.net\\\/tr\\\/wp-content\\\/uploads\\\/sites\\\/6\\\/2022\\\/09\\\/Ataturk-ve-Lawrence.jpg\",\"datePublished\":\"2022-09-15T06:22:51+00:00\",\"author\":{\"@id\":\"https:\\\/\\\/akunq.net\\\/tr\\\/#\\\/schema\\\/person\\\/096f1d38a12cce57fb855b485ed24c9e\"},\"breadcrumb\":{\"@id\":\"https:\\\/\\\/akunq.net\\\/tr\\\/?p=70128#breadcrumb\"},\"inLanguage\":\"en-US\",\"potentialAction\":[{\"@type\":\"ReadAction\",\"target\":[\"https:\\\/\\\/akunq.net\\\/tr\\\/?p=70128\"]}]},{\"@type\":\"ImageObject\",\"inLanguage\":\"en-US\",\"@id\":\"https:\\\/\\\/akunq.net\\\/tr\\\/?p=70128#primaryimage\",\"url\":\"https:\\\/\\\/akunq.net\\\/tr\\\/wp-content\\\/uploads\\\/sites\\\/6\\\/2022\\\/09\\\/Ataturk-ve-Lawrence.jpg\",\"contentUrl\":\"https:\\\/\\\/akunq.net\\\/tr\\\/wp-content\\\/uploads\\\/sites\\\/6\\\/2022\\\/09\\\/Ataturk-ve-Lawrence.jpg\",\"width\":1368,\"height\":911},{\"@type\":\"BreadcrumbList\",\"@id\":\"https:\\\/\\\/akunq.net\\\/tr\\\/?p=70128#breadcrumb\",\"itemListElement\":[{\"@type\":\"ListItem\",\"position\":1,\"name\":\"Home\",\"item\":\"https:\\\/\\\/akunq.net\\\/tr\"},{\"@type\":\"ListItem\",\"position\":2,\"name\":\"Atat\u00fcrk ve Lawrence hi\u00e7 g\u00f6r\u00fc\u015ft\u00fc m\u00fc?\"}]},{\"@type\":\"WebSite\",\"@id\":\"https:\\\/\\\/akunq.net\\\/tr\\\/#website\",\"url\":\"https:\\\/\\\/akunq.net\\\/tr\\\/\",\"name\":\"Bati Ermenistan Ve Bati Ermenileri Sorunlari Ara\u015ftirmalar Merkezi\",\"description\":\"\",\"potentialAction\":[{\"@type\":\"SearchAction\",\"target\":{\"@type\":\"EntryPoint\",\"urlTemplate\":\"https:\\\/\\\/akunq.net\\\/tr\\\/?s={search_term_string}\"},\"query-input\":{\"@type\":\"PropertyValueSpecification\",\"valueRequired\":true,\"valueName\":\"search_term_string\"}}],\"inLanguage\":\"en-US\"},{\"@type\":\"Person\",\"@id\":\"https:\\\/\\\/akunq.net\\\/tr\\\/#\\\/schema\\\/person\\\/096f1d38a12cce57fb855b485ed24c9e\",\"name\":\"admin\",\"url\":\"https:\\\/\\\/akunq.net\\\/tr\\\/?author=7\"}]}<\/script>\n<!-- \/ Yoast SEO plugin. -->","yoast_head_json":{"title":"Atat\u00fcrk ve Lawrence hi\u00e7 g\u00f6r\u00fc\u015ft\u00fc m\u00fc? - Bati Ermenistan Ve Bati Ermenileri Sorunlari Ara\u015ftirmalar Merkezi","robots":{"index":"index","follow":"follow","max-snippet":"max-snippet:-1","max-image-preview":"max-image-preview:large","max-video-preview":"max-video-preview:-1"},"canonical":"https:\/\/akunq.net\/tr\/?p=70128","og_locale":"en_US","og_type":"article","og_title":"Atat\u00fcrk ve Lawrence hi\u00e7 g\u00f6r\u00fc\u015ft\u00fc m\u00fc? - Bati Ermenistan Ve Bati Ermenileri Sorunlari Ara\u015ftirmalar Merkezi","og_description":"Lawrence, T\u00fcrkleri \u00e7ok iyi tan\u0131yordu ve Atat\u00fcrk ile bilhassa sava\u015f zaman\u0131nda y\u00fcz y\u00fcze kar\u015f\u0131la\u015fmam\u0131\u015ft\u0131. \u0130ddiay\u0131 ortaya atan Childs kaynak olarak Lawrence&#8217;\u0131 g\u00f6sterir. Childs&#8217;\u0131n eserinde ortaya att\u0131\u011f\u0131 iddialar\u0131n somut hi\u00e7bir delili bulunmaz. Mehmed Mazlum \u00c7elik\u00a0@MMazlumcel\u00a0celikmehmedmazlum@gmail.com\u00a0 Kolaj:\u00a0Independent T\u00fcrk\u00e7e 30 Eyl\u00fcl 1918 tarihinde\u00a0Lawrence, komutas\u0131ndaki Arap birliklerle \u015eam&#8217;a girdi\u011finde; T\u00fcrkiye Cumhuriyeti&#8217;nin kurucusu\u00a0Mustafa Kemal Atat\u00fcrk\u00a0yaln\u0131zca 12 g\u00fcn \u00f6nce b\u00f6lgedeki kararg\u00e2h\u0131ndan [&hellip;]","og_url":"https:\/\/akunq.net\/tr\/?p=70128","og_site_name":"Bati Ermenistan Ve Bati Ermenileri Sorunlari Ara\u015ftirmalar Merkezi","article_published_time":"2022-09-15T06:22:51+00:00","og_image":[{"width":1368,"height":911,"url":"https:\/\/akunq.net\/tr\/wp-content\/uploads\/sites\/6\/2022\/09\/Ataturk-ve-Lawrence.jpg","type":"image\/jpeg"}],"author":"admin","twitter_card":"summary_large_image","twitter_misc":{"Written by":"admin","Est. reading time":"6 minutes"},"schema":{"@context":"https:\/\/schema.org","@graph":[{"@type":"Article","@id":"https:\/\/akunq.net\/tr\/?p=70128#article","isPartOf":{"@id":"https:\/\/akunq.net\/tr\/?p=70128"},"author":{"name":"admin","@id":"https:\/\/akunq.net\/tr\/#\/schema\/person\/096f1d38a12cce57fb855b485ed24c9e"},"headline":"Atat\u00fcrk ve Lawrence hi\u00e7 g\u00f6r\u00fc\u015ft\u00fc m\u00fc?","datePublished":"2022-09-15T06:22:51+00:00","mainEntityOfPage":{"@id":"https:\/\/akunq.net\/tr\/?p=70128"},"wordCount":1303,"commentCount":0,"image":{"@id":"https:\/\/akunq.net\/tr\/?p=70128#primaryimage"},"thumbnailUrl":"https:\/\/akunq.net\/tr\/wp-content\/uploads\/sites\/6\/2022\/09\/Ataturk-ve-Lawrence.jpg","articleSection":["Haberler","Makaleler","Tarih Sayfalar\u0131"],"inLanguage":"en-US","potentialAction":[{"@type":"CommentAction","name":"Comment","target":["https:\/\/akunq.net\/tr\/?p=70128#respond"]}]},{"@type":"WebPage","@id":"https:\/\/akunq.net\/tr\/?p=70128","url":"https:\/\/akunq.net\/tr\/?p=70128","name":"Atat\u00fcrk ve Lawrence hi\u00e7 g\u00f6r\u00fc\u015ft\u00fc m\u00fc? - Bati Ermenistan Ve Bati Ermenileri Sorunlari Ara\u015ftirmalar Merkezi","isPartOf":{"@id":"https:\/\/akunq.net\/tr\/#website"},"primaryImageOfPage":{"@id":"https:\/\/akunq.net\/tr\/?p=70128#primaryimage"},"image":{"@id":"https:\/\/akunq.net\/tr\/?p=70128#primaryimage"},"thumbnailUrl":"https:\/\/akunq.net\/tr\/wp-content\/uploads\/sites\/6\/2022\/09\/Ataturk-ve-Lawrence.jpg","datePublished":"2022-09-15T06:22:51+00:00","author":{"@id":"https:\/\/akunq.net\/tr\/#\/schema\/person\/096f1d38a12cce57fb855b485ed24c9e"},"breadcrumb":{"@id":"https:\/\/akunq.net\/tr\/?p=70128#breadcrumb"},"inLanguage":"en-US","potentialAction":[{"@type":"ReadAction","target":["https:\/\/akunq.net\/tr\/?p=70128"]}]},{"@type":"ImageObject","inLanguage":"en-US","@id":"https:\/\/akunq.net\/tr\/?p=70128#primaryimage","url":"https:\/\/akunq.net\/tr\/wp-content\/uploads\/sites\/6\/2022\/09\/Ataturk-ve-Lawrence.jpg","contentUrl":"https:\/\/akunq.net\/tr\/wp-content\/uploads\/sites\/6\/2022\/09\/Ataturk-ve-Lawrence.jpg","width":1368,"height":911},{"@type":"BreadcrumbList","@id":"https:\/\/akunq.net\/tr\/?p=70128#breadcrumb","itemListElement":[{"@type":"ListItem","position":1,"name":"Home","item":"https:\/\/akunq.net\/tr"},{"@type":"ListItem","position":2,"name":"Atat\u00fcrk ve Lawrence hi\u00e7 g\u00f6r\u00fc\u015ft\u00fc m\u00fc?"}]},{"@type":"WebSite","@id":"https:\/\/akunq.net\/tr\/#website","url":"https:\/\/akunq.net\/tr\/","name":"Bati Ermenistan Ve Bati Ermenileri Sorunlari Ara\u015ftirmalar Merkezi","description":"","potentialAction":[{"@type":"SearchAction","target":{"@type":"EntryPoint","urlTemplate":"https:\/\/akunq.net\/tr\/?s={search_term_string}"},"query-input":{"@type":"PropertyValueSpecification","valueRequired":true,"valueName":"search_term_string"}}],"inLanguage":"en-US"},{"@type":"Person","@id":"https:\/\/akunq.net\/tr\/#\/schema\/person\/096f1d38a12cce57fb855b485ed24c9e","name":"admin","url":"https:\/\/akunq.net\/tr\/?author=7"}]}},"_links":{"self":[{"href":"https:\/\/akunq.net\/tr\/index.php?rest_route=\/wp\/v2\/posts\/70128","targetHints":{"allow":["GET"]}}],"collection":[{"href":"https:\/\/akunq.net\/tr\/index.php?rest_route=\/wp\/v2\/posts"}],"about":[{"href":"https:\/\/akunq.net\/tr\/index.php?rest_route=\/wp\/v2\/types\/post"}],"author":[{"embeddable":true,"href":"https:\/\/akunq.net\/tr\/index.php?rest_route=\/wp\/v2\/users\/7"}],"replies":[{"embeddable":true,"href":"https:\/\/akunq.net\/tr\/index.php?rest_route=%2Fwp%2Fv2%2Fcomments&post=70128"}],"version-history":[{"count":1,"href":"https:\/\/akunq.net\/tr\/index.php?rest_route=\/wp\/v2\/posts\/70128\/revisions"}],"predecessor-version":[{"id":70130,"href":"https:\/\/akunq.net\/tr\/index.php?rest_route=\/wp\/v2\/posts\/70128\/revisions\/70130"}],"wp:featuredmedia":[{"embeddable":true,"href":"https:\/\/akunq.net\/tr\/index.php?rest_route=\/wp\/v2\/media\/70129"}],"wp:attachment":[{"href":"https:\/\/akunq.net\/tr\/index.php?rest_route=%2Fwp%2Fv2%2Fmedia&parent=70128"}],"wp:term":[{"taxonomy":"category","embeddable":true,"href":"https:\/\/akunq.net\/tr\/index.php?rest_route=%2Fwp%2Fv2%2Fcategories&post=70128"},{"taxonomy":"post_tag","embeddable":true,"href":"https:\/\/akunq.net\/tr\/index.php?rest_route=%2Fwp%2Fv2%2Ftags&post=70128"}],"curies":[{"name":"wp","href":"https:\/\/api.w.org\/{rel}","templated":true}]}}