{"id":70078,"date":"2022-09-13T02:02:19","date_gmt":"2022-09-13T07:02:19","guid":{"rendered":"https:\/\/akunq.net\/tr\/?p=70078"},"modified":"2022-09-13T02:02:19","modified_gmt":"2022-09-13T07:02:19","slug":"konyada-tesadufen-antik-yeralti-sehri-kesfedildi","status":"publish","type":"post","link":"https:\/\/akunq.net\/tr\/?p=70078","title":{"rendered":"Konya\u2019da tesad\u00fcfen antik yeralt\u0131 \u015fehri ke\u015ffedildi"},"content":{"rendered":"<p><img loading=\"lazy\" decoding=\"async\" class=\"aligncenter size-medium wp-image-70079\" src=\"https:\/\/akunq.net\/tr\/wp-content\/uploads\/2022\/09\/Konya-360x203.webp\" alt=\"\" width=\"360\" height=\"203\" srcset=\"https:\/\/akunq.net\/tr\/wp-content\/uploads\/sites\/6\/2022\/09\/Konya-360x203.webp 360w, https:\/\/akunq.net\/tr\/wp-content\/uploads\/sites\/6\/2022\/09\/Konya-768x432.webp 768w, https:\/\/akunq.net\/tr\/wp-content\/uploads\/sites\/6\/2022\/09\/Konya-560x315.webp 560w, https:\/\/akunq.net\/tr\/wp-content\/uploads\/sites\/6\/2022\/09\/Konya-260x146.webp 260w, https:\/\/akunq.net\/tr\/wp-content\/uploads\/sites\/6\/2022\/09\/Konya-160x90.webp 160w, https:\/\/akunq.net\/tr\/wp-content\/uploads\/sites\/6\/2022\/09\/Konya.webp 800w\" sizes=\"auto, (max-width: 360px) 100vw, 360px\" \/><\/p>\n<p><em><strong>Konya\u2019n\u0131n Saray\u00f6n\u00fc il\u00e7esinde altyap\u0131 \u00e7al\u0131\u015fmalar\u0131 s\u0131ras\u0131nda ortaya \u00e7\u0131kan erken Bizans d\u00f6nemine ait yeralt\u0131 \u015fehrinin turizme kazand\u0131r\u0131lmas\u0131 i\u00e7in \u00e7al\u0131\u015fma ba\u015flat\u0131ld\u0131.\u00a0<\/strong><\/em><\/p>\n<p>\u0130lk belirlemelere g\u00f6re 5 bin metrekare alana yay\u0131ld\u0131\u011f\u0131 tespit edilen yeralt\u0131 \u015fehrinin s\u0131n\u0131rlar\u0131n\u0131n, b\u00f6lgede y\u00fcr\u00fct\u00fclen y\u00fczey ara\u015ft\u0131rmalar\u0131na g\u00f6re \u00e7al\u0131\u015fmalar ilerledik\u00e7e daha da geni\u015fleyebilece\u011fi \u00f6ng\u00f6r\u00fcl\u00fcyor.<br \/>\nOday\u0131 and\u0131ran ya\u015fam alanlar\u0131nda, su kuyular\u0131, ocaklar, bacalar, ayd\u0131nlatma i\u00e7in kandil yerleri, kilerler, havaland\u0131rma delikleri bulunan yerin ge\u00e7mi\u015fi, elde edilen ilk materyallere g\u00f6re 8. y\u00fczy\u0131la tarihlendiriliyor.<br \/>\nKonya M\u00fczeler M\u00fcd\u00fcrl\u00fc\u011f\u00fc Arkeolo\u011fu ve Kaz\u0131 Ba\u015fkan\u0131 Hasan U\u011fuz, AA muhabirine, altyap\u0131 \u00e7al\u0131\u015fmalar\u0131 s\u0131ras\u0131nda bulunan alanda yer yer olu\u015fan g\u00f6\u00e7\u00fcklerin temizlenmesiyle \u015fu ana kadar 8 ya\u015fam alan\u0131 ortaya \u00e7\u0131kard\u0131klar\u0131n\u0131 s\u00f6yledi.<br \/>\nU\u011fuz, bulgulara g\u00f6re Hristiyan yerel halk\u0131n, 150 y\u0131l s\u00fcren ak\u0131nlardan korunmak i\u00e7in 8. y\u00fczy\u0131lda yer alt\u0131 \u015fehrini kulland\u0131\u011f\u0131n\u0131 tespit ettiklerini dile getirdi. Kaz\u0131, temizlik ve haritaland\u0131rma \u00e7al\u0131\u015fmalar\u0131n\u0131 e\u015f zamanl\u0131 s\u00fcrd\u00fcrd\u00fcklerini aktaran U\u011fuz, \u201cHarita m\u00fchendisleri yer \u00fcst\u00fcyle yeralt\u0131n\u0131 \u00e7ak\u0131\u015ft\u0131rarak \u00e7al\u0131\u015fmalar\u0131n\u0131 s\u00fcrd\u00fcr\u00fcyor. \u00c7\u0131kard\u0131\u011f\u0131m\u0131z haritalarla \u015fimdilik 5 bin metrekarelik bir alana yay\u0131ld\u0131\u011f\u0131n\u0131 s\u00f6yleyebiliriz.<br \/>\nYeralt\u0131nda mekanlar var ve mekanlar\u0131 birbirine ba\u011flayan galeriler var. Galeriler olduk\u00e7a k\u00fc\u00e7\u00fck. Bu da bize insanlar\u0131n \u00e7ok iyi beslenemedi\u011fini ve k\u00fc\u00e7\u00fck yap\u0131da olduklar\u0131n\u0131 g\u00f6steriyor\u201d \u015feklinde konu\u015ftu.<\/p>\n<hr \/>\n<p><em><strong><a href=\"https:\/\/t24.com.tr\/foto-haber\/konya-da-tesadufen-antik-yeralti-sehri-kesfedildi,17624\" target=\"_blank\" rel=\"noopener\">T24<\/a>\u00a0<\/strong><\/em><\/p>\n","protected":false},"excerpt":{"rendered":"<p>Konya\u2019n\u0131n Saray\u00f6n\u00fc il\u00e7esinde altyap\u0131 \u00e7al\u0131\u015fmalar\u0131 s\u0131ras\u0131nda ortaya \u00e7\u0131kan erken Bizans d\u00f6nemine ait yeralt\u0131 \u015fehrinin turizme kazand\u0131r\u0131lmas\u0131 i\u00e7in \u00e7al\u0131\u015fma ba\u015flat\u0131ld\u0131.\u00a0 \u0130lk belirlemelere g\u00f6re 5 bin metrekare alana yay\u0131ld\u0131\u011f\u0131 tespit edilen yeralt\u0131 \u015fehrinin s\u0131n\u0131rlar\u0131n\u0131n, b\u00f6lgede y\u00fcr\u00fct\u00fclen y\u00fczey ara\u015ft\u0131rmalar\u0131na g\u00f6re \u00e7al\u0131\u015fmalar ilerledik\u00e7e daha da geni\u015fleyebilece\u011fi \u00f6ng\u00f6r\u00fcl\u00fcyor. Oday\u0131 and\u0131ran ya\u015fam alanlar\u0131nda, su kuyular\u0131, ocaklar, bacalar, ayd\u0131nlatma i\u00e7in kandil yerleri, [&hellip;]<\/p>\n","protected":false},"author":7,"featured_media":70080,"comment_status":"open","ping_status":"open","sticky":false,"template":"","format":"standard","meta":{"footnotes":""},"categories":[1],"tags":[],"class_list":["post-70078","post","type-post","status-publish","format-standard","has-post-thumbnail","hentry","category-haberler"],"yoast_head":"<!-- This site is optimized with the Yoast SEO plugin v27.4 - https:\/\/yoast.com\/product\/yoast-seo-wordpress\/ -->\n<title>Konya\u2019da tesad\u00fcfen antik yeralt\u0131 \u015fehri ke\u015ffedildi - Bati Ermenistan Ve Bati Ermenileri Sorunlari Ara\u015ftirmalar Merkezi<\/title>\n<meta name=\"robots\" content=\"index, follow, max-snippet:-1, max-image-preview:large, max-video-preview:-1\" \/>\n<link rel=\"canonical\" href=\"https:\/\/akunq.net\/tr\/?p=70078\" \/>\n<meta property=\"og:locale\" content=\"en_US\" \/>\n<meta property=\"og:type\" content=\"article\" \/>\n<meta property=\"og:title\" content=\"Konya\u2019da tesad\u00fcfen antik yeralt\u0131 \u015fehri ke\u015ffedildi - Bati Ermenistan Ve Bati Ermenileri Sorunlari Ara\u015ftirmalar Merkezi\" \/>\n<meta property=\"og:description\" content=\"Konya\u2019n\u0131n Saray\u00f6n\u00fc il\u00e7esinde altyap\u0131 \u00e7al\u0131\u015fmalar\u0131 s\u0131ras\u0131nda ortaya \u00e7\u0131kan erken Bizans d\u00f6nemine ait yeralt\u0131 \u015fehrinin turizme kazand\u0131r\u0131lmas\u0131 i\u00e7in \u00e7al\u0131\u015fma ba\u015flat\u0131ld\u0131.\u00a0 \u0130lk belirlemelere g\u00f6re 5 bin metrekare alana yay\u0131ld\u0131\u011f\u0131 tespit edilen yeralt\u0131 \u015fehrinin s\u0131n\u0131rlar\u0131n\u0131n, b\u00f6lgede y\u00fcr\u00fct\u00fclen y\u00fczey ara\u015ft\u0131rmalar\u0131na g\u00f6re \u00e7al\u0131\u015fmalar ilerledik\u00e7e daha da geni\u015fleyebilece\u011fi \u00f6ng\u00f6r\u00fcl\u00fcyor. Oday\u0131 and\u0131ran ya\u015fam alanlar\u0131nda, su kuyular\u0131, ocaklar, bacalar, ayd\u0131nlatma i\u00e7in kandil yerleri, [&hellip;]\" \/>\n<meta property=\"og:url\" content=\"https:\/\/akunq.net\/tr\/?p=70078\" \/>\n<meta property=\"og:site_name\" content=\"Bati Ermenistan Ve Bati Ermenileri Sorunlari Ara\u015ftirmalar Merkezi\" \/>\n<meta property=\"article:published_time\" content=\"2022-09-13T07:02:19+00:00\" \/>\n<meta property=\"og:image\" content=\"https:\/\/akunq.net\/tr\/wp-content\/uploads\/sites\/6\/2022\/09\/Konya-1.webp\" \/>\n\t<meta property=\"og:image:width\" content=\"800\" \/>\n\t<meta property=\"og:image:height\" content=\"450\" \/>\n\t<meta property=\"og:image:type\" content=\"image\/webp\" \/>\n<meta name=\"author\" content=\"admin\" \/>\n<meta name=\"twitter:card\" content=\"summary_large_image\" \/>\n<meta name=\"twitter:label1\" content=\"Written by\" \/>\n\t<meta name=\"twitter:data1\" content=\"admin\" \/>\n\t<meta name=\"twitter:label2\" content=\"Est. reading time\" \/>\n\t<meta name=\"twitter:data2\" content=\"1 minute\" \/>\n<script type=\"application\/ld+json\" class=\"yoast-schema-graph\">{\"@context\":\"https:\\\/\\\/schema.org\",\"@graph\":[{\"@type\":\"Article\",\"@id\":\"https:\\\/\\\/akunq.net\\\/tr\\\/?p=70078#article\",\"isPartOf\":{\"@id\":\"https:\\\/\\\/akunq.net\\\/tr\\\/?p=70078\"},\"author\":{\"name\":\"admin\",\"@id\":\"https:\\\/\\\/akunq.net\\\/tr\\\/#\\\/schema\\\/person\\\/096f1d38a12cce57fb855b485ed24c9e\"},\"headline\":\"Konya\u2019da tesad\u00fcfen antik yeralt\u0131 \u015fehri ke\u015ffedildi\",\"datePublished\":\"2022-09-13T07:02:19+00:00\",\"mainEntityOfPage\":{\"@id\":\"https:\\\/\\\/akunq.net\\\/tr\\\/?p=70078\"},\"wordCount\":284,\"commentCount\":0,\"image\":{\"@id\":\"https:\\\/\\\/akunq.net\\\/tr\\\/?p=70078#primaryimage\"},\"thumbnailUrl\":\"https:\\\/\\\/akunq.net\\\/tr\\\/wp-content\\\/uploads\\\/sites\\\/6\\\/2022\\\/09\\\/Konya-1.webp\",\"articleSection\":[\"Haberler\"],\"inLanguage\":\"en-US\",\"potentialAction\":[{\"@type\":\"CommentAction\",\"name\":\"Comment\",\"target\":[\"https:\\\/\\\/akunq.net\\\/tr\\\/?p=70078#respond\"]}]},{\"@type\":\"WebPage\",\"@id\":\"https:\\\/\\\/akunq.net\\\/tr\\\/?p=70078\",\"url\":\"https:\\\/\\\/akunq.net\\\/tr\\\/?p=70078\",\"name\":\"Konya\u2019da tesad\u00fcfen antik yeralt\u0131 \u015fehri ke\u015ffedildi - Bati Ermenistan Ve Bati Ermenileri Sorunlari Ara\u015ftirmalar Merkezi\",\"isPartOf\":{\"@id\":\"https:\\\/\\\/akunq.net\\\/tr\\\/#website\"},\"primaryImageOfPage\":{\"@id\":\"https:\\\/\\\/akunq.net\\\/tr\\\/?p=70078#primaryimage\"},\"image\":{\"@id\":\"https:\\\/\\\/akunq.net\\\/tr\\\/?p=70078#primaryimage\"},\"thumbnailUrl\":\"https:\\\/\\\/akunq.net\\\/tr\\\/wp-content\\\/uploads\\\/sites\\\/6\\\/2022\\\/09\\\/Konya-1.webp\",\"datePublished\":\"2022-09-13T07:02:19+00:00\",\"author\":{\"@id\":\"https:\\\/\\\/akunq.net\\\/tr\\\/#\\\/schema\\\/person\\\/096f1d38a12cce57fb855b485ed24c9e\"},\"breadcrumb\":{\"@id\":\"https:\\\/\\\/akunq.net\\\/tr\\\/?p=70078#breadcrumb\"},\"inLanguage\":\"en-US\",\"potentialAction\":[{\"@type\":\"ReadAction\",\"target\":[\"https:\\\/\\\/akunq.net\\\/tr\\\/?p=70078\"]}]},{\"@type\":\"ImageObject\",\"inLanguage\":\"en-US\",\"@id\":\"https:\\\/\\\/akunq.net\\\/tr\\\/?p=70078#primaryimage\",\"url\":\"https:\\\/\\\/akunq.net\\\/tr\\\/wp-content\\\/uploads\\\/sites\\\/6\\\/2022\\\/09\\\/Konya-1.webp\",\"contentUrl\":\"https:\\\/\\\/akunq.net\\\/tr\\\/wp-content\\\/uploads\\\/sites\\\/6\\\/2022\\\/09\\\/Konya-1.webp\",\"width\":800,\"height\":450},{\"@type\":\"BreadcrumbList\",\"@id\":\"https:\\\/\\\/akunq.net\\\/tr\\\/?p=70078#breadcrumb\",\"itemListElement\":[{\"@type\":\"ListItem\",\"position\":1,\"name\":\"Home\",\"item\":\"https:\\\/\\\/akunq.net\\\/tr\"},{\"@type\":\"ListItem\",\"position\":2,\"name\":\"Konya\u2019da tesad\u00fcfen antik yeralt\u0131 \u015fehri ke\u015ffedildi\"}]},{\"@type\":\"WebSite\",\"@id\":\"https:\\\/\\\/akunq.net\\\/tr\\\/#website\",\"url\":\"https:\\\/\\\/akunq.net\\\/tr\\\/\",\"name\":\"Bati Ermenistan Ve Bati Ermenileri Sorunlari Ara\u015ftirmalar Merkezi\",\"description\":\"\",\"potentialAction\":[{\"@type\":\"SearchAction\",\"target\":{\"@type\":\"EntryPoint\",\"urlTemplate\":\"https:\\\/\\\/akunq.net\\\/tr\\\/?s={search_term_string}\"},\"query-input\":{\"@type\":\"PropertyValueSpecification\",\"valueRequired\":true,\"valueName\":\"search_term_string\"}}],\"inLanguage\":\"en-US\"},{\"@type\":\"Person\",\"@id\":\"https:\\\/\\\/akunq.net\\\/tr\\\/#\\\/schema\\\/person\\\/096f1d38a12cce57fb855b485ed24c9e\",\"name\":\"admin\",\"url\":\"https:\\\/\\\/akunq.net\\\/tr\\\/?author=7\"}]}<\/script>\n<!-- \/ Yoast SEO plugin. -->","yoast_head_json":{"title":"Konya\u2019da tesad\u00fcfen antik yeralt\u0131 \u015fehri ke\u015ffedildi - Bati Ermenistan Ve Bati Ermenileri Sorunlari Ara\u015ftirmalar Merkezi","robots":{"index":"index","follow":"follow","max-snippet":"max-snippet:-1","max-image-preview":"max-image-preview:large","max-video-preview":"max-video-preview:-1"},"canonical":"https:\/\/akunq.net\/tr\/?p=70078","og_locale":"en_US","og_type":"article","og_title":"Konya\u2019da tesad\u00fcfen antik yeralt\u0131 \u015fehri ke\u015ffedildi - Bati Ermenistan Ve Bati Ermenileri Sorunlari Ara\u015ftirmalar Merkezi","og_description":"Konya\u2019n\u0131n Saray\u00f6n\u00fc il\u00e7esinde altyap\u0131 \u00e7al\u0131\u015fmalar\u0131 s\u0131ras\u0131nda ortaya \u00e7\u0131kan erken Bizans d\u00f6nemine ait yeralt\u0131 \u015fehrinin turizme kazand\u0131r\u0131lmas\u0131 i\u00e7in \u00e7al\u0131\u015fma ba\u015flat\u0131ld\u0131.\u00a0 \u0130lk belirlemelere g\u00f6re 5 bin metrekare alana yay\u0131ld\u0131\u011f\u0131 tespit edilen yeralt\u0131 \u015fehrinin s\u0131n\u0131rlar\u0131n\u0131n, b\u00f6lgede y\u00fcr\u00fct\u00fclen y\u00fczey ara\u015ft\u0131rmalar\u0131na g\u00f6re \u00e7al\u0131\u015fmalar ilerledik\u00e7e daha da geni\u015fleyebilece\u011fi \u00f6ng\u00f6r\u00fcl\u00fcyor. Oday\u0131 and\u0131ran ya\u015fam alanlar\u0131nda, su kuyular\u0131, ocaklar, bacalar, ayd\u0131nlatma i\u00e7in kandil yerleri, [&hellip;]","og_url":"https:\/\/akunq.net\/tr\/?p=70078","og_site_name":"Bati Ermenistan Ve Bati Ermenileri Sorunlari Ara\u015ftirmalar Merkezi","article_published_time":"2022-09-13T07:02:19+00:00","og_image":[{"width":800,"height":450,"url":"https:\/\/akunq.net\/tr\/wp-content\/uploads\/sites\/6\/2022\/09\/Konya-1.webp","type":"image\/webp"}],"author":"admin","twitter_card":"summary_large_image","twitter_misc":{"Written by":"admin","Est. reading time":"1 minute"},"schema":{"@context":"https:\/\/schema.org","@graph":[{"@type":"Article","@id":"https:\/\/akunq.net\/tr\/?p=70078#article","isPartOf":{"@id":"https:\/\/akunq.net\/tr\/?p=70078"},"author":{"name":"admin","@id":"https:\/\/akunq.net\/tr\/#\/schema\/person\/096f1d38a12cce57fb855b485ed24c9e"},"headline":"Konya\u2019da tesad\u00fcfen antik yeralt\u0131 \u015fehri ke\u015ffedildi","datePublished":"2022-09-13T07:02:19+00:00","mainEntityOfPage":{"@id":"https:\/\/akunq.net\/tr\/?p=70078"},"wordCount":284,"commentCount":0,"image":{"@id":"https:\/\/akunq.net\/tr\/?p=70078#primaryimage"},"thumbnailUrl":"https:\/\/akunq.net\/tr\/wp-content\/uploads\/sites\/6\/2022\/09\/Konya-1.webp","articleSection":["Haberler"],"inLanguage":"en-US","potentialAction":[{"@type":"CommentAction","name":"Comment","target":["https:\/\/akunq.net\/tr\/?p=70078#respond"]}]},{"@type":"WebPage","@id":"https:\/\/akunq.net\/tr\/?p=70078","url":"https:\/\/akunq.net\/tr\/?p=70078","name":"Konya\u2019da tesad\u00fcfen antik yeralt\u0131 \u015fehri ke\u015ffedildi - Bati Ermenistan Ve Bati Ermenileri Sorunlari Ara\u015ftirmalar Merkezi","isPartOf":{"@id":"https:\/\/akunq.net\/tr\/#website"},"primaryImageOfPage":{"@id":"https:\/\/akunq.net\/tr\/?p=70078#primaryimage"},"image":{"@id":"https:\/\/akunq.net\/tr\/?p=70078#primaryimage"},"thumbnailUrl":"https:\/\/akunq.net\/tr\/wp-content\/uploads\/sites\/6\/2022\/09\/Konya-1.webp","datePublished":"2022-09-13T07:02:19+00:00","author":{"@id":"https:\/\/akunq.net\/tr\/#\/schema\/person\/096f1d38a12cce57fb855b485ed24c9e"},"breadcrumb":{"@id":"https:\/\/akunq.net\/tr\/?p=70078#breadcrumb"},"inLanguage":"en-US","potentialAction":[{"@type":"ReadAction","target":["https:\/\/akunq.net\/tr\/?p=70078"]}]},{"@type":"ImageObject","inLanguage":"en-US","@id":"https:\/\/akunq.net\/tr\/?p=70078#primaryimage","url":"https:\/\/akunq.net\/tr\/wp-content\/uploads\/sites\/6\/2022\/09\/Konya-1.webp","contentUrl":"https:\/\/akunq.net\/tr\/wp-content\/uploads\/sites\/6\/2022\/09\/Konya-1.webp","width":800,"height":450},{"@type":"BreadcrumbList","@id":"https:\/\/akunq.net\/tr\/?p=70078#breadcrumb","itemListElement":[{"@type":"ListItem","position":1,"name":"Home","item":"https:\/\/akunq.net\/tr"},{"@type":"ListItem","position":2,"name":"Konya\u2019da tesad\u00fcfen antik yeralt\u0131 \u015fehri ke\u015ffedildi"}]},{"@type":"WebSite","@id":"https:\/\/akunq.net\/tr\/#website","url":"https:\/\/akunq.net\/tr\/","name":"Bati Ermenistan Ve Bati Ermenileri Sorunlari Ara\u015ftirmalar Merkezi","description":"","potentialAction":[{"@type":"SearchAction","target":{"@type":"EntryPoint","urlTemplate":"https:\/\/akunq.net\/tr\/?s={search_term_string}"},"query-input":{"@type":"PropertyValueSpecification","valueRequired":true,"valueName":"search_term_string"}}],"inLanguage":"en-US"},{"@type":"Person","@id":"https:\/\/akunq.net\/tr\/#\/schema\/person\/096f1d38a12cce57fb855b485ed24c9e","name":"admin","url":"https:\/\/akunq.net\/tr\/?author=7"}]}},"_links":{"self":[{"href":"https:\/\/akunq.net\/tr\/index.php?rest_route=\/wp\/v2\/posts\/70078","targetHints":{"allow":["GET"]}}],"collection":[{"href":"https:\/\/akunq.net\/tr\/index.php?rest_route=\/wp\/v2\/posts"}],"about":[{"href":"https:\/\/akunq.net\/tr\/index.php?rest_route=\/wp\/v2\/types\/post"}],"author":[{"embeddable":true,"href":"https:\/\/akunq.net\/tr\/index.php?rest_route=\/wp\/v2\/users\/7"}],"replies":[{"embeddable":true,"href":"https:\/\/akunq.net\/tr\/index.php?rest_route=%2Fwp%2Fv2%2Fcomments&post=70078"}],"version-history":[{"count":1,"href":"https:\/\/akunq.net\/tr\/index.php?rest_route=\/wp\/v2\/posts\/70078\/revisions"}],"predecessor-version":[{"id":70081,"href":"https:\/\/akunq.net\/tr\/index.php?rest_route=\/wp\/v2\/posts\/70078\/revisions\/70081"}],"wp:featuredmedia":[{"embeddable":true,"href":"https:\/\/akunq.net\/tr\/index.php?rest_route=\/wp\/v2\/media\/70080"}],"wp:attachment":[{"href":"https:\/\/akunq.net\/tr\/index.php?rest_route=%2Fwp%2Fv2%2Fmedia&parent=70078"}],"wp:term":[{"taxonomy":"category","embeddable":true,"href":"https:\/\/akunq.net\/tr\/index.php?rest_route=%2Fwp%2Fv2%2Fcategories&post=70078"},{"taxonomy":"post_tag","embeddable":true,"href":"https:\/\/akunq.net\/tr\/index.php?rest_route=%2Fwp%2Fv2%2Ftags&post=70078"}],"curies":[{"name":"wp","href":"https:\/\/api.w.org\/{rel}","templated":true}]}}