{"id":70016,"date":"2022-09-08T02:51:34","date_gmt":"2022-09-08T07:51:34","guid":{"rendered":"https:\/\/akunq.net\/tr\/?p=70016"},"modified":"2022-09-08T02:51:34","modified_gmt":"2022-09-08T07:51:34","slug":"turkiyedeki-ortodoks-gencliginin-ilk-kongresi-gerceklesti","status":"publish","type":"post","link":"https:\/\/akunq.net\/tr\/?p=70016","title":{"rendered":"T\u00fcrkiye\u2019deki Ortodoks Gen\u00e7li\u011fi\u2019nin \u0130lk Kongresi Ger\u00e7ekle\u015fti"},"content":{"rendered":"<p><em><strong>T\u00fcrkiye\u2019deki Ortodoks Gen\u00e7li\u011fi\u2019nin 1. Kongresi 1-4 Eyl\u00fcl\u2019de \u0130stanbul\u2019da ger\u00e7ekle\u015fti. 4 g\u00fcn s\u00fcren kongrede, Ortodoks gen\u00e7lerin yan\u0131 s\u0131ra di\u011fer mezheplerden de bir\u00e7ok gen\u00e7 bulundu.\u00a0<\/strong><\/em><\/p>\n<figure class=\"wp-block-image\"><img decoding=\"async\" class=\"wp-image-68063\" src=\"https:\/\/i0.wp.com\/haber.sat7turk.com\/wp-content\/uploads\/2022\/09\/Ortodoks-Gencliginin-Ilk-Kongresi-3-1024x683.jpeg?resize=1024%2C683&amp;ssl=1\" alt=\"\" data-recalc-dims=\"1\" \/><\/figure>\n<p>1 Eyl\u00fcl Per\u015fembe g\u00fcn\u00fc ba\u015flayan kongrede, gen\u00e7ler sabah\u0131n erken saatlerinde, Patrikhane Aya Yorgi Kutsal Kilisesi\u2019ne giderek, Kilise Y\u0131l\u0131 Ba\u015flang\u0131c\u0131n\u0131n\u00a0<em>(\u0130ndiktos \u2013 Bizans takvimi r\u00fct\u00fceline g\u00f6re)<\/em>\u00a0ayinini kutlad\u0131lar. Kat\u0131l\u0131mc\u0131lar, \u0130mroz ve Tenedos Metropoliti Say\u0131n Kirillos taraf\u0131ndan kar\u015f\u0131land\u0131lar. Kat\u0131l\u0131mc\u0131lar, \u0130mroz ve Tenedos Metropoliti Say\u0131n Kirillos taraf\u0131ndan kar\u015f\u0131lan\u0131p, takdim edildiler.<\/p>\n<figure class=\"wp-block-image\"><img decoding=\"async\" class=\"wp-image-68067\" src=\"https:\/\/i0.wp.com\/haber.sat7turk.com\/wp-content\/uploads\/2022\/09\/Ortodoks-Gencliginin-Ilk-Kongresi-4-1024x683.jpeg?resize=1024%2C683&amp;ssl=1\" alt=\"\" data-recalc-dims=\"1\" \/><\/figure>\n<p>Ek\u00fcmenik Patrik Bartholomeos taraf\u0131ndan a\u00e7\u0131l\u0131\u015f konu\u015fmas\u0131 ger\u00e7ekle\u015ftirilirken Nea Krini ve Kalamaria Metropoliti Say\u0131n \u0130ustinos taraf\u0131ndan ger\u00e7ekle\u015ftirilen \u201cHristos her \u015feydir\u201d kitab\u0131n\u0131n tan\u0131t\u0131m\u0131 ile ilk g\u00fcn sona erdi.\u00a0<em>(Hania Hrisopi\u011fi de bulunan Kutsal Stavropi\u011fiaki Manast\u0131r\u0131 bas\u0131mevinde T\u00fcrk\u00e7e bas\u0131lm\u0131\u015f olan \u201cAziz Porfirios\u2019 un Hayat ve S\u00f6zleri\u201d kitab\u0131ndan al\u0131nt\u0131lar.)<\/em><\/p>\n<figure class=\"wp-block-image\"><img decoding=\"async\" class=\"wp-image-68064\" src=\"https:\/\/i0.wp.com\/haber.sat7turk.com\/wp-content\/uploads\/2022\/09\/Ortodoks-Gencliginin-Ilk-Kongresi--1024x683.jpeg?resize=1024%2C683&amp;ssl=1\" alt=\"\" data-recalc-dims=\"1\" \/><\/figure>\n<p>2 Eyl\u00fcl Cuma g\u00fcn\u00fc ise, Silivri Metropoliti Say\u0131n Maksimos\u2019un\u00a0<em>\u201c\u00c7a\u011fda\u015f Toplumda Gen\u00e7ler\u201d\u00a0<\/em>ba\u015fl\u0131kl\u0131 sunumu ile ba\u015flad\u0131, Protopresviteros Peder Stavros Kofinas\u2019\u0131n,\u00a0<em>\u201cFarkl\u0131 bir d\u00fcnyada farkl\u0131 biri olarak ya\u015famak\u201d<\/em>\u00a0ba\u015fl\u0131kl\u0131 sunumu devam etti. Sabah sunumlar\u0131, Say\u0131n Nektarios Kalancis\u2019in\u00a0<em>\u201cAvrupa\u2019da Ortodoks Gen\u00e7ler\u201d\u00a0<\/em>ba\u015fl\u0131kl\u0131 sunumu ile son buldu. Yap\u0131lan sunumlar hakk\u0131nda gen\u00e7lerin sorular\u0131 cevapland\u0131. \u0130kinci sabah toplant\u0131s\u0131 Derkon Metropoliti Say\u0131n Apostolos\u2019un,\u00a0<em>\u201cEk\u00fcmenik Patrikhanenin Yeni Ayd\u0131nlanm\u0131\u015f Ortodokslara Kar\u015f\u0131 Ruhani \u00c7obanl\u0131k Sorumlulu\u011fu\u201d<\/em>\u00a0ba\u015fl\u0131kl\u0131 sunumu ile ba\u015flad\u0131. Thiatira ve B\u00fcy\u00fck Britanya Metropoliti Say\u0131n Nikitas\u2019\u0131n\u00a0<em>\u201cGen\u00e7ler i\u00e7in bir \u00f6zde\u015fim nesnesi olarak Hristos\u201d<\/em>; Merkurios G\u00f6rkem Erg\u00fcl\u2019\u00fcn,\u00a0<em>\u201cT\u00fcrkiye\u2019 de Ortodoks Gen\u00e7ler i\u00e7in Gelecek\u201d<\/em>\u00a0ba\u015fl\u0131kl\u0131 sunumlar\u0131 ile son buldu. Yap\u0131lan sunumlar hakk\u0131nda gen\u00e7lerin sorular\u0131 cevapland\u0131.<\/p>\n<figure class=\"wp-block-image\"><img decoding=\"async\" class=\"wp-image-68065\" src=\"https:\/\/i0.wp.com\/haber.sat7turk.com\/wp-content\/uploads\/2022\/09\/Ortodoks-Gencliginin-Ilk-Kongresi-2-1024x683.jpeg?resize=1024%2C683&amp;ssl=1\" alt=\"\" data-recalc-dims=\"1\" \/><\/figure>\n<p>\u00d6\u011fleden sonra oturumlar\u0131, Say\u0131n Prof. Konstantinos Gavro\u011flu\u2019nun\u00a0<em>\u201cGen\u00e7lik ve Dijital \u00c7a\u011f\u0131n Meydan Okumas\u0131\u201d<\/em>\u00a0ba\u015fl\u0131kl\u0131 sunumu ile ba\u015flad\u0131. Fransa Solan\u2019 da bulunan Meryem Ana Manast\u0131r\u0131 Ba\u015fke\u015fi\u015fesi Ke\u015fi\u015fe \u0130pantia da\u00a0<em>\u201cHristiyan Bat\u0131da Gen\u00e7ler\u201d<\/em>\u00a0ba\u015fl\u0131kl\u0131 bir konu\u015fma ger\u00e7ekle\u015ftirdi. Ar\u00e7imandrit Peder Polikarpos Theofanis\u2019in\u00a0<em>\u201cYaz mevsimi, Gen\u00e7lerin manevi yenilenme f\u0131rsat ve imk\u00e2nlar\u0131\u201d<\/em>ba\u015fl\u0131kl\u0131 sunumu ile bu oturumlar da sona erdi. Yap\u0131lan sunumlar hakk\u0131nda gen\u00e7lerin sorular\u0131 cevapland\u0131.<\/p>\n<p>\u00d6\u011fleden sonra oturumlar\u0131, Prof. Konstantinos Delikonstantis\u2019 in\u00a0<em>\u201cG\u00fcn\u00fcm\u00fczde dinin i\u015flevleri. Felsefi bir yakla\u015f\u0131m\u201d<\/em>\u00a0konulu sunumu ile ba\u015flad\u0131, Maria Savvaki\u2019 nin\u00a0<em>\u201cK\u00fcreselle\u015fmede \u015eah\u0131s Kavram\u0131\u201d<\/em>; Dr. \u0130oannis Papahristu\u2019nun<em>\u00a0\u201cBizans Felsefesi Ba\u015flang\u0131c\u0131\u201d\u00a0<\/em>konulu sunumlar\u0131yla g\u00fcn tamamland\u0131. Yap\u0131lan sunumlar hakk\u0131nda gen\u00e7lerin sorular\u0131 cevapland\u0131.<\/p>\n<p>\u0130kinci ve \u00fc\u00e7\u00fcnc\u00fc g\u00fcnlerde de \u00e7ok de\u011ferli konu\u015fmac\u0131lar\u0131n sunumlar\u0131 ger\u00e7ekle\u015fti ve sunumlardan sonra kat\u0131l\u0131mc\u0131lar\u0131n sorular\u0131 cevapland\u0131. Son g\u00fcne gelindi\u011finde ise\u00a0Heybeliada\u2019daki Kutsal Ruhban Okulu\u2019na hareket eden gen\u00e7ler, ayine kat\u0131ld\u0131lar. \u0130mroz ve Tenedos Metropoliti Say\u0131n Kirillos taraf\u0131nda sunum ve konu\u015fma ger\u00e7ekle\u015fti. Kongreyi Bitirme Oturumu ile\u00a0T\u00fcrkiye\u2019deki Ortodoks Gen\u00e7li\u011fi \u0130lk Kongresi son buldu.<\/p>\n<p><em><strong><a href=\"https:\/\/haber.sat7turk.com\/turkiyedeki-ortodoks-gencliginin-ilk-kongresi-gerceklesti\/\">https:\/\/haber.sat7turk.com\/turkiyedeki-ortodoks-gencliginin-ilk-kongresi-gerceklesti\/<\/a><\/strong><\/em><\/p>\n<div class=\"sharedaddy sd-sharing-enabled\">\n<div class=\"robots-nocontent sd-block sd-social sd-social-icon-text sd-sharing\">\n<h3 class=\"sd-title\"><\/h3>\n<\/div>\n<\/div>\n","protected":false},"excerpt":{"rendered":"<p>T\u00fcrkiye\u2019deki Ortodoks Gen\u00e7li\u011fi\u2019nin 1. Kongresi 1-4 Eyl\u00fcl\u2019de \u0130stanbul\u2019da ger\u00e7ekle\u015fti. 4 g\u00fcn s\u00fcren kongrede, Ortodoks gen\u00e7lerin yan\u0131 s\u0131ra di\u011fer mezheplerden de bir\u00e7ok gen\u00e7 bulundu.\u00a0 1 Eyl\u00fcl Per\u015fembe g\u00fcn\u00fc ba\u015flayan kongrede, gen\u00e7ler sabah\u0131n erken saatlerinde, Patrikhane Aya Yorgi Kutsal Kilisesi\u2019ne giderek, Kilise Y\u0131l\u0131 Ba\u015flang\u0131c\u0131n\u0131n\u00a0(\u0130ndiktos \u2013 Bizans takvimi r\u00fct\u00fceline g\u00f6re)\u00a0ayinini kutlad\u0131lar. Kat\u0131l\u0131mc\u0131lar, \u0130mroz ve Tenedos Metropoliti Say\u0131n Kirillos [&hellip;]<\/p>\n","protected":false},"author":7,"featured_media":70017,"comment_status":"open","ping_status":"open","sticky":false,"template":"","format":"standard","meta":{"footnotes":""},"categories":[1],"tags":[],"class_list":["post-70016","post","type-post","status-publish","format-standard","has-post-thumbnail","hentry","category-haberler"],"yoast_head":"<!-- This site is optimized with the Yoast SEO plugin v27.4 - https:\/\/yoast.com\/product\/yoast-seo-wordpress\/ -->\n<title>T\u00fcrkiye\u2019deki Ortodoks Gen\u00e7li\u011fi\u2019nin \u0130lk Kongresi Ger\u00e7ekle\u015fti - Bati Ermenistan Ve Bati Ermenileri Sorunlari Ara\u015ftirmalar Merkezi<\/title>\n<meta name=\"robots\" content=\"index, follow, max-snippet:-1, max-image-preview:large, max-video-preview:-1\" \/>\n<link rel=\"canonical\" href=\"https:\/\/akunq.net\/tr\/?p=70016\" \/>\n<meta property=\"og:locale\" content=\"en_US\" \/>\n<meta property=\"og:type\" content=\"article\" \/>\n<meta property=\"og:title\" content=\"T\u00fcrkiye\u2019deki Ortodoks Gen\u00e7li\u011fi\u2019nin \u0130lk Kongresi Ger\u00e7ekle\u015fti - Bati Ermenistan Ve Bati Ermenileri Sorunlari Ara\u015ftirmalar Merkezi\" \/>\n<meta property=\"og:description\" content=\"T\u00fcrkiye\u2019deki Ortodoks Gen\u00e7li\u011fi\u2019nin 1. Kongresi 1-4 Eyl\u00fcl\u2019de \u0130stanbul\u2019da ger\u00e7ekle\u015fti. 4 g\u00fcn s\u00fcren kongrede, Ortodoks gen\u00e7lerin yan\u0131 s\u0131ra di\u011fer mezheplerden de bir\u00e7ok gen\u00e7 bulundu.\u00a0 1 Eyl\u00fcl Per\u015fembe g\u00fcn\u00fc ba\u015flayan kongrede, gen\u00e7ler sabah\u0131n erken saatlerinde, Patrikhane Aya Yorgi Kutsal Kilisesi\u2019ne giderek, Kilise Y\u0131l\u0131 Ba\u015flang\u0131c\u0131n\u0131n\u00a0(\u0130ndiktos \u2013 Bizans takvimi r\u00fct\u00fceline g\u00f6re)\u00a0ayinini kutlad\u0131lar. Kat\u0131l\u0131mc\u0131lar, \u0130mroz ve Tenedos Metropoliti Say\u0131n Kirillos [&hellip;]\" \/>\n<meta property=\"og:url\" content=\"https:\/\/akunq.net\/tr\/?p=70016\" \/>\n<meta property=\"og:site_name\" content=\"Bati Ermenistan Ve Bati Ermenileri Sorunlari Ara\u015ftirmalar Merkezi\" \/>\n<meta property=\"article:published_time\" content=\"2022-09-08T07:51:34+00:00\" \/>\n<meta property=\"og:image\" content=\"https:\/\/akunq.net\/tr\/wp-content\/uploads\/sites\/6\/2022\/09\/Ortodoks-Gencliginin-Ilk-Kongresi-4-1024x683-1.webp\" \/>\n\t<meta property=\"og:image:width\" content=\"1024\" \/>\n\t<meta property=\"og:image:height\" content=\"683\" \/>\n\t<meta property=\"og:image:type\" content=\"image\/webp\" \/>\n<meta name=\"author\" content=\"admin\" \/>\n<meta name=\"twitter:card\" content=\"summary_large_image\" \/>\n<meta name=\"twitter:label1\" content=\"Written by\" \/>\n\t<meta name=\"twitter:data1\" content=\"admin\" \/>\n\t<meta name=\"twitter:label2\" content=\"Est. reading time\" \/>\n\t<meta name=\"twitter:data2\" content=\"3 minutes\" \/>\n<script type=\"application\/ld+json\" class=\"yoast-schema-graph\">{\"@context\":\"https:\\\/\\\/schema.org\",\"@graph\":[{\"@type\":\"Article\",\"@id\":\"https:\\\/\\\/akunq.net\\\/tr\\\/?p=70016#article\",\"isPartOf\":{\"@id\":\"https:\\\/\\\/akunq.net\\\/tr\\\/?p=70016\"},\"author\":{\"name\":\"admin\",\"@id\":\"https:\\\/\\\/akunq.net\\\/tr\\\/#\\\/schema\\\/person\\\/096f1d38a12cce57fb855b485ed24c9e\"},\"headline\":\"T\u00fcrkiye\u2019deki Ortodoks Gen\u00e7li\u011fi\u2019nin \u0130lk Kongresi Ger\u00e7ekle\u015fti\",\"datePublished\":\"2022-09-08T07:51:34+00:00\",\"mainEntityOfPage\":{\"@id\":\"https:\\\/\\\/akunq.net\\\/tr\\\/?p=70016\"},\"wordCount\":582,\"commentCount\":0,\"image\":{\"@id\":\"https:\\\/\\\/akunq.net\\\/tr\\\/?p=70016#primaryimage\"},\"thumbnailUrl\":\"https:\\\/\\\/akunq.net\\\/tr\\\/wp-content\\\/uploads\\\/sites\\\/6\\\/2022\\\/09\\\/Ortodoks-Gencliginin-Ilk-Kongresi-4-1024x683-1.webp\",\"articleSection\":[\"Haberler\"],\"inLanguage\":\"en-US\",\"potentialAction\":[{\"@type\":\"CommentAction\",\"name\":\"Comment\",\"target\":[\"https:\\\/\\\/akunq.net\\\/tr\\\/?p=70016#respond\"]}]},{\"@type\":\"WebPage\",\"@id\":\"https:\\\/\\\/akunq.net\\\/tr\\\/?p=70016\",\"url\":\"https:\\\/\\\/akunq.net\\\/tr\\\/?p=70016\",\"name\":\"T\u00fcrkiye\u2019deki Ortodoks Gen\u00e7li\u011fi\u2019nin \u0130lk Kongresi Ger\u00e7ekle\u015fti - Bati Ermenistan Ve Bati Ermenileri Sorunlari Ara\u015ftirmalar Merkezi\",\"isPartOf\":{\"@id\":\"https:\\\/\\\/akunq.net\\\/tr\\\/#website\"},\"primaryImageOfPage\":{\"@id\":\"https:\\\/\\\/akunq.net\\\/tr\\\/?p=70016#primaryimage\"},\"image\":{\"@id\":\"https:\\\/\\\/akunq.net\\\/tr\\\/?p=70016#primaryimage\"},\"thumbnailUrl\":\"https:\\\/\\\/akunq.net\\\/tr\\\/wp-content\\\/uploads\\\/sites\\\/6\\\/2022\\\/09\\\/Ortodoks-Gencliginin-Ilk-Kongresi-4-1024x683-1.webp\",\"datePublished\":\"2022-09-08T07:51:34+00:00\",\"author\":{\"@id\":\"https:\\\/\\\/akunq.net\\\/tr\\\/#\\\/schema\\\/person\\\/096f1d38a12cce57fb855b485ed24c9e\"},\"breadcrumb\":{\"@id\":\"https:\\\/\\\/akunq.net\\\/tr\\\/?p=70016#breadcrumb\"},\"inLanguage\":\"en-US\",\"potentialAction\":[{\"@type\":\"ReadAction\",\"target\":[\"https:\\\/\\\/akunq.net\\\/tr\\\/?p=70016\"]}]},{\"@type\":\"ImageObject\",\"inLanguage\":\"en-US\",\"@id\":\"https:\\\/\\\/akunq.net\\\/tr\\\/?p=70016#primaryimage\",\"url\":\"https:\\\/\\\/akunq.net\\\/tr\\\/wp-content\\\/uploads\\\/sites\\\/6\\\/2022\\\/09\\\/Ortodoks-Gencliginin-Ilk-Kongresi-4-1024x683-1.webp\",\"contentUrl\":\"https:\\\/\\\/akunq.net\\\/tr\\\/wp-content\\\/uploads\\\/sites\\\/6\\\/2022\\\/09\\\/Ortodoks-Gencliginin-Ilk-Kongresi-4-1024x683-1.webp\",\"width\":1024,\"height\":683},{\"@type\":\"BreadcrumbList\",\"@id\":\"https:\\\/\\\/akunq.net\\\/tr\\\/?p=70016#breadcrumb\",\"itemListElement\":[{\"@type\":\"ListItem\",\"position\":1,\"name\":\"Home\",\"item\":\"https:\\\/\\\/akunq.net\\\/tr\"},{\"@type\":\"ListItem\",\"position\":2,\"name\":\"T\u00fcrkiye\u2019deki Ortodoks Gen\u00e7li\u011fi\u2019nin \u0130lk Kongresi Ger\u00e7ekle\u015fti\"}]},{\"@type\":\"WebSite\",\"@id\":\"https:\\\/\\\/akunq.net\\\/tr\\\/#website\",\"url\":\"https:\\\/\\\/akunq.net\\\/tr\\\/\",\"name\":\"Bati Ermenistan Ve Bati Ermenileri Sorunlari Ara\u015ftirmalar Merkezi\",\"description\":\"\",\"potentialAction\":[{\"@type\":\"SearchAction\",\"target\":{\"@type\":\"EntryPoint\",\"urlTemplate\":\"https:\\\/\\\/akunq.net\\\/tr\\\/?s={search_term_string}\"},\"query-input\":{\"@type\":\"PropertyValueSpecification\",\"valueRequired\":true,\"valueName\":\"search_term_string\"}}],\"inLanguage\":\"en-US\"},{\"@type\":\"Person\",\"@id\":\"https:\\\/\\\/akunq.net\\\/tr\\\/#\\\/schema\\\/person\\\/096f1d38a12cce57fb855b485ed24c9e\",\"name\":\"admin\",\"url\":\"https:\\\/\\\/akunq.net\\\/tr\\\/?author=7\"}]}<\/script>\n<!-- \/ Yoast SEO plugin. -->","yoast_head_json":{"title":"T\u00fcrkiye\u2019deki Ortodoks Gen\u00e7li\u011fi\u2019nin \u0130lk Kongresi Ger\u00e7ekle\u015fti - Bati Ermenistan Ve Bati Ermenileri Sorunlari Ara\u015ftirmalar Merkezi","robots":{"index":"index","follow":"follow","max-snippet":"max-snippet:-1","max-image-preview":"max-image-preview:large","max-video-preview":"max-video-preview:-1"},"canonical":"https:\/\/akunq.net\/tr\/?p=70016","og_locale":"en_US","og_type":"article","og_title":"T\u00fcrkiye\u2019deki Ortodoks Gen\u00e7li\u011fi\u2019nin \u0130lk Kongresi Ger\u00e7ekle\u015fti - Bati Ermenistan Ve Bati Ermenileri Sorunlari Ara\u015ftirmalar Merkezi","og_description":"T\u00fcrkiye\u2019deki Ortodoks Gen\u00e7li\u011fi\u2019nin 1. Kongresi 1-4 Eyl\u00fcl\u2019de \u0130stanbul\u2019da ger\u00e7ekle\u015fti. 4 g\u00fcn s\u00fcren kongrede, Ortodoks gen\u00e7lerin yan\u0131 s\u0131ra di\u011fer mezheplerden de bir\u00e7ok gen\u00e7 bulundu.\u00a0 1 Eyl\u00fcl Per\u015fembe g\u00fcn\u00fc ba\u015flayan kongrede, gen\u00e7ler sabah\u0131n erken saatlerinde, Patrikhane Aya Yorgi Kutsal Kilisesi\u2019ne giderek, Kilise Y\u0131l\u0131 Ba\u015flang\u0131c\u0131n\u0131n\u00a0(\u0130ndiktos \u2013 Bizans takvimi r\u00fct\u00fceline g\u00f6re)\u00a0ayinini kutlad\u0131lar. Kat\u0131l\u0131mc\u0131lar, \u0130mroz ve Tenedos Metropoliti Say\u0131n Kirillos [&hellip;]","og_url":"https:\/\/akunq.net\/tr\/?p=70016","og_site_name":"Bati Ermenistan Ve Bati Ermenileri Sorunlari Ara\u015ftirmalar Merkezi","article_published_time":"2022-09-08T07:51:34+00:00","og_image":[{"width":1024,"height":683,"url":"https:\/\/akunq.net\/tr\/wp-content\/uploads\/sites\/6\/2022\/09\/Ortodoks-Gencliginin-Ilk-Kongresi-4-1024x683-1.webp","type":"image\/webp"}],"author":"admin","twitter_card":"summary_large_image","twitter_misc":{"Written by":"admin","Est. reading time":"3 minutes"},"schema":{"@context":"https:\/\/schema.org","@graph":[{"@type":"Article","@id":"https:\/\/akunq.net\/tr\/?p=70016#article","isPartOf":{"@id":"https:\/\/akunq.net\/tr\/?p=70016"},"author":{"name":"admin","@id":"https:\/\/akunq.net\/tr\/#\/schema\/person\/096f1d38a12cce57fb855b485ed24c9e"},"headline":"T\u00fcrkiye\u2019deki Ortodoks Gen\u00e7li\u011fi\u2019nin \u0130lk Kongresi Ger\u00e7ekle\u015fti","datePublished":"2022-09-08T07:51:34+00:00","mainEntityOfPage":{"@id":"https:\/\/akunq.net\/tr\/?p=70016"},"wordCount":582,"commentCount":0,"image":{"@id":"https:\/\/akunq.net\/tr\/?p=70016#primaryimage"},"thumbnailUrl":"https:\/\/akunq.net\/tr\/wp-content\/uploads\/sites\/6\/2022\/09\/Ortodoks-Gencliginin-Ilk-Kongresi-4-1024x683-1.webp","articleSection":["Haberler"],"inLanguage":"en-US","potentialAction":[{"@type":"CommentAction","name":"Comment","target":["https:\/\/akunq.net\/tr\/?p=70016#respond"]}]},{"@type":"WebPage","@id":"https:\/\/akunq.net\/tr\/?p=70016","url":"https:\/\/akunq.net\/tr\/?p=70016","name":"T\u00fcrkiye\u2019deki Ortodoks Gen\u00e7li\u011fi\u2019nin \u0130lk Kongresi Ger\u00e7ekle\u015fti - Bati Ermenistan Ve Bati Ermenileri Sorunlari Ara\u015ftirmalar Merkezi","isPartOf":{"@id":"https:\/\/akunq.net\/tr\/#website"},"primaryImageOfPage":{"@id":"https:\/\/akunq.net\/tr\/?p=70016#primaryimage"},"image":{"@id":"https:\/\/akunq.net\/tr\/?p=70016#primaryimage"},"thumbnailUrl":"https:\/\/akunq.net\/tr\/wp-content\/uploads\/sites\/6\/2022\/09\/Ortodoks-Gencliginin-Ilk-Kongresi-4-1024x683-1.webp","datePublished":"2022-09-08T07:51:34+00:00","author":{"@id":"https:\/\/akunq.net\/tr\/#\/schema\/person\/096f1d38a12cce57fb855b485ed24c9e"},"breadcrumb":{"@id":"https:\/\/akunq.net\/tr\/?p=70016#breadcrumb"},"inLanguage":"en-US","potentialAction":[{"@type":"ReadAction","target":["https:\/\/akunq.net\/tr\/?p=70016"]}]},{"@type":"ImageObject","inLanguage":"en-US","@id":"https:\/\/akunq.net\/tr\/?p=70016#primaryimage","url":"https:\/\/akunq.net\/tr\/wp-content\/uploads\/sites\/6\/2022\/09\/Ortodoks-Gencliginin-Ilk-Kongresi-4-1024x683-1.webp","contentUrl":"https:\/\/akunq.net\/tr\/wp-content\/uploads\/sites\/6\/2022\/09\/Ortodoks-Gencliginin-Ilk-Kongresi-4-1024x683-1.webp","width":1024,"height":683},{"@type":"BreadcrumbList","@id":"https:\/\/akunq.net\/tr\/?p=70016#breadcrumb","itemListElement":[{"@type":"ListItem","position":1,"name":"Home","item":"https:\/\/akunq.net\/tr"},{"@type":"ListItem","position":2,"name":"T\u00fcrkiye\u2019deki Ortodoks Gen\u00e7li\u011fi\u2019nin \u0130lk Kongresi Ger\u00e7ekle\u015fti"}]},{"@type":"WebSite","@id":"https:\/\/akunq.net\/tr\/#website","url":"https:\/\/akunq.net\/tr\/","name":"Bati Ermenistan Ve Bati Ermenileri Sorunlari Ara\u015ftirmalar Merkezi","description":"","potentialAction":[{"@type":"SearchAction","target":{"@type":"EntryPoint","urlTemplate":"https:\/\/akunq.net\/tr\/?s={search_term_string}"},"query-input":{"@type":"PropertyValueSpecification","valueRequired":true,"valueName":"search_term_string"}}],"inLanguage":"en-US"},{"@type":"Person","@id":"https:\/\/akunq.net\/tr\/#\/schema\/person\/096f1d38a12cce57fb855b485ed24c9e","name":"admin","url":"https:\/\/akunq.net\/tr\/?author=7"}]}},"_links":{"self":[{"href":"https:\/\/akunq.net\/tr\/index.php?rest_route=\/wp\/v2\/posts\/70016","targetHints":{"allow":["GET"]}}],"collection":[{"href":"https:\/\/akunq.net\/tr\/index.php?rest_route=\/wp\/v2\/posts"}],"about":[{"href":"https:\/\/akunq.net\/tr\/index.php?rest_route=\/wp\/v2\/types\/post"}],"author":[{"embeddable":true,"href":"https:\/\/akunq.net\/tr\/index.php?rest_route=\/wp\/v2\/users\/7"}],"replies":[{"embeddable":true,"href":"https:\/\/akunq.net\/tr\/index.php?rest_route=%2Fwp%2Fv2%2Fcomments&post=70016"}],"version-history":[{"count":1,"href":"https:\/\/akunq.net\/tr\/index.php?rest_route=\/wp\/v2\/posts\/70016\/revisions"}],"predecessor-version":[{"id":70018,"href":"https:\/\/akunq.net\/tr\/index.php?rest_route=\/wp\/v2\/posts\/70016\/revisions\/70018"}],"wp:featuredmedia":[{"embeddable":true,"href":"https:\/\/akunq.net\/tr\/index.php?rest_route=\/wp\/v2\/media\/70017"}],"wp:attachment":[{"href":"https:\/\/akunq.net\/tr\/index.php?rest_route=%2Fwp%2Fv2%2Fmedia&parent=70016"}],"wp:term":[{"taxonomy":"category","embeddable":true,"href":"https:\/\/akunq.net\/tr\/index.php?rest_route=%2Fwp%2Fv2%2Fcategories&post=70016"},{"taxonomy":"post_tag","embeddable":true,"href":"https:\/\/akunq.net\/tr\/index.php?rest_route=%2Fwp%2Fv2%2Ftags&post=70016"}],"curies":[{"name":"wp","href":"https:\/\/api.w.org\/{rel}","templated":true}]}}