{"id":69938,"date":"2022-09-05T05:43:17","date_gmt":"2022-09-05T10:43:17","guid":{"rendered":"https:\/\/akunq.net\/tr\/?p=69938"},"modified":"2022-09-05T05:43:17","modified_gmt":"2022-09-05T10:43:17","slug":"garo-paylan-vanda-fatih-altayliya-seslendi-tapuyu-devret","status":"publish","type":"post","link":"https:\/\/akunq.net\/tr\/?p=69938","title":{"rendered":"Garo Paylan Van\u2019da Fatih Altayl\u0131\u2019ya seslendi:  Tapuyu devret"},"content":{"rendered":"<p><img loading=\"lazy\" decoding=\"async\" class=\"aligncenter size-medium wp-image-69939\" src=\"https:\/\/akunq.net\/tr\/wp-content\/uploads\/2022\/09\/\u0553\u0561\u0575\u056c\u0561\u0576-360x238.jpg\" alt=\"\" width=\"360\" height=\"238\" srcset=\"https:\/\/akunq.net\/tr\/wp-content\/uploads\/sites\/6\/2022\/09\/\u0553\u0561\u0575\u056c\u0561\u0576-360x238.jpg 360w, https:\/\/akunq.net\/tr\/wp-content\/uploads\/sites\/6\/2022\/09\/\u0553\u0561\u0575\u056c\u0561\u0576-260x172.jpg 260w, https:\/\/akunq.net\/tr\/wp-content\/uploads\/sites\/6\/2022\/09\/\u0553\u0561\u0575\u056c\u0561\u0576-160x106.jpg 160w, https:\/\/akunq.net\/tr\/wp-content\/uploads\/sites\/6\/2022\/09\/\u0553\u0561\u0575\u056c\u0561\u0576.jpg 545w\" sizes=\"auto, (max-width: 360px) 100vw, 360px\" \/><\/p>\n<p><em><strong>HDP milletvekili Garo Paylan Van ve \u00e7evresindeki tarihi kiliseleri, manast\u0131rlar\u0131 ve Ermeni k\u00fclt\u00fcrel miras\u0131n\u0131 inceledi. Bir manast\u0131r kompleksinin tapusunu elinde bulunduran gazeteci Fatih Altayl\u0131\u2019ya tapuyu devretme, yetkililere de mirasa sahip \u00e7\u0131k\u0131lmas\u0131 \u00e7a\u011fr\u0131s\u0131nda bulundu.<\/strong><\/em><\/p>\n<p>Y\u0131k\u0131lmaya terk edilen kilise ve manast\u0131rlar\u0131n durumunu incelemek i\u00e7in Van\u2019da bulunan Halklar\u0131n Demokratik Partisi (<a href=\"https:\/\/www.serhatnews.com\/\">HDP<\/a>) Diyarbak\u0131r Milletvekili Garo Paylan, bak\u0131ms\u0131zl\u0131ktan ya da yarat\u0131lan tahribattan dolay\u0131s\u0131 ile yok olma tehlikesi ile kar\u015f\u0131 kar\u015f\u0131ya olan kilise ve manast\u0131rlar\u0131 inceledi. Van\u2019daki Varakavank Manast\u0131r\u0131\u2019n\u0131n restore edilmesi i\u00e7in defalarca K\u00fclt\u00fcr Bakanl\u0131\u011f\u0131\u2019na ba\u015fvuru yapt\u0131klar\u0131n\u0131 ifade eden Paylan, bakanl\u0131\u011f\u0131n \u00f6zel m\u00fclkiyet olmas\u0131n\u0131 gerek\u00e7e g\u00f6stererek bu talebi her seferinde reddetti\u011fini s\u00f6yledi ve \u015f\u00f6yle devam etti: \u201cBiz de diyoruz ki o \u00f6zel m\u00fclkiyet kimdeyse buray\u0131 iade etsin. \u00d6\u011freniyoruz ki buras\u0131 gazeteci\u00a0<a href=\"https:\/\/www.serhatnews.com\/\">Fatih Altayl\u0131\u2019<\/a>n\u0131n m\u00fclk\u00fc. \u015eunu anlam\u0131yorum. Bir gazetecinin, T\u00fcrkiyeli bir gazetecinin niye manast\u0131r\u0131 olur\u201d diye sordu.<\/p>\n<p>+Ger\u00e7ek muhabiri Remzi Budancir\u2019e\u00a0konu\u015fan\u00a0Paylan \u015f\u00f6yle devam etti: \u201cBuras\u0131 binlerce ruhban\u0131n yeti\u015febildi\u011fi \u00e7ok \u00f6nemli ruhani kompleks. Bu kompleks y\u0131k\u0131lmaya terkedilmi\u015f durumda. Say\u0131n Fatih Altayl\u0131 e\u011fer buray\u0131 bir an \u00f6nce\u00a0<a href=\"https:\/\/www.serhatnews.com\/\">Ermeni Patrikhanesi\u00a0<\/a>ya da K\u00fclt\u00fcr Bakanl\u0131\u011f\u0131\u2019na devrederse buras\u0131 restore edilecek. Aksi takdirde buras\u0131 y\u0131k\u0131lmaya terkedilecek. Bir an \u00f6nce buran\u0131n tapusu devredilirse bu manast\u0131r kurtulacak. Buradan say\u0131n Fatih Altayl\u0131\u2019ya \u00e7a\u011fr\u0131da bulunuyorum. Tapusu sizin ad\u0131n\u0131za olan, nas\u0131l oldu\u011funu bilmedi\u011fim bir \u015fekilde \u00fczerinizde olan bu manast\u0131r\u0131n m\u00fclkiyetini K\u00fclt\u00fcr Bakanl\u0131\u011f\u0131\u2019na yada Ermeni Patrikhanesine devredin ki bu bahane ortadan kalks\u0131n. Bu k\u00fclt\u00fcrel varl\u0131k ayakta kalabilsin\u201d<\/p>\n<p>Paylan, \u201cErmeni halk\u0131 \u00e7ok ciddi bir medeniyet yaratm\u0131\u015f. Binlerce k\u00fclt\u00fcrel varl\u0131\u011f\u0131, manast\u0131rlar\u0131, kiliseleri, okullar\u0131 ve hastaneleri var. Bu k\u00fclt\u00fcrel varl\u0131klar maalesef Ermeni halk\u0131 yok edildikten sonra, geride kalan k\u00fclt\u00fcrel varl\u0131klarda bilin\u00e7li politikalarla yok edildi. Devlet eliyle organize edilen bir vandalizm kar\u015f\u0131s\u0131nda b\u00fcy\u00fck oranda binlerce y\u0131ll\u0131k bu k\u00fclt\u00fcrel varl\u0131ktan \u00e7ok az say\u0131da varl\u0131\u011f\u0131n izi kald\u0131. \u00c7ok az ayakta kalabilen varl\u0131k kald\u0131. \u00c7\u00fcnk\u00fc bunlar \u00e7ok iyi ta\u015f i\u015f\u00e7ili\u011fi yap\u0131lan varl\u0131klar ayakta kalabildi. Ama art\u0131k son nefeslerini ya\u015f\u0131yor bu varl\u0131klar. E\u011fer birka\u00e7 y\u0131l i\u00e7erisinde korumak anlam\u0131nda bunlara m\u00fcdahale edilmezse bu geride kalanlara, geride pek bir \u015fey kalmayacak\u201d dedi.<\/p>\n<h2>Ankara\u2019da g\u00f6r\u00fc\u015fmeler yap\u0131lacak<\/h2>\n<p>Bu seyahatte buradaki yap\u0131lar\u0131 g\u00f6rmek, bunlar\u0131 yerinde inceleyerek bu sorunu g\u00fcndeme ta\u015f\u0131mak i\u00e7in \u00e7\u0131kt\u0131\u011f\u0131n\u0131 anlatan Paylan, \u015funlar\u0131 s\u00f6yledi:<\/p>\n<p>\u201cAnkara\u2019ya d\u00f6ner d\u00f6nmez bunlar\u0131 g\u00fcndeme getirece\u011fim. H\u00fck\u00fcmetle, K\u00fclt\u00fcr Bakanl\u0131\u011f\u0131yla da bu konuyu g\u00f6r\u00fc\u015fece\u011fim. Bir an \u00f6nce bu ad\u0131mlar\u0131 at\u0131n diyece\u011fim. Ermeni meselesi sert bir mesele olarak g\u00f6r\u00fcl\u00fcyor. Ermeni halk\u0131ndan bir \u015fekilde ya\u015fad\u0131klar\u0131 felaketten dolay\u0131, bunu nas\u0131l adland\u0131rmay\u0131 bir kenara koyup, Ermeni halk\u0131 ile y\u00fczle\u015fmek istiyorsa, onlar\u0131n g\u00f6n\u00fcllerindeki yaray\u0131 iyile\u015ftirmek istiyorsan\u0131z en az\u0131ndan b\u00f6yle ad\u0131mlar at\u0131n. \u00c7ok b\u00fcy\u00fck tazminatlar \u015funlar bunlar dillendiriliyor ama esas mesele g\u00f6n\u00fcllerdeki yaray\u0131 ancak yaraland\u0131\u011f\u0131m\u0131z yerde iyile\u015ftirebilirsiniz. Buras\u0131 da \u00f6yle bir yer. Yedi Kilisenin aya\u011fa kald\u0131r\u0131lmas\u0131 Ermeni halk\u0131n\u0131n g\u00f6nl\u00fcndeki yaray\u0131 biraz daha iyile\u015ftirecektir. Akhtamar Kilisesi restore edildi evet \u00f6nemli ama binlerce Akhtamar var T\u00fcrkiye genelinde. Van\u2019da y\u00fczlerce Akhtamar var kurtar\u0131lmay\u0131 bekleyen.\u201d<\/p>\n<p>Paylan, Ba\u015fkale\u2019deki Surp Bartholomeos Manast\u0131r\u0131 i\u00e7in de, \u201cManast\u0131r\u0131n tamam\u0131 \u00e7\u00f6km\u00fc\u015f durumda. Bir tek giri\u015f kap\u0131s\u0131 ve yan cephesi ayakta, ama kubbesi \u00e7\u00f6km\u00fc\u015f durumda. Bu manast\u0131r bin 600 y\u0131ld\u0131r ayakta duruyordu, ama son y\u00fczy\u0131lda yok edilmeye terk edildi ve bilin\u00e7li olarak yok ediliyor\u201d dedi.<\/p>\n<p><em><strong>Serhat News<\/strong><\/em><\/p>\n<p><em><strong>https:\/\/www.serhatnews.com\/garo-paylan-vanda-fatih-altayliya-seslendi-tapuyu-devret.html\u00a0<\/strong><\/em><\/p>\n","protected":false},"excerpt":{"rendered":"<p>HDP milletvekili Garo Paylan Van ve \u00e7evresindeki tarihi kiliseleri, manast\u0131rlar\u0131 ve Ermeni k\u00fclt\u00fcrel miras\u0131n\u0131 inceledi. Bir manast\u0131r kompleksinin tapusunu elinde bulunduran gazeteci Fatih Altayl\u0131\u2019ya tapuyu devretme, yetkililere de mirasa sahip \u00e7\u0131k\u0131lmas\u0131 \u00e7a\u011fr\u0131s\u0131nda bulundu. Y\u0131k\u0131lmaya terk edilen kilise ve manast\u0131rlar\u0131n durumunu incelemek i\u00e7in Van\u2019da bulunan Halklar\u0131n Demokratik Partisi (HDP) Diyarbak\u0131r Milletvekili Garo Paylan, bak\u0131ms\u0131zl\u0131ktan ya da [&hellip;]<\/p>\n","protected":false},"author":7,"featured_media":69939,"comment_status":"open","ping_status":"open","sticky":false,"template":"","format":"standard","meta":{"footnotes":""},"categories":[22,1,9],"tags":[],"class_list":["post-69938","post","type-post","status-publish","format-standard","has-post-thumbnail","hentry","category-gunumuzde-bati-ermenistan","category-haberler","category-haklarimiz"],"yoast_head":"<!-- This site is optimized with the Yoast SEO plugin v27.4 - https:\/\/yoast.com\/product\/yoast-seo-wordpress\/ -->\n<title>Garo Paylan Van\u2019da Fatih Altayl\u0131\u2019ya seslendi: Tapuyu devret - Bati Ermenistan Ve Bati Ermenileri Sorunlari Ara\u015ftirmalar Merkezi<\/title>\n<meta name=\"robots\" content=\"index, follow, max-snippet:-1, max-image-preview:large, max-video-preview:-1\" \/>\n<link rel=\"canonical\" href=\"https:\/\/akunq.net\/tr\/?p=69938\" \/>\n<meta property=\"og:locale\" content=\"en_US\" \/>\n<meta property=\"og:type\" content=\"article\" \/>\n<meta property=\"og:title\" content=\"Garo Paylan Van\u2019da Fatih Altayl\u0131\u2019ya seslendi: Tapuyu devret - Bati Ermenistan Ve Bati Ermenileri Sorunlari Ara\u015ftirmalar Merkezi\" \/>\n<meta property=\"og:description\" content=\"HDP milletvekili Garo Paylan Van ve \u00e7evresindeki tarihi kiliseleri, manast\u0131rlar\u0131 ve Ermeni k\u00fclt\u00fcrel miras\u0131n\u0131 inceledi. Bir manast\u0131r kompleksinin tapusunu elinde bulunduran gazeteci Fatih Altayl\u0131\u2019ya tapuyu devretme, yetkililere de mirasa sahip \u00e7\u0131k\u0131lmas\u0131 \u00e7a\u011fr\u0131s\u0131nda bulundu. Y\u0131k\u0131lmaya terk edilen kilise ve manast\u0131rlar\u0131n durumunu incelemek i\u00e7in Van\u2019da bulunan Halklar\u0131n Demokratik Partisi (HDP) Diyarbak\u0131r Milletvekili Garo Paylan, bak\u0131ms\u0131zl\u0131ktan ya da [&hellip;]\" \/>\n<meta property=\"og:url\" content=\"https:\/\/akunq.net\/tr\/?p=69938\" \/>\n<meta property=\"og:site_name\" content=\"Bati Ermenistan Ve Bati Ermenileri Sorunlari Ara\u015ftirmalar Merkezi\" \/>\n<meta property=\"article:published_time\" content=\"2022-09-05T10:43:17+00:00\" \/>\n<meta property=\"og:image\" content=\"https:\/\/akunq.net\/tr\/wp-content\/uploads\/sites\/6\/2022\/09\/\u0553\u0561\u0575\u056c\u0561\u0576.jpg\" \/>\n\t<meta property=\"og:image:width\" content=\"545\" \/>\n\t<meta property=\"og:image:height\" content=\"361\" \/>\n\t<meta property=\"og:image:type\" content=\"image\/jpeg\" \/>\n<meta name=\"author\" content=\"admin\" \/>\n<meta name=\"twitter:card\" content=\"summary_large_image\" \/>\n<meta name=\"twitter:label1\" content=\"Written by\" \/>\n\t<meta name=\"twitter:data1\" content=\"admin\" \/>\n\t<meta name=\"twitter:label2\" content=\"Est. reading time\" \/>\n\t<meta name=\"twitter:data2\" content=\"3 minutes\" \/>\n<script type=\"application\/ld+json\" class=\"yoast-schema-graph\">{\"@context\":\"https:\\\/\\\/schema.org\",\"@graph\":[{\"@type\":\"Article\",\"@id\":\"https:\\\/\\\/akunq.net\\\/tr\\\/?p=69938#article\",\"isPartOf\":{\"@id\":\"https:\\\/\\\/akunq.net\\\/tr\\\/?p=69938\"},\"author\":{\"name\":\"admin\",\"@id\":\"https:\\\/\\\/akunq.net\\\/tr\\\/#\\\/schema\\\/person\\\/096f1d38a12cce57fb855b485ed24c9e\"},\"headline\":\"Garo Paylan Van\u2019da Fatih Altayl\u0131\u2019ya seslendi: Tapuyu devret\",\"datePublished\":\"2022-09-05T10:43:17+00:00\",\"mainEntityOfPage\":{\"@id\":\"https:\\\/\\\/akunq.net\\\/tr\\\/?p=69938\"},\"wordCount\":698,\"commentCount\":0,\"image\":{\"@id\":\"https:\\\/\\\/akunq.net\\\/tr\\\/?p=69938#primaryimage\"},\"thumbnailUrl\":\"https:\\\/\\\/akunq.net\\\/tr\\\/wp-content\\\/uploads\\\/sites\\\/6\\\/2022\\\/09\\\/\u0553\u0561\u0575\u056c\u0561\u0576.jpg\",\"articleSection\":[\"G\u00fcn\u00fcm\u00fczde Bat\u0131 Ermenistan\",\"Haberler\",\"Haklar\u0131m\u0131z\"],\"inLanguage\":\"en-US\",\"potentialAction\":[{\"@type\":\"CommentAction\",\"name\":\"Comment\",\"target\":[\"https:\\\/\\\/akunq.net\\\/tr\\\/?p=69938#respond\"]}]},{\"@type\":\"WebPage\",\"@id\":\"https:\\\/\\\/akunq.net\\\/tr\\\/?p=69938\",\"url\":\"https:\\\/\\\/akunq.net\\\/tr\\\/?p=69938\",\"name\":\"Garo Paylan Van\u2019da Fatih Altayl\u0131\u2019ya seslendi: Tapuyu devret - Bati Ermenistan Ve Bati Ermenileri Sorunlari Ara\u015ftirmalar Merkezi\",\"isPartOf\":{\"@id\":\"https:\\\/\\\/akunq.net\\\/tr\\\/#website\"},\"primaryImageOfPage\":{\"@id\":\"https:\\\/\\\/akunq.net\\\/tr\\\/?p=69938#primaryimage\"},\"image\":{\"@id\":\"https:\\\/\\\/akunq.net\\\/tr\\\/?p=69938#primaryimage\"},\"thumbnailUrl\":\"https:\\\/\\\/akunq.net\\\/tr\\\/wp-content\\\/uploads\\\/sites\\\/6\\\/2022\\\/09\\\/\u0553\u0561\u0575\u056c\u0561\u0576.jpg\",\"datePublished\":\"2022-09-05T10:43:17+00:00\",\"author\":{\"@id\":\"https:\\\/\\\/akunq.net\\\/tr\\\/#\\\/schema\\\/person\\\/096f1d38a12cce57fb855b485ed24c9e\"},\"breadcrumb\":{\"@id\":\"https:\\\/\\\/akunq.net\\\/tr\\\/?p=69938#breadcrumb\"},\"inLanguage\":\"en-US\",\"potentialAction\":[{\"@type\":\"ReadAction\",\"target\":[\"https:\\\/\\\/akunq.net\\\/tr\\\/?p=69938\"]}]},{\"@type\":\"ImageObject\",\"inLanguage\":\"en-US\",\"@id\":\"https:\\\/\\\/akunq.net\\\/tr\\\/?p=69938#primaryimage\",\"url\":\"https:\\\/\\\/akunq.net\\\/tr\\\/wp-content\\\/uploads\\\/sites\\\/6\\\/2022\\\/09\\\/\u0553\u0561\u0575\u056c\u0561\u0576.jpg\",\"contentUrl\":\"https:\\\/\\\/akunq.net\\\/tr\\\/wp-content\\\/uploads\\\/sites\\\/6\\\/2022\\\/09\\\/\u0553\u0561\u0575\u056c\u0561\u0576.jpg\",\"width\":545,\"height\":361},{\"@type\":\"BreadcrumbList\",\"@id\":\"https:\\\/\\\/akunq.net\\\/tr\\\/?p=69938#breadcrumb\",\"itemListElement\":[{\"@type\":\"ListItem\",\"position\":1,\"name\":\"Home\",\"item\":\"https:\\\/\\\/akunq.net\\\/tr\"},{\"@type\":\"ListItem\",\"position\":2,\"name\":\"Garo Paylan Van\u2019da Fatih Altayl\u0131\u2019ya seslendi: Tapuyu devret\"}]},{\"@type\":\"WebSite\",\"@id\":\"https:\\\/\\\/akunq.net\\\/tr\\\/#website\",\"url\":\"https:\\\/\\\/akunq.net\\\/tr\\\/\",\"name\":\"Bati Ermenistan Ve Bati Ermenileri Sorunlari Ara\u015ftirmalar Merkezi\",\"description\":\"\",\"potentialAction\":[{\"@type\":\"SearchAction\",\"target\":{\"@type\":\"EntryPoint\",\"urlTemplate\":\"https:\\\/\\\/akunq.net\\\/tr\\\/?s={search_term_string}\"},\"query-input\":{\"@type\":\"PropertyValueSpecification\",\"valueRequired\":true,\"valueName\":\"search_term_string\"}}],\"inLanguage\":\"en-US\"},{\"@type\":\"Person\",\"@id\":\"https:\\\/\\\/akunq.net\\\/tr\\\/#\\\/schema\\\/person\\\/096f1d38a12cce57fb855b485ed24c9e\",\"name\":\"admin\",\"url\":\"https:\\\/\\\/akunq.net\\\/tr\\\/?author=7\"}]}<\/script>\n<!-- \/ Yoast SEO plugin. -->","yoast_head_json":{"title":"Garo Paylan Van\u2019da Fatih Altayl\u0131\u2019ya seslendi: Tapuyu devret - Bati Ermenistan Ve Bati Ermenileri Sorunlari Ara\u015ftirmalar Merkezi","robots":{"index":"index","follow":"follow","max-snippet":"max-snippet:-1","max-image-preview":"max-image-preview:large","max-video-preview":"max-video-preview:-1"},"canonical":"https:\/\/akunq.net\/tr\/?p=69938","og_locale":"en_US","og_type":"article","og_title":"Garo Paylan Van\u2019da Fatih Altayl\u0131\u2019ya seslendi: Tapuyu devret - Bati Ermenistan Ve Bati Ermenileri Sorunlari Ara\u015ftirmalar Merkezi","og_description":"HDP milletvekili Garo Paylan Van ve \u00e7evresindeki tarihi kiliseleri, manast\u0131rlar\u0131 ve Ermeni k\u00fclt\u00fcrel miras\u0131n\u0131 inceledi. Bir manast\u0131r kompleksinin tapusunu elinde bulunduran gazeteci Fatih Altayl\u0131\u2019ya tapuyu devretme, yetkililere de mirasa sahip \u00e7\u0131k\u0131lmas\u0131 \u00e7a\u011fr\u0131s\u0131nda bulundu. Y\u0131k\u0131lmaya terk edilen kilise ve manast\u0131rlar\u0131n durumunu incelemek i\u00e7in Van\u2019da bulunan Halklar\u0131n Demokratik Partisi (HDP) Diyarbak\u0131r Milletvekili Garo Paylan, bak\u0131ms\u0131zl\u0131ktan ya da [&hellip;]","og_url":"https:\/\/akunq.net\/tr\/?p=69938","og_site_name":"Bati Ermenistan Ve Bati Ermenileri Sorunlari Ara\u015ftirmalar Merkezi","article_published_time":"2022-09-05T10:43:17+00:00","og_image":[{"width":545,"height":361,"url":"https:\/\/akunq.net\/tr\/wp-content\/uploads\/sites\/6\/2022\/09\/\u0553\u0561\u0575\u056c\u0561\u0576.jpg","type":"image\/jpeg"}],"author":"admin","twitter_card":"summary_large_image","twitter_misc":{"Written by":"admin","Est. reading time":"3 minutes"},"schema":{"@context":"https:\/\/schema.org","@graph":[{"@type":"Article","@id":"https:\/\/akunq.net\/tr\/?p=69938#article","isPartOf":{"@id":"https:\/\/akunq.net\/tr\/?p=69938"},"author":{"name":"admin","@id":"https:\/\/akunq.net\/tr\/#\/schema\/person\/096f1d38a12cce57fb855b485ed24c9e"},"headline":"Garo Paylan Van\u2019da Fatih Altayl\u0131\u2019ya seslendi: Tapuyu devret","datePublished":"2022-09-05T10:43:17+00:00","mainEntityOfPage":{"@id":"https:\/\/akunq.net\/tr\/?p=69938"},"wordCount":698,"commentCount":0,"image":{"@id":"https:\/\/akunq.net\/tr\/?p=69938#primaryimage"},"thumbnailUrl":"https:\/\/akunq.net\/tr\/wp-content\/uploads\/sites\/6\/2022\/09\/\u0553\u0561\u0575\u056c\u0561\u0576.jpg","articleSection":["G\u00fcn\u00fcm\u00fczde Bat\u0131 Ermenistan","Haberler","Haklar\u0131m\u0131z"],"inLanguage":"en-US","potentialAction":[{"@type":"CommentAction","name":"Comment","target":["https:\/\/akunq.net\/tr\/?p=69938#respond"]}]},{"@type":"WebPage","@id":"https:\/\/akunq.net\/tr\/?p=69938","url":"https:\/\/akunq.net\/tr\/?p=69938","name":"Garo Paylan Van\u2019da Fatih Altayl\u0131\u2019ya seslendi: Tapuyu devret - Bati Ermenistan Ve Bati Ermenileri Sorunlari Ara\u015ftirmalar Merkezi","isPartOf":{"@id":"https:\/\/akunq.net\/tr\/#website"},"primaryImageOfPage":{"@id":"https:\/\/akunq.net\/tr\/?p=69938#primaryimage"},"image":{"@id":"https:\/\/akunq.net\/tr\/?p=69938#primaryimage"},"thumbnailUrl":"https:\/\/akunq.net\/tr\/wp-content\/uploads\/sites\/6\/2022\/09\/\u0553\u0561\u0575\u056c\u0561\u0576.jpg","datePublished":"2022-09-05T10:43:17+00:00","author":{"@id":"https:\/\/akunq.net\/tr\/#\/schema\/person\/096f1d38a12cce57fb855b485ed24c9e"},"breadcrumb":{"@id":"https:\/\/akunq.net\/tr\/?p=69938#breadcrumb"},"inLanguage":"en-US","potentialAction":[{"@type":"ReadAction","target":["https:\/\/akunq.net\/tr\/?p=69938"]}]},{"@type":"ImageObject","inLanguage":"en-US","@id":"https:\/\/akunq.net\/tr\/?p=69938#primaryimage","url":"https:\/\/akunq.net\/tr\/wp-content\/uploads\/sites\/6\/2022\/09\/\u0553\u0561\u0575\u056c\u0561\u0576.jpg","contentUrl":"https:\/\/akunq.net\/tr\/wp-content\/uploads\/sites\/6\/2022\/09\/\u0553\u0561\u0575\u056c\u0561\u0576.jpg","width":545,"height":361},{"@type":"BreadcrumbList","@id":"https:\/\/akunq.net\/tr\/?p=69938#breadcrumb","itemListElement":[{"@type":"ListItem","position":1,"name":"Home","item":"https:\/\/akunq.net\/tr"},{"@type":"ListItem","position":2,"name":"Garo Paylan Van\u2019da Fatih Altayl\u0131\u2019ya seslendi: Tapuyu devret"}]},{"@type":"WebSite","@id":"https:\/\/akunq.net\/tr\/#website","url":"https:\/\/akunq.net\/tr\/","name":"Bati Ermenistan Ve Bati Ermenileri Sorunlari Ara\u015ftirmalar Merkezi","description":"","potentialAction":[{"@type":"SearchAction","target":{"@type":"EntryPoint","urlTemplate":"https:\/\/akunq.net\/tr\/?s={search_term_string}"},"query-input":{"@type":"PropertyValueSpecification","valueRequired":true,"valueName":"search_term_string"}}],"inLanguage":"en-US"},{"@type":"Person","@id":"https:\/\/akunq.net\/tr\/#\/schema\/person\/096f1d38a12cce57fb855b485ed24c9e","name":"admin","url":"https:\/\/akunq.net\/tr\/?author=7"}]}},"_links":{"self":[{"href":"https:\/\/akunq.net\/tr\/index.php?rest_route=\/wp\/v2\/posts\/69938","targetHints":{"allow":["GET"]}}],"collection":[{"href":"https:\/\/akunq.net\/tr\/index.php?rest_route=\/wp\/v2\/posts"}],"about":[{"href":"https:\/\/akunq.net\/tr\/index.php?rest_route=\/wp\/v2\/types\/post"}],"author":[{"embeddable":true,"href":"https:\/\/akunq.net\/tr\/index.php?rest_route=\/wp\/v2\/users\/7"}],"replies":[{"embeddable":true,"href":"https:\/\/akunq.net\/tr\/index.php?rest_route=%2Fwp%2Fv2%2Fcomments&post=69938"}],"version-history":[{"count":1,"href":"https:\/\/akunq.net\/tr\/index.php?rest_route=\/wp\/v2\/posts\/69938\/revisions"}],"predecessor-version":[{"id":69940,"href":"https:\/\/akunq.net\/tr\/index.php?rest_route=\/wp\/v2\/posts\/69938\/revisions\/69940"}],"wp:featuredmedia":[{"embeddable":true,"href":"https:\/\/akunq.net\/tr\/index.php?rest_route=\/wp\/v2\/media\/69939"}],"wp:attachment":[{"href":"https:\/\/akunq.net\/tr\/index.php?rest_route=%2Fwp%2Fv2%2Fmedia&parent=69938"}],"wp:term":[{"taxonomy":"category","embeddable":true,"href":"https:\/\/akunq.net\/tr\/index.php?rest_route=%2Fwp%2Fv2%2Fcategories&post=69938"},{"taxonomy":"post_tag","embeddable":true,"href":"https:\/\/akunq.net\/tr\/index.php?rest_route=%2Fwp%2Fv2%2Ftags&post=69938"}],"curies":[{"name":"wp","href":"https:\/\/api.w.org\/{rel}","templated":true}]}}