{"id":69838,"date":"2022-08-29T03:29:38","date_gmt":"2022-08-29T08:29:38","guid":{"rendered":"https:\/\/akunq.net\/tr\/?p=69838"},"modified":"2022-08-29T03:29:38","modified_gmt":"2022-08-29T08:29:38","slug":"trabzonda-restore-edilen-kilise-muze-olarak-hizmet-verecek","status":"publish","type":"post","link":"https:\/\/akunq.net\/tr\/?p=69838","title":{"rendered":"Trabzon\u2019da restore edilen kilise m\u00fcze olarak hizmet verecek"},"content":{"rendered":"<p><img loading=\"lazy\" decoding=\"async\" class=\"aligncenter size-medium wp-image-69839\" src=\"https:\/\/akunq.net\/tr\/wp-content\/uploads\/2022\/08\/Trabzon-muze-kilise-360x203.jpg\" alt=\"\" width=\"360\" height=\"203\" srcset=\"https:\/\/akunq.net\/tr\/wp-content\/uploads\/sites\/6\/2022\/08\/Trabzon-muze-kilise-360x203.jpg 360w, https:\/\/akunq.net\/tr\/wp-content\/uploads\/sites\/6\/2022\/08\/Trabzon-muze-kilise-560x315.jpg 560w, https:\/\/akunq.net\/tr\/wp-content\/uploads\/sites\/6\/2022\/08\/Trabzon-muze-kilise-260x146.jpg 260w, https:\/\/akunq.net\/tr\/wp-content\/uploads\/sites\/6\/2022\/08\/Trabzon-muze-kilise-160x90.jpg 160w, https:\/\/akunq.net\/tr\/wp-content\/uploads\/sites\/6\/2022\/08\/Trabzon-muze-kilise.jpg 640w\" sizes=\"auto, (max-width: 360px) 100vw, 360px\" \/><\/p>\n<p id=\"trtspot1\"><em><strong>Trabzon\u2019un Ak\u00e7aabat il\u00e7esinde restorasyonu tamamlanan kilisenin, m\u00fcze olarak ziyarete a\u00e7\u0131laca\u011f\u0131 bildirildi.<\/strong><\/em><\/p>\n<p>Ak\u00e7aabat Belediye Ba\u015fkan\u0131 Osman Nuri Ekim, il\u00e7enin tarihi ve turistik b\u00f6lgesi Orta Mahalle\u2019de bulunan St. Michael Kilisesi\u2019nde y\u00fcr\u00fctt\u00fckleri\u00a0<a href=\"https:\/\/www.trthaber.com\/etiket\/restorasyon\/\" target=\"_blank\" rel=\"noreferrer noopener\">restorasyon<\/a>\u00a0\u00e7al\u0131\u015fmalar\u0131n\u0131n tamamland\u0131\u011f\u0131n\u0131 s\u00f6yledi.<\/p>\n<p>Tarihi 1800\u2019l\u00fc y\u0131llara dayanan yap\u0131n\u0131n Orta Mahalle M\u00fczesi olarak hizmet verece\u011fini vurgulayan Ekim, sergilenecek eserlerin temin edilmesinin ard\u0131ndan m\u00fczenin ziyarete a\u00e7\u0131laca\u011f\u0131n\u0131 aktard\u0131.<\/p>\n<p>Ekim, Ak\u00e7aabat\u2019\u0131n ge\u00e7mi\u015f tarihlerden beri bir\u00e7ok medeniyete ev sahipli\u011fi yapt\u0131\u011f\u0131na dikkat \u00e7ekerek, \u015f\u00f6yle konu\u015ftu:<\/p>\n<p>\u201cBelediye olarak Ak\u00e7aabat\u2019\u0131n ev sahipli\u011fi yapt\u0131\u011f\u0131 medeniyetlerden kalan tarihi eserleri korumak, iyile\u015ftirmek ve gelece\u011fe aktarmak \u00f6nemli sosyal vazifelerimizdendir. Bu kapsamda Orta Mahalle\u2019de bulunan ve St. Michael Kilisesi olarak bilinen tarihi yap\u0131y\u0131 asl\u0131na uygun \u015fekilde restore edip\u00a0<a href=\"https:\/\/www.trthaber.com\/etiket\/muze\/\" target=\"_blank\" rel=\"noreferrer noopener\">m\u00fcze<\/a>\u00a0olarak il\u00e7emize kazand\u0131rd\u0131k. Restorasyon s\u00fcre\u00e7lerini tamamlad\u0131\u011f\u0131m\u0131z m\u00fczemizin envanter temini i\u00e7in K\u00fclt\u00fcr ve\u00a0<a href=\"https:\/\/www.trthaber.com\/etiket\/turizm\/\" target=\"_blank\" rel=\"noreferrer noopener\">Turizm<\/a>\u00a0Bakanl\u0131\u011f\u0131m\u0131z ile g\u00f6r\u00fc\u015fmelerimizi sonu\u00e7land\u0131rd\u0131k. \u00d6n\u00fcm\u00fczdeki g\u00fcnlerde burada sergilenecek tarihi eserler gelmi\u015f olacak. Envanter temini sonras\u0131nda Ak\u00e7aabat Orta Mahalle M\u00fczemizin a\u00e7\u0131l\u0131\u015f\u0131n\u0131 g\u00f6rkemli bir \u015fekilde yapaca\u011f\u0131z.\u201d<\/p>\n<p><em><strong><a href=\"https:\/\/www.trthaber.com\/haber\/guncel\/trabzonda-restore-edilen-kilise-muze-olarak-hizmet-verecek-703451.html\">https:\/\/www.trthaber.com\/haber\/guncel\/trabzonda-restore-edilen-kilise-muze-olarak-hizmet-verecek-703451.html<\/a>\u00a0<\/strong><\/em><\/p>\n","protected":false},"excerpt":{"rendered":"<p>Trabzon\u2019un Ak\u00e7aabat il\u00e7esinde restorasyonu tamamlanan kilisenin, m\u00fcze olarak ziyarete a\u00e7\u0131laca\u011f\u0131 bildirildi. Ak\u00e7aabat Belediye Ba\u015fkan\u0131 Osman Nuri Ekim, il\u00e7enin tarihi ve turistik b\u00f6lgesi Orta Mahalle\u2019de bulunan St. Michael Kilisesi\u2019nde y\u00fcr\u00fctt\u00fckleri\u00a0restorasyon\u00a0\u00e7al\u0131\u015fmalar\u0131n\u0131n tamamland\u0131\u011f\u0131n\u0131 s\u00f6yledi. Tarihi 1800\u2019l\u00fc y\u0131llara dayanan yap\u0131n\u0131n Orta Mahalle M\u00fczesi olarak hizmet verece\u011fini vurgulayan Ekim, sergilenecek eserlerin temin edilmesinin ard\u0131ndan m\u00fczenin ziyarete a\u00e7\u0131laca\u011f\u0131n\u0131 aktard\u0131. Ekim, Ak\u00e7aabat\u2019\u0131n [&hellip;]<\/p>\n","protected":false},"author":7,"featured_media":69839,"comment_status":"open","ping_status":"open","sticky":false,"template":"","format":"standard","meta":{"footnotes":""},"categories":[1],"tags":[],"class_list":["post-69838","post","type-post","status-publish","format-standard","has-post-thumbnail","hentry","category-haberler"],"yoast_head":"<!-- This site is optimized with the Yoast SEO plugin v27.4 - https:\/\/yoast.com\/product\/yoast-seo-wordpress\/ -->\n<title>Trabzon\u2019da restore edilen kilise m\u00fcze olarak hizmet verecek - Bati Ermenistan Ve Bati Ermenileri Sorunlari Ara\u015ftirmalar Merkezi<\/title>\n<meta name=\"robots\" content=\"index, follow, max-snippet:-1, max-image-preview:large, max-video-preview:-1\" \/>\n<link rel=\"canonical\" href=\"https:\/\/akunq.net\/tr\/?p=69838\" \/>\n<meta property=\"og:locale\" content=\"en_US\" \/>\n<meta property=\"og:type\" content=\"article\" \/>\n<meta property=\"og:title\" content=\"Trabzon\u2019da restore edilen kilise m\u00fcze olarak hizmet verecek - Bati Ermenistan Ve Bati Ermenileri Sorunlari Ara\u015ftirmalar Merkezi\" \/>\n<meta property=\"og:description\" content=\"Trabzon\u2019un Ak\u00e7aabat il\u00e7esinde restorasyonu tamamlanan kilisenin, m\u00fcze olarak ziyarete a\u00e7\u0131laca\u011f\u0131 bildirildi. Ak\u00e7aabat Belediye Ba\u015fkan\u0131 Osman Nuri Ekim, il\u00e7enin tarihi ve turistik b\u00f6lgesi Orta Mahalle\u2019de bulunan St. Michael Kilisesi\u2019nde y\u00fcr\u00fctt\u00fckleri\u00a0restorasyon\u00a0\u00e7al\u0131\u015fmalar\u0131n\u0131n tamamland\u0131\u011f\u0131n\u0131 s\u00f6yledi. Tarihi 1800\u2019l\u00fc y\u0131llara dayanan yap\u0131n\u0131n Orta Mahalle M\u00fczesi olarak hizmet verece\u011fini vurgulayan Ekim, sergilenecek eserlerin temin edilmesinin ard\u0131ndan m\u00fczenin ziyarete a\u00e7\u0131laca\u011f\u0131n\u0131 aktard\u0131. Ekim, Ak\u00e7aabat\u2019\u0131n [&hellip;]\" \/>\n<meta property=\"og:url\" content=\"https:\/\/akunq.net\/tr\/?p=69838\" \/>\n<meta property=\"og:site_name\" content=\"Bati Ermenistan Ve Bati Ermenileri Sorunlari Ara\u015ftirmalar Merkezi\" \/>\n<meta property=\"article:published_time\" content=\"2022-08-29T08:29:38+00:00\" \/>\n<meta property=\"og:image\" content=\"https:\/\/akunq.net\/tr\/wp-content\/uploads\/sites\/6\/2022\/08\/Trabzon-muze-kilise.jpg\" \/>\n\t<meta property=\"og:image:width\" content=\"640\" \/>\n\t<meta property=\"og:image:height\" content=\"360\" \/>\n\t<meta property=\"og:image:type\" content=\"image\/jpeg\" \/>\n<meta name=\"author\" content=\"admin\" \/>\n<meta name=\"twitter:card\" content=\"summary_large_image\" \/>\n<meta name=\"twitter:label1\" content=\"Written by\" \/>\n\t<meta name=\"twitter:data1\" content=\"admin\" \/>\n\t<meta name=\"twitter:label2\" content=\"Est. reading time\" \/>\n\t<meta name=\"twitter:data2\" content=\"1 minute\" \/>\n<script type=\"application\/ld+json\" class=\"yoast-schema-graph\">{\"@context\":\"https:\\\/\\\/schema.org\",\"@graph\":[{\"@type\":\"Article\",\"@id\":\"https:\\\/\\\/akunq.net\\\/tr\\\/?p=69838#article\",\"isPartOf\":{\"@id\":\"https:\\\/\\\/akunq.net\\\/tr\\\/?p=69838\"},\"author\":{\"name\":\"admin\",\"@id\":\"https:\\\/\\\/akunq.net\\\/tr\\\/#\\\/schema\\\/person\\\/096f1d38a12cce57fb855b485ed24c9e\"},\"headline\":\"Trabzon\u2019da restore edilen kilise m\u00fcze olarak hizmet verecek\",\"datePublished\":\"2022-08-29T08:29:38+00:00\",\"mainEntityOfPage\":{\"@id\":\"https:\\\/\\\/akunq.net\\\/tr\\\/?p=69838\"},\"wordCount\":233,\"commentCount\":0,\"image\":{\"@id\":\"https:\\\/\\\/akunq.net\\\/tr\\\/?p=69838#primaryimage\"},\"thumbnailUrl\":\"https:\\\/\\\/akunq.net\\\/tr\\\/wp-content\\\/uploads\\\/sites\\\/6\\\/2022\\\/08\\\/Trabzon-muze-kilise.jpg\",\"articleSection\":[\"Haberler\"],\"inLanguage\":\"en-US\",\"potentialAction\":[{\"@type\":\"CommentAction\",\"name\":\"Comment\",\"target\":[\"https:\\\/\\\/akunq.net\\\/tr\\\/?p=69838#respond\"]}]},{\"@type\":\"WebPage\",\"@id\":\"https:\\\/\\\/akunq.net\\\/tr\\\/?p=69838\",\"url\":\"https:\\\/\\\/akunq.net\\\/tr\\\/?p=69838\",\"name\":\"Trabzon\u2019da restore edilen kilise m\u00fcze olarak hizmet verecek - Bati Ermenistan Ve Bati Ermenileri Sorunlari Ara\u015ftirmalar Merkezi\",\"isPartOf\":{\"@id\":\"https:\\\/\\\/akunq.net\\\/tr\\\/#website\"},\"primaryImageOfPage\":{\"@id\":\"https:\\\/\\\/akunq.net\\\/tr\\\/?p=69838#primaryimage\"},\"image\":{\"@id\":\"https:\\\/\\\/akunq.net\\\/tr\\\/?p=69838#primaryimage\"},\"thumbnailUrl\":\"https:\\\/\\\/akunq.net\\\/tr\\\/wp-content\\\/uploads\\\/sites\\\/6\\\/2022\\\/08\\\/Trabzon-muze-kilise.jpg\",\"datePublished\":\"2022-08-29T08:29:38+00:00\",\"author\":{\"@id\":\"https:\\\/\\\/akunq.net\\\/tr\\\/#\\\/schema\\\/person\\\/096f1d38a12cce57fb855b485ed24c9e\"},\"breadcrumb\":{\"@id\":\"https:\\\/\\\/akunq.net\\\/tr\\\/?p=69838#breadcrumb\"},\"inLanguage\":\"en-US\",\"potentialAction\":[{\"@type\":\"ReadAction\",\"target\":[\"https:\\\/\\\/akunq.net\\\/tr\\\/?p=69838\"]}]},{\"@type\":\"ImageObject\",\"inLanguage\":\"en-US\",\"@id\":\"https:\\\/\\\/akunq.net\\\/tr\\\/?p=69838#primaryimage\",\"url\":\"https:\\\/\\\/akunq.net\\\/tr\\\/wp-content\\\/uploads\\\/sites\\\/6\\\/2022\\\/08\\\/Trabzon-muze-kilise.jpg\",\"contentUrl\":\"https:\\\/\\\/akunq.net\\\/tr\\\/wp-content\\\/uploads\\\/sites\\\/6\\\/2022\\\/08\\\/Trabzon-muze-kilise.jpg\",\"width\":640,\"height\":360},{\"@type\":\"BreadcrumbList\",\"@id\":\"https:\\\/\\\/akunq.net\\\/tr\\\/?p=69838#breadcrumb\",\"itemListElement\":[{\"@type\":\"ListItem\",\"position\":1,\"name\":\"Home\",\"item\":\"https:\\\/\\\/akunq.net\\\/tr\"},{\"@type\":\"ListItem\",\"position\":2,\"name\":\"Trabzon\u2019da restore edilen kilise m\u00fcze olarak hizmet verecek\"}]},{\"@type\":\"WebSite\",\"@id\":\"https:\\\/\\\/akunq.net\\\/tr\\\/#website\",\"url\":\"https:\\\/\\\/akunq.net\\\/tr\\\/\",\"name\":\"Bati Ermenistan Ve Bati Ermenileri Sorunlari Ara\u015ftirmalar Merkezi\",\"description\":\"\",\"potentialAction\":[{\"@type\":\"SearchAction\",\"target\":{\"@type\":\"EntryPoint\",\"urlTemplate\":\"https:\\\/\\\/akunq.net\\\/tr\\\/?s={search_term_string}\"},\"query-input\":{\"@type\":\"PropertyValueSpecification\",\"valueRequired\":true,\"valueName\":\"search_term_string\"}}],\"inLanguage\":\"en-US\"},{\"@type\":\"Person\",\"@id\":\"https:\\\/\\\/akunq.net\\\/tr\\\/#\\\/schema\\\/person\\\/096f1d38a12cce57fb855b485ed24c9e\",\"name\":\"admin\",\"url\":\"https:\\\/\\\/akunq.net\\\/tr\\\/?author=7\"}]}<\/script>\n<!-- \/ Yoast SEO plugin. -->","yoast_head_json":{"title":"Trabzon\u2019da restore edilen kilise m\u00fcze olarak hizmet verecek - Bati Ermenistan Ve Bati Ermenileri Sorunlari Ara\u015ftirmalar Merkezi","robots":{"index":"index","follow":"follow","max-snippet":"max-snippet:-1","max-image-preview":"max-image-preview:large","max-video-preview":"max-video-preview:-1"},"canonical":"https:\/\/akunq.net\/tr\/?p=69838","og_locale":"en_US","og_type":"article","og_title":"Trabzon\u2019da restore edilen kilise m\u00fcze olarak hizmet verecek - Bati Ermenistan Ve Bati Ermenileri Sorunlari Ara\u015ftirmalar Merkezi","og_description":"Trabzon\u2019un Ak\u00e7aabat il\u00e7esinde restorasyonu tamamlanan kilisenin, m\u00fcze olarak ziyarete a\u00e7\u0131laca\u011f\u0131 bildirildi. Ak\u00e7aabat Belediye Ba\u015fkan\u0131 Osman Nuri Ekim, il\u00e7enin tarihi ve turistik b\u00f6lgesi Orta Mahalle\u2019de bulunan St. Michael Kilisesi\u2019nde y\u00fcr\u00fctt\u00fckleri\u00a0restorasyon\u00a0\u00e7al\u0131\u015fmalar\u0131n\u0131n tamamland\u0131\u011f\u0131n\u0131 s\u00f6yledi. Tarihi 1800\u2019l\u00fc y\u0131llara dayanan yap\u0131n\u0131n Orta Mahalle M\u00fczesi olarak hizmet verece\u011fini vurgulayan Ekim, sergilenecek eserlerin temin edilmesinin ard\u0131ndan m\u00fczenin ziyarete a\u00e7\u0131laca\u011f\u0131n\u0131 aktard\u0131. Ekim, Ak\u00e7aabat\u2019\u0131n [&hellip;]","og_url":"https:\/\/akunq.net\/tr\/?p=69838","og_site_name":"Bati Ermenistan Ve Bati Ermenileri Sorunlari Ara\u015ftirmalar Merkezi","article_published_time":"2022-08-29T08:29:38+00:00","og_image":[{"width":640,"height":360,"url":"https:\/\/akunq.net\/tr\/wp-content\/uploads\/sites\/6\/2022\/08\/Trabzon-muze-kilise.jpg","type":"image\/jpeg"}],"author":"admin","twitter_card":"summary_large_image","twitter_misc":{"Written by":"admin","Est. reading time":"1 minute"},"schema":{"@context":"https:\/\/schema.org","@graph":[{"@type":"Article","@id":"https:\/\/akunq.net\/tr\/?p=69838#article","isPartOf":{"@id":"https:\/\/akunq.net\/tr\/?p=69838"},"author":{"name":"admin","@id":"https:\/\/akunq.net\/tr\/#\/schema\/person\/096f1d38a12cce57fb855b485ed24c9e"},"headline":"Trabzon\u2019da restore edilen kilise m\u00fcze olarak hizmet verecek","datePublished":"2022-08-29T08:29:38+00:00","mainEntityOfPage":{"@id":"https:\/\/akunq.net\/tr\/?p=69838"},"wordCount":233,"commentCount":0,"image":{"@id":"https:\/\/akunq.net\/tr\/?p=69838#primaryimage"},"thumbnailUrl":"https:\/\/akunq.net\/tr\/wp-content\/uploads\/sites\/6\/2022\/08\/Trabzon-muze-kilise.jpg","articleSection":["Haberler"],"inLanguage":"en-US","potentialAction":[{"@type":"CommentAction","name":"Comment","target":["https:\/\/akunq.net\/tr\/?p=69838#respond"]}]},{"@type":"WebPage","@id":"https:\/\/akunq.net\/tr\/?p=69838","url":"https:\/\/akunq.net\/tr\/?p=69838","name":"Trabzon\u2019da restore edilen kilise m\u00fcze olarak hizmet verecek - Bati Ermenistan Ve Bati Ermenileri Sorunlari Ara\u015ftirmalar Merkezi","isPartOf":{"@id":"https:\/\/akunq.net\/tr\/#website"},"primaryImageOfPage":{"@id":"https:\/\/akunq.net\/tr\/?p=69838#primaryimage"},"image":{"@id":"https:\/\/akunq.net\/tr\/?p=69838#primaryimage"},"thumbnailUrl":"https:\/\/akunq.net\/tr\/wp-content\/uploads\/sites\/6\/2022\/08\/Trabzon-muze-kilise.jpg","datePublished":"2022-08-29T08:29:38+00:00","author":{"@id":"https:\/\/akunq.net\/tr\/#\/schema\/person\/096f1d38a12cce57fb855b485ed24c9e"},"breadcrumb":{"@id":"https:\/\/akunq.net\/tr\/?p=69838#breadcrumb"},"inLanguage":"en-US","potentialAction":[{"@type":"ReadAction","target":["https:\/\/akunq.net\/tr\/?p=69838"]}]},{"@type":"ImageObject","inLanguage":"en-US","@id":"https:\/\/akunq.net\/tr\/?p=69838#primaryimage","url":"https:\/\/akunq.net\/tr\/wp-content\/uploads\/sites\/6\/2022\/08\/Trabzon-muze-kilise.jpg","contentUrl":"https:\/\/akunq.net\/tr\/wp-content\/uploads\/sites\/6\/2022\/08\/Trabzon-muze-kilise.jpg","width":640,"height":360},{"@type":"BreadcrumbList","@id":"https:\/\/akunq.net\/tr\/?p=69838#breadcrumb","itemListElement":[{"@type":"ListItem","position":1,"name":"Home","item":"https:\/\/akunq.net\/tr"},{"@type":"ListItem","position":2,"name":"Trabzon\u2019da restore edilen kilise m\u00fcze olarak hizmet verecek"}]},{"@type":"WebSite","@id":"https:\/\/akunq.net\/tr\/#website","url":"https:\/\/akunq.net\/tr\/","name":"Bati Ermenistan Ve Bati Ermenileri Sorunlari Ara\u015ftirmalar Merkezi","description":"","potentialAction":[{"@type":"SearchAction","target":{"@type":"EntryPoint","urlTemplate":"https:\/\/akunq.net\/tr\/?s={search_term_string}"},"query-input":{"@type":"PropertyValueSpecification","valueRequired":true,"valueName":"search_term_string"}}],"inLanguage":"en-US"},{"@type":"Person","@id":"https:\/\/akunq.net\/tr\/#\/schema\/person\/096f1d38a12cce57fb855b485ed24c9e","name":"admin","url":"https:\/\/akunq.net\/tr\/?author=7"}]}},"_links":{"self":[{"href":"https:\/\/akunq.net\/tr\/index.php?rest_route=\/wp\/v2\/posts\/69838","targetHints":{"allow":["GET"]}}],"collection":[{"href":"https:\/\/akunq.net\/tr\/index.php?rest_route=\/wp\/v2\/posts"}],"about":[{"href":"https:\/\/akunq.net\/tr\/index.php?rest_route=\/wp\/v2\/types\/post"}],"author":[{"embeddable":true,"href":"https:\/\/akunq.net\/tr\/index.php?rest_route=\/wp\/v2\/users\/7"}],"replies":[{"embeddable":true,"href":"https:\/\/akunq.net\/tr\/index.php?rest_route=%2Fwp%2Fv2%2Fcomments&post=69838"}],"version-history":[{"count":1,"href":"https:\/\/akunq.net\/tr\/index.php?rest_route=\/wp\/v2\/posts\/69838\/revisions"}],"predecessor-version":[{"id":69840,"href":"https:\/\/akunq.net\/tr\/index.php?rest_route=\/wp\/v2\/posts\/69838\/revisions\/69840"}],"wp:featuredmedia":[{"embeddable":true,"href":"https:\/\/akunq.net\/tr\/index.php?rest_route=\/wp\/v2\/media\/69839"}],"wp:attachment":[{"href":"https:\/\/akunq.net\/tr\/index.php?rest_route=%2Fwp%2Fv2%2Fmedia&parent=69838"}],"wp:term":[{"taxonomy":"category","embeddable":true,"href":"https:\/\/akunq.net\/tr\/index.php?rest_route=%2Fwp%2Fv2%2Fcategories&post=69838"},{"taxonomy":"post_tag","embeddable":true,"href":"https:\/\/akunq.net\/tr\/index.php?rest_route=%2Fwp%2Fv2%2Ftags&post=69838"}],"curies":[{"name":"wp","href":"https:\/\/api.w.org\/{rel}","templated":true}]}}