{"id":69820,"date":"2022-08-29T02:33:07","date_gmt":"2022-08-29T07:33:07","guid":{"rendered":"https:\/\/akunq.net\/tr\/?p=69820"},"modified":"2022-08-29T02:33:07","modified_gmt":"2022-08-29T07:33:07","slug":"diyarbakirda-ermenilerin-arsalari-74-yildir-paylasilamiyor","status":"publish","type":"post","link":"https:\/\/akunq.net\/tr\/?p=69820","title":{"rendered":"Diyarbak\u0131r&#8217;da Ermenilerin arsalar\u0131 74 y\u0131ld\u0131r &#8216;payla\u015f\u0131lam\u0131yor&#8217;"},"content":{"rendered":"<div class=\"html-content\">\n<p dir=\"ltr\"><img loading=\"lazy\" decoding=\"async\" class=\"aligncenter size-medium wp-image-69821\" src=\"https:\/\/akunq.net\/tr\/wp-content\/uploads\/2022\/08\/Diyarbakir-360x186.jpg\" alt=\"\" width=\"360\" height=\"186\" srcset=\"https:\/\/akunq.net\/tr\/wp-content\/uploads\/sites\/6\/2022\/08\/Diyarbakir-360x186.jpg 360w, https:\/\/akunq.net\/tr\/wp-content\/uploads\/sites\/6\/2022\/08\/Diyarbakir-768x397.jpg 768w, https:\/\/akunq.net\/tr\/wp-content\/uploads\/sites\/6\/2022\/08\/Diyarbakir-560x290.jpg 560w, https:\/\/akunq.net\/tr\/wp-content\/uploads\/sites\/6\/2022\/08\/Diyarbakir-260x135.jpg 260w, https:\/\/akunq.net\/tr\/wp-content\/uploads\/sites\/6\/2022\/08\/Diyarbakir-160x83.jpg 160w, https:\/\/akunq.net\/tr\/wp-content\/uploads\/sites\/6\/2022\/08\/Diyarbakir.jpg 1063w\" sizes=\"auto, (max-width: 360px) 100vw, 360px\" \/><\/p>\n<p dir=\"ltr\"><em><strong>G\u00f6\u00e7 ve h\u0131zl\u0131 kentle\u015fmeyle s\u0131n\u0131rlar\u0131 Ergani ve Siverek il\u00e7elerine dayanan Diyarbak\u0131r\u2019\u0131n g\u00f6be\u011finde, binalar yerine bu\u011fday ve arpa ba\u015faklar\u0131n\u0131n y\u00fckseldi\u011fi 400 d\u00f6n\u00fcm\u00fc a\u015fk\u0131n bir arazi dikkat \u00e7ekiyor.\u00a0<\/strong><\/em><\/p>\n<p dir=\"ltr\">Etraf\u0131 y\u00fcksek binalar, asfalt yollarla \u00e7evrili Ba\u011flar il\u00e7esindeki arazinin s\u0131n\u0131rlar\u0131, Elaz\u0131\u011f ve Urfa Karayolu\u2019nun kesi\u015fti\u011fi Seyrantepe\u2019den Bat\u0131kent Kav\u015fa\u011f\u0131na kadar uzan\u0131rken, demir yolu ise arsan\u0131n ortas\u0131ndan ge\u00e7iyor.\u00a0 Bug\u00fcne kadar bir-iki bina d\u0131\u015f\u0131nda arazide ba\u015fka in\u015faat yap\u0131lmazken, araziyi ise 1978 y\u0131l\u0131ndan beri \u0130brahim Lale isimli yurtta\u015f i\u015fletiyor.<\/p>\n<p dir=\"ltr\">T\u00fcrkiye\u2019de bir kent i\u00e7inde bo\u015f kalan tek arazi \u00f6zelli\u011fi ta\u015f\u0131yan tarlan\u0131n bir d\u00f6n\u00fcm\u00fcne emlak\u00e7\u0131lar\u0131n, 1 milyon TL de\u011fer bi\u00e7ti\u011fi belirtiliyor.<\/p>\n<p dir=\"ltr\">Bir\u00e7ok Diyarbak\u0131rl\u0131n\u0131n hayallerini s\u00fcsleyen arsa ayn\u0131 zamanda bir\u00e7ok dedikodu ve efsanenin de kayna\u011f\u0131.<\/p>\n<p dir=\"ltr\">Arazi ile ilgili 1954 y\u0131l\u0131ndan bu yana devam eden davadan habersiz olan bir\u00e7ok yurtta\u015f, 1970\u2019li y\u0131llarda Diyarbak\u0131r\u2019da kadastro memuru olarak g\u00f6rev yapan PKK Lideri Abdullah \u00d6calan\u2019a ait oldu\u011fu i\u00e7in devletin el koydu\u011funa dair yayg\u0131n s\u00f6ylentilere a\u015fina.<\/p>\n<p dir=\"ltr\">Ancak arazinin ger\u00e7ek hik\u00e2yesi, 1915\u2019te ya\u015fanan Ermeni Soyk\u0131r\u0131m\u0131\u2019ndan ka\u00e7an veya \u00f6ld\u00fcr\u00fclen Ermenilere kadar uzan\u0131yor. Dava konusu arazinin \u00f6nemli bir k\u0131sm\u0131n\u0131n, soyk\u0131r\u0131mdan \u00f6nce Diyarbak\u0131r\u2019da ya\u015fad\u0131\u011f\u0131 belirtilen ancak kendisinden bir daha haber al\u0131namayan \u015eurup\u00e7u Agop Efendi\u2019ye ait oldu\u011fu belirtiliyor.<\/p>\n<p dir=\"ltr\">Ancak Diyarbak\u0131r\u2019da 1950 y\u0131l\u0131nda ba\u015flayan kadastro \u00e7al\u0131\u015fmalar\u0131 s\u0131ras\u0131nda bir\u00e7ok ki\u015fi ad\u0131na tapulanan arazi, uzun y\u0131llar s\u00fcren anla\u015fmazl\u0131\u011f\u0131 da beraberinde getirdi.<\/p>\n<p dir=\"ltr\">Bir t\u00fcrl\u00fc payla\u015f\u0131lamayan arazi davas\u0131n\u0131n ge\u00e7mi\u015fi 1954 y\u0131l\u0131nda ba\u015fl\u0131yor. Arazinin sahibi oldu\u011funu belirten H\u00fcseyin Ulu\u011f ile Mehmet Arcak ve Ahmet Arcak, 26 \u015eubat 1954\u2019te\u00a0\u00a0Diyarbak\u0131r 1. Asliye Hukuk Mahkemesi\u2019ne ba\u015fvurarak,\u00a0\u00a0350 d\u00f6n\u00fcm arsalar\u0131n\u0131n kay\u0131tlarda 147 d\u00f6n\u00fcm g\u00f6sterildi\u011fini ileri s\u00fcr\u00fcp d\u00fczeltilmesini isteyerek dava a\u00e7t\u0131.<\/p>\n<p dir=\"ltr\">Daha sonra Nuri \u00d6zbostanc\u0131 ve miras\u00e7\u0131lar\u0131, 1950 y\u0131l\u0131nda yap\u0131lan kadastro \u00e7al\u0131\u015fmalar\u0131 s\u0131ras\u0131nda kendi adlar\u0131na kaydedilen araziyle ilgili, davac\u0131lar\u0131n sahte belgelerle tapu tescili almaya yoluna gitti\u011fini, davan\u0131n reddedilmesini istedi.<\/p>\n<p dir=\"ltr\">\n<p dir=\"ltr\"><img decoding=\"async\" src=\"https:\/\/www.ermenihaber.am\/files\/images\/n1(6).jpg\" alt=\"\" \/><\/p>\n<p dir=\"ltr\">Davay\u0131 1964 y\u0131l\u0131nda karara ba\u011flayan mahkeme, tapu kay\u0131tlar\u0131n\u0131n d\u00fczeltilmesine karar verdi. Ancak bir y\u0131l sonra Yarg\u0131tay 1. Hukuk Dairesi, Kadastro Mahkemesi\u2019nin davaya bakmakla yetkili oldu\u011fu gerek\u00e7esiyle karar\u0131 bozdu.<\/p>\n<p dir=\"ltr\">Diyarbak\u0131r\u2019da kadastro \u00e7al\u0131\u015fmalar\u0131 s\u0131ras\u0131nda kay\u0131t alt\u0131na arazinin tapu kay\u0131tlar\u0131ndaki yer ve mevkii s\u0131n\u0131rlar\u0131n\u0131n, mu\u011flak ifadelerle belirtilmesi nedeniyle dava giderek i\u00e7inden \u00e7\u0131k\u0131lmaz bir hal almaya ba\u015flad\u0131.<\/p>\n<p dir=\"ltr\">Bu s\u00fcrede, hak sahibi oldu\u011funu iddia eden \u00e7ok say\u0131da ki\u015fi ve kurum ellerindeki tapu kay\u0131tlar\u0131n\u0131n bu araziye uydu\u011fu gerek\u00e7esiyle dava a\u00e7t\u0131.\u00a0Hazine ise,\u00a0arazinin m\u00fctegayyip e\u015fyas (firari, kay\u0131p veya kendilerinden haber al\u0131namayan)\u00a0gayrim\u00fcslimlere ait oldu\u011funu ileri s\u00fcrerek, arazinin Hazine\u2019ye verilmesi i\u00e7in dava a\u00e7t\u0131.<\/p>\n<p dir=\"ltr\">Dava devam etti\u011fi s\u0131rada, arazinin bir k\u0131sm\u0131n\u0131 kamula\u015ft\u0131ran Karayollar\u0131 Genel M\u00fcd\u00fcrl\u00fc\u011f\u00fc, Devlet Demiryollar\u0131, Diyarbak\u0131r B\u00fcy\u00fck\u015fehir Belediyesi de davaya kat\u0131ld\u0131.\u00a0Davac\u0131lar Abdulaziz \u00d6zbostanc\u0131,\u00a0miras\u00e7\u0131lar\u0131 Medeni Arman, S\u00fcleyman Agah Arman ile davac\u0131 \u00d6mer Ulu\u011f ve Seyfettin \u00d6zko\u00e7ak,\u00a0daval\u0131 Mustafa Kaz\u0131m Z\u00fcht\u00fc Ulu\u011f ile Ahmet Arcak davan\u0131n sonucunu g\u00f6remeden hayat\u0131n\u0131 kaybetti.<\/p>\n<p dir=\"ltr\">\u00d6lenlerin, miras\u00e7\u0131lar\u0131n\u0131n davaya d\u00e2hil olmas\u0131yla davada yer alan ki\u015fi ve kurum say\u0131s\u0131 180\u2019e kadar \u00e7\u0131kt\u0131. Davaya bakan bir\u00e7ok avukat da sonucu g\u00f6rmeden ya\u015fam\u0131n\u0131 yitirdi.<\/p>\n<p dir=\"ltr\">Bunun \u00fczerine Diyarbak\u0131r Asliye Hukuk Mahkemesi, farkl\u0131 tarihlerde tapu tescil davalar\u0131 i\u00e7in 1987 y\u0131l\u0131nda g\u00f6revsizlik vererek,\u00a0bu davalar\u0131n Diyarbak\u0131r Kadastro Mahkemesi\u2019nde birle\u015ftirilmesine karar verdi.<\/p>\n<p dir=\"ltr\">Kadastro Mahkemesi\u2019nde 19 y\u0131l s\u00fcren davada 2006 y\u0131l\u0131nda karar \u00e7\u0131kt\u0131. Mahkeme, davaya kat\u0131lan taraflar\u0131n\u0131n tapu kay\u0131tlar\u0131n\u0131n araziye \u2018tam teredd\u00fcts\u00fcz olarak uymad\u0131\u011f\u0131\u2019 ve zilyetlikten (tasarruf) ta\u015f\u0131nmaz edinme ko\u015fullar\u0131n\u0131n ger\u00e7ekle\u015fmedi\u011fine karar vererek, davalar\u0131n\u0131 reddetti.<\/p>\n<p dir=\"ltr\">Mahkeme, dava konusu arazinin gayrim\u00fcslim vatanda\u015flara ait oldu\u011fu, kay\u0131p olan ve kendilerinden haber al\u0131namayan ki\u015filerden kalan mallar\u0131n devletin h\u00fck\u00fcm ve tasarrufu alt\u0131nda oldu\u011funu belirterek, bu araziye dair tapu kay\u0131tlar\u0131n\u0131 iptal etti.<\/p>\n<p dir=\"ltr\">Ve 440 d\u00f6n\u00fcml\u00fck arazinin tapusunun Hazine\u2019ye verilmesine karar verdi. Ancak Yarg\u0131tay 17. Hukuk Dairesi, tapu kay\u0131tlar\u0131n\u0131n s\u0131n\u0131rlar\u0131 ve yerlerinin tespiti,\u00a0 bunun ara\u015ft\u0131r\u0131lmas\u0131 gerekti\u011fine karar vererek, eksik inceleme yapt\u0131\u011f\u0131 gerek\u00e7esiyle yerel mahkemenin karar\u0131n\u0131 bozdu.<\/p>\n<p dir=\"ltr\">Diyarbak\u0131r Kadastro Mahkemesi\u2019nde tekrar g\u00f6r\u00fclen davada 2018 y\u0131l\u0131nda karar \u00e7\u0131kt\u0131. Daha \u00f6nce verdi\u011fi karar\u0131n tam tersi y\u00f6n\u00fcnde\u00a0bir karara imza atan mahkeme, Hazine\u2019nin dava konusu ta\u015f\u0131nmazlar\u0131n firari, kay\u0131p ya da kendisinden bir daha haber al\u0131namayan gayrim\u00fcslimlere ait yerler oldu\u011funa dair iddias\u0131yla ilgili arazinin bulundu\u011fu mevkii ve eski tapu kay\u0131tlar\u0131 \u00fczerinde yap\u0131lan incelemede bununla \u00f6rt\u00fc\u015fen hi\u00e7bir tapu kayd\u0131na rastlamad\u0131\u011f\u0131n\u0131 ileri s\u00fcrd\u00fc.<\/p>\n<p dir=\"ltr\">Hazine\u2019nin a\u00e7t\u0131\u011f\u0131 davay\u0131 reddetti. Mahkeme yap\u0131lan ara\u015ft\u0131rmalarda, dava konusu parsellerdeki tapu kay\u0131tlar\u0131n\u0131n s\u0131n\u0131rlar\u0131n\u0131n de\u011fi\u015fmesine ra\u011fmen, davac\u0131lar\u0131n tapu kay\u0131tlar\u0131yla \u00f6rt\u00fc\u015ft\u00fc\u011f\u00fcn\u00fc savundu.<\/p>\n<p dir=\"ltr\">Mahkeme, arazinin 46 bin 526 metrekaresini daha \u00f6nce tapu kayd\u0131n\u0131 iptal etti\u011fi Nuri \u00d6zbostanc\u0131\u2019ya, 189 d\u00f6n\u00fcm\u00fcn\u00fc\u00a0\u00a0Salih Atilla \u00dc\u00e7ok\u2019a ve 190 d\u00f6n\u00fcm\u00fcn\u00fc\u00a0\u00a0ise Mehmet Arcak ve m\u00fc\u015fterekleri olan 25 ki\u015fi ad\u0131na tescil edilmesine karar verdi.<\/p>\n<p dir=\"ltr\">Arazinin 15 d\u00f6n\u00fcm\u00fcn\u00fc ise \u00d6zko\u00e7ak, \u00d6zbostanc\u0131 ve Arman soy isimli miras\u00e7\u0131lar ad\u0131na tapuya kaydedilmesi karar\u0131 \u00e7\u0131kt\u0131. Ayr\u0131ca\u00a0arazinin kamula\u015ft\u0131r\u0131lan 27 d\u00f6n\u00fcm\u00fcnde Devlet Demir Yollar\u0131 (DDY)\u00a0ad\u0131na, 23 d\u00f6n\u00fcm\u00fcnde ise yol ge\u00e7ti\u011fi i\u00e7in yol olarak g\u00f6sterilmesi kararla\u015ft\u0131r\u0131ld\u0131.<\/p>\n<p dir=\"ltr\">Mahkeme, arazinin geriye kalan\u00a0121 d\u00f6n\u00fcm\u00fcn\u00fcn 1973 y\u0131l\u0131nda yap\u0131lan kamula\u015ft\u0131rmayla Diyarbak\u0131r B\u00fcy\u00fck\u015fehir Belediyesi ad\u0131na tapuya kaydedildi\u011fi gerek\u00e7esiyle, karar verilmesine yer olmad\u0131\u011f\u0131na h\u00fckmetti. Mahkeme, davac\u0131 taraf\u0131 ve avukatlar\u0131n\u0131n yapt\u0131\u011f\u0131 3 milyon 436 bin TL masraf\u0131n davac\u0131lar ve m\u00fcdahillerden al\u0131nmas\u0131na karar verdi.<\/p>\n<p dir=\"ltr\">Davalar\u0131 reddedilen yurtta\u015flar karar\u0131 temyiz ederken\u00a0 Yarg\u0131tay\u2019\u0131n davada\u00a0 verece\u011fi karar do\u011frultusunda kentin i\u00e7indeki arazi durumu da kesinle\u015fecek.<\/p>\n<p dir=\"ltr\">Diyarbak\u0131r\u2019da yakla\u015f\u0131k 40 y\u0131ld\u0131r avukatl\u0131k yapan ve kadastro davalar\u0131nda deneyimli olan Neymetullah G\u00fcnd\u00fcz,\u00a0taraflardan Cemilo\u011flu Ailesi ad\u0131na\u00a0davay\u0131 \u00fc\u00e7 y\u0131l takip etti\u011fini s\u00f6yl\u00fcyor. Anadolu\u2019da tapu kay\u0131tlar\u0131n\u0131n 1862 y\u0131l\u0131nda yap\u0131ld\u0131\u011f\u0131n\u0131 hat\u0131rlatan G\u00fcnd\u00fcz,\u00a0Osmanl\u0131 Devleti d\u00f6neminde aristokrat aileler hari\u00e7 M\u00fcsl\u00fcmanlara ait tapu kayd\u0131n\u0131n \u00e7ok az oldu\u011funu,\u00a0gayrim\u00fcslimlerin tapu kay\u0131tlar\u0131n daha fazla oldu\u011funu ifade ediyor.<\/p>\n<p dir=\"ltr\">Anla\u015fmazl\u0131k konusu arazinin bir k\u0131sm\u0131n\u0131n gayrim\u00fcslimlere ait olabilece\u011fini ifade eden G\u00fcnd\u00fcz, \u015f\u00f6yle devam ediyor:<\/p>\n<p dir=\"ltr\">\n<blockquote>\n<p dir=\"ltr\">\u201c1915 tarihinde \u00f6zelikle gayrim\u00fcslimlerin mallar\u0131na el konulmas\u0131 amac\u0131yla Tasfiye Kanunu \u00e7\u0131kar\u0131ld\u0131. Halen y\u00fcr\u00fcrl\u00fckte olan bu kanun g\u00f6re, Osmanl\u0131 vatanda\u015f\u0131 gayrim\u00fcslimlerin firar\u0131na veya aranmas\u0131na karar verilmi\u015fse ya da \u015fah\u0131s devlete kar\u015f\u0131 silah kullanm\u0131\u015f, vatanda\u015fl\u0131ktan \u00e7\u0131kar\u0131lm\u0131\u015fsa mallar\u0131 hi\u00e7bir i\u015fleme gerek kalmaks\u0131n\u0131z el konularak Hazineye intikal ediliyor. \u00d6zellikle bu karar, b\u00f6lgede \u00e7ok geni\u015f \u015fekilde uygulanm\u0131\u015f, daha \u00e7ok Ermenilerin mallar\u0131na el konulmu\u015f. Bunun yan\u0131nda 1929 y\u0131l\u0131nda \u00e7\u0131kar\u0131lan 1515 Say\u0131l\u0131 Tapu Kay\u0131tlar\u0131ndan Hukuki K\u0131ymetlerini Kaybetmi\u015f Olanlar\u0131n Tasfiyesine Dair Kanun var. Bu kanunla da bo\u015f kalan Ermeniler ve di\u011fer gayrim\u00fcslimlerin topraklar\u0131 ba\u015fka ki\u015filerin adlar\u0131na ge\u00e7irilmi\u015f.\u201d<\/p>\n<p dir=\"ltr\"><img decoding=\"async\" src=\"https:\/\/www.ermenihaber.am\/files\/images\/n2(4).jpg\" alt=\"\" \/><\/p>\n<p dir=\"ltr\">G\u00fcnd\u00fcz,\u00a0eski tapular\u0131n s\u0131n\u0131rlar\u0131n\u0131n mu\u011flak olmas\u0131, dava konusu arsan\u0131n \u00e7ok de\u011ferli olmas\u0131 ve kent i\u00e7inde kalmas\u0131 nedeniyle ellerinde eski tapu kayd\u0131 olan bir\u00e7ok ki\u015finin \u201cbu arazi bizim\u201d diyerek dava m\u00fcdahil oldu\u011funu s\u00f6yl\u00fcyor.<\/p>\n<p dir=\"ltr\">Davay\u0131 d\u00f6rt y\u0131l boyunca takip ettikten sonra b\u0131rakan Avukat Abdulbaki \u0130zci ise, bir\u00e7ok sorun nedeniyle kadastro davalar\u0131n\u0131n \u2018kangrenle\u015fmi\u015f davalar\u2019 haline geldi\u011fini s\u00f6yl\u00fcyor. Eski tapu kay\u0131tlar\u0131nda arazilerinin s\u0131n\u0131rlar\u0131n\u0131n koordinatla de\u011fil, etraflar\u0131ndaki tarla, bah\u00e7e, yol, dere ve da\u011flarla tarif edildi\u011fini belirterek, \u015f\u00f6yle devam ediyor:<\/p>\n<blockquote>\n<p dir=\"ltr\">\u201cBu nedenle kadastro davalar\u0131nda ilgili ilgisiz bir\u00e7ok vatanda\u015f \u2018bu arsa benim\u2019 diyerek davaya d\u00e2hil oluyor. \u00c7\u00fcnk\u00fc tapuda koordinat yok, s\u0131n\u0131rlar sabit de\u011fil, elindeki tapu yan\u0131na ya berisini ya da biti\u015fi\u011fini okuyor.\u00a0\u00a0Zamanla bu say\u0131 \u00e7o\u011fal\u0131yor, davalardaki taraf say\u0131s\u0131 binleri buluyor.\u201d<\/p>\n<\/blockquote>\n<p dir=\"ltr\">Davalar\u0131n uzun s\u00fcrmesinin di\u011fer bir nedenin de\u00a0 mahkeme karar\u0131n\u0131n taraflara tebli\u011finin uzun y\u0131llar almas\u0131 oldu\u011funu\u00a0 dile getiren \u0130zci, \u201cDiyelim ki 50 y\u0131l \u00f6nce davaya kat\u0131lan ki\u015fi \u00f6lm\u00fc\u015f,\u00a0kim oldu\u011fu belli de\u011fil. \u0130smi var ancak adresi, TC kimlik numaras\u0131 yok.\u00a0Ya da davac\u0131 ve daval\u0131 gayrim\u00fcslimdir. Ara\u015ft\u0131r\u0131yoruz hi\u00e7bir yerde bulam\u0131yoruz be nedenle tebligatlar\u0131n verilmesi iki-\u00fc\u00e7 y\u0131l\u0131 buluyor. \u015eu anda bir\u00e7ok dosyam\u0131z karara \u00e7\u0131km\u0131\u015f ancak tebligatlar yap\u0131lmad\u0131\u011f\u0131\u00a0 i\u00e7in dava bitmiyor\u201d diyor.<\/p>\n<p dir=\"ltr\">Kadastro davalar\u0131n\u0131n \u00e7ok uzun s\u00fcrmesi nedeniyle bir m\u00fcvekkilinin\u00a0dava sonu\u00e7lanmadan ya\u015fam\u0131n\u0131 yitirdi\u011fini aktaran \u0130zci son olarak \u015funlar\u0131 aktar\u0131yor:<\/p>\n<p dir=\"ltr\">\n<blockquote>\n<p dir=\"ltr\">\u201cBaz\u0131 m\u00fcvekkillerim \u2018bu davay\u0131 dedem takip etti \u00f6mr\u00fc yetmedi,\u00a0 babam takip etti o da gitti. Ben de g\u00f6remeyecek miyim?\u201d diye soruyor. \u00d6lenlerin miras\u00e7\u0131lar\u0131n\u0131n da davaya d\u00e2hil edilmesiyle davaya kat\u0131lan say\u0131s\u0131 \u015fi\u015fiyor.\u201d<\/p>\n<\/blockquote>\n<\/blockquote>\n<\/div>\n<div class=\"current-author fl cb\"><strong><em>\u00a0\u00a0<a class=\"a-none\" href=\"https:\/\/www.ermenihaber.am\/tr\/news\/2022\/08\/26\/Ermeni-Diyarbak%C4%B1r-arsa\/236238\">Ermenihaber.am<\/a><\/em><\/strong><\/div>\n<div class=\"cb\"><\/div>\n<div class=\"current-socials\">\n<div id=\"st-1\" class=\"sharethis-inline-share-buttons st-left  st-inline-share-buttons st-animated\">\n<div class=\"st-btn st-first\" data-network=\"facebook\"><\/div>\n<div class=\"st-btn\" data-network=\"twitter\"><\/div>\n<div class=\"st-btn\" data-network=\"pinterest\"><\/div>\n<div class=\"st-btn st-last\" data-network=\"sharethis\"><\/div>\n<\/div>\n<\/div>\n","protected":false},"excerpt":{"rendered":"<p>G\u00f6\u00e7 ve h\u0131zl\u0131 kentle\u015fmeyle s\u0131n\u0131rlar\u0131 Ergani ve Siverek il\u00e7elerine dayanan Diyarbak\u0131r\u2019\u0131n g\u00f6be\u011finde, binalar yerine bu\u011fday ve arpa ba\u015faklar\u0131n\u0131n y\u00fckseldi\u011fi 400 d\u00f6n\u00fcm\u00fc a\u015fk\u0131n bir arazi dikkat \u00e7ekiyor.\u00a0 Etraf\u0131 y\u00fcksek binalar, asfalt yollarla \u00e7evrili Ba\u011flar il\u00e7esindeki arazinin s\u0131n\u0131rlar\u0131, Elaz\u0131\u011f ve Urfa Karayolu\u2019nun kesi\u015fti\u011fi Seyrantepe\u2019den Bat\u0131kent Kav\u015fa\u011f\u0131na kadar uzan\u0131rken, demir yolu ise arsan\u0131n ortas\u0131ndan ge\u00e7iyor.\u00a0 Bug\u00fcne kadar bir-iki [&hellip;]<\/p>\n","protected":false},"author":7,"featured_media":69821,"comment_status":"open","ping_status":"open","sticky":false,"template":"","format":"standard","meta":{"footnotes":""},"categories":[21,22,1,9],"tags":[],"class_list":["post-69820","post","type-post","status-publish","format-standard","has-post-thumbnail","hentry","category-gunumuzde-bati-ermenileri","category-gunumuzde-bati-ermenistan","category-haberler","category-haklarimiz"],"yoast_head":"<!-- This site is optimized with the Yoast SEO plugin v27.4 - https:\/\/yoast.com\/product\/yoast-seo-wordpress\/ -->\n<title>Diyarbak\u0131r&#039;da Ermenilerin arsalar\u0131 74 y\u0131ld\u0131r &#039;payla\u015f\u0131lam\u0131yor&#039; - Bati Ermenistan Ve Bati Ermenileri Sorunlari Ara\u015ftirmalar Merkezi<\/title>\n<meta name=\"robots\" content=\"index, follow, max-snippet:-1, max-image-preview:large, max-video-preview:-1\" \/>\n<link rel=\"canonical\" href=\"https:\/\/akunq.net\/tr\/?p=69820\" \/>\n<meta property=\"og:locale\" content=\"en_US\" \/>\n<meta property=\"og:type\" content=\"article\" \/>\n<meta property=\"og:title\" content=\"Diyarbak\u0131r&#039;da Ermenilerin arsalar\u0131 74 y\u0131ld\u0131r &#039;payla\u015f\u0131lam\u0131yor&#039; - Bati Ermenistan Ve Bati Ermenileri Sorunlari Ara\u015ftirmalar Merkezi\" \/>\n<meta property=\"og:description\" content=\"G\u00f6\u00e7 ve h\u0131zl\u0131 kentle\u015fmeyle s\u0131n\u0131rlar\u0131 Ergani ve Siverek il\u00e7elerine dayanan Diyarbak\u0131r\u2019\u0131n g\u00f6be\u011finde, binalar yerine bu\u011fday ve arpa ba\u015faklar\u0131n\u0131n y\u00fckseldi\u011fi 400 d\u00f6n\u00fcm\u00fc a\u015fk\u0131n bir arazi dikkat \u00e7ekiyor.\u00a0 Etraf\u0131 y\u00fcksek binalar, asfalt yollarla \u00e7evrili Ba\u011flar il\u00e7esindeki arazinin s\u0131n\u0131rlar\u0131, Elaz\u0131\u011f ve Urfa Karayolu\u2019nun kesi\u015fti\u011fi Seyrantepe\u2019den Bat\u0131kent Kav\u015fa\u011f\u0131na kadar uzan\u0131rken, demir yolu ise arsan\u0131n ortas\u0131ndan ge\u00e7iyor.\u00a0 Bug\u00fcne kadar bir-iki [&hellip;]\" \/>\n<meta property=\"og:url\" content=\"https:\/\/akunq.net\/tr\/?p=69820\" \/>\n<meta property=\"og:site_name\" content=\"Bati Ermenistan Ve Bati Ermenileri Sorunlari Ara\u015ftirmalar Merkezi\" \/>\n<meta property=\"article:published_time\" content=\"2022-08-29T07:33:07+00:00\" \/>\n<meta property=\"og:image\" content=\"https:\/\/akunq.net\/tr\/wp-content\/uploads\/sites\/6\/2022\/08\/Diyarbakir.jpg\" \/>\n\t<meta property=\"og:image:width\" content=\"1063\" \/>\n\t<meta property=\"og:image:height\" content=\"550\" \/>\n\t<meta property=\"og:image:type\" content=\"image\/jpeg\" \/>\n<meta name=\"author\" content=\"admin\" \/>\n<meta name=\"twitter:card\" content=\"summary_large_image\" \/>\n<meta name=\"twitter:label1\" content=\"Written by\" \/>\n\t<meta name=\"twitter:data1\" content=\"admin\" \/>\n\t<meta name=\"twitter:label2\" content=\"Est. reading time\" \/>\n\t<meta name=\"twitter:data2\" content=\"9 minutes\" \/>\n<script type=\"application\/ld+json\" class=\"yoast-schema-graph\">{\"@context\":\"https:\\\/\\\/schema.org\",\"@graph\":[{\"@type\":\"Article\",\"@id\":\"https:\\\/\\\/akunq.net\\\/tr\\\/?p=69820#article\",\"isPartOf\":{\"@id\":\"https:\\\/\\\/akunq.net\\\/tr\\\/?p=69820\"},\"author\":{\"name\":\"admin\",\"@id\":\"https:\\\/\\\/akunq.net\\\/tr\\\/#\\\/schema\\\/person\\\/096f1d38a12cce57fb855b485ed24c9e\"},\"headline\":\"Diyarbak\u0131r&#8217;da Ermenilerin arsalar\u0131 74 y\u0131ld\u0131r &#8216;payla\u015f\u0131lam\u0131yor&#8217;\",\"datePublished\":\"2022-08-29T07:33:07+00:00\",\"mainEntityOfPage\":{\"@id\":\"https:\\\/\\\/akunq.net\\\/tr\\\/?p=69820\"},\"wordCount\":1711,\"commentCount\":0,\"image\":{\"@id\":\"https:\\\/\\\/akunq.net\\\/tr\\\/?p=69820#primaryimage\"},\"thumbnailUrl\":\"https:\\\/\\\/akunq.net\\\/tr\\\/wp-content\\\/uploads\\\/sites\\\/6\\\/2022\\\/08\\\/Diyarbakir.jpg\",\"articleSection\":[\"G\u00fcn\u00fcm\u00fczde Bat\u0131 Ermenileri\",\"G\u00fcn\u00fcm\u00fczde Bat\u0131 Ermenistan\",\"Haberler\",\"Haklar\u0131m\u0131z\"],\"inLanguage\":\"en-US\",\"potentialAction\":[{\"@type\":\"CommentAction\",\"name\":\"Comment\",\"target\":[\"https:\\\/\\\/akunq.net\\\/tr\\\/?p=69820#respond\"]}]},{\"@type\":\"WebPage\",\"@id\":\"https:\\\/\\\/akunq.net\\\/tr\\\/?p=69820\",\"url\":\"https:\\\/\\\/akunq.net\\\/tr\\\/?p=69820\",\"name\":\"Diyarbak\u0131r'da Ermenilerin arsalar\u0131 74 y\u0131ld\u0131r 'payla\u015f\u0131lam\u0131yor' - Bati Ermenistan Ve Bati Ermenileri Sorunlari Ara\u015ftirmalar Merkezi\",\"isPartOf\":{\"@id\":\"https:\\\/\\\/akunq.net\\\/tr\\\/#website\"},\"primaryImageOfPage\":{\"@id\":\"https:\\\/\\\/akunq.net\\\/tr\\\/?p=69820#primaryimage\"},\"image\":{\"@id\":\"https:\\\/\\\/akunq.net\\\/tr\\\/?p=69820#primaryimage\"},\"thumbnailUrl\":\"https:\\\/\\\/akunq.net\\\/tr\\\/wp-content\\\/uploads\\\/sites\\\/6\\\/2022\\\/08\\\/Diyarbakir.jpg\",\"datePublished\":\"2022-08-29T07:33:07+00:00\",\"author\":{\"@id\":\"https:\\\/\\\/akunq.net\\\/tr\\\/#\\\/schema\\\/person\\\/096f1d38a12cce57fb855b485ed24c9e\"},\"breadcrumb\":{\"@id\":\"https:\\\/\\\/akunq.net\\\/tr\\\/?p=69820#breadcrumb\"},\"inLanguage\":\"en-US\",\"potentialAction\":[{\"@type\":\"ReadAction\",\"target\":[\"https:\\\/\\\/akunq.net\\\/tr\\\/?p=69820\"]}]},{\"@type\":\"ImageObject\",\"inLanguage\":\"en-US\",\"@id\":\"https:\\\/\\\/akunq.net\\\/tr\\\/?p=69820#primaryimage\",\"url\":\"https:\\\/\\\/akunq.net\\\/tr\\\/wp-content\\\/uploads\\\/sites\\\/6\\\/2022\\\/08\\\/Diyarbakir.jpg\",\"contentUrl\":\"https:\\\/\\\/akunq.net\\\/tr\\\/wp-content\\\/uploads\\\/sites\\\/6\\\/2022\\\/08\\\/Diyarbakir.jpg\",\"width\":1063,\"height\":550},{\"@type\":\"BreadcrumbList\",\"@id\":\"https:\\\/\\\/akunq.net\\\/tr\\\/?p=69820#breadcrumb\",\"itemListElement\":[{\"@type\":\"ListItem\",\"position\":1,\"name\":\"Home\",\"item\":\"https:\\\/\\\/akunq.net\\\/tr\"},{\"@type\":\"ListItem\",\"position\":2,\"name\":\"Diyarbak\u0131r&#8217;da Ermenilerin arsalar\u0131 74 y\u0131ld\u0131r &#8216;payla\u015f\u0131lam\u0131yor&#8217;\"}]},{\"@type\":\"WebSite\",\"@id\":\"https:\\\/\\\/akunq.net\\\/tr\\\/#website\",\"url\":\"https:\\\/\\\/akunq.net\\\/tr\\\/\",\"name\":\"Bati Ermenistan Ve Bati Ermenileri Sorunlari Ara\u015ftirmalar Merkezi\",\"description\":\"\",\"potentialAction\":[{\"@type\":\"SearchAction\",\"target\":{\"@type\":\"EntryPoint\",\"urlTemplate\":\"https:\\\/\\\/akunq.net\\\/tr\\\/?s={search_term_string}\"},\"query-input\":{\"@type\":\"PropertyValueSpecification\",\"valueRequired\":true,\"valueName\":\"search_term_string\"}}],\"inLanguage\":\"en-US\"},{\"@type\":\"Person\",\"@id\":\"https:\\\/\\\/akunq.net\\\/tr\\\/#\\\/schema\\\/person\\\/096f1d38a12cce57fb855b485ed24c9e\",\"name\":\"admin\",\"url\":\"https:\\\/\\\/akunq.net\\\/tr\\\/?author=7\"}]}<\/script>\n<!-- \/ Yoast SEO plugin. -->","yoast_head_json":{"title":"Diyarbak\u0131r'da Ermenilerin arsalar\u0131 74 y\u0131ld\u0131r 'payla\u015f\u0131lam\u0131yor' - Bati Ermenistan Ve Bati Ermenileri Sorunlari Ara\u015ftirmalar Merkezi","robots":{"index":"index","follow":"follow","max-snippet":"max-snippet:-1","max-image-preview":"max-image-preview:large","max-video-preview":"max-video-preview:-1"},"canonical":"https:\/\/akunq.net\/tr\/?p=69820","og_locale":"en_US","og_type":"article","og_title":"Diyarbak\u0131r'da Ermenilerin arsalar\u0131 74 y\u0131ld\u0131r 'payla\u015f\u0131lam\u0131yor' - Bati Ermenistan Ve Bati Ermenileri Sorunlari Ara\u015ftirmalar Merkezi","og_description":"G\u00f6\u00e7 ve h\u0131zl\u0131 kentle\u015fmeyle s\u0131n\u0131rlar\u0131 Ergani ve Siverek il\u00e7elerine dayanan Diyarbak\u0131r\u2019\u0131n g\u00f6be\u011finde, binalar yerine bu\u011fday ve arpa ba\u015faklar\u0131n\u0131n y\u00fckseldi\u011fi 400 d\u00f6n\u00fcm\u00fc a\u015fk\u0131n bir arazi dikkat \u00e7ekiyor.\u00a0 Etraf\u0131 y\u00fcksek binalar, asfalt yollarla \u00e7evrili Ba\u011flar il\u00e7esindeki arazinin s\u0131n\u0131rlar\u0131, Elaz\u0131\u011f ve Urfa Karayolu\u2019nun kesi\u015fti\u011fi Seyrantepe\u2019den Bat\u0131kent Kav\u015fa\u011f\u0131na kadar uzan\u0131rken, demir yolu ise arsan\u0131n ortas\u0131ndan ge\u00e7iyor.\u00a0 Bug\u00fcne kadar bir-iki [&hellip;]","og_url":"https:\/\/akunq.net\/tr\/?p=69820","og_site_name":"Bati Ermenistan Ve Bati Ermenileri Sorunlari Ara\u015ftirmalar Merkezi","article_published_time":"2022-08-29T07:33:07+00:00","og_image":[{"width":1063,"height":550,"url":"https:\/\/akunq.net\/tr\/wp-content\/uploads\/sites\/6\/2022\/08\/Diyarbakir.jpg","type":"image\/jpeg"}],"author":"admin","twitter_card":"summary_large_image","twitter_misc":{"Written by":"admin","Est. reading time":"9 minutes"},"schema":{"@context":"https:\/\/schema.org","@graph":[{"@type":"Article","@id":"https:\/\/akunq.net\/tr\/?p=69820#article","isPartOf":{"@id":"https:\/\/akunq.net\/tr\/?p=69820"},"author":{"name":"admin","@id":"https:\/\/akunq.net\/tr\/#\/schema\/person\/096f1d38a12cce57fb855b485ed24c9e"},"headline":"Diyarbak\u0131r&#8217;da Ermenilerin arsalar\u0131 74 y\u0131ld\u0131r &#8216;payla\u015f\u0131lam\u0131yor&#8217;","datePublished":"2022-08-29T07:33:07+00:00","mainEntityOfPage":{"@id":"https:\/\/akunq.net\/tr\/?p=69820"},"wordCount":1711,"commentCount":0,"image":{"@id":"https:\/\/akunq.net\/tr\/?p=69820#primaryimage"},"thumbnailUrl":"https:\/\/akunq.net\/tr\/wp-content\/uploads\/sites\/6\/2022\/08\/Diyarbakir.jpg","articleSection":["G\u00fcn\u00fcm\u00fczde Bat\u0131 Ermenileri","G\u00fcn\u00fcm\u00fczde Bat\u0131 Ermenistan","Haberler","Haklar\u0131m\u0131z"],"inLanguage":"en-US","potentialAction":[{"@type":"CommentAction","name":"Comment","target":["https:\/\/akunq.net\/tr\/?p=69820#respond"]}]},{"@type":"WebPage","@id":"https:\/\/akunq.net\/tr\/?p=69820","url":"https:\/\/akunq.net\/tr\/?p=69820","name":"Diyarbak\u0131r'da Ermenilerin arsalar\u0131 74 y\u0131ld\u0131r 'payla\u015f\u0131lam\u0131yor' - Bati Ermenistan Ve Bati Ermenileri Sorunlari Ara\u015ftirmalar Merkezi","isPartOf":{"@id":"https:\/\/akunq.net\/tr\/#website"},"primaryImageOfPage":{"@id":"https:\/\/akunq.net\/tr\/?p=69820#primaryimage"},"image":{"@id":"https:\/\/akunq.net\/tr\/?p=69820#primaryimage"},"thumbnailUrl":"https:\/\/akunq.net\/tr\/wp-content\/uploads\/sites\/6\/2022\/08\/Diyarbakir.jpg","datePublished":"2022-08-29T07:33:07+00:00","author":{"@id":"https:\/\/akunq.net\/tr\/#\/schema\/person\/096f1d38a12cce57fb855b485ed24c9e"},"breadcrumb":{"@id":"https:\/\/akunq.net\/tr\/?p=69820#breadcrumb"},"inLanguage":"en-US","potentialAction":[{"@type":"ReadAction","target":["https:\/\/akunq.net\/tr\/?p=69820"]}]},{"@type":"ImageObject","inLanguage":"en-US","@id":"https:\/\/akunq.net\/tr\/?p=69820#primaryimage","url":"https:\/\/akunq.net\/tr\/wp-content\/uploads\/sites\/6\/2022\/08\/Diyarbakir.jpg","contentUrl":"https:\/\/akunq.net\/tr\/wp-content\/uploads\/sites\/6\/2022\/08\/Diyarbakir.jpg","width":1063,"height":550},{"@type":"BreadcrumbList","@id":"https:\/\/akunq.net\/tr\/?p=69820#breadcrumb","itemListElement":[{"@type":"ListItem","position":1,"name":"Home","item":"https:\/\/akunq.net\/tr"},{"@type":"ListItem","position":2,"name":"Diyarbak\u0131r&#8217;da Ermenilerin arsalar\u0131 74 y\u0131ld\u0131r &#8216;payla\u015f\u0131lam\u0131yor&#8217;"}]},{"@type":"WebSite","@id":"https:\/\/akunq.net\/tr\/#website","url":"https:\/\/akunq.net\/tr\/","name":"Bati Ermenistan Ve Bati Ermenileri Sorunlari Ara\u015ftirmalar Merkezi","description":"","potentialAction":[{"@type":"SearchAction","target":{"@type":"EntryPoint","urlTemplate":"https:\/\/akunq.net\/tr\/?s={search_term_string}"},"query-input":{"@type":"PropertyValueSpecification","valueRequired":true,"valueName":"search_term_string"}}],"inLanguage":"en-US"},{"@type":"Person","@id":"https:\/\/akunq.net\/tr\/#\/schema\/person\/096f1d38a12cce57fb855b485ed24c9e","name":"admin","url":"https:\/\/akunq.net\/tr\/?author=7"}]}},"_links":{"self":[{"href":"https:\/\/akunq.net\/tr\/index.php?rest_route=\/wp\/v2\/posts\/69820","targetHints":{"allow":["GET"]}}],"collection":[{"href":"https:\/\/akunq.net\/tr\/index.php?rest_route=\/wp\/v2\/posts"}],"about":[{"href":"https:\/\/akunq.net\/tr\/index.php?rest_route=\/wp\/v2\/types\/post"}],"author":[{"embeddable":true,"href":"https:\/\/akunq.net\/tr\/index.php?rest_route=\/wp\/v2\/users\/7"}],"replies":[{"embeddable":true,"href":"https:\/\/akunq.net\/tr\/index.php?rest_route=%2Fwp%2Fv2%2Fcomments&post=69820"}],"version-history":[{"count":1,"href":"https:\/\/akunq.net\/tr\/index.php?rest_route=\/wp\/v2\/posts\/69820\/revisions"}],"predecessor-version":[{"id":69822,"href":"https:\/\/akunq.net\/tr\/index.php?rest_route=\/wp\/v2\/posts\/69820\/revisions\/69822"}],"wp:featuredmedia":[{"embeddable":true,"href":"https:\/\/akunq.net\/tr\/index.php?rest_route=\/wp\/v2\/media\/69821"}],"wp:attachment":[{"href":"https:\/\/akunq.net\/tr\/index.php?rest_route=%2Fwp%2Fv2%2Fmedia&parent=69820"}],"wp:term":[{"taxonomy":"category","embeddable":true,"href":"https:\/\/akunq.net\/tr\/index.php?rest_route=%2Fwp%2Fv2%2Fcategories&post=69820"},{"taxonomy":"post_tag","embeddable":true,"href":"https:\/\/akunq.net\/tr\/index.php?rest_route=%2Fwp%2Fv2%2Ftags&post=69820"}],"curies":[{"name":"wp","href":"https:\/\/api.w.org\/{rel}","templated":true}]}}