{"id":69795,"date":"2022-08-24T02:58:39","date_gmt":"2022-08-24T07:58:39","guid":{"rendered":"https:\/\/akunq.net\/tr\/?p=69795"},"modified":"2022-08-24T19:40:12","modified_gmt":"2022-08-25T00:40:12","slug":"turkiye-ermeni-patrikhanesi-himayelerinde-gerceklestirilen-geleneksel-navasartyan-spor-festivali-son-buldu","status":"publish","type":"post","link":"https:\/\/akunq.net\/tr\/?p=69795","title":{"rendered":"T\u00fcrkiye Ermeni Patrikhanesi himayelerinde ger\u00e7ekle\u015ftirilen Geleneksel Navasartyan Spor Festivali son buldu"},"content":{"rendered":"<p><em><strong><img loading=\"lazy\" decoding=\"async\" class=\"aligncenter wp-image-69796\" src=\"https:\/\/akunq.net\/tr\/wp-content\/uploads\/2022\/08\/40142-360x204.jpg\" alt=\"\" width=\"651\" height=\"384\" \/>T\u00fcrkiye Gen\u00e7lik ve Spor Bakanl\u0131\u011f\u0131 ile T\u00fcrkiye Ermeni Patrikhanesi himayelerinde ger\u00e7ekle\u015ftirilen Geleneksel Navasartyan Spor Festivali, son buldu.<\/strong><\/em><\/p>\n<p>K\u0131nal\u0131ada&#8217;da d\u00fczenlenen ve 650 sporcunun m\u00fccadele etti\u011fi festivalde 5 bran\u015f ile 16 kategoride m\u00fcsabakalar yap\u0131ld\u0131.<\/p>\n<p>\u00dc\u00e7 g\u00fcn s\u00fcren festivalde dans ve m\u00fczik gruplar\u0131 da sahne ald\u0131.<\/p>\n<p>Kapan\u0131\u015f t\u00f6renine T\u00fcrkiye Ermenileri Patri\u011fi Sahak II Ma\u015falyan, Rahip Harutyun Damatyan, Adalar Kaymakam\u0131 Dr. Mustafa Ayhan, Adalar Gen\u00e7lik ve Spor \u0130l\u00e7e M\u00fcd\u00fcr\u00fc Onur Ba\u015far, kul\u00fcp ba\u015fkanlar\u0131, vak\u0131f y\u00f6neticileri ve sporseverler kat\u0131ld\u0131.<\/p>\n<p>Organizasyonda dereceye giren tak\u0131mlara ve sporculara kupa ile madalya takdim edildi.<\/p>\n<p>Geleneksel Navasartyan Spor Festivali&#8217;nde dereceye giren tak\u0131mlar ve sporcular \u015f\u00f6yle:<\/p>\n<p>Futbol k\u00fc\u00e7\u00fckler:<\/p>\n<p>1. Kadimspor<\/p>\n<p>2. Taksim Spor Kul\u00fcb\u00fc<\/p>\n<p>3. Ararad<\/p>\n<p>Futbol b\u00fcy\u00fckler:<\/p>\n<p>1. Taksim Spor Kul\u00fcb\u00fc<\/p>\n<p>2. Kadimspor<\/p>\n<p>3. Atletico Kurtulu\u015f<\/p>\n<p>Voleybol b\u00fcy\u00fckler:<\/p>\n<p>1. Proti<\/p>\n<p>2. Tunal\u0131<\/p>\n<p>3. Pattug<\/p>\n<p>Voleybol k\u00fc\u00e7\u00fckler:<\/p>\n<p>1. Arevel<\/p>\n<p>2. Hypers<\/p>\n<p>3. K\u0131rm\u0131z\u0131 \u015eeytanlar<\/p>\n<p>Basketbol k\u00fc\u00e7\u00fckler:<\/p>\n<p>1. Beyo\u011fluspor<\/p>\n<p>2. Garni<\/p>\n<p>3. 3 Musteers<\/p>\n<p>Basketbol b\u00fcy\u00fckler:<\/p>\n<p>1. Maestro<\/p>\n<p>2. Abaga<\/p>\n<p>3. Decided<\/p>\n<p>Tenis b\u00fcy\u00fckler:<\/p>\n<p>1. Ari Terzio\u011flu<\/p>\n<p>2. Garen Kabayel<\/p>\n<p>3. Vartan Mamigonyan<\/p>\n<p>Tenis k\u00fc\u00e7\u00fckler:<\/p>\n<p>1. Doruk Topalo\u011flu<\/p>\n<p>2. Pia Uzun<\/p>\n<p>3. Kayl Matatyan<\/p>\n<p><em><strong>https:\/\/www.ermenihaber.am\/tr\/news\/2022\/08\/23\/T%C3%BCrkiye-Navasartyan-Spor-Festivali\/236055<\/strong><\/em><\/p>\n","protected":false},"excerpt":{"rendered":"<p>T\u00fcrkiye Gen\u00e7lik ve Spor Bakanl\u0131\u011f\u0131 ile T\u00fcrkiye Ermeni Patrikhanesi himayelerinde ger\u00e7ekle\u015ftirilen Geleneksel Navasartyan Spor Festivali, son buldu. K\u0131nal\u0131ada&#8217;da d\u00fczenlenen ve 650 sporcunun m\u00fccadele etti\u011fi festivalde 5 bran\u015f ile 16 kategoride m\u00fcsabakalar yap\u0131ld\u0131. \u00dc\u00e7 g\u00fcn s\u00fcren festivalde dans ve m\u00fczik gruplar\u0131 da sahne ald\u0131. Kapan\u0131\u015f t\u00f6renine T\u00fcrkiye Ermenileri Patri\u011fi Sahak II Ma\u015falyan, Rahip Harutyun Damatyan, Adalar [&hellip;]<\/p>\n","protected":false},"author":7,"featured_media":69796,"comment_status":"open","ping_status":"open","sticky":false,"template":"","format":"standard","meta":{"footnotes":""},"categories":[1],"tags":[],"class_list":["post-69795","post","type-post","status-publish","format-standard","has-post-thumbnail","hentry","category-haberler"],"yoast_head":"<!-- This site is optimized with the Yoast SEO plugin v27.4 - https:\/\/yoast.com\/product\/yoast-seo-wordpress\/ -->\n<title>T\u00fcrkiye Ermeni Patrikhanesi himayelerinde ger\u00e7ekle\u015ftirilen Geleneksel Navasartyan Spor Festivali son buldu - Bati Ermenistan Ve Bati Ermenileri Sorunlari Ara\u015ftirmalar Merkezi<\/title>\n<meta name=\"robots\" content=\"index, follow, max-snippet:-1, max-image-preview:large, max-video-preview:-1\" \/>\n<link rel=\"canonical\" href=\"https:\/\/akunq.net\/tr\/?p=69795\" \/>\n<meta property=\"og:locale\" content=\"en_US\" \/>\n<meta property=\"og:type\" content=\"article\" \/>\n<meta property=\"og:title\" content=\"T\u00fcrkiye Ermeni Patrikhanesi himayelerinde ger\u00e7ekle\u015ftirilen Geleneksel Navasartyan Spor Festivali son buldu - Bati Ermenistan Ve Bati Ermenileri Sorunlari Ara\u015ftirmalar Merkezi\" \/>\n<meta property=\"og:description\" content=\"T\u00fcrkiye Gen\u00e7lik ve Spor Bakanl\u0131\u011f\u0131 ile T\u00fcrkiye Ermeni Patrikhanesi himayelerinde ger\u00e7ekle\u015ftirilen Geleneksel Navasartyan Spor Festivali, son buldu. K\u0131nal\u0131ada&#8217;da d\u00fczenlenen ve 650 sporcunun m\u00fccadele etti\u011fi festivalde 5 bran\u015f ile 16 kategoride m\u00fcsabakalar yap\u0131ld\u0131. \u00dc\u00e7 g\u00fcn s\u00fcren festivalde dans ve m\u00fczik gruplar\u0131 da sahne ald\u0131. Kapan\u0131\u015f t\u00f6renine T\u00fcrkiye Ermenileri Patri\u011fi Sahak II Ma\u015falyan, Rahip Harutyun Damatyan, Adalar [&hellip;]\" \/>\n<meta property=\"og:url\" content=\"https:\/\/akunq.net\/tr\/?p=69795\" \/>\n<meta property=\"og:site_name\" content=\"Bati Ermenistan Ve Bati Ermenileri Sorunlari Ara\u015ftirmalar Merkezi\" \/>\n<meta property=\"article:published_time\" content=\"2022-08-24T07:58:39+00:00\" \/>\n<meta property=\"article:modified_time\" content=\"2022-08-25T00:40:12+00:00\" \/>\n<meta property=\"og:image\" content=\"https:\/\/akunq.net\/tr\/wp-content\/uploads\/sites\/6\/2022\/08\/40142.jpg\" \/>\n\t<meta property=\"og:image:width\" content=\"670\" \/>\n\t<meta property=\"og:image:height\" content=\"380\" \/>\n\t<meta property=\"og:image:type\" content=\"image\/jpeg\" \/>\n<meta name=\"author\" content=\"admin\" \/>\n<meta name=\"twitter:card\" content=\"summary_large_image\" \/>\n<meta name=\"twitter:label1\" content=\"Written by\" \/>\n\t<meta name=\"twitter:data1\" content=\"admin\" \/>\n\t<meta name=\"twitter:label2\" content=\"Est. reading time\" \/>\n\t<meta name=\"twitter:data2\" content=\"1 minute\" \/>\n<script type=\"application\/ld+json\" class=\"yoast-schema-graph\">{\"@context\":\"https:\\\/\\\/schema.org\",\"@graph\":[{\"@type\":\"Article\",\"@id\":\"https:\\\/\\\/akunq.net\\\/tr\\\/?p=69795#article\",\"isPartOf\":{\"@id\":\"https:\\\/\\\/akunq.net\\\/tr\\\/?p=69795\"},\"author\":{\"name\":\"admin\",\"@id\":\"https:\\\/\\\/akunq.net\\\/tr\\\/#\\\/schema\\\/person\\\/096f1d38a12cce57fb855b485ed24c9e\"},\"headline\":\"T\u00fcrkiye Ermeni Patrikhanesi himayelerinde ger\u00e7ekle\u015ftirilen Geleneksel Navasartyan Spor Festivali son buldu\",\"datePublished\":\"2022-08-24T07:58:39+00:00\",\"dateModified\":\"2022-08-25T00:40:12+00:00\",\"mainEntityOfPage\":{\"@id\":\"https:\\\/\\\/akunq.net\\\/tr\\\/?p=69795\"},\"wordCount\":216,\"commentCount\":0,\"image\":{\"@id\":\"https:\\\/\\\/akunq.net\\\/tr\\\/?p=69795#primaryimage\"},\"thumbnailUrl\":\"https:\\\/\\\/akunq.net\\\/tr\\\/wp-content\\\/uploads\\\/sites\\\/6\\\/2022\\\/08\\\/40142.jpg\",\"articleSection\":[\"Haberler\"],\"inLanguage\":\"en-US\",\"potentialAction\":[{\"@type\":\"CommentAction\",\"name\":\"Comment\",\"target\":[\"https:\\\/\\\/akunq.net\\\/tr\\\/?p=69795#respond\"]}]},{\"@type\":\"WebPage\",\"@id\":\"https:\\\/\\\/akunq.net\\\/tr\\\/?p=69795\",\"url\":\"https:\\\/\\\/akunq.net\\\/tr\\\/?p=69795\",\"name\":\"T\u00fcrkiye Ermeni Patrikhanesi himayelerinde ger\u00e7ekle\u015ftirilen Geleneksel Navasartyan Spor Festivali son buldu - Bati Ermenistan Ve Bati Ermenileri Sorunlari Ara\u015ftirmalar Merkezi\",\"isPartOf\":{\"@id\":\"https:\\\/\\\/akunq.net\\\/tr\\\/#website\"},\"primaryImageOfPage\":{\"@id\":\"https:\\\/\\\/akunq.net\\\/tr\\\/?p=69795#primaryimage\"},\"image\":{\"@id\":\"https:\\\/\\\/akunq.net\\\/tr\\\/?p=69795#primaryimage\"},\"thumbnailUrl\":\"https:\\\/\\\/akunq.net\\\/tr\\\/wp-content\\\/uploads\\\/sites\\\/6\\\/2022\\\/08\\\/40142.jpg\",\"datePublished\":\"2022-08-24T07:58:39+00:00\",\"dateModified\":\"2022-08-25T00:40:12+00:00\",\"author\":{\"@id\":\"https:\\\/\\\/akunq.net\\\/tr\\\/#\\\/schema\\\/person\\\/096f1d38a12cce57fb855b485ed24c9e\"},\"breadcrumb\":{\"@id\":\"https:\\\/\\\/akunq.net\\\/tr\\\/?p=69795#breadcrumb\"},\"inLanguage\":\"en-US\",\"potentialAction\":[{\"@type\":\"ReadAction\",\"target\":[\"https:\\\/\\\/akunq.net\\\/tr\\\/?p=69795\"]}]},{\"@type\":\"ImageObject\",\"inLanguage\":\"en-US\",\"@id\":\"https:\\\/\\\/akunq.net\\\/tr\\\/?p=69795#primaryimage\",\"url\":\"https:\\\/\\\/akunq.net\\\/tr\\\/wp-content\\\/uploads\\\/sites\\\/6\\\/2022\\\/08\\\/40142.jpg\",\"contentUrl\":\"https:\\\/\\\/akunq.net\\\/tr\\\/wp-content\\\/uploads\\\/sites\\\/6\\\/2022\\\/08\\\/40142.jpg\",\"width\":670,\"height\":380},{\"@type\":\"BreadcrumbList\",\"@id\":\"https:\\\/\\\/akunq.net\\\/tr\\\/?p=69795#breadcrumb\",\"itemListElement\":[{\"@type\":\"ListItem\",\"position\":1,\"name\":\"Home\",\"item\":\"https:\\\/\\\/akunq.net\\\/tr\"},{\"@type\":\"ListItem\",\"position\":2,\"name\":\"T\u00fcrkiye Ermeni Patrikhanesi himayelerinde ger\u00e7ekle\u015ftirilen Geleneksel Navasartyan Spor Festivali son buldu\"}]},{\"@type\":\"WebSite\",\"@id\":\"https:\\\/\\\/akunq.net\\\/tr\\\/#website\",\"url\":\"https:\\\/\\\/akunq.net\\\/tr\\\/\",\"name\":\"Bati Ermenistan Ve Bati Ermenileri Sorunlari Ara\u015ftirmalar Merkezi\",\"description\":\"\",\"potentialAction\":[{\"@type\":\"SearchAction\",\"target\":{\"@type\":\"EntryPoint\",\"urlTemplate\":\"https:\\\/\\\/akunq.net\\\/tr\\\/?s={search_term_string}\"},\"query-input\":{\"@type\":\"PropertyValueSpecification\",\"valueRequired\":true,\"valueName\":\"search_term_string\"}}],\"inLanguage\":\"en-US\"},{\"@type\":\"Person\",\"@id\":\"https:\\\/\\\/akunq.net\\\/tr\\\/#\\\/schema\\\/person\\\/096f1d38a12cce57fb855b485ed24c9e\",\"name\":\"admin\",\"url\":\"https:\\\/\\\/akunq.net\\\/tr\\\/?author=7\"}]}<\/script>\n<!-- \/ Yoast SEO plugin. -->","yoast_head_json":{"title":"T\u00fcrkiye Ermeni Patrikhanesi himayelerinde ger\u00e7ekle\u015ftirilen Geleneksel Navasartyan Spor Festivali son buldu - Bati Ermenistan Ve Bati Ermenileri Sorunlari Ara\u015ftirmalar Merkezi","robots":{"index":"index","follow":"follow","max-snippet":"max-snippet:-1","max-image-preview":"max-image-preview:large","max-video-preview":"max-video-preview:-1"},"canonical":"https:\/\/akunq.net\/tr\/?p=69795","og_locale":"en_US","og_type":"article","og_title":"T\u00fcrkiye Ermeni Patrikhanesi himayelerinde ger\u00e7ekle\u015ftirilen Geleneksel Navasartyan Spor Festivali son buldu - Bati Ermenistan Ve Bati Ermenileri Sorunlari Ara\u015ftirmalar Merkezi","og_description":"T\u00fcrkiye Gen\u00e7lik ve Spor Bakanl\u0131\u011f\u0131 ile T\u00fcrkiye Ermeni Patrikhanesi himayelerinde ger\u00e7ekle\u015ftirilen Geleneksel Navasartyan Spor Festivali, son buldu. K\u0131nal\u0131ada&#8217;da d\u00fczenlenen ve 650 sporcunun m\u00fccadele etti\u011fi festivalde 5 bran\u015f ile 16 kategoride m\u00fcsabakalar yap\u0131ld\u0131. \u00dc\u00e7 g\u00fcn s\u00fcren festivalde dans ve m\u00fczik gruplar\u0131 da sahne ald\u0131. Kapan\u0131\u015f t\u00f6renine T\u00fcrkiye Ermenileri Patri\u011fi Sahak II Ma\u015falyan, Rahip Harutyun Damatyan, Adalar [&hellip;]","og_url":"https:\/\/akunq.net\/tr\/?p=69795","og_site_name":"Bati Ermenistan Ve Bati Ermenileri Sorunlari Ara\u015ftirmalar Merkezi","article_published_time":"2022-08-24T07:58:39+00:00","article_modified_time":"2022-08-25T00:40:12+00:00","og_image":[{"width":670,"height":380,"url":"https:\/\/akunq.net\/tr\/wp-content\/uploads\/sites\/6\/2022\/08\/40142.jpg","type":"image\/jpeg"}],"author":"admin","twitter_card":"summary_large_image","twitter_misc":{"Written by":"admin","Est. reading time":"1 minute"},"schema":{"@context":"https:\/\/schema.org","@graph":[{"@type":"Article","@id":"https:\/\/akunq.net\/tr\/?p=69795#article","isPartOf":{"@id":"https:\/\/akunq.net\/tr\/?p=69795"},"author":{"name":"admin","@id":"https:\/\/akunq.net\/tr\/#\/schema\/person\/096f1d38a12cce57fb855b485ed24c9e"},"headline":"T\u00fcrkiye Ermeni Patrikhanesi himayelerinde ger\u00e7ekle\u015ftirilen Geleneksel Navasartyan Spor Festivali son buldu","datePublished":"2022-08-24T07:58:39+00:00","dateModified":"2022-08-25T00:40:12+00:00","mainEntityOfPage":{"@id":"https:\/\/akunq.net\/tr\/?p=69795"},"wordCount":216,"commentCount":0,"image":{"@id":"https:\/\/akunq.net\/tr\/?p=69795#primaryimage"},"thumbnailUrl":"https:\/\/akunq.net\/tr\/wp-content\/uploads\/sites\/6\/2022\/08\/40142.jpg","articleSection":["Haberler"],"inLanguage":"en-US","potentialAction":[{"@type":"CommentAction","name":"Comment","target":["https:\/\/akunq.net\/tr\/?p=69795#respond"]}]},{"@type":"WebPage","@id":"https:\/\/akunq.net\/tr\/?p=69795","url":"https:\/\/akunq.net\/tr\/?p=69795","name":"T\u00fcrkiye Ermeni Patrikhanesi himayelerinde ger\u00e7ekle\u015ftirilen Geleneksel Navasartyan Spor Festivali son buldu - Bati Ermenistan Ve Bati Ermenileri Sorunlari Ara\u015ftirmalar Merkezi","isPartOf":{"@id":"https:\/\/akunq.net\/tr\/#website"},"primaryImageOfPage":{"@id":"https:\/\/akunq.net\/tr\/?p=69795#primaryimage"},"image":{"@id":"https:\/\/akunq.net\/tr\/?p=69795#primaryimage"},"thumbnailUrl":"https:\/\/akunq.net\/tr\/wp-content\/uploads\/sites\/6\/2022\/08\/40142.jpg","datePublished":"2022-08-24T07:58:39+00:00","dateModified":"2022-08-25T00:40:12+00:00","author":{"@id":"https:\/\/akunq.net\/tr\/#\/schema\/person\/096f1d38a12cce57fb855b485ed24c9e"},"breadcrumb":{"@id":"https:\/\/akunq.net\/tr\/?p=69795#breadcrumb"},"inLanguage":"en-US","potentialAction":[{"@type":"ReadAction","target":["https:\/\/akunq.net\/tr\/?p=69795"]}]},{"@type":"ImageObject","inLanguage":"en-US","@id":"https:\/\/akunq.net\/tr\/?p=69795#primaryimage","url":"https:\/\/akunq.net\/tr\/wp-content\/uploads\/sites\/6\/2022\/08\/40142.jpg","contentUrl":"https:\/\/akunq.net\/tr\/wp-content\/uploads\/sites\/6\/2022\/08\/40142.jpg","width":670,"height":380},{"@type":"BreadcrumbList","@id":"https:\/\/akunq.net\/tr\/?p=69795#breadcrumb","itemListElement":[{"@type":"ListItem","position":1,"name":"Home","item":"https:\/\/akunq.net\/tr"},{"@type":"ListItem","position":2,"name":"T\u00fcrkiye Ermeni Patrikhanesi himayelerinde ger\u00e7ekle\u015ftirilen Geleneksel Navasartyan Spor Festivali son buldu"}]},{"@type":"WebSite","@id":"https:\/\/akunq.net\/tr\/#website","url":"https:\/\/akunq.net\/tr\/","name":"Bati Ermenistan Ve Bati Ermenileri Sorunlari Ara\u015ftirmalar Merkezi","description":"","potentialAction":[{"@type":"SearchAction","target":{"@type":"EntryPoint","urlTemplate":"https:\/\/akunq.net\/tr\/?s={search_term_string}"},"query-input":{"@type":"PropertyValueSpecification","valueRequired":true,"valueName":"search_term_string"}}],"inLanguage":"en-US"},{"@type":"Person","@id":"https:\/\/akunq.net\/tr\/#\/schema\/person\/096f1d38a12cce57fb855b485ed24c9e","name":"admin","url":"https:\/\/akunq.net\/tr\/?author=7"}]}},"_links":{"self":[{"href":"https:\/\/akunq.net\/tr\/index.php?rest_route=\/wp\/v2\/posts\/69795","targetHints":{"allow":["GET"]}}],"collection":[{"href":"https:\/\/akunq.net\/tr\/index.php?rest_route=\/wp\/v2\/posts"}],"about":[{"href":"https:\/\/akunq.net\/tr\/index.php?rest_route=\/wp\/v2\/types\/post"}],"author":[{"embeddable":true,"href":"https:\/\/akunq.net\/tr\/index.php?rest_route=\/wp\/v2\/users\/7"}],"replies":[{"embeddable":true,"href":"https:\/\/akunq.net\/tr\/index.php?rest_route=%2Fwp%2Fv2%2Fcomments&post=69795"}],"version-history":[{"count":1,"href":"https:\/\/akunq.net\/tr\/index.php?rest_route=\/wp\/v2\/posts\/69795\/revisions"}],"predecessor-version":[{"id":69797,"href":"https:\/\/akunq.net\/tr\/index.php?rest_route=\/wp\/v2\/posts\/69795\/revisions\/69797"}],"wp:featuredmedia":[{"embeddable":true,"href":"https:\/\/akunq.net\/tr\/index.php?rest_route=\/wp\/v2\/media\/69796"}],"wp:attachment":[{"href":"https:\/\/akunq.net\/tr\/index.php?rest_route=%2Fwp%2Fv2%2Fmedia&parent=69795"}],"wp:term":[{"taxonomy":"category","embeddable":true,"href":"https:\/\/akunq.net\/tr\/index.php?rest_route=%2Fwp%2Fv2%2Fcategories&post=69795"},{"taxonomy":"post_tag","embeddable":true,"href":"https:\/\/akunq.net\/tr\/index.php?rest_route=%2Fwp%2Fv2%2Ftags&post=69795"}],"curies":[{"name":"wp","href":"https:\/\/api.w.org\/{rel}","templated":true}]}}