{"id":69715,"date":"2022-08-16T02:36:51","date_gmt":"2022-08-16T07:36:51","guid":{"rendered":"https:\/\/akunq.net\/tr\/?p=69715"},"modified":"2022-08-16T02:36:51","modified_gmt":"2022-08-16T07:36:51","slug":"ermenistanda-1-gunluk-yas-ilan-edilecek","status":"publish","type":"post","link":"https:\/\/akunq.net\/tr\/?p=69715","title":{"rendered":"Ermenistan&#8217;da 1 g\u00fcnl\u00fck yas ilan edilecek"},"content":{"rendered":"<p><em><strong><img loading=\"lazy\" decoding=\"async\" class=\"aligncenter  wp-image-69716\" src=\"https:\/\/akunq.net\/tr\/wp-content\/uploads\/2022\/08\/46.thumb_-360x202.jpg\" alt=\"\" width=\"543\" height=\"317\" \/><\/strong><\/em><\/p>\n<p><em><strong>Ermenistan h\u00fck\u00fcmeti, &#8220;Surmalu&#8221; Al\u0131\u015fveri\u015f Merkezinde meydana gelen trajik patlamayla ilgili \u00fclke genelinde bir g\u00fcnl\u00fck yas ilan edecek.<\/strong><\/em><\/p>\n<p>Ermenistan Halkla \u0130li\u015fkiler Dairesi&#8217;nin bildirdi\u011fine g\u00f6re yas g\u00fcn\u00fcn\u00fcn tarihi ise arama-kurtarma \u00e7al\u0131\u015fmalar\u0131n\u0131n tamamlanmas\u0131n\u0131n ard\u0131ndan belirlenecek.<\/p>\n<p>Ermenistan\u2019\u0131n ba\u015fkenti Yerevan\u2019daki Surmalu Al\u0131\u015fveri\u015f Merkezi\u2019nde bulunan bir havai fi\u015fek deposunda ya\u015fanan patlamada can kayb\u0131 16\u2019ya y\u00fckseldi. Aralar\u0131nda k\u00fc\u00e7\u00fck bir \u00e7ocuk ve hamile bir kad\u0131n da var.<\/p>\n<p>60 ki\u015fi hastaneye kald\u0131r\u0131ld\u0131, 12&#8217;si tedavisine devam ederken, kalan 48&#8217;i taburcu edildi. 10 ki\u015fiden haber al\u0131nam\u0131yor.<\/p>\n<p><em><strong>https:\/\/www.ermenihaber.am\/tr\/news\/2022\/08\/16\/Ermenistan-yas-g%C3%BCn%C3%BC\/235680<\/strong><\/em><\/p>\n<p>&nbsp;<\/p>\n","protected":false},"excerpt":{"rendered":"<p>Ermenistan h\u00fck\u00fcmeti, &#8220;Surmalu&#8221; Al\u0131\u015fveri\u015f Merkezinde meydana gelen trajik patlamayla ilgili \u00fclke genelinde bir g\u00fcnl\u00fck yas ilan edecek. Ermenistan Halkla \u0130li\u015fkiler Dairesi&#8217;nin bildirdi\u011fine g\u00f6re yas g\u00fcn\u00fcn\u00fcn tarihi ise arama-kurtarma \u00e7al\u0131\u015fmalar\u0131n\u0131n tamamlanmas\u0131n\u0131n ard\u0131ndan belirlenecek. Ermenistan\u2019\u0131n ba\u015fkenti Yerevan\u2019daki Surmalu Al\u0131\u015fveri\u015f Merkezi\u2019nde bulunan bir havai fi\u015fek deposunda ya\u015fanan patlamada can kayb\u0131 16\u2019ya y\u00fckseldi. Aralar\u0131nda k\u00fc\u00e7\u00fck bir \u00e7ocuk ve hamile [&hellip;]<\/p>\n","protected":false},"author":7,"featured_media":69716,"comment_status":"open","ping_status":"open","sticky":false,"template":"","format":"standard","meta":{"footnotes":""},"categories":[1],"tags":[],"class_list":["post-69715","post","type-post","status-publish","format-standard","has-post-thumbnail","hentry","category-haberler"],"yoast_head":"<!-- This site is optimized with the Yoast SEO plugin v27.4 - https:\/\/yoast.com\/product\/yoast-seo-wordpress\/ -->\n<title>Ermenistan&#039;da 1 g\u00fcnl\u00fck yas ilan edilecek - Bati Ermenistan Ve Bati Ermenileri Sorunlari Ara\u015ftirmalar Merkezi<\/title>\n<meta name=\"robots\" content=\"index, follow, max-snippet:-1, max-image-preview:large, max-video-preview:-1\" \/>\n<link rel=\"canonical\" href=\"https:\/\/akunq.net\/tr\/?p=69715\" \/>\n<meta property=\"og:locale\" content=\"en_US\" \/>\n<meta property=\"og:type\" content=\"article\" \/>\n<meta property=\"og:title\" content=\"Ermenistan&#039;da 1 g\u00fcnl\u00fck yas ilan edilecek - Bati Ermenistan Ve Bati Ermenileri Sorunlari Ara\u015ftirmalar Merkezi\" \/>\n<meta property=\"og:description\" content=\"Ermenistan h\u00fck\u00fcmeti, &#8220;Surmalu&#8221; Al\u0131\u015fveri\u015f Merkezinde meydana gelen trajik patlamayla ilgili \u00fclke genelinde bir g\u00fcnl\u00fck yas ilan edecek. Ermenistan Halkla \u0130li\u015fkiler Dairesi&#8217;nin bildirdi\u011fine g\u00f6re yas g\u00fcn\u00fcn\u00fcn tarihi ise arama-kurtarma \u00e7al\u0131\u015fmalar\u0131n\u0131n tamamlanmas\u0131n\u0131n ard\u0131ndan belirlenecek. Ermenistan\u2019\u0131n ba\u015fkenti Yerevan\u2019daki Surmalu Al\u0131\u015fveri\u015f Merkezi\u2019nde bulunan bir havai fi\u015fek deposunda ya\u015fanan patlamada can kayb\u0131 16\u2019ya y\u00fckseldi. Aralar\u0131nda k\u00fc\u00e7\u00fck bir \u00e7ocuk ve hamile [&hellip;]\" \/>\n<meta property=\"og:url\" content=\"https:\/\/akunq.net\/tr\/?p=69715\" \/>\n<meta property=\"og:site_name\" content=\"Bati Ermenistan Ve Bati Ermenileri Sorunlari Ara\u015ftirmalar Merkezi\" \/>\n<meta property=\"article:published_time\" content=\"2022-08-16T07:36:51+00:00\" \/>\n<meta property=\"og:image\" content=\"https:\/\/akunq.net\/tr\/wp-content\/uploads\/sites\/6\/2022\/08\/46.thumb_.jpg\" \/>\n\t<meta property=\"og:image:width\" content=\"790\" \/>\n\t<meta property=\"og:image:height\" content=\"443\" \/>\n\t<meta property=\"og:image:type\" content=\"image\/jpeg\" \/>\n<meta name=\"author\" content=\"admin\" \/>\n<meta name=\"twitter:card\" content=\"summary_large_image\" \/>\n<meta name=\"twitter:label1\" content=\"Written by\" \/>\n\t<meta name=\"twitter:data1\" content=\"admin\" \/>\n\t<meta name=\"twitter:label2\" content=\"Est. reading time\" \/>\n\t<meta name=\"twitter:data2\" content=\"1 minute\" \/>\n<script type=\"application\/ld+json\" class=\"yoast-schema-graph\">{\"@context\":\"https:\\\/\\\/schema.org\",\"@graph\":[{\"@type\":\"Article\",\"@id\":\"https:\\\/\\\/akunq.net\\\/tr\\\/?p=69715#article\",\"isPartOf\":{\"@id\":\"https:\\\/\\\/akunq.net\\\/tr\\\/?p=69715\"},\"author\":{\"name\":\"admin\",\"@id\":\"https:\\\/\\\/akunq.net\\\/tr\\\/#\\\/schema\\\/person\\\/096f1d38a12cce57fb855b485ed24c9e\"},\"headline\":\"Ermenistan&#8217;da 1 g\u00fcnl\u00fck yas ilan edilecek\",\"datePublished\":\"2022-08-16T07:36:51+00:00\",\"mainEntityOfPage\":{\"@id\":\"https:\\\/\\\/akunq.net\\\/tr\\\/?p=69715\"},\"wordCount\":126,\"commentCount\":0,\"image\":{\"@id\":\"https:\\\/\\\/akunq.net\\\/tr\\\/?p=69715#primaryimage\"},\"thumbnailUrl\":\"https:\\\/\\\/akunq.net\\\/tr\\\/wp-content\\\/uploads\\\/sites\\\/6\\\/2022\\\/08\\\/46.thumb_.jpg\",\"articleSection\":[\"Haberler\"],\"inLanguage\":\"en-US\",\"potentialAction\":[{\"@type\":\"CommentAction\",\"name\":\"Comment\",\"target\":[\"https:\\\/\\\/akunq.net\\\/tr\\\/?p=69715#respond\"]}]},{\"@type\":\"WebPage\",\"@id\":\"https:\\\/\\\/akunq.net\\\/tr\\\/?p=69715\",\"url\":\"https:\\\/\\\/akunq.net\\\/tr\\\/?p=69715\",\"name\":\"Ermenistan'da 1 g\u00fcnl\u00fck yas ilan edilecek - Bati Ermenistan Ve Bati Ermenileri Sorunlari Ara\u015ftirmalar Merkezi\",\"isPartOf\":{\"@id\":\"https:\\\/\\\/akunq.net\\\/tr\\\/#website\"},\"primaryImageOfPage\":{\"@id\":\"https:\\\/\\\/akunq.net\\\/tr\\\/?p=69715#primaryimage\"},\"image\":{\"@id\":\"https:\\\/\\\/akunq.net\\\/tr\\\/?p=69715#primaryimage\"},\"thumbnailUrl\":\"https:\\\/\\\/akunq.net\\\/tr\\\/wp-content\\\/uploads\\\/sites\\\/6\\\/2022\\\/08\\\/46.thumb_.jpg\",\"datePublished\":\"2022-08-16T07:36:51+00:00\",\"author\":{\"@id\":\"https:\\\/\\\/akunq.net\\\/tr\\\/#\\\/schema\\\/person\\\/096f1d38a12cce57fb855b485ed24c9e\"},\"breadcrumb\":{\"@id\":\"https:\\\/\\\/akunq.net\\\/tr\\\/?p=69715#breadcrumb\"},\"inLanguage\":\"en-US\",\"potentialAction\":[{\"@type\":\"ReadAction\",\"target\":[\"https:\\\/\\\/akunq.net\\\/tr\\\/?p=69715\"]}]},{\"@type\":\"ImageObject\",\"inLanguage\":\"en-US\",\"@id\":\"https:\\\/\\\/akunq.net\\\/tr\\\/?p=69715#primaryimage\",\"url\":\"https:\\\/\\\/akunq.net\\\/tr\\\/wp-content\\\/uploads\\\/sites\\\/6\\\/2022\\\/08\\\/46.thumb_.jpg\",\"contentUrl\":\"https:\\\/\\\/akunq.net\\\/tr\\\/wp-content\\\/uploads\\\/sites\\\/6\\\/2022\\\/08\\\/46.thumb_.jpg\",\"width\":790,\"height\":443},{\"@type\":\"BreadcrumbList\",\"@id\":\"https:\\\/\\\/akunq.net\\\/tr\\\/?p=69715#breadcrumb\",\"itemListElement\":[{\"@type\":\"ListItem\",\"position\":1,\"name\":\"Home\",\"item\":\"https:\\\/\\\/akunq.net\\\/tr\"},{\"@type\":\"ListItem\",\"position\":2,\"name\":\"Ermenistan&#8217;da 1 g\u00fcnl\u00fck yas ilan edilecek\"}]},{\"@type\":\"WebSite\",\"@id\":\"https:\\\/\\\/akunq.net\\\/tr\\\/#website\",\"url\":\"https:\\\/\\\/akunq.net\\\/tr\\\/\",\"name\":\"Bati Ermenistan Ve Bati Ermenileri Sorunlari Ara\u015ftirmalar Merkezi\",\"description\":\"\",\"potentialAction\":[{\"@type\":\"SearchAction\",\"target\":{\"@type\":\"EntryPoint\",\"urlTemplate\":\"https:\\\/\\\/akunq.net\\\/tr\\\/?s={search_term_string}\"},\"query-input\":{\"@type\":\"PropertyValueSpecification\",\"valueRequired\":true,\"valueName\":\"search_term_string\"}}],\"inLanguage\":\"en-US\"},{\"@type\":\"Person\",\"@id\":\"https:\\\/\\\/akunq.net\\\/tr\\\/#\\\/schema\\\/person\\\/096f1d38a12cce57fb855b485ed24c9e\",\"name\":\"admin\",\"url\":\"https:\\\/\\\/akunq.net\\\/tr\\\/?author=7\"}]}<\/script>\n<!-- \/ Yoast SEO plugin. -->","yoast_head_json":{"title":"Ermenistan'da 1 g\u00fcnl\u00fck yas ilan edilecek - Bati Ermenistan Ve Bati Ermenileri Sorunlari Ara\u015ftirmalar Merkezi","robots":{"index":"index","follow":"follow","max-snippet":"max-snippet:-1","max-image-preview":"max-image-preview:large","max-video-preview":"max-video-preview:-1"},"canonical":"https:\/\/akunq.net\/tr\/?p=69715","og_locale":"en_US","og_type":"article","og_title":"Ermenistan'da 1 g\u00fcnl\u00fck yas ilan edilecek - Bati Ermenistan Ve Bati Ermenileri Sorunlari Ara\u015ftirmalar Merkezi","og_description":"Ermenistan h\u00fck\u00fcmeti, &#8220;Surmalu&#8221; Al\u0131\u015fveri\u015f Merkezinde meydana gelen trajik patlamayla ilgili \u00fclke genelinde bir g\u00fcnl\u00fck yas ilan edecek. Ermenistan Halkla \u0130li\u015fkiler Dairesi&#8217;nin bildirdi\u011fine g\u00f6re yas g\u00fcn\u00fcn\u00fcn tarihi ise arama-kurtarma \u00e7al\u0131\u015fmalar\u0131n\u0131n tamamlanmas\u0131n\u0131n ard\u0131ndan belirlenecek. Ermenistan\u2019\u0131n ba\u015fkenti Yerevan\u2019daki Surmalu Al\u0131\u015fveri\u015f Merkezi\u2019nde bulunan bir havai fi\u015fek deposunda ya\u015fanan patlamada can kayb\u0131 16\u2019ya y\u00fckseldi. Aralar\u0131nda k\u00fc\u00e7\u00fck bir \u00e7ocuk ve hamile [&hellip;]","og_url":"https:\/\/akunq.net\/tr\/?p=69715","og_site_name":"Bati Ermenistan Ve Bati Ermenileri Sorunlari Ara\u015ftirmalar Merkezi","article_published_time":"2022-08-16T07:36:51+00:00","og_image":[{"width":790,"height":443,"url":"https:\/\/akunq.net\/tr\/wp-content\/uploads\/sites\/6\/2022\/08\/46.thumb_.jpg","type":"image\/jpeg"}],"author":"admin","twitter_card":"summary_large_image","twitter_misc":{"Written by":"admin","Est. reading time":"1 minute"},"schema":{"@context":"https:\/\/schema.org","@graph":[{"@type":"Article","@id":"https:\/\/akunq.net\/tr\/?p=69715#article","isPartOf":{"@id":"https:\/\/akunq.net\/tr\/?p=69715"},"author":{"name":"admin","@id":"https:\/\/akunq.net\/tr\/#\/schema\/person\/096f1d38a12cce57fb855b485ed24c9e"},"headline":"Ermenistan&#8217;da 1 g\u00fcnl\u00fck yas ilan edilecek","datePublished":"2022-08-16T07:36:51+00:00","mainEntityOfPage":{"@id":"https:\/\/akunq.net\/tr\/?p=69715"},"wordCount":126,"commentCount":0,"image":{"@id":"https:\/\/akunq.net\/tr\/?p=69715#primaryimage"},"thumbnailUrl":"https:\/\/akunq.net\/tr\/wp-content\/uploads\/sites\/6\/2022\/08\/46.thumb_.jpg","articleSection":["Haberler"],"inLanguage":"en-US","potentialAction":[{"@type":"CommentAction","name":"Comment","target":["https:\/\/akunq.net\/tr\/?p=69715#respond"]}]},{"@type":"WebPage","@id":"https:\/\/akunq.net\/tr\/?p=69715","url":"https:\/\/akunq.net\/tr\/?p=69715","name":"Ermenistan'da 1 g\u00fcnl\u00fck yas ilan edilecek - Bati Ermenistan Ve Bati Ermenileri Sorunlari Ara\u015ftirmalar Merkezi","isPartOf":{"@id":"https:\/\/akunq.net\/tr\/#website"},"primaryImageOfPage":{"@id":"https:\/\/akunq.net\/tr\/?p=69715#primaryimage"},"image":{"@id":"https:\/\/akunq.net\/tr\/?p=69715#primaryimage"},"thumbnailUrl":"https:\/\/akunq.net\/tr\/wp-content\/uploads\/sites\/6\/2022\/08\/46.thumb_.jpg","datePublished":"2022-08-16T07:36:51+00:00","author":{"@id":"https:\/\/akunq.net\/tr\/#\/schema\/person\/096f1d38a12cce57fb855b485ed24c9e"},"breadcrumb":{"@id":"https:\/\/akunq.net\/tr\/?p=69715#breadcrumb"},"inLanguage":"en-US","potentialAction":[{"@type":"ReadAction","target":["https:\/\/akunq.net\/tr\/?p=69715"]}]},{"@type":"ImageObject","inLanguage":"en-US","@id":"https:\/\/akunq.net\/tr\/?p=69715#primaryimage","url":"https:\/\/akunq.net\/tr\/wp-content\/uploads\/sites\/6\/2022\/08\/46.thumb_.jpg","contentUrl":"https:\/\/akunq.net\/tr\/wp-content\/uploads\/sites\/6\/2022\/08\/46.thumb_.jpg","width":790,"height":443},{"@type":"BreadcrumbList","@id":"https:\/\/akunq.net\/tr\/?p=69715#breadcrumb","itemListElement":[{"@type":"ListItem","position":1,"name":"Home","item":"https:\/\/akunq.net\/tr"},{"@type":"ListItem","position":2,"name":"Ermenistan&#8217;da 1 g\u00fcnl\u00fck yas ilan edilecek"}]},{"@type":"WebSite","@id":"https:\/\/akunq.net\/tr\/#website","url":"https:\/\/akunq.net\/tr\/","name":"Bati Ermenistan Ve Bati Ermenileri Sorunlari Ara\u015ftirmalar Merkezi","description":"","potentialAction":[{"@type":"SearchAction","target":{"@type":"EntryPoint","urlTemplate":"https:\/\/akunq.net\/tr\/?s={search_term_string}"},"query-input":{"@type":"PropertyValueSpecification","valueRequired":true,"valueName":"search_term_string"}}],"inLanguage":"en-US"},{"@type":"Person","@id":"https:\/\/akunq.net\/tr\/#\/schema\/person\/096f1d38a12cce57fb855b485ed24c9e","name":"admin","url":"https:\/\/akunq.net\/tr\/?author=7"}]}},"_links":{"self":[{"href":"https:\/\/akunq.net\/tr\/index.php?rest_route=\/wp\/v2\/posts\/69715","targetHints":{"allow":["GET"]}}],"collection":[{"href":"https:\/\/akunq.net\/tr\/index.php?rest_route=\/wp\/v2\/posts"}],"about":[{"href":"https:\/\/akunq.net\/tr\/index.php?rest_route=\/wp\/v2\/types\/post"}],"author":[{"embeddable":true,"href":"https:\/\/akunq.net\/tr\/index.php?rest_route=\/wp\/v2\/users\/7"}],"replies":[{"embeddable":true,"href":"https:\/\/akunq.net\/tr\/index.php?rest_route=%2Fwp%2Fv2%2Fcomments&post=69715"}],"version-history":[{"count":5,"href":"https:\/\/akunq.net\/tr\/index.php?rest_route=\/wp\/v2\/posts\/69715\/revisions"}],"predecessor-version":[{"id":69721,"href":"https:\/\/akunq.net\/tr\/index.php?rest_route=\/wp\/v2\/posts\/69715\/revisions\/69721"}],"wp:featuredmedia":[{"embeddable":true,"href":"https:\/\/akunq.net\/tr\/index.php?rest_route=\/wp\/v2\/media\/69716"}],"wp:attachment":[{"href":"https:\/\/akunq.net\/tr\/index.php?rest_route=%2Fwp%2Fv2%2Fmedia&parent=69715"}],"wp:term":[{"taxonomy":"category","embeddable":true,"href":"https:\/\/akunq.net\/tr\/index.php?rest_route=%2Fwp%2Fv2%2Fcategories&post=69715"},{"taxonomy":"post_tag","embeddable":true,"href":"https:\/\/akunq.net\/tr\/index.php?rest_route=%2Fwp%2Fv2%2Ftags&post=69715"}],"curies":[{"name":"wp","href":"https:\/\/api.w.org\/{rel}","templated":true}]}}