{"id":69704,"date":"2022-08-15T06:34:10","date_gmt":"2022-08-15T11:34:10","guid":{"rendered":"https:\/\/akunq.net\/tr\/?p=69704"},"modified":"2022-08-24T21:09:21","modified_gmt":"2022-08-25T02:09:21","slug":"turkiyenin-son-ermeni-koyunde-meryem-ana-yortusu-ve-uzum-bayrami-kutlandi","status":"publish","type":"post","link":"https:\/\/akunq.net\/tr\/?p=69704","title":{"rendered":"T\u00fcrkiye&#8217;nin son Ermeni k\u00f6y\u00fcnde Meryem Ana Yortusu ve \u00dcz\u00fcm Bayram\u0131 kutland\u0131"},"content":{"rendered":"<p><img loading=\"lazy\" decoding=\"async\" class=\"aligncenter wp-image-69705\" src=\"https:\/\/akunq.net\/tr\/wp-content\/uploads\/2022\/08\/298617521_2200417433451461_857975210841587247_n-360x240.jpg\" alt=\"\" width=\"512\" height=\"350\" \/><\/p>\n<p><em><strong>H\u0131ristiyanlar i\u00e7in en kutsal g\u00fcnlerden biri olan Meryem Ana Yortusu ve \u00dcz\u00fcm Bayram\u0131, T\u00fcrkiye\u2019nin son Ermeni k\u00f6y\u00fc Vak\u0131fl\u0131\u2019da kutland\u0131. H\u0131ristiyanlar, kutlama i\u00e7in Samanda\u011f\u2019daki Ermeni Vak\u0131fl\u0131 k\u00f6y\u00fcnde bir araya geldi.<\/strong><\/em><\/p>\n<p>15 A\u011fustos&#8217;a kadar \u00fcz\u00fcm orucu tutan Hristiyanlar, \u201cMeryem Ana&#8217;n\u0131n g\u00f6\u011fe y\u00fckseli\u015f g\u00fcn\u00fc&#8217;n\u00fc ve \u00dcz\u00fcm Bayram\u0131&#8217;n\u0131 kutlad\u0131ktan sonra hep beraber orucu bozuyor, gelenlere \u00fcz\u00fcm ikram ediliyor.<\/p>\n<p>Kutlamalar kapsam\u0131nda Vak\u0131fl\u0131 Mahallesi\u2019ndeki Meryem Ana Kilisesi\u2019nde ayin d\u00fczenlendi.<\/p>\n<p>T\u00fcrkiye Ermenileri Patri\u011fi Sahak Ma\u015falyan\u2019\u0131n y\u00f6netti\u011fi ayinde ilahiler okundu.<\/p>\n<p>Ba\u011f bozumunu yapan \u00e7ift\u00e7iler, ayin sonunda \u00fcz\u00fcmlerini kilise bah\u00e7esine getirdi ve y\u0131l\u0131n bereketli ge\u00e7mesi i\u00e7in dua etti.<\/p>\n<p>Ermenilerin ya\u015fad\u0131\u011f\u0131 k\u00f6yde geleneksel olarak d\u00fczenlenen \u201cMeryem Ana Yortusu\u201d ve \u201c\u00dcz\u00fcm Bayram\u0131\u201d etkinliklerine kat\u0131lanlara, kazanlarda pi\u015firilen bu\u011fday ile et kar\u0131\u015f\u0131m\u0131\u00a0harisa (ke\u015fkek)\u00a0ikram edildi.<img loading=\"lazy\" decoding=\"async\" class=\"aligncenter wp-image-69707\" src=\"https:\/\/akunq.net\/tr\/wp-content\/uploads\/2022\/08\/298609327_2200417093451495_8594593048484684324_n-360x240.jpg\" alt=\"\" width=\"425\" height=\"291\" \/><\/p>\n<p><em><strong>https:\/\/www.ermenihaber.am\/tr\/news\/2022\/08\/15\/T%C3%BCrkiye-Ermeni-Meryem-Ana-Yortusu-%C3%9Cz%C3%BCm\/235633<\/strong><\/em><\/p>\n","protected":false},"excerpt":{"rendered":"<p>H\u0131ristiyanlar i\u00e7in en kutsal g\u00fcnlerden biri olan Meryem Ana Yortusu ve \u00dcz\u00fcm Bayram\u0131, T\u00fcrkiye\u2019nin son Ermeni k\u00f6y\u00fc Vak\u0131fl\u0131\u2019da kutland\u0131. H\u0131ristiyanlar, kutlama i\u00e7in Samanda\u011f\u2019daki Ermeni Vak\u0131fl\u0131 k\u00f6y\u00fcnde bir araya geldi. 15 A\u011fustos&#8217;a kadar \u00fcz\u00fcm orucu tutan Hristiyanlar, \u201cMeryem Ana&#8217;n\u0131n g\u00f6\u011fe y\u00fckseli\u015f g\u00fcn\u00fc&#8217;n\u00fc ve \u00dcz\u00fcm Bayram\u0131&#8217;n\u0131 kutlad\u0131ktan sonra hep beraber orucu bozuyor, gelenlere \u00fcz\u00fcm ikram ediliyor. Kutlamalar [&hellip;]<\/p>\n","protected":false},"author":7,"featured_media":69705,"comment_status":"open","ping_status":"open","sticky":false,"template":"","format":"standard","meta":{"footnotes":""},"categories":[1],"tags":[],"class_list":["post-69704","post","type-post","status-publish","format-standard","has-post-thumbnail","hentry","category-haberler"],"yoast_head":"<!-- This site is optimized with the Yoast SEO plugin v27.4 - https:\/\/yoast.com\/product\/yoast-seo-wordpress\/ -->\n<title>T\u00fcrkiye&#039;nin son Ermeni k\u00f6y\u00fcnde Meryem Ana Yortusu ve \u00dcz\u00fcm Bayram\u0131 kutland\u0131 - Bati Ermenistan Ve Bati Ermenileri Sorunlari Ara\u015ftirmalar Merkezi<\/title>\n<meta name=\"robots\" content=\"index, follow, max-snippet:-1, max-image-preview:large, max-video-preview:-1\" \/>\n<link rel=\"canonical\" href=\"https:\/\/akunq.net\/tr\/?p=69704\" \/>\n<meta property=\"og:locale\" content=\"en_US\" \/>\n<meta property=\"og:type\" content=\"article\" \/>\n<meta property=\"og:title\" content=\"T\u00fcrkiye&#039;nin son Ermeni k\u00f6y\u00fcnde Meryem Ana Yortusu ve \u00dcz\u00fcm Bayram\u0131 kutland\u0131 - Bati Ermenistan Ve Bati Ermenileri Sorunlari Ara\u015ftirmalar Merkezi\" \/>\n<meta property=\"og:description\" content=\"H\u0131ristiyanlar i\u00e7in en kutsal g\u00fcnlerden biri olan Meryem Ana Yortusu ve \u00dcz\u00fcm Bayram\u0131, T\u00fcrkiye\u2019nin son Ermeni k\u00f6y\u00fc Vak\u0131fl\u0131\u2019da kutland\u0131. H\u0131ristiyanlar, kutlama i\u00e7in Samanda\u011f\u2019daki Ermeni Vak\u0131fl\u0131 k\u00f6y\u00fcnde bir araya geldi. 15 A\u011fustos&#8217;a kadar \u00fcz\u00fcm orucu tutan Hristiyanlar, \u201cMeryem Ana&#8217;n\u0131n g\u00f6\u011fe y\u00fckseli\u015f g\u00fcn\u00fc&#8217;n\u00fc ve \u00dcz\u00fcm Bayram\u0131&#8217;n\u0131 kutlad\u0131ktan sonra hep beraber orucu bozuyor, gelenlere \u00fcz\u00fcm ikram ediliyor. Kutlamalar [&hellip;]\" \/>\n<meta property=\"og:url\" content=\"https:\/\/akunq.net\/tr\/?p=69704\" \/>\n<meta property=\"og:site_name\" content=\"Bati Ermenistan Ve Bati Ermenileri Sorunlari Ara\u015ftirmalar Merkezi\" \/>\n<meta property=\"article:published_time\" content=\"2022-08-15T11:34:10+00:00\" \/>\n<meta property=\"article:modified_time\" content=\"2022-08-25T02:09:21+00:00\" \/>\n<meta property=\"og:image\" content=\"https:\/\/akunq.net\/tr\/wp-content\/uploads\/sites\/6\/2022\/08\/298617521_2200417433451461_857975210841587247_n.jpg\" \/>\n\t<meta property=\"og:image:width\" content=\"1600\" \/>\n\t<meta property=\"og:image:height\" content=\"1067\" \/>\n\t<meta property=\"og:image:type\" content=\"image\/jpeg\" \/>\n<meta name=\"author\" content=\"admin\" \/>\n<meta name=\"twitter:card\" content=\"summary_large_image\" \/>\n<meta name=\"twitter:label1\" content=\"Written by\" \/>\n\t<meta name=\"twitter:data1\" content=\"admin\" \/>\n\t<meta name=\"twitter:label2\" content=\"Est. reading time\" \/>\n\t<meta name=\"twitter:data2\" content=\"1 minute\" \/>\n<script type=\"application\/ld+json\" class=\"yoast-schema-graph\">{\"@context\":\"https:\\\/\\\/schema.org\",\"@graph\":[{\"@type\":\"Article\",\"@id\":\"https:\\\/\\\/akunq.net\\\/tr\\\/?p=69704#article\",\"isPartOf\":{\"@id\":\"https:\\\/\\\/akunq.net\\\/tr\\\/?p=69704\"},\"author\":{\"name\":\"admin\",\"@id\":\"https:\\\/\\\/akunq.net\\\/tr\\\/#\\\/schema\\\/person\\\/096f1d38a12cce57fb855b485ed24c9e\"},\"headline\":\"T\u00fcrkiye&#8217;nin son Ermeni k\u00f6y\u00fcnde Meryem Ana Yortusu ve \u00dcz\u00fcm Bayram\u0131 kutland\u0131\",\"datePublished\":\"2022-08-15T11:34:10+00:00\",\"dateModified\":\"2022-08-25T02:09:21+00:00\",\"mainEntityOfPage\":{\"@id\":\"https:\\\/\\\/akunq.net\\\/tr\\\/?p=69704\"},\"wordCount\":193,\"commentCount\":0,\"image\":{\"@id\":\"https:\\\/\\\/akunq.net\\\/tr\\\/?p=69704#primaryimage\"},\"thumbnailUrl\":\"https:\\\/\\\/akunq.net\\\/tr\\\/wp-content\\\/uploads\\\/sites\\\/6\\\/2022\\\/08\\\/298617521_2200417433451461_857975210841587247_n.jpg\",\"articleSection\":[\"Haberler\"],\"inLanguage\":\"en-US\",\"potentialAction\":[{\"@type\":\"CommentAction\",\"name\":\"Comment\",\"target\":[\"https:\\\/\\\/akunq.net\\\/tr\\\/?p=69704#respond\"]}]},{\"@type\":\"WebPage\",\"@id\":\"https:\\\/\\\/akunq.net\\\/tr\\\/?p=69704\",\"url\":\"https:\\\/\\\/akunq.net\\\/tr\\\/?p=69704\",\"name\":\"T\u00fcrkiye'nin son Ermeni k\u00f6y\u00fcnde Meryem Ana Yortusu ve \u00dcz\u00fcm Bayram\u0131 kutland\u0131 - Bati Ermenistan Ve Bati Ermenileri Sorunlari Ara\u015ftirmalar Merkezi\",\"isPartOf\":{\"@id\":\"https:\\\/\\\/akunq.net\\\/tr\\\/#website\"},\"primaryImageOfPage\":{\"@id\":\"https:\\\/\\\/akunq.net\\\/tr\\\/?p=69704#primaryimage\"},\"image\":{\"@id\":\"https:\\\/\\\/akunq.net\\\/tr\\\/?p=69704#primaryimage\"},\"thumbnailUrl\":\"https:\\\/\\\/akunq.net\\\/tr\\\/wp-content\\\/uploads\\\/sites\\\/6\\\/2022\\\/08\\\/298617521_2200417433451461_857975210841587247_n.jpg\",\"datePublished\":\"2022-08-15T11:34:10+00:00\",\"dateModified\":\"2022-08-25T02:09:21+00:00\",\"author\":{\"@id\":\"https:\\\/\\\/akunq.net\\\/tr\\\/#\\\/schema\\\/person\\\/096f1d38a12cce57fb855b485ed24c9e\"},\"breadcrumb\":{\"@id\":\"https:\\\/\\\/akunq.net\\\/tr\\\/?p=69704#breadcrumb\"},\"inLanguage\":\"en-US\",\"potentialAction\":[{\"@type\":\"ReadAction\",\"target\":[\"https:\\\/\\\/akunq.net\\\/tr\\\/?p=69704\"]}]},{\"@type\":\"ImageObject\",\"inLanguage\":\"en-US\",\"@id\":\"https:\\\/\\\/akunq.net\\\/tr\\\/?p=69704#primaryimage\",\"url\":\"https:\\\/\\\/akunq.net\\\/tr\\\/wp-content\\\/uploads\\\/sites\\\/6\\\/2022\\\/08\\\/298617521_2200417433451461_857975210841587247_n.jpg\",\"contentUrl\":\"https:\\\/\\\/akunq.net\\\/tr\\\/wp-content\\\/uploads\\\/sites\\\/6\\\/2022\\\/08\\\/298617521_2200417433451461_857975210841587247_n.jpg\",\"width\":1600,\"height\":1067},{\"@type\":\"BreadcrumbList\",\"@id\":\"https:\\\/\\\/akunq.net\\\/tr\\\/?p=69704#breadcrumb\",\"itemListElement\":[{\"@type\":\"ListItem\",\"position\":1,\"name\":\"Home\",\"item\":\"https:\\\/\\\/akunq.net\\\/tr\"},{\"@type\":\"ListItem\",\"position\":2,\"name\":\"T\u00fcrkiye&#8217;nin son Ermeni k\u00f6y\u00fcnde Meryem Ana Yortusu ve \u00dcz\u00fcm Bayram\u0131 kutland\u0131\"}]},{\"@type\":\"WebSite\",\"@id\":\"https:\\\/\\\/akunq.net\\\/tr\\\/#website\",\"url\":\"https:\\\/\\\/akunq.net\\\/tr\\\/\",\"name\":\"Bati Ermenistan Ve Bati Ermenileri Sorunlari Ara\u015ftirmalar Merkezi\",\"description\":\"\",\"potentialAction\":[{\"@type\":\"SearchAction\",\"target\":{\"@type\":\"EntryPoint\",\"urlTemplate\":\"https:\\\/\\\/akunq.net\\\/tr\\\/?s={search_term_string}\"},\"query-input\":{\"@type\":\"PropertyValueSpecification\",\"valueRequired\":true,\"valueName\":\"search_term_string\"}}],\"inLanguage\":\"en-US\"},{\"@type\":\"Person\",\"@id\":\"https:\\\/\\\/akunq.net\\\/tr\\\/#\\\/schema\\\/person\\\/096f1d38a12cce57fb855b485ed24c9e\",\"name\":\"admin\",\"url\":\"https:\\\/\\\/akunq.net\\\/tr\\\/?author=7\"}]}<\/script>\n<!-- \/ Yoast SEO plugin. -->","yoast_head_json":{"title":"T\u00fcrkiye'nin son Ermeni k\u00f6y\u00fcnde Meryem Ana Yortusu ve \u00dcz\u00fcm Bayram\u0131 kutland\u0131 - Bati Ermenistan Ve Bati Ermenileri Sorunlari Ara\u015ftirmalar Merkezi","robots":{"index":"index","follow":"follow","max-snippet":"max-snippet:-1","max-image-preview":"max-image-preview:large","max-video-preview":"max-video-preview:-1"},"canonical":"https:\/\/akunq.net\/tr\/?p=69704","og_locale":"en_US","og_type":"article","og_title":"T\u00fcrkiye'nin son Ermeni k\u00f6y\u00fcnde Meryem Ana Yortusu ve \u00dcz\u00fcm Bayram\u0131 kutland\u0131 - Bati Ermenistan Ve Bati Ermenileri Sorunlari Ara\u015ftirmalar Merkezi","og_description":"H\u0131ristiyanlar i\u00e7in en kutsal g\u00fcnlerden biri olan Meryem Ana Yortusu ve \u00dcz\u00fcm Bayram\u0131, T\u00fcrkiye\u2019nin son Ermeni k\u00f6y\u00fc Vak\u0131fl\u0131\u2019da kutland\u0131. H\u0131ristiyanlar, kutlama i\u00e7in Samanda\u011f\u2019daki Ermeni Vak\u0131fl\u0131 k\u00f6y\u00fcnde bir araya geldi. 15 A\u011fustos&#8217;a kadar \u00fcz\u00fcm orucu tutan Hristiyanlar, \u201cMeryem Ana&#8217;n\u0131n g\u00f6\u011fe y\u00fckseli\u015f g\u00fcn\u00fc&#8217;n\u00fc ve \u00dcz\u00fcm Bayram\u0131&#8217;n\u0131 kutlad\u0131ktan sonra hep beraber orucu bozuyor, gelenlere \u00fcz\u00fcm ikram ediliyor. Kutlamalar [&hellip;]","og_url":"https:\/\/akunq.net\/tr\/?p=69704","og_site_name":"Bati Ermenistan Ve Bati Ermenileri Sorunlari Ara\u015ftirmalar Merkezi","article_published_time":"2022-08-15T11:34:10+00:00","article_modified_time":"2022-08-25T02:09:21+00:00","og_image":[{"width":1600,"height":1067,"url":"https:\/\/akunq.net\/tr\/wp-content\/uploads\/sites\/6\/2022\/08\/298617521_2200417433451461_857975210841587247_n.jpg","type":"image\/jpeg"}],"author":"admin","twitter_card":"summary_large_image","twitter_misc":{"Written by":"admin","Est. reading time":"1 minute"},"schema":{"@context":"https:\/\/schema.org","@graph":[{"@type":"Article","@id":"https:\/\/akunq.net\/tr\/?p=69704#article","isPartOf":{"@id":"https:\/\/akunq.net\/tr\/?p=69704"},"author":{"name":"admin","@id":"https:\/\/akunq.net\/tr\/#\/schema\/person\/096f1d38a12cce57fb855b485ed24c9e"},"headline":"T\u00fcrkiye&#8217;nin son Ermeni k\u00f6y\u00fcnde Meryem Ana Yortusu ve \u00dcz\u00fcm Bayram\u0131 kutland\u0131","datePublished":"2022-08-15T11:34:10+00:00","dateModified":"2022-08-25T02:09:21+00:00","mainEntityOfPage":{"@id":"https:\/\/akunq.net\/tr\/?p=69704"},"wordCount":193,"commentCount":0,"image":{"@id":"https:\/\/akunq.net\/tr\/?p=69704#primaryimage"},"thumbnailUrl":"https:\/\/akunq.net\/tr\/wp-content\/uploads\/sites\/6\/2022\/08\/298617521_2200417433451461_857975210841587247_n.jpg","articleSection":["Haberler"],"inLanguage":"en-US","potentialAction":[{"@type":"CommentAction","name":"Comment","target":["https:\/\/akunq.net\/tr\/?p=69704#respond"]}]},{"@type":"WebPage","@id":"https:\/\/akunq.net\/tr\/?p=69704","url":"https:\/\/akunq.net\/tr\/?p=69704","name":"T\u00fcrkiye'nin son Ermeni k\u00f6y\u00fcnde Meryem Ana Yortusu ve \u00dcz\u00fcm Bayram\u0131 kutland\u0131 - Bati Ermenistan Ve Bati Ermenileri Sorunlari Ara\u015ftirmalar Merkezi","isPartOf":{"@id":"https:\/\/akunq.net\/tr\/#website"},"primaryImageOfPage":{"@id":"https:\/\/akunq.net\/tr\/?p=69704#primaryimage"},"image":{"@id":"https:\/\/akunq.net\/tr\/?p=69704#primaryimage"},"thumbnailUrl":"https:\/\/akunq.net\/tr\/wp-content\/uploads\/sites\/6\/2022\/08\/298617521_2200417433451461_857975210841587247_n.jpg","datePublished":"2022-08-15T11:34:10+00:00","dateModified":"2022-08-25T02:09:21+00:00","author":{"@id":"https:\/\/akunq.net\/tr\/#\/schema\/person\/096f1d38a12cce57fb855b485ed24c9e"},"breadcrumb":{"@id":"https:\/\/akunq.net\/tr\/?p=69704#breadcrumb"},"inLanguage":"en-US","potentialAction":[{"@type":"ReadAction","target":["https:\/\/akunq.net\/tr\/?p=69704"]}]},{"@type":"ImageObject","inLanguage":"en-US","@id":"https:\/\/akunq.net\/tr\/?p=69704#primaryimage","url":"https:\/\/akunq.net\/tr\/wp-content\/uploads\/sites\/6\/2022\/08\/298617521_2200417433451461_857975210841587247_n.jpg","contentUrl":"https:\/\/akunq.net\/tr\/wp-content\/uploads\/sites\/6\/2022\/08\/298617521_2200417433451461_857975210841587247_n.jpg","width":1600,"height":1067},{"@type":"BreadcrumbList","@id":"https:\/\/akunq.net\/tr\/?p=69704#breadcrumb","itemListElement":[{"@type":"ListItem","position":1,"name":"Home","item":"https:\/\/akunq.net\/tr"},{"@type":"ListItem","position":2,"name":"T\u00fcrkiye&#8217;nin son Ermeni k\u00f6y\u00fcnde Meryem Ana Yortusu ve \u00dcz\u00fcm Bayram\u0131 kutland\u0131"}]},{"@type":"WebSite","@id":"https:\/\/akunq.net\/tr\/#website","url":"https:\/\/akunq.net\/tr\/","name":"Bati Ermenistan Ve Bati Ermenileri Sorunlari Ara\u015ftirmalar Merkezi","description":"","potentialAction":[{"@type":"SearchAction","target":{"@type":"EntryPoint","urlTemplate":"https:\/\/akunq.net\/tr\/?s={search_term_string}"},"query-input":{"@type":"PropertyValueSpecification","valueRequired":true,"valueName":"search_term_string"}}],"inLanguage":"en-US"},{"@type":"Person","@id":"https:\/\/akunq.net\/tr\/#\/schema\/person\/096f1d38a12cce57fb855b485ed24c9e","name":"admin","url":"https:\/\/akunq.net\/tr\/?author=7"}]}},"_links":{"self":[{"href":"https:\/\/akunq.net\/tr\/index.php?rest_route=\/wp\/v2\/posts\/69704","targetHints":{"allow":["GET"]}}],"collection":[{"href":"https:\/\/akunq.net\/tr\/index.php?rest_route=\/wp\/v2\/posts"}],"about":[{"href":"https:\/\/akunq.net\/tr\/index.php?rest_route=\/wp\/v2\/types\/post"}],"author":[{"embeddable":true,"href":"https:\/\/akunq.net\/tr\/index.php?rest_route=\/wp\/v2\/users\/7"}],"replies":[{"embeddable":true,"href":"https:\/\/akunq.net\/tr\/index.php?rest_route=%2Fwp%2Fv2%2Fcomments&post=69704"}],"version-history":[{"count":2,"href":"https:\/\/akunq.net\/tr\/index.php?rest_route=\/wp\/v2\/posts\/69704\/revisions"}],"predecessor-version":[{"id":69709,"href":"https:\/\/akunq.net\/tr\/index.php?rest_route=\/wp\/v2\/posts\/69704\/revisions\/69709"}],"wp:featuredmedia":[{"embeddable":true,"href":"https:\/\/akunq.net\/tr\/index.php?rest_route=\/wp\/v2\/media\/69705"}],"wp:attachment":[{"href":"https:\/\/akunq.net\/tr\/index.php?rest_route=%2Fwp%2Fv2%2Fmedia&parent=69704"}],"wp:term":[{"taxonomy":"category","embeddable":true,"href":"https:\/\/akunq.net\/tr\/index.php?rest_route=%2Fwp%2Fv2%2Fcategories&post=69704"},{"taxonomy":"post_tag","embeddable":true,"href":"https:\/\/akunq.net\/tr\/index.php?rest_route=%2Fwp%2Fv2%2Ftags&post=69704"}],"curies":[{"name":"wp","href":"https:\/\/api.w.org\/{rel}","templated":true}]}}