{"id":69680,"date":"2022-08-12T02:35:44","date_gmt":"2022-08-12T07:35:44","guid":{"rendered":"https:\/\/akunq.net\/tr\/?p=69680"},"modified":"2022-08-12T02:35:44","modified_gmt":"2022-08-12T07:35:44","slug":"milyonlarca-yillik-tarihe-darbe","status":"publish","type":"post","link":"https:\/\/akunq.net\/tr\/?p=69680","title":{"rendered":"Milyonlarca y\u0131ll\u0131k tarihe darbe"},"content":{"rendered":"<p><img loading=\"lazy\" decoding=\"async\" class=\"aligncenter size-medium wp-image-69681\" src=\"https:\/\/akunq.net\/tr\/wp-content\/uploads\/2022\/08\/Kapadokya-1-360x200.jpg\" alt=\"\" width=\"360\" height=\"200\" srcset=\"https:\/\/akunq.net\/tr\/wp-content\/uploads\/sites\/6\/2022\/08\/Kapadokya-1-360x200.jpg 360w, https:\/\/akunq.net\/tr\/wp-content\/uploads\/sites\/6\/2022\/08\/Kapadokya-1-560x311.jpg 560w, https:\/\/akunq.net\/tr\/wp-content\/uploads\/sites\/6\/2022\/08\/Kapadokya-1-260x144.jpg 260w, https:\/\/akunq.net\/tr\/wp-content\/uploads\/sites\/6\/2022\/08\/Kapadokya-1-160x89.jpg 160w, https:\/\/akunq.net\/tr\/wp-content\/uploads\/sites\/6\/2022\/08\/Kapadokya-1.jpg 720w\" sizes=\"auto, (max-width: 360px) 100vw, 360px\" \/><\/p>\n<p><em><strong>D\u00fcnya K\u00fclt\u00fcr Miras\u0131 listesinde bulunan Kapadokya, in\u015faat alan\u0131na d\u00f6nd\u00fc. CHP\u2019li Sar\u0131aslan, peribacalar\u0131n\u0131n ortas\u0131ndaki yol \u00e7al\u0131\u015fmalar\u0131yla ilgili bilimsel ara\u015ft\u0131rmalar\u0131n yap\u0131lmad\u0131\u011f\u0131n\u0131 vurgulayarak \u201cTarihin kalbine han\u00e7er saplan\u0131yor\u201d dedi.<\/strong><\/em><\/p>\n<p><strong>Dilara \u015e\u0130M\u015eEK<\/strong><\/p>\n<p>Tarihi milyonlarca y\u0131l \u00f6ncesine dayanan Kapadokya, talan politikalar\u0131n\u0131n hedefinde. G\u00f6reme A\u00e7\u0131k Hava M\u00fczesi ve Tokal\u0131 Kilisesi\u2019nin \u00f6n\u00fcnden ge\u00e7en karayolunda seyreden a\u011f\u0131r tonajl\u0131 ara\u00e7lar\u0131n \u00e7\u0131kard\u0131\u011f\u0131 titre\u015fimin b\u00f6lgeye zarar vermesi nedeniyle yakla\u015f\u0131k bir ay \u00f6nce alternatif yol \u00e7al\u0131\u015fmas\u0131 ba\u015flat\u0131ld\u0131. UNESCO D\u00fcnya K\u00fclt\u00fcr Miras\u0131 listesinde bulunan b\u00f6lgede ba\u015flat\u0131lan yol \u00e7al\u0131\u015fmalar\u0131 tart\u0131\u015fmalara yol a\u00e7t\u0131. CHP Nev\u015fehir Milletvekili Faruk Sar\u0131aslan, yap\u0131lanlar\u0131 \u2018canilik\u2019 olarak nitelendirdi. Sar\u0131aslan, Kapadokya\u2019n\u0131n kalbine han\u00e7er sapland\u0131\u011f\u0131n\u0131 ifade ederek \u015f\u00f6yle konu\u015ftu: \u201cK\u00fclt\u00fcrel miras olan b\u00f6yle bir yerde bu \u00e7al\u0131\u015fmay\u0131 yapmak canilikten ba\u015fka bir \u015fey de\u011fil. \u0130nsanlar\u0131n g\u00f6z\u00fcn\u00fc rant b\u00fcr\u00fcm\u00fc\u015f, buralardan yol ge\u00e7irerek neye hizmet ettikleri belli de\u011fil. Buradan yol ge\u00e7irerek yine rant pe\u015findeler. Kapadokya\u2019y\u0131 yok ediyorlar. Bunun hesab\u0131n\u0131 mutlaka soraca\u011f\u0131z.\u201d<\/p>\n<p>Sar\u0131aslan, b\u00f6lgedeki tahribat nedeniyle Kapadokya\u2019n\u0131n \u2018K\u00fclt\u00fcrel Miras\u2019 \u00f6zelli\u011finin tehlikede oldu\u011funa dikkat \u00e7ekti: \u201cD\u00fcnyan\u0131n hi\u00e7bir yerinde Kapadokya gibi yer bulamazs\u0131n\u0131z. UNESCO D\u00fcnya Miras listesinde yer al\u0131yor ve bu gidi\u015fle UNESCO\u2019nun D\u00fcnya Miras Listesinden \u00e7\u0131karabilir.\u201d<\/p>\n<p><strong>ZARAR HESAPLANMADI<\/strong><br \/>\nYol \u00e7al\u0131\u015fmas\u0131n\u0131n plans\u0131z oldu\u011funa vurgu yapan Sar\u0131aslan, s\u00f6zlerini \u015f\u00f6yle s\u00fcrd\u00fcrd\u00fc: \u201cMevcut Kapadokya Alan Y\u00f6netimi Ba\u015fkanl\u0131\u011f\u0131, bilimsel sit irdelemesinin yap\u0131ld\u0131\u011f\u0131 s\u00f6z konusu s\u0131n\u0131rlar i\u00e7erisinde \u00fcst \u00f6l\u00e7ekli plan kararlar\u0131n\u0131 daha kararla\u015ft\u0131r\u0131lmad\u0131. Analiz s\u00fcre\u00e7lerinin devam etti\u011fi bu s\u00fcre\u00e7te jeopark alan\u0131ndan \u00e7ift \u015feritli; devam\u0131nda peri bacalar\u0131na ve tescilli an\u0131tsal varl\u0131klara yak\u0131nl\u0131\u011f\u0131 nedeniyle bahsi ge\u00e7en yolun a\u00e7\u0131lmas\u0131n\u0131n yak\u0131n\u0131ndaki k\u00fclt\u00fcr varl\u0131klar\u0131nda meydana getirebilece\u011fi zarar\u0131n \u00f6ng\u00f6r\u00fcs\u00fcnde bulunmadan, sadece bir belediye ba\u015fkan\u0131n\u0131n iste\u011fi do\u011frultusunda fiziksel yol \u00e7al\u0131\u015fmalar\u0131 ba\u015flad\u0131. Yap\u0131lacak yollar\u0131n b\u00f6lgede olu\u015fturaca\u011f\u0131 etki ara\u015ft\u0131r\u0131lmal\u0131 ve ciddi bilimsel raporlar d\u00fczenlenmeli.\u201d<\/p>\n<p><strong>MECL\u0130S G\u00dcNDEM\u0130NE TA\u015eINDI<\/strong><br \/>\nSar\u0131aslan, yol \u00e7al\u0131\u015fmalar\u0131n\u0131 Meclis g\u00fcndemine ta\u015f\u0131d\u0131. K\u00fclt\u00fcr ve Turizm Bakan\u0131 Mehmet Nuri Ersoy\u2019un cevaplamas\u0131 istemiyle \u015fu sorular\u0131 sordu:<br \/>\n\u2022Bakanl\u0131\u011f\u0131n\u0131zca Ortahisar ve G\u00f6reme Beldelerimiz aras\u0131na yap\u0131lacak yeni yol i\u00e7in gerekli ara\u015ft\u0131rmalar yap\u0131lm\u0131\u015f m\u0131d\u0131r?<br \/>\n\u2022Bu konuda yap\u0131lm\u0131\u015f bilimsel \u00e7al\u0131\u015fmalar var m\u0131d\u0131r?<br \/>\n\u2022Kapadokya Alan Y\u00f6netimi Ba\u015fkanl\u0131\u011f\u0131nda bahsi ge\u00e7en yol projesi de\u011ferlendirilmi\u015f midir?<br \/>\n\u2022Plans\u0131z alanda a\u00e7\u0131lmaya ba\u015flanan yol, hen\u00fcz daha \u00fcst \u00f6l\u00e7ek plan kararlar\u0131 olu\u015fmadan hangi kamu yarar\u0131na hizmet edecektir?<br \/>\n\u2022Bu yolun a\u00e7\u0131lmas\u0131n\u0131n sak\u0131ncalar\u0131 kamuoyuyla payla\u015f\u0131lacak m\u0131d\u0131r?<\/p>\n<p><strong>BA\u015eKANLIKTAN A\u00c7IKLAMA<\/strong><br \/>\n\u00d6te yandan Kapadokya Alan Ba\u015fkanl\u0131\u011f\u0131, yol \u00e7al\u0131\u015fmalar\u0131yla ilgili a\u00e7\u0131klamalarda bulundu. A\u00e7\u0131klamada, \u201cG\u00f6reme Beldesi\u2019ni Ortahisar Beldesi\u2019ne ba\u011flayan mevcut 2.8 km\u2019lik yolun Peri Bacalar\u0131, kaya olu\u015fumlar\u0131, tescilli k\u00fclt\u00fcr varl\u0131klar\u0131 ve kilisenin \u00f6n\u00fcnden ge\u00e7ti\u011fi ve a\u011f\u0131r tonajl\u0131 ara\u00e7 trafi\u011fi nedeniyle k\u00fclt\u00fcr varl\u0131klar\u0131na zarar verdi\u011fi\u201d belirtildi. A\u00e7\u0131klama \u015f\u00f6yle devam etti: \u201cAlternatif yol \u00e7al\u0131\u015fmalar\u0131 2.2 km uzunlu\u011funda olup geni\u015fli\u011fi 5 ile 7 metre aras\u0131nda de\u011fi\u015fen kadastral yol hatt\u0131ndad\u0131r. G\u00fczergah \u00e7al\u0131\u015fmalar\u0131ndan sonra arkeolojik jeoradar \u00e7al\u0131\u015fmalar\u0131 yap\u0131lm\u0131\u015f herhangi bir ta\u015f\u0131nmaz k\u00fclt\u00fcr ve tabiat varl\u0131\u011f\u0131na rastlanmad\u0131\u011f\u0131 tespit edilmi\u015ftir.\u201d<\/p>\n<p><strong>PER\u0130BACALARININ ORTASINA MACERA PARKI KURULUYOR<\/strong><br \/>\nNev\u015fehir\u2019in \u00dcrg\u00fcp il\u00e7esine ba\u011fl\u0131 Ortahisar beldesinde, G\u00f6reme A\u00e7\u0131k Hava M\u00fczesi ile K\u0131z\u0131l\u00e7ukur Vadisi\u2019nin yollar\u0131n\u0131n kesi\u015fti\u011fi yerde yakla\u015f\u0131k 20 bin metrekarelik alanda Excap Turkey ad\u0131nda \u2018Macera Park\u0131\u2019 in\u015fa ediliyor. Peribacalar\u0131n\u0131n ortas\u0131na kurulacak e\u011flence merkezinin in\u015faat\u0131 devam ederken alanda sabit balonlar, y\u00fcksek sal\u0131ncaklar ve zeplinler olacak.<\/p>\n<p>Turizmci Adnan Tang\u00fcler ANKA\u2019ya yapt\u0131\u011f\u0131 a\u00e7\u0131klamada, son iki y\u0131ld\u0131r binlerce ba\u011f evinin kayalara yak\u0131n oldu\u011fu i\u00e7in y\u0131k\u0131ld\u0131\u011f\u0131n\u0131 dile getirmi\u015f ve \u015fu ifadeleri kullanm\u0131\u015ft\u0131: \u201cBuran\u0131n ne fark\u0131 var? Niye buraya torpil ge\u00e7iliyor? \u00dcst\u00fcne, bak\u0131n beton d\u00f6k\u00fcl\u00fcyor. Kapadokya kayal\u0131klar\u0131n\u0131 beton ile ba\u011fda\u015ft\u0131rabilmek kimin haddi? Balona bindi\u011finiz zaman \u00e7ok \u00e7irkin bir g\u00f6r\u00fcnt\u00fc tabii ki. S\u00fcsl\u00fc Kapadokya kayal\u0131klar\u0131n\u0131n hemen dibinde b\u00f6ylesi betonarme binalar\u0131n \u00fcst\u00fcn\u00fc yuvarlak yap\u0131nca do\u011faya uyumlu mu oluyormu\u015f?\u201d<\/p>\n<hr \/>\n<p><em><strong><a href=\"https:\/\/www.birgun.net\/haber\/milyonlarca-yillik-tarihe-darbe-398584\" target=\"_blank\" rel=\"noopener\">BirG\u00fcn Gazetesi<\/a>\u00a0<\/strong><\/em><\/p>\n","protected":false},"excerpt":{"rendered":"<p>D\u00fcnya K\u00fclt\u00fcr Miras\u0131 listesinde bulunan Kapadokya, in\u015faat alan\u0131na d\u00f6nd\u00fc. CHP\u2019li Sar\u0131aslan, peribacalar\u0131n\u0131n ortas\u0131ndaki yol \u00e7al\u0131\u015fmalar\u0131yla ilgili bilimsel ara\u015ft\u0131rmalar\u0131n yap\u0131lmad\u0131\u011f\u0131n\u0131 vurgulayarak \u201cTarihin kalbine han\u00e7er saplan\u0131yor\u201d dedi. Dilara \u015e\u0130M\u015eEK Tarihi milyonlarca y\u0131l \u00f6ncesine dayanan Kapadokya, talan politikalar\u0131n\u0131n hedefinde. G\u00f6reme A\u00e7\u0131k Hava M\u00fczesi ve Tokal\u0131 Kilisesi\u2019nin \u00f6n\u00fcnden ge\u00e7en karayolunda seyreden a\u011f\u0131r tonajl\u0131 ara\u00e7lar\u0131n \u00e7\u0131kard\u0131\u011f\u0131 titre\u015fimin b\u00f6lgeye zarar vermesi [&hellip;]<\/p>\n","protected":false},"author":7,"featured_media":69681,"comment_status":"open","ping_status":"open","sticky":false,"template":"","format":"standard","meta":{"footnotes":""},"categories":[1],"tags":[],"class_list":["post-69680","post","type-post","status-publish","format-standard","has-post-thumbnail","hentry","category-haberler"],"yoast_head":"<!-- This site is optimized with the Yoast SEO plugin v27.4 - https:\/\/yoast.com\/product\/yoast-seo-wordpress\/ -->\n<title>Milyonlarca y\u0131ll\u0131k tarihe darbe - Bati Ermenistan Ve Bati Ermenileri Sorunlari Ara\u015ftirmalar Merkezi<\/title>\n<meta name=\"robots\" content=\"index, follow, max-snippet:-1, max-image-preview:large, max-video-preview:-1\" \/>\n<link rel=\"canonical\" href=\"https:\/\/akunq.net\/tr\/?p=69680\" \/>\n<meta property=\"og:locale\" content=\"en_US\" \/>\n<meta property=\"og:type\" content=\"article\" \/>\n<meta property=\"og:title\" content=\"Milyonlarca y\u0131ll\u0131k tarihe darbe - Bati Ermenistan Ve Bati Ermenileri Sorunlari Ara\u015ftirmalar Merkezi\" \/>\n<meta property=\"og:description\" content=\"D\u00fcnya K\u00fclt\u00fcr Miras\u0131 listesinde bulunan Kapadokya, in\u015faat alan\u0131na d\u00f6nd\u00fc. CHP\u2019li Sar\u0131aslan, peribacalar\u0131n\u0131n ortas\u0131ndaki yol \u00e7al\u0131\u015fmalar\u0131yla ilgili bilimsel ara\u015ft\u0131rmalar\u0131n yap\u0131lmad\u0131\u011f\u0131n\u0131 vurgulayarak \u201cTarihin kalbine han\u00e7er saplan\u0131yor\u201d dedi. Dilara \u015e\u0130M\u015eEK Tarihi milyonlarca y\u0131l \u00f6ncesine dayanan Kapadokya, talan politikalar\u0131n\u0131n hedefinde. G\u00f6reme A\u00e7\u0131k Hava M\u00fczesi ve Tokal\u0131 Kilisesi\u2019nin \u00f6n\u00fcnden ge\u00e7en karayolunda seyreden a\u011f\u0131r tonajl\u0131 ara\u00e7lar\u0131n \u00e7\u0131kard\u0131\u011f\u0131 titre\u015fimin b\u00f6lgeye zarar vermesi [&hellip;]\" \/>\n<meta property=\"og:url\" content=\"https:\/\/akunq.net\/tr\/?p=69680\" \/>\n<meta property=\"og:site_name\" content=\"Bati Ermenistan Ve Bati Ermenileri Sorunlari Ara\u015ftirmalar Merkezi\" \/>\n<meta property=\"article:published_time\" content=\"2022-08-12T07:35:44+00:00\" \/>\n<meta property=\"og:image\" content=\"https:\/\/akunq.net\/tr\/wp-content\/uploads\/sites\/6\/2022\/08\/Kapadokya-1.jpg\" \/>\n\t<meta property=\"og:image:width\" content=\"720\" \/>\n\t<meta property=\"og:image:height\" content=\"400\" \/>\n\t<meta property=\"og:image:type\" content=\"image\/jpeg\" \/>\n<meta name=\"author\" content=\"admin\" \/>\n<meta name=\"twitter:card\" content=\"summary_large_image\" \/>\n<meta name=\"twitter:label1\" content=\"Written by\" \/>\n\t<meta name=\"twitter:data1\" content=\"admin\" \/>\n\t<meta name=\"twitter:label2\" content=\"Est. reading time\" \/>\n\t<meta name=\"twitter:data2\" content=\"4 minutes\" \/>\n<script type=\"application\/ld+json\" class=\"yoast-schema-graph\">{\"@context\":\"https:\\\/\\\/schema.org\",\"@graph\":[{\"@type\":\"Article\",\"@id\":\"https:\\\/\\\/akunq.net\\\/tr\\\/?p=69680#article\",\"isPartOf\":{\"@id\":\"https:\\\/\\\/akunq.net\\\/tr\\\/?p=69680\"},\"author\":{\"name\":\"admin\",\"@id\":\"https:\\\/\\\/akunq.net\\\/tr\\\/#\\\/schema\\\/person\\\/096f1d38a12cce57fb855b485ed24c9e\"},\"headline\":\"Milyonlarca y\u0131ll\u0131k tarihe darbe\",\"datePublished\":\"2022-08-12T07:35:44+00:00\",\"mainEntityOfPage\":{\"@id\":\"https:\\\/\\\/akunq.net\\\/tr\\\/?p=69680\"},\"wordCount\":837,\"commentCount\":0,\"image\":{\"@id\":\"https:\\\/\\\/akunq.net\\\/tr\\\/?p=69680#primaryimage\"},\"thumbnailUrl\":\"https:\\\/\\\/akunq.net\\\/tr\\\/wp-content\\\/uploads\\\/sites\\\/6\\\/2022\\\/08\\\/Kapadokya-1.jpg\",\"articleSection\":[\"Haberler\"],\"inLanguage\":\"en-US\",\"potentialAction\":[{\"@type\":\"CommentAction\",\"name\":\"Comment\",\"target\":[\"https:\\\/\\\/akunq.net\\\/tr\\\/?p=69680#respond\"]}]},{\"@type\":\"WebPage\",\"@id\":\"https:\\\/\\\/akunq.net\\\/tr\\\/?p=69680\",\"url\":\"https:\\\/\\\/akunq.net\\\/tr\\\/?p=69680\",\"name\":\"Milyonlarca y\u0131ll\u0131k tarihe darbe - Bati Ermenistan Ve Bati Ermenileri Sorunlari Ara\u015ftirmalar Merkezi\",\"isPartOf\":{\"@id\":\"https:\\\/\\\/akunq.net\\\/tr\\\/#website\"},\"primaryImageOfPage\":{\"@id\":\"https:\\\/\\\/akunq.net\\\/tr\\\/?p=69680#primaryimage\"},\"image\":{\"@id\":\"https:\\\/\\\/akunq.net\\\/tr\\\/?p=69680#primaryimage\"},\"thumbnailUrl\":\"https:\\\/\\\/akunq.net\\\/tr\\\/wp-content\\\/uploads\\\/sites\\\/6\\\/2022\\\/08\\\/Kapadokya-1.jpg\",\"datePublished\":\"2022-08-12T07:35:44+00:00\",\"author\":{\"@id\":\"https:\\\/\\\/akunq.net\\\/tr\\\/#\\\/schema\\\/person\\\/096f1d38a12cce57fb855b485ed24c9e\"},\"breadcrumb\":{\"@id\":\"https:\\\/\\\/akunq.net\\\/tr\\\/?p=69680#breadcrumb\"},\"inLanguage\":\"en-US\",\"potentialAction\":[{\"@type\":\"ReadAction\",\"target\":[\"https:\\\/\\\/akunq.net\\\/tr\\\/?p=69680\"]}]},{\"@type\":\"ImageObject\",\"inLanguage\":\"en-US\",\"@id\":\"https:\\\/\\\/akunq.net\\\/tr\\\/?p=69680#primaryimage\",\"url\":\"https:\\\/\\\/akunq.net\\\/tr\\\/wp-content\\\/uploads\\\/sites\\\/6\\\/2022\\\/08\\\/Kapadokya-1.jpg\",\"contentUrl\":\"https:\\\/\\\/akunq.net\\\/tr\\\/wp-content\\\/uploads\\\/sites\\\/6\\\/2022\\\/08\\\/Kapadokya-1.jpg\",\"width\":720,\"height\":400},{\"@type\":\"BreadcrumbList\",\"@id\":\"https:\\\/\\\/akunq.net\\\/tr\\\/?p=69680#breadcrumb\",\"itemListElement\":[{\"@type\":\"ListItem\",\"position\":1,\"name\":\"Home\",\"item\":\"https:\\\/\\\/akunq.net\\\/tr\"},{\"@type\":\"ListItem\",\"position\":2,\"name\":\"Milyonlarca y\u0131ll\u0131k tarihe darbe\"}]},{\"@type\":\"WebSite\",\"@id\":\"https:\\\/\\\/akunq.net\\\/tr\\\/#website\",\"url\":\"https:\\\/\\\/akunq.net\\\/tr\\\/\",\"name\":\"Bati Ermenistan Ve Bati Ermenileri Sorunlari Ara\u015ftirmalar Merkezi\",\"description\":\"\",\"potentialAction\":[{\"@type\":\"SearchAction\",\"target\":{\"@type\":\"EntryPoint\",\"urlTemplate\":\"https:\\\/\\\/akunq.net\\\/tr\\\/?s={search_term_string}\"},\"query-input\":{\"@type\":\"PropertyValueSpecification\",\"valueRequired\":true,\"valueName\":\"search_term_string\"}}],\"inLanguage\":\"en-US\"},{\"@type\":\"Person\",\"@id\":\"https:\\\/\\\/akunq.net\\\/tr\\\/#\\\/schema\\\/person\\\/096f1d38a12cce57fb855b485ed24c9e\",\"name\":\"admin\",\"url\":\"https:\\\/\\\/akunq.net\\\/tr\\\/?author=7\"}]}<\/script>\n<!-- \/ Yoast SEO plugin. -->","yoast_head_json":{"title":"Milyonlarca y\u0131ll\u0131k tarihe darbe - Bati Ermenistan Ve Bati Ermenileri Sorunlari Ara\u015ftirmalar Merkezi","robots":{"index":"index","follow":"follow","max-snippet":"max-snippet:-1","max-image-preview":"max-image-preview:large","max-video-preview":"max-video-preview:-1"},"canonical":"https:\/\/akunq.net\/tr\/?p=69680","og_locale":"en_US","og_type":"article","og_title":"Milyonlarca y\u0131ll\u0131k tarihe darbe - Bati Ermenistan Ve Bati Ermenileri Sorunlari Ara\u015ftirmalar Merkezi","og_description":"D\u00fcnya K\u00fclt\u00fcr Miras\u0131 listesinde bulunan Kapadokya, in\u015faat alan\u0131na d\u00f6nd\u00fc. CHP\u2019li Sar\u0131aslan, peribacalar\u0131n\u0131n ortas\u0131ndaki yol \u00e7al\u0131\u015fmalar\u0131yla ilgili bilimsel ara\u015ft\u0131rmalar\u0131n yap\u0131lmad\u0131\u011f\u0131n\u0131 vurgulayarak \u201cTarihin kalbine han\u00e7er saplan\u0131yor\u201d dedi. Dilara \u015e\u0130M\u015eEK Tarihi milyonlarca y\u0131l \u00f6ncesine dayanan Kapadokya, talan politikalar\u0131n\u0131n hedefinde. G\u00f6reme A\u00e7\u0131k Hava M\u00fczesi ve Tokal\u0131 Kilisesi\u2019nin \u00f6n\u00fcnden ge\u00e7en karayolunda seyreden a\u011f\u0131r tonajl\u0131 ara\u00e7lar\u0131n \u00e7\u0131kard\u0131\u011f\u0131 titre\u015fimin b\u00f6lgeye zarar vermesi [&hellip;]","og_url":"https:\/\/akunq.net\/tr\/?p=69680","og_site_name":"Bati Ermenistan Ve Bati Ermenileri Sorunlari Ara\u015ftirmalar Merkezi","article_published_time":"2022-08-12T07:35:44+00:00","og_image":[{"width":720,"height":400,"url":"https:\/\/akunq.net\/tr\/wp-content\/uploads\/sites\/6\/2022\/08\/Kapadokya-1.jpg","type":"image\/jpeg"}],"author":"admin","twitter_card":"summary_large_image","twitter_misc":{"Written by":"admin","Est. reading time":"4 minutes"},"schema":{"@context":"https:\/\/schema.org","@graph":[{"@type":"Article","@id":"https:\/\/akunq.net\/tr\/?p=69680#article","isPartOf":{"@id":"https:\/\/akunq.net\/tr\/?p=69680"},"author":{"name":"admin","@id":"https:\/\/akunq.net\/tr\/#\/schema\/person\/096f1d38a12cce57fb855b485ed24c9e"},"headline":"Milyonlarca y\u0131ll\u0131k tarihe darbe","datePublished":"2022-08-12T07:35:44+00:00","mainEntityOfPage":{"@id":"https:\/\/akunq.net\/tr\/?p=69680"},"wordCount":837,"commentCount":0,"image":{"@id":"https:\/\/akunq.net\/tr\/?p=69680#primaryimage"},"thumbnailUrl":"https:\/\/akunq.net\/tr\/wp-content\/uploads\/sites\/6\/2022\/08\/Kapadokya-1.jpg","articleSection":["Haberler"],"inLanguage":"en-US","potentialAction":[{"@type":"CommentAction","name":"Comment","target":["https:\/\/akunq.net\/tr\/?p=69680#respond"]}]},{"@type":"WebPage","@id":"https:\/\/akunq.net\/tr\/?p=69680","url":"https:\/\/akunq.net\/tr\/?p=69680","name":"Milyonlarca y\u0131ll\u0131k tarihe darbe - Bati Ermenistan Ve Bati Ermenileri Sorunlari Ara\u015ftirmalar Merkezi","isPartOf":{"@id":"https:\/\/akunq.net\/tr\/#website"},"primaryImageOfPage":{"@id":"https:\/\/akunq.net\/tr\/?p=69680#primaryimage"},"image":{"@id":"https:\/\/akunq.net\/tr\/?p=69680#primaryimage"},"thumbnailUrl":"https:\/\/akunq.net\/tr\/wp-content\/uploads\/sites\/6\/2022\/08\/Kapadokya-1.jpg","datePublished":"2022-08-12T07:35:44+00:00","author":{"@id":"https:\/\/akunq.net\/tr\/#\/schema\/person\/096f1d38a12cce57fb855b485ed24c9e"},"breadcrumb":{"@id":"https:\/\/akunq.net\/tr\/?p=69680#breadcrumb"},"inLanguage":"en-US","potentialAction":[{"@type":"ReadAction","target":["https:\/\/akunq.net\/tr\/?p=69680"]}]},{"@type":"ImageObject","inLanguage":"en-US","@id":"https:\/\/akunq.net\/tr\/?p=69680#primaryimage","url":"https:\/\/akunq.net\/tr\/wp-content\/uploads\/sites\/6\/2022\/08\/Kapadokya-1.jpg","contentUrl":"https:\/\/akunq.net\/tr\/wp-content\/uploads\/sites\/6\/2022\/08\/Kapadokya-1.jpg","width":720,"height":400},{"@type":"BreadcrumbList","@id":"https:\/\/akunq.net\/tr\/?p=69680#breadcrumb","itemListElement":[{"@type":"ListItem","position":1,"name":"Home","item":"https:\/\/akunq.net\/tr"},{"@type":"ListItem","position":2,"name":"Milyonlarca y\u0131ll\u0131k tarihe darbe"}]},{"@type":"WebSite","@id":"https:\/\/akunq.net\/tr\/#website","url":"https:\/\/akunq.net\/tr\/","name":"Bati Ermenistan Ve Bati Ermenileri Sorunlari Ara\u015ftirmalar Merkezi","description":"","potentialAction":[{"@type":"SearchAction","target":{"@type":"EntryPoint","urlTemplate":"https:\/\/akunq.net\/tr\/?s={search_term_string}"},"query-input":{"@type":"PropertyValueSpecification","valueRequired":true,"valueName":"search_term_string"}}],"inLanguage":"en-US"},{"@type":"Person","@id":"https:\/\/akunq.net\/tr\/#\/schema\/person\/096f1d38a12cce57fb855b485ed24c9e","name":"admin","url":"https:\/\/akunq.net\/tr\/?author=7"}]}},"_links":{"self":[{"href":"https:\/\/akunq.net\/tr\/index.php?rest_route=\/wp\/v2\/posts\/69680","targetHints":{"allow":["GET"]}}],"collection":[{"href":"https:\/\/akunq.net\/tr\/index.php?rest_route=\/wp\/v2\/posts"}],"about":[{"href":"https:\/\/akunq.net\/tr\/index.php?rest_route=\/wp\/v2\/types\/post"}],"author":[{"embeddable":true,"href":"https:\/\/akunq.net\/tr\/index.php?rest_route=\/wp\/v2\/users\/7"}],"replies":[{"embeddable":true,"href":"https:\/\/akunq.net\/tr\/index.php?rest_route=%2Fwp%2Fv2%2Fcomments&post=69680"}],"version-history":[{"count":1,"href":"https:\/\/akunq.net\/tr\/index.php?rest_route=\/wp\/v2\/posts\/69680\/revisions"}],"predecessor-version":[{"id":69682,"href":"https:\/\/akunq.net\/tr\/index.php?rest_route=\/wp\/v2\/posts\/69680\/revisions\/69682"}],"wp:featuredmedia":[{"embeddable":true,"href":"https:\/\/akunq.net\/tr\/index.php?rest_route=\/wp\/v2\/media\/69681"}],"wp:attachment":[{"href":"https:\/\/akunq.net\/tr\/index.php?rest_route=%2Fwp%2Fv2%2Fmedia&parent=69680"}],"wp:term":[{"taxonomy":"category","embeddable":true,"href":"https:\/\/akunq.net\/tr\/index.php?rest_route=%2Fwp%2Fv2%2Fcategories&post=69680"},{"taxonomy":"post_tag","embeddable":true,"href":"https:\/\/akunq.net\/tr\/index.php?rest_route=%2Fwp%2Fv2%2Ftags&post=69680"}],"curies":[{"name":"wp","href":"https:\/\/api.w.org\/{rel}","templated":true}]}}