{"id":69661,"date":"2022-08-11T01:55:11","date_gmt":"2022-08-11T06:55:11","guid":{"rendered":"https:\/\/akunq.net\/tr\/?p=69661"},"modified":"2022-08-11T01:55:11","modified_gmt":"2022-08-11T06:55:11","slug":"sakli-kent-ani-gorenleri-buyuluyor","status":"publish","type":"post","link":"https:\/\/akunq.net\/tr\/?p=69661","title":{"rendered":"Sakl\u0131 kent Ani g\u00f6renleri b\u00fcy\u00fcl\u00fcyor"},"content":{"rendered":"<p><img loading=\"lazy\" decoding=\"async\" class=\"aligncenter size-medium wp-image-69662\" src=\"https:\/\/akunq.net\/tr\/wp-content\/uploads\/2022\/08\/Ani-360x188.jpg\" alt=\"\" width=\"360\" height=\"188\" srcset=\"https:\/\/akunq.net\/tr\/wp-content\/uploads\/sites\/6\/2022\/08\/Ani-360x188.jpg 360w, https:\/\/akunq.net\/tr\/wp-content\/uploads\/sites\/6\/2022\/08\/Ani-560x292.jpg 560w, https:\/\/akunq.net\/tr\/wp-content\/uploads\/sites\/6\/2022\/08\/Ani-260x136.jpg 260w, https:\/\/akunq.net\/tr\/wp-content\/uploads\/sites\/6\/2022\/08\/Ani-160x83.jpg 160w, https:\/\/akunq.net\/tr\/wp-content\/uploads\/sites\/6\/2022\/08\/Ani.jpg 637w\" sizes=\"auto, (max-width: 360px) 100vw, 360px\" \/><\/p>\n<p><em><strong>\u0130lk yerle\u015fimi milattan \u00f6nce 3 binli y\u0131llara dayanan Ani \u00d6ren Yeri, UNESCO D\u00fcnya Miras\u0131 Listesi\u2019ne girdikten sonra yerli ve yabanc\u0131 turistlerden yo\u011fun ilgi g\u00f6r\u00fcyor. Ani, i\u00e7erisinde bar\u0131nd\u0131rd\u0131\u011f\u0131 medeniyetlerle adeta g\u00f6renleri b\u00fcy\u00fcl\u00fcyor.<\/strong><\/em><\/p>\n<p>Ani,\u00a0<strong>\u201cD\u00fcnya Kenti\u201d, \u201cMedeniyetler Be\u015fi\u011fi\u201d, \u201cBinbir Kilise\u201d\u00a0<\/strong>ve<strong>\u201c40 Kap\u0131l\u0131 \u015eehir\u201d<\/strong>\u00a0olarak da adland\u0131r\u0131lan 961-1045 y\u0131llar\u0131 aras\u0131nda\u00a0<strong>Pakraduni Hanedanl\u0131\u011f\u0131<\/strong>\u00a0d\u00f6neminde Ermeni h\u00fck\u00fcmdarlar\u0131na ba\u015fkentlik yapan 11. ve 12. y\u00fczy\u0131la ait<strong>\u00a0\u0130slam mimarisi<\/strong>\u00a0eserlerini de b\u00fcnyesinde bar\u0131nd\u0131r\u0131yor.<\/p>\n<figure class=\"wp-block-image\"><img decoding=\"async\" src=\"https:\/\/i0.wp.com\/www.cumhuriyet.com.tr\/Archive\/2022\/8\/10\/120225886-c91eb972426b1405870befd78135a5275de6936f423275743bdc97b065e03f47.jpg?ssl=1\" alt=\"\" data-recalc-dims=\"1\" \/><\/figure>\n<p>Ani,<strong>\u00a0\u201cDinsel mozaik\u201d<\/strong>\u00a0\u00f6rne\u011fi olarak da dikkatleri \u00fczerine \u00e7ekiyor;\u00a0ge\u00e7mi\u015fte hem \u0130slamiyet\u2019i, hem<\/p>\n<p>H\u0131ristiyanl\u0131\u011f\u0131 hem de \u015eamanizm gibi mezhepleri i\u00e7inde bar\u0131nd\u0131r\u0131rken, g\u00fcn\u00fcm\u00fczde de hem cami, hem kilise hem de ate\u015f tap\u0131naklar\u0131 100-150 metre aral\u0131klarla yan yana e\u015fsiz g\u00fczellik sunuyor.<\/p>\n<p><img decoding=\"async\" src=\"https:\/\/i0.wp.com\/www.cumhuriyet.com.tr\/Archive\/2022\/8\/10\/120257859-dc77e71bb449f8ea3b725e815c70dde31d67f28cd0031755fdf02757c393fee8.jpg?ssl=1\" data-recalc-dims=\"1\" \/><br \/>\nT\u00fcrkiye\u2019den ve D\u00fcnya\u2019dan her y\u0131l binlerce ziyaret\u00e7isine kap\u0131lar\u0131n\u0131 a\u00e7an Ani \u00d6ren Yeri, \u00f6zellikle Kars\u2019a gelenlerin ilk ziyaret ettikleri yer oluyor.<\/p>\n<p><em><strong><a href=\"https:\/\/www.cumhuriyet.com.tr\/kultur-sanat\/sakli-kent-ani-gorenleri-buyuluyor-1967876\">https:\/\/www.cumhuriyet.com.tr\/kultur-sanat\/sakli-kent-ani-gorenleri-buyuluyor-1967876<\/a>\u00a0<\/strong><\/em><\/p>\n","protected":false},"excerpt":{"rendered":"<p>\u0130lk yerle\u015fimi milattan \u00f6nce 3 binli y\u0131llara dayanan Ani \u00d6ren Yeri, UNESCO D\u00fcnya Miras\u0131 Listesi\u2019ne girdikten sonra yerli ve yabanc\u0131 turistlerden yo\u011fun ilgi g\u00f6r\u00fcyor. Ani, i\u00e7erisinde bar\u0131nd\u0131rd\u0131\u011f\u0131 medeniyetlerle adeta g\u00f6renleri b\u00fcy\u00fcl\u00fcyor. Ani,\u00a0\u201cD\u00fcnya Kenti\u201d, \u201cMedeniyetler Be\u015fi\u011fi\u201d, \u201cBinbir Kilise\u201d\u00a0ve\u201c40 Kap\u0131l\u0131 \u015eehir\u201d\u00a0olarak da adland\u0131r\u0131lan 961-1045 y\u0131llar\u0131 aras\u0131nda\u00a0Pakraduni Hanedanl\u0131\u011f\u0131\u00a0d\u00f6neminde Ermeni h\u00fck\u00fcmdarlar\u0131na ba\u015fkentlik yapan 11. ve 12. y\u00fczy\u0131la ait\u00a0\u0130slam mimarisi\u00a0eserlerini [&hellip;]<\/p>\n","protected":false},"author":7,"featured_media":69662,"comment_status":"open","ping_status":"open","sticky":false,"template":"","format":"standard","meta":{"footnotes":""},"categories":[22,1],"tags":[],"class_list":["post-69661","post","type-post","status-publish","format-standard","has-post-thumbnail","hentry","category-gunumuzde-bati-ermenistan","category-haberler"],"yoast_head":"<!-- This site is optimized with the Yoast SEO plugin v27.4 - https:\/\/yoast.com\/product\/yoast-seo-wordpress\/ -->\n<title>Sakl\u0131 kent Ani g\u00f6renleri b\u00fcy\u00fcl\u00fcyor - Bati Ermenistan Ve Bati Ermenileri Sorunlari Ara\u015ftirmalar Merkezi<\/title>\n<meta name=\"robots\" content=\"index, follow, max-snippet:-1, max-image-preview:large, max-video-preview:-1\" \/>\n<link rel=\"canonical\" href=\"https:\/\/akunq.net\/tr\/?p=69661\" \/>\n<meta property=\"og:locale\" content=\"en_US\" \/>\n<meta property=\"og:type\" content=\"article\" \/>\n<meta property=\"og:title\" content=\"Sakl\u0131 kent Ani g\u00f6renleri b\u00fcy\u00fcl\u00fcyor - Bati Ermenistan Ve Bati Ermenileri Sorunlari Ara\u015ftirmalar Merkezi\" \/>\n<meta property=\"og:description\" content=\"\u0130lk yerle\u015fimi milattan \u00f6nce 3 binli y\u0131llara dayanan Ani \u00d6ren Yeri, UNESCO D\u00fcnya Miras\u0131 Listesi\u2019ne girdikten sonra yerli ve yabanc\u0131 turistlerden yo\u011fun ilgi g\u00f6r\u00fcyor. Ani, i\u00e7erisinde bar\u0131nd\u0131rd\u0131\u011f\u0131 medeniyetlerle adeta g\u00f6renleri b\u00fcy\u00fcl\u00fcyor. Ani,\u00a0\u201cD\u00fcnya Kenti\u201d, \u201cMedeniyetler Be\u015fi\u011fi\u201d, \u201cBinbir Kilise\u201d\u00a0ve\u201c40 Kap\u0131l\u0131 \u015eehir\u201d\u00a0olarak da adland\u0131r\u0131lan 961-1045 y\u0131llar\u0131 aras\u0131nda\u00a0Pakraduni Hanedanl\u0131\u011f\u0131\u00a0d\u00f6neminde Ermeni h\u00fck\u00fcmdarlar\u0131na ba\u015fkentlik yapan 11. ve 12. y\u00fczy\u0131la ait\u00a0\u0130slam mimarisi\u00a0eserlerini [&hellip;]\" \/>\n<meta property=\"og:url\" content=\"https:\/\/akunq.net\/tr\/?p=69661\" \/>\n<meta property=\"og:site_name\" content=\"Bati Ermenistan Ve Bati Ermenileri Sorunlari Ara\u015ftirmalar Merkezi\" \/>\n<meta property=\"article:published_time\" content=\"2022-08-11T06:55:11+00:00\" \/>\n<meta property=\"og:image\" content=\"https:\/\/akunq.net\/tr\/wp-content\/uploads\/sites\/6\/2022\/08\/Ani.jpg\" \/>\n\t<meta property=\"og:image:width\" content=\"637\" \/>\n\t<meta property=\"og:image:height\" content=\"332\" \/>\n\t<meta property=\"og:image:type\" content=\"image\/jpeg\" \/>\n<meta name=\"author\" content=\"admin\" \/>\n<meta name=\"twitter:card\" content=\"summary_large_image\" \/>\n<meta name=\"twitter:label1\" content=\"Written by\" \/>\n\t<meta name=\"twitter:data1\" content=\"admin\" \/>\n\t<meta name=\"twitter:label2\" content=\"Est. reading time\" \/>\n\t<meta name=\"twitter:data2\" content=\"1 minute\" \/>\n<script type=\"application\/ld+json\" class=\"yoast-schema-graph\">{\"@context\":\"https:\\\/\\\/schema.org\",\"@graph\":[{\"@type\":\"Article\",\"@id\":\"https:\\\/\\\/akunq.net\\\/tr\\\/?p=69661#article\",\"isPartOf\":{\"@id\":\"https:\\\/\\\/akunq.net\\\/tr\\\/?p=69661\"},\"author\":{\"name\":\"admin\",\"@id\":\"https:\\\/\\\/akunq.net\\\/tr\\\/#\\\/schema\\\/person\\\/096f1d38a12cce57fb855b485ed24c9e\"},\"headline\":\"Sakl\u0131 kent Ani g\u00f6renleri b\u00fcy\u00fcl\u00fcyor\",\"datePublished\":\"2022-08-11T06:55:11+00:00\",\"mainEntityOfPage\":{\"@id\":\"https:\\\/\\\/akunq.net\\\/tr\\\/?p=69661\"},\"wordCount\":196,\"commentCount\":0,\"image\":{\"@id\":\"https:\\\/\\\/akunq.net\\\/tr\\\/?p=69661#primaryimage\"},\"thumbnailUrl\":\"https:\\\/\\\/akunq.net\\\/tr\\\/wp-content\\\/uploads\\\/sites\\\/6\\\/2022\\\/08\\\/Ani.jpg\",\"articleSection\":[\"G\u00fcn\u00fcm\u00fczde Bat\u0131 Ermenistan\",\"Haberler\"],\"inLanguage\":\"en-US\",\"potentialAction\":[{\"@type\":\"CommentAction\",\"name\":\"Comment\",\"target\":[\"https:\\\/\\\/akunq.net\\\/tr\\\/?p=69661#respond\"]}]},{\"@type\":\"WebPage\",\"@id\":\"https:\\\/\\\/akunq.net\\\/tr\\\/?p=69661\",\"url\":\"https:\\\/\\\/akunq.net\\\/tr\\\/?p=69661\",\"name\":\"Sakl\u0131 kent Ani g\u00f6renleri b\u00fcy\u00fcl\u00fcyor - Bati Ermenistan Ve Bati Ermenileri Sorunlari Ara\u015ftirmalar Merkezi\",\"isPartOf\":{\"@id\":\"https:\\\/\\\/akunq.net\\\/tr\\\/#website\"},\"primaryImageOfPage\":{\"@id\":\"https:\\\/\\\/akunq.net\\\/tr\\\/?p=69661#primaryimage\"},\"image\":{\"@id\":\"https:\\\/\\\/akunq.net\\\/tr\\\/?p=69661#primaryimage\"},\"thumbnailUrl\":\"https:\\\/\\\/akunq.net\\\/tr\\\/wp-content\\\/uploads\\\/sites\\\/6\\\/2022\\\/08\\\/Ani.jpg\",\"datePublished\":\"2022-08-11T06:55:11+00:00\",\"author\":{\"@id\":\"https:\\\/\\\/akunq.net\\\/tr\\\/#\\\/schema\\\/person\\\/096f1d38a12cce57fb855b485ed24c9e\"},\"breadcrumb\":{\"@id\":\"https:\\\/\\\/akunq.net\\\/tr\\\/?p=69661#breadcrumb\"},\"inLanguage\":\"en-US\",\"potentialAction\":[{\"@type\":\"ReadAction\",\"target\":[\"https:\\\/\\\/akunq.net\\\/tr\\\/?p=69661\"]}]},{\"@type\":\"ImageObject\",\"inLanguage\":\"en-US\",\"@id\":\"https:\\\/\\\/akunq.net\\\/tr\\\/?p=69661#primaryimage\",\"url\":\"https:\\\/\\\/akunq.net\\\/tr\\\/wp-content\\\/uploads\\\/sites\\\/6\\\/2022\\\/08\\\/Ani.jpg\",\"contentUrl\":\"https:\\\/\\\/akunq.net\\\/tr\\\/wp-content\\\/uploads\\\/sites\\\/6\\\/2022\\\/08\\\/Ani.jpg\",\"width\":637,\"height\":332},{\"@type\":\"BreadcrumbList\",\"@id\":\"https:\\\/\\\/akunq.net\\\/tr\\\/?p=69661#breadcrumb\",\"itemListElement\":[{\"@type\":\"ListItem\",\"position\":1,\"name\":\"Home\",\"item\":\"https:\\\/\\\/akunq.net\\\/tr\"},{\"@type\":\"ListItem\",\"position\":2,\"name\":\"Sakl\u0131 kent Ani g\u00f6renleri b\u00fcy\u00fcl\u00fcyor\"}]},{\"@type\":\"WebSite\",\"@id\":\"https:\\\/\\\/akunq.net\\\/tr\\\/#website\",\"url\":\"https:\\\/\\\/akunq.net\\\/tr\\\/\",\"name\":\"Bati Ermenistan Ve Bati Ermenileri Sorunlari Ara\u015ftirmalar Merkezi\",\"description\":\"\",\"potentialAction\":[{\"@type\":\"SearchAction\",\"target\":{\"@type\":\"EntryPoint\",\"urlTemplate\":\"https:\\\/\\\/akunq.net\\\/tr\\\/?s={search_term_string}\"},\"query-input\":{\"@type\":\"PropertyValueSpecification\",\"valueRequired\":true,\"valueName\":\"search_term_string\"}}],\"inLanguage\":\"en-US\"},{\"@type\":\"Person\",\"@id\":\"https:\\\/\\\/akunq.net\\\/tr\\\/#\\\/schema\\\/person\\\/096f1d38a12cce57fb855b485ed24c9e\",\"name\":\"admin\",\"url\":\"https:\\\/\\\/akunq.net\\\/tr\\\/?author=7\"}]}<\/script>\n<!-- \/ Yoast SEO plugin. -->","yoast_head_json":{"title":"Sakl\u0131 kent Ani g\u00f6renleri b\u00fcy\u00fcl\u00fcyor - Bati Ermenistan Ve Bati Ermenileri Sorunlari Ara\u015ftirmalar Merkezi","robots":{"index":"index","follow":"follow","max-snippet":"max-snippet:-1","max-image-preview":"max-image-preview:large","max-video-preview":"max-video-preview:-1"},"canonical":"https:\/\/akunq.net\/tr\/?p=69661","og_locale":"en_US","og_type":"article","og_title":"Sakl\u0131 kent Ani g\u00f6renleri b\u00fcy\u00fcl\u00fcyor - Bati Ermenistan Ve Bati Ermenileri Sorunlari Ara\u015ftirmalar Merkezi","og_description":"\u0130lk yerle\u015fimi milattan \u00f6nce 3 binli y\u0131llara dayanan Ani \u00d6ren Yeri, UNESCO D\u00fcnya Miras\u0131 Listesi\u2019ne girdikten sonra yerli ve yabanc\u0131 turistlerden yo\u011fun ilgi g\u00f6r\u00fcyor. Ani, i\u00e7erisinde bar\u0131nd\u0131rd\u0131\u011f\u0131 medeniyetlerle adeta g\u00f6renleri b\u00fcy\u00fcl\u00fcyor. Ani,\u00a0\u201cD\u00fcnya Kenti\u201d, \u201cMedeniyetler Be\u015fi\u011fi\u201d, \u201cBinbir Kilise\u201d\u00a0ve\u201c40 Kap\u0131l\u0131 \u015eehir\u201d\u00a0olarak da adland\u0131r\u0131lan 961-1045 y\u0131llar\u0131 aras\u0131nda\u00a0Pakraduni Hanedanl\u0131\u011f\u0131\u00a0d\u00f6neminde Ermeni h\u00fck\u00fcmdarlar\u0131na ba\u015fkentlik yapan 11. ve 12. y\u00fczy\u0131la ait\u00a0\u0130slam mimarisi\u00a0eserlerini [&hellip;]","og_url":"https:\/\/akunq.net\/tr\/?p=69661","og_site_name":"Bati Ermenistan Ve Bati Ermenileri Sorunlari Ara\u015ftirmalar Merkezi","article_published_time":"2022-08-11T06:55:11+00:00","og_image":[{"width":637,"height":332,"url":"https:\/\/akunq.net\/tr\/wp-content\/uploads\/sites\/6\/2022\/08\/Ani.jpg","type":"image\/jpeg"}],"author":"admin","twitter_card":"summary_large_image","twitter_misc":{"Written by":"admin","Est. reading time":"1 minute"},"schema":{"@context":"https:\/\/schema.org","@graph":[{"@type":"Article","@id":"https:\/\/akunq.net\/tr\/?p=69661#article","isPartOf":{"@id":"https:\/\/akunq.net\/tr\/?p=69661"},"author":{"name":"admin","@id":"https:\/\/akunq.net\/tr\/#\/schema\/person\/096f1d38a12cce57fb855b485ed24c9e"},"headline":"Sakl\u0131 kent Ani g\u00f6renleri b\u00fcy\u00fcl\u00fcyor","datePublished":"2022-08-11T06:55:11+00:00","mainEntityOfPage":{"@id":"https:\/\/akunq.net\/tr\/?p=69661"},"wordCount":196,"commentCount":0,"image":{"@id":"https:\/\/akunq.net\/tr\/?p=69661#primaryimage"},"thumbnailUrl":"https:\/\/akunq.net\/tr\/wp-content\/uploads\/sites\/6\/2022\/08\/Ani.jpg","articleSection":["G\u00fcn\u00fcm\u00fczde Bat\u0131 Ermenistan","Haberler"],"inLanguage":"en-US","potentialAction":[{"@type":"CommentAction","name":"Comment","target":["https:\/\/akunq.net\/tr\/?p=69661#respond"]}]},{"@type":"WebPage","@id":"https:\/\/akunq.net\/tr\/?p=69661","url":"https:\/\/akunq.net\/tr\/?p=69661","name":"Sakl\u0131 kent Ani g\u00f6renleri b\u00fcy\u00fcl\u00fcyor - Bati Ermenistan Ve Bati Ermenileri Sorunlari Ara\u015ftirmalar Merkezi","isPartOf":{"@id":"https:\/\/akunq.net\/tr\/#website"},"primaryImageOfPage":{"@id":"https:\/\/akunq.net\/tr\/?p=69661#primaryimage"},"image":{"@id":"https:\/\/akunq.net\/tr\/?p=69661#primaryimage"},"thumbnailUrl":"https:\/\/akunq.net\/tr\/wp-content\/uploads\/sites\/6\/2022\/08\/Ani.jpg","datePublished":"2022-08-11T06:55:11+00:00","author":{"@id":"https:\/\/akunq.net\/tr\/#\/schema\/person\/096f1d38a12cce57fb855b485ed24c9e"},"breadcrumb":{"@id":"https:\/\/akunq.net\/tr\/?p=69661#breadcrumb"},"inLanguage":"en-US","potentialAction":[{"@type":"ReadAction","target":["https:\/\/akunq.net\/tr\/?p=69661"]}]},{"@type":"ImageObject","inLanguage":"en-US","@id":"https:\/\/akunq.net\/tr\/?p=69661#primaryimage","url":"https:\/\/akunq.net\/tr\/wp-content\/uploads\/sites\/6\/2022\/08\/Ani.jpg","contentUrl":"https:\/\/akunq.net\/tr\/wp-content\/uploads\/sites\/6\/2022\/08\/Ani.jpg","width":637,"height":332},{"@type":"BreadcrumbList","@id":"https:\/\/akunq.net\/tr\/?p=69661#breadcrumb","itemListElement":[{"@type":"ListItem","position":1,"name":"Home","item":"https:\/\/akunq.net\/tr"},{"@type":"ListItem","position":2,"name":"Sakl\u0131 kent Ani g\u00f6renleri b\u00fcy\u00fcl\u00fcyor"}]},{"@type":"WebSite","@id":"https:\/\/akunq.net\/tr\/#website","url":"https:\/\/akunq.net\/tr\/","name":"Bati Ermenistan Ve Bati Ermenileri Sorunlari Ara\u015ftirmalar Merkezi","description":"","potentialAction":[{"@type":"SearchAction","target":{"@type":"EntryPoint","urlTemplate":"https:\/\/akunq.net\/tr\/?s={search_term_string}"},"query-input":{"@type":"PropertyValueSpecification","valueRequired":true,"valueName":"search_term_string"}}],"inLanguage":"en-US"},{"@type":"Person","@id":"https:\/\/akunq.net\/tr\/#\/schema\/person\/096f1d38a12cce57fb855b485ed24c9e","name":"admin","url":"https:\/\/akunq.net\/tr\/?author=7"}]}},"_links":{"self":[{"href":"https:\/\/akunq.net\/tr\/index.php?rest_route=\/wp\/v2\/posts\/69661","targetHints":{"allow":["GET"]}}],"collection":[{"href":"https:\/\/akunq.net\/tr\/index.php?rest_route=\/wp\/v2\/posts"}],"about":[{"href":"https:\/\/akunq.net\/tr\/index.php?rest_route=\/wp\/v2\/types\/post"}],"author":[{"embeddable":true,"href":"https:\/\/akunq.net\/tr\/index.php?rest_route=\/wp\/v2\/users\/7"}],"replies":[{"embeddable":true,"href":"https:\/\/akunq.net\/tr\/index.php?rest_route=%2Fwp%2Fv2%2Fcomments&post=69661"}],"version-history":[{"count":1,"href":"https:\/\/akunq.net\/tr\/index.php?rest_route=\/wp\/v2\/posts\/69661\/revisions"}],"predecessor-version":[{"id":69663,"href":"https:\/\/akunq.net\/tr\/index.php?rest_route=\/wp\/v2\/posts\/69661\/revisions\/69663"}],"wp:featuredmedia":[{"embeddable":true,"href":"https:\/\/akunq.net\/tr\/index.php?rest_route=\/wp\/v2\/media\/69662"}],"wp:attachment":[{"href":"https:\/\/akunq.net\/tr\/index.php?rest_route=%2Fwp%2Fv2%2Fmedia&parent=69661"}],"wp:term":[{"taxonomy":"category","embeddable":true,"href":"https:\/\/akunq.net\/tr\/index.php?rest_route=%2Fwp%2Fv2%2Fcategories&post=69661"},{"taxonomy":"post_tag","embeddable":true,"href":"https:\/\/akunq.net\/tr\/index.php?rest_route=%2Fwp%2Fv2%2Ftags&post=69661"}],"curies":[{"name":"wp","href":"https:\/\/api.w.org\/{rel}","templated":true}]}}