{"id":69658,"date":"2022-08-11T01:47:40","date_gmt":"2022-08-11T06:47:40","guid":{"rendered":"https:\/\/akunq.net\/tr\/?p=69658"},"modified":"2022-08-11T01:47:40","modified_gmt":"2022-08-11T06:47:40","slug":"alevi-vakiflari-federasyonu-huseyin-gazi-cemevi-yonetiminin-ihracini-istedi","status":"publish","type":"post","link":"https:\/\/akunq.net\/tr\/?p=69658","title":{"rendered":"Alevi Vak\u0131flar\u0131 Federasyonu H\u00fcseyin Gazi Cemevi y\u00f6netiminin ihrac\u0131n\u0131 istedi"},"content":{"rendered":"<p><img loading=\"lazy\" decoding=\"async\" class=\"aligncenter size-medium wp-image-69659\" src=\"https:\/\/akunq.net\/tr\/wp-content\/uploads\/2022\/08\/Alevi-Vakiflari-Federasyonu-360x199.jpg\" alt=\"\" width=\"360\" height=\"199\" srcset=\"https:\/\/akunq.net\/tr\/wp-content\/uploads\/sites\/6\/2022\/08\/Alevi-Vakiflari-Federasyonu-360x199.jpg 360w, https:\/\/akunq.net\/tr\/wp-content\/uploads\/sites\/6\/2022\/08\/Alevi-Vakiflari-Federasyonu-768x425.jpg 768w, https:\/\/akunq.net\/tr\/wp-content\/uploads\/sites\/6\/2022\/08\/Alevi-Vakiflari-Federasyonu-560x310.jpg 560w, https:\/\/akunq.net\/tr\/wp-content\/uploads\/sites\/6\/2022\/08\/Alevi-Vakiflari-Federasyonu-260x144.jpg 260w, https:\/\/akunq.net\/tr\/wp-content\/uploads\/sites\/6\/2022\/08\/Alevi-Vakiflari-Federasyonu-160x89.jpg 160w, https:\/\/akunq.net\/tr\/wp-content\/uploads\/sites\/6\/2022\/08\/Alevi-Vakiflari-Federasyonu.jpg 1280w\" sizes=\"auto, (max-width: 360px) 100vw, 360px\" \/><\/p>\n<p><em><strong>Alevi Vak\u0131flar\u0131 Federasyonu Twitter hesab\u0131ndan yapt\u0131\u011f\u0131 a\u00e7\u0131klamada H\u00fcseyin Gazi Cemevi y\u00f6netiminin Federasyondan ihra\u00e7 edilmesi talebinde bulunduklar\u0131n\u0131 duyurdu.<\/strong><\/em><\/p>\n<p>Cumhurba\u015fkan\u0131 Recep Tayyip Erdo\u011fan, Muharrem orucunun onuncu g\u00fcn\u00fc olan &#8220;A\u015fure&#8221; g\u00fcn\u00fcnde Mamak&#8217;taki H\u00fcseyin Gazi T\u00fcrbesi ve Cemevi&#8217;ni ziyaret etmi\u015fti.<\/p>\n<p>H\u00fcseyin Gazi Derne\u011fi y\u00f6netimi ile baz\u0131 Alevi \u00f6rg\u00fctleri ziyarete tepki g\u00f6sterdi. H\u00fcseyin Gazi Derne\u011fi Y\u00f6netim Kurulu, yapt\u0131klar\u0131 yaz\u0131l\u0131 a\u00e7\u0131klamada s\u00f6z konusu ziyareti medyadan \u00f6\u011frendiklerini belirterek, &#8220;Bu ziyaretin bilgimiz d\u0131\u015f\u0131nda ger\u00e7ekle\u015fti\u011fini ve bireysel kararla derg\u00e2h\u0131m\u0131z\u0131 siyaset oyununa alet eden Vak\u0131f Ba\u015fkan\u0131&#8217;n\u0131 protesto etti\u011fimizi kamuoyuna sayg\u0131lar\u0131m\u0131zla duyururuz&#8221; demi\u015fti.<\/p>\n<p>Erdo\u011fan&#8217;\u0131n Cemevi&#8217;ne geli\u015fi \u00f6ncesinde salonlarda as\u0131l\u0131 olan Hz. Ali, Gazi Mustafa Kemal Atat\u00fcrk ve Hac\u0131 Bekta\u015fi Veli foto\u011fraf ve tasvirlerinin kald\u0131r\u0131lm\u0131\u015f oldu\u011fu medyaya yans\u0131d\u0131.<\/p>\n<p>Ancak, DHA&#8217;n\u0131n haberine g\u00f6re H\u00fcseyin Gazi K\u00fclt\u00fcr ve Sanat Vakf\u0131 Ba\u015fkan\u0131 Mehmet Ali Ayy\u0131ld\u0131z, tablolar\u0131n\u0131n kald\u0131r\u0131ld\u0131\u011f\u0131 iddias\u0131n\u0131 reddetti ve tablolar\u0131n bulundu\u011fu duvar\u0131n ya\u011fmur suyu nedeniyle zarar g\u00f6rd\u00fc\u011f\u00fcn\u00fc, kendisinin &#8220;o tablolar\u0131 daha b\u00fcy\u00fck ve daha g\u00fczel \u00e7er\u00e7eve yaparak, su almayan yere en ba\u015f k\u00f6\u015feye koydu[\u011funu]&#8221; s\u00f6yledi. &#8220;Burada kesinlikle bir karalama kampanyas\u0131 var&#8221; dedi.<\/p>\n<p>Alevi Vak\u0131flar\u0131 Federasyonu&#8217;nun Twitter hesab\u0131ndan yapt\u0131\u011f\u0131 a\u00e7\u0131klama \u015f\u00f6yle:<\/p>\n<p>&#8220;Say\u0131n Cumhurba\u015fkan\u0131m\u0131z\u0131n, 20 y\u0131ll\u0131k iktidar\u0131 s\u00fcresince ilk defa bir Cemevini ziyaret etmesi Alevilere sald\u0131r\u0131lar\u0131n yap\u0131ld\u0131\u011f\u0131 bir d\u00f6nemde son derece \u00f6nemli oldu\u011fu gibi toplumu kucaklay\u0131c\u0131 ve birle\u015ftirici bir ziyarettir. Bu anlamda bu ziyareti \u00f6nemsiyoruz.<\/p>\n<p>Bu ziyaretin \u00f6ncesi ve s\u0131ras\u0131nca ya\u015fananlar ise bizleri ziyadesiyle \u00fczm\u00fc\u015ft\u00fcr.<\/p>\n<p>\u00d6ncelikle. Federasyonumuz bile\u015feni oldu\u011fu halde, ba\u015f\u0131ndan itibaren vak\u0131f y\u00f6netimi taraf\u0131ndan Say\u0131n Cumhurba\u015fkan\u0131m\u0131z\u0131n ziyareti hakk\u0131nda taraf\u0131m\u0131za en ufak bilgi dahi verilmemi\u015ftir. Alevi &#8211; Bekta\u015fi toplumunun y\u00fczy\u0131llar boyunca geli\u015ftirdi\u011fi, ya\u015fad\u0131\u011f\u0131 zul\u00fcm ve bask\u0131lara ra\u011fmen bug\u00fcnlere getirdi\u011fi y\u00fcce de\u011ferleri, basit \u00e7\u0131kar hesaplar\u0131yla ayaklar alt\u0131na alan, Alevi &#8211; Bekta\u015fi toplumunun en kutsal de\u011ferlerinden olan, Muharrem \/ Matem ve inan\u00e7 rit\u00fcellerimizin f\u00fctursuzca istismar edilmesine sessiz kalan H\u00fcseyin Gazi K\u00fclt\u00fcr ve Sanat Vakf\u0131 Y\u00f6netimini k\u0131n\u0131yor ve H\u00fcseyin Gazi K\u00fclt\u00fcr ve Sanat Vakf\u0131 hakk\u0131nda Federasyonumuzun Y\u00f6netim kurulunun ald\u0131\u011f\u0131 karar gere\u011fi ihra\u00e7 i\u015flemlerine ba\u015flad\u0131\u011f\u0131m\u0131z\u0131 t\u00fcm kamuoyu ile payla\u015f\u0131yoruz.&#8221;<\/p>\n<p><em><strong>(Ajanslar, Bianet)<\/strong><\/em><\/p>\n<p><em><strong>https:\/\/www.agos.com.tr\/tr\/yazi\/27374\/alevi-vakiflari-federasyonu-huseyin-gazi-cemevi-yonetiminin-ihracini-istedi<\/strong><\/em><\/p>\n","protected":false},"excerpt":{"rendered":"<p>Alevi Vak\u0131flar\u0131 Federasyonu Twitter hesab\u0131ndan yapt\u0131\u011f\u0131 a\u00e7\u0131klamada H\u00fcseyin Gazi Cemevi y\u00f6netiminin Federasyondan ihra\u00e7 edilmesi talebinde bulunduklar\u0131n\u0131 duyurdu. Cumhurba\u015fkan\u0131 Recep Tayyip Erdo\u011fan, Muharrem orucunun onuncu g\u00fcn\u00fc olan &#8220;A\u015fure&#8221; g\u00fcn\u00fcnde Mamak&#8217;taki H\u00fcseyin Gazi T\u00fcrbesi ve Cemevi&#8217;ni ziyaret etmi\u015fti. H\u00fcseyin Gazi Derne\u011fi y\u00f6netimi ile baz\u0131 Alevi \u00f6rg\u00fctleri ziyarete tepki g\u00f6sterdi. H\u00fcseyin Gazi Derne\u011fi Y\u00f6netim Kurulu, yapt\u0131klar\u0131 yaz\u0131l\u0131 a\u00e7\u0131klamada [&hellip;]<\/p>\n","protected":false},"author":7,"featured_media":69659,"comment_status":"open","ping_status":"open","sticky":false,"template":"","format":"standard","meta":{"footnotes":""},"categories":[1,53],"tags":[],"class_list":["post-69658","post","type-post","status-publish","format-standard","has-post-thumbnail","hentry","category-haberler","category-turkiyede-azinliklar"],"yoast_head":"<!-- This site is optimized with the Yoast SEO plugin v27.4 - https:\/\/yoast.com\/product\/yoast-seo-wordpress\/ -->\n<title>Alevi Vak\u0131flar\u0131 Federasyonu H\u00fcseyin Gazi Cemevi y\u00f6netiminin ihrac\u0131n\u0131 istedi - Bati Ermenistan Ve Bati Ermenileri Sorunlari Ara\u015ftirmalar Merkezi<\/title>\n<meta name=\"robots\" content=\"index, follow, max-snippet:-1, max-image-preview:large, max-video-preview:-1\" \/>\n<link rel=\"canonical\" href=\"https:\/\/akunq.net\/tr\/?p=69658\" \/>\n<meta property=\"og:locale\" content=\"en_US\" \/>\n<meta property=\"og:type\" content=\"article\" \/>\n<meta property=\"og:title\" content=\"Alevi Vak\u0131flar\u0131 Federasyonu H\u00fcseyin Gazi Cemevi y\u00f6netiminin ihrac\u0131n\u0131 istedi - Bati Ermenistan Ve Bati Ermenileri Sorunlari Ara\u015ftirmalar Merkezi\" \/>\n<meta property=\"og:description\" content=\"Alevi Vak\u0131flar\u0131 Federasyonu Twitter hesab\u0131ndan yapt\u0131\u011f\u0131 a\u00e7\u0131klamada H\u00fcseyin Gazi Cemevi y\u00f6netiminin Federasyondan ihra\u00e7 edilmesi talebinde bulunduklar\u0131n\u0131 duyurdu. Cumhurba\u015fkan\u0131 Recep Tayyip Erdo\u011fan, Muharrem orucunun onuncu g\u00fcn\u00fc olan &#8220;A\u015fure&#8221; g\u00fcn\u00fcnde Mamak&#8217;taki H\u00fcseyin Gazi T\u00fcrbesi ve Cemevi&#8217;ni ziyaret etmi\u015fti. H\u00fcseyin Gazi Derne\u011fi y\u00f6netimi ile baz\u0131 Alevi \u00f6rg\u00fctleri ziyarete tepki g\u00f6sterdi. H\u00fcseyin Gazi Derne\u011fi Y\u00f6netim Kurulu, yapt\u0131klar\u0131 yaz\u0131l\u0131 a\u00e7\u0131klamada [&hellip;]\" \/>\n<meta property=\"og:url\" content=\"https:\/\/akunq.net\/tr\/?p=69658\" \/>\n<meta property=\"og:site_name\" content=\"Bati Ermenistan Ve Bati Ermenileri Sorunlari Ara\u015ftirmalar Merkezi\" \/>\n<meta property=\"article:published_time\" content=\"2022-08-11T06:47:40+00:00\" \/>\n<meta property=\"og:image\" content=\"https:\/\/akunq.net\/tr\/wp-content\/uploads\/sites\/6\/2022\/08\/Alevi-Vakiflari-Federasyonu.jpg\" \/>\n\t<meta property=\"og:image:width\" content=\"1280\" \/>\n\t<meta property=\"og:image:height\" content=\"708\" \/>\n\t<meta property=\"og:image:type\" content=\"image\/jpeg\" \/>\n<meta name=\"author\" content=\"admin\" \/>\n<meta name=\"twitter:card\" content=\"summary_large_image\" \/>\n<meta name=\"twitter:label1\" content=\"Written by\" \/>\n\t<meta name=\"twitter:data1\" content=\"admin\" \/>\n\t<meta name=\"twitter:label2\" content=\"Est. reading time\" \/>\n\t<meta name=\"twitter:data2\" content=\"2 minutes\" \/>\n<script type=\"application\/ld+json\" class=\"yoast-schema-graph\">{\"@context\":\"https:\\\/\\\/schema.org\",\"@graph\":[{\"@type\":\"Article\",\"@id\":\"https:\\\/\\\/akunq.net\\\/tr\\\/?p=69658#article\",\"isPartOf\":{\"@id\":\"https:\\\/\\\/akunq.net\\\/tr\\\/?p=69658\"},\"author\":{\"name\":\"admin\",\"@id\":\"https:\\\/\\\/akunq.net\\\/tr\\\/#\\\/schema\\\/person\\\/096f1d38a12cce57fb855b485ed24c9e\"},\"headline\":\"Alevi Vak\u0131flar\u0131 Federasyonu H\u00fcseyin Gazi Cemevi y\u00f6netiminin ihrac\u0131n\u0131 istedi\",\"datePublished\":\"2022-08-11T06:47:40+00:00\",\"mainEntityOfPage\":{\"@id\":\"https:\\\/\\\/akunq.net\\\/tr\\\/?p=69658\"},\"wordCount\":475,\"commentCount\":0,\"image\":{\"@id\":\"https:\\\/\\\/akunq.net\\\/tr\\\/?p=69658#primaryimage\"},\"thumbnailUrl\":\"https:\\\/\\\/akunq.net\\\/tr\\\/wp-content\\\/uploads\\\/sites\\\/6\\\/2022\\\/08\\\/Alevi-Vakiflari-Federasyonu.jpg\",\"articleSection\":[\"Haberler\",\"T\u00fcrkiye\u2019de Az\u0131nl\u0131klar\"],\"inLanguage\":\"en-US\",\"potentialAction\":[{\"@type\":\"CommentAction\",\"name\":\"Comment\",\"target\":[\"https:\\\/\\\/akunq.net\\\/tr\\\/?p=69658#respond\"]}]},{\"@type\":\"WebPage\",\"@id\":\"https:\\\/\\\/akunq.net\\\/tr\\\/?p=69658\",\"url\":\"https:\\\/\\\/akunq.net\\\/tr\\\/?p=69658\",\"name\":\"Alevi Vak\u0131flar\u0131 Federasyonu H\u00fcseyin Gazi Cemevi y\u00f6netiminin ihrac\u0131n\u0131 istedi - Bati Ermenistan Ve Bati Ermenileri Sorunlari Ara\u015ftirmalar Merkezi\",\"isPartOf\":{\"@id\":\"https:\\\/\\\/akunq.net\\\/tr\\\/#website\"},\"primaryImageOfPage\":{\"@id\":\"https:\\\/\\\/akunq.net\\\/tr\\\/?p=69658#primaryimage\"},\"image\":{\"@id\":\"https:\\\/\\\/akunq.net\\\/tr\\\/?p=69658#primaryimage\"},\"thumbnailUrl\":\"https:\\\/\\\/akunq.net\\\/tr\\\/wp-content\\\/uploads\\\/sites\\\/6\\\/2022\\\/08\\\/Alevi-Vakiflari-Federasyonu.jpg\",\"datePublished\":\"2022-08-11T06:47:40+00:00\",\"author\":{\"@id\":\"https:\\\/\\\/akunq.net\\\/tr\\\/#\\\/schema\\\/person\\\/096f1d38a12cce57fb855b485ed24c9e\"},\"breadcrumb\":{\"@id\":\"https:\\\/\\\/akunq.net\\\/tr\\\/?p=69658#breadcrumb\"},\"inLanguage\":\"en-US\",\"potentialAction\":[{\"@type\":\"ReadAction\",\"target\":[\"https:\\\/\\\/akunq.net\\\/tr\\\/?p=69658\"]}]},{\"@type\":\"ImageObject\",\"inLanguage\":\"en-US\",\"@id\":\"https:\\\/\\\/akunq.net\\\/tr\\\/?p=69658#primaryimage\",\"url\":\"https:\\\/\\\/akunq.net\\\/tr\\\/wp-content\\\/uploads\\\/sites\\\/6\\\/2022\\\/08\\\/Alevi-Vakiflari-Federasyonu.jpg\",\"contentUrl\":\"https:\\\/\\\/akunq.net\\\/tr\\\/wp-content\\\/uploads\\\/sites\\\/6\\\/2022\\\/08\\\/Alevi-Vakiflari-Federasyonu.jpg\",\"width\":1280,\"height\":708},{\"@type\":\"BreadcrumbList\",\"@id\":\"https:\\\/\\\/akunq.net\\\/tr\\\/?p=69658#breadcrumb\",\"itemListElement\":[{\"@type\":\"ListItem\",\"position\":1,\"name\":\"Home\",\"item\":\"https:\\\/\\\/akunq.net\\\/tr\"},{\"@type\":\"ListItem\",\"position\":2,\"name\":\"Alevi Vak\u0131flar\u0131 Federasyonu H\u00fcseyin Gazi Cemevi y\u00f6netiminin ihrac\u0131n\u0131 istedi\"}]},{\"@type\":\"WebSite\",\"@id\":\"https:\\\/\\\/akunq.net\\\/tr\\\/#website\",\"url\":\"https:\\\/\\\/akunq.net\\\/tr\\\/\",\"name\":\"Bati Ermenistan Ve Bati Ermenileri Sorunlari Ara\u015ftirmalar Merkezi\",\"description\":\"\",\"potentialAction\":[{\"@type\":\"SearchAction\",\"target\":{\"@type\":\"EntryPoint\",\"urlTemplate\":\"https:\\\/\\\/akunq.net\\\/tr\\\/?s={search_term_string}\"},\"query-input\":{\"@type\":\"PropertyValueSpecification\",\"valueRequired\":true,\"valueName\":\"search_term_string\"}}],\"inLanguage\":\"en-US\"},{\"@type\":\"Person\",\"@id\":\"https:\\\/\\\/akunq.net\\\/tr\\\/#\\\/schema\\\/person\\\/096f1d38a12cce57fb855b485ed24c9e\",\"name\":\"admin\",\"url\":\"https:\\\/\\\/akunq.net\\\/tr\\\/?author=7\"}]}<\/script>\n<!-- \/ Yoast SEO plugin. -->","yoast_head_json":{"title":"Alevi Vak\u0131flar\u0131 Federasyonu H\u00fcseyin Gazi Cemevi y\u00f6netiminin ihrac\u0131n\u0131 istedi - Bati Ermenistan Ve Bati Ermenileri Sorunlari Ara\u015ftirmalar Merkezi","robots":{"index":"index","follow":"follow","max-snippet":"max-snippet:-1","max-image-preview":"max-image-preview:large","max-video-preview":"max-video-preview:-1"},"canonical":"https:\/\/akunq.net\/tr\/?p=69658","og_locale":"en_US","og_type":"article","og_title":"Alevi Vak\u0131flar\u0131 Federasyonu H\u00fcseyin Gazi Cemevi y\u00f6netiminin ihrac\u0131n\u0131 istedi - Bati Ermenistan Ve Bati Ermenileri Sorunlari Ara\u015ftirmalar Merkezi","og_description":"Alevi Vak\u0131flar\u0131 Federasyonu Twitter hesab\u0131ndan yapt\u0131\u011f\u0131 a\u00e7\u0131klamada H\u00fcseyin Gazi Cemevi y\u00f6netiminin Federasyondan ihra\u00e7 edilmesi talebinde bulunduklar\u0131n\u0131 duyurdu. Cumhurba\u015fkan\u0131 Recep Tayyip Erdo\u011fan, Muharrem orucunun onuncu g\u00fcn\u00fc olan &#8220;A\u015fure&#8221; g\u00fcn\u00fcnde Mamak&#8217;taki H\u00fcseyin Gazi T\u00fcrbesi ve Cemevi&#8217;ni ziyaret etmi\u015fti. H\u00fcseyin Gazi Derne\u011fi y\u00f6netimi ile baz\u0131 Alevi \u00f6rg\u00fctleri ziyarete tepki g\u00f6sterdi. H\u00fcseyin Gazi Derne\u011fi Y\u00f6netim Kurulu, yapt\u0131klar\u0131 yaz\u0131l\u0131 a\u00e7\u0131klamada [&hellip;]","og_url":"https:\/\/akunq.net\/tr\/?p=69658","og_site_name":"Bati Ermenistan Ve Bati Ermenileri Sorunlari Ara\u015ftirmalar Merkezi","article_published_time":"2022-08-11T06:47:40+00:00","og_image":[{"width":1280,"height":708,"url":"https:\/\/akunq.net\/tr\/wp-content\/uploads\/sites\/6\/2022\/08\/Alevi-Vakiflari-Federasyonu.jpg","type":"image\/jpeg"}],"author":"admin","twitter_card":"summary_large_image","twitter_misc":{"Written by":"admin","Est. reading time":"2 minutes"},"schema":{"@context":"https:\/\/schema.org","@graph":[{"@type":"Article","@id":"https:\/\/akunq.net\/tr\/?p=69658#article","isPartOf":{"@id":"https:\/\/akunq.net\/tr\/?p=69658"},"author":{"name":"admin","@id":"https:\/\/akunq.net\/tr\/#\/schema\/person\/096f1d38a12cce57fb855b485ed24c9e"},"headline":"Alevi Vak\u0131flar\u0131 Federasyonu H\u00fcseyin Gazi Cemevi y\u00f6netiminin ihrac\u0131n\u0131 istedi","datePublished":"2022-08-11T06:47:40+00:00","mainEntityOfPage":{"@id":"https:\/\/akunq.net\/tr\/?p=69658"},"wordCount":475,"commentCount":0,"image":{"@id":"https:\/\/akunq.net\/tr\/?p=69658#primaryimage"},"thumbnailUrl":"https:\/\/akunq.net\/tr\/wp-content\/uploads\/sites\/6\/2022\/08\/Alevi-Vakiflari-Federasyonu.jpg","articleSection":["Haberler","T\u00fcrkiye\u2019de Az\u0131nl\u0131klar"],"inLanguage":"en-US","potentialAction":[{"@type":"CommentAction","name":"Comment","target":["https:\/\/akunq.net\/tr\/?p=69658#respond"]}]},{"@type":"WebPage","@id":"https:\/\/akunq.net\/tr\/?p=69658","url":"https:\/\/akunq.net\/tr\/?p=69658","name":"Alevi Vak\u0131flar\u0131 Federasyonu H\u00fcseyin Gazi Cemevi y\u00f6netiminin ihrac\u0131n\u0131 istedi - Bati Ermenistan Ve Bati Ermenileri Sorunlari Ara\u015ftirmalar Merkezi","isPartOf":{"@id":"https:\/\/akunq.net\/tr\/#website"},"primaryImageOfPage":{"@id":"https:\/\/akunq.net\/tr\/?p=69658#primaryimage"},"image":{"@id":"https:\/\/akunq.net\/tr\/?p=69658#primaryimage"},"thumbnailUrl":"https:\/\/akunq.net\/tr\/wp-content\/uploads\/sites\/6\/2022\/08\/Alevi-Vakiflari-Federasyonu.jpg","datePublished":"2022-08-11T06:47:40+00:00","author":{"@id":"https:\/\/akunq.net\/tr\/#\/schema\/person\/096f1d38a12cce57fb855b485ed24c9e"},"breadcrumb":{"@id":"https:\/\/akunq.net\/tr\/?p=69658#breadcrumb"},"inLanguage":"en-US","potentialAction":[{"@type":"ReadAction","target":["https:\/\/akunq.net\/tr\/?p=69658"]}]},{"@type":"ImageObject","inLanguage":"en-US","@id":"https:\/\/akunq.net\/tr\/?p=69658#primaryimage","url":"https:\/\/akunq.net\/tr\/wp-content\/uploads\/sites\/6\/2022\/08\/Alevi-Vakiflari-Federasyonu.jpg","contentUrl":"https:\/\/akunq.net\/tr\/wp-content\/uploads\/sites\/6\/2022\/08\/Alevi-Vakiflari-Federasyonu.jpg","width":1280,"height":708},{"@type":"BreadcrumbList","@id":"https:\/\/akunq.net\/tr\/?p=69658#breadcrumb","itemListElement":[{"@type":"ListItem","position":1,"name":"Home","item":"https:\/\/akunq.net\/tr"},{"@type":"ListItem","position":2,"name":"Alevi Vak\u0131flar\u0131 Federasyonu H\u00fcseyin Gazi Cemevi y\u00f6netiminin ihrac\u0131n\u0131 istedi"}]},{"@type":"WebSite","@id":"https:\/\/akunq.net\/tr\/#website","url":"https:\/\/akunq.net\/tr\/","name":"Bati Ermenistan Ve Bati Ermenileri Sorunlari Ara\u015ftirmalar Merkezi","description":"","potentialAction":[{"@type":"SearchAction","target":{"@type":"EntryPoint","urlTemplate":"https:\/\/akunq.net\/tr\/?s={search_term_string}"},"query-input":{"@type":"PropertyValueSpecification","valueRequired":true,"valueName":"search_term_string"}}],"inLanguage":"en-US"},{"@type":"Person","@id":"https:\/\/akunq.net\/tr\/#\/schema\/person\/096f1d38a12cce57fb855b485ed24c9e","name":"admin","url":"https:\/\/akunq.net\/tr\/?author=7"}]}},"_links":{"self":[{"href":"https:\/\/akunq.net\/tr\/index.php?rest_route=\/wp\/v2\/posts\/69658","targetHints":{"allow":["GET"]}}],"collection":[{"href":"https:\/\/akunq.net\/tr\/index.php?rest_route=\/wp\/v2\/posts"}],"about":[{"href":"https:\/\/akunq.net\/tr\/index.php?rest_route=\/wp\/v2\/types\/post"}],"author":[{"embeddable":true,"href":"https:\/\/akunq.net\/tr\/index.php?rest_route=\/wp\/v2\/users\/7"}],"replies":[{"embeddable":true,"href":"https:\/\/akunq.net\/tr\/index.php?rest_route=%2Fwp%2Fv2%2Fcomments&post=69658"}],"version-history":[{"count":1,"href":"https:\/\/akunq.net\/tr\/index.php?rest_route=\/wp\/v2\/posts\/69658\/revisions"}],"predecessor-version":[{"id":69660,"href":"https:\/\/akunq.net\/tr\/index.php?rest_route=\/wp\/v2\/posts\/69658\/revisions\/69660"}],"wp:featuredmedia":[{"embeddable":true,"href":"https:\/\/akunq.net\/tr\/index.php?rest_route=\/wp\/v2\/media\/69659"}],"wp:attachment":[{"href":"https:\/\/akunq.net\/tr\/index.php?rest_route=%2Fwp%2Fv2%2Fmedia&parent=69658"}],"wp:term":[{"taxonomy":"category","embeddable":true,"href":"https:\/\/akunq.net\/tr\/index.php?rest_route=%2Fwp%2Fv2%2Fcategories&post=69658"},{"taxonomy":"post_tag","embeddable":true,"href":"https:\/\/akunq.net\/tr\/index.php?rest_route=%2Fwp%2Fv2%2Ftags&post=69658"}],"curies":[{"name":"wp","href":"https:\/\/api.w.org\/{rel}","templated":true}]}}