{"id":69652,"date":"2022-08-11T01:27:40","date_gmt":"2022-08-11T06:27:40","guid":{"rendered":"https:\/\/akunq.net\/tr\/?p=69652"},"modified":"2022-08-11T01:27:40","modified_gmt":"2022-08-11T06:27:40","slug":"ermenistanda-irak-kurt-bolgesel-yonetimi-genclik-ve-kultur-bakaninin-heyetiyle-bir-toplanti-gerceklesti","status":"publish","type":"post","link":"https:\/\/akunq.net\/tr\/?p=69652","title":{"rendered":"Ermenistan&#8217;da Irak K\u00fcrt B\u00f6lgesel Y\u00f6netimi Gen\u00e7lik ve K\u00fclt\u00fcr Bakan\u0131\u2019n\u0131n heyetiyle bir toplant\u0131 ger\u00e7ekle\u015fti"},"content":{"rendered":"<div class=\"html-content\">\n<p><img loading=\"lazy\" decoding=\"async\" class=\"aligncenter size-medium wp-image-69653\" src=\"https:\/\/akunq.net\/tr\/wp-content\/uploads\/2022\/08\/Muhammed-Said-Ali-316x270.jpg\" alt=\"\" width=\"316\" height=\"270\" srcset=\"https:\/\/akunq.net\/tr\/wp-content\/uploads\/sites\/6\/2022\/08\/Muhammed-Said-Ali-316x270.jpg 316w, https:\/\/akunq.net\/tr\/wp-content\/uploads\/sites\/6\/2022\/08\/Muhammed-Said-Ali-560x479.jpg 560w, https:\/\/akunq.net\/tr\/wp-content\/uploads\/sites\/6\/2022\/08\/Muhammed-Said-Ali-260x222.jpg 260w, https:\/\/akunq.net\/tr\/wp-content\/uploads\/sites\/6\/2022\/08\/Muhammed-Said-Ali-160x137.jpg 160w, https:\/\/akunq.net\/tr\/wp-content\/uploads\/sites\/6\/2022\/08\/Muhammed-Said-Ali.jpg 689w\" sizes=\"auto, (max-width: 316px) 100vw, 316px\" \/><\/p>\n<p><strong><em>10 A\u011fustos&#8217;ta Ermenistan Bilimler Milli Akademisi (BMA), Irak K\u00fcrt B\u00f6lgesel Y\u00f6netimi Gen\u00e7lik ve K\u00fclt\u00fcr Bakan\u0131 Muhammed Said Ali\u2019nin ba\u015fkanl\u0131\u011f\u0131ndaki heyeti a\u011f\u0131rlad\u0131.<\/em><\/strong><\/p>\n<p>Toplant\u0131ya Ermenistan\u2019\u0131n Erbil Ba\u015fkonsolosu Ar\u015fak Manukyan, BMA Ba\u015fkanl\u0131\u011f\u0131 \u00fcyeleri, BMA Do\u011fu Bilimler ve Sanat Enstit\u00fcleri ara\u015ft\u0131rmac\u0131lar\u0131 kat\u0131ld\u0131. Toplant\u0131n\u0131n a\u00e7\u0131l\u0131\u015f konu\u015fmas\u0131n\u0131 yapan akademisyen Yuri Suvaryan konuklar\u0131 memnuniyetle kar\u015f\u0131lad\u0131.<\/p>\n<p><img decoding=\"async\" src=\"https:\/\/www.ermenihaber.am\/files\/images\/bbbbbbbbbbbbbbbbbbbbbb.jpg\" alt=\"\" \/><\/p>\n<p>Toplant\u0131da BMA Do\u011fu Bilimler Enstit\u00fcs\u00fc M\u00fcd\u00fcr\u00fc Robert \u011eazaryan, Ermeni-K\u00fcrt ili\u015fkilerinin tarihini ve enstit\u00fcde K\u00fcrdolojinin geli\u015ftirilmesi alan\u0131nda y\u00fcr\u00fct\u00fclen ara\u015ft\u0131rma \u00e7al\u0131\u015fmalar\u0131n\u0131n sonu\u00e7lar\u0131n\u0131 sundu. Sanat Enstit\u00fcs\u00fc M\u00fcd\u00fcr\u00fc Anna Asatryan ise \u00f6zellikle \u00fcnl\u00fc Ermeni besteci Komitas Vardapet\u2019in K\u00fcrt halk \u015fark\u0131lar\u0131yla ilgili yapt\u0131\u011f\u0131 \u00e7al\u0131\u015fmalar\u0131na de\u011finerek Ermeni-K\u00fcrt k\u00fclt\u00fcr al\u0131\u015fveri\u015fi hakk\u0131nda bir rapor sundu.<\/p>\n<p><img decoding=\"async\" src=\"https:\/\/www.ermenihaber.am\/files\/images\/zzzzzzzzzzzzz.jpg\" alt=\"\" \/><\/p>\n<p>S\u0131cak kar\u015f\u0131lama i\u00e7in te\u015fekk\u00fcr eden Gen\u00e7lik ve K\u00fclt\u00fcr Bakan\u0131 Muhammed Said Ali, Irak K\u00fcrt B\u00f6lgesel Y\u00f6netimi\u2019nin k\u00fclt\u00fcr alan\u0131ndaki politikas\u0131n\u0131 anlatt\u0131, Ermeni-K\u00fcrt k\u00fclt\u00fcrel ba\u011flar\u0131n\u0131n g\u00fc\u00e7lendirilmesini, iki halk\u0131n tarihi ili\u015fkilerini b\u00fcy\u00fck \u00f6l\u00e7\u00fcde \u00f6nemsedi. Bakan, Ermeni-K\u00fcrt k\u00fclt\u00fcrel ve bilimsel ba\u011flar\u0131n\u0131n daha da aktif hale gelmesini umdu\u011funu dile getirdi.<\/p>\n<p>Ermenistan&#8217;\u0131n Erbil Ba\u015fkonsolosu Ar\u015fak Manukyan ise konsoloslu\u011fun deste\u011fiyle Irak\u2019\u0131n K\u00fcrdistan B\u00f6lgesi\u2019nde k\u00fclt\u00fcrel ve bilimsel alanlar\u0131nda y\u00fcr\u00fct\u00fclen \u00e7al\u0131\u015fmalar\u0131n\u0131 anlatt\u0131.<\/p>\n<\/div>\n<div class=\"current-author fl cb\"><strong><em>\u00a0<a class=\"a-none\" href=\"https:\/\/www.ermenihaber.am\/tr\/news\/2022\/08\/10\/Ermenistan-Irak-K%C3%BCrt\/235474\">Ermenihaber.am<\/a><\/em><\/strong><\/div>\n<div class=\"cb\"><\/div>\n<div class=\"current-socials\">\n<div id=\"st-1\" class=\"sharethis-inline-share-buttons st-left  st-inline-share-buttons st-animated\">\n<div class=\"st-btn st-first\" data-network=\"facebook\"><\/div>\n<\/div>\n<\/div>\n","protected":false},"excerpt":{"rendered":"<p>10 A\u011fustos&#8217;ta Ermenistan Bilimler Milli Akademisi (BMA), Irak K\u00fcrt B\u00f6lgesel Y\u00f6netimi Gen\u00e7lik ve K\u00fclt\u00fcr Bakan\u0131 Muhammed Said Ali\u2019nin ba\u015fkanl\u0131\u011f\u0131ndaki heyeti a\u011f\u0131rlad\u0131. Toplant\u0131ya Ermenistan\u2019\u0131n Erbil Ba\u015fkonsolosu Ar\u015fak Manukyan, BMA Ba\u015fkanl\u0131\u011f\u0131 \u00fcyeleri, BMA Do\u011fu Bilimler ve Sanat Enstit\u00fcleri ara\u015ft\u0131rmac\u0131lar\u0131 kat\u0131ld\u0131. Toplant\u0131n\u0131n a\u00e7\u0131l\u0131\u015f konu\u015fmas\u0131n\u0131 yapan akademisyen Yuri Suvaryan konuklar\u0131 memnuniyetle kar\u015f\u0131lad\u0131. Toplant\u0131da BMA Do\u011fu Bilimler Enstit\u00fcs\u00fc M\u00fcd\u00fcr\u00fc Robert [&hellip;]<\/p>\n","protected":false},"author":7,"featured_media":69653,"comment_status":"open","ping_status":"open","sticky":false,"template":"","format":"standard","meta":{"footnotes":""},"categories":[1],"tags":[],"class_list":["post-69652","post","type-post","status-publish","format-standard","has-post-thumbnail","hentry","category-haberler"],"yoast_head":"<!-- This site is optimized with the Yoast SEO plugin v27.4 - https:\/\/yoast.com\/product\/yoast-seo-wordpress\/ -->\n<title>Ermenistan&#039;da Irak K\u00fcrt B\u00f6lgesel Y\u00f6netimi Gen\u00e7lik ve K\u00fclt\u00fcr Bakan\u0131\u2019n\u0131n heyetiyle bir toplant\u0131 ger\u00e7ekle\u015fti - Bati Ermenistan Ve Bati Ermenileri Sorunlari Ara\u015ftirmalar Merkezi<\/title>\n<meta name=\"robots\" content=\"index, follow, max-snippet:-1, max-image-preview:large, max-video-preview:-1\" \/>\n<link rel=\"canonical\" href=\"https:\/\/akunq.net\/tr\/?p=69652\" \/>\n<meta property=\"og:locale\" content=\"en_US\" \/>\n<meta property=\"og:type\" content=\"article\" \/>\n<meta property=\"og:title\" content=\"Ermenistan&#039;da Irak K\u00fcrt B\u00f6lgesel Y\u00f6netimi Gen\u00e7lik ve K\u00fclt\u00fcr Bakan\u0131\u2019n\u0131n heyetiyle bir toplant\u0131 ger\u00e7ekle\u015fti - Bati Ermenistan Ve Bati Ermenileri Sorunlari Ara\u015ftirmalar Merkezi\" \/>\n<meta property=\"og:description\" content=\"10 A\u011fustos&#8217;ta Ermenistan Bilimler Milli Akademisi (BMA), Irak K\u00fcrt B\u00f6lgesel Y\u00f6netimi Gen\u00e7lik ve K\u00fclt\u00fcr Bakan\u0131 Muhammed Said Ali\u2019nin ba\u015fkanl\u0131\u011f\u0131ndaki heyeti a\u011f\u0131rlad\u0131. Toplant\u0131ya Ermenistan\u2019\u0131n Erbil Ba\u015fkonsolosu Ar\u015fak Manukyan, BMA Ba\u015fkanl\u0131\u011f\u0131 \u00fcyeleri, BMA Do\u011fu Bilimler ve Sanat Enstit\u00fcleri ara\u015ft\u0131rmac\u0131lar\u0131 kat\u0131ld\u0131. Toplant\u0131n\u0131n a\u00e7\u0131l\u0131\u015f konu\u015fmas\u0131n\u0131 yapan akademisyen Yuri Suvaryan konuklar\u0131 memnuniyetle kar\u015f\u0131lad\u0131. Toplant\u0131da BMA Do\u011fu Bilimler Enstit\u00fcs\u00fc M\u00fcd\u00fcr\u00fc Robert [&hellip;]\" \/>\n<meta property=\"og:url\" content=\"https:\/\/akunq.net\/tr\/?p=69652\" \/>\n<meta property=\"og:site_name\" content=\"Bati Ermenistan Ve Bati Ermenileri Sorunlari Ara\u015ftirmalar Merkezi\" \/>\n<meta property=\"article:published_time\" content=\"2022-08-11T06:27:40+00:00\" \/>\n<meta property=\"og:image\" content=\"https:\/\/akunq.net\/tr\/wp-content\/uploads\/sites\/6\/2022\/08\/Muhammed-Said-Ali.jpg\" \/>\n\t<meta property=\"og:image:width\" content=\"689\" \/>\n\t<meta property=\"og:image:height\" content=\"589\" \/>\n\t<meta property=\"og:image:type\" content=\"image\/jpeg\" \/>\n<meta name=\"author\" content=\"admin\" \/>\n<meta name=\"twitter:card\" content=\"summary_large_image\" \/>\n<meta name=\"twitter:label1\" content=\"Written by\" \/>\n\t<meta name=\"twitter:data1\" content=\"admin\" \/>\n\t<meta name=\"twitter:label2\" content=\"Est. reading time\" \/>\n\t<meta name=\"twitter:data2\" content=\"1 minute\" \/>\n<script type=\"application\/ld+json\" class=\"yoast-schema-graph\">{\"@context\":\"https:\\\/\\\/schema.org\",\"@graph\":[{\"@type\":\"Article\",\"@id\":\"https:\\\/\\\/akunq.net\\\/tr\\\/?p=69652#article\",\"isPartOf\":{\"@id\":\"https:\\\/\\\/akunq.net\\\/tr\\\/?p=69652\"},\"author\":{\"name\":\"admin\",\"@id\":\"https:\\\/\\\/akunq.net\\\/tr\\\/#\\\/schema\\\/person\\\/096f1d38a12cce57fb855b485ed24c9e\"},\"headline\":\"Ermenistan&#8217;da Irak K\u00fcrt B\u00f6lgesel Y\u00f6netimi Gen\u00e7lik ve K\u00fclt\u00fcr Bakan\u0131\u2019n\u0131n heyetiyle bir toplant\u0131 ger\u00e7ekle\u015fti\",\"datePublished\":\"2022-08-11T06:27:40+00:00\",\"mainEntityOfPage\":{\"@id\":\"https:\\\/\\\/akunq.net\\\/tr\\\/?p=69652\"},\"wordCount\":299,\"commentCount\":0,\"image\":{\"@id\":\"https:\\\/\\\/akunq.net\\\/tr\\\/?p=69652#primaryimage\"},\"thumbnailUrl\":\"https:\\\/\\\/akunq.net\\\/tr\\\/wp-content\\\/uploads\\\/sites\\\/6\\\/2022\\\/08\\\/Muhammed-Said-Ali.jpg\",\"articleSection\":[\"Haberler\"],\"inLanguage\":\"en-US\",\"potentialAction\":[{\"@type\":\"CommentAction\",\"name\":\"Comment\",\"target\":[\"https:\\\/\\\/akunq.net\\\/tr\\\/?p=69652#respond\"]}]},{\"@type\":\"WebPage\",\"@id\":\"https:\\\/\\\/akunq.net\\\/tr\\\/?p=69652\",\"url\":\"https:\\\/\\\/akunq.net\\\/tr\\\/?p=69652\",\"name\":\"Ermenistan'da Irak K\u00fcrt B\u00f6lgesel Y\u00f6netimi Gen\u00e7lik ve K\u00fclt\u00fcr Bakan\u0131\u2019n\u0131n heyetiyle bir toplant\u0131 ger\u00e7ekle\u015fti - Bati Ermenistan Ve Bati Ermenileri Sorunlari Ara\u015ftirmalar Merkezi\",\"isPartOf\":{\"@id\":\"https:\\\/\\\/akunq.net\\\/tr\\\/#website\"},\"primaryImageOfPage\":{\"@id\":\"https:\\\/\\\/akunq.net\\\/tr\\\/?p=69652#primaryimage\"},\"image\":{\"@id\":\"https:\\\/\\\/akunq.net\\\/tr\\\/?p=69652#primaryimage\"},\"thumbnailUrl\":\"https:\\\/\\\/akunq.net\\\/tr\\\/wp-content\\\/uploads\\\/sites\\\/6\\\/2022\\\/08\\\/Muhammed-Said-Ali.jpg\",\"datePublished\":\"2022-08-11T06:27:40+00:00\",\"author\":{\"@id\":\"https:\\\/\\\/akunq.net\\\/tr\\\/#\\\/schema\\\/person\\\/096f1d38a12cce57fb855b485ed24c9e\"},\"breadcrumb\":{\"@id\":\"https:\\\/\\\/akunq.net\\\/tr\\\/?p=69652#breadcrumb\"},\"inLanguage\":\"en-US\",\"potentialAction\":[{\"@type\":\"ReadAction\",\"target\":[\"https:\\\/\\\/akunq.net\\\/tr\\\/?p=69652\"]}]},{\"@type\":\"ImageObject\",\"inLanguage\":\"en-US\",\"@id\":\"https:\\\/\\\/akunq.net\\\/tr\\\/?p=69652#primaryimage\",\"url\":\"https:\\\/\\\/akunq.net\\\/tr\\\/wp-content\\\/uploads\\\/sites\\\/6\\\/2022\\\/08\\\/Muhammed-Said-Ali.jpg\",\"contentUrl\":\"https:\\\/\\\/akunq.net\\\/tr\\\/wp-content\\\/uploads\\\/sites\\\/6\\\/2022\\\/08\\\/Muhammed-Said-Ali.jpg\",\"width\":689,\"height\":589},{\"@type\":\"BreadcrumbList\",\"@id\":\"https:\\\/\\\/akunq.net\\\/tr\\\/?p=69652#breadcrumb\",\"itemListElement\":[{\"@type\":\"ListItem\",\"position\":1,\"name\":\"Home\",\"item\":\"https:\\\/\\\/akunq.net\\\/tr\"},{\"@type\":\"ListItem\",\"position\":2,\"name\":\"Ermenistan&#8217;da Irak K\u00fcrt B\u00f6lgesel Y\u00f6netimi Gen\u00e7lik ve K\u00fclt\u00fcr Bakan\u0131\u2019n\u0131n heyetiyle bir toplant\u0131 ger\u00e7ekle\u015fti\"}]},{\"@type\":\"WebSite\",\"@id\":\"https:\\\/\\\/akunq.net\\\/tr\\\/#website\",\"url\":\"https:\\\/\\\/akunq.net\\\/tr\\\/\",\"name\":\"Bati Ermenistan Ve Bati Ermenileri Sorunlari Ara\u015ftirmalar Merkezi\",\"description\":\"\",\"potentialAction\":[{\"@type\":\"SearchAction\",\"target\":{\"@type\":\"EntryPoint\",\"urlTemplate\":\"https:\\\/\\\/akunq.net\\\/tr\\\/?s={search_term_string}\"},\"query-input\":{\"@type\":\"PropertyValueSpecification\",\"valueRequired\":true,\"valueName\":\"search_term_string\"}}],\"inLanguage\":\"en-US\"},{\"@type\":\"Person\",\"@id\":\"https:\\\/\\\/akunq.net\\\/tr\\\/#\\\/schema\\\/person\\\/096f1d38a12cce57fb855b485ed24c9e\",\"name\":\"admin\",\"url\":\"https:\\\/\\\/akunq.net\\\/tr\\\/?author=7\"}]}<\/script>\n<!-- \/ Yoast SEO plugin. -->","yoast_head_json":{"title":"Ermenistan'da Irak K\u00fcrt B\u00f6lgesel Y\u00f6netimi Gen\u00e7lik ve K\u00fclt\u00fcr Bakan\u0131\u2019n\u0131n heyetiyle bir toplant\u0131 ger\u00e7ekle\u015fti - Bati Ermenistan Ve Bati Ermenileri Sorunlari Ara\u015ftirmalar Merkezi","robots":{"index":"index","follow":"follow","max-snippet":"max-snippet:-1","max-image-preview":"max-image-preview:large","max-video-preview":"max-video-preview:-1"},"canonical":"https:\/\/akunq.net\/tr\/?p=69652","og_locale":"en_US","og_type":"article","og_title":"Ermenistan'da Irak K\u00fcrt B\u00f6lgesel Y\u00f6netimi Gen\u00e7lik ve K\u00fclt\u00fcr Bakan\u0131\u2019n\u0131n heyetiyle bir toplant\u0131 ger\u00e7ekle\u015fti - Bati Ermenistan Ve Bati Ermenileri Sorunlari Ara\u015ftirmalar Merkezi","og_description":"10 A\u011fustos&#8217;ta Ermenistan Bilimler Milli Akademisi (BMA), Irak K\u00fcrt B\u00f6lgesel Y\u00f6netimi Gen\u00e7lik ve K\u00fclt\u00fcr Bakan\u0131 Muhammed Said Ali\u2019nin ba\u015fkanl\u0131\u011f\u0131ndaki heyeti a\u011f\u0131rlad\u0131. Toplant\u0131ya Ermenistan\u2019\u0131n Erbil Ba\u015fkonsolosu Ar\u015fak Manukyan, BMA Ba\u015fkanl\u0131\u011f\u0131 \u00fcyeleri, BMA Do\u011fu Bilimler ve Sanat Enstit\u00fcleri ara\u015ft\u0131rmac\u0131lar\u0131 kat\u0131ld\u0131. Toplant\u0131n\u0131n a\u00e7\u0131l\u0131\u015f konu\u015fmas\u0131n\u0131 yapan akademisyen Yuri Suvaryan konuklar\u0131 memnuniyetle kar\u015f\u0131lad\u0131. Toplant\u0131da BMA Do\u011fu Bilimler Enstit\u00fcs\u00fc M\u00fcd\u00fcr\u00fc Robert [&hellip;]","og_url":"https:\/\/akunq.net\/tr\/?p=69652","og_site_name":"Bati Ermenistan Ve Bati Ermenileri Sorunlari Ara\u015ftirmalar Merkezi","article_published_time":"2022-08-11T06:27:40+00:00","og_image":[{"width":689,"height":589,"url":"https:\/\/akunq.net\/tr\/wp-content\/uploads\/sites\/6\/2022\/08\/Muhammed-Said-Ali.jpg","type":"image\/jpeg"}],"author":"admin","twitter_card":"summary_large_image","twitter_misc":{"Written by":"admin","Est. reading time":"1 minute"},"schema":{"@context":"https:\/\/schema.org","@graph":[{"@type":"Article","@id":"https:\/\/akunq.net\/tr\/?p=69652#article","isPartOf":{"@id":"https:\/\/akunq.net\/tr\/?p=69652"},"author":{"name":"admin","@id":"https:\/\/akunq.net\/tr\/#\/schema\/person\/096f1d38a12cce57fb855b485ed24c9e"},"headline":"Ermenistan&#8217;da Irak K\u00fcrt B\u00f6lgesel Y\u00f6netimi Gen\u00e7lik ve K\u00fclt\u00fcr Bakan\u0131\u2019n\u0131n heyetiyle bir toplant\u0131 ger\u00e7ekle\u015fti","datePublished":"2022-08-11T06:27:40+00:00","mainEntityOfPage":{"@id":"https:\/\/akunq.net\/tr\/?p=69652"},"wordCount":299,"commentCount":0,"image":{"@id":"https:\/\/akunq.net\/tr\/?p=69652#primaryimage"},"thumbnailUrl":"https:\/\/akunq.net\/tr\/wp-content\/uploads\/sites\/6\/2022\/08\/Muhammed-Said-Ali.jpg","articleSection":["Haberler"],"inLanguage":"en-US","potentialAction":[{"@type":"CommentAction","name":"Comment","target":["https:\/\/akunq.net\/tr\/?p=69652#respond"]}]},{"@type":"WebPage","@id":"https:\/\/akunq.net\/tr\/?p=69652","url":"https:\/\/akunq.net\/tr\/?p=69652","name":"Ermenistan'da Irak K\u00fcrt B\u00f6lgesel Y\u00f6netimi Gen\u00e7lik ve K\u00fclt\u00fcr Bakan\u0131\u2019n\u0131n heyetiyle bir toplant\u0131 ger\u00e7ekle\u015fti - Bati Ermenistan Ve Bati Ermenileri Sorunlari Ara\u015ftirmalar Merkezi","isPartOf":{"@id":"https:\/\/akunq.net\/tr\/#website"},"primaryImageOfPage":{"@id":"https:\/\/akunq.net\/tr\/?p=69652#primaryimage"},"image":{"@id":"https:\/\/akunq.net\/tr\/?p=69652#primaryimage"},"thumbnailUrl":"https:\/\/akunq.net\/tr\/wp-content\/uploads\/sites\/6\/2022\/08\/Muhammed-Said-Ali.jpg","datePublished":"2022-08-11T06:27:40+00:00","author":{"@id":"https:\/\/akunq.net\/tr\/#\/schema\/person\/096f1d38a12cce57fb855b485ed24c9e"},"breadcrumb":{"@id":"https:\/\/akunq.net\/tr\/?p=69652#breadcrumb"},"inLanguage":"en-US","potentialAction":[{"@type":"ReadAction","target":["https:\/\/akunq.net\/tr\/?p=69652"]}]},{"@type":"ImageObject","inLanguage":"en-US","@id":"https:\/\/akunq.net\/tr\/?p=69652#primaryimage","url":"https:\/\/akunq.net\/tr\/wp-content\/uploads\/sites\/6\/2022\/08\/Muhammed-Said-Ali.jpg","contentUrl":"https:\/\/akunq.net\/tr\/wp-content\/uploads\/sites\/6\/2022\/08\/Muhammed-Said-Ali.jpg","width":689,"height":589},{"@type":"BreadcrumbList","@id":"https:\/\/akunq.net\/tr\/?p=69652#breadcrumb","itemListElement":[{"@type":"ListItem","position":1,"name":"Home","item":"https:\/\/akunq.net\/tr"},{"@type":"ListItem","position":2,"name":"Ermenistan&#8217;da Irak K\u00fcrt B\u00f6lgesel Y\u00f6netimi Gen\u00e7lik ve K\u00fclt\u00fcr Bakan\u0131\u2019n\u0131n heyetiyle bir toplant\u0131 ger\u00e7ekle\u015fti"}]},{"@type":"WebSite","@id":"https:\/\/akunq.net\/tr\/#website","url":"https:\/\/akunq.net\/tr\/","name":"Bati Ermenistan Ve Bati Ermenileri Sorunlari Ara\u015ftirmalar Merkezi","description":"","potentialAction":[{"@type":"SearchAction","target":{"@type":"EntryPoint","urlTemplate":"https:\/\/akunq.net\/tr\/?s={search_term_string}"},"query-input":{"@type":"PropertyValueSpecification","valueRequired":true,"valueName":"search_term_string"}}],"inLanguage":"en-US"},{"@type":"Person","@id":"https:\/\/akunq.net\/tr\/#\/schema\/person\/096f1d38a12cce57fb855b485ed24c9e","name":"admin","url":"https:\/\/akunq.net\/tr\/?author=7"}]}},"_links":{"self":[{"href":"https:\/\/akunq.net\/tr\/index.php?rest_route=\/wp\/v2\/posts\/69652","targetHints":{"allow":["GET"]}}],"collection":[{"href":"https:\/\/akunq.net\/tr\/index.php?rest_route=\/wp\/v2\/posts"}],"about":[{"href":"https:\/\/akunq.net\/tr\/index.php?rest_route=\/wp\/v2\/types\/post"}],"author":[{"embeddable":true,"href":"https:\/\/akunq.net\/tr\/index.php?rest_route=\/wp\/v2\/users\/7"}],"replies":[{"embeddable":true,"href":"https:\/\/akunq.net\/tr\/index.php?rest_route=%2Fwp%2Fv2%2Fcomments&post=69652"}],"version-history":[{"count":1,"href":"https:\/\/akunq.net\/tr\/index.php?rest_route=\/wp\/v2\/posts\/69652\/revisions"}],"predecessor-version":[{"id":69654,"href":"https:\/\/akunq.net\/tr\/index.php?rest_route=\/wp\/v2\/posts\/69652\/revisions\/69654"}],"wp:featuredmedia":[{"embeddable":true,"href":"https:\/\/akunq.net\/tr\/index.php?rest_route=\/wp\/v2\/media\/69653"}],"wp:attachment":[{"href":"https:\/\/akunq.net\/tr\/index.php?rest_route=%2Fwp%2Fv2%2Fmedia&parent=69652"}],"wp:term":[{"taxonomy":"category","embeddable":true,"href":"https:\/\/akunq.net\/tr\/index.php?rest_route=%2Fwp%2Fv2%2Fcategories&post=69652"},{"taxonomy":"post_tag","embeddable":true,"href":"https:\/\/akunq.net\/tr\/index.php?rest_route=%2Fwp%2Fv2%2Ftags&post=69652"}],"curies":[{"name":"wp","href":"https:\/\/api.w.org\/{rel}","templated":true}]}}