{"id":69630,"date":"2022-08-09T02:46:21","date_gmt":"2022-08-09T07:46:21","guid":{"rendered":"https:\/\/akunq.net\/tr\/?p=69630"},"modified":"2022-08-09T02:46:21","modified_gmt":"2022-08-09T07:46:21","slug":"babacandan-huseyin-gazi-cemevine-ziyaret","status":"publish","type":"post","link":"https:\/\/akunq.net\/tr\/?p=69630","title":{"rendered":"Babacan\u2019dan H\u00fcseyin Gazi Cemevi\u2019ne ziyaret"},"content":{"rendered":"<div class=\"d0FP9\">\n<p><img loading=\"lazy\" decoding=\"async\" class=\"aligncenter size-medium wp-image-69631\" src=\"https:\/\/akunq.net\/tr\/wp-content\/uploads\/2022\/08\/Babacan-360x203.png\" alt=\"\" width=\"360\" height=\"203\" srcset=\"https:\/\/akunq.net\/tr\/wp-content\/uploads\/sites\/6\/2022\/08\/Babacan-360x203.png 360w, https:\/\/akunq.net\/tr\/wp-content\/uploads\/sites\/6\/2022\/08\/Babacan-768x432.png 768w, https:\/\/akunq.net\/tr\/wp-content\/uploads\/sites\/6\/2022\/08\/Babacan-560x315.png 560w, https:\/\/akunq.net\/tr\/wp-content\/uploads\/sites\/6\/2022\/08\/Babacan-260x146.png 260w, https:\/\/akunq.net\/tr\/wp-content\/uploads\/sites\/6\/2022\/08\/Babacan-160x90.png 160w, https:\/\/akunq.net\/tr\/wp-content\/uploads\/sites\/6\/2022\/08\/Babacan.png 1280w\" sizes=\"auto, (max-width: 360px) 100vw, 360px\" \/><\/p>\n<p><em><strong>&#8220;Alevi valinin, kaymakam\u0131n, rekt\u00f6r\u00fcn, daire ba\u015fkan\u0131n\u0131n, genel m\u00fcd\u00fcr\u00fcn varl\u0131\u011f\u0131ndan s\u00f6z edemiyorsak, T\u00fcrkiye\u2019de e\u015fit vatanda\u015fl\u0131\u011f\u0131n oldu\u011funu s\u00f6yleyemeyiz.&#8221;<\/strong><\/em><\/p>\n<\/div>\n<div class=\"_1d1Rj\">\n<div class=\"_1XNyq\">\n<div class=\"_2l0_f\">\n<div class=\"_2PzRZ\">\n<div class=\"_1-oTk\">\n<p><span style=\"letter-spacing: 0.05em;\">Demokrasi ve At\u0131l\u0131m (DEVA) Partisi Genel Ba\u015fkan\u0131<\/span><strong style=\"letter-spacing: 0.05em;\">\u00a0Ali Babacan<\/strong><span style=\"letter-spacing: 0.05em;\">, Ankara\u2019n\u0131n Mamak il\u00e7esinde H\u00fcseyin Gazi Cemevi\u2019ni ziyaret etti. Muharrem orucunun a\u00e7\u0131lmas\u0131na e\u015flik eden Babacan burada cemevinin ba\u015fkan\u0131 ve dedesiyle bir araya geldi.<\/span><\/p>\n<\/div>\n<\/div>\n<\/div>\n<\/div>\n<\/div>\n<div class=\"_1NMxy\">\n<p data-kiosked-context-name=\"kskdUIContext_01ga0s0fgtkhdmt47c9ae84k19\">Alevi kurumlar\u0131na ve cemevlerine Muharrem ay\u0131n\u0131n ilk g\u00fcn\u00fcnden itibaren yap\u0131lan sald\u0131r\u0131lar\u0131 sert bir dille k\u0131nad\u0131klar\u0131n\u0131 hat\u0131rlatarak ge\u00e7mi\u015f olsun dileklerini ileten Babacan,\u00a0<em>\u201cBu sald\u0131r\u0131lara hemen tepki g\u00f6sterdik, konunun takip\u00e7isi olaca\u011f\u0131z\u201d<\/em>\u00a0dedi.<\/p>\n<p>Babacan s\u00f6zlerini \u015f\u00f6yle s\u00fcrd\u00fcrd\u00fc:<\/p>\n<p><em>&#8220;Bug\u00fcn e\u011fer bir Alevi valinin, kaymakam\u0131n, rekt\u00f6r\u00fcn, daire ba\u015fkan\u0131n\u0131n, genel m\u00fcd\u00fcr\u00fcn varl\u0131\u011f\u0131ndan s\u00f6z edemiyorsak, T\u00fcrkiye\u2019de e\u015fit vatanda\u015fl\u0131\u011f\u0131n oldu\u011funu s\u00f6yleyemeyiz. Aleviler kimliklerini gizlemek zorunda kal\u0131yorsa e\u015fit vatanda\u015fl\u0131\u011f\u0131n oldu\u011funu s\u00f6yleyemeyiz. Devlette i\u015fe al\u0131mlarda liyakat ilkesi \u00e7i\u011fneniyorsa, torpil ve ayr\u0131mc\u0131l\u0131k h\u00fck\u00fcm s\u00fcr\u00fcyorsa, hakl\u0131lar imtiyazl\u0131lara ezdiriliyorsa T\u00fcrkiye\u2019de e\u015fit vatanda\u015fl\u0131\u011f\u0131n oldu\u011funu s\u00f6yleyemeyiz. \u0130\u015fte o nedenle biz, e\u015fit vatanda\u015fl\u0131k ilkemize s\u0131k\u0131 s\u0131k\u0131 sar\u0131lmaya devam edece\u011fiz.&#8221;<\/em><\/p>\n<p>Cumhurba\u015fkan\u0131\u00a0<strong>Tayyip Erdo\u011fan&#8217;<\/strong>\u0131n da bug\u00fcn H\u00fcseyin Gazi Cemevi\u2019ni ziyaret etmesi bekleniyor.<\/p>\n<p><em><strong>https:\/\/t24.com.tr\/haber\/babacan-dan-huseyin-gazi-cemevi-ne-ziyaret,1051281\u00a0<\/strong><\/em><\/p>\n<\/div>\n","protected":false},"excerpt":{"rendered":"<p>&#8220;Alevi valinin, kaymakam\u0131n, rekt\u00f6r\u00fcn, daire ba\u015fkan\u0131n\u0131n, genel m\u00fcd\u00fcr\u00fcn varl\u0131\u011f\u0131ndan s\u00f6z edemiyorsak, T\u00fcrkiye\u2019de e\u015fit vatanda\u015fl\u0131\u011f\u0131n oldu\u011funu s\u00f6yleyemeyiz.&#8221; Demokrasi ve At\u0131l\u0131m (DEVA) Partisi Genel Ba\u015fkan\u0131\u00a0Ali Babacan, Ankara\u2019n\u0131n Mamak il\u00e7esinde H\u00fcseyin Gazi Cemevi\u2019ni ziyaret etti. Muharrem orucunun a\u00e7\u0131lmas\u0131na e\u015flik eden Babacan burada cemevinin ba\u015fkan\u0131 ve dedesiyle bir araya geldi. Alevi kurumlar\u0131na ve cemevlerine Muharrem ay\u0131n\u0131n ilk g\u00fcn\u00fcnden itibaren [&hellip;]<\/p>\n","protected":false},"author":7,"featured_media":69631,"comment_status":"open","ping_status":"open","sticky":false,"template":"","format":"standard","meta":{"footnotes":""},"categories":[1,53],"tags":[],"class_list":["post-69630","post","type-post","status-publish","format-standard","has-post-thumbnail","hentry","category-haberler","category-turkiyede-azinliklar"],"yoast_head":"<!-- This site is optimized with the Yoast SEO plugin v27.4 - https:\/\/yoast.com\/product\/yoast-seo-wordpress\/ -->\n<title>Babacan\u2019dan H\u00fcseyin Gazi Cemevi\u2019ne ziyaret - Bati Ermenistan Ve Bati Ermenileri Sorunlari Ara\u015ftirmalar Merkezi<\/title>\n<meta name=\"robots\" content=\"index, follow, max-snippet:-1, max-image-preview:large, max-video-preview:-1\" \/>\n<link rel=\"canonical\" href=\"https:\/\/akunq.net\/tr\/?p=69630\" \/>\n<meta property=\"og:locale\" content=\"en_US\" \/>\n<meta property=\"og:type\" content=\"article\" \/>\n<meta property=\"og:title\" content=\"Babacan\u2019dan H\u00fcseyin Gazi Cemevi\u2019ne ziyaret - Bati Ermenistan Ve Bati Ermenileri Sorunlari Ara\u015ftirmalar Merkezi\" \/>\n<meta property=\"og:description\" content=\"&#8220;Alevi valinin, kaymakam\u0131n, rekt\u00f6r\u00fcn, daire ba\u015fkan\u0131n\u0131n, genel m\u00fcd\u00fcr\u00fcn varl\u0131\u011f\u0131ndan s\u00f6z edemiyorsak, T\u00fcrkiye\u2019de e\u015fit vatanda\u015fl\u0131\u011f\u0131n oldu\u011funu s\u00f6yleyemeyiz.&#8221; Demokrasi ve At\u0131l\u0131m (DEVA) Partisi Genel Ba\u015fkan\u0131\u00a0Ali Babacan, Ankara\u2019n\u0131n Mamak il\u00e7esinde H\u00fcseyin Gazi Cemevi\u2019ni ziyaret etti. Muharrem orucunun a\u00e7\u0131lmas\u0131na e\u015flik eden Babacan burada cemevinin ba\u015fkan\u0131 ve dedesiyle bir araya geldi. Alevi kurumlar\u0131na ve cemevlerine Muharrem ay\u0131n\u0131n ilk g\u00fcn\u00fcnden itibaren [&hellip;]\" \/>\n<meta property=\"og:url\" content=\"https:\/\/akunq.net\/tr\/?p=69630\" \/>\n<meta property=\"og:site_name\" content=\"Bati Ermenistan Ve Bati Ermenileri Sorunlari Ara\u015ftirmalar Merkezi\" \/>\n<meta property=\"article:published_time\" content=\"2022-08-09T07:46:21+00:00\" \/>\n<meta property=\"og:image\" content=\"https:\/\/akunq.net\/tr\/wp-content\/uploads\/sites\/6\/2022\/08\/Babacan.png\" \/>\n\t<meta property=\"og:image:width\" content=\"1280\" \/>\n\t<meta property=\"og:image:height\" content=\"720\" \/>\n\t<meta property=\"og:image:type\" content=\"image\/png\" \/>\n<meta name=\"author\" content=\"admin\" \/>\n<meta name=\"twitter:card\" content=\"summary_large_image\" \/>\n<meta name=\"twitter:label1\" content=\"Written by\" \/>\n\t<meta name=\"twitter:data1\" content=\"admin\" \/>\n\t<meta name=\"twitter:label2\" content=\"Est. reading time\" \/>\n\t<meta name=\"twitter:data2\" content=\"1 minute\" \/>\n<script type=\"application\/ld+json\" class=\"yoast-schema-graph\">{\"@context\":\"https:\\\/\\\/schema.org\",\"@graph\":[{\"@type\":\"Article\",\"@id\":\"https:\\\/\\\/akunq.net\\\/tr\\\/?p=69630#article\",\"isPartOf\":{\"@id\":\"https:\\\/\\\/akunq.net\\\/tr\\\/?p=69630\"},\"author\":{\"name\":\"admin\",\"@id\":\"https:\\\/\\\/akunq.net\\\/tr\\\/#\\\/schema\\\/person\\\/096f1d38a12cce57fb855b485ed24c9e\"},\"headline\":\"Babacan\u2019dan H\u00fcseyin Gazi Cemevi\u2019ne ziyaret\",\"datePublished\":\"2022-08-09T07:46:21+00:00\",\"mainEntityOfPage\":{\"@id\":\"https:\\\/\\\/akunq.net\\\/tr\\\/?p=69630\"},\"wordCount\":274,\"commentCount\":0,\"image\":{\"@id\":\"https:\\\/\\\/akunq.net\\\/tr\\\/?p=69630#primaryimage\"},\"thumbnailUrl\":\"https:\\\/\\\/akunq.net\\\/tr\\\/wp-content\\\/uploads\\\/sites\\\/6\\\/2022\\\/08\\\/Babacan.png\",\"articleSection\":[\"Haberler\",\"T\u00fcrkiye\u2019de Az\u0131nl\u0131klar\"],\"inLanguage\":\"en-US\",\"potentialAction\":[{\"@type\":\"CommentAction\",\"name\":\"Comment\",\"target\":[\"https:\\\/\\\/akunq.net\\\/tr\\\/?p=69630#respond\"]}]},{\"@type\":\"WebPage\",\"@id\":\"https:\\\/\\\/akunq.net\\\/tr\\\/?p=69630\",\"url\":\"https:\\\/\\\/akunq.net\\\/tr\\\/?p=69630\",\"name\":\"Babacan\u2019dan H\u00fcseyin Gazi Cemevi\u2019ne ziyaret - Bati Ermenistan Ve Bati Ermenileri Sorunlari Ara\u015ftirmalar Merkezi\",\"isPartOf\":{\"@id\":\"https:\\\/\\\/akunq.net\\\/tr\\\/#website\"},\"primaryImageOfPage\":{\"@id\":\"https:\\\/\\\/akunq.net\\\/tr\\\/?p=69630#primaryimage\"},\"image\":{\"@id\":\"https:\\\/\\\/akunq.net\\\/tr\\\/?p=69630#primaryimage\"},\"thumbnailUrl\":\"https:\\\/\\\/akunq.net\\\/tr\\\/wp-content\\\/uploads\\\/sites\\\/6\\\/2022\\\/08\\\/Babacan.png\",\"datePublished\":\"2022-08-09T07:46:21+00:00\",\"author\":{\"@id\":\"https:\\\/\\\/akunq.net\\\/tr\\\/#\\\/schema\\\/person\\\/096f1d38a12cce57fb855b485ed24c9e\"},\"breadcrumb\":{\"@id\":\"https:\\\/\\\/akunq.net\\\/tr\\\/?p=69630#breadcrumb\"},\"inLanguage\":\"en-US\",\"potentialAction\":[{\"@type\":\"ReadAction\",\"target\":[\"https:\\\/\\\/akunq.net\\\/tr\\\/?p=69630\"]}]},{\"@type\":\"ImageObject\",\"inLanguage\":\"en-US\",\"@id\":\"https:\\\/\\\/akunq.net\\\/tr\\\/?p=69630#primaryimage\",\"url\":\"https:\\\/\\\/akunq.net\\\/tr\\\/wp-content\\\/uploads\\\/sites\\\/6\\\/2022\\\/08\\\/Babacan.png\",\"contentUrl\":\"https:\\\/\\\/akunq.net\\\/tr\\\/wp-content\\\/uploads\\\/sites\\\/6\\\/2022\\\/08\\\/Babacan.png\",\"width\":1280,\"height\":720},{\"@type\":\"BreadcrumbList\",\"@id\":\"https:\\\/\\\/akunq.net\\\/tr\\\/?p=69630#breadcrumb\",\"itemListElement\":[{\"@type\":\"ListItem\",\"position\":1,\"name\":\"Home\",\"item\":\"https:\\\/\\\/akunq.net\\\/tr\"},{\"@type\":\"ListItem\",\"position\":2,\"name\":\"Babacan\u2019dan H\u00fcseyin Gazi Cemevi\u2019ne ziyaret\"}]},{\"@type\":\"WebSite\",\"@id\":\"https:\\\/\\\/akunq.net\\\/tr\\\/#website\",\"url\":\"https:\\\/\\\/akunq.net\\\/tr\\\/\",\"name\":\"Bati Ermenistan Ve Bati Ermenileri Sorunlari Ara\u015ftirmalar Merkezi\",\"description\":\"\",\"potentialAction\":[{\"@type\":\"SearchAction\",\"target\":{\"@type\":\"EntryPoint\",\"urlTemplate\":\"https:\\\/\\\/akunq.net\\\/tr\\\/?s={search_term_string}\"},\"query-input\":{\"@type\":\"PropertyValueSpecification\",\"valueRequired\":true,\"valueName\":\"search_term_string\"}}],\"inLanguage\":\"en-US\"},{\"@type\":\"Person\",\"@id\":\"https:\\\/\\\/akunq.net\\\/tr\\\/#\\\/schema\\\/person\\\/096f1d38a12cce57fb855b485ed24c9e\",\"name\":\"admin\",\"url\":\"https:\\\/\\\/akunq.net\\\/tr\\\/?author=7\"}]}<\/script>\n<!-- \/ Yoast SEO plugin. -->","yoast_head_json":{"title":"Babacan\u2019dan H\u00fcseyin Gazi Cemevi\u2019ne ziyaret - Bati Ermenistan Ve Bati Ermenileri Sorunlari Ara\u015ftirmalar Merkezi","robots":{"index":"index","follow":"follow","max-snippet":"max-snippet:-1","max-image-preview":"max-image-preview:large","max-video-preview":"max-video-preview:-1"},"canonical":"https:\/\/akunq.net\/tr\/?p=69630","og_locale":"en_US","og_type":"article","og_title":"Babacan\u2019dan H\u00fcseyin Gazi Cemevi\u2019ne ziyaret - Bati Ermenistan Ve Bati Ermenileri Sorunlari Ara\u015ftirmalar Merkezi","og_description":"&#8220;Alevi valinin, kaymakam\u0131n, rekt\u00f6r\u00fcn, daire ba\u015fkan\u0131n\u0131n, genel m\u00fcd\u00fcr\u00fcn varl\u0131\u011f\u0131ndan s\u00f6z edemiyorsak, T\u00fcrkiye\u2019de e\u015fit vatanda\u015fl\u0131\u011f\u0131n oldu\u011funu s\u00f6yleyemeyiz.&#8221; Demokrasi ve At\u0131l\u0131m (DEVA) Partisi Genel Ba\u015fkan\u0131\u00a0Ali Babacan, Ankara\u2019n\u0131n Mamak il\u00e7esinde H\u00fcseyin Gazi Cemevi\u2019ni ziyaret etti. Muharrem orucunun a\u00e7\u0131lmas\u0131na e\u015flik eden Babacan burada cemevinin ba\u015fkan\u0131 ve dedesiyle bir araya geldi. Alevi kurumlar\u0131na ve cemevlerine Muharrem ay\u0131n\u0131n ilk g\u00fcn\u00fcnden itibaren [&hellip;]","og_url":"https:\/\/akunq.net\/tr\/?p=69630","og_site_name":"Bati Ermenistan Ve Bati Ermenileri Sorunlari Ara\u015ftirmalar Merkezi","article_published_time":"2022-08-09T07:46:21+00:00","og_image":[{"width":1280,"height":720,"url":"https:\/\/akunq.net\/tr\/wp-content\/uploads\/sites\/6\/2022\/08\/Babacan.png","type":"image\/png"}],"author":"admin","twitter_card":"summary_large_image","twitter_misc":{"Written by":"admin","Est. reading time":"1 minute"},"schema":{"@context":"https:\/\/schema.org","@graph":[{"@type":"Article","@id":"https:\/\/akunq.net\/tr\/?p=69630#article","isPartOf":{"@id":"https:\/\/akunq.net\/tr\/?p=69630"},"author":{"name":"admin","@id":"https:\/\/akunq.net\/tr\/#\/schema\/person\/096f1d38a12cce57fb855b485ed24c9e"},"headline":"Babacan\u2019dan H\u00fcseyin Gazi Cemevi\u2019ne ziyaret","datePublished":"2022-08-09T07:46:21+00:00","mainEntityOfPage":{"@id":"https:\/\/akunq.net\/tr\/?p=69630"},"wordCount":274,"commentCount":0,"image":{"@id":"https:\/\/akunq.net\/tr\/?p=69630#primaryimage"},"thumbnailUrl":"https:\/\/akunq.net\/tr\/wp-content\/uploads\/sites\/6\/2022\/08\/Babacan.png","articleSection":["Haberler","T\u00fcrkiye\u2019de Az\u0131nl\u0131klar"],"inLanguage":"en-US","potentialAction":[{"@type":"CommentAction","name":"Comment","target":["https:\/\/akunq.net\/tr\/?p=69630#respond"]}]},{"@type":"WebPage","@id":"https:\/\/akunq.net\/tr\/?p=69630","url":"https:\/\/akunq.net\/tr\/?p=69630","name":"Babacan\u2019dan H\u00fcseyin Gazi Cemevi\u2019ne ziyaret - Bati Ermenistan Ve Bati Ermenileri Sorunlari Ara\u015ftirmalar Merkezi","isPartOf":{"@id":"https:\/\/akunq.net\/tr\/#website"},"primaryImageOfPage":{"@id":"https:\/\/akunq.net\/tr\/?p=69630#primaryimage"},"image":{"@id":"https:\/\/akunq.net\/tr\/?p=69630#primaryimage"},"thumbnailUrl":"https:\/\/akunq.net\/tr\/wp-content\/uploads\/sites\/6\/2022\/08\/Babacan.png","datePublished":"2022-08-09T07:46:21+00:00","author":{"@id":"https:\/\/akunq.net\/tr\/#\/schema\/person\/096f1d38a12cce57fb855b485ed24c9e"},"breadcrumb":{"@id":"https:\/\/akunq.net\/tr\/?p=69630#breadcrumb"},"inLanguage":"en-US","potentialAction":[{"@type":"ReadAction","target":["https:\/\/akunq.net\/tr\/?p=69630"]}]},{"@type":"ImageObject","inLanguage":"en-US","@id":"https:\/\/akunq.net\/tr\/?p=69630#primaryimage","url":"https:\/\/akunq.net\/tr\/wp-content\/uploads\/sites\/6\/2022\/08\/Babacan.png","contentUrl":"https:\/\/akunq.net\/tr\/wp-content\/uploads\/sites\/6\/2022\/08\/Babacan.png","width":1280,"height":720},{"@type":"BreadcrumbList","@id":"https:\/\/akunq.net\/tr\/?p=69630#breadcrumb","itemListElement":[{"@type":"ListItem","position":1,"name":"Home","item":"https:\/\/akunq.net\/tr"},{"@type":"ListItem","position":2,"name":"Babacan\u2019dan H\u00fcseyin Gazi Cemevi\u2019ne ziyaret"}]},{"@type":"WebSite","@id":"https:\/\/akunq.net\/tr\/#website","url":"https:\/\/akunq.net\/tr\/","name":"Bati Ermenistan Ve Bati Ermenileri Sorunlari Ara\u015ftirmalar Merkezi","description":"","potentialAction":[{"@type":"SearchAction","target":{"@type":"EntryPoint","urlTemplate":"https:\/\/akunq.net\/tr\/?s={search_term_string}"},"query-input":{"@type":"PropertyValueSpecification","valueRequired":true,"valueName":"search_term_string"}}],"inLanguage":"en-US"},{"@type":"Person","@id":"https:\/\/akunq.net\/tr\/#\/schema\/person\/096f1d38a12cce57fb855b485ed24c9e","name":"admin","url":"https:\/\/akunq.net\/tr\/?author=7"}]}},"_links":{"self":[{"href":"https:\/\/akunq.net\/tr\/index.php?rest_route=\/wp\/v2\/posts\/69630","targetHints":{"allow":["GET"]}}],"collection":[{"href":"https:\/\/akunq.net\/tr\/index.php?rest_route=\/wp\/v2\/posts"}],"about":[{"href":"https:\/\/akunq.net\/tr\/index.php?rest_route=\/wp\/v2\/types\/post"}],"author":[{"embeddable":true,"href":"https:\/\/akunq.net\/tr\/index.php?rest_route=\/wp\/v2\/users\/7"}],"replies":[{"embeddable":true,"href":"https:\/\/akunq.net\/tr\/index.php?rest_route=%2Fwp%2Fv2%2Fcomments&post=69630"}],"version-history":[{"count":1,"href":"https:\/\/akunq.net\/tr\/index.php?rest_route=\/wp\/v2\/posts\/69630\/revisions"}],"predecessor-version":[{"id":69632,"href":"https:\/\/akunq.net\/tr\/index.php?rest_route=\/wp\/v2\/posts\/69630\/revisions\/69632"}],"wp:featuredmedia":[{"embeddable":true,"href":"https:\/\/akunq.net\/tr\/index.php?rest_route=\/wp\/v2\/media\/69631"}],"wp:attachment":[{"href":"https:\/\/akunq.net\/tr\/index.php?rest_route=%2Fwp%2Fv2%2Fmedia&parent=69630"}],"wp:term":[{"taxonomy":"category","embeddable":true,"href":"https:\/\/akunq.net\/tr\/index.php?rest_route=%2Fwp%2Fv2%2Fcategories&post=69630"},{"taxonomy":"post_tag","embeddable":true,"href":"https:\/\/akunq.net\/tr\/index.php?rest_route=%2Fwp%2Fv2%2Ftags&post=69630"}],"curies":[{"name":"wp","href":"https:\/\/api.w.org\/{rel}","templated":true}]}}