{"id":69624,"date":"2022-08-09T02:31:16","date_gmt":"2022-08-09T07:31:16","guid":{"rendered":"https:\/\/akunq.net\/tr\/?p=69624"},"modified":"2022-08-09T02:31:16","modified_gmt":"2022-08-09T07:31:16","slug":"paylandan-nuri-ersoya-aram-tigran-hakkinda-soru-onergesi","status":"publish","type":"post","link":"https:\/\/akunq.net\/tr\/?p=69624","title":{"rendered":"Paylan\u2019dan Nuri Ersoy\u2019a Aram Tigran hakk\u0131nda soru \u00f6nergesi"},"content":{"rendered":"<p><img loading=\"lazy\" decoding=\"async\" class=\"aligncenter size-medium wp-image-69625\" src=\"https:\/\/akunq.net\/tr\/wp-content\/uploads\/2022\/08\/Paylan-360x200.jpg\" alt=\"\" width=\"360\" height=\"200\" srcset=\"https:\/\/akunq.net\/tr\/wp-content\/uploads\/sites\/6\/2022\/08\/Paylan-360x200.jpg 360w, https:\/\/akunq.net\/tr\/wp-content\/uploads\/sites\/6\/2022\/08\/Paylan-560x311.jpg 560w, https:\/\/akunq.net\/tr\/wp-content\/uploads\/sites\/6\/2022\/08\/Paylan-260x144.jpg 260w, https:\/\/akunq.net\/tr\/wp-content\/uploads\/sites\/6\/2022\/08\/Paylan-160x89.jpg 160w, https:\/\/akunq.net\/tr\/wp-content\/uploads\/sites\/6\/2022\/08\/Paylan.jpg 720w\" sizes=\"auto, (max-width: 360px) 100vw, 360px\" \/><\/p>\n<p><em><strong>HDP Diyarbak\u0131r Milletvekili Garo Paylan, K\u00fclt\u00fcr ve Turizm Bakan\u0131 Mehmet Nuri Ersoy\u2019a 2009\u2019da hayat\u0131n\u0131 kaybeden Ermeni besteci Aram Tigran hakk\u0131nda soru \u00f6nergesi verdi. Paylan, \u201cAram Tigran\u2019\u0131n vasiyetine g\u00f6re Diyarbak\u0131r\u2019a g\u00f6m\u00fclmesine neden izin vermiyorsunuz?\u201d diye sordu.<\/strong><\/em><\/p>\n<p>HDP Diyarbak\u0131r Milletvekili Garo Paylan, 2009\u2019da hayat\u0131n\u0131 kaybeden sanat\u00e7\u0131 Aram Tigran\u2019\u0131 TBMM g\u00fcndemine ta\u015f\u0131d\u0131.<\/p>\n<p>K\u00fclt\u00fcr ve Turizm Bakan\u0131 Mehmet Nuri Ersoy\u2019un yan\u0131tlamas\u0131 istemiyle soru \u00f6nergesi veren Paylan, \u201cAram Tigran\u2019\u0131n an\u0131s\u0131n\u0131 ya\u015fatmak ad\u0131na herhangi bir giri\u015fimde bulunacak m\u0131s\u0131n\u0131z? Aram Tigran\u2019\u0131n vasiyetine g\u00f6re Diyarbak\u0131r\u2019a g\u00f6m\u00fclmesine neden izin vermiyorsunuz\u201d diye sordu.<\/p>\n<p>\u201c1915\u2019te Diyarbak\u0131r\u2019dan s\u00fcr\u00fclen bir ailenin o\u011flu olarak Suriye\u2019nin Kam\u0131\u015flo ilinde do\u011fan Tigran hayat\u0131 boyunca K\u00fcrt\u00e7e, Ermenice ve Arap\u00e7a dillerinde bu topraklar\u0131n m\u00fcziklerini s\u00f6yledi. En b\u00fcy\u00fck vasiyeti olan, atalar\u0131n\u0131n memleketi Diyarbak\u0131r\u2019a g\u00f6m\u00fclmesine, d\u00f6nemin AKP iktidar\u0131nca m\u00fcsaade edilmedi. Diyarbak\u0131r\u2019da Aram Tigran ad\u0131yla a\u00e7\u0131lan konservatuar\u0131n faaliyetlerine ise kayy\u0131m d\u00f6neminde son verildi.\u201d diyen Paylan, Ersoy\u2019a \u015fu sorular\u0131 y\u00f6neltti:<\/p>\n<p>\u201cT\u00fcrkiye halklar\u0131 taraf\u0131ndan sanat\u0131na ve \u015fahs\u0131na b\u00fcy\u00fck bir sevgi duyulan Aram Tigran\u2019\u0131n an\u0131s\u0131n\u0131 ya\u015fatmak ad\u0131na herhangi bir giri\u015fimde bulunacak m\u0131s\u0131n\u0131z?<\/p>\n<p>-Aram Tigran\u2019\u0131n vasiyetine g\u00f6re Diyarbak\u0131r\u2019a g\u00f6m\u00fclmesine neden izin vermiyorsunuz?<\/p>\n<p>-Bakanl\u0131\u011f\u0131n\u0131z\u0131n, Aram Tigran\u2019\u0131n ad\u0131n\u0131 ya\u015fatacak herhangi bir projesi bulunmakta m\u0131d\u0131r?\u201d<\/p>\n<hr \/>\n<p><em><strong><a href=\"https:\/\/www.birgun.net\/haber\/paylan-dan-nuri-ersoy-a-aram-tigran-hakkinda-soru-onergesi-398267\" target=\"_blank\" rel=\"noopener\">BirG\u00fcn Gazetesi<\/a>\u00a0<\/strong><\/em><\/p>\n","protected":false},"excerpt":{"rendered":"<p>HDP Diyarbak\u0131r Milletvekili Garo Paylan, K\u00fclt\u00fcr ve Turizm Bakan\u0131 Mehmet Nuri Ersoy\u2019a 2009\u2019da hayat\u0131n\u0131 kaybeden Ermeni besteci Aram Tigran hakk\u0131nda soru \u00f6nergesi verdi. Paylan, \u201cAram Tigran\u2019\u0131n vasiyetine g\u00f6re Diyarbak\u0131r\u2019a g\u00f6m\u00fclmesine neden izin vermiyorsunuz?\u201d diye sordu. HDP Diyarbak\u0131r Milletvekili Garo Paylan, 2009\u2019da hayat\u0131n\u0131 kaybeden sanat\u00e7\u0131 Aram Tigran\u2019\u0131 TBMM g\u00fcndemine ta\u015f\u0131d\u0131. K\u00fclt\u00fcr ve Turizm Bakan\u0131 Mehmet Nuri [&hellip;]<\/p>\n","protected":false},"author":7,"featured_media":69625,"comment_status":"open","ping_status":"open","sticky":false,"template":"","format":"standard","meta":{"footnotes":""},"categories":[1],"tags":[],"class_list":["post-69624","post","type-post","status-publish","format-standard","has-post-thumbnail","hentry","category-haberler"],"yoast_head":"<!-- This site is optimized with the Yoast SEO plugin v27.4 - https:\/\/yoast.com\/product\/yoast-seo-wordpress\/ -->\n<title>Paylan\u2019dan Nuri Ersoy\u2019a Aram Tigran hakk\u0131nda soru \u00f6nergesi - Bati Ermenistan Ve Bati Ermenileri Sorunlari Ara\u015ftirmalar Merkezi<\/title>\n<meta name=\"robots\" content=\"index, follow, max-snippet:-1, max-image-preview:large, max-video-preview:-1\" \/>\n<link rel=\"canonical\" href=\"https:\/\/akunq.net\/tr\/?p=69624\" \/>\n<meta property=\"og:locale\" content=\"en_US\" \/>\n<meta property=\"og:type\" content=\"article\" \/>\n<meta property=\"og:title\" content=\"Paylan\u2019dan Nuri Ersoy\u2019a Aram Tigran hakk\u0131nda soru \u00f6nergesi - Bati Ermenistan Ve Bati Ermenileri Sorunlari Ara\u015ftirmalar Merkezi\" \/>\n<meta property=\"og:description\" content=\"HDP Diyarbak\u0131r Milletvekili Garo Paylan, K\u00fclt\u00fcr ve Turizm Bakan\u0131 Mehmet Nuri Ersoy\u2019a 2009\u2019da hayat\u0131n\u0131 kaybeden Ermeni besteci Aram Tigran hakk\u0131nda soru \u00f6nergesi verdi. Paylan, \u201cAram Tigran\u2019\u0131n vasiyetine g\u00f6re Diyarbak\u0131r\u2019a g\u00f6m\u00fclmesine neden izin vermiyorsunuz?\u201d diye sordu. HDP Diyarbak\u0131r Milletvekili Garo Paylan, 2009\u2019da hayat\u0131n\u0131 kaybeden sanat\u00e7\u0131 Aram Tigran\u2019\u0131 TBMM g\u00fcndemine ta\u015f\u0131d\u0131. K\u00fclt\u00fcr ve Turizm Bakan\u0131 Mehmet Nuri [&hellip;]\" \/>\n<meta property=\"og:url\" content=\"https:\/\/akunq.net\/tr\/?p=69624\" \/>\n<meta property=\"og:site_name\" content=\"Bati Ermenistan Ve Bati Ermenileri Sorunlari Ara\u015ftirmalar Merkezi\" \/>\n<meta property=\"article:published_time\" content=\"2022-08-09T07:31:16+00:00\" \/>\n<meta property=\"og:image\" content=\"https:\/\/akunq.net\/tr\/wp-content\/uploads\/sites\/6\/2022\/08\/Paylan.jpg\" \/>\n\t<meta property=\"og:image:width\" content=\"720\" \/>\n\t<meta property=\"og:image:height\" content=\"400\" \/>\n\t<meta property=\"og:image:type\" content=\"image\/jpeg\" \/>\n<meta name=\"author\" content=\"admin\" \/>\n<meta name=\"twitter:card\" content=\"summary_large_image\" \/>\n<meta name=\"twitter:label1\" content=\"Written by\" \/>\n\t<meta name=\"twitter:data1\" content=\"admin\" \/>\n\t<meta name=\"twitter:label2\" content=\"Est. reading time\" \/>\n\t<meta name=\"twitter:data2\" content=\"1 minute\" \/>\n<script type=\"application\/ld+json\" class=\"yoast-schema-graph\">{\"@context\":\"https:\\\/\\\/schema.org\",\"@graph\":[{\"@type\":\"Article\",\"@id\":\"https:\\\/\\\/akunq.net\\\/tr\\\/?p=69624#article\",\"isPartOf\":{\"@id\":\"https:\\\/\\\/akunq.net\\\/tr\\\/?p=69624\"},\"author\":{\"name\":\"admin\",\"@id\":\"https:\\\/\\\/akunq.net\\\/tr\\\/#\\\/schema\\\/person\\\/096f1d38a12cce57fb855b485ed24c9e\"},\"headline\":\"Paylan\u2019dan Nuri Ersoy\u2019a Aram Tigran hakk\u0131nda soru \u00f6nergesi\",\"datePublished\":\"2022-08-09T07:31:16+00:00\",\"mainEntityOfPage\":{\"@id\":\"https:\\\/\\\/akunq.net\\\/tr\\\/?p=69624\"},\"wordCount\":288,\"commentCount\":0,\"image\":{\"@id\":\"https:\\\/\\\/akunq.net\\\/tr\\\/?p=69624#primaryimage\"},\"thumbnailUrl\":\"https:\\\/\\\/akunq.net\\\/tr\\\/wp-content\\\/uploads\\\/sites\\\/6\\\/2022\\\/08\\\/Paylan.jpg\",\"articleSection\":[\"Haberler\"],\"inLanguage\":\"en-US\",\"potentialAction\":[{\"@type\":\"CommentAction\",\"name\":\"Comment\",\"target\":[\"https:\\\/\\\/akunq.net\\\/tr\\\/?p=69624#respond\"]}]},{\"@type\":\"WebPage\",\"@id\":\"https:\\\/\\\/akunq.net\\\/tr\\\/?p=69624\",\"url\":\"https:\\\/\\\/akunq.net\\\/tr\\\/?p=69624\",\"name\":\"Paylan\u2019dan Nuri Ersoy\u2019a Aram Tigran hakk\u0131nda soru \u00f6nergesi - Bati Ermenistan Ve Bati Ermenileri Sorunlari Ara\u015ftirmalar Merkezi\",\"isPartOf\":{\"@id\":\"https:\\\/\\\/akunq.net\\\/tr\\\/#website\"},\"primaryImageOfPage\":{\"@id\":\"https:\\\/\\\/akunq.net\\\/tr\\\/?p=69624#primaryimage\"},\"image\":{\"@id\":\"https:\\\/\\\/akunq.net\\\/tr\\\/?p=69624#primaryimage\"},\"thumbnailUrl\":\"https:\\\/\\\/akunq.net\\\/tr\\\/wp-content\\\/uploads\\\/sites\\\/6\\\/2022\\\/08\\\/Paylan.jpg\",\"datePublished\":\"2022-08-09T07:31:16+00:00\",\"author\":{\"@id\":\"https:\\\/\\\/akunq.net\\\/tr\\\/#\\\/schema\\\/person\\\/096f1d38a12cce57fb855b485ed24c9e\"},\"breadcrumb\":{\"@id\":\"https:\\\/\\\/akunq.net\\\/tr\\\/?p=69624#breadcrumb\"},\"inLanguage\":\"en-US\",\"potentialAction\":[{\"@type\":\"ReadAction\",\"target\":[\"https:\\\/\\\/akunq.net\\\/tr\\\/?p=69624\"]}]},{\"@type\":\"ImageObject\",\"inLanguage\":\"en-US\",\"@id\":\"https:\\\/\\\/akunq.net\\\/tr\\\/?p=69624#primaryimage\",\"url\":\"https:\\\/\\\/akunq.net\\\/tr\\\/wp-content\\\/uploads\\\/sites\\\/6\\\/2022\\\/08\\\/Paylan.jpg\",\"contentUrl\":\"https:\\\/\\\/akunq.net\\\/tr\\\/wp-content\\\/uploads\\\/sites\\\/6\\\/2022\\\/08\\\/Paylan.jpg\",\"width\":720,\"height\":400},{\"@type\":\"BreadcrumbList\",\"@id\":\"https:\\\/\\\/akunq.net\\\/tr\\\/?p=69624#breadcrumb\",\"itemListElement\":[{\"@type\":\"ListItem\",\"position\":1,\"name\":\"Home\",\"item\":\"https:\\\/\\\/akunq.net\\\/tr\"},{\"@type\":\"ListItem\",\"position\":2,\"name\":\"Paylan\u2019dan Nuri Ersoy\u2019a Aram Tigran hakk\u0131nda soru \u00f6nergesi\"}]},{\"@type\":\"WebSite\",\"@id\":\"https:\\\/\\\/akunq.net\\\/tr\\\/#website\",\"url\":\"https:\\\/\\\/akunq.net\\\/tr\\\/\",\"name\":\"Bati Ermenistan Ve Bati Ermenileri Sorunlari Ara\u015ftirmalar Merkezi\",\"description\":\"\",\"potentialAction\":[{\"@type\":\"SearchAction\",\"target\":{\"@type\":\"EntryPoint\",\"urlTemplate\":\"https:\\\/\\\/akunq.net\\\/tr\\\/?s={search_term_string}\"},\"query-input\":{\"@type\":\"PropertyValueSpecification\",\"valueRequired\":true,\"valueName\":\"search_term_string\"}}],\"inLanguage\":\"en-US\"},{\"@type\":\"Person\",\"@id\":\"https:\\\/\\\/akunq.net\\\/tr\\\/#\\\/schema\\\/person\\\/096f1d38a12cce57fb855b485ed24c9e\",\"name\":\"admin\",\"url\":\"https:\\\/\\\/akunq.net\\\/tr\\\/?author=7\"}]}<\/script>\n<!-- \/ Yoast SEO plugin. -->","yoast_head_json":{"title":"Paylan\u2019dan Nuri Ersoy\u2019a Aram Tigran hakk\u0131nda soru \u00f6nergesi - Bati Ermenistan Ve Bati Ermenileri Sorunlari Ara\u015ftirmalar Merkezi","robots":{"index":"index","follow":"follow","max-snippet":"max-snippet:-1","max-image-preview":"max-image-preview:large","max-video-preview":"max-video-preview:-1"},"canonical":"https:\/\/akunq.net\/tr\/?p=69624","og_locale":"en_US","og_type":"article","og_title":"Paylan\u2019dan Nuri Ersoy\u2019a Aram Tigran hakk\u0131nda soru \u00f6nergesi - Bati Ermenistan Ve Bati Ermenileri Sorunlari Ara\u015ftirmalar Merkezi","og_description":"HDP Diyarbak\u0131r Milletvekili Garo Paylan, K\u00fclt\u00fcr ve Turizm Bakan\u0131 Mehmet Nuri Ersoy\u2019a 2009\u2019da hayat\u0131n\u0131 kaybeden Ermeni besteci Aram Tigran hakk\u0131nda soru \u00f6nergesi verdi. Paylan, \u201cAram Tigran\u2019\u0131n vasiyetine g\u00f6re Diyarbak\u0131r\u2019a g\u00f6m\u00fclmesine neden izin vermiyorsunuz?\u201d diye sordu. HDP Diyarbak\u0131r Milletvekili Garo Paylan, 2009\u2019da hayat\u0131n\u0131 kaybeden sanat\u00e7\u0131 Aram Tigran\u2019\u0131 TBMM g\u00fcndemine ta\u015f\u0131d\u0131. K\u00fclt\u00fcr ve Turizm Bakan\u0131 Mehmet Nuri [&hellip;]","og_url":"https:\/\/akunq.net\/tr\/?p=69624","og_site_name":"Bati Ermenistan Ve Bati Ermenileri Sorunlari Ara\u015ftirmalar Merkezi","article_published_time":"2022-08-09T07:31:16+00:00","og_image":[{"width":720,"height":400,"url":"https:\/\/akunq.net\/tr\/wp-content\/uploads\/sites\/6\/2022\/08\/Paylan.jpg","type":"image\/jpeg"}],"author":"admin","twitter_card":"summary_large_image","twitter_misc":{"Written by":"admin","Est. reading time":"1 minute"},"schema":{"@context":"https:\/\/schema.org","@graph":[{"@type":"Article","@id":"https:\/\/akunq.net\/tr\/?p=69624#article","isPartOf":{"@id":"https:\/\/akunq.net\/tr\/?p=69624"},"author":{"name":"admin","@id":"https:\/\/akunq.net\/tr\/#\/schema\/person\/096f1d38a12cce57fb855b485ed24c9e"},"headline":"Paylan\u2019dan Nuri Ersoy\u2019a Aram Tigran hakk\u0131nda soru \u00f6nergesi","datePublished":"2022-08-09T07:31:16+00:00","mainEntityOfPage":{"@id":"https:\/\/akunq.net\/tr\/?p=69624"},"wordCount":288,"commentCount":0,"image":{"@id":"https:\/\/akunq.net\/tr\/?p=69624#primaryimage"},"thumbnailUrl":"https:\/\/akunq.net\/tr\/wp-content\/uploads\/sites\/6\/2022\/08\/Paylan.jpg","articleSection":["Haberler"],"inLanguage":"en-US","potentialAction":[{"@type":"CommentAction","name":"Comment","target":["https:\/\/akunq.net\/tr\/?p=69624#respond"]}]},{"@type":"WebPage","@id":"https:\/\/akunq.net\/tr\/?p=69624","url":"https:\/\/akunq.net\/tr\/?p=69624","name":"Paylan\u2019dan Nuri Ersoy\u2019a Aram Tigran hakk\u0131nda soru \u00f6nergesi - Bati Ermenistan Ve Bati Ermenileri Sorunlari Ara\u015ftirmalar Merkezi","isPartOf":{"@id":"https:\/\/akunq.net\/tr\/#website"},"primaryImageOfPage":{"@id":"https:\/\/akunq.net\/tr\/?p=69624#primaryimage"},"image":{"@id":"https:\/\/akunq.net\/tr\/?p=69624#primaryimage"},"thumbnailUrl":"https:\/\/akunq.net\/tr\/wp-content\/uploads\/sites\/6\/2022\/08\/Paylan.jpg","datePublished":"2022-08-09T07:31:16+00:00","author":{"@id":"https:\/\/akunq.net\/tr\/#\/schema\/person\/096f1d38a12cce57fb855b485ed24c9e"},"breadcrumb":{"@id":"https:\/\/akunq.net\/tr\/?p=69624#breadcrumb"},"inLanguage":"en-US","potentialAction":[{"@type":"ReadAction","target":["https:\/\/akunq.net\/tr\/?p=69624"]}]},{"@type":"ImageObject","inLanguage":"en-US","@id":"https:\/\/akunq.net\/tr\/?p=69624#primaryimage","url":"https:\/\/akunq.net\/tr\/wp-content\/uploads\/sites\/6\/2022\/08\/Paylan.jpg","contentUrl":"https:\/\/akunq.net\/tr\/wp-content\/uploads\/sites\/6\/2022\/08\/Paylan.jpg","width":720,"height":400},{"@type":"BreadcrumbList","@id":"https:\/\/akunq.net\/tr\/?p=69624#breadcrumb","itemListElement":[{"@type":"ListItem","position":1,"name":"Home","item":"https:\/\/akunq.net\/tr"},{"@type":"ListItem","position":2,"name":"Paylan\u2019dan Nuri Ersoy\u2019a Aram Tigran hakk\u0131nda soru \u00f6nergesi"}]},{"@type":"WebSite","@id":"https:\/\/akunq.net\/tr\/#website","url":"https:\/\/akunq.net\/tr\/","name":"Bati Ermenistan Ve Bati Ermenileri Sorunlari Ara\u015ftirmalar Merkezi","description":"","potentialAction":[{"@type":"SearchAction","target":{"@type":"EntryPoint","urlTemplate":"https:\/\/akunq.net\/tr\/?s={search_term_string}"},"query-input":{"@type":"PropertyValueSpecification","valueRequired":true,"valueName":"search_term_string"}}],"inLanguage":"en-US"},{"@type":"Person","@id":"https:\/\/akunq.net\/tr\/#\/schema\/person\/096f1d38a12cce57fb855b485ed24c9e","name":"admin","url":"https:\/\/akunq.net\/tr\/?author=7"}]}},"_links":{"self":[{"href":"https:\/\/akunq.net\/tr\/index.php?rest_route=\/wp\/v2\/posts\/69624","targetHints":{"allow":["GET"]}}],"collection":[{"href":"https:\/\/akunq.net\/tr\/index.php?rest_route=\/wp\/v2\/posts"}],"about":[{"href":"https:\/\/akunq.net\/tr\/index.php?rest_route=\/wp\/v2\/types\/post"}],"author":[{"embeddable":true,"href":"https:\/\/akunq.net\/tr\/index.php?rest_route=\/wp\/v2\/users\/7"}],"replies":[{"embeddable":true,"href":"https:\/\/akunq.net\/tr\/index.php?rest_route=%2Fwp%2Fv2%2Fcomments&post=69624"}],"version-history":[{"count":1,"href":"https:\/\/akunq.net\/tr\/index.php?rest_route=\/wp\/v2\/posts\/69624\/revisions"}],"predecessor-version":[{"id":69626,"href":"https:\/\/akunq.net\/tr\/index.php?rest_route=\/wp\/v2\/posts\/69624\/revisions\/69626"}],"wp:featuredmedia":[{"embeddable":true,"href":"https:\/\/akunq.net\/tr\/index.php?rest_route=\/wp\/v2\/media\/69625"}],"wp:attachment":[{"href":"https:\/\/akunq.net\/tr\/index.php?rest_route=%2Fwp%2Fv2%2Fmedia&parent=69624"}],"wp:term":[{"taxonomy":"category","embeddable":true,"href":"https:\/\/akunq.net\/tr\/index.php?rest_route=%2Fwp%2Fv2%2Fcategories&post=69624"},{"taxonomy":"post_tag","embeddable":true,"href":"https:\/\/akunq.net\/tr\/index.php?rest_route=%2Fwp%2Fv2%2Ftags&post=69624"}],"curies":[{"name":"wp","href":"https:\/\/api.w.org\/{rel}","templated":true}]}}