{"id":69609,"date":"2022-08-09T01:13:22","date_gmt":"2022-08-09T06:13:22","guid":{"rendered":"https:\/\/akunq.net\/tr\/?p=69609"},"modified":"2022-08-09T01:13:22","modified_gmt":"2022-08-09T06:13:22","slug":"ermeni-geghard-korosu-salzburgda-duzenlenen-prestijli-bir-festivalde-komitasin-dini-eserlerini-sundu","status":"publish","type":"post","link":"https:\/\/akunq.net\/tr\/?p=69609","title":{"rendered":"Ermeni &#8220;Geghard&#8221; korosu, Salzburg\u2019da d\u00fczenlenen prestijli bir festivalde Komitas&#8217;\u0131n dini eserlerini sundu"},"content":{"rendered":"<p><img loading=\"lazy\" decoding=\"async\" class=\"aligncenter size-medium wp-image-69610\" src=\"https:\/\/akunq.net\/tr\/wp-content\/uploads\/2022\/08\/Geghard-korosu-360x242.jpg\" alt=\"\" width=\"360\" height=\"242\" srcset=\"https:\/\/akunq.net\/tr\/wp-content\/uploads\/sites\/6\/2022\/08\/Geghard-korosu-360x242.jpg 360w, https:\/\/akunq.net\/tr\/wp-content\/uploads\/sites\/6\/2022\/08\/Geghard-korosu-560x376.jpg 560w, https:\/\/akunq.net\/tr\/wp-content\/uploads\/sites\/6\/2022\/08\/Geghard-korosu-260x175.jpg 260w, https:\/\/akunq.net\/tr\/wp-content\/uploads\/sites\/6\/2022\/08\/Geghard-korosu-160x107.jpg 160w, https:\/\/akunq.net\/tr\/wp-content\/uploads\/sites\/6\/2022\/08\/Geghard-korosu.jpg 670w\" sizes=\"auto, (max-width: 360px) 100vw, 360px\" \/><\/p>\n<p><em><strong>Ermeni &#8220;Geghard&#8221; korosu Avusturya\u2019n\u0131n Salzburg \u015fehrinde d\u00fczenlenen \u00fcnl\u00fc bir m\u00fczik festivalinden d\u00f6nd\u00fc. &#8220;Manevi Prel\u00fcd&#8221; konser serisinde sahne alan &#8220;Geghard&#8221;, Komitas&#8217;\u0131n (So\u011fomon So\u011fomonyan) eserlerini, orta\u00e7a\u011f monodilerini, modern Ermeni bestecilerin dini eserlerini sundu.<\/strong><\/em><\/p>\n<p>Armenpress\u2019e konu\u015fan m\u00fczik grubunun \u015fefi Mher Navoyan, grubun ikinci defa bu festival kat\u0131ld\u0131\u011f\u0131n\u0131 kaydetti. Festivalin klasik m\u00fczik sanat\u0131n\u0131n en prestijlilerinden biri oldu\u011funu vurgulayan Navoyan, &#8220;Yan\u0131lm\u0131yorsam bu festivale kat\u0131lan ilk Ermeni grubuyuz.&#8221; dedi.<\/p>\n<p>Navoyan, &#8220;Bu y\u0131l program \u015f\u00f6yleydi: bir ak\u015famda \u00fc\u00e7 konser. \u0130lk b\u00f6l\u00fcmde Luigi Nono&#8217;nun harika bir eseri, ikinci b\u00f6l\u00fcmde ise Tigran Mansuryan&#8217;\u0131n &#8220;Requiem&#8221; adl\u0131 eseri \u00e7al\u0131nd\u0131 ve \u00fc\u00e7\u00fcnc\u00fc b\u00f6l\u00fcm Komitas&#8217;a ithaf edildi.\u201d \u015feklinde anlatt\u0131.<\/p>\n<p>Ona g\u00f6re grup, bu daveti tam olarak &#8220;Komitas ad\u0131na&#8221;, yani Vardapet&#8217;in eserlerini sunmak i\u00e7in ald\u0131.<\/p>\n<p>Navoyan, \u201cKomitas&#8217;\u0131n zaman\u0131 sadece yeni geliyor, herkes i\u00e7in tamamen \u015fa\u015f\u0131rt\u0131c\u0131 yakla\u015f\u0131mlarla Komitas yeniden geri d\u00f6n\u00fcyor. Komitas, bug\u00fcn hala \u00e7ok modern olan en yenilik\u00e7i k\u00fclt\u00fcrel fenomenlerden biri olarak kabul ediliyor\u201d ifadelerini kulland\u0131.<\/p>\n<p><strong><img decoding=\"async\" src=\"https:\/\/armenpress.am\/static\/add\/00var\/297529949_727659508540103_1770577126475075110_n.jpg\" width=\"650\" \/><\/strong><\/p>\n<p><em><strong>https:\/\/armenpress.am\/tur\/news\/1089841.html<\/strong><\/em><\/p>\n","protected":false},"excerpt":{"rendered":"<p>Ermeni &#8220;Geghard&#8221; korosu Avusturya\u2019n\u0131n Salzburg \u015fehrinde d\u00fczenlenen \u00fcnl\u00fc bir m\u00fczik festivalinden d\u00f6nd\u00fc. &#8220;Manevi Prel\u00fcd&#8221; konser serisinde sahne alan &#8220;Geghard&#8221;, Komitas&#8217;\u0131n (So\u011fomon So\u011fomonyan) eserlerini, orta\u00e7a\u011f monodilerini, modern Ermeni bestecilerin dini eserlerini sundu. Armenpress\u2019e konu\u015fan m\u00fczik grubunun \u015fefi Mher Navoyan, grubun ikinci defa bu festival kat\u0131ld\u0131\u011f\u0131n\u0131 kaydetti. Festivalin klasik m\u00fczik sanat\u0131n\u0131n en prestijlilerinden biri oldu\u011funu vurgulayan Navoyan, [&hellip;]<\/p>\n","protected":false},"author":7,"featured_media":69610,"comment_status":"open","ping_status":"open","sticky":false,"template":"","format":"standard","meta":{"footnotes":""},"categories":[1],"tags":[],"class_list":["post-69609","post","type-post","status-publish","format-standard","has-post-thumbnail","hentry","category-haberler"],"yoast_head":"<!-- This site is optimized with the Yoast SEO plugin v27.4 - https:\/\/yoast.com\/product\/yoast-seo-wordpress\/ -->\n<title>Ermeni &quot;Geghard&quot; korosu, Salzburg\u2019da d\u00fczenlenen prestijli bir festivalde Komitas&#039;\u0131n dini eserlerini sundu - Bati Ermenistan Ve Bati Ermenileri Sorunlari Ara\u015ftirmalar Merkezi<\/title>\n<meta name=\"robots\" content=\"index, follow, max-snippet:-1, max-image-preview:large, max-video-preview:-1\" \/>\n<link rel=\"canonical\" href=\"https:\/\/akunq.net\/tr\/?p=69609\" \/>\n<meta property=\"og:locale\" content=\"en_US\" \/>\n<meta property=\"og:type\" content=\"article\" \/>\n<meta property=\"og:title\" content=\"Ermeni &quot;Geghard&quot; korosu, Salzburg\u2019da d\u00fczenlenen prestijli bir festivalde Komitas&#039;\u0131n dini eserlerini sundu - Bati Ermenistan Ve Bati Ermenileri Sorunlari Ara\u015ftirmalar Merkezi\" \/>\n<meta property=\"og:description\" content=\"Ermeni &#8220;Geghard&#8221; korosu Avusturya\u2019n\u0131n Salzburg \u015fehrinde d\u00fczenlenen \u00fcnl\u00fc bir m\u00fczik festivalinden d\u00f6nd\u00fc. &#8220;Manevi Prel\u00fcd&#8221; konser serisinde sahne alan &#8220;Geghard&#8221;, Komitas&#8217;\u0131n (So\u011fomon So\u011fomonyan) eserlerini, orta\u00e7a\u011f monodilerini, modern Ermeni bestecilerin dini eserlerini sundu. Armenpress\u2019e konu\u015fan m\u00fczik grubunun \u015fefi Mher Navoyan, grubun ikinci defa bu festival kat\u0131ld\u0131\u011f\u0131n\u0131 kaydetti. Festivalin klasik m\u00fczik sanat\u0131n\u0131n en prestijlilerinden biri oldu\u011funu vurgulayan Navoyan, [&hellip;]\" \/>\n<meta property=\"og:url\" content=\"https:\/\/akunq.net\/tr\/?p=69609\" \/>\n<meta property=\"og:site_name\" content=\"Bati Ermenistan Ve Bati Ermenileri Sorunlari Ara\u015ftirmalar Merkezi\" \/>\n<meta property=\"article:published_time\" content=\"2022-08-09T06:13:22+00:00\" \/>\n<meta property=\"og:image\" content=\"https:\/\/akunq.net\/tr\/wp-content\/uploads\/sites\/6\/2022\/08\/Geghard-korosu.jpg\" \/>\n\t<meta property=\"og:image:width\" content=\"670\" \/>\n\t<meta property=\"og:image:height\" content=\"450\" \/>\n\t<meta property=\"og:image:type\" content=\"image\/jpeg\" \/>\n<meta name=\"author\" content=\"admin\" \/>\n<meta name=\"twitter:card\" content=\"summary_large_image\" \/>\n<meta name=\"twitter:label1\" content=\"Written by\" \/>\n\t<meta name=\"twitter:data1\" content=\"admin\" \/>\n\t<meta name=\"twitter:label2\" content=\"Est. reading time\" \/>\n\t<meta name=\"twitter:data2\" content=\"1 minute\" \/>\n<script type=\"application\/ld+json\" class=\"yoast-schema-graph\">{\"@context\":\"https:\\\/\\\/schema.org\",\"@graph\":[{\"@type\":\"Article\",\"@id\":\"https:\\\/\\\/akunq.net\\\/tr\\\/?p=69609#article\",\"isPartOf\":{\"@id\":\"https:\\\/\\\/akunq.net\\\/tr\\\/?p=69609\"},\"author\":{\"name\":\"admin\",\"@id\":\"https:\\\/\\\/akunq.net\\\/tr\\\/#\\\/schema\\\/person\\\/096f1d38a12cce57fb855b485ed24c9e\"},\"headline\":\"Ermeni &#8220;Geghard&#8221; korosu, Salzburg\u2019da d\u00fczenlenen prestijli bir festivalde Komitas&#8217;\u0131n dini eserlerini sundu\",\"datePublished\":\"2022-08-09T06:13:22+00:00\",\"mainEntityOfPage\":{\"@id\":\"https:\\\/\\\/akunq.net\\\/tr\\\/?p=69609\"},\"wordCount\":208,\"commentCount\":0,\"image\":{\"@id\":\"https:\\\/\\\/akunq.net\\\/tr\\\/?p=69609#primaryimage\"},\"thumbnailUrl\":\"https:\\\/\\\/akunq.net\\\/tr\\\/wp-content\\\/uploads\\\/sites\\\/6\\\/2022\\\/08\\\/Geghard-korosu.jpg\",\"articleSection\":[\"Haberler\"],\"inLanguage\":\"en-US\",\"potentialAction\":[{\"@type\":\"CommentAction\",\"name\":\"Comment\",\"target\":[\"https:\\\/\\\/akunq.net\\\/tr\\\/?p=69609#respond\"]}]},{\"@type\":\"WebPage\",\"@id\":\"https:\\\/\\\/akunq.net\\\/tr\\\/?p=69609\",\"url\":\"https:\\\/\\\/akunq.net\\\/tr\\\/?p=69609\",\"name\":\"Ermeni \\\"Geghard\\\" korosu, Salzburg\u2019da d\u00fczenlenen prestijli bir festivalde Komitas'\u0131n dini eserlerini sundu - Bati Ermenistan Ve Bati Ermenileri Sorunlari Ara\u015ftirmalar Merkezi\",\"isPartOf\":{\"@id\":\"https:\\\/\\\/akunq.net\\\/tr\\\/#website\"},\"primaryImageOfPage\":{\"@id\":\"https:\\\/\\\/akunq.net\\\/tr\\\/?p=69609#primaryimage\"},\"image\":{\"@id\":\"https:\\\/\\\/akunq.net\\\/tr\\\/?p=69609#primaryimage\"},\"thumbnailUrl\":\"https:\\\/\\\/akunq.net\\\/tr\\\/wp-content\\\/uploads\\\/sites\\\/6\\\/2022\\\/08\\\/Geghard-korosu.jpg\",\"datePublished\":\"2022-08-09T06:13:22+00:00\",\"author\":{\"@id\":\"https:\\\/\\\/akunq.net\\\/tr\\\/#\\\/schema\\\/person\\\/096f1d38a12cce57fb855b485ed24c9e\"},\"breadcrumb\":{\"@id\":\"https:\\\/\\\/akunq.net\\\/tr\\\/?p=69609#breadcrumb\"},\"inLanguage\":\"en-US\",\"potentialAction\":[{\"@type\":\"ReadAction\",\"target\":[\"https:\\\/\\\/akunq.net\\\/tr\\\/?p=69609\"]}]},{\"@type\":\"ImageObject\",\"inLanguage\":\"en-US\",\"@id\":\"https:\\\/\\\/akunq.net\\\/tr\\\/?p=69609#primaryimage\",\"url\":\"https:\\\/\\\/akunq.net\\\/tr\\\/wp-content\\\/uploads\\\/sites\\\/6\\\/2022\\\/08\\\/Geghard-korosu.jpg\",\"contentUrl\":\"https:\\\/\\\/akunq.net\\\/tr\\\/wp-content\\\/uploads\\\/sites\\\/6\\\/2022\\\/08\\\/Geghard-korosu.jpg\",\"width\":670,\"height\":450},{\"@type\":\"BreadcrumbList\",\"@id\":\"https:\\\/\\\/akunq.net\\\/tr\\\/?p=69609#breadcrumb\",\"itemListElement\":[{\"@type\":\"ListItem\",\"position\":1,\"name\":\"Home\",\"item\":\"https:\\\/\\\/akunq.net\\\/tr\"},{\"@type\":\"ListItem\",\"position\":2,\"name\":\"Ermeni &#8220;Geghard&#8221; korosu, Salzburg\u2019da d\u00fczenlenen prestijli bir festivalde Komitas&#8217;\u0131n dini eserlerini sundu\"}]},{\"@type\":\"WebSite\",\"@id\":\"https:\\\/\\\/akunq.net\\\/tr\\\/#website\",\"url\":\"https:\\\/\\\/akunq.net\\\/tr\\\/\",\"name\":\"Bati Ermenistan Ve Bati Ermenileri Sorunlari Ara\u015ftirmalar Merkezi\",\"description\":\"\",\"potentialAction\":[{\"@type\":\"SearchAction\",\"target\":{\"@type\":\"EntryPoint\",\"urlTemplate\":\"https:\\\/\\\/akunq.net\\\/tr\\\/?s={search_term_string}\"},\"query-input\":{\"@type\":\"PropertyValueSpecification\",\"valueRequired\":true,\"valueName\":\"search_term_string\"}}],\"inLanguage\":\"en-US\"},{\"@type\":\"Person\",\"@id\":\"https:\\\/\\\/akunq.net\\\/tr\\\/#\\\/schema\\\/person\\\/096f1d38a12cce57fb855b485ed24c9e\",\"name\":\"admin\",\"url\":\"https:\\\/\\\/akunq.net\\\/tr\\\/?author=7\"}]}<\/script>\n<!-- \/ Yoast SEO plugin. -->","yoast_head_json":{"title":"Ermeni \"Geghard\" korosu, Salzburg\u2019da d\u00fczenlenen prestijli bir festivalde Komitas'\u0131n dini eserlerini sundu - Bati Ermenistan Ve Bati Ermenileri Sorunlari Ara\u015ftirmalar Merkezi","robots":{"index":"index","follow":"follow","max-snippet":"max-snippet:-1","max-image-preview":"max-image-preview:large","max-video-preview":"max-video-preview:-1"},"canonical":"https:\/\/akunq.net\/tr\/?p=69609","og_locale":"en_US","og_type":"article","og_title":"Ermeni \"Geghard\" korosu, Salzburg\u2019da d\u00fczenlenen prestijli bir festivalde Komitas'\u0131n dini eserlerini sundu - Bati Ermenistan Ve Bati Ermenileri Sorunlari Ara\u015ftirmalar Merkezi","og_description":"Ermeni &#8220;Geghard&#8221; korosu Avusturya\u2019n\u0131n Salzburg \u015fehrinde d\u00fczenlenen \u00fcnl\u00fc bir m\u00fczik festivalinden d\u00f6nd\u00fc. &#8220;Manevi Prel\u00fcd&#8221; konser serisinde sahne alan &#8220;Geghard&#8221;, Komitas&#8217;\u0131n (So\u011fomon So\u011fomonyan) eserlerini, orta\u00e7a\u011f monodilerini, modern Ermeni bestecilerin dini eserlerini sundu. Armenpress\u2019e konu\u015fan m\u00fczik grubunun \u015fefi Mher Navoyan, grubun ikinci defa bu festival kat\u0131ld\u0131\u011f\u0131n\u0131 kaydetti. Festivalin klasik m\u00fczik sanat\u0131n\u0131n en prestijlilerinden biri oldu\u011funu vurgulayan Navoyan, [&hellip;]","og_url":"https:\/\/akunq.net\/tr\/?p=69609","og_site_name":"Bati Ermenistan Ve Bati Ermenileri Sorunlari Ara\u015ftirmalar Merkezi","article_published_time":"2022-08-09T06:13:22+00:00","og_image":[{"width":670,"height":450,"url":"https:\/\/akunq.net\/tr\/wp-content\/uploads\/sites\/6\/2022\/08\/Geghard-korosu.jpg","type":"image\/jpeg"}],"author":"admin","twitter_card":"summary_large_image","twitter_misc":{"Written by":"admin","Est. reading time":"1 minute"},"schema":{"@context":"https:\/\/schema.org","@graph":[{"@type":"Article","@id":"https:\/\/akunq.net\/tr\/?p=69609#article","isPartOf":{"@id":"https:\/\/akunq.net\/tr\/?p=69609"},"author":{"name":"admin","@id":"https:\/\/akunq.net\/tr\/#\/schema\/person\/096f1d38a12cce57fb855b485ed24c9e"},"headline":"Ermeni &#8220;Geghard&#8221; korosu, Salzburg\u2019da d\u00fczenlenen prestijli bir festivalde Komitas&#8217;\u0131n dini eserlerini sundu","datePublished":"2022-08-09T06:13:22+00:00","mainEntityOfPage":{"@id":"https:\/\/akunq.net\/tr\/?p=69609"},"wordCount":208,"commentCount":0,"image":{"@id":"https:\/\/akunq.net\/tr\/?p=69609#primaryimage"},"thumbnailUrl":"https:\/\/akunq.net\/tr\/wp-content\/uploads\/sites\/6\/2022\/08\/Geghard-korosu.jpg","articleSection":["Haberler"],"inLanguage":"en-US","potentialAction":[{"@type":"CommentAction","name":"Comment","target":["https:\/\/akunq.net\/tr\/?p=69609#respond"]}]},{"@type":"WebPage","@id":"https:\/\/akunq.net\/tr\/?p=69609","url":"https:\/\/akunq.net\/tr\/?p=69609","name":"Ermeni \"Geghard\" korosu, Salzburg\u2019da d\u00fczenlenen prestijli bir festivalde Komitas'\u0131n dini eserlerini sundu - Bati Ermenistan Ve Bati Ermenileri Sorunlari Ara\u015ftirmalar Merkezi","isPartOf":{"@id":"https:\/\/akunq.net\/tr\/#website"},"primaryImageOfPage":{"@id":"https:\/\/akunq.net\/tr\/?p=69609#primaryimage"},"image":{"@id":"https:\/\/akunq.net\/tr\/?p=69609#primaryimage"},"thumbnailUrl":"https:\/\/akunq.net\/tr\/wp-content\/uploads\/sites\/6\/2022\/08\/Geghard-korosu.jpg","datePublished":"2022-08-09T06:13:22+00:00","author":{"@id":"https:\/\/akunq.net\/tr\/#\/schema\/person\/096f1d38a12cce57fb855b485ed24c9e"},"breadcrumb":{"@id":"https:\/\/akunq.net\/tr\/?p=69609#breadcrumb"},"inLanguage":"en-US","potentialAction":[{"@type":"ReadAction","target":["https:\/\/akunq.net\/tr\/?p=69609"]}]},{"@type":"ImageObject","inLanguage":"en-US","@id":"https:\/\/akunq.net\/tr\/?p=69609#primaryimage","url":"https:\/\/akunq.net\/tr\/wp-content\/uploads\/sites\/6\/2022\/08\/Geghard-korosu.jpg","contentUrl":"https:\/\/akunq.net\/tr\/wp-content\/uploads\/sites\/6\/2022\/08\/Geghard-korosu.jpg","width":670,"height":450},{"@type":"BreadcrumbList","@id":"https:\/\/akunq.net\/tr\/?p=69609#breadcrumb","itemListElement":[{"@type":"ListItem","position":1,"name":"Home","item":"https:\/\/akunq.net\/tr"},{"@type":"ListItem","position":2,"name":"Ermeni &#8220;Geghard&#8221; korosu, Salzburg\u2019da d\u00fczenlenen prestijli bir festivalde Komitas&#8217;\u0131n dini eserlerini sundu"}]},{"@type":"WebSite","@id":"https:\/\/akunq.net\/tr\/#website","url":"https:\/\/akunq.net\/tr\/","name":"Bati Ermenistan Ve Bati Ermenileri Sorunlari Ara\u015ftirmalar Merkezi","description":"","potentialAction":[{"@type":"SearchAction","target":{"@type":"EntryPoint","urlTemplate":"https:\/\/akunq.net\/tr\/?s={search_term_string}"},"query-input":{"@type":"PropertyValueSpecification","valueRequired":true,"valueName":"search_term_string"}}],"inLanguage":"en-US"},{"@type":"Person","@id":"https:\/\/akunq.net\/tr\/#\/schema\/person\/096f1d38a12cce57fb855b485ed24c9e","name":"admin","url":"https:\/\/akunq.net\/tr\/?author=7"}]}},"_links":{"self":[{"href":"https:\/\/akunq.net\/tr\/index.php?rest_route=\/wp\/v2\/posts\/69609","targetHints":{"allow":["GET"]}}],"collection":[{"href":"https:\/\/akunq.net\/tr\/index.php?rest_route=\/wp\/v2\/posts"}],"about":[{"href":"https:\/\/akunq.net\/tr\/index.php?rest_route=\/wp\/v2\/types\/post"}],"author":[{"embeddable":true,"href":"https:\/\/akunq.net\/tr\/index.php?rest_route=\/wp\/v2\/users\/7"}],"replies":[{"embeddable":true,"href":"https:\/\/akunq.net\/tr\/index.php?rest_route=%2Fwp%2Fv2%2Fcomments&post=69609"}],"version-history":[{"count":1,"href":"https:\/\/akunq.net\/tr\/index.php?rest_route=\/wp\/v2\/posts\/69609\/revisions"}],"predecessor-version":[{"id":69611,"href":"https:\/\/akunq.net\/tr\/index.php?rest_route=\/wp\/v2\/posts\/69609\/revisions\/69611"}],"wp:featuredmedia":[{"embeddable":true,"href":"https:\/\/akunq.net\/tr\/index.php?rest_route=\/wp\/v2\/media\/69610"}],"wp:attachment":[{"href":"https:\/\/akunq.net\/tr\/index.php?rest_route=%2Fwp%2Fv2%2Fmedia&parent=69609"}],"wp:term":[{"taxonomy":"category","embeddable":true,"href":"https:\/\/akunq.net\/tr\/index.php?rest_route=%2Fwp%2Fv2%2Fcategories&post=69609"},{"taxonomy":"post_tag","embeddable":true,"href":"https:\/\/akunq.net\/tr\/index.php?rest_route=%2Fwp%2Fv2%2Ftags&post=69609"}],"curies":[{"name":"wp","href":"https:\/\/api.w.org\/{rel}","templated":true}]}}