{"id":69602,"date":"2022-08-08T02:25:04","date_gmt":"2022-08-08T07:25:04","guid":{"rendered":"https:\/\/akunq.net\/tr\/?p=69602"},"modified":"2022-08-08T02:25:04","modified_gmt":"2022-08-08T07:25:04","slug":"sumela-manastirinda-15-agustosta-9-kez-ayin-yapilacak","status":"publish","type":"post","link":"https:\/\/akunq.net\/tr\/?p=69602","title":{"rendered":"S\u00fcmela Manast\u0131r\u0131\u2019nda 15 A\u011fustos\u2019ta 9. kez ayin yap\u0131lacak"},"content":{"rendered":"<p><img loading=\"lazy\" decoding=\"async\" class=\"aligncenter size-medium wp-image-69603\" src=\"https:\/\/akunq.net\/tr\/wp-content\/uploads\/2022\/08\/Sumela-Manastiri-360x192.jpg\" alt=\"\" width=\"360\" height=\"192\" srcset=\"https:\/\/akunq.net\/tr\/wp-content\/uploads\/sites\/6\/2022\/08\/Sumela-Manastiri-360x192.jpg 360w, https:\/\/akunq.net\/tr\/wp-content\/uploads\/sites\/6\/2022\/08\/Sumela-Manastiri-560x299.jpg 560w, https:\/\/akunq.net\/tr\/wp-content\/uploads\/sites\/6\/2022\/08\/Sumela-Manastiri-260x139.jpg 260w, https:\/\/akunq.net\/tr\/wp-content\/uploads\/sites\/6\/2022\/08\/Sumela-Manastiri-160x85.jpg 160w, https:\/\/akunq.net\/tr\/wp-content\/uploads\/sites\/6\/2022\/08\/Sumela-Manastiri.jpg 664w\" sizes=\"auto, (max-width: 360px) 100vw, 360px\" \/><\/p>\n<p><em><strong>Trabzon\u2019un Ma\u00e7ka il\u00e7esi Alt\u0131ndere Vadisi\u2019ndeki Karada\u011f\u2019\u0131n eteklerinde bulunan T\u00fcrkiye\u2019nin \u00f6nemli inan\u00e7 merkezlerinden S\u00fcmela Manast\u0131r\u0131\u2019nda Hristiyan d\u00fcnyas\u0131nda \u201cMeryem Ana\u2019n\u0131n g\u00f6\u011fe y\u00fckseli\u015f g\u00fcn\u00fc\u201d olarak kabul edilen ve kutsal say\u0131lan 15 A\u011fustos\u2019ta 9. kez ayin yap\u0131lacak. Ayine Fener Rum Patri\u011fi Bartholomeos\u2019un da kat\u0131larak ayini y\u00f6netmesi bekleniyor.<\/strong><\/em><\/p>\n<p>\u0130lk dini etkinli\u011fin 15 A\u011fustos 2010\u2019da yap\u0131ld\u0131\u011f\u0131 S\u00fcmela Manast\u0131r\u0131\u2019nda, 2015\u2019ten sonra manast\u0131rda ger\u00e7ekle\u015ftirilen restorasyon dolay\u0131s\u0131yla ayinlere 4 y\u0131l ara verilmi\u015f, ard\u0131ndan tekrar ba\u015flam\u0131\u015ft\u0131. Ayin nedeniyle 15 A\u011fustos g\u00fcn\u00fc saat 08.00\u2019dan sonra Ma\u00e7ka\u2019dan manast\u0131r yoluna ara\u00e7 ge\u00e7i\u015flerine izin verilmeyece\u011fi belirtilirken, S\u00fcmela\u2019ya da ayine geleceklerin d\u0131\u015f\u0131nda saat 13.00\u2019da kadar ziyaret\u00e7i kabul edilmeyecek.<\/p>\n<p>Ayine Patrik Bartholomeos\u2019un yan\u0131 s\u0131ra Rusya, Yunanistan ve G\u00fcrcistan\u2019dan Ortodoks din adam\u0131 ve ziyaret\u00e7ilerin kat\u0131lmas\u0131 bekleniyor.<\/p>\n<p><strong><em><a href=\"https:\/\/www.iha.com.tr\/trabzon-haberleri\/sumela-manastirinda-15-agustosta-9-kez-ayin-yapilacak-3846471\/\">https:\/\/www.iha.com.tr\/trabzon-haberleri\/sumela-manastirinda-15-agustosta-9-kez-ayin-yapilacak-3846471\/<\/a><\/em><\/strong><\/p>\n","protected":false},"excerpt":{"rendered":"<p>Trabzon\u2019un Ma\u00e7ka il\u00e7esi Alt\u0131ndere Vadisi\u2019ndeki Karada\u011f\u2019\u0131n eteklerinde bulunan T\u00fcrkiye\u2019nin \u00f6nemli inan\u00e7 merkezlerinden S\u00fcmela Manast\u0131r\u0131\u2019nda Hristiyan d\u00fcnyas\u0131nda \u201cMeryem Ana\u2019n\u0131n g\u00f6\u011fe y\u00fckseli\u015f g\u00fcn\u00fc\u201d olarak kabul edilen ve kutsal say\u0131lan 15 A\u011fustos\u2019ta 9. kez ayin yap\u0131lacak. Ayine Fener Rum Patri\u011fi Bartholomeos\u2019un da kat\u0131larak ayini y\u00f6netmesi bekleniyor. \u0130lk dini etkinli\u011fin 15 A\u011fustos 2010\u2019da yap\u0131ld\u0131\u011f\u0131 S\u00fcmela Manast\u0131r\u0131\u2019nda, 2015\u2019ten sonra manast\u0131rda [&hellip;]<\/p>\n","protected":false},"author":7,"featured_media":69603,"comment_status":"open","ping_status":"open","sticky":false,"template":"","format":"standard","meta":{"footnotes":""},"categories":[1],"tags":[],"class_list":["post-69602","post","type-post","status-publish","format-standard","has-post-thumbnail","hentry","category-haberler"],"yoast_head":"<!-- This site is optimized with the Yoast SEO plugin v27.4 - https:\/\/yoast.com\/product\/yoast-seo-wordpress\/ -->\n<title>S\u00fcmela Manast\u0131r\u0131\u2019nda 15 A\u011fustos\u2019ta 9. kez ayin yap\u0131lacak - Bati Ermenistan Ve Bati Ermenileri Sorunlari Ara\u015ftirmalar Merkezi<\/title>\n<meta name=\"robots\" content=\"index, follow, max-snippet:-1, max-image-preview:large, max-video-preview:-1\" \/>\n<link rel=\"canonical\" href=\"https:\/\/akunq.net\/tr\/?p=69602\" \/>\n<meta property=\"og:locale\" content=\"en_US\" \/>\n<meta property=\"og:type\" content=\"article\" \/>\n<meta property=\"og:title\" content=\"S\u00fcmela Manast\u0131r\u0131\u2019nda 15 A\u011fustos\u2019ta 9. kez ayin yap\u0131lacak - Bati Ermenistan Ve Bati Ermenileri Sorunlari Ara\u015ftirmalar Merkezi\" \/>\n<meta property=\"og:description\" content=\"Trabzon\u2019un Ma\u00e7ka il\u00e7esi Alt\u0131ndere Vadisi\u2019ndeki Karada\u011f\u2019\u0131n eteklerinde bulunan T\u00fcrkiye\u2019nin \u00f6nemli inan\u00e7 merkezlerinden S\u00fcmela Manast\u0131r\u0131\u2019nda Hristiyan d\u00fcnyas\u0131nda \u201cMeryem Ana\u2019n\u0131n g\u00f6\u011fe y\u00fckseli\u015f g\u00fcn\u00fc\u201d olarak kabul edilen ve kutsal say\u0131lan 15 A\u011fustos\u2019ta 9. kez ayin yap\u0131lacak. Ayine Fener Rum Patri\u011fi Bartholomeos\u2019un da kat\u0131larak ayini y\u00f6netmesi bekleniyor. \u0130lk dini etkinli\u011fin 15 A\u011fustos 2010\u2019da yap\u0131ld\u0131\u011f\u0131 S\u00fcmela Manast\u0131r\u0131\u2019nda, 2015\u2019ten sonra manast\u0131rda [&hellip;]\" \/>\n<meta property=\"og:url\" content=\"https:\/\/akunq.net\/tr\/?p=69602\" \/>\n<meta property=\"og:site_name\" content=\"Bati Ermenistan Ve Bati Ermenileri Sorunlari Ara\u015ftirmalar Merkezi\" \/>\n<meta property=\"article:published_time\" content=\"2022-08-08T07:25:04+00:00\" \/>\n<meta property=\"og:image\" content=\"https:\/\/akunq.net\/tr\/wp-content\/uploads\/sites\/6\/2022\/08\/Sumela-Manastiri.jpg\" \/>\n\t<meta property=\"og:image:width\" content=\"664\" \/>\n\t<meta property=\"og:image:height\" content=\"354\" \/>\n\t<meta property=\"og:image:type\" content=\"image\/jpeg\" \/>\n<meta name=\"author\" content=\"admin\" \/>\n<meta name=\"twitter:card\" content=\"summary_large_image\" \/>\n<meta name=\"twitter:label1\" content=\"Written by\" \/>\n\t<meta name=\"twitter:data1\" content=\"admin\" \/>\n\t<meta name=\"twitter:label2\" content=\"Est. reading time\" \/>\n\t<meta name=\"twitter:data2\" content=\"1 minute\" \/>\n<script type=\"application\/ld+json\" class=\"yoast-schema-graph\">{\"@context\":\"https:\\\/\\\/schema.org\",\"@graph\":[{\"@type\":\"Article\",\"@id\":\"https:\\\/\\\/akunq.net\\\/tr\\\/?p=69602#article\",\"isPartOf\":{\"@id\":\"https:\\\/\\\/akunq.net\\\/tr\\\/?p=69602\"},\"author\":{\"name\":\"admin\",\"@id\":\"https:\\\/\\\/akunq.net\\\/tr\\\/#\\\/schema\\\/person\\\/096f1d38a12cce57fb855b485ed24c9e\"},\"headline\":\"S\u00fcmela Manast\u0131r\u0131\u2019nda 15 A\u011fustos\u2019ta 9. kez ayin yap\u0131lacak\",\"datePublished\":\"2022-08-08T07:25:04+00:00\",\"mainEntityOfPage\":{\"@id\":\"https:\\\/\\\/akunq.net\\\/tr\\\/?p=69602\"},\"wordCount\":184,\"commentCount\":0,\"image\":{\"@id\":\"https:\\\/\\\/akunq.net\\\/tr\\\/?p=69602#primaryimage\"},\"thumbnailUrl\":\"https:\\\/\\\/akunq.net\\\/tr\\\/wp-content\\\/uploads\\\/sites\\\/6\\\/2022\\\/08\\\/Sumela-Manastiri.jpg\",\"articleSection\":[\"Haberler\"],\"inLanguage\":\"en-US\",\"potentialAction\":[{\"@type\":\"CommentAction\",\"name\":\"Comment\",\"target\":[\"https:\\\/\\\/akunq.net\\\/tr\\\/?p=69602#respond\"]}]},{\"@type\":\"WebPage\",\"@id\":\"https:\\\/\\\/akunq.net\\\/tr\\\/?p=69602\",\"url\":\"https:\\\/\\\/akunq.net\\\/tr\\\/?p=69602\",\"name\":\"S\u00fcmela Manast\u0131r\u0131\u2019nda 15 A\u011fustos\u2019ta 9. kez ayin yap\u0131lacak - Bati Ermenistan Ve Bati Ermenileri Sorunlari Ara\u015ftirmalar Merkezi\",\"isPartOf\":{\"@id\":\"https:\\\/\\\/akunq.net\\\/tr\\\/#website\"},\"primaryImageOfPage\":{\"@id\":\"https:\\\/\\\/akunq.net\\\/tr\\\/?p=69602#primaryimage\"},\"image\":{\"@id\":\"https:\\\/\\\/akunq.net\\\/tr\\\/?p=69602#primaryimage\"},\"thumbnailUrl\":\"https:\\\/\\\/akunq.net\\\/tr\\\/wp-content\\\/uploads\\\/sites\\\/6\\\/2022\\\/08\\\/Sumela-Manastiri.jpg\",\"datePublished\":\"2022-08-08T07:25:04+00:00\",\"author\":{\"@id\":\"https:\\\/\\\/akunq.net\\\/tr\\\/#\\\/schema\\\/person\\\/096f1d38a12cce57fb855b485ed24c9e\"},\"breadcrumb\":{\"@id\":\"https:\\\/\\\/akunq.net\\\/tr\\\/?p=69602#breadcrumb\"},\"inLanguage\":\"en-US\",\"potentialAction\":[{\"@type\":\"ReadAction\",\"target\":[\"https:\\\/\\\/akunq.net\\\/tr\\\/?p=69602\"]}]},{\"@type\":\"ImageObject\",\"inLanguage\":\"en-US\",\"@id\":\"https:\\\/\\\/akunq.net\\\/tr\\\/?p=69602#primaryimage\",\"url\":\"https:\\\/\\\/akunq.net\\\/tr\\\/wp-content\\\/uploads\\\/sites\\\/6\\\/2022\\\/08\\\/Sumela-Manastiri.jpg\",\"contentUrl\":\"https:\\\/\\\/akunq.net\\\/tr\\\/wp-content\\\/uploads\\\/sites\\\/6\\\/2022\\\/08\\\/Sumela-Manastiri.jpg\",\"width\":664,\"height\":354},{\"@type\":\"BreadcrumbList\",\"@id\":\"https:\\\/\\\/akunq.net\\\/tr\\\/?p=69602#breadcrumb\",\"itemListElement\":[{\"@type\":\"ListItem\",\"position\":1,\"name\":\"Home\",\"item\":\"https:\\\/\\\/akunq.net\\\/tr\"},{\"@type\":\"ListItem\",\"position\":2,\"name\":\"S\u00fcmela Manast\u0131r\u0131\u2019nda 15 A\u011fustos\u2019ta 9. kez ayin yap\u0131lacak\"}]},{\"@type\":\"WebSite\",\"@id\":\"https:\\\/\\\/akunq.net\\\/tr\\\/#website\",\"url\":\"https:\\\/\\\/akunq.net\\\/tr\\\/\",\"name\":\"Bati Ermenistan Ve Bati Ermenileri Sorunlari Ara\u015ftirmalar Merkezi\",\"description\":\"\",\"potentialAction\":[{\"@type\":\"SearchAction\",\"target\":{\"@type\":\"EntryPoint\",\"urlTemplate\":\"https:\\\/\\\/akunq.net\\\/tr\\\/?s={search_term_string}\"},\"query-input\":{\"@type\":\"PropertyValueSpecification\",\"valueRequired\":true,\"valueName\":\"search_term_string\"}}],\"inLanguage\":\"en-US\"},{\"@type\":\"Person\",\"@id\":\"https:\\\/\\\/akunq.net\\\/tr\\\/#\\\/schema\\\/person\\\/096f1d38a12cce57fb855b485ed24c9e\",\"name\":\"admin\",\"url\":\"https:\\\/\\\/akunq.net\\\/tr\\\/?author=7\"}]}<\/script>\n<!-- \/ Yoast SEO plugin. -->","yoast_head_json":{"title":"S\u00fcmela Manast\u0131r\u0131\u2019nda 15 A\u011fustos\u2019ta 9. kez ayin yap\u0131lacak - Bati Ermenistan Ve Bati Ermenileri Sorunlari Ara\u015ftirmalar Merkezi","robots":{"index":"index","follow":"follow","max-snippet":"max-snippet:-1","max-image-preview":"max-image-preview:large","max-video-preview":"max-video-preview:-1"},"canonical":"https:\/\/akunq.net\/tr\/?p=69602","og_locale":"en_US","og_type":"article","og_title":"S\u00fcmela Manast\u0131r\u0131\u2019nda 15 A\u011fustos\u2019ta 9. kez ayin yap\u0131lacak - Bati Ermenistan Ve Bati Ermenileri Sorunlari Ara\u015ftirmalar Merkezi","og_description":"Trabzon\u2019un Ma\u00e7ka il\u00e7esi Alt\u0131ndere Vadisi\u2019ndeki Karada\u011f\u2019\u0131n eteklerinde bulunan T\u00fcrkiye\u2019nin \u00f6nemli inan\u00e7 merkezlerinden S\u00fcmela Manast\u0131r\u0131\u2019nda Hristiyan d\u00fcnyas\u0131nda \u201cMeryem Ana\u2019n\u0131n g\u00f6\u011fe y\u00fckseli\u015f g\u00fcn\u00fc\u201d olarak kabul edilen ve kutsal say\u0131lan 15 A\u011fustos\u2019ta 9. kez ayin yap\u0131lacak. Ayine Fener Rum Patri\u011fi Bartholomeos\u2019un da kat\u0131larak ayini y\u00f6netmesi bekleniyor. \u0130lk dini etkinli\u011fin 15 A\u011fustos 2010\u2019da yap\u0131ld\u0131\u011f\u0131 S\u00fcmela Manast\u0131r\u0131\u2019nda, 2015\u2019ten sonra manast\u0131rda [&hellip;]","og_url":"https:\/\/akunq.net\/tr\/?p=69602","og_site_name":"Bati Ermenistan Ve Bati Ermenileri Sorunlari Ara\u015ftirmalar Merkezi","article_published_time":"2022-08-08T07:25:04+00:00","og_image":[{"width":664,"height":354,"url":"https:\/\/akunq.net\/tr\/wp-content\/uploads\/sites\/6\/2022\/08\/Sumela-Manastiri.jpg","type":"image\/jpeg"}],"author":"admin","twitter_card":"summary_large_image","twitter_misc":{"Written by":"admin","Est. reading time":"1 minute"},"schema":{"@context":"https:\/\/schema.org","@graph":[{"@type":"Article","@id":"https:\/\/akunq.net\/tr\/?p=69602#article","isPartOf":{"@id":"https:\/\/akunq.net\/tr\/?p=69602"},"author":{"name":"admin","@id":"https:\/\/akunq.net\/tr\/#\/schema\/person\/096f1d38a12cce57fb855b485ed24c9e"},"headline":"S\u00fcmela Manast\u0131r\u0131\u2019nda 15 A\u011fustos\u2019ta 9. kez ayin yap\u0131lacak","datePublished":"2022-08-08T07:25:04+00:00","mainEntityOfPage":{"@id":"https:\/\/akunq.net\/tr\/?p=69602"},"wordCount":184,"commentCount":0,"image":{"@id":"https:\/\/akunq.net\/tr\/?p=69602#primaryimage"},"thumbnailUrl":"https:\/\/akunq.net\/tr\/wp-content\/uploads\/sites\/6\/2022\/08\/Sumela-Manastiri.jpg","articleSection":["Haberler"],"inLanguage":"en-US","potentialAction":[{"@type":"CommentAction","name":"Comment","target":["https:\/\/akunq.net\/tr\/?p=69602#respond"]}]},{"@type":"WebPage","@id":"https:\/\/akunq.net\/tr\/?p=69602","url":"https:\/\/akunq.net\/tr\/?p=69602","name":"S\u00fcmela Manast\u0131r\u0131\u2019nda 15 A\u011fustos\u2019ta 9. kez ayin yap\u0131lacak - Bati Ermenistan Ve Bati Ermenileri Sorunlari Ara\u015ftirmalar Merkezi","isPartOf":{"@id":"https:\/\/akunq.net\/tr\/#website"},"primaryImageOfPage":{"@id":"https:\/\/akunq.net\/tr\/?p=69602#primaryimage"},"image":{"@id":"https:\/\/akunq.net\/tr\/?p=69602#primaryimage"},"thumbnailUrl":"https:\/\/akunq.net\/tr\/wp-content\/uploads\/sites\/6\/2022\/08\/Sumela-Manastiri.jpg","datePublished":"2022-08-08T07:25:04+00:00","author":{"@id":"https:\/\/akunq.net\/tr\/#\/schema\/person\/096f1d38a12cce57fb855b485ed24c9e"},"breadcrumb":{"@id":"https:\/\/akunq.net\/tr\/?p=69602#breadcrumb"},"inLanguage":"en-US","potentialAction":[{"@type":"ReadAction","target":["https:\/\/akunq.net\/tr\/?p=69602"]}]},{"@type":"ImageObject","inLanguage":"en-US","@id":"https:\/\/akunq.net\/tr\/?p=69602#primaryimage","url":"https:\/\/akunq.net\/tr\/wp-content\/uploads\/sites\/6\/2022\/08\/Sumela-Manastiri.jpg","contentUrl":"https:\/\/akunq.net\/tr\/wp-content\/uploads\/sites\/6\/2022\/08\/Sumela-Manastiri.jpg","width":664,"height":354},{"@type":"BreadcrumbList","@id":"https:\/\/akunq.net\/tr\/?p=69602#breadcrumb","itemListElement":[{"@type":"ListItem","position":1,"name":"Home","item":"https:\/\/akunq.net\/tr"},{"@type":"ListItem","position":2,"name":"S\u00fcmela Manast\u0131r\u0131\u2019nda 15 A\u011fustos\u2019ta 9. kez ayin yap\u0131lacak"}]},{"@type":"WebSite","@id":"https:\/\/akunq.net\/tr\/#website","url":"https:\/\/akunq.net\/tr\/","name":"Bati Ermenistan Ve Bati Ermenileri Sorunlari Ara\u015ftirmalar Merkezi","description":"","potentialAction":[{"@type":"SearchAction","target":{"@type":"EntryPoint","urlTemplate":"https:\/\/akunq.net\/tr\/?s={search_term_string}"},"query-input":{"@type":"PropertyValueSpecification","valueRequired":true,"valueName":"search_term_string"}}],"inLanguage":"en-US"},{"@type":"Person","@id":"https:\/\/akunq.net\/tr\/#\/schema\/person\/096f1d38a12cce57fb855b485ed24c9e","name":"admin","url":"https:\/\/akunq.net\/tr\/?author=7"}]}},"_links":{"self":[{"href":"https:\/\/akunq.net\/tr\/index.php?rest_route=\/wp\/v2\/posts\/69602","targetHints":{"allow":["GET"]}}],"collection":[{"href":"https:\/\/akunq.net\/tr\/index.php?rest_route=\/wp\/v2\/posts"}],"about":[{"href":"https:\/\/akunq.net\/tr\/index.php?rest_route=\/wp\/v2\/types\/post"}],"author":[{"embeddable":true,"href":"https:\/\/akunq.net\/tr\/index.php?rest_route=\/wp\/v2\/users\/7"}],"replies":[{"embeddable":true,"href":"https:\/\/akunq.net\/tr\/index.php?rest_route=%2Fwp%2Fv2%2Fcomments&post=69602"}],"version-history":[{"count":1,"href":"https:\/\/akunq.net\/tr\/index.php?rest_route=\/wp\/v2\/posts\/69602\/revisions"}],"predecessor-version":[{"id":69604,"href":"https:\/\/akunq.net\/tr\/index.php?rest_route=\/wp\/v2\/posts\/69602\/revisions\/69604"}],"wp:featuredmedia":[{"embeddable":true,"href":"https:\/\/akunq.net\/tr\/index.php?rest_route=\/wp\/v2\/media\/69603"}],"wp:attachment":[{"href":"https:\/\/akunq.net\/tr\/index.php?rest_route=%2Fwp%2Fv2%2Fmedia&parent=69602"}],"wp:term":[{"taxonomy":"category","embeddable":true,"href":"https:\/\/akunq.net\/tr\/index.php?rest_route=%2Fwp%2Fv2%2Fcategories&post=69602"},{"taxonomy":"post_tag","embeddable":true,"href":"https:\/\/akunq.net\/tr\/index.php?rest_route=%2Fwp%2Fv2%2Ftags&post=69602"}],"curies":[{"name":"wp","href":"https:\/\/api.w.org\/{rel}","templated":true}]}}