{"id":69585,"date":"2022-08-08T01:27:18","date_gmt":"2022-08-08T06:27:18","guid":{"rendered":"https:\/\/akunq.net\/tr\/?p=69585"},"modified":"2022-08-08T01:27:18","modified_gmt":"2022-08-08T06:27:18","slug":"deniz-yok-ama-denizden-daha-guzel-midyat","status":"publish","type":"post","link":"https:\/\/akunq.net\/tr\/?p=69585","title":{"rendered":"\u2018Deniz yok ama denizden daha g\u00fczel\u2019: Midyat"},"content":{"rendered":"<p><img loading=\"lazy\" decoding=\"async\" class=\"aligncenter size-medium wp-image-69586\" src=\"https:\/\/akunq.net\/tr\/wp-content\/uploads\/2022\/08\/Midyat-360x240.jpg\" alt=\"\" width=\"360\" height=\"240\" srcset=\"https:\/\/akunq.net\/tr\/wp-content\/uploads\/sites\/6\/2022\/08\/Midyat-360x240.jpg 360w, https:\/\/akunq.net\/tr\/wp-content\/uploads\/sites\/6\/2022\/08\/Midyat-560x373.jpg 560w, https:\/\/akunq.net\/tr\/wp-content\/uploads\/sites\/6\/2022\/08\/Midyat-260x173.jpg 260w, https:\/\/akunq.net\/tr\/wp-content\/uploads\/sites\/6\/2022\/08\/Midyat-160x107.jpg 160w, https:\/\/akunq.net\/tr\/wp-content\/uploads\/sites\/6\/2022\/08\/Midyat.jpg 750w\" sizes=\"auto, (max-width: 360px) 100vw, 360px\" \/><\/p>\n<p><em><strong>Farkl\u0131 din ve mezhebe mensup ki\u015filerin y\u0131llard\u0131r bir arada huzurla ya\u015fad\u0131\u011f\u0131 Mardin\u2019in Midyat il\u00e7esi, yaz aylar\u0131nda S\u00fcryani gurbet\u00e7ilerin de g\u00f6zdesi.<\/strong><\/em><\/p>\n<p>T\u00fcrk\u00e7e, K\u00fcrt\u00e7e, Arap\u00e7a ve S\u00fcryanice gibi dillerin de bulu\u015fma noktas\u0131 olan tarihi il\u00e7e, binlerce y\u0131ll\u0131k ta\u015f evleri, hanlar\u0131, camileri, kiliseleri ve manast\u0131rlar\u0131, tarihi ve k\u00fclt\u00fcrel de\u011ferleriyle yerli ve yabanc\u0131 ziyaret\u00e7ilerin yan\u0131 s\u0131ra y\u0131l\u0131n 3 ay\u0131 gurbet\u00e7ilerin de bulu\u015fmas\u0131 noktas\u0131 oluyor.<\/p>\n<p>Ba\u015fta \u200b\u200b\u200b\u200b\u200b\u200bAlmanya olmak \u00fczere \u0130svi\u00e7re, \u0130sve\u00e7 ve di\u011fer Avrupa \u00fclkeleri ile L\u00fcbnan\u2019da ya\u015fayan S\u00fcryani gurbet\u00e7iler, yaz tatillerini \u00f6zlem duyduklar\u0131 memleketleri Midyat\u2019ta ge\u00e7irmek i\u00e7in kilometrelerce yol katediyor.<\/p>\n<p>Farkl\u0131 din ve mezhebe mensup ki\u015filerin y\u0131llard\u0131r bir arada huzurla ya\u015fad\u0131\u011f\u0131 Midyat\u2019ta S\u00fcryanilerin n\u00fcfusu, yaz aylar\u0131nda il\u00e7eye gelen gurbet\u00e7ilerle art\u0131yor. Gurbet\u00e7iler, Bagok Da\u011f\u0131 k\u0131rsal\u0131ndaki Elbe\u011fendi, Yemi\u015fli, Ta\u015fk\u00f6y ve \u00dc\u00e7k\u00f6y mahallerinde Midyat ta\u015f\u0131ndan in\u015fa ettikleri m\u00fcstakil evler ile il\u00e7edeki kilise ve manast\u0131rlar\u0131n misafirhanelerinde kal\u0131yor.<\/p>\n<p>\u0130l\u00e7eye bu sayede onlarca ev in\u015fa eden gurbet\u00e7iler, kavu\u015ftuklar\u0131 memleketlerinde yerle\u015fik ya\u015fam s\u00fcrenler ve farkl\u0131 \u00fclkelerden yaz aylar\u0131nda gelen S\u00fcryanilerle kucakla\u015f\u0131yor, e\u015f, dost, akrabalar\u0131yla hasret gideriyor. S\u0131lada birbirleriyle S\u00fcryanice konu\u015fabilmenin mutlulu\u011funu ya\u015fayan gurbet\u00e7iler, k\u00fclt\u00fcrlerini ya\u015fat\u0131yor, yapt\u0131klar\u0131 al\u0131\u015fveri\u015fle il\u00e7enin \u00e7ar\u015f\u0131 ve pazar\u0131n\u0131 canland\u0131r\u0131yor.<\/p>\n<h3>\u201cAkl\u0131m\u0131z hep burada\u201d<\/h3>\n<figure class=\"wp-block-image\"><img decoding=\"async\" src=\"https:\/\/i0.wp.com\/img.timeturk.com\/resim\/dresim\/2020\/08_Nisan_18_Temmuz_25_AA-28576565.jpg?ssl=1\" alt=\"08_Nisan_18_Temmuz_25_AA-28576565\" data-recalc-dims=\"1\" \/><\/figure>\n<p>Gen\u00e7 ya\u015flarda \u00e7al\u0131\u015fmak i\u00e7in gitti\u011fi Almanya\u2019n\u0131n Giessen \u015fehrinden gelen 57 ya\u015f\u0131ndaki Nebil \u00c7elik, AA muhabirine, senede en az bir kez memleketini ziyaret etti\u011fini s\u00f6yledi.<\/p>\n<p>\u00c7elik, Midyat\u2019\u0131n kadim bir k\u00fclt\u00fcre sahip oldu\u011funu belirterek, \u201cDostlar\u0131m\u0131z\u0131 ziyaret ediyoruz. Eski kiliselerimiz var onlar\u0131 ziyaret ediyoruz. S\u00fcryanice ana dilimiz, burada dostlar\u0131m\u0131zla S\u00fcryanice konu\u015fuyoruz. Heyecanla geliyoruz buraya. Ne kadar Almanya\u2019da ya\u015f\u0131yorsak da her sene geldi\u011fimizde daha fazla heyecan oluyor. \u0130nsan do\u011fdu\u011fu yeri hi\u00e7 unutur mu? K\u00f6k\u00fcm\u00fcz burada, burada b\u00fcy\u00fcd\u00fck. 19-20 ya\u015flar\u0131nda gitmi\u015ftik. Belki oralarda ya\u015f\u0131yoruz ama akl\u0131m\u0131z, fikrimiz hep burada.\u201d diye konu\u015ftu.<\/p>\n<h3>\u201cDeniz yok ama denizden daha g\u00fczel\u201d<\/h3>\n<figure class=\"wp-block-image\"><img decoding=\"async\" src=\"https:\/\/i0.wp.com\/img.timeturk.com\/resim\/dresim\/2020\/08_Nisan_18_Temmuz_25_AA-28576564.jpg?ssl=1\" alt=\"08_Nisan_18_Temmuz_25_AA-28576564\" data-recalc-dims=\"1\" \/><\/figure>\n<p>Almanya\u2019n\u0131n Baden-W\u00fcrttemberg eyaletinden gelen Zeki Arsan da kay\u0131npederi Yusuf \u00d6zdemir ile Elbe\u011fendi k\u0131rsal mahallesinde ge\u00e7en y\u0131l in\u015fas\u0131na ba\u015flad\u0131klar\u0131 evi bu y\u0131l tamamlad\u0131klar\u0131n\u0131 anlatt\u0131. 40 y\u0131ld\u0131r Almanya\u2019da ya\u015fad\u0131\u011f\u0131n\u0131 belirten Arsan, memleketinin havas\u0131n\u0131n \u00e7ok g\u00fczel oldu\u011funu, y\u0131ll\u0131k izinlerini Midyat\u2019ta ge\u00e7irdiklerini dile getirdi.<\/p>\n<p>Arsan, b\u00fct\u00fcn y\u0131l \u00e7al\u0131\u015f\u0131p Midyat\u2019ta dinlendiklerini aktararak, \u201c6 g\u00fcn sonra b\u00fct\u00fcn s\u00fclale buraya geliyor izine. Tatilimiz \u00e7ok g\u00fczel ama \u00e7ok \u00e7abuk ge\u00e7iyor. Sanki bir g\u00fcnde bitiyor. Buray\u0131 \u00e7ok seviyoruz. Deniz yok ama denizden daha g\u00fczel buras\u0131. Almanya\u2019da g\u00f6remedi\u011fimiz b\u00fct\u00fcn halklar\u0131m\u0131z\u0131 burada g\u00f6r\u00fcyoruz, S\u00fcryanice konu\u015fuyoruz. Almanya\u2019da Almanca konu\u015fuyoruz. Dinimizi ve k\u00fclt\u00fcr\u00fcm\u00fcz\u00fc burada g\u00f6r\u00fcyoruz ve gen\u00e7lerimizi de buraya getirip onlara \u00f6\u011fretiyoruz.\u201d ifadelerini kulland\u0131.<\/p>\n<h3><strong>\u201cHer \u015feyini \u00f6zl\u00fcyorum\u201d<\/strong><\/h3>\n<figure class=\"wp-block-image\"><img decoding=\"async\" src=\"https:\/\/i0.wp.com\/img.timeturk.com\/resim\/dresim\/2020\/08_Nisan_18_Temmuz_25_AA-28576563.jpg?ssl=1\" alt=\"08_Nisan_18_Temmuz_25_AA-28576563\" data-recalc-dims=\"1\" \/><\/figure>\n<p>Almanya\u2019n\u0131n 27 y\u0131ld\u0131r farkl\u0131 kentlerinde ya\u015fad\u0131\u011f\u0131n\u0131 belirten Ercan Methe de 3 y\u0131lda bir memleketine geldi\u011fini ve hasret giderdi\u011fini belirtti. Buradaki birlikte ya\u015fam\u0131 \u00e7ok sevdiklerini anlatan Methe, memleketinin \u00e7ok g\u00fczel oldu\u011funu, Midyat\u2019a mutlulukla geldiklerini kaydetti.<\/p>\n<p>Methe, \u201cHer \u015feyini \u00f6zl\u00fcyorum. Buraya geldi\u011fimde eski g\u00fcnlerimiz akl\u0131ma geliyor. Oradaki her \u015feyi unuturuz buraya gelince. Kilise ve manast\u0131rlar\u0131 dola\u015f\u0131yoruz. \u0130nsan gitmek istemiyor buradan ama mecbur kal\u0131yoruz gitmeye. Burada M\u00fcsl\u00fcman, Hristiyan herkes birlikte ya\u015f\u0131yor. \u0130\u015fte o \u00e7ok g\u00fczel. Ondan \u00e7ok g\u00fczel buras\u0131.\u201d diye konu\u015ftu.<\/p>\n<figure class=\"wp-block-image\"><img decoding=\"async\" src=\"https:\/\/i0.wp.com\/img.timeturk.com\/resim\/dresim\/2020\/midyat-2.JPG?ssl=1\" alt=\"midyat-2\" data-recalc-dims=\"1\" \/><\/figure>\n<p>\u0130l\u00e7e esnaf\u0131ndan S\u00fcryani Nuri Ergin de yurt d\u0131\u015f\u0131na giden S\u00fcryanilerin yaz aylar\u0131nda Midyat\u2019ta bulu\u015ftu\u011funu belirterek, \u015funlar\u0131 anlatt\u0131:<\/p>\n<p>\u201cMoral depoluyoruz, keyfimiz geliyor, dertle\u015fiyoruz, an\u0131lar\u0131m\u0131z\u0131 konu\u015fuyoruz. Bu ger\u00e7ekten \u00e7ok g\u00fczel bir duygu. Son zamanlarda gelen vatanda\u015flar\u0131m\u0131z ev almaya ve ev yapmaya \u00e7al\u0131\u015f\u0131yor, eski evlerini onar\u0131yorlar. G\u00fczel bir \u015fey bu. Avrupa\u2019dan gelenler, \u2018Orada birbirimizi g\u00f6remiyoruz.\u2019 diyorlar. Midyat\u2019\u0131m\u0131z\u0131n \u00f6zelli\u011fi bu. Ortak nokta, bulu\u015fma yeri buras\u0131.\u201d<\/p>\n<h3><strong>\u201cOnlar\u0131 d\u00f6rt g\u00f6zle bekliyoruz\u201d<\/strong><\/h3>\n<figure class=\"wp-block-image\"><img decoding=\"async\" src=\"https:\/\/i0.wp.com\/img.timeturk.com\/resim\/dresim\/2020\/08_Nisan_18_Temmuz_25_AA-28576559.jpg?ssl=1\" alt=\"08_Nisan_18_Temmuz_25_AA-28576559\" data-recalc-dims=\"1\" \/><\/figure>\n<p>Midyat Belediye Ba\u015fkan Yard\u0131mc\u0131s\u0131 Abd\u00fcrrahim \u00c7elik de yurt d\u0131\u015f\u0131nda ya\u015fayan S\u00fcryanilerin yaz tatillerini il\u00e7ede huzur i\u00e7erisinde ge\u00e7irdi\u011fini, Midyat\u2019\u0131n dinlerin, dillerin ve k\u00fclt\u00fcrlerin kesi\u015fme noktas\u0131 oldu\u011funa i\u015faret ederek, Midyatl\u0131lar aras\u0131ndaki ho\u015fg\u00f6r\u00fcn\u00fcn hi\u00e7bir zaman bozulmad\u0131\u011f\u0131n\u0131 vurgulad\u0131.<\/p>\n<p>Gurbet\u00e7ilerin il\u00e7eye gelip yat\u0131r\u0131m ve ev yapt\u0131\u011f\u0131n\u0131, eskiyen evlerini onard\u0131\u011f\u0131n\u0131 anlatan \u00c7elik, gurbet\u00e7ilerin huzur i\u00e7erisinde g\u00fczel bir tatil ge\u00e7irip, \u00e7al\u0131\u015ft\u0131klar\u0131 \u00fclkelere d\u00f6n\u00fc\u015f yapt\u0131\u011f\u0131n\u0131 s\u00f6yledi.<\/p>\n<p>\u00c7elik, Midyat Belediyesinin son y\u0131llarda yapt\u0131\u011f\u0131 \u00e7al\u0131\u015fmalarla il\u00e7eye ilginin daha da artt\u0131\u011f\u0131n\u0131 dile getirerek, \u201cS\u00fcryani ve Yezidi vatanda\u015flar\u0131m\u0131z ba\u011flar\u0131n\u0131 hi\u00e7bir zaman koparmad\u0131. \u00d6zellikle huzur ortam\u0131n\u0131n sa\u011flanmas\u0131yla S\u00fcryani vatanda\u015flar\u0131m\u0131z il\u00e7emizi daha fazla tercih etmeye ba\u015flad\u0131. Bizler de onlar\u0131 d\u00f6rt g\u00f6zle bekliyoruz. Geldiklerinde il\u00e7emize renk kat\u0131yorlar. Geldikleri zaman mutlu oluyor, huzur buluyoruz. Onlarla il\u00e7emiz daha g\u00fczel. Her zaman onlar\u0131 bekliyoruz.\u201d dedi. AA<\/p>\n<p><em><strong><a href=\"https:\/\/www.timeturk.com\/gezi\/deniz-yok-ama-denizden-daha-guzel-midyat\/haber-1744421\">https:\/\/www.timeturk.com\/gezi\/deniz-yok-ama-denizden-daha-guzel-midyat\/haber-1744421<\/a>\u00a0<\/strong><\/em><\/p>\n","protected":false},"excerpt":{"rendered":"<p>Farkl\u0131 din ve mezhebe mensup ki\u015filerin y\u0131llard\u0131r bir arada huzurla ya\u015fad\u0131\u011f\u0131 Mardin\u2019in Midyat il\u00e7esi, yaz aylar\u0131nda S\u00fcryani gurbet\u00e7ilerin de g\u00f6zdesi. T\u00fcrk\u00e7e, K\u00fcrt\u00e7e, Arap\u00e7a ve S\u00fcryanice gibi dillerin de bulu\u015fma noktas\u0131 olan tarihi il\u00e7e, binlerce y\u0131ll\u0131k ta\u015f evleri, hanlar\u0131, camileri, kiliseleri ve manast\u0131rlar\u0131, tarihi ve k\u00fclt\u00fcrel de\u011ferleriyle yerli ve yabanc\u0131 ziyaret\u00e7ilerin yan\u0131 s\u0131ra y\u0131l\u0131n 3 ay\u0131 [&hellip;]<\/p>\n","protected":false},"author":7,"featured_media":69586,"comment_status":"open","ping_status":"open","sticky":false,"template":"","format":"standard","meta":{"footnotes":""},"categories":[1],"tags":[],"class_list":["post-69585","post","type-post","status-publish","format-standard","has-post-thumbnail","hentry","category-haberler"],"yoast_head":"<!-- This site is optimized with the Yoast SEO plugin v27.4 - https:\/\/yoast.com\/product\/yoast-seo-wordpress\/ -->\n<title>\u2018Deniz yok ama denizden daha g\u00fczel\u2019: Midyat - Bati Ermenistan Ve Bati Ermenileri Sorunlari Ara\u015ftirmalar Merkezi<\/title>\n<meta name=\"robots\" content=\"index, follow, max-snippet:-1, max-image-preview:large, max-video-preview:-1\" \/>\n<link rel=\"canonical\" href=\"https:\/\/akunq.net\/tr\/?p=69585\" \/>\n<meta property=\"og:locale\" content=\"en_US\" \/>\n<meta property=\"og:type\" content=\"article\" \/>\n<meta property=\"og:title\" content=\"\u2018Deniz yok ama denizden daha g\u00fczel\u2019: Midyat - Bati Ermenistan Ve Bati Ermenileri Sorunlari Ara\u015ftirmalar Merkezi\" \/>\n<meta property=\"og:description\" content=\"Farkl\u0131 din ve mezhebe mensup ki\u015filerin y\u0131llard\u0131r bir arada huzurla ya\u015fad\u0131\u011f\u0131 Mardin\u2019in Midyat il\u00e7esi, yaz aylar\u0131nda S\u00fcryani gurbet\u00e7ilerin de g\u00f6zdesi. T\u00fcrk\u00e7e, K\u00fcrt\u00e7e, Arap\u00e7a ve S\u00fcryanice gibi dillerin de bulu\u015fma noktas\u0131 olan tarihi il\u00e7e, binlerce y\u0131ll\u0131k ta\u015f evleri, hanlar\u0131, camileri, kiliseleri ve manast\u0131rlar\u0131, tarihi ve k\u00fclt\u00fcrel de\u011ferleriyle yerli ve yabanc\u0131 ziyaret\u00e7ilerin yan\u0131 s\u0131ra y\u0131l\u0131n 3 ay\u0131 [&hellip;]\" \/>\n<meta property=\"og:url\" content=\"https:\/\/akunq.net\/tr\/?p=69585\" \/>\n<meta property=\"og:site_name\" content=\"Bati Ermenistan Ve Bati Ermenileri Sorunlari Ara\u015ftirmalar Merkezi\" \/>\n<meta property=\"article:published_time\" content=\"2022-08-08T06:27:18+00:00\" \/>\n<meta property=\"og:image\" content=\"https:\/\/akunq.net\/tr\/wp-content\/uploads\/sites\/6\/2022\/08\/Midyat.jpg\" \/>\n\t<meta property=\"og:image:width\" content=\"750\" \/>\n\t<meta property=\"og:image:height\" content=\"500\" \/>\n\t<meta property=\"og:image:type\" content=\"image\/jpeg\" \/>\n<meta name=\"author\" content=\"admin\" \/>\n<meta name=\"twitter:card\" content=\"summary_large_image\" \/>\n<meta name=\"twitter:label1\" content=\"Written by\" \/>\n\t<meta name=\"twitter:data1\" content=\"admin\" \/>\n\t<meta name=\"twitter:label2\" content=\"Est. reading time\" \/>\n\t<meta name=\"twitter:data2\" content=\"5 minutes\" \/>\n<script type=\"application\/ld+json\" class=\"yoast-schema-graph\">{\"@context\":\"https:\\\/\\\/schema.org\",\"@graph\":[{\"@type\":\"Article\",\"@id\":\"https:\\\/\\\/akunq.net\\\/tr\\\/?p=69585#article\",\"isPartOf\":{\"@id\":\"https:\\\/\\\/akunq.net\\\/tr\\\/?p=69585\"},\"author\":{\"name\":\"admin\",\"@id\":\"https:\\\/\\\/akunq.net\\\/tr\\\/#\\\/schema\\\/person\\\/096f1d38a12cce57fb855b485ed24c9e\"},\"headline\":\"\u2018Deniz yok ama denizden daha g\u00fczel\u2019: Midyat\",\"datePublished\":\"2022-08-08T06:27:18+00:00\",\"mainEntityOfPage\":{\"@id\":\"https:\\\/\\\/akunq.net\\\/tr\\\/?p=69585\"},\"wordCount\":962,\"commentCount\":0,\"image\":{\"@id\":\"https:\\\/\\\/akunq.net\\\/tr\\\/?p=69585#primaryimage\"},\"thumbnailUrl\":\"https:\\\/\\\/akunq.net\\\/tr\\\/wp-content\\\/uploads\\\/sites\\\/6\\\/2022\\\/08\\\/Midyat.jpg\",\"articleSection\":[\"Haberler\"],\"inLanguage\":\"en-US\",\"potentialAction\":[{\"@type\":\"CommentAction\",\"name\":\"Comment\",\"target\":[\"https:\\\/\\\/akunq.net\\\/tr\\\/?p=69585#respond\"]}]},{\"@type\":\"WebPage\",\"@id\":\"https:\\\/\\\/akunq.net\\\/tr\\\/?p=69585\",\"url\":\"https:\\\/\\\/akunq.net\\\/tr\\\/?p=69585\",\"name\":\"\u2018Deniz yok ama denizden daha g\u00fczel\u2019: Midyat - Bati Ermenistan Ve Bati Ermenileri Sorunlari Ara\u015ftirmalar Merkezi\",\"isPartOf\":{\"@id\":\"https:\\\/\\\/akunq.net\\\/tr\\\/#website\"},\"primaryImageOfPage\":{\"@id\":\"https:\\\/\\\/akunq.net\\\/tr\\\/?p=69585#primaryimage\"},\"image\":{\"@id\":\"https:\\\/\\\/akunq.net\\\/tr\\\/?p=69585#primaryimage\"},\"thumbnailUrl\":\"https:\\\/\\\/akunq.net\\\/tr\\\/wp-content\\\/uploads\\\/sites\\\/6\\\/2022\\\/08\\\/Midyat.jpg\",\"datePublished\":\"2022-08-08T06:27:18+00:00\",\"author\":{\"@id\":\"https:\\\/\\\/akunq.net\\\/tr\\\/#\\\/schema\\\/person\\\/096f1d38a12cce57fb855b485ed24c9e\"},\"breadcrumb\":{\"@id\":\"https:\\\/\\\/akunq.net\\\/tr\\\/?p=69585#breadcrumb\"},\"inLanguage\":\"en-US\",\"potentialAction\":[{\"@type\":\"ReadAction\",\"target\":[\"https:\\\/\\\/akunq.net\\\/tr\\\/?p=69585\"]}]},{\"@type\":\"ImageObject\",\"inLanguage\":\"en-US\",\"@id\":\"https:\\\/\\\/akunq.net\\\/tr\\\/?p=69585#primaryimage\",\"url\":\"https:\\\/\\\/akunq.net\\\/tr\\\/wp-content\\\/uploads\\\/sites\\\/6\\\/2022\\\/08\\\/Midyat.jpg\",\"contentUrl\":\"https:\\\/\\\/akunq.net\\\/tr\\\/wp-content\\\/uploads\\\/sites\\\/6\\\/2022\\\/08\\\/Midyat.jpg\",\"width\":750,\"height\":500},{\"@type\":\"BreadcrumbList\",\"@id\":\"https:\\\/\\\/akunq.net\\\/tr\\\/?p=69585#breadcrumb\",\"itemListElement\":[{\"@type\":\"ListItem\",\"position\":1,\"name\":\"Home\",\"item\":\"https:\\\/\\\/akunq.net\\\/tr\"},{\"@type\":\"ListItem\",\"position\":2,\"name\":\"\u2018Deniz yok ama denizden daha g\u00fczel\u2019: Midyat\"}]},{\"@type\":\"WebSite\",\"@id\":\"https:\\\/\\\/akunq.net\\\/tr\\\/#website\",\"url\":\"https:\\\/\\\/akunq.net\\\/tr\\\/\",\"name\":\"Bati Ermenistan Ve Bati Ermenileri Sorunlari Ara\u015ftirmalar Merkezi\",\"description\":\"\",\"potentialAction\":[{\"@type\":\"SearchAction\",\"target\":{\"@type\":\"EntryPoint\",\"urlTemplate\":\"https:\\\/\\\/akunq.net\\\/tr\\\/?s={search_term_string}\"},\"query-input\":{\"@type\":\"PropertyValueSpecification\",\"valueRequired\":true,\"valueName\":\"search_term_string\"}}],\"inLanguage\":\"en-US\"},{\"@type\":\"Person\",\"@id\":\"https:\\\/\\\/akunq.net\\\/tr\\\/#\\\/schema\\\/person\\\/096f1d38a12cce57fb855b485ed24c9e\",\"name\":\"admin\",\"url\":\"https:\\\/\\\/akunq.net\\\/tr\\\/?author=7\"}]}<\/script>\n<!-- \/ Yoast SEO plugin. -->","yoast_head_json":{"title":"\u2018Deniz yok ama denizden daha g\u00fczel\u2019: Midyat - Bati Ermenistan Ve Bati Ermenileri Sorunlari Ara\u015ftirmalar Merkezi","robots":{"index":"index","follow":"follow","max-snippet":"max-snippet:-1","max-image-preview":"max-image-preview:large","max-video-preview":"max-video-preview:-1"},"canonical":"https:\/\/akunq.net\/tr\/?p=69585","og_locale":"en_US","og_type":"article","og_title":"\u2018Deniz yok ama denizden daha g\u00fczel\u2019: Midyat - Bati Ermenistan Ve Bati Ermenileri Sorunlari Ara\u015ftirmalar Merkezi","og_description":"Farkl\u0131 din ve mezhebe mensup ki\u015filerin y\u0131llard\u0131r bir arada huzurla ya\u015fad\u0131\u011f\u0131 Mardin\u2019in Midyat il\u00e7esi, yaz aylar\u0131nda S\u00fcryani gurbet\u00e7ilerin de g\u00f6zdesi. T\u00fcrk\u00e7e, K\u00fcrt\u00e7e, Arap\u00e7a ve S\u00fcryanice gibi dillerin de bulu\u015fma noktas\u0131 olan tarihi il\u00e7e, binlerce y\u0131ll\u0131k ta\u015f evleri, hanlar\u0131, camileri, kiliseleri ve manast\u0131rlar\u0131, tarihi ve k\u00fclt\u00fcrel de\u011ferleriyle yerli ve yabanc\u0131 ziyaret\u00e7ilerin yan\u0131 s\u0131ra y\u0131l\u0131n 3 ay\u0131 [&hellip;]","og_url":"https:\/\/akunq.net\/tr\/?p=69585","og_site_name":"Bati Ermenistan Ve Bati Ermenileri Sorunlari Ara\u015ftirmalar Merkezi","article_published_time":"2022-08-08T06:27:18+00:00","og_image":[{"width":750,"height":500,"url":"https:\/\/akunq.net\/tr\/wp-content\/uploads\/sites\/6\/2022\/08\/Midyat.jpg","type":"image\/jpeg"}],"author":"admin","twitter_card":"summary_large_image","twitter_misc":{"Written by":"admin","Est. reading time":"5 minutes"},"schema":{"@context":"https:\/\/schema.org","@graph":[{"@type":"Article","@id":"https:\/\/akunq.net\/tr\/?p=69585#article","isPartOf":{"@id":"https:\/\/akunq.net\/tr\/?p=69585"},"author":{"name":"admin","@id":"https:\/\/akunq.net\/tr\/#\/schema\/person\/096f1d38a12cce57fb855b485ed24c9e"},"headline":"\u2018Deniz yok ama denizden daha g\u00fczel\u2019: Midyat","datePublished":"2022-08-08T06:27:18+00:00","mainEntityOfPage":{"@id":"https:\/\/akunq.net\/tr\/?p=69585"},"wordCount":962,"commentCount":0,"image":{"@id":"https:\/\/akunq.net\/tr\/?p=69585#primaryimage"},"thumbnailUrl":"https:\/\/akunq.net\/tr\/wp-content\/uploads\/sites\/6\/2022\/08\/Midyat.jpg","articleSection":["Haberler"],"inLanguage":"en-US","potentialAction":[{"@type":"CommentAction","name":"Comment","target":["https:\/\/akunq.net\/tr\/?p=69585#respond"]}]},{"@type":"WebPage","@id":"https:\/\/akunq.net\/tr\/?p=69585","url":"https:\/\/akunq.net\/tr\/?p=69585","name":"\u2018Deniz yok ama denizden daha g\u00fczel\u2019: Midyat - Bati Ermenistan Ve Bati Ermenileri Sorunlari Ara\u015ftirmalar Merkezi","isPartOf":{"@id":"https:\/\/akunq.net\/tr\/#website"},"primaryImageOfPage":{"@id":"https:\/\/akunq.net\/tr\/?p=69585#primaryimage"},"image":{"@id":"https:\/\/akunq.net\/tr\/?p=69585#primaryimage"},"thumbnailUrl":"https:\/\/akunq.net\/tr\/wp-content\/uploads\/sites\/6\/2022\/08\/Midyat.jpg","datePublished":"2022-08-08T06:27:18+00:00","author":{"@id":"https:\/\/akunq.net\/tr\/#\/schema\/person\/096f1d38a12cce57fb855b485ed24c9e"},"breadcrumb":{"@id":"https:\/\/akunq.net\/tr\/?p=69585#breadcrumb"},"inLanguage":"en-US","potentialAction":[{"@type":"ReadAction","target":["https:\/\/akunq.net\/tr\/?p=69585"]}]},{"@type":"ImageObject","inLanguage":"en-US","@id":"https:\/\/akunq.net\/tr\/?p=69585#primaryimage","url":"https:\/\/akunq.net\/tr\/wp-content\/uploads\/sites\/6\/2022\/08\/Midyat.jpg","contentUrl":"https:\/\/akunq.net\/tr\/wp-content\/uploads\/sites\/6\/2022\/08\/Midyat.jpg","width":750,"height":500},{"@type":"BreadcrumbList","@id":"https:\/\/akunq.net\/tr\/?p=69585#breadcrumb","itemListElement":[{"@type":"ListItem","position":1,"name":"Home","item":"https:\/\/akunq.net\/tr"},{"@type":"ListItem","position":2,"name":"\u2018Deniz yok ama denizden daha g\u00fczel\u2019: Midyat"}]},{"@type":"WebSite","@id":"https:\/\/akunq.net\/tr\/#website","url":"https:\/\/akunq.net\/tr\/","name":"Bati Ermenistan Ve Bati Ermenileri Sorunlari Ara\u015ftirmalar Merkezi","description":"","potentialAction":[{"@type":"SearchAction","target":{"@type":"EntryPoint","urlTemplate":"https:\/\/akunq.net\/tr\/?s={search_term_string}"},"query-input":{"@type":"PropertyValueSpecification","valueRequired":true,"valueName":"search_term_string"}}],"inLanguage":"en-US"},{"@type":"Person","@id":"https:\/\/akunq.net\/tr\/#\/schema\/person\/096f1d38a12cce57fb855b485ed24c9e","name":"admin","url":"https:\/\/akunq.net\/tr\/?author=7"}]}},"_links":{"self":[{"href":"https:\/\/akunq.net\/tr\/index.php?rest_route=\/wp\/v2\/posts\/69585","targetHints":{"allow":["GET"]}}],"collection":[{"href":"https:\/\/akunq.net\/tr\/index.php?rest_route=\/wp\/v2\/posts"}],"about":[{"href":"https:\/\/akunq.net\/tr\/index.php?rest_route=\/wp\/v2\/types\/post"}],"author":[{"embeddable":true,"href":"https:\/\/akunq.net\/tr\/index.php?rest_route=\/wp\/v2\/users\/7"}],"replies":[{"embeddable":true,"href":"https:\/\/akunq.net\/tr\/index.php?rest_route=%2Fwp%2Fv2%2Fcomments&post=69585"}],"version-history":[{"count":1,"href":"https:\/\/akunq.net\/tr\/index.php?rest_route=\/wp\/v2\/posts\/69585\/revisions"}],"predecessor-version":[{"id":69587,"href":"https:\/\/akunq.net\/tr\/index.php?rest_route=\/wp\/v2\/posts\/69585\/revisions\/69587"}],"wp:featuredmedia":[{"embeddable":true,"href":"https:\/\/akunq.net\/tr\/index.php?rest_route=\/wp\/v2\/media\/69586"}],"wp:attachment":[{"href":"https:\/\/akunq.net\/tr\/index.php?rest_route=%2Fwp%2Fv2%2Fmedia&parent=69585"}],"wp:term":[{"taxonomy":"category","embeddable":true,"href":"https:\/\/akunq.net\/tr\/index.php?rest_route=%2Fwp%2Fv2%2Fcategories&post=69585"},{"taxonomy":"post_tag","embeddable":true,"href":"https:\/\/akunq.net\/tr\/index.php?rest_route=%2Fwp%2Fv2%2Ftags&post=69585"}],"curies":[{"name":"wp","href":"https:\/\/api.w.org\/{rel}","templated":true}]}}