{"id":69565,"date":"2022-08-05T04:24:58","date_gmt":"2022-08-05T09:24:58","guid":{"rendered":"https:\/\/akunq.net\/tr\/?p=69565"},"modified":"2022-08-05T04:24:58","modified_gmt":"2022-08-05T09:24:58","slug":"rapor-temmuz-ayinda-24-kadin-cinayeti-islendi-20-supheli-olum","status":"publish","type":"post","link":"https:\/\/akunq.net\/tr\/?p=69565","title":{"rendered":"Rapor: Temmuz ay\u0131nda 24 kad\u0131n cinayeti i\u015flendi, 20 \u015f\u00fcpheli \u00f6l\u00fcm"},"content":{"rendered":"<p><img loading=\"lazy\" decoding=\"async\" class=\"aligncenter size-medium wp-image-69566\" src=\"https:\/\/akunq.net\/tr\/wp-content\/uploads\/2022\/08\/Turkiyede-kadin-360x264.png\" alt=\"\" width=\"360\" height=\"264\" srcset=\"https:\/\/akunq.net\/tr\/wp-content\/uploads\/sites\/6\/2022\/08\/Turkiyede-kadin-360x264.png 360w, https:\/\/akunq.net\/tr\/wp-content\/uploads\/sites\/6\/2022\/08\/Turkiyede-kadin-768x564.png 768w, https:\/\/akunq.net\/tr\/wp-content\/uploads\/sites\/6\/2022\/08\/Turkiyede-kadin-560x411.png 560w, https:\/\/akunq.net\/tr\/wp-content\/uploads\/sites\/6\/2022\/08\/Turkiyede-kadin-260x191.png 260w, https:\/\/akunq.net\/tr\/wp-content\/uploads\/sites\/6\/2022\/08\/Turkiyede-kadin-160x118.png 160w, https:\/\/akunq.net\/tr\/wp-content\/uploads\/sites\/6\/2022\/08\/Turkiyede-kadin.png 1010w\" sizes=\"auto, (max-width: 360px) 100vw, 360px\" \/><\/p>\n<p><em><strong>Haber Merkezi<\/strong>\u00a0<strong>&#8211; Kad\u0131n Cinayetlerini Durduraca\u011f\u0131z Platformu\u2019nun temmuz ay\u0131 raporuna g\u00f6re 24 kad\u0131n katledildi, 20 kad\u0131n ise \u015f\u00fcpheli \u015fekilde ya\u015fam\u0131n\u0131 yitirdi.<\/strong><\/em><\/p>\n<p>Kad\u0131n Cinayetlerini Durduraca\u011f\u0131z Platformu, Temmuz ay\u0131nda katledilen kad\u0131nlara ili\u015fkin haz\u0131rlad\u0131\u011f\u0131 raporu a\u00e7\u0131klad\u0131. Rapora g\u00f6re Temmuz ay\u0131nda 24 kad\u0131n cinayeti i\u015flenirken, 20 kad\u0131n da \u015f\u00fcpheli bir \u015fekilde \u00f6l\u00fc bulundu.<\/p>\n<p>Rapora g\u00f6re, temmuz ay\u0131nda \u00f6ld\u00fcr\u00fclen 24 kad\u0131ndan 13\u2019\u00fc bo\u015fanmak istedi\u011fi i\u00e7in hayat\u0131n\u0131 kaybetti.<\/p>\n<p><strong>Kad\u0131nlar kimler taraf\u0131ndan \u00f6ld\u00fcr\u00fcld\u00fc?<\/strong><\/p>\n<p>Rapora g\u00f6re; temmuz ay\u0131nda \u00f6ld\u00fcr\u00fclen 24 kad\u0131n\u0131n 14\u2019\u00fc evli oldu\u011fu erkek, 2\u2019si eskiden evli oldu\u011fu erkek, 2\u2019si eskiden birlikte oldu\u011fu erkek, 2\u2019si akrabas\u0131, 1\u2019i birlikte oldu\u011fu erkek, 1\u2019i karde\u015fi, 1\u2019i i\u015fvereni, 1\u2019i tan\u0131mad\u0131\u011f\u0131 biri taraf\u0131ndan \u00f6ld\u00fcr\u00fclm\u00fc\u015ft\u00fcr. Bu ay kad\u0131nlar\u0131n %58\u2019i evli oldu\u011fu erkek taraf\u0131ndan \u00f6ld\u00fcr\u00fcld\u00fc.<\/p>\n<p><strong>Kad\u0131nlar en \u00e7ok evlerinde \u00f6ld\u00fcr\u00fcld\u00fc<\/strong><\/p>\n<p>Raporda, kad\u0131nlar\u0131n 12\u2019si evinde, 4\u2019\u00fc sokak ortas\u0131nda, 3\u2019\u00fc arabada, 1\u2019i\u00a0\u00a0arazide, 1\u2019i i\u015fyerinde ve 1\u2019i otelde \u00f6ld\u00fcr\u00fcld\u00fc\u011f\u00fc belirtildi. 2 kad\u0131n\u0131n nerede \u00f6ld\u00fcr\u00fcld\u00fc\u011f\u00fc tespit edilemedi\u011fi belirtilerek, temmuz ay\u0131nda \u00f6ld\u00fcr\u00fclen kad\u0131nlar\u0131n %50\u2019sinin evlerinde \u00f6ld\u00fcr\u00fcld\u00fc\u011f\u00fc kaydedildi.<\/p>\n<p>Raporda \u00f6ld\u00fcr\u00fclen 24 kad\u0131ndan 10\u2019unun hangi bahaneyle \u00f6ld\u00fcr\u00fcld\u00fc\u011f\u00fc tespit edilemedi\u011fi belirtilen a\u00e7\u0131klamada kad\u0131na y\u00f6nelik \u015fiddetin ve kad\u0131n cinayetlerinin g\u00f6r\u00fcnmez k\u0131l\u0131nmas\u0131n\u0131n bir sonucu oldu\u011fu vurguland\u0131.<\/p>\n<p>Raporda bu konuya ili\u015fkin \u015fu ifade yer ald\u0131:<\/p>\n<p>\u201cKad\u0131nlar\u0131n kim taraf\u0131ndan, neden \u00f6ld\u00fcr\u00fcld\u00fc\u011f\u00fc tespit edilmedik\u00e7e; adil yarg\u0131lama yap\u0131lmay\u0131p \u015f\u00fcpheli, san\u0131k ve katiller cayd\u0131r\u0131c\u0131 cezalar almad\u0131k\u00e7a, \u00f6nleyici tedbirler uygulanmad\u0131k\u00e7a \u015fiddet boyut de\u011fi\u015ftirerek s\u00fcrmeye devam ediyor.\u201d<\/p>\n<p><em><strong>https:\/\/www.rudaw.net\/turkish\/middleeast\/turkey\/030820222<\/strong><\/em><\/p>\n","protected":false},"excerpt":{"rendered":"<p>Haber Merkezi\u00a0&#8211; Kad\u0131n Cinayetlerini Durduraca\u011f\u0131z Platformu\u2019nun temmuz ay\u0131 raporuna g\u00f6re 24 kad\u0131n katledildi, 20 kad\u0131n ise \u015f\u00fcpheli \u015fekilde ya\u015fam\u0131n\u0131 yitirdi. Kad\u0131n Cinayetlerini Durduraca\u011f\u0131z Platformu, Temmuz ay\u0131nda katledilen kad\u0131nlara ili\u015fkin haz\u0131rlad\u0131\u011f\u0131 raporu a\u00e7\u0131klad\u0131. Rapora g\u00f6re Temmuz ay\u0131nda 24 kad\u0131n cinayeti i\u015flenirken, 20 kad\u0131n da \u015f\u00fcpheli bir \u015fekilde \u00f6l\u00fc bulundu. Rapora g\u00f6re, temmuz ay\u0131nda \u00f6ld\u00fcr\u00fclen 24 kad\u0131ndan [&hellip;]<\/p>\n","protected":false},"author":7,"featured_media":69566,"comment_status":"open","ping_status":"open","sticky":false,"template":"","format":"standard","meta":{"footnotes":""},"categories":[1],"tags":[],"class_list":["post-69565","post","type-post","status-publish","format-standard","has-post-thumbnail","hentry","category-haberler"],"yoast_head":"<!-- This site is optimized with the Yoast SEO plugin v27.4 - https:\/\/yoast.com\/product\/yoast-seo-wordpress\/ -->\n<title>Rapor: Temmuz ay\u0131nda 24 kad\u0131n cinayeti i\u015flendi, 20 \u015f\u00fcpheli \u00f6l\u00fcm - Bati Ermenistan Ve Bati Ermenileri Sorunlari Ara\u015ftirmalar Merkezi<\/title>\n<meta name=\"robots\" content=\"index, follow, max-snippet:-1, max-image-preview:large, max-video-preview:-1\" \/>\n<link rel=\"canonical\" href=\"https:\/\/akunq.net\/tr\/?p=69565\" \/>\n<meta property=\"og:locale\" content=\"en_US\" \/>\n<meta property=\"og:type\" content=\"article\" \/>\n<meta property=\"og:title\" content=\"Rapor: Temmuz ay\u0131nda 24 kad\u0131n cinayeti i\u015flendi, 20 \u015f\u00fcpheli \u00f6l\u00fcm - Bati Ermenistan Ve Bati Ermenileri Sorunlari Ara\u015ftirmalar Merkezi\" \/>\n<meta property=\"og:description\" content=\"Haber Merkezi\u00a0&#8211; Kad\u0131n Cinayetlerini Durduraca\u011f\u0131z Platformu\u2019nun temmuz ay\u0131 raporuna g\u00f6re 24 kad\u0131n katledildi, 20 kad\u0131n ise \u015f\u00fcpheli \u015fekilde ya\u015fam\u0131n\u0131 yitirdi. Kad\u0131n Cinayetlerini Durduraca\u011f\u0131z Platformu, Temmuz ay\u0131nda katledilen kad\u0131nlara ili\u015fkin haz\u0131rlad\u0131\u011f\u0131 raporu a\u00e7\u0131klad\u0131. Rapora g\u00f6re Temmuz ay\u0131nda 24 kad\u0131n cinayeti i\u015flenirken, 20 kad\u0131n da \u015f\u00fcpheli bir \u015fekilde \u00f6l\u00fc bulundu. Rapora g\u00f6re, temmuz ay\u0131nda \u00f6ld\u00fcr\u00fclen 24 kad\u0131ndan [&hellip;]\" \/>\n<meta property=\"og:url\" content=\"https:\/\/akunq.net\/tr\/?p=69565\" \/>\n<meta property=\"og:site_name\" content=\"Bati Ermenistan Ve Bati Ermenileri Sorunlari Ara\u015ftirmalar Merkezi\" \/>\n<meta property=\"article:published_time\" content=\"2022-08-05T09:24:58+00:00\" \/>\n<meta property=\"og:image\" content=\"https:\/\/akunq.net\/tr\/wp-content\/uploads\/sites\/6\/2022\/08\/Turkiyede-kadin.png\" \/>\n\t<meta property=\"og:image:width\" content=\"1010\" \/>\n\t<meta property=\"og:image:height\" content=\"742\" \/>\n\t<meta property=\"og:image:type\" content=\"image\/png\" \/>\n<meta name=\"author\" content=\"admin\" \/>\n<meta name=\"twitter:card\" content=\"summary_large_image\" \/>\n<meta name=\"twitter:label1\" content=\"Written by\" \/>\n\t<meta name=\"twitter:data1\" content=\"admin\" \/>\n\t<meta name=\"twitter:label2\" content=\"Est. reading time\" \/>\n\t<meta name=\"twitter:data2\" content=\"2 minutes\" \/>\n<script type=\"application\/ld+json\" class=\"yoast-schema-graph\">{\"@context\":\"https:\\\/\\\/schema.org\",\"@graph\":[{\"@type\":\"Article\",\"@id\":\"https:\\\/\\\/akunq.net\\\/tr\\\/?p=69565#article\",\"isPartOf\":{\"@id\":\"https:\\\/\\\/akunq.net\\\/tr\\\/?p=69565\"},\"author\":{\"name\":\"admin\",\"@id\":\"https:\\\/\\\/akunq.net\\\/tr\\\/#\\\/schema\\\/person\\\/096f1d38a12cce57fb855b485ed24c9e\"},\"headline\":\"Rapor: Temmuz ay\u0131nda 24 kad\u0131n cinayeti i\u015flendi, 20 \u015f\u00fcpheli \u00f6l\u00fcm\",\"datePublished\":\"2022-08-05T09:24:58+00:00\",\"mainEntityOfPage\":{\"@id\":\"https:\\\/\\\/akunq.net\\\/tr\\\/?p=69565\"},\"wordCount\":329,\"commentCount\":0,\"image\":{\"@id\":\"https:\\\/\\\/akunq.net\\\/tr\\\/?p=69565#primaryimage\"},\"thumbnailUrl\":\"https:\\\/\\\/akunq.net\\\/tr\\\/wp-content\\\/uploads\\\/sites\\\/6\\\/2022\\\/08\\\/Turkiyede-kadin.png\",\"articleSection\":[\"Haberler\"],\"inLanguage\":\"en-US\",\"potentialAction\":[{\"@type\":\"CommentAction\",\"name\":\"Comment\",\"target\":[\"https:\\\/\\\/akunq.net\\\/tr\\\/?p=69565#respond\"]}]},{\"@type\":\"WebPage\",\"@id\":\"https:\\\/\\\/akunq.net\\\/tr\\\/?p=69565\",\"url\":\"https:\\\/\\\/akunq.net\\\/tr\\\/?p=69565\",\"name\":\"Rapor: Temmuz ay\u0131nda 24 kad\u0131n cinayeti i\u015flendi, 20 \u015f\u00fcpheli \u00f6l\u00fcm - Bati Ermenistan Ve Bati Ermenileri Sorunlari Ara\u015ftirmalar Merkezi\",\"isPartOf\":{\"@id\":\"https:\\\/\\\/akunq.net\\\/tr\\\/#website\"},\"primaryImageOfPage\":{\"@id\":\"https:\\\/\\\/akunq.net\\\/tr\\\/?p=69565#primaryimage\"},\"image\":{\"@id\":\"https:\\\/\\\/akunq.net\\\/tr\\\/?p=69565#primaryimage\"},\"thumbnailUrl\":\"https:\\\/\\\/akunq.net\\\/tr\\\/wp-content\\\/uploads\\\/sites\\\/6\\\/2022\\\/08\\\/Turkiyede-kadin.png\",\"datePublished\":\"2022-08-05T09:24:58+00:00\",\"author\":{\"@id\":\"https:\\\/\\\/akunq.net\\\/tr\\\/#\\\/schema\\\/person\\\/096f1d38a12cce57fb855b485ed24c9e\"},\"breadcrumb\":{\"@id\":\"https:\\\/\\\/akunq.net\\\/tr\\\/?p=69565#breadcrumb\"},\"inLanguage\":\"en-US\",\"potentialAction\":[{\"@type\":\"ReadAction\",\"target\":[\"https:\\\/\\\/akunq.net\\\/tr\\\/?p=69565\"]}]},{\"@type\":\"ImageObject\",\"inLanguage\":\"en-US\",\"@id\":\"https:\\\/\\\/akunq.net\\\/tr\\\/?p=69565#primaryimage\",\"url\":\"https:\\\/\\\/akunq.net\\\/tr\\\/wp-content\\\/uploads\\\/sites\\\/6\\\/2022\\\/08\\\/Turkiyede-kadin.png\",\"contentUrl\":\"https:\\\/\\\/akunq.net\\\/tr\\\/wp-content\\\/uploads\\\/sites\\\/6\\\/2022\\\/08\\\/Turkiyede-kadin.png\",\"width\":1010,\"height\":742},{\"@type\":\"BreadcrumbList\",\"@id\":\"https:\\\/\\\/akunq.net\\\/tr\\\/?p=69565#breadcrumb\",\"itemListElement\":[{\"@type\":\"ListItem\",\"position\":1,\"name\":\"Home\",\"item\":\"https:\\\/\\\/akunq.net\\\/tr\"},{\"@type\":\"ListItem\",\"position\":2,\"name\":\"Rapor: Temmuz ay\u0131nda 24 kad\u0131n cinayeti i\u015flendi, 20 \u015f\u00fcpheli \u00f6l\u00fcm\"}]},{\"@type\":\"WebSite\",\"@id\":\"https:\\\/\\\/akunq.net\\\/tr\\\/#website\",\"url\":\"https:\\\/\\\/akunq.net\\\/tr\\\/\",\"name\":\"Bati Ermenistan Ve Bati Ermenileri Sorunlari Ara\u015ftirmalar Merkezi\",\"description\":\"\",\"potentialAction\":[{\"@type\":\"SearchAction\",\"target\":{\"@type\":\"EntryPoint\",\"urlTemplate\":\"https:\\\/\\\/akunq.net\\\/tr\\\/?s={search_term_string}\"},\"query-input\":{\"@type\":\"PropertyValueSpecification\",\"valueRequired\":true,\"valueName\":\"search_term_string\"}}],\"inLanguage\":\"en-US\"},{\"@type\":\"Person\",\"@id\":\"https:\\\/\\\/akunq.net\\\/tr\\\/#\\\/schema\\\/person\\\/096f1d38a12cce57fb855b485ed24c9e\",\"name\":\"admin\",\"url\":\"https:\\\/\\\/akunq.net\\\/tr\\\/?author=7\"}]}<\/script>\n<!-- \/ Yoast SEO plugin. -->","yoast_head_json":{"title":"Rapor: Temmuz ay\u0131nda 24 kad\u0131n cinayeti i\u015flendi, 20 \u015f\u00fcpheli \u00f6l\u00fcm - Bati Ermenistan Ve Bati Ermenileri Sorunlari Ara\u015ftirmalar Merkezi","robots":{"index":"index","follow":"follow","max-snippet":"max-snippet:-1","max-image-preview":"max-image-preview:large","max-video-preview":"max-video-preview:-1"},"canonical":"https:\/\/akunq.net\/tr\/?p=69565","og_locale":"en_US","og_type":"article","og_title":"Rapor: Temmuz ay\u0131nda 24 kad\u0131n cinayeti i\u015flendi, 20 \u015f\u00fcpheli \u00f6l\u00fcm - Bati Ermenistan Ve Bati Ermenileri Sorunlari Ara\u015ftirmalar Merkezi","og_description":"Haber Merkezi\u00a0&#8211; Kad\u0131n Cinayetlerini Durduraca\u011f\u0131z Platformu\u2019nun temmuz ay\u0131 raporuna g\u00f6re 24 kad\u0131n katledildi, 20 kad\u0131n ise \u015f\u00fcpheli \u015fekilde ya\u015fam\u0131n\u0131 yitirdi. Kad\u0131n Cinayetlerini Durduraca\u011f\u0131z Platformu, Temmuz ay\u0131nda katledilen kad\u0131nlara ili\u015fkin haz\u0131rlad\u0131\u011f\u0131 raporu a\u00e7\u0131klad\u0131. Rapora g\u00f6re Temmuz ay\u0131nda 24 kad\u0131n cinayeti i\u015flenirken, 20 kad\u0131n da \u015f\u00fcpheli bir \u015fekilde \u00f6l\u00fc bulundu. Rapora g\u00f6re, temmuz ay\u0131nda \u00f6ld\u00fcr\u00fclen 24 kad\u0131ndan [&hellip;]","og_url":"https:\/\/akunq.net\/tr\/?p=69565","og_site_name":"Bati Ermenistan Ve Bati Ermenileri Sorunlari Ara\u015ftirmalar Merkezi","article_published_time":"2022-08-05T09:24:58+00:00","og_image":[{"width":1010,"height":742,"url":"https:\/\/akunq.net\/tr\/wp-content\/uploads\/sites\/6\/2022\/08\/Turkiyede-kadin.png","type":"image\/png"}],"author":"admin","twitter_card":"summary_large_image","twitter_misc":{"Written by":"admin","Est. reading time":"2 minutes"},"schema":{"@context":"https:\/\/schema.org","@graph":[{"@type":"Article","@id":"https:\/\/akunq.net\/tr\/?p=69565#article","isPartOf":{"@id":"https:\/\/akunq.net\/tr\/?p=69565"},"author":{"name":"admin","@id":"https:\/\/akunq.net\/tr\/#\/schema\/person\/096f1d38a12cce57fb855b485ed24c9e"},"headline":"Rapor: Temmuz ay\u0131nda 24 kad\u0131n cinayeti i\u015flendi, 20 \u015f\u00fcpheli \u00f6l\u00fcm","datePublished":"2022-08-05T09:24:58+00:00","mainEntityOfPage":{"@id":"https:\/\/akunq.net\/tr\/?p=69565"},"wordCount":329,"commentCount":0,"image":{"@id":"https:\/\/akunq.net\/tr\/?p=69565#primaryimage"},"thumbnailUrl":"https:\/\/akunq.net\/tr\/wp-content\/uploads\/sites\/6\/2022\/08\/Turkiyede-kadin.png","articleSection":["Haberler"],"inLanguage":"en-US","potentialAction":[{"@type":"CommentAction","name":"Comment","target":["https:\/\/akunq.net\/tr\/?p=69565#respond"]}]},{"@type":"WebPage","@id":"https:\/\/akunq.net\/tr\/?p=69565","url":"https:\/\/akunq.net\/tr\/?p=69565","name":"Rapor: Temmuz ay\u0131nda 24 kad\u0131n cinayeti i\u015flendi, 20 \u015f\u00fcpheli \u00f6l\u00fcm - Bati Ermenistan Ve Bati Ermenileri Sorunlari Ara\u015ftirmalar Merkezi","isPartOf":{"@id":"https:\/\/akunq.net\/tr\/#website"},"primaryImageOfPage":{"@id":"https:\/\/akunq.net\/tr\/?p=69565#primaryimage"},"image":{"@id":"https:\/\/akunq.net\/tr\/?p=69565#primaryimage"},"thumbnailUrl":"https:\/\/akunq.net\/tr\/wp-content\/uploads\/sites\/6\/2022\/08\/Turkiyede-kadin.png","datePublished":"2022-08-05T09:24:58+00:00","author":{"@id":"https:\/\/akunq.net\/tr\/#\/schema\/person\/096f1d38a12cce57fb855b485ed24c9e"},"breadcrumb":{"@id":"https:\/\/akunq.net\/tr\/?p=69565#breadcrumb"},"inLanguage":"en-US","potentialAction":[{"@type":"ReadAction","target":["https:\/\/akunq.net\/tr\/?p=69565"]}]},{"@type":"ImageObject","inLanguage":"en-US","@id":"https:\/\/akunq.net\/tr\/?p=69565#primaryimage","url":"https:\/\/akunq.net\/tr\/wp-content\/uploads\/sites\/6\/2022\/08\/Turkiyede-kadin.png","contentUrl":"https:\/\/akunq.net\/tr\/wp-content\/uploads\/sites\/6\/2022\/08\/Turkiyede-kadin.png","width":1010,"height":742},{"@type":"BreadcrumbList","@id":"https:\/\/akunq.net\/tr\/?p=69565#breadcrumb","itemListElement":[{"@type":"ListItem","position":1,"name":"Home","item":"https:\/\/akunq.net\/tr"},{"@type":"ListItem","position":2,"name":"Rapor: Temmuz ay\u0131nda 24 kad\u0131n cinayeti i\u015flendi, 20 \u015f\u00fcpheli \u00f6l\u00fcm"}]},{"@type":"WebSite","@id":"https:\/\/akunq.net\/tr\/#website","url":"https:\/\/akunq.net\/tr\/","name":"Bati Ermenistan Ve Bati Ermenileri Sorunlari Ara\u015ftirmalar Merkezi","description":"","potentialAction":[{"@type":"SearchAction","target":{"@type":"EntryPoint","urlTemplate":"https:\/\/akunq.net\/tr\/?s={search_term_string}"},"query-input":{"@type":"PropertyValueSpecification","valueRequired":true,"valueName":"search_term_string"}}],"inLanguage":"en-US"},{"@type":"Person","@id":"https:\/\/akunq.net\/tr\/#\/schema\/person\/096f1d38a12cce57fb855b485ed24c9e","name":"admin","url":"https:\/\/akunq.net\/tr\/?author=7"}]}},"_links":{"self":[{"href":"https:\/\/akunq.net\/tr\/index.php?rest_route=\/wp\/v2\/posts\/69565","targetHints":{"allow":["GET"]}}],"collection":[{"href":"https:\/\/akunq.net\/tr\/index.php?rest_route=\/wp\/v2\/posts"}],"about":[{"href":"https:\/\/akunq.net\/tr\/index.php?rest_route=\/wp\/v2\/types\/post"}],"author":[{"embeddable":true,"href":"https:\/\/akunq.net\/tr\/index.php?rest_route=\/wp\/v2\/users\/7"}],"replies":[{"embeddable":true,"href":"https:\/\/akunq.net\/tr\/index.php?rest_route=%2Fwp%2Fv2%2Fcomments&post=69565"}],"version-history":[{"count":1,"href":"https:\/\/akunq.net\/tr\/index.php?rest_route=\/wp\/v2\/posts\/69565\/revisions"}],"predecessor-version":[{"id":69567,"href":"https:\/\/akunq.net\/tr\/index.php?rest_route=\/wp\/v2\/posts\/69565\/revisions\/69567"}],"wp:featuredmedia":[{"embeddable":true,"href":"https:\/\/akunq.net\/tr\/index.php?rest_route=\/wp\/v2\/media\/69566"}],"wp:attachment":[{"href":"https:\/\/akunq.net\/tr\/index.php?rest_route=%2Fwp%2Fv2%2Fmedia&parent=69565"}],"wp:term":[{"taxonomy":"category","embeddable":true,"href":"https:\/\/akunq.net\/tr\/index.php?rest_route=%2Fwp%2Fv2%2Fcategories&post=69565"},{"taxonomy":"post_tag","embeddable":true,"href":"https:\/\/akunq.net\/tr\/index.php?rest_route=%2Fwp%2Fv2%2Ftags&post=69565"}],"curies":[{"name":"wp","href":"https:\/\/api.w.org\/{rel}","templated":true}]}}