{"id":69559,"date":"2022-08-05T03:56:59","date_gmt":"2022-08-05T08:56:59","guid":{"rendered":"https:\/\/akunq.net\/tr\/?p=69559"},"modified":"2022-08-05T03:56:59","modified_gmt":"2022-08-05T08:56:59","slug":"meryem-ananin-goge-alinis-bayrami-vesilesi-ile-izmire-yolculuk","status":"publish","type":"post","link":"https:\/\/akunq.net\/tr\/?p=69559","title":{"rendered":"Meryem Ana\u2019n\u0131n G\u00f6\u011fe Al\u0131n\u0131\u015f Bayram\u0131 Vesilesi ile \u0130zmir\u2019e Yolculuk"},"content":{"rendered":"<p><em><strong>HYETERT \u2013 14 A\u011fustos 2022 Pazar g\u00fcn\u00fc saat 18:00\u2019de, Meryem Ana\u2019n\u0131n G\u00f6\u011fe Al\u0131n\u0131\u015f Bayram\u0131 Arifesinde \u0130zmir Aziz Yuhanna Katedral Bazilika\u2019s\u0131nda K\u0131demli \u00dcstrahip Vartan Kazanc\u0131yan Ermeni Katolik Riti\u2019nde Ayin sunacakt\u0131r.<\/strong><\/em><\/p>\n<p>Kutsal Masa\u2019ya \u00dcst Diyakon Hagop Minasyan, Gsrg. Jan Acemo\u011flu, tbiler Can Yontan ve \u00c7etin \u00d6\u011fmen hizmet edecektir.<\/p>\n<p>\u0130lahiler Zaven A\u011fay\u2019\u0131n y\u00f6netiminde Vosgeperan Tbrats Tas taraf\u0131ndan seslendirilecektir.<\/p>\n<p>Meryem Ana\u2019n\u0131n G\u00f6\u011fe Al\u0131n\u0131\u015f Yortusu m\u00fcnasebetiyle 15 A\u011fustos 2022 Pazartesi g\u00fcn\u00fc saat 09:30\u2019da Efes Meryem Ana Evi\u2019nde Latin Riti\u2019nde sunulacak Ayine K\u0131demli \u00dcstrahip Vartan Kazanc\u0131yan,\u00a0\u00dcst Diyakon Hagop Minasyan, Gsrg. Jan Acemo\u011flu, tbirler ve Vosgeperan Tbrats Tas \u00fcyeleri\u00a0okuyaca\u011f\u0131 ilahiler ile kat\u0131l\u0131m g\u00f6sterecektir.<\/p>\n<figure class=\"wp-block-image size-large\"><em><img loading=\"lazy\" decoding=\"async\" class=\"wp-image-467200\" src=\"https:\/\/i0.wp.com\/hyetert.org\/wp-content\/uploads\/2022\/08\/f1de8062-df94-4edd-88ac-8303dc90d61b.jpg?resize=724%2C1024&amp;ssl=1\" sizes=\"auto, (max-width: 724px) 100vw, 724px\" srcset=\"https:\/\/i0.wp.com\/hyetert.org\/wp-content\/uploads\/2022\/08\/f1de8062-df94-4edd-88ac-8303dc90d61b.jpg?resize=724%2C1024&amp;ssl=1 724w, https:\/\/i0.wp.com\/hyetert.org\/wp-content\/uploads\/2022\/08\/f1de8062-df94-4edd-88ac-8303dc90d61b.jpg?resize=212%2C300&amp;ssl=1 212w, https:\/\/i0.wp.com\/hyetert.org\/wp-content\/uploads\/2022\/08\/f1de8062-df94-4edd-88ac-8303dc90d61b.jpg?resize=768%2C1086&amp;ssl=1 768w, https:\/\/i0.wp.com\/hyetert.org\/wp-content\/uploads\/2022\/08\/f1de8062-df94-4edd-88ac-8303dc90d61b.jpg?resize=1086%2C1536&amp;ssl=1 1086w, https:\/\/i0.wp.com\/hyetert.org\/wp-content\/uploads\/2022\/08\/f1de8062-df94-4edd-88ac-8303dc90d61b.jpg?w=1131&amp;ssl=1 1131w\" alt=\"\" width=\"724\" height=\"1024\" data-recalc-dims=\"1\" \/><\/em><\/figure>\n<p><em>Detayl\u0131 bilgi almak i\u00e7in Vosgeperan sekreterli\u011fini arayabilirsiniz.<\/em><\/p>\n<p><em>(0212 244 52 11)<\/em><\/p>\n<p><strong><em>https:\/\/hyetert.org\/2022\/08\/05\/meryem-ananin-goge-alinis-bayrami-vesilesi-ile-izmire-yolculuk\/\u00a0<\/em><\/strong><\/p>\n","protected":false},"excerpt":{"rendered":"<p>HYETERT \u2013 14 A\u011fustos 2022 Pazar g\u00fcn\u00fc saat 18:00\u2019de, Meryem Ana\u2019n\u0131n G\u00f6\u011fe Al\u0131n\u0131\u015f Bayram\u0131 Arifesinde \u0130zmir Aziz Yuhanna Katedral Bazilika\u2019s\u0131nda K\u0131demli \u00dcstrahip Vartan Kazanc\u0131yan Ermeni Katolik Riti\u2019nde Ayin sunacakt\u0131r. Kutsal Masa\u2019ya \u00dcst Diyakon Hagop Minasyan, Gsrg. Jan Acemo\u011flu, tbiler Can Yontan ve \u00c7etin \u00d6\u011fmen hizmet edecektir. \u0130lahiler Zaven A\u011fay\u2019\u0131n y\u00f6netiminde Vosgeperan Tbrats Tas taraf\u0131ndan seslendirilecektir. [&hellip;]<\/p>\n","protected":false},"author":7,"featured_media":69560,"comment_status":"open","ping_status":"open","sticky":false,"template":"","format":"standard","meta":{"footnotes":""},"categories":[1],"tags":[],"class_list":["post-69559","post","type-post","status-publish","format-standard","has-post-thumbnail","hentry","category-haberler"],"yoast_head":"<!-- This site is optimized with the Yoast SEO plugin v27.4 - https:\/\/yoast.com\/product\/yoast-seo-wordpress\/ -->\n<title>Meryem Ana\u2019n\u0131n G\u00f6\u011fe Al\u0131n\u0131\u015f Bayram\u0131 Vesilesi ile \u0130zmir\u2019e Yolculuk - Bati Ermenistan Ve Bati Ermenileri Sorunlari Ara\u015ftirmalar Merkezi<\/title>\n<meta name=\"robots\" content=\"index, follow, max-snippet:-1, max-image-preview:large, max-video-preview:-1\" \/>\n<link rel=\"canonical\" href=\"https:\/\/akunq.net\/tr\/?p=69559\" \/>\n<meta property=\"og:locale\" content=\"en_US\" \/>\n<meta property=\"og:type\" content=\"article\" \/>\n<meta property=\"og:title\" content=\"Meryem Ana\u2019n\u0131n G\u00f6\u011fe Al\u0131n\u0131\u015f Bayram\u0131 Vesilesi ile \u0130zmir\u2019e Yolculuk - Bati Ermenistan Ve Bati Ermenileri Sorunlari Ara\u015ftirmalar Merkezi\" \/>\n<meta property=\"og:description\" content=\"HYETERT \u2013 14 A\u011fustos 2022 Pazar g\u00fcn\u00fc saat 18:00\u2019de, Meryem Ana\u2019n\u0131n G\u00f6\u011fe Al\u0131n\u0131\u015f Bayram\u0131 Arifesinde \u0130zmir Aziz Yuhanna Katedral Bazilika\u2019s\u0131nda K\u0131demli \u00dcstrahip Vartan Kazanc\u0131yan Ermeni Katolik Riti\u2019nde Ayin sunacakt\u0131r. Kutsal Masa\u2019ya \u00dcst Diyakon Hagop Minasyan, Gsrg. Jan Acemo\u011flu, tbiler Can Yontan ve \u00c7etin \u00d6\u011fmen hizmet edecektir. \u0130lahiler Zaven A\u011fay\u2019\u0131n y\u00f6netiminde Vosgeperan Tbrats Tas taraf\u0131ndan seslendirilecektir. [&hellip;]\" \/>\n<meta property=\"og:url\" content=\"https:\/\/akunq.net\/tr\/?p=69559\" \/>\n<meta property=\"og:site_name\" content=\"Bati Ermenistan Ve Bati Ermenileri Sorunlari Ara\u015ftirmalar Merkezi\" \/>\n<meta property=\"article:published_time\" content=\"2022-08-05T08:56:59+00:00\" \/>\n<meta property=\"og:image\" content=\"https:\/\/akunq.net\/tr\/wp-content\/uploads\/sites\/6\/2022\/08\/Meryemana.jpg\" \/>\n\t<meta property=\"og:image:width\" content=\"470\" \/>\n\t<meta property=\"og:image:height\" content=\"662\" \/>\n\t<meta property=\"og:image:type\" content=\"image\/jpeg\" \/>\n<meta name=\"author\" content=\"admin\" \/>\n<meta name=\"twitter:card\" content=\"summary_large_image\" \/>\n<meta name=\"twitter:label1\" content=\"Written by\" \/>\n\t<meta name=\"twitter:data1\" content=\"admin\" \/>\n\t<meta name=\"twitter:label2\" content=\"Est. reading time\" \/>\n\t<meta name=\"twitter:data2\" content=\"1 minute\" \/>\n<script type=\"application\/ld+json\" class=\"yoast-schema-graph\">{\"@context\":\"https:\\\/\\\/schema.org\",\"@graph\":[{\"@type\":\"Article\",\"@id\":\"https:\\\/\\\/akunq.net\\\/tr\\\/?p=69559#article\",\"isPartOf\":{\"@id\":\"https:\\\/\\\/akunq.net\\\/tr\\\/?p=69559\"},\"author\":{\"name\":\"admin\",\"@id\":\"https:\\\/\\\/akunq.net\\\/tr\\\/#\\\/schema\\\/person\\\/096f1d38a12cce57fb855b485ed24c9e\"},\"headline\":\"Meryem Ana\u2019n\u0131n G\u00f6\u011fe Al\u0131n\u0131\u015f Bayram\u0131 Vesilesi ile \u0130zmir\u2019e Yolculuk\",\"datePublished\":\"2022-08-05T08:56:59+00:00\",\"mainEntityOfPage\":{\"@id\":\"https:\\\/\\\/akunq.net\\\/tr\\\/?p=69559\"},\"wordCount\":153,\"commentCount\":0,\"image\":{\"@id\":\"https:\\\/\\\/akunq.net\\\/tr\\\/?p=69559#primaryimage\"},\"thumbnailUrl\":\"https:\\\/\\\/akunq.net\\\/tr\\\/wp-content\\\/uploads\\\/sites\\\/6\\\/2022\\\/08\\\/Meryemana.jpg\",\"articleSection\":[\"Haberler\"],\"inLanguage\":\"en-US\",\"potentialAction\":[{\"@type\":\"CommentAction\",\"name\":\"Comment\",\"target\":[\"https:\\\/\\\/akunq.net\\\/tr\\\/?p=69559#respond\"]}]},{\"@type\":\"WebPage\",\"@id\":\"https:\\\/\\\/akunq.net\\\/tr\\\/?p=69559\",\"url\":\"https:\\\/\\\/akunq.net\\\/tr\\\/?p=69559\",\"name\":\"Meryem Ana\u2019n\u0131n G\u00f6\u011fe Al\u0131n\u0131\u015f Bayram\u0131 Vesilesi ile \u0130zmir\u2019e Yolculuk - Bati Ermenistan Ve Bati Ermenileri Sorunlari Ara\u015ftirmalar Merkezi\",\"isPartOf\":{\"@id\":\"https:\\\/\\\/akunq.net\\\/tr\\\/#website\"},\"primaryImageOfPage\":{\"@id\":\"https:\\\/\\\/akunq.net\\\/tr\\\/?p=69559#primaryimage\"},\"image\":{\"@id\":\"https:\\\/\\\/akunq.net\\\/tr\\\/?p=69559#primaryimage\"},\"thumbnailUrl\":\"https:\\\/\\\/akunq.net\\\/tr\\\/wp-content\\\/uploads\\\/sites\\\/6\\\/2022\\\/08\\\/Meryemana.jpg\",\"datePublished\":\"2022-08-05T08:56:59+00:00\",\"author\":{\"@id\":\"https:\\\/\\\/akunq.net\\\/tr\\\/#\\\/schema\\\/person\\\/096f1d38a12cce57fb855b485ed24c9e\"},\"breadcrumb\":{\"@id\":\"https:\\\/\\\/akunq.net\\\/tr\\\/?p=69559#breadcrumb\"},\"inLanguage\":\"en-US\",\"potentialAction\":[{\"@type\":\"ReadAction\",\"target\":[\"https:\\\/\\\/akunq.net\\\/tr\\\/?p=69559\"]}]},{\"@type\":\"ImageObject\",\"inLanguage\":\"en-US\",\"@id\":\"https:\\\/\\\/akunq.net\\\/tr\\\/?p=69559#primaryimage\",\"url\":\"https:\\\/\\\/akunq.net\\\/tr\\\/wp-content\\\/uploads\\\/sites\\\/6\\\/2022\\\/08\\\/Meryemana.jpg\",\"contentUrl\":\"https:\\\/\\\/akunq.net\\\/tr\\\/wp-content\\\/uploads\\\/sites\\\/6\\\/2022\\\/08\\\/Meryemana.jpg\",\"width\":470,\"height\":662},{\"@type\":\"BreadcrumbList\",\"@id\":\"https:\\\/\\\/akunq.net\\\/tr\\\/?p=69559#breadcrumb\",\"itemListElement\":[{\"@type\":\"ListItem\",\"position\":1,\"name\":\"Home\",\"item\":\"https:\\\/\\\/akunq.net\\\/tr\"},{\"@type\":\"ListItem\",\"position\":2,\"name\":\"Meryem Ana\u2019n\u0131n G\u00f6\u011fe Al\u0131n\u0131\u015f Bayram\u0131 Vesilesi ile \u0130zmir\u2019e Yolculuk\"}]},{\"@type\":\"WebSite\",\"@id\":\"https:\\\/\\\/akunq.net\\\/tr\\\/#website\",\"url\":\"https:\\\/\\\/akunq.net\\\/tr\\\/\",\"name\":\"Bati Ermenistan Ve Bati Ermenileri Sorunlari Ara\u015ftirmalar Merkezi\",\"description\":\"\",\"potentialAction\":[{\"@type\":\"SearchAction\",\"target\":{\"@type\":\"EntryPoint\",\"urlTemplate\":\"https:\\\/\\\/akunq.net\\\/tr\\\/?s={search_term_string}\"},\"query-input\":{\"@type\":\"PropertyValueSpecification\",\"valueRequired\":true,\"valueName\":\"search_term_string\"}}],\"inLanguage\":\"en-US\"},{\"@type\":\"Person\",\"@id\":\"https:\\\/\\\/akunq.net\\\/tr\\\/#\\\/schema\\\/person\\\/096f1d38a12cce57fb855b485ed24c9e\",\"name\":\"admin\",\"url\":\"https:\\\/\\\/akunq.net\\\/tr\\\/?author=7\"}]}<\/script>\n<!-- \/ Yoast SEO plugin. -->","yoast_head_json":{"title":"Meryem Ana\u2019n\u0131n G\u00f6\u011fe Al\u0131n\u0131\u015f Bayram\u0131 Vesilesi ile \u0130zmir\u2019e Yolculuk - Bati Ermenistan Ve Bati Ermenileri Sorunlari Ara\u015ftirmalar Merkezi","robots":{"index":"index","follow":"follow","max-snippet":"max-snippet:-1","max-image-preview":"max-image-preview:large","max-video-preview":"max-video-preview:-1"},"canonical":"https:\/\/akunq.net\/tr\/?p=69559","og_locale":"en_US","og_type":"article","og_title":"Meryem Ana\u2019n\u0131n G\u00f6\u011fe Al\u0131n\u0131\u015f Bayram\u0131 Vesilesi ile \u0130zmir\u2019e Yolculuk - Bati Ermenistan Ve Bati Ermenileri Sorunlari Ara\u015ftirmalar Merkezi","og_description":"HYETERT \u2013 14 A\u011fustos 2022 Pazar g\u00fcn\u00fc saat 18:00\u2019de, Meryem Ana\u2019n\u0131n G\u00f6\u011fe Al\u0131n\u0131\u015f Bayram\u0131 Arifesinde \u0130zmir Aziz Yuhanna Katedral Bazilika\u2019s\u0131nda K\u0131demli \u00dcstrahip Vartan Kazanc\u0131yan Ermeni Katolik Riti\u2019nde Ayin sunacakt\u0131r. Kutsal Masa\u2019ya \u00dcst Diyakon Hagop Minasyan, Gsrg. Jan Acemo\u011flu, tbiler Can Yontan ve \u00c7etin \u00d6\u011fmen hizmet edecektir. \u0130lahiler Zaven A\u011fay\u2019\u0131n y\u00f6netiminde Vosgeperan Tbrats Tas taraf\u0131ndan seslendirilecektir. [&hellip;]","og_url":"https:\/\/akunq.net\/tr\/?p=69559","og_site_name":"Bati Ermenistan Ve Bati Ermenileri Sorunlari Ara\u015ftirmalar Merkezi","article_published_time":"2022-08-05T08:56:59+00:00","og_image":[{"width":470,"height":662,"url":"https:\/\/akunq.net\/tr\/wp-content\/uploads\/sites\/6\/2022\/08\/Meryemana.jpg","type":"image\/jpeg"}],"author":"admin","twitter_card":"summary_large_image","twitter_misc":{"Written by":"admin","Est. reading time":"1 minute"},"schema":{"@context":"https:\/\/schema.org","@graph":[{"@type":"Article","@id":"https:\/\/akunq.net\/tr\/?p=69559#article","isPartOf":{"@id":"https:\/\/akunq.net\/tr\/?p=69559"},"author":{"name":"admin","@id":"https:\/\/akunq.net\/tr\/#\/schema\/person\/096f1d38a12cce57fb855b485ed24c9e"},"headline":"Meryem Ana\u2019n\u0131n G\u00f6\u011fe Al\u0131n\u0131\u015f Bayram\u0131 Vesilesi ile \u0130zmir\u2019e Yolculuk","datePublished":"2022-08-05T08:56:59+00:00","mainEntityOfPage":{"@id":"https:\/\/akunq.net\/tr\/?p=69559"},"wordCount":153,"commentCount":0,"image":{"@id":"https:\/\/akunq.net\/tr\/?p=69559#primaryimage"},"thumbnailUrl":"https:\/\/akunq.net\/tr\/wp-content\/uploads\/sites\/6\/2022\/08\/Meryemana.jpg","articleSection":["Haberler"],"inLanguage":"en-US","potentialAction":[{"@type":"CommentAction","name":"Comment","target":["https:\/\/akunq.net\/tr\/?p=69559#respond"]}]},{"@type":"WebPage","@id":"https:\/\/akunq.net\/tr\/?p=69559","url":"https:\/\/akunq.net\/tr\/?p=69559","name":"Meryem Ana\u2019n\u0131n G\u00f6\u011fe Al\u0131n\u0131\u015f Bayram\u0131 Vesilesi ile \u0130zmir\u2019e Yolculuk - Bati Ermenistan Ve Bati Ermenileri Sorunlari Ara\u015ftirmalar Merkezi","isPartOf":{"@id":"https:\/\/akunq.net\/tr\/#website"},"primaryImageOfPage":{"@id":"https:\/\/akunq.net\/tr\/?p=69559#primaryimage"},"image":{"@id":"https:\/\/akunq.net\/tr\/?p=69559#primaryimage"},"thumbnailUrl":"https:\/\/akunq.net\/tr\/wp-content\/uploads\/sites\/6\/2022\/08\/Meryemana.jpg","datePublished":"2022-08-05T08:56:59+00:00","author":{"@id":"https:\/\/akunq.net\/tr\/#\/schema\/person\/096f1d38a12cce57fb855b485ed24c9e"},"breadcrumb":{"@id":"https:\/\/akunq.net\/tr\/?p=69559#breadcrumb"},"inLanguage":"en-US","potentialAction":[{"@type":"ReadAction","target":["https:\/\/akunq.net\/tr\/?p=69559"]}]},{"@type":"ImageObject","inLanguage":"en-US","@id":"https:\/\/akunq.net\/tr\/?p=69559#primaryimage","url":"https:\/\/akunq.net\/tr\/wp-content\/uploads\/sites\/6\/2022\/08\/Meryemana.jpg","contentUrl":"https:\/\/akunq.net\/tr\/wp-content\/uploads\/sites\/6\/2022\/08\/Meryemana.jpg","width":470,"height":662},{"@type":"BreadcrumbList","@id":"https:\/\/akunq.net\/tr\/?p=69559#breadcrumb","itemListElement":[{"@type":"ListItem","position":1,"name":"Home","item":"https:\/\/akunq.net\/tr"},{"@type":"ListItem","position":2,"name":"Meryem Ana\u2019n\u0131n G\u00f6\u011fe Al\u0131n\u0131\u015f Bayram\u0131 Vesilesi ile \u0130zmir\u2019e Yolculuk"}]},{"@type":"WebSite","@id":"https:\/\/akunq.net\/tr\/#website","url":"https:\/\/akunq.net\/tr\/","name":"Bati Ermenistan Ve Bati Ermenileri Sorunlari Ara\u015ftirmalar Merkezi","description":"","potentialAction":[{"@type":"SearchAction","target":{"@type":"EntryPoint","urlTemplate":"https:\/\/akunq.net\/tr\/?s={search_term_string}"},"query-input":{"@type":"PropertyValueSpecification","valueRequired":true,"valueName":"search_term_string"}}],"inLanguage":"en-US"},{"@type":"Person","@id":"https:\/\/akunq.net\/tr\/#\/schema\/person\/096f1d38a12cce57fb855b485ed24c9e","name":"admin","url":"https:\/\/akunq.net\/tr\/?author=7"}]}},"_links":{"self":[{"href":"https:\/\/akunq.net\/tr\/index.php?rest_route=\/wp\/v2\/posts\/69559","targetHints":{"allow":["GET"]}}],"collection":[{"href":"https:\/\/akunq.net\/tr\/index.php?rest_route=\/wp\/v2\/posts"}],"about":[{"href":"https:\/\/akunq.net\/tr\/index.php?rest_route=\/wp\/v2\/types\/post"}],"author":[{"embeddable":true,"href":"https:\/\/akunq.net\/tr\/index.php?rest_route=\/wp\/v2\/users\/7"}],"replies":[{"embeddable":true,"href":"https:\/\/akunq.net\/tr\/index.php?rest_route=%2Fwp%2Fv2%2Fcomments&post=69559"}],"version-history":[{"count":1,"href":"https:\/\/akunq.net\/tr\/index.php?rest_route=\/wp\/v2\/posts\/69559\/revisions"}],"predecessor-version":[{"id":69561,"href":"https:\/\/akunq.net\/tr\/index.php?rest_route=\/wp\/v2\/posts\/69559\/revisions\/69561"}],"wp:featuredmedia":[{"embeddable":true,"href":"https:\/\/akunq.net\/tr\/index.php?rest_route=\/wp\/v2\/media\/69560"}],"wp:attachment":[{"href":"https:\/\/akunq.net\/tr\/index.php?rest_route=%2Fwp%2Fv2%2Fmedia&parent=69559"}],"wp:term":[{"taxonomy":"category","embeddable":true,"href":"https:\/\/akunq.net\/tr\/index.php?rest_route=%2Fwp%2Fv2%2Fcategories&post=69559"},{"taxonomy":"post_tag","embeddable":true,"href":"https:\/\/akunq.net\/tr\/index.php?rest_route=%2Fwp%2Fv2%2Ftags&post=69559"}],"curies":[{"name":"wp","href":"https:\/\/api.w.org\/{rel}","templated":true}]}}