{"id":69553,"date":"2022-08-05T02:52:29","date_gmt":"2022-08-05T07:52:29","guid":{"rendered":"https:\/\/akunq.net\/tr\/?p=69553"},"modified":"2022-08-05T02:52:29","modified_gmt":"2022-08-05T07:52:29","slug":"balikli-rum-hastanesinde-cikan-yangin-kontrol-altina-alindi","status":"publish","type":"post","link":"https:\/\/akunq.net\/tr\/?p=69553","title":{"rendered":"Bal\u0131kl\u0131 Rum Hastanesi&#8217;nde \u00e7\u0131kan yang\u0131n kontrol alt\u0131na al\u0131nd\u0131"},"content":{"rendered":"<p><img loading=\"lazy\" decoding=\"async\" class=\"aligncenter size-medium wp-image-69554\" src=\"https:\/\/akunq.net\/tr\/wp-content\/uploads\/2022\/08\/Balikli-Rum-Hastanesi-360x204.jpg\" alt=\"\" width=\"360\" height=\"204\" srcset=\"https:\/\/akunq.net\/tr\/wp-content\/uploads\/sites\/6\/2022\/08\/Balikli-Rum-Hastanesi-360x204.jpg 360w, https:\/\/akunq.net\/tr\/wp-content\/uploads\/sites\/6\/2022\/08\/Balikli-Rum-Hastanesi-560x317.jpg 560w, https:\/\/akunq.net\/tr\/wp-content\/uploads\/sites\/6\/2022\/08\/Balikli-Rum-Hastanesi-260x147.jpg 260w, https:\/\/akunq.net\/tr\/wp-content\/uploads\/sites\/6\/2022\/08\/Balikli-Rum-Hastanesi-160x91.jpg 160w, https:\/\/akunq.net\/tr\/wp-content\/uploads\/sites\/6\/2022\/08\/Balikli-Rum-Hastanesi.jpg 660w\" sizes=\"auto, (max-width: 360px) 100vw, 360px\" \/><\/p>\n<p><em><strong>Kazl\u0131\u00e7e\u015fme&#8217;deki Bal\u0131kl\u0131 Rum Hastanesi&#8217;nin ihtiyarhane binalar\u0131ndan birinde \u00f6\u011fle saatlerinde yang\u0131n \u00e7\u0131kt\u0131. Binan\u0131n \u00e7at\u0131s\u0131 tamamen yand\u0131. Herhangi bir can kayb\u0131 ya da yaralanma olmad\u0131. Binada kalan ya\u015fl\u0131 ve hastalar di\u011fer hastanelere sevkedildi.<\/strong><\/em><\/p>\n<p>\u0130stanbul Kazl\u0131\u00e7e\u015fme&#8217;deki Bal\u0131kl\u0131 Rum Hastanesi&#8217;nin ihtiyarhane binas\u0131nda yang\u0131n \u00e7\u0131kt\u0131.<\/p>\n<p>12.30 s\u0131ralar\u0131nda \u00e7\u0131kan yang\u0131nla birlikte alevler h\u0131zla yay\u0131larak \u00e7at\u0131n\u0131n tamam\u0131n\u0131 sard\u0131. Tarihi binadaki yang\u0131n nedeniyle olu\u015fan dumanlar \u0130stanbul&#8217;un pek \u00e7ok il\u00e7esinden g\u00f6r\u00fcld\u00fc.<\/p>\n<p>\u0130hbar \u00fczerine b\u00f6lgeye Bak\u0131rk\u00f6y, Bah\u00e7elievler, Ba\u015fak\u015fehir, Zeytinburnu, Fatih, Ka\u011f\u0131thane, \u015ei\u015fli, Be\u015fikta\u015f ve di\u011fer il\u00e7elerden itfaiye sa\u011fl\u0131k ve polis ekipleri sevk edildi.<\/p>\n<p>Yang\u0131n devam ederken hastalar\u0131n tahliyesi i\u00e7in yo\u011fun \u00e7al\u0131\u015fma ba\u015flat\u0131ld\u0131. Sa\u011fl\u0131k \u00e7al\u0131\u015fanlar\u0131, itfaiye erleri, zab\u0131ta ekipleri ve vatanda\u015flar, ya\u015fl\u0131lar\u0131 sedye ve tekerlekli sandalyelerle hastaneden uzakla\u015ft\u0131rd\u0131.<\/p>\n<p>Binada kalan ya\u015fl\u0131 ve hastalar \u00f6nce hastanenin di\u011fer servislerine ta\u015f\u0131nd\u0131. Yakla\u015f\u0131k 100 hasta daha sonra da yak\u0131ndaki hastanelere tahliye edildiler.<\/p>\n<p>Yang\u0131n yakla\u015f\u0131k\u00a0 iki saat sonra kontrol alt\u0131na al\u0131nd\u0131. Bina \u015fu an kullan\u0131lamaz halde.<\/p>\n<p>\u0130stanbul Valisi Ali Yerlikaya ve \u0130BB Ba\u015fkan\u0131 Ekrem \u0130mamo\u011flu da \u00e7al\u0131\u015fmalar\u0131 incelemek \u00fczere b\u00f6lgeye gitti.<\/p>\n<p>Cumhurba\u015fkan\u0131 Erdo\u011fan, hastanede en k\u0131sa s\u00fcrede onar\u0131m \u00e7al\u0131\u015fmalar\u0131na ba\u015flanaca\u011f\u0131n\u0131 a\u00e7\u0131klad\u0131.<\/p>\n<p><em><strong>https:\/\/www.agos.com.tr\/tr\/yazi\/27349\/balikli-rum-hastanesi-nde-cikan-yangin-kontrol-altina-alindi\u00a0<\/strong><\/em><\/p>\n","protected":false},"excerpt":{"rendered":"<p>Kazl\u0131\u00e7e\u015fme&#8217;deki Bal\u0131kl\u0131 Rum Hastanesi&#8217;nin ihtiyarhane binalar\u0131ndan birinde \u00f6\u011fle saatlerinde yang\u0131n \u00e7\u0131kt\u0131. Binan\u0131n \u00e7at\u0131s\u0131 tamamen yand\u0131. Herhangi bir can kayb\u0131 ya da yaralanma olmad\u0131. Binada kalan ya\u015fl\u0131 ve hastalar di\u011fer hastanelere sevkedildi. \u0130stanbul Kazl\u0131\u00e7e\u015fme&#8217;deki Bal\u0131kl\u0131 Rum Hastanesi&#8217;nin ihtiyarhane binas\u0131nda yang\u0131n \u00e7\u0131kt\u0131. 12.30 s\u0131ralar\u0131nda \u00e7\u0131kan yang\u0131nla birlikte alevler h\u0131zla yay\u0131larak \u00e7at\u0131n\u0131n tamam\u0131n\u0131 sard\u0131. Tarihi binadaki yang\u0131n nedeniyle [&hellip;]<\/p>\n","protected":false},"author":7,"featured_media":69554,"comment_status":"open","ping_status":"open","sticky":false,"template":"","format":"standard","meta":{"footnotes":""},"categories":[1],"tags":[],"class_list":["post-69553","post","type-post","status-publish","format-standard","has-post-thumbnail","hentry","category-haberler"],"yoast_head":"<!-- This site is optimized with the Yoast SEO plugin v27.4 - https:\/\/yoast.com\/product\/yoast-seo-wordpress\/ -->\n<title>Bal\u0131kl\u0131 Rum Hastanesi&#039;nde \u00e7\u0131kan yang\u0131n kontrol alt\u0131na al\u0131nd\u0131 - Bati Ermenistan Ve Bati Ermenileri Sorunlari Ara\u015ftirmalar Merkezi<\/title>\n<meta name=\"robots\" content=\"index, follow, max-snippet:-1, max-image-preview:large, max-video-preview:-1\" \/>\n<link rel=\"canonical\" href=\"https:\/\/akunq.net\/tr\/?p=69553\" \/>\n<meta property=\"og:locale\" content=\"en_US\" \/>\n<meta property=\"og:type\" content=\"article\" \/>\n<meta property=\"og:title\" content=\"Bal\u0131kl\u0131 Rum Hastanesi&#039;nde \u00e7\u0131kan yang\u0131n kontrol alt\u0131na al\u0131nd\u0131 - Bati Ermenistan Ve Bati Ermenileri Sorunlari Ara\u015ftirmalar Merkezi\" \/>\n<meta property=\"og:description\" content=\"Kazl\u0131\u00e7e\u015fme&#8217;deki Bal\u0131kl\u0131 Rum Hastanesi&#8217;nin ihtiyarhane binalar\u0131ndan birinde \u00f6\u011fle saatlerinde yang\u0131n \u00e7\u0131kt\u0131. Binan\u0131n \u00e7at\u0131s\u0131 tamamen yand\u0131. Herhangi bir can kayb\u0131 ya da yaralanma olmad\u0131. Binada kalan ya\u015fl\u0131 ve hastalar di\u011fer hastanelere sevkedildi. \u0130stanbul Kazl\u0131\u00e7e\u015fme&#8217;deki Bal\u0131kl\u0131 Rum Hastanesi&#8217;nin ihtiyarhane binas\u0131nda yang\u0131n \u00e7\u0131kt\u0131. 12.30 s\u0131ralar\u0131nda \u00e7\u0131kan yang\u0131nla birlikte alevler h\u0131zla yay\u0131larak \u00e7at\u0131n\u0131n tamam\u0131n\u0131 sard\u0131. Tarihi binadaki yang\u0131n nedeniyle [&hellip;]\" \/>\n<meta property=\"og:url\" content=\"https:\/\/akunq.net\/tr\/?p=69553\" \/>\n<meta property=\"og:site_name\" content=\"Bati Ermenistan Ve Bati Ermenileri Sorunlari Ara\u015ftirmalar Merkezi\" \/>\n<meta property=\"article:published_time\" content=\"2022-08-05T07:52:29+00:00\" \/>\n<meta property=\"og:image\" content=\"https:\/\/akunq.net\/tr\/wp-content\/uploads\/sites\/6\/2022\/08\/Balikli-Rum-Hastanesi.jpg\" \/>\n\t<meta property=\"og:image:width\" content=\"660\" \/>\n\t<meta property=\"og:image:height\" content=\"374\" \/>\n\t<meta property=\"og:image:type\" content=\"image\/jpeg\" \/>\n<meta name=\"author\" content=\"admin\" \/>\n<meta name=\"twitter:card\" content=\"summary_large_image\" \/>\n<meta name=\"twitter:label1\" content=\"Written by\" \/>\n\t<meta name=\"twitter:data1\" content=\"admin\" \/>\n\t<meta name=\"twitter:label2\" content=\"Est. reading time\" \/>\n\t<meta name=\"twitter:data2\" content=\"1 minute\" \/>\n<script type=\"application\/ld+json\" class=\"yoast-schema-graph\">{\"@context\":\"https:\\\/\\\/schema.org\",\"@graph\":[{\"@type\":\"Article\",\"@id\":\"https:\\\/\\\/akunq.net\\\/tr\\\/?p=69553#article\",\"isPartOf\":{\"@id\":\"https:\\\/\\\/akunq.net\\\/tr\\\/?p=69553\"},\"author\":{\"name\":\"admin\",\"@id\":\"https:\\\/\\\/akunq.net\\\/tr\\\/#\\\/schema\\\/person\\\/096f1d38a12cce57fb855b485ed24c9e\"},\"headline\":\"Bal\u0131kl\u0131 Rum Hastanesi&#8217;nde \u00e7\u0131kan yang\u0131n kontrol alt\u0131na al\u0131nd\u0131\",\"datePublished\":\"2022-08-05T07:52:29+00:00\",\"mainEntityOfPage\":{\"@id\":\"https:\\\/\\\/akunq.net\\\/tr\\\/?p=69553\"},\"wordCount\":263,\"commentCount\":0,\"image\":{\"@id\":\"https:\\\/\\\/akunq.net\\\/tr\\\/?p=69553#primaryimage\"},\"thumbnailUrl\":\"https:\\\/\\\/akunq.net\\\/tr\\\/wp-content\\\/uploads\\\/sites\\\/6\\\/2022\\\/08\\\/Balikli-Rum-Hastanesi.jpg\",\"articleSection\":[\"Haberler\"],\"inLanguage\":\"en-US\",\"potentialAction\":[{\"@type\":\"CommentAction\",\"name\":\"Comment\",\"target\":[\"https:\\\/\\\/akunq.net\\\/tr\\\/?p=69553#respond\"]}]},{\"@type\":\"WebPage\",\"@id\":\"https:\\\/\\\/akunq.net\\\/tr\\\/?p=69553\",\"url\":\"https:\\\/\\\/akunq.net\\\/tr\\\/?p=69553\",\"name\":\"Bal\u0131kl\u0131 Rum Hastanesi'nde \u00e7\u0131kan yang\u0131n kontrol alt\u0131na al\u0131nd\u0131 - Bati Ermenistan Ve Bati Ermenileri Sorunlari Ara\u015ftirmalar Merkezi\",\"isPartOf\":{\"@id\":\"https:\\\/\\\/akunq.net\\\/tr\\\/#website\"},\"primaryImageOfPage\":{\"@id\":\"https:\\\/\\\/akunq.net\\\/tr\\\/?p=69553#primaryimage\"},\"image\":{\"@id\":\"https:\\\/\\\/akunq.net\\\/tr\\\/?p=69553#primaryimage\"},\"thumbnailUrl\":\"https:\\\/\\\/akunq.net\\\/tr\\\/wp-content\\\/uploads\\\/sites\\\/6\\\/2022\\\/08\\\/Balikli-Rum-Hastanesi.jpg\",\"datePublished\":\"2022-08-05T07:52:29+00:00\",\"author\":{\"@id\":\"https:\\\/\\\/akunq.net\\\/tr\\\/#\\\/schema\\\/person\\\/096f1d38a12cce57fb855b485ed24c9e\"},\"breadcrumb\":{\"@id\":\"https:\\\/\\\/akunq.net\\\/tr\\\/?p=69553#breadcrumb\"},\"inLanguage\":\"en-US\",\"potentialAction\":[{\"@type\":\"ReadAction\",\"target\":[\"https:\\\/\\\/akunq.net\\\/tr\\\/?p=69553\"]}]},{\"@type\":\"ImageObject\",\"inLanguage\":\"en-US\",\"@id\":\"https:\\\/\\\/akunq.net\\\/tr\\\/?p=69553#primaryimage\",\"url\":\"https:\\\/\\\/akunq.net\\\/tr\\\/wp-content\\\/uploads\\\/sites\\\/6\\\/2022\\\/08\\\/Balikli-Rum-Hastanesi.jpg\",\"contentUrl\":\"https:\\\/\\\/akunq.net\\\/tr\\\/wp-content\\\/uploads\\\/sites\\\/6\\\/2022\\\/08\\\/Balikli-Rum-Hastanesi.jpg\",\"width\":660,\"height\":374},{\"@type\":\"BreadcrumbList\",\"@id\":\"https:\\\/\\\/akunq.net\\\/tr\\\/?p=69553#breadcrumb\",\"itemListElement\":[{\"@type\":\"ListItem\",\"position\":1,\"name\":\"Home\",\"item\":\"https:\\\/\\\/akunq.net\\\/tr\"},{\"@type\":\"ListItem\",\"position\":2,\"name\":\"Bal\u0131kl\u0131 Rum Hastanesi&#8217;nde \u00e7\u0131kan yang\u0131n kontrol alt\u0131na al\u0131nd\u0131\"}]},{\"@type\":\"WebSite\",\"@id\":\"https:\\\/\\\/akunq.net\\\/tr\\\/#website\",\"url\":\"https:\\\/\\\/akunq.net\\\/tr\\\/\",\"name\":\"Bati Ermenistan Ve Bati Ermenileri Sorunlari Ara\u015ftirmalar Merkezi\",\"description\":\"\",\"potentialAction\":[{\"@type\":\"SearchAction\",\"target\":{\"@type\":\"EntryPoint\",\"urlTemplate\":\"https:\\\/\\\/akunq.net\\\/tr\\\/?s={search_term_string}\"},\"query-input\":{\"@type\":\"PropertyValueSpecification\",\"valueRequired\":true,\"valueName\":\"search_term_string\"}}],\"inLanguage\":\"en-US\"},{\"@type\":\"Person\",\"@id\":\"https:\\\/\\\/akunq.net\\\/tr\\\/#\\\/schema\\\/person\\\/096f1d38a12cce57fb855b485ed24c9e\",\"name\":\"admin\",\"url\":\"https:\\\/\\\/akunq.net\\\/tr\\\/?author=7\"}]}<\/script>\n<!-- \/ Yoast SEO plugin. -->","yoast_head_json":{"title":"Bal\u0131kl\u0131 Rum Hastanesi'nde \u00e7\u0131kan yang\u0131n kontrol alt\u0131na al\u0131nd\u0131 - Bati Ermenistan Ve Bati Ermenileri Sorunlari Ara\u015ftirmalar Merkezi","robots":{"index":"index","follow":"follow","max-snippet":"max-snippet:-1","max-image-preview":"max-image-preview:large","max-video-preview":"max-video-preview:-1"},"canonical":"https:\/\/akunq.net\/tr\/?p=69553","og_locale":"en_US","og_type":"article","og_title":"Bal\u0131kl\u0131 Rum Hastanesi'nde \u00e7\u0131kan yang\u0131n kontrol alt\u0131na al\u0131nd\u0131 - Bati Ermenistan Ve Bati Ermenileri Sorunlari Ara\u015ftirmalar Merkezi","og_description":"Kazl\u0131\u00e7e\u015fme&#8217;deki Bal\u0131kl\u0131 Rum Hastanesi&#8217;nin ihtiyarhane binalar\u0131ndan birinde \u00f6\u011fle saatlerinde yang\u0131n \u00e7\u0131kt\u0131. Binan\u0131n \u00e7at\u0131s\u0131 tamamen yand\u0131. Herhangi bir can kayb\u0131 ya da yaralanma olmad\u0131. Binada kalan ya\u015fl\u0131 ve hastalar di\u011fer hastanelere sevkedildi. \u0130stanbul Kazl\u0131\u00e7e\u015fme&#8217;deki Bal\u0131kl\u0131 Rum Hastanesi&#8217;nin ihtiyarhane binas\u0131nda yang\u0131n \u00e7\u0131kt\u0131. 12.30 s\u0131ralar\u0131nda \u00e7\u0131kan yang\u0131nla birlikte alevler h\u0131zla yay\u0131larak \u00e7at\u0131n\u0131n tamam\u0131n\u0131 sard\u0131. Tarihi binadaki yang\u0131n nedeniyle [&hellip;]","og_url":"https:\/\/akunq.net\/tr\/?p=69553","og_site_name":"Bati Ermenistan Ve Bati Ermenileri Sorunlari Ara\u015ftirmalar Merkezi","article_published_time":"2022-08-05T07:52:29+00:00","og_image":[{"width":660,"height":374,"url":"https:\/\/akunq.net\/tr\/wp-content\/uploads\/sites\/6\/2022\/08\/Balikli-Rum-Hastanesi.jpg","type":"image\/jpeg"}],"author":"admin","twitter_card":"summary_large_image","twitter_misc":{"Written by":"admin","Est. reading time":"1 minute"},"schema":{"@context":"https:\/\/schema.org","@graph":[{"@type":"Article","@id":"https:\/\/akunq.net\/tr\/?p=69553#article","isPartOf":{"@id":"https:\/\/akunq.net\/tr\/?p=69553"},"author":{"name":"admin","@id":"https:\/\/akunq.net\/tr\/#\/schema\/person\/096f1d38a12cce57fb855b485ed24c9e"},"headline":"Bal\u0131kl\u0131 Rum Hastanesi&#8217;nde \u00e7\u0131kan yang\u0131n kontrol alt\u0131na al\u0131nd\u0131","datePublished":"2022-08-05T07:52:29+00:00","mainEntityOfPage":{"@id":"https:\/\/akunq.net\/tr\/?p=69553"},"wordCount":263,"commentCount":0,"image":{"@id":"https:\/\/akunq.net\/tr\/?p=69553#primaryimage"},"thumbnailUrl":"https:\/\/akunq.net\/tr\/wp-content\/uploads\/sites\/6\/2022\/08\/Balikli-Rum-Hastanesi.jpg","articleSection":["Haberler"],"inLanguage":"en-US","potentialAction":[{"@type":"CommentAction","name":"Comment","target":["https:\/\/akunq.net\/tr\/?p=69553#respond"]}]},{"@type":"WebPage","@id":"https:\/\/akunq.net\/tr\/?p=69553","url":"https:\/\/akunq.net\/tr\/?p=69553","name":"Bal\u0131kl\u0131 Rum Hastanesi'nde \u00e7\u0131kan yang\u0131n kontrol alt\u0131na al\u0131nd\u0131 - Bati Ermenistan Ve Bati Ermenileri Sorunlari Ara\u015ftirmalar Merkezi","isPartOf":{"@id":"https:\/\/akunq.net\/tr\/#website"},"primaryImageOfPage":{"@id":"https:\/\/akunq.net\/tr\/?p=69553#primaryimage"},"image":{"@id":"https:\/\/akunq.net\/tr\/?p=69553#primaryimage"},"thumbnailUrl":"https:\/\/akunq.net\/tr\/wp-content\/uploads\/sites\/6\/2022\/08\/Balikli-Rum-Hastanesi.jpg","datePublished":"2022-08-05T07:52:29+00:00","author":{"@id":"https:\/\/akunq.net\/tr\/#\/schema\/person\/096f1d38a12cce57fb855b485ed24c9e"},"breadcrumb":{"@id":"https:\/\/akunq.net\/tr\/?p=69553#breadcrumb"},"inLanguage":"en-US","potentialAction":[{"@type":"ReadAction","target":["https:\/\/akunq.net\/tr\/?p=69553"]}]},{"@type":"ImageObject","inLanguage":"en-US","@id":"https:\/\/akunq.net\/tr\/?p=69553#primaryimage","url":"https:\/\/akunq.net\/tr\/wp-content\/uploads\/sites\/6\/2022\/08\/Balikli-Rum-Hastanesi.jpg","contentUrl":"https:\/\/akunq.net\/tr\/wp-content\/uploads\/sites\/6\/2022\/08\/Balikli-Rum-Hastanesi.jpg","width":660,"height":374},{"@type":"BreadcrumbList","@id":"https:\/\/akunq.net\/tr\/?p=69553#breadcrumb","itemListElement":[{"@type":"ListItem","position":1,"name":"Home","item":"https:\/\/akunq.net\/tr"},{"@type":"ListItem","position":2,"name":"Bal\u0131kl\u0131 Rum Hastanesi&#8217;nde \u00e7\u0131kan yang\u0131n kontrol alt\u0131na al\u0131nd\u0131"}]},{"@type":"WebSite","@id":"https:\/\/akunq.net\/tr\/#website","url":"https:\/\/akunq.net\/tr\/","name":"Bati Ermenistan Ve Bati Ermenileri Sorunlari Ara\u015ftirmalar Merkezi","description":"","potentialAction":[{"@type":"SearchAction","target":{"@type":"EntryPoint","urlTemplate":"https:\/\/akunq.net\/tr\/?s={search_term_string}"},"query-input":{"@type":"PropertyValueSpecification","valueRequired":true,"valueName":"search_term_string"}}],"inLanguage":"en-US"},{"@type":"Person","@id":"https:\/\/akunq.net\/tr\/#\/schema\/person\/096f1d38a12cce57fb855b485ed24c9e","name":"admin","url":"https:\/\/akunq.net\/tr\/?author=7"}]}},"_links":{"self":[{"href":"https:\/\/akunq.net\/tr\/index.php?rest_route=\/wp\/v2\/posts\/69553","targetHints":{"allow":["GET"]}}],"collection":[{"href":"https:\/\/akunq.net\/tr\/index.php?rest_route=\/wp\/v2\/posts"}],"about":[{"href":"https:\/\/akunq.net\/tr\/index.php?rest_route=\/wp\/v2\/types\/post"}],"author":[{"embeddable":true,"href":"https:\/\/akunq.net\/tr\/index.php?rest_route=\/wp\/v2\/users\/7"}],"replies":[{"embeddable":true,"href":"https:\/\/akunq.net\/tr\/index.php?rest_route=%2Fwp%2Fv2%2Fcomments&post=69553"}],"version-history":[{"count":1,"href":"https:\/\/akunq.net\/tr\/index.php?rest_route=\/wp\/v2\/posts\/69553\/revisions"}],"predecessor-version":[{"id":69555,"href":"https:\/\/akunq.net\/tr\/index.php?rest_route=\/wp\/v2\/posts\/69553\/revisions\/69555"}],"wp:featuredmedia":[{"embeddable":true,"href":"https:\/\/akunq.net\/tr\/index.php?rest_route=\/wp\/v2\/media\/69554"}],"wp:attachment":[{"href":"https:\/\/akunq.net\/tr\/index.php?rest_route=%2Fwp%2Fv2%2Fmedia&parent=69553"}],"wp:term":[{"taxonomy":"category","embeddable":true,"href":"https:\/\/akunq.net\/tr\/index.php?rest_route=%2Fwp%2Fv2%2Fcategories&post=69553"},{"taxonomy":"post_tag","embeddable":true,"href":"https:\/\/akunq.net\/tr\/index.php?rest_route=%2Fwp%2Fv2%2Ftags&post=69553"}],"curies":[{"name":"wp","href":"https:\/\/api.w.org\/{rel}","templated":true}]}}