{"id":69546,"date":"2022-08-04T01:14:48","date_gmt":"2022-08-04T06:14:48","guid":{"rendered":"https:\/\/akunq.net\/tr\/?p=69546"},"modified":"2022-08-04T01:14:48","modified_gmt":"2022-08-04T06:14:48","slug":"ermenistan-uluslararasi-toplumu-azerbaycanin-saldirgan-tutum-ve-eylemlerini-durdurmak-icin-onlem-almaya-cagiriyor","status":"publish","type":"post","link":"https:\/\/akunq.net\/tr\/?p=69546","title":{"rendered":"Ermenistan, uluslararas\u0131 toplumu Azerbaycan&#8217;\u0131n sald\u0131rgan tutum ve eylemlerini durdurmak i\u00e7in \u00f6nlem almaya \u00e7a\u011f\u0131r\u0131yor"},"content":{"rendered":"<p><img loading=\"lazy\" decoding=\"async\" class=\"aligncenter size-medium wp-image-69547\" src=\"https:\/\/akunq.net\/tr\/wp-content\/uploads\/2022\/08\/Ermenistan-Disisleri-Bakanligi-360x242.jpg\" alt=\"\" width=\"360\" height=\"242\" srcset=\"https:\/\/akunq.net\/tr\/wp-content\/uploads\/sites\/6\/2022\/08\/Ermenistan-Disisleri-Bakanligi-360x242.jpg 360w, https:\/\/akunq.net\/tr\/wp-content\/uploads\/sites\/6\/2022\/08\/Ermenistan-Disisleri-Bakanligi-560x376.jpg 560w, https:\/\/akunq.net\/tr\/wp-content\/uploads\/sites\/6\/2022\/08\/Ermenistan-Disisleri-Bakanligi-260x175.jpg 260w, https:\/\/akunq.net\/tr\/wp-content\/uploads\/sites\/6\/2022\/08\/Ermenistan-Disisleri-Bakanligi-160x107.jpg 160w, https:\/\/akunq.net\/tr\/wp-content\/uploads\/sites\/6\/2022\/08\/Ermenistan-Disisleri-Bakanligi.jpg 670w\" sizes=\"auto, (max-width: 360px) 100vw, 360px\" \/><\/p>\n<p class=\"has-text-align-justify\"><em><strong>Ermenistan D\u0131\u015fi\u015fleri Bakanl\u0131\u011f\u0131, Azerbaycan&#8217;\u0131n Artsakh&#8217;a (Da\u011fl\u0131k Karaba\u011f) kar\u015f\u0131 ba\u015flatt\u0131\u011f\u0131 yeni sald\u0131r\u0131y\u0131 k\u0131nad\u0131.<\/strong><\/em><\/p>\n<p class=\"has-text-align-justify\">Ermenistan, b\u00f6lgede bar\u0131\u015f ve istikrar\u0131n sa\u011flanmas\u0131 g\u00fcndemine olan ba\u011fl\u0131l\u0131\u011f\u0131n\u0131 bir kez daha teyit ederek, uluslararas\u0131 toplumu Azerbaycan&#8217;\u0131n sald\u0131rgan tutum ve eylemlerini durdurmak i\u00e7in \u00f6nlemler almaya ve gerekli uluslararas\u0131 mekanizmalar\u0131 uygulamaya \u00e7a\u011f\u0131r\u0131r.<\/p>\n<p>Bakanl\u0131\u011f\u0131n yapt\u0131\u011f\u0131 yaz\u0131l\u0131 a\u00e7\u0131klama \u015f\u00f6yle:<\/p>\n<p class=\"has-text-align-justify\">&#8220;3 A\u011fustos&#8217;ta Azerbaycan silahl\u0131 kuvvetleri, Ermenistan, Rusya ve Azerbaycan liderlerinin Da\u011fl\u0131k Karaba\u011f ihtilaf b\u00f6lgesinde ate\u015fkese ili\u015fkin 9 Kas\u0131m 2020 tarihli \u00fc\u00e7l\u00fc a\u00e7\u0131klamas\u0131n\u0131 bir kez daha ihlal ederek, Rus bar\u0131\u015f\u0131 koruma birliklerinin sorumluluk alan\u0131nda sald\u0131r\u0131 ger\u00e7ekle\u015ftirdiler ver bunun sonucunda \u015fehitler ve yaral\u0131lar oldu.<\/p>\n<p class=\"has-text-align-justify\">Ermeni taraf\u0131n\u0131n b\u00f6lgede istikrar ve bar\u0131\u015f\u0131 sa\u011flamak i\u00e7in att\u0131\u011f\u0131 ad\u0131mlara ra\u011fmen, Azerbaycan, Da\u011fl\u0131k Karaba\u011f n\u00fcfusunu ter\u00f6rize etme, Da\u011fl\u0131k Karaba\u011f&#8217;\u0131 etnik temizli\u011fe maruz b\u0131rakma ve Da\u011fl\u0131k Karaba\u011f&#8217;\u0131n planl\u0131 i\u015fgal politikas\u0131n\u0131 s\u00fcrd\u00fcr\u00fcyor.<\/p>\n<p class=\"has-text-align-justify\">Bu t\u00fcr sald\u0131rganl\u0131k ve ate\u015fkes ihlali vakalar\u0131n\u0131n, Azerbaycan silahl\u0131 kuvvetlerinin bu y\u0131l 24 Mart&#8217;ta Parukh k\u00f6y\u00fc y\u00f6n\u00fcnde yasa d\u0131\u015f\u0131 ilerlemesini, 11 Aral\u0131k 2020&#8217;de Khtsaberd ve Hin Tagher k\u00f6ylerine y\u00f6nelik sald\u0131r\u0131 oldu\u011funu hat\u0131rlatal\u0131m. Ayr\u0131ca bunlar Rus bar\u0131\u015f g\u00fcc\u00fc birliklerinin Da\u011fl\u0131k Karaba\u011f&#8217;da sorumluluk alan\u0131nda bulunuyor.<\/p>\n<p class=\"has-text-align-justify\">Azerbaycan taraf\u0131n\u0131n, \u00fc\u00e7l\u00fc a\u00e7\u0131klaman\u0131n 6. maddesinde tan\u0131mlanan La\u00e7in Koridoru&#8217;ndaki yasal rejimi tek tarafl\u0131 olarak de\u011fi\u015ftirme giri\u015fiminde bulundu\u011fu a\u00e7\u0131klamalar\u0131n\u0131 kabul edilemez buluyor ve La\u00e7in Koridoru&#8217;ndan ge\u00e7en g\u00fczergah\u0131n ancak beyannameyi imzalayan taraflarca onaylanan plana g\u00f6re de\u011fi\u015ftirilebilece\u011fini teyit ediyoruz.<\/p>\n<p class=\"has-text-align-justify\">Bug\u00fcne kadar \u00fc\u00e7l\u00fc formatta onaylanm\u0131\u015f b\u00f6yle bir plan\u0131n olmad\u0131\u011f\u0131n\u0131 vurguluyor ve \u00fc\u00e7l\u00fc a\u00e7\u0131klaman\u0131n t\u00fcm taraflar\u0131n\u0131 taahh\u00fctlerine ba\u011fl\u0131 kalmaya, ate\u015fkes rejiminin sa\u011flanmas\u0131, b\u00f6lgesel ileti\u015fimin a\u00e7\u0131lmas\u0131, sava\u015f esirlerinin serbest b\u0131rak\u0131lmas\u0131, rehinelerin, di\u011fer tutuklular\u0131n geri d\u00f6n\u00fc\u015f\u00fc de dahil olmak \u00fczere 9 Kas\u0131m a\u00e7\u0131klamas\u0131 ile belirlenen ko\u015fullar\u0131n uygulanmas\u0131 i\u00e7in acil \u00e7aba g\u00f6stermeye \u00e7a\u011f\u0131r\u0131yoruz.<\/p>\n<p class=\"has-text-align-justify\">Ermenistan&#8217;\u0131n t\u00fcm y\u00fck\u00fcml\u00fcl\u00fcklerini yerine getirdi\u011fini bir kez daha kaydetmeyi gerekli g\u00f6r\u00fcyoruz. 9 Kas\u0131m tarihli \u00fc\u00e7l\u00fc a\u00e7\u0131klaman\u0131n baz\u0131 maddelerinin uygulanmamas\u0131n\u0131n nedeni, Azerbaycan&#8217;\u0131n bunlar\u0131 keyfi olarak yorumlamas\u0131, sald\u0131rgan s\u00f6ylem ve eylemlerinin devam etmesidir.<\/p>\n<p class=\"has-text-align-justify\">Ermenistan Cumhuriyeti, b\u00f6lgede bar\u0131\u015f ve istikrar\u0131n sa\u011flanmas\u0131 g\u00fcndemine olan ba\u011fl\u0131l\u0131\u011f\u0131n\u0131 bir kez daha teyit ederek, uluslararas\u0131 toplumu Azerbaycan&#8217;\u0131n sald\u0131rgan tutum ve eylemlerini durdurmak i\u00e7in \u00f6nlemler almaya ve bunun i\u00e7in gerekli uluslararas\u0131 mekanizmalar\u0131 ba\u015flatmaya \u00e7a\u011f\u0131r\u0131yor.&#8221;<\/p>\n<p><em><strong>https:\/\/armenpress.am\/tur\/news\/1089592.html\u00a0<\/strong><\/em><\/p>\n","protected":false},"excerpt":{"rendered":"<p>Ermenistan D\u0131\u015fi\u015fleri Bakanl\u0131\u011f\u0131, Azerbaycan&#8217;\u0131n Artsakh&#8217;a (Da\u011fl\u0131k Karaba\u011f) kar\u015f\u0131 ba\u015flatt\u0131\u011f\u0131 yeni sald\u0131r\u0131y\u0131 k\u0131nad\u0131. Ermenistan, b\u00f6lgede bar\u0131\u015f ve istikrar\u0131n sa\u011flanmas\u0131 g\u00fcndemine olan ba\u011fl\u0131l\u0131\u011f\u0131n\u0131 bir kez daha teyit ederek, uluslararas\u0131 toplumu Azerbaycan&#8217;\u0131n sald\u0131rgan tutum ve eylemlerini durdurmak i\u00e7in \u00f6nlemler almaya ve gerekli uluslararas\u0131 mekanizmalar\u0131 uygulamaya \u00e7a\u011f\u0131r\u0131r. Bakanl\u0131\u011f\u0131n yapt\u0131\u011f\u0131 yaz\u0131l\u0131 a\u00e7\u0131klama \u015f\u00f6yle: &#8220;3 A\u011fustos&#8217;ta Azerbaycan silahl\u0131 kuvvetleri, Ermenistan, Rusya [&hellip;]<\/p>\n","protected":false},"author":7,"featured_media":69547,"comment_status":"open","ping_status":"open","sticky":false,"template":"","format":"standard","meta":{"footnotes":""},"categories":[1],"tags":[],"class_list":["post-69546","post","type-post","status-publish","format-standard","has-post-thumbnail","hentry","category-haberler"],"yoast_head":"<!-- This site is optimized with the Yoast SEO plugin v27.4 - https:\/\/yoast.com\/product\/yoast-seo-wordpress\/ -->\n<title>Ermenistan, uluslararas\u0131 toplumu Azerbaycan&#039;\u0131n sald\u0131rgan tutum ve eylemlerini durdurmak i\u00e7in \u00f6nlem almaya \u00e7a\u011f\u0131r\u0131yor - Bati Ermenistan Ve Bati Ermenileri Sorunlari Ara\u015ftirmalar Merkezi<\/title>\n<meta name=\"robots\" content=\"index, follow, max-snippet:-1, max-image-preview:large, max-video-preview:-1\" \/>\n<link rel=\"canonical\" href=\"https:\/\/akunq.net\/tr\/?p=69546\" \/>\n<meta property=\"og:locale\" content=\"en_US\" \/>\n<meta property=\"og:type\" content=\"article\" \/>\n<meta property=\"og:title\" content=\"Ermenistan, uluslararas\u0131 toplumu Azerbaycan&#039;\u0131n sald\u0131rgan tutum ve eylemlerini durdurmak i\u00e7in \u00f6nlem almaya \u00e7a\u011f\u0131r\u0131yor - Bati Ermenistan Ve Bati Ermenileri Sorunlari Ara\u015ftirmalar Merkezi\" \/>\n<meta property=\"og:description\" content=\"Ermenistan D\u0131\u015fi\u015fleri Bakanl\u0131\u011f\u0131, Azerbaycan&#8217;\u0131n Artsakh&#8217;a (Da\u011fl\u0131k Karaba\u011f) kar\u015f\u0131 ba\u015flatt\u0131\u011f\u0131 yeni sald\u0131r\u0131y\u0131 k\u0131nad\u0131. Ermenistan, b\u00f6lgede bar\u0131\u015f ve istikrar\u0131n sa\u011flanmas\u0131 g\u00fcndemine olan ba\u011fl\u0131l\u0131\u011f\u0131n\u0131 bir kez daha teyit ederek, uluslararas\u0131 toplumu Azerbaycan&#8217;\u0131n sald\u0131rgan tutum ve eylemlerini durdurmak i\u00e7in \u00f6nlemler almaya ve gerekli uluslararas\u0131 mekanizmalar\u0131 uygulamaya \u00e7a\u011f\u0131r\u0131r. Bakanl\u0131\u011f\u0131n yapt\u0131\u011f\u0131 yaz\u0131l\u0131 a\u00e7\u0131klama \u015f\u00f6yle: &#8220;3 A\u011fustos&#8217;ta Azerbaycan silahl\u0131 kuvvetleri, Ermenistan, Rusya [&hellip;]\" \/>\n<meta property=\"og:url\" content=\"https:\/\/akunq.net\/tr\/?p=69546\" \/>\n<meta property=\"og:site_name\" content=\"Bati Ermenistan Ve Bati Ermenileri Sorunlari Ara\u015ftirmalar Merkezi\" \/>\n<meta property=\"article:published_time\" content=\"2022-08-04T06:14:48+00:00\" \/>\n<meta property=\"og:image\" content=\"https:\/\/akunq.net\/tr\/wp-content\/uploads\/sites\/6\/2022\/08\/Ermenistan-Disisleri-Bakanligi.jpg\" \/>\n\t<meta property=\"og:image:width\" content=\"670\" \/>\n\t<meta property=\"og:image:height\" content=\"450\" \/>\n\t<meta property=\"og:image:type\" content=\"image\/jpeg\" \/>\n<meta name=\"author\" content=\"admin\" \/>\n<meta name=\"twitter:card\" content=\"summary_large_image\" \/>\n<meta name=\"twitter:label1\" content=\"Written by\" \/>\n\t<meta name=\"twitter:data1\" content=\"admin\" \/>\n\t<meta name=\"twitter:label2\" content=\"Est. reading time\" \/>\n\t<meta name=\"twitter:data2\" content=\"2 minutes\" \/>\n<script type=\"application\/ld+json\" class=\"yoast-schema-graph\">{\"@context\":\"https:\\\/\\\/schema.org\",\"@graph\":[{\"@type\":\"Article\",\"@id\":\"https:\\\/\\\/akunq.net\\\/tr\\\/?p=69546#article\",\"isPartOf\":{\"@id\":\"https:\\\/\\\/akunq.net\\\/tr\\\/?p=69546\"},\"author\":{\"name\":\"admin\",\"@id\":\"https:\\\/\\\/akunq.net\\\/tr\\\/#\\\/schema\\\/person\\\/096f1d38a12cce57fb855b485ed24c9e\"},\"headline\":\"Ermenistan, uluslararas\u0131 toplumu Azerbaycan&#8217;\u0131n sald\u0131rgan tutum ve eylemlerini durdurmak i\u00e7in \u00f6nlem almaya \u00e7a\u011f\u0131r\u0131yor\",\"datePublished\":\"2022-08-04T06:14:48+00:00\",\"mainEntityOfPage\":{\"@id\":\"https:\\\/\\\/akunq.net\\\/tr\\\/?p=69546\"},\"wordCount\":494,\"commentCount\":0,\"image\":{\"@id\":\"https:\\\/\\\/akunq.net\\\/tr\\\/?p=69546#primaryimage\"},\"thumbnailUrl\":\"https:\\\/\\\/akunq.net\\\/tr\\\/wp-content\\\/uploads\\\/sites\\\/6\\\/2022\\\/08\\\/Ermenistan-Disisleri-Bakanligi.jpg\",\"articleSection\":[\"Haberler\"],\"inLanguage\":\"en-US\",\"potentialAction\":[{\"@type\":\"CommentAction\",\"name\":\"Comment\",\"target\":[\"https:\\\/\\\/akunq.net\\\/tr\\\/?p=69546#respond\"]}]},{\"@type\":\"WebPage\",\"@id\":\"https:\\\/\\\/akunq.net\\\/tr\\\/?p=69546\",\"url\":\"https:\\\/\\\/akunq.net\\\/tr\\\/?p=69546\",\"name\":\"Ermenistan, uluslararas\u0131 toplumu Azerbaycan'\u0131n sald\u0131rgan tutum ve eylemlerini durdurmak i\u00e7in \u00f6nlem almaya \u00e7a\u011f\u0131r\u0131yor - Bati Ermenistan Ve Bati Ermenileri Sorunlari Ara\u015ftirmalar Merkezi\",\"isPartOf\":{\"@id\":\"https:\\\/\\\/akunq.net\\\/tr\\\/#website\"},\"primaryImageOfPage\":{\"@id\":\"https:\\\/\\\/akunq.net\\\/tr\\\/?p=69546#primaryimage\"},\"image\":{\"@id\":\"https:\\\/\\\/akunq.net\\\/tr\\\/?p=69546#primaryimage\"},\"thumbnailUrl\":\"https:\\\/\\\/akunq.net\\\/tr\\\/wp-content\\\/uploads\\\/sites\\\/6\\\/2022\\\/08\\\/Ermenistan-Disisleri-Bakanligi.jpg\",\"datePublished\":\"2022-08-04T06:14:48+00:00\",\"author\":{\"@id\":\"https:\\\/\\\/akunq.net\\\/tr\\\/#\\\/schema\\\/person\\\/096f1d38a12cce57fb855b485ed24c9e\"},\"breadcrumb\":{\"@id\":\"https:\\\/\\\/akunq.net\\\/tr\\\/?p=69546#breadcrumb\"},\"inLanguage\":\"en-US\",\"potentialAction\":[{\"@type\":\"ReadAction\",\"target\":[\"https:\\\/\\\/akunq.net\\\/tr\\\/?p=69546\"]}]},{\"@type\":\"ImageObject\",\"inLanguage\":\"en-US\",\"@id\":\"https:\\\/\\\/akunq.net\\\/tr\\\/?p=69546#primaryimage\",\"url\":\"https:\\\/\\\/akunq.net\\\/tr\\\/wp-content\\\/uploads\\\/sites\\\/6\\\/2022\\\/08\\\/Ermenistan-Disisleri-Bakanligi.jpg\",\"contentUrl\":\"https:\\\/\\\/akunq.net\\\/tr\\\/wp-content\\\/uploads\\\/sites\\\/6\\\/2022\\\/08\\\/Ermenistan-Disisleri-Bakanligi.jpg\",\"width\":670,\"height\":450},{\"@type\":\"BreadcrumbList\",\"@id\":\"https:\\\/\\\/akunq.net\\\/tr\\\/?p=69546#breadcrumb\",\"itemListElement\":[{\"@type\":\"ListItem\",\"position\":1,\"name\":\"Home\",\"item\":\"https:\\\/\\\/akunq.net\\\/tr\"},{\"@type\":\"ListItem\",\"position\":2,\"name\":\"Ermenistan, uluslararas\u0131 toplumu Azerbaycan&#8217;\u0131n sald\u0131rgan tutum ve eylemlerini durdurmak i\u00e7in \u00f6nlem almaya \u00e7a\u011f\u0131r\u0131yor\"}]},{\"@type\":\"WebSite\",\"@id\":\"https:\\\/\\\/akunq.net\\\/tr\\\/#website\",\"url\":\"https:\\\/\\\/akunq.net\\\/tr\\\/\",\"name\":\"Bati Ermenistan Ve Bati Ermenileri Sorunlari Ara\u015ftirmalar Merkezi\",\"description\":\"\",\"potentialAction\":[{\"@type\":\"SearchAction\",\"target\":{\"@type\":\"EntryPoint\",\"urlTemplate\":\"https:\\\/\\\/akunq.net\\\/tr\\\/?s={search_term_string}\"},\"query-input\":{\"@type\":\"PropertyValueSpecification\",\"valueRequired\":true,\"valueName\":\"search_term_string\"}}],\"inLanguage\":\"en-US\"},{\"@type\":\"Person\",\"@id\":\"https:\\\/\\\/akunq.net\\\/tr\\\/#\\\/schema\\\/person\\\/096f1d38a12cce57fb855b485ed24c9e\",\"name\":\"admin\",\"url\":\"https:\\\/\\\/akunq.net\\\/tr\\\/?author=7\"}]}<\/script>\n<!-- \/ Yoast SEO plugin. -->","yoast_head_json":{"title":"Ermenistan, uluslararas\u0131 toplumu Azerbaycan'\u0131n sald\u0131rgan tutum ve eylemlerini durdurmak i\u00e7in \u00f6nlem almaya \u00e7a\u011f\u0131r\u0131yor - Bati Ermenistan Ve Bati Ermenileri Sorunlari Ara\u015ftirmalar Merkezi","robots":{"index":"index","follow":"follow","max-snippet":"max-snippet:-1","max-image-preview":"max-image-preview:large","max-video-preview":"max-video-preview:-1"},"canonical":"https:\/\/akunq.net\/tr\/?p=69546","og_locale":"en_US","og_type":"article","og_title":"Ermenistan, uluslararas\u0131 toplumu Azerbaycan'\u0131n sald\u0131rgan tutum ve eylemlerini durdurmak i\u00e7in \u00f6nlem almaya \u00e7a\u011f\u0131r\u0131yor - Bati Ermenistan Ve Bati Ermenileri Sorunlari Ara\u015ftirmalar Merkezi","og_description":"Ermenistan D\u0131\u015fi\u015fleri Bakanl\u0131\u011f\u0131, Azerbaycan&#8217;\u0131n Artsakh&#8217;a (Da\u011fl\u0131k Karaba\u011f) kar\u015f\u0131 ba\u015flatt\u0131\u011f\u0131 yeni sald\u0131r\u0131y\u0131 k\u0131nad\u0131. Ermenistan, b\u00f6lgede bar\u0131\u015f ve istikrar\u0131n sa\u011flanmas\u0131 g\u00fcndemine olan ba\u011fl\u0131l\u0131\u011f\u0131n\u0131 bir kez daha teyit ederek, uluslararas\u0131 toplumu Azerbaycan&#8217;\u0131n sald\u0131rgan tutum ve eylemlerini durdurmak i\u00e7in \u00f6nlemler almaya ve gerekli uluslararas\u0131 mekanizmalar\u0131 uygulamaya \u00e7a\u011f\u0131r\u0131r. Bakanl\u0131\u011f\u0131n yapt\u0131\u011f\u0131 yaz\u0131l\u0131 a\u00e7\u0131klama \u015f\u00f6yle: &#8220;3 A\u011fustos&#8217;ta Azerbaycan silahl\u0131 kuvvetleri, Ermenistan, Rusya [&hellip;]","og_url":"https:\/\/akunq.net\/tr\/?p=69546","og_site_name":"Bati Ermenistan Ve Bati Ermenileri Sorunlari Ara\u015ftirmalar Merkezi","article_published_time":"2022-08-04T06:14:48+00:00","og_image":[{"width":670,"height":450,"url":"https:\/\/akunq.net\/tr\/wp-content\/uploads\/sites\/6\/2022\/08\/Ermenistan-Disisleri-Bakanligi.jpg","type":"image\/jpeg"}],"author":"admin","twitter_card":"summary_large_image","twitter_misc":{"Written by":"admin","Est. reading time":"2 minutes"},"schema":{"@context":"https:\/\/schema.org","@graph":[{"@type":"Article","@id":"https:\/\/akunq.net\/tr\/?p=69546#article","isPartOf":{"@id":"https:\/\/akunq.net\/tr\/?p=69546"},"author":{"name":"admin","@id":"https:\/\/akunq.net\/tr\/#\/schema\/person\/096f1d38a12cce57fb855b485ed24c9e"},"headline":"Ermenistan, uluslararas\u0131 toplumu Azerbaycan&#8217;\u0131n sald\u0131rgan tutum ve eylemlerini durdurmak i\u00e7in \u00f6nlem almaya \u00e7a\u011f\u0131r\u0131yor","datePublished":"2022-08-04T06:14:48+00:00","mainEntityOfPage":{"@id":"https:\/\/akunq.net\/tr\/?p=69546"},"wordCount":494,"commentCount":0,"image":{"@id":"https:\/\/akunq.net\/tr\/?p=69546#primaryimage"},"thumbnailUrl":"https:\/\/akunq.net\/tr\/wp-content\/uploads\/sites\/6\/2022\/08\/Ermenistan-Disisleri-Bakanligi.jpg","articleSection":["Haberler"],"inLanguage":"en-US","potentialAction":[{"@type":"CommentAction","name":"Comment","target":["https:\/\/akunq.net\/tr\/?p=69546#respond"]}]},{"@type":"WebPage","@id":"https:\/\/akunq.net\/tr\/?p=69546","url":"https:\/\/akunq.net\/tr\/?p=69546","name":"Ermenistan, uluslararas\u0131 toplumu Azerbaycan'\u0131n sald\u0131rgan tutum ve eylemlerini durdurmak i\u00e7in \u00f6nlem almaya \u00e7a\u011f\u0131r\u0131yor - Bati Ermenistan Ve Bati Ermenileri Sorunlari Ara\u015ftirmalar Merkezi","isPartOf":{"@id":"https:\/\/akunq.net\/tr\/#website"},"primaryImageOfPage":{"@id":"https:\/\/akunq.net\/tr\/?p=69546#primaryimage"},"image":{"@id":"https:\/\/akunq.net\/tr\/?p=69546#primaryimage"},"thumbnailUrl":"https:\/\/akunq.net\/tr\/wp-content\/uploads\/sites\/6\/2022\/08\/Ermenistan-Disisleri-Bakanligi.jpg","datePublished":"2022-08-04T06:14:48+00:00","author":{"@id":"https:\/\/akunq.net\/tr\/#\/schema\/person\/096f1d38a12cce57fb855b485ed24c9e"},"breadcrumb":{"@id":"https:\/\/akunq.net\/tr\/?p=69546#breadcrumb"},"inLanguage":"en-US","potentialAction":[{"@type":"ReadAction","target":["https:\/\/akunq.net\/tr\/?p=69546"]}]},{"@type":"ImageObject","inLanguage":"en-US","@id":"https:\/\/akunq.net\/tr\/?p=69546#primaryimage","url":"https:\/\/akunq.net\/tr\/wp-content\/uploads\/sites\/6\/2022\/08\/Ermenistan-Disisleri-Bakanligi.jpg","contentUrl":"https:\/\/akunq.net\/tr\/wp-content\/uploads\/sites\/6\/2022\/08\/Ermenistan-Disisleri-Bakanligi.jpg","width":670,"height":450},{"@type":"BreadcrumbList","@id":"https:\/\/akunq.net\/tr\/?p=69546#breadcrumb","itemListElement":[{"@type":"ListItem","position":1,"name":"Home","item":"https:\/\/akunq.net\/tr"},{"@type":"ListItem","position":2,"name":"Ermenistan, uluslararas\u0131 toplumu Azerbaycan&#8217;\u0131n sald\u0131rgan tutum ve eylemlerini durdurmak i\u00e7in \u00f6nlem almaya \u00e7a\u011f\u0131r\u0131yor"}]},{"@type":"WebSite","@id":"https:\/\/akunq.net\/tr\/#website","url":"https:\/\/akunq.net\/tr\/","name":"Bati Ermenistan Ve Bati Ermenileri Sorunlari Ara\u015ftirmalar Merkezi","description":"","potentialAction":[{"@type":"SearchAction","target":{"@type":"EntryPoint","urlTemplate":"https:\/\/akunq.net\/tr\/?s={search_term_string}"},"query-input":{"@type":"PropertyValueSpecification","valueRequired":true,"valueName":"search_term_string"}}],"inLanguage":"en-US"},{"@type":"Person","@id":"https:\/\/akunq.net\/tr\/#\/schema\/person\/096f1d38a12cce57fb855b485ed24c9e","name":"admin","url":"https:\/\/akunq.net\/tr\/?author=7"}]}},"_links":{"self":[{"href":"https:\/\/akunq.net\/tr\/index.php?rest_route=\/wp\/v2\/posts\/69546","targetHints":{"allow":["GET"]}}],"collection":[{"href":"https:\/\/akunq.net\/tr\/index.php?rest_route=\/wp\/v2\/posts"}],"about":[{"href":"https:\/\/akunq.net\/tr\/index.php?rest_route=\/wp\/v2\/types\/post"}],"author":[{"embeddable":true,"href":"https:\/\/akunq.net\/tr\/index.php?rest_route=\/wp\/v2\/users\/7"}],"replies":[{"embeddable":true,"href":"https:\/\/akunq.net\/tr\/index.php?rest_route=%2Fwp%2Fv2%2Fcomments&post=69546"}],"version-history":[{"count":1,"href":"https:\/\/akunq.net\/tr\/index.php?rest_route=\/wp\/v2\/posts\/69546\/revisions"}],"predecessor-version":[{"id":69548,"href":"https:\/\/akunq.net\/tr\/index.php?rest_route=\/wp\/v2\/posts\/69546\/revisions\/69548"}],"wp:featuredmedia":[{"embeddable":true,"href":"https:\/\/akunq.net\/tr\/index.php?rest_route=\/wp\/v2\/media\/69547"}],"wp:attachment":[{"href":"https:\/\/akunq.net\/tr\/index.php?rest_route=%2Fwp%2Fv2%2Fmedia&parent=69546"}],"wp:term":[{"taxonomy":"category","embeddable":true,"href":"https:\/\/akunq.net\/tr\/index.php?rest_route=%2Fwp%2Fv2%2Fcategories&post=69546"},{"taxonomy":"post_tag","embeddable":true,"href":"https:\/\/akunq.net\/tr\/index.php?rest_route=%2Fwp%2Fv2%2Ftags&post=69546"}],"curies":[{"name":"wp","href":"https:\/\/api.w.org\/{rel}","templated":true}]}}