{"id":69539,"date":"2022-08-03T02:37:29","date_gmt":"2022-08-03T07:37:29","guid":{"rendered":"https:\/\/akunq.net\/tr\/?p=69539"},"modified":"2022-08-03T02:39:50","modified_gmt":"2022-08-03T07:39:50","slug":"sivasta-sebastia-akunq-web-sitesi-terk-edilmis-bir-koy-definecilerin-kurbani-oldu","status":"publish","type":"post","link":"https:\/\/akunq.net\/tr\/?p=69539","title":{"rendered":"Sivas\u2019ta (Sebastia-&#8216;Akunq&#8217; web sitesi) Terk Edilmi\u015f Bir K\u00f6y, Definecilerin Kurban\u0131 Oldu"},"content":{"rendered":"<p><img loading=\"lazy\" decoding=\"async\" class=\"aligncenter size-medium wp-image-69540\" src=\"https:\/\/akunq.net\/tr\/wp-content\/uploads\/2022\/08\/\u0539\u0578\u0582\u0580\u0584\u056b\u0561\u0575\u0578\u0582\u0574-\u0563\u0561\u0576\u0571\u0561\u0563\u0578\u0572\u0565\u0580\u0568-360x206.jpg\" alt=\"\" width=\"360\" height=\"206\" srcset=\"https:\/\/akunq.net\/tr\/wp-content\/uploads\/sites\/6\/2022\/08\/\u0539\u0578\u0582\u0580\u0584\u056b\u0561\u0575\u0578\u0582\u0574-\u0563\u0561\u0576\u0571\u0561\u0563\u0578\u0572\u0565\u0580\u0568-360x206.jpg 360w, https:\/\/akunq.net\/tr\/wp-content\/uploads\/sites\/6\/2022\/08\/\u0539\u0578\u0582\u0580\u0584\u056b\u0561\u0575\u0578\u0582\u0574-\u0563\u0561\u0576\u0571\u0561\u0563\u0578\u0572\u0565\u0580\u0568-768x440.jpg 768w, https:\/\/akunq.net\/tr\/wp-content\/uploads\/sites\/6\/2022\/08\/\u0539\u0578\u0582\u0580\u0584\u056b\u0561\u0575\u0578\u0582\u0574-\u0563\u0561\u0576\u0571\u0561\u0563\u0578\u0572\u0565\u0580\u0568-560x321.jpg 560w, https:\/\/akunq.net\/tr\/wp-content\/uploads\/sites\/6\/2022\/08\/\u0539\u0578\u0582\u0580\u0584\u056b\u0561\u0575\u0578\u0582\u0574-\u0563\u0561\u0576\u0571\u0561\u0563\u0578\u0572\u0565\u0580\u0568-260x149.jpg 260w, https:\/\/akunq.net\/tr\/wp-content\/uploads\/sites\/6\/2022\/08\/\u0539\u0578\u0582\u0580\u0584\u056b\u0561\u0575\u0578\u0582\u0574-\u0563\u0561\u0576\u0571\u0561\u0563\u0578\u0572\u0565\u0580\u0568-160x92.jpg 160w, https:\/\/akunq.net\/tr\/wp-content\/uploads\/sites\/6\/2022\/08\/\u0539\u0578\u0582\u0580\u0584\u056b\u0561\u0575\u0578\u0582\u0574-\u0563\u0561\u0576\u0571\u0561\u0563\u0578\u0572\u0565\u0580\u0568.jpg 800w\" sizes=\"auto, (max-width: 360px) 100vw, 360px\" \/><\/p>\n<p><em><strong>Sivas\u2019ta (Sebastia-&#8216;Akunq&#8217; web sitesi) 1980\u2019den sonra terk edilen A\u011f\u0131l k\u00f6y\u00fc, Ermenilerden kalan de\u011ferli e\u015fyalar olabilece\u011fi d\u00fc\u015f\u00fcn\u00fclerek defineciler taraf\u0131ndan talan edildi.<\/strong><\/em><\/p>\n<figure class=\"wp-block-image size-full\"><img loading=\"lazy\" decoding=\"async\" class=\"wp-image-55315\" src=\"https:\/\/arkeofili.com\/wp-content\/uploads\/2022\/08\/agil6.jpg\" sizes=\"auto, (max-width: 800px) 100vw, 800px\" srcset=\"https:\/\/arkeofili.com\/wp-content\/uploads\/2022\/08\/agil6.jpg 800w, https:\/\/arkeofili.com\/wp-content\/uploads\/2022\/08\/agil6-120x80.jpg 120w, https:\/\/arkeofili.com\/wp-content\/uploads\/2022\/08\/agil6-768x513.jpg 768w, https:\/\/arkeofili.com\/wp-content\/uploads\/2022\/08\/agil6-500x334.jpg 500w\" alt=\"\" width=\"800\" height=\"534\" \/><\/figure>\n<p>Merkeze ba\u011fl\u0131 Bar\u00e7\u0131n ile Haciali k\u00f6yleri aras\u0131ndaki A\u011f\u0131l k\u00f6y\u00fc, 1980 y\u0131l\u0131nda b\u00f6lgede ya\u015fanan siyasi olaylar\u0131n da etkisiyle tamamen terk edildi. 1980 \u00f6ncesinde 400 civar\u0131nda insan\u0131n ya\u015fad\u0131\u011f\u0131 yerle\u015fim yeri, zamanla at\u0131l kal\u0131nca k\u00f6y stat\u00fcs\u00fcn\u00fc de kaybetti.<\/p>\n<p>Ge\u00e7mi\u015fte Ermenilerin ya\u015fad\u0131\u011f\u0131 yerle\u015fim yeri olarak bilinen A\u011f\u0131l, \u00f6zellikle bu nedenle definecilerin hedefi hale geldi.<\/p>\n<p>Defineciler, Ermenilerden kalan de\u011ferli e\u015fyalar\u0131n olabilece\u011fini d\u00fc\u015f\u00fcnerek k\u00f6ydeki evlerin bir\u00e7o\u011funu talan etti. Ka\u00e7ak kaz\u0131 yapan defineciler, bir\u00e7ok evin duvarlar\u0131n\u0131 ve tabanlar\u0131n\u0131 k\u0131rarak de\u011ferli e\u015fya arad\u0131.<\/p>\n<figure class=\"wp-block-image size-full\"><img loading=\"lazy\" decoding=\"async\" class=\"wp-image-55314\" src=\"https:\/\/arkeofili.com\/wp-content\/uploads\/2022\/08\/agil0.jpg\" sizes=\"auto, (max-width: 800px) 100vw, 800px\" srcset=\"https:\/\/arkeofili.com\/wp-content\/uploads\/2022\/08\/agil0.jpg 800w, https:\/\/arkeofili.com\/wp-content\/uploads\/2022\/08\/agil0-120x81.jpg 120w, https:\/\/arkeofili.com\/wp-content\/uploads\/2022\/08\/agil0-768x516.jpg 768w, https:\/\/arkeofili.com\/wp-content\/uploads\/2022\/08\/agil0-500x336.jpg 500w\" alt=\"\" width=\"800\" height=\"537\" \/><\/figure>\n<p>Hayalet k\u00f6y\u00fc foto\u011fraflamaya gelen amat\u00f6r foto\u011fraf\u00e7\u0131 G\u00f6khan Karo\u011flu, \u201cTarihe olan merak\u0131mdan memleketim Sivas\u2019\u0131n tarihi yerlerini ara\u015ft\u0131r\u0131p, foto\u011fraflamaya \u00e7al\u0131\u015f\u0131yorum. Terk edilmi\u015f k\u00f6ylerin ara\u015ft\u0131rmas\u0131n\u0131 yaparken; Sivas\u2019ta da b\u00f6yle bir yer oldu\u011funu fark ettim. Merkeze de \u00e7ok yak\u0131n oldu\u011funu g\u00f6rd\u00fcm. Karay\u00fcn ve Hac\u0131 Ali k\u00f6y\u00fc aras\u0131nda hakim bir tepede.\u201d diyor.<\/p>\n<figure class=\"wp-block-image size-full\"><img loading=\"lazy\" decoding=\"async\" class=\"wp-image-55316\" src=\"https:\/\/arkeofili.com\/wp-content\/uploads\/2022\/08\/agil8.jpg\" sizes=\"auto, (max-width: 800px) 100vw, 800px\" srcset=\"https:\/\/arkeofili.com\/wp-content\/uploads\/2022\/08\/agil8.jpg 800w, https:\/\/arkeofili.com\/wp-content\/uploads\/2022\/08\/agil8-120x80.jpg 120w, https:\/\/arkeofili.com\/wp-content\/uploads\/2022\/08\/agil8-768x511.jpg 768w, https:\/\/arkeofili.com\/wp-content\/uploads\/2022\/08\/agil8-500x333.jpg 500w\" alt=\"\" width=\"800\" height=\"532\" \/><\/figure>\n<p>\u201cBu k\u00f6yde cumhuriyet d\u00f6neminden \u00f6nce Ermeniler ya\u015f\u0131yormu\u015f. Ayn\u0131 zamanda \u0130pek Yolu\u2019nun \u00fczerinde bulunan bu k\u00f6y, gelenin ge\u00e7enin u\u011frak yeri olmu\u015f. Ancak 1980 y\u0131llar\u0131nda bo\u015falt\u0131lm\u0131\u015f.\u201d diyor.<\/p>\n<figure class=\"wp-block-image size-full\"><img loading=\"lazy\" decoding=\"async\" class=\"wp-image-55317\" src=\"https:\/\/arkeofili.com\/wp-content\/uploads\/2022\/08\/agil9.jpg\" sizes=\"auto, (max-width: 800px) 100vw, 800px\" srcset=\"https:\/\/arkeofili.com\/wp-content\/uploads\/2022\/08\/agil9.jpg 800w, https:\/\/arkeofili.com\/wp-content\/uploads\/2022\/08\/agil9-120x81.jpg 120w, https:\/\/arkeofili.com\/wp-content\/uploads\/2022\/08\/agil9-768x519.jpg 768w, https:\/\/arkeofili.com\/wp-content\/uploads\/2022\/08\/agil9-500x338.jpg 500w\" alt=\"\" width=\"800\" height=\"541\" \/><\/figure>\n<p>Definecilerin k\u00f6y\u00fc harap etti\u011fini belirten Karo\u011flu, \u201cBiz de merak ettik, geldik ve \u00e7ekimler yapt\u0131k. Bu k\u00f6y tamamen y\u0131\u011fma ta\u015flarla yap\u0131lm\u0131\u015f, \u00e7ok eski yap\u0131lar oldu\u011fu belli. K\u00f6y\u00fcn yan\u0131nda bir dere yata\u011f\u0131 var, \u00e7e\u015fmesi hala ak\u0131yor. A\u015f\u0131r\u0131 derecede defineci tahribat\u0131 olmu\u015f. \u0130n\u015fallah b\u00f6yle bir de\u011feri Sivas Valili\u011fi himayesi alt\u0131na al\u0131r ve de\u011ferlendirir.\u201d diyor.<\/p>\n<p><em><strong>https:\/\/arkeofili.com\/sivasta-terk-edilmis-bir-koy-definecilerin-kurbani-oldu\/\u00a0<\/strong><\/em><\/p>\n","protected":false},"excerpt":{"rendered":"<p>Sivas\u2019ta (Sebastia-&#8216;Akunq&#8217; web sitesi) 1980\u2019den sonra terk edilen A\u011f\u0131l k\u00f6y\u00fc, Ermenilerden kalan de\u011ferli e\u015fyalar olabilece\u011fi d\u00fc\u015f\u00fcn\u00fclerek defineciler taraf\u0131ndan talan edildi. Merkeze ba\u011fl\u0131 Bar\u00e7\u0131n ile Haciali k\u00f6yleri aras\u0131ndaki A\u011f\u0131l k\u00f6y\u00fc, 1980 y\u0131l\u0131nda b\u00f6lgede ya\u015fanan siyasi olaylar\u0131n da etkisiyle tamamen terk edildi. 1980 \u00f6ncesinde 400 civar\u0131nda insan\u0131n ya\u015fad\u0131\u011f\u0131 yerle\u015fim yeri, zamanla at\u0131l kal\u0131nca k\u00f6y stat\u00fcs\u00fcn\u00fc de kaybetti. [&hellip;]<\/p>\n","protected":false},"author":7,"featured_media":69541,"comment_status":"open","ping_status":"open","sticky":false,"template":"","format":"standard","meta":{"footnotes":""},"categories":[22,1],"tags":[],"class_list":["post-69539","post","type-post","status-publish","format-standard","has-post-thumbnail","hentry","category-gunumuzde-bati-ermenistan","category-haberler"],"yoast_head":"<!-- This site is optimized with the Yoast SEO plugin v27.4 - https:\/\/yoast.com\/product\/yoast-seo-wordpress\/ -->\n<title>Sivas\u2019ta (Sebastia-&#039;Akunq&#039; web sitesi) Terk Edilmi\u015f Bir K\u00f6y, Definecilerin Kurban\u0131 Oldu - Bati Ermenistan Ve Bati Ermenileri Sorunlari Ara\u015ftirmalar Merkezi<\/title>\n<meta name=\"robots\" content=\"index, follow, max-snippet:-1, max-image-preview:large, max-video-preview:-1\" \/>\n<link rel=\"canonical\" href=\"https:\/\/akunq.net\/tr\/?p=69539\" \/>\n<meta property=\"og:locale\" content=\"en_US\" \/>\n<meta property=\"og:type\" content=\"article\" \/>\n<meta property=\"og:title\" content=\"Sivas\u2019ta (Sebastia-&#039;Akunq&#039; web sitesi) Terk Edilmi\u015f Bir K\u00f6y, Definecilerin Kurban\u0131 Oldu - Bati Ermenistan Ve Bati Ermenileri Sorunlari Ara\u015ftirmalar Merkezi\" \/>\n<meta property=\"og:description\" content=\"Sivas\u2019ta (Sebastia-&#8216;Akunq&#8217; web sitesi) 1980\u2019den sonra terk edilen A\u011f\u0131l k\u00f6y\u00fc, Ermenilerden kalan de\u011ferli e\u015fyalar olabilece\u011fi d\u00fc\u015f\u00fcn\u00fclerek defineciler taraf\u0131ndan talan edildi. Merkeze ba\u011fl\u0131 Bar\u00e7\u0131n ile Haciali k\u00f6yleri aras\u0131ndaki A\u011f\u0131l k\u00f6y\u00fc, 1980 y\u0131l\u0131nda b\u00f6lgede ya\u015fanan siyasi olaylar\u0131n da etkisiyle tamamen terk edildi. 1980 \u00f6ncesinde 400 civar\u0131nda insan\u0131n ya\u015fad\u0131\u011f\u0131 yerle\u015fim yeri, zamanla at\u0131l kal\u0131nca k\u00f6y stat\u00fcs\u00fcn\u00fc de kaybetti. [&hellip;]\" \/>\n<meta property=\"og:url\" content=\"https:\/\/akunq.net\/tr\/?p=69539\" \/>\n<meta property=\"og:site_name\" content=\"Bati Ermenistan Ve Bati Ermenileri Sorunlari Ara\u015ftirmalar Merkezi\" \/>\n<meta property=\"article:published_time\" content=\"2022-08-03T07:37:29+00:00\" \/>\n<meta property=\"article:modified_time\" content=\"2022-08-03T07:39:50+00:00\" \/>\n<meta property=\"og:image\" content=\"https:\/\/akunq.net\/tr\/wp-content\/uploads\/sites\/6\/2022\/08\/\u0539\u0578\u0582\u0580\u0584\u056b\u0561\u0575\u0578\u0582\u0574-\u0563\u0561\u0576\u0571\u0561\u0563\u0578\u0572\u0565\u0580\u0568-1.jpg\" \/>\n\t<meta property=\"og:image:width\" content=\"800\" \/>\n\t<meta property=\"og:image:height\" content=\"458\" \/>\n\t<meta property=\"og:image:type\" content=\"image\/jpeg\" \/>\n<meta name=\"author\" content=\"admin\" \/>\n<meta name=\"twitter:card\" content=\"summary_large_image\" \/>\n<meta name=\"twitter:label1\" content=\"Written by\" \/>\n\t<meta name=\"twitter:data1\" content=\"admin\" \/>\n\t<meta name=\"twitter:label2\" content=\"Est. reading time\" \/>\n\t<meta name=\"twitter:data2\" content=\"2 minutes\" \/>\n<script type=\"application\/ld+json\" class=\"yoast-schema-graph\">{\"@context\":\"https:\\\/\\\/schema.org\",\"@graph\":[{\"@type\":\"Article\",\"@id\":\"https:\\\/\\\/akunq.net\\\/tr\\\/?p=69539#article\",\"isPartOf\":{\"@id\":\"https:\\\/\\\/akunq.net\\\/tr\\\/?p=69539\"},\"author\":{\"name\":\"admin\",\"@id\":\"https:\\\/\\\/akunq.net\\\/tr\\\/#\\\/schema\\\/person\\\/096f1d38a12cce57fb855b485ed24c9e\"},\"headline\":\"Sivas\u2019ta (Sebastia-&#8216;Akunq&#8217; web sitesi) Terk Edilmi\u015f Bir K\u00f6y, Definecilerin Kurban\u0131 Oldu\",\"datePublished\":\"2022-08-03T07:37:29+00:00\",\"dateModified\":\"2022-08-03T07:39:50+00:00\",\"mainEntityOfPage\":{\"@id\":\"https:\\\/\\\/akunq.net\\\/tr\\\/?p=69539\"},\"wordCount\":341,\"commentCount\":0,\"image\":{\"@id\":\"https:\\\/\\\/akunq.net\\\/tr\\\/?p=69539#primaryimage\"},\"thumbnailUrl\":\"https:\\\/\\\/akunq.net\\\/tr\\\/wp-content\\\/uploads\\\/sites\\\/6\\\/2022\\\/08\\\/\u0539\u0578\u0582\u0580\u0584\u056b\u0561\u0575\u0578\u0582\u0574-\u0563\u0561\u0576\u0571\u0561\u0563\u0578\u0572\u0565\u0580\u0568-1.jpg\",\"articleSection\":[\"G\u00fcn\u00fcm\u00fczde Bat\u0131 Ermenistan\",\"Haberler\"],\"inLanguage\":\"en-US\",\"potentialAction\":[{\"@type\":\"CommentAction\",\"name\":\"Comment\",\"target\":[\"https:\\\/\\\/akunq.net\\\/tr\\\/?p=69539#respond\"]}]},{\"@type\":\"WebPage\",\"@id\":\"https:\\\/\\\/akunq.net\\\/tr\\\/?p=69539\",\"url\":\"https:\\\/\\\/akunq.net\\\/tr\\\/?p=69539\",\"name\":\"Sivas\u2019ta (Sebastia-'Akunq' web sitesi) Terk Edilmi\u015f Bir K\u00f6y, Definecilerin Kurban\u0131 Oldu - Bati Ermenistan Ve Bati Ermenileri Sorunlari Ara\u015ftirmalar Merkezi\",\"isPartOf\":{\"@id\":\"https:\\\/\\\/akunq.net\\\/tr\\\/#website\"},\"primaryImageOfPage\":{\"@id\":\"https:\\\/\\\/akunq.net\\\/tr\\\/?p=69539#primaryimage\"},\"image\":{\"@id\":\"https:\\\/\\\/akunq.net\\\/tr\\\/?p=69539#primaryimage\"},\"thumbnailUrl\":\"https:\\\/\\\/akunq.net\\\/tr\\\/wp-content\\\/uploads\\\/sites\\\/6\\\/2022\\\/08\\\/\u0539\u0578\u0582\u0580\u0584\u056b\u0561\u0575\u0578\u0582\u0574-\u0563\u0561\u0576\u0571\u0561\u0563\u0578\u0572\u0565\u0580\u0568-1.jpg\",\"datePublished\":\"2022-08-03T07:37:29+00:00\",\"dateModified\":\"2022-08-03T07:39:50+00:00\",\"author\":{\"@id\":\"https:\\\/\\\/akunq.net\\\/tr\\\/#\\\/schema\\\/person\\\/096f1d38a12cce57fb855b485ed24c9e\"},\"breadcrumb\":{\"@id\":\"https:\\\/\\\/akunq.net\\\/tr\\\/?p=69539#breadcrumb\"},\"inLanguage\":\"en-US\",\"potentialAction\":[{\"@type\":\"ReadAction\",\"target\":[\"https:\\\/\\\/akunq.net\\\/tr\\\/?p=69539\"]}]},{\"@type\":\"ImageObject\",\"inLanguage\":\"en-US\",\"@id\":\"https:\\\/\\\/akunq.net\\\/tr\\\/?p=69539#primaryimage\",\"url\":\"https:\\\/\\\/akunq.net\\\/tr\\\/wp-content\\\/uploads\\\/sites\\\/6\\\/2022\\\/08\\\/\u0539\u0578\u0582\u0580\u0584\u056b\u0561\u0575\u0578\u0582\u0574-\u0563\u0561\u0576\u0571\u0561\u0563\u0578\u0572\u0565\u0580\u0568-1.jpg\",\"contentUrl\":\"https:\\\/\\\/akunq.net\\\/tr\\\/wp-content\\\/uploads\\\/sites\\\/6\\\/2022\\\/08\\\/\u0539\u0578\u0582\u0580\u0584\u056b\u0561\u0575\u0578\u0582\u0574-\u0563\u0561\u0576\u0571\u0561\u0563\u0578\u0572\u0565\u0580\u0568-1.jpg\",\"width\":800,\"height\":458},{\"@type\":\"BreadcrumbList\",\"@id\":\"https:\\\/\\\/akunq.net\\\/tr\\\/?p=69539#breadcrumb\",\"itemListElement\":[{\"@type\":\"ListItem\",\"position\":1,\"name\":\"Home\",\"item\":\"https:\\\/\\\/akunq.net\\\/tr\"},{\"@type\":\"ListItem\",\"position\":2,\"name\":\"Sivas\u2019ta (Sebastia-&#8216;Akunq&#8217; web sitesi) Terk Edilmi\u015f Bir K\u00f6y, Definecilerin Kurban\u0131 Oldu\"}]},{\"@type\":\"WebSite\",\"@id\":\"https:\\\/\\\/akunq.net\\\/tr\\\/#website\",\"url\":\"https:\\\/\\\/akunq.net\\\/tr\\\/\",\"name\":\"Bati Ermenistan Ve Bati Ermenileri Sorunlari Ara\u015ftirmalar Merkezi\",\"description\":\"\",\"potentialAction\":[{\"@type\":\"SearchAction\",\"target\":{\"@type\":\"EntryPoint\",\"urlTemplate\":\"https:\\\/\\\/akunq.net\\\/tr\\\/?s={search_term_string}\"},\"query-input\":{\"@type\":\"PropertyValueSpecification\",\"valueRequired\":true,\"valueName\":\"search_term_string\"}}],\"inLanguage\":\"en-US\"},{\"@type\":\"Person\",\"@id\":\"https:\\\/\\\/akunq.net\\\/tr\\\/#\\\/schema\\\/person\\\/096f1d38a12cce57fb855b485ed24c9e\",\"name\":\"admin\",\"url\":\"https:\\\/\\\/akunq.net\\\/tr\\\/?author=7\"}]}<\/script>\n<!-- \/ Yoast SEO plugin. -->","yoast_head_json":{"title":"Sivas\u2019ta (Sebastia-'Akunq' web sitesi) Terk Edilmi\u015f Bir K\u00f6y, Definecilerin Kurban\u0131 Oldu - Bati Ermenistan Ve Bati Ermenileri Sorunlari Ara\u015ftirmalar Merkezi","robots":{"index":"index","follow":"follow","max-snippet":"max-snippet:-1","max-image-preview":"max-image-preview:large","max-video-preview":"max-video-preview:-1"},"canonical":"https:\/\/akunq.net\/tr\/?p=69539","og_locale":"en_US","og_type":"article","og_title":"Sivas\u2019ta (Sebastia-'Akunq' web sitesi) Terk Edilmi\u015f Bir K\u00f6y, Definecilerin Kurban\u0131 Oldu - Bati Ermenistan Ve Bati Ermenileri Sorunlari Ara\u015ftirmalar Merkezi","og_description":"Sivas\u2019ta (Sebastia-&#8216;Akunq&#8217; web sitesi) 1980\u2019den sonra terk edilen A\u011f\u0131l k\u00f6y\u00fc, Ermenilerden kalan de\u011ferli e\u015fyalar olabilece\u011fi d\u00fc\u015f\u00fcn\u00fclerek defineciler taraf\u0131ndan talan edildi. Merkeze ba\u011fl\u0131 Bar\u00e7\u0131n ile Haciali k\u00f6yleri aras\u0131ndaki A\u011f\u0131l k\u00f6y\u00fc, 1980 y\u0131l\u0131nda b\u00f6lgede ya\u015fanan siyasi olaylar\u0131n da etkisiyle tamamen terk edildi. 1980 \u00f6ncesinde 400 civar\u0131nda insan\u0131n ya\u015fad\u0131\u011f\u0131 yerle\u015fim yeri, zamanla at\u0131l kal\u0131nca k\u00f6y stat\u00fcs\u00fcn\u00fc de kaybetti. [&hellip;]","og_url":"https:\/\/akunq.net\/tr\/?p=69539","og_site_name":"Bati Ermenistan Ve Bati Ermenileri Sorunlari Ara\u015ftirmalar Merkezi","article_published_time":"2022-08-03T07:37:29+00:00","article_modified_time":"2022-08-03T07:39:50+00:00","og_image":[{"width":800,"height":458,"url":"https:\/\/akunq.net\/tr\/wp-content\/uploads\/sites\/6\/2022\/08\/\u0539\u0578\u0582\u0580\u0584\u056b\u0561\u0575\u0578\u0582\u0574-\u0563\u0561\u0576\u0571\u0561\u0563\u0578\u0572\u0565\u0580\u0568-1.jpg","type":"image\/jpeg"}],"author":"admin","twitter_card":"summary_large_image","twitter_misc":{"Written by":"admin","Est. reading time":"2 minutes"},"schema":{"@context":"https:\/\/schema.org","@graph":[{"@type":"Article","@id":"https:\/\/akunq.net\/tr\/?p=69539#article","isPartOf":{"@id":"https:\/\/akunq.net\/tr\/?p=69539"},"author":{"name":"admin","@id":"https:\/\/akunq.net\/tr\/#\/schema\/person\/096f1d38a12cce57fb855b485ed24c9e"},"headline":"Sivas\u2019ta (Sebastia-&#8216;Akunq&#8217; web sitesi) Terk Edilmi\u015f Bir K\u00f6y, Definecilerin Kurban\u0131 Oldu","datePublished":"2022-08-03T07:37:29+00:00","dateModified":"2022-08-03T07:39:50+00:00","mainEntityOfPage":{"@id":"https:\/\/akunq.net\/tr\/?p=69539"},"wordCount":341,"commentCount":0,"image":{"@id":"https:\/\/akunq.net\/tr\/?p=69539#primaryimage"},"thumbnailUrl":"https:\/\/akunq.net\/tr\/wp-content\/uploads\/sites\/6\/2022\/08\/\u0539\u0578\u0582\u0580\u0584\u056b\u0561\u0575\u0578\u0582\u0574-\u0563\u0561\u0576\u0571\u0561\u0563\u0578\u0572\u0565\u0580\u0568-1.jpg","articleSection":["G\u00fcn\u00fcm\u00fczde Bat\u0131 Ermenistan","Haberler"],"inLanguage":"en-US","potentialAction":[{"@type":"CommentAction","name":"Comment","target":["https:\/\/akunq.net\/tr\/?p=69539#respond"]}]},{"@type":"WebPage","@id":"https:\/\/akunq.net\/tr\/?p=69539","url":"https:\/\/akunq.net\/tr\/?p=69539","name":"Sivas\u2019ta (Sebastia-'Akunq' web sitesi) Terk Edilmi\u015f Bir K\u00f6y, Definecilerin Kurban\u0131 Oldu - Bati Ermenistan Ve Bati Ermenileri Sorunlari Ara\u015ftirmalar Merkezi","isPartOf":{"@id":"https:\/\/akunq.net\/tr\/#website"},"primaryImageOfPage":{"@id":"https:\/\/akunq.net\/tr\/?p=69539#primaryimage"},"image":{"@id":"https:\/\/akunq.net\/tr\/?p=69539#primaryimage"},"thumbnailUrl":"https:\/\/akunq.net\/tr\/wp-content\/uploads\/sites\/6\/2022\/08\/\u0539\u0578\u0582\u0580\u0584\u056b\u0561\u0575\u0578\u0582\u0574-\u0563\u0561\u0576\u0571\u0561\u0563\u0578\u0572\u0565\u0580\u0568-1.jpg","datePublished":"2022-08-03T07:37:29+00:00","dateModified":"2022-08-03T07:39:50+00:00","author":{"@id":"https:\/\/akunq.net\/tr\/#\/schema\/person\/096f1d38a12cce57fb855b485ed24c9e"},"breadcrumb":{"@id":"https:\/\/akunq.net\/tr\/?p=69539#breadcrumb"},"inLanguage":"en-US","potentialAction":[{"@type":"ReadAction","target":["https:\/\/akunq.net\/tr\/?p=69539"]}]},{"@type":"ImageObject","inLanguage":"en-US","@id":"https:\/\/akunq.net\/tr\/?p=69539#primaryimage","url":"https:\/\/akunq.net\/tr\/wp-content\/uploads\/sites\/6\/2022\/08\/\u0539\u0578\u0582\u0580\u0584\u056b\u0561\u0575\u0578\u0582\u0574-\u0563\u0561\u0576\u0571\u0561\u0563\u0578\u0572\u0565\u0580\u0568-1.jpg","contentUrl":"https:\/\/akunq.net\/tr\/wp-content\/uploads\/sites\/6\/2022\/08\/\u0539\u0578\u0582\u0580\u0584\u056b\u0561\u0575\u0578\u0582\u0574-\u0563\u0561\u0576\u0571\u0561\u0563\u0578\u0572\u0565\u0580\u0568-1.jpg","width":800,"height":458},{"@type":"BreadcrumbList","@id":"https:\/\/akunq.net\/tr\/?p=69539#breadcrumb","itemListElement":[{"@type":"ListItem","position":1,"name":"Home","item":"https:\/\/akunq.net\/tr"},{"@type":"ListItem","position":2,"name":"Sivas\u2019ta (Sebastia-&#8216;Akunq&#8217; web sitesi) Terk Edilmi\u015f Bir K\u00f6y, Definecilerin Kurban\u0131 Oldu"}]},{"@type":"WebSite","@id":"https:\/\/akunq.net\/tr\/#website","url":"https:\/\/akunq.net\/tr\/","name":"Bati Ermenistan Ve Bati Ermenileri Sorunlari Ara\u015ftirmalar Merkezi","description":"","potentialAction":[{"@type":"SearchAction","target":{"@type":"EntryPoint","urlTemplate":"https:\/\/akunq.net\/tr\/?s={search_term_string}"},"query-input":{"@type":"PropertyValueSpecification","valueRequired":true,"valueName":"search_term_string"}}],"inLanguage":"en-US"},{"@type":"Person","@id":"https:\/\/akunq.net\/tr\/#\/schema\/person\/096f1d38a12cce57fb855b485ed24c9e","name":"admin","url":"https:\/\/akunq.net\/tr\/?author=7"}]}},"_links":{"self":[{"href":"https:\/\/akunq.net\/tr\/index.php?rest_route=\/wp\/v2\/posts\/69539","targetHints":{"allow":["GET"]}}],"collection":[{"href":"https:\/\/akunq.net\/tr\/index.php?rest_route=\/wp\/v2\/posts"}],"about":[{"href":"https:\/\/akunq.net\/tr\/index.php?rest_route=\/wp\/v2\/types\/post"}],"author":[{"embeddable":true,"href":"https:\/\/akunq.net\/tr\/index.php?rest_route=\/wp\/v2\/users\/7"}],"replies":[{"embeddable":true,"href":"https:\/\/akunq.net\/tr\/index.php?rest_route=%2Fwp%2Fv2%2Fcomments&post=69539"}],"version-history":[{"count":2,"href":"https:\/\/akunq.net\/tr\/index.php?rest_route=\/wp\/v2\/posts\/69539\/revisions"}],"predecessor-version":[{"id":69544,"href":"https:\/\/akunq.net\/tr\/index.php?rest_route=\/wp\/v2\/posts\/69539\/revisions\/69544"}],"wp:featuredmedia":[{"embeddable":true,"href":"https:\/\/akunq.net\/tr\/index.php?rest_route=\/wp\/v2\/media\/69541"}],"wp:attachment":[{"href":"https:\/\/akunq.net\/tr\/index.php?rest_route=%2Fwp%2Fv2%2Fmedia&parent=69539"}],"wp:term":[{"taxonomy":"category","embeddable":true,"href":"https:\/\/akunq.net\/tr\/index.php?rest_route=%2Fwp%2Fv2%2Fcategories&post=69539"},{"taxonomy":"post_tag","embeddable":true,"href":"https:\/\/akunq.net\/tr\/index.php?rest_route=%2Fwp%2Fv2%2Ftags&post=69539"}],"curies":[{"name":"wp","href":"https:\/\/api.w.org\/{rel}","templated":true}]}}