{"id":69536,"date":"2022-08-03T02:21:50","date_gmt":"2022-08-03T07:21:50","guid":{"rendered":"https:\/\/akunq.net\/tr\/?p=69536"},"modified":"2022-08-03T02:21:50","modified_gmt":"2022-08-03T07:21:50","slug":"cerkesler-alevi-kurumlarina-saldirilari-kinadi","status":"publish","type":"post","link":"https:\/\/akunq.net\/tr\/?p=69536","title":{"rendered":"\u00c7erkesler Alevi kurumlar\u0131na sald\u0131r\u0131lar\u0131 k\u0131nad\u0131"},"content":{"rendered":"<p><img loading=\"lazy\" decoding=\"async\" class=\"aligncenter size-full wp-image-69537\" src=\"https:\/\/akunq.net\/tr\/wp-content\/uploads\/2022\/08\/Kafkas-Dernekleri-Federasyonu.jpg\" alt=\"\" width=\"225\" height=\"225\" srcset=\"https:\/\/akunq.net\/tr\/wp-content\/uploads\/sites\/6\/2022\/08\/Kafkas-Dernekleri-Federasyonu.jpg 225w, https:\/\/akunq.net\/tr\/wp-content\/uploads\/sites\/6\/2022\/08\/Kafkas-Dernekleri-Federasyonu-150x150.jpg 150w, https:\/\/akunq.net\/tr\/wp-content\/uploads\/sites\/6\/2022\/08\/Kafkas-Dernekleri-Federasyonu-160x160.jpg 160w\" sizes=\"auto, (max-width: 225px) 100vw, 225px\" \/><\/p>\n<p><em><strong>Kafkas Dernekleri Federasyonu, Alevi kurumlar\u0131n\u0131 hedef alan sald\u0131r\u0131lara tepki g\u00f6sterdi: \u201c\u00dclkemizde ve d\u00fcnyada b\u00fcy\u00fck bir h\u0131zla yay\u0131lan \u0131rk\u00e7\u0131l\u0131\u011f\u0131n ve ayr\u0131mc\u0131l\u0131\u011f\u0131n her t\u00fcrl\u00fcs\u00fcn\u00fc \u015fiddetle k\u0131n\u0131yoruz.\u201d<\/strong><\/em><\/p>\n<p>DUVAR \u2013 Kafkas Dernekleri Federasyonu (KAFFED), Alevi dernekleri ve cemevlerine y\u00f6nelik sald\u0131r\u0131lara yaz\u0131l\u0131 a\u00e7\u0131klamayla tepki g\u00f6sterdi.<\/p>\n<p>T\u00fcrkiye\u2019de ayr\u0131mc\u0131 \u015fiddetin artt\u0131\u011f\u0131 belirtilen a\u00e7\u0131klamada, \u015fu ifadelere yer verildi:<\/p>\n<p>\u201cT\u00fcrkiye, \u0131rk\u00e7\u0131l\u0131k ve ayr\u0131mc\u0131l\u0131k i\u00e7erikli \u015fiddetin g\u00fcnden g\u00fcne y\u00fckseltildi\u011fi bir iklime girmi\u015f durumda. Y\u00fckselen \u0131rk\u00e7\u0131l\u0131k ve ayr\u0131mc\u0131l\u0131\u011f\u0131n hedeflerinden birisi de ge\u00e7ti\u011fimiz haftalarda Kayseri\u2019de toplu ta\u015f\u0131ma i\u00e7erisinde annesiyle telefonda \u00c7erkes\u00e7e konu\u015fan gence y\u00f6nelen \u0131rk\u00e7\u0131 tepki idi. Ancak bu tepkinin tekil ve bireysel olmad\u0131\u011f\u0131n\u0131 Yahudi yurtta\u015flara ait mezarlar\u0131n\u0131n tahrip edilmesi ile, Mardin Artuklu \u00dcniversitesi\u2019nde K\u00fcrt\u00e7e Opera konserine ve yurt genelinde Apolas Lermi gibi sanat\u00e7\u0131lar\u0131n konserlerinin iptal edilmesi ile ve son olarak da Ankara\u2019da Alevi yurtta\u015flara y\u00f6nelik organize sald\u0131r\u0131lar\u0131n ger\u00e7ekle\u015fmesi ile biliyoruz.\u201d<\/p>\n<p>\u201cM\u00fcnferit meseleler gibi ge\u00e7i\u015ftirilmeye \u00e7al\u0131\u015f\u0131lan bu gibi olaylar\u0131n T\u00fcrkiye\u2019nin sokulmak istendi\u011fi ayr\u0131mc\u0131 ve farkl\u0131l\u0131klara kar\u015f\u0131 tahamm\u00fcls\u00fcz bir siyasetin kar\u015f\u0131s\u0131nday\u0131z\u201d denilen a\u00e7\u0131klamada, ayr\u0131mc\u0131l\u0131k ve \u0131rk\u00e7\u0131l\u0131\u011f\u0131n her t\u00fcr\u00fcn\u00fcn k\u0131nand\u0131\u011f\u0131 vurguland\u0131:<\/p>\n<p>\u201cFarkl\u0131 bi\u00e7imlerde tezah\u00fcr eden ve gerek \u00fclkemizde gerekse d\u00fcnyada b\u00fcy\u00fck bir h\u0131zla yay\u0131lan \u0131rk\u00e7\u0131l\u0131\u011f\u0131n ve ayr\u0131mc\u0131l\u0131\u011f\u0131n her t\u00fcrl\u00fcs\u00fcn\u00fc \u015fiddetle k\u0131n\u0131yoruz. Bu ba\u011flamda toplumun t\u00fcm ma\u011fdur kesimleri ile birlikte ve dayan\u0131\u015fma i\u00e7inde oldu\u011fumuzu, tek tiple\u015ftirmeye kar\u015f\u0131 farkl\u0131l\u0131klar\u0131n bar\u0131\u015f i\u00e7erisinde bir aradal\u0131\u011f\u0131n\u0131 savunaca\u011f\u0131m\u0131z\u0131 bir kez daha vurguluyoruz.\u201d<\/p>\n<hr \/>\n<p><em><strong><a href=\"https:\/\/www.gazeteduvar.com.tr\/cerkesler-alevi-kurumlarina-saldirilari-kinadi-haber-1575853\" target=\"_blank\" rel=\"noopener\">Gazete Duvar<\/a>\u00a0<\/strong><\/em><\/p>\n","protected":false},"excerpt":{"rendered":"<p>Kafkas Dernekleri Federasyonu, Alevi kurumlar\u0131n\u0131 hedef alan sald\u0131r\u0131lara tepki g\u00f6sterdi: \u201c\u00dclkemizde ve d\u00fcnyada b\u00fcy\u00fck bir h\u0131zla yay\u0131lan \u0131rk\u00e7\u0131l\u0131\u011f\u0131n ve ayr\u0131mc\u0131l\u0131\u011f\u0131n her t\u00fcrl\u00fcs\u00fcn\u00fc \u015fiddetle k\u0131n\u0131yoruz.\u201d DUVAR \u2013 Kafkas Dernekleri Federasyonu (KAFFED), Alevi dernekleri ve cemevlerine y\u00f6nelik sald\u0131r\u0131lara yaz\u0131l\u0131 a\u00e7\u0131klamayla tepki g\u00f6sterdi. T\u00fcrkiye\u2019de ayr\u0131mc\u0131 \u015fiddetin artt\u0131\u011f\u0131 belirtilen a\u00e7\u0131klamada, \u015fu ifadelere yer verildi: \u201cT\u00fcrkiye, \u0131rk\u00e7\u0131l\u0131k ve ayr\u0131mc\u0131l\u0131k i\u00e7erikli [&hellip;]<\/p>\n","protected":false},"author":7,"featured_media":69537,"comment_status":"open","ping_status":"open","sticky":false,"template":"","format":"standard","meta":{"footnotes":""},"categories":[1,53],"tags":[],"class_list":["post-69536","post","type-post","status-publish","format-standard","has-post-thumbnail","hentry","category-haberler","category-turkiyede-azinliklar"],"yoast_head":"<!-- This site is optimized with the Yoast SEO plugin v27.4 - https:\/\/yoast.com\/product\/yoast-seo-wordpress\/ -->\n<title>\u00c7erkesler Alevi kurumlar\u0131na sald\u0131r\u0131lar\u0131 k\u0131nad\u0131 - Bati Ermenistan Ve Bati Ermenileri Sorunlari Ara\u015ftirmalar Merkezi<\/title>\n<meta name=\"robots\" content=\"index, follow, max-snippet:-1, max-image-preview:large, max-video-preview:-1\" \/>\n<link rel=\"canonical\" href=\"https:\/\/akunq.net\/tr\/?p=69536\" \/>\n<meta property=\"og:locale\" content=\"en_US\" \/>\n<meta property=\"og:type\" content=\"article\" \/>\n<meta property=\"og:title\" content=\"\u00c7erkesler Alevi kurumlar\u0131na sald\u0131r\u0131lar\u0131 k\u0131nad\u0131 - Bati Ermenistan Ve Bati Ermenileri Sorunlari Ara\u015ftirmalar Merkezi\" \/>\n<meta property=\"og:description\" content=\"Kafkas Dernekleri Federasyonu, Alevi kurumlar\u0131n\u0131 hedef alan sald\u0131r\u0131lara tepki g\u00f6sterdi: \u201c\u00dclkemizde ve d\u00fcnyada b\u00fcy\u00fck bir h\u0131zla yay\u0131lan \u0131rk\u00e7\u0131l\u0131\u011f\u0131n ve ayr\u0131mc\u0131l\u0131\u011f\u0131n her t\u00fcrl\u00fcs\u00fcn\u00fc \u015fiddetle k\u0131n\u0131yoruz.\u201d DUVAR \u2013 Kafkas Dernekleri Federasyonu (KAFFED), Alevi dernekleri ve cemevlerine y\u00f6nelik sald\u0131r\u0131lara yaz\u0131l\u0131 a\u00e7\u0131klamayla tepki g\u00f6sterdi. T\u00fcrkiye\u2019de ayr\u0131mc\u0131 \u015fiddetin artt\u0131\u011f\u0131 belirtilen a\u00e7\u0131klamada, \u015fu ifadelere yer verildi: \u201cT\u00fcrkiye, \u0131rk\u00e7\u0131l\u0131k ve ayr\u0131mc\u0131l\u0131k i\u00e7erikli [&hellip;]\" \/>\n<meta property=\"og:url\" content=\"https:\/\/akunq.net\/tr\/?p=69536\" \/>\n<meta property=\"og:site_name\" content=\"Bati Ermenistan Ve Bati Ermenileri Sorunlari Ara\u015ftirmalar Merkezi\" \/>\n<meta property=\"article:published_time\" content=\"2022-08-03T07:21:50+00:00\" \/>\n<meta property=\"og:image\" content=\"https:\/\/akunq.net\/tr\/wp-content\/uploads\/sites\/6\/2022\/08\/Kafkas-Dernekleri-Federasyonu.jpg\" \/>\n\t<meta property=\"og:image:width\" content=\"225\" \/>\n\t<meta property=\"og:image:height\" content=\"225\" \/>\n\t<meta property=\"og:image:type\" content=\"image\/jpeg\" \/>\n<meta name=\"author\" content=\"admin\" \/>\n<meta name=\"twitter:card\" content=\"summary_large_image\" \/>\n<meta name=\"twitter:label1\" content=\"Written by\" \/>\n\t<meta name=\"twitter:data1\" content=\"admin\" \/>\n\t<meta name=\"twitter:label2\" content=\"Est. reading time\" \/>\n\t<meta name=\"twitter:data2\" content=\"2 minutes\" \/>\n<script type=\"application\/ld+json\" class=\"yoast-schema-graph\">{\"@context\":\"https:\\\/\\\/schema.org\",\"@graph\":[{\"@type\":\"Article\",\"@id\":\"https:\\\/\\\/akunq.net\\\/tr\\\/?p=69536#article\",\"isPartOf\":{\"@id\":\"https:\\\/\\\/akunq.net\\\/tr\\\/?p=69536\"},\"author\":{\"name\":\"admin\",\"@id\":\"https:\\\/\\\/akunq.net\\\/tr\\\/#\\\/schema\\\/person\\\/096f1d38a12cce57fb855b485ed24c9e\"},\"headline\":\"\u00c7erkesler Alevi kurumlar\u0131na sald\u0131r\u0131lar\u0131 k\u0131nad\u0131\",\"datePublished\":\"2022-08-03T07:21:50+00:00\",\"mainEntityOfPage\":{\"@id\":\"https:\\\/\\\/akunq.net\\\/tr\\\/?p=69536\"},\"wordCount\":340,\"commentCount\":0,\"image\":{\"@id\":\"https:\\\/\\\/akunq.net\\\/tr\\\/?p=69536#primaryimage\"},\"thumbnailUrl\":\"https:\\\/\\\/akunq.net\\\/tr\\\/wp-content\\\/uploads\\\/sites\\\/6\\\/2022\\\/08\\\/Kafkas-Dernekleri-Federasyonu.jpg\",\"articleSection\":[\"Haberler\",\"T\u00fcrkiye\u2019de Az\u0131nl\u0131klar\"],\"inLanguage\":\"en-US\",\"potentialAction\":[{\"@type\":\"CommentAction\",\"name\":\"Comment\",\"target\":[\"https:\\\/\\\/akunq.net\\\/tr\\\/?p=69536#respond\"]}]},{\"@type\":\"WebPage\",\"@id\":\"https:\\\/\\\/akunq.net\\\/tr\\\/?p=69536\",\"url\":\"https:\\\/\\\/akunq.net\\\/tr\\\/?p=69536\",\"name\":\"\u00c7erkesler Alevi kurumlar\u0131na sald\u0131r\u0131lar\u0131 k\u0131nad\u0131 - Bati Ermenistan Ve Bati Ermenileri Sorunlari Ara\u015ftirmalar Merkezi\",\"isPartOf\":{\"@id\":\"https:\\\/\\\/akunq.net\\\/tr\\\/#website\"},\"primaryImageOfPage\":{\"@id\":\"https:\\\/\\\/akunq.net\\\/tr\\\/?p=69536#primaryimage\"},\"image\":{\"@id\":\"https:\\\/\\\/akunq.net\\\/tr\\\/?p=69536#primaryimage\"},\"thumbnailUrl\":\"https:\\\/\\\/akunq.net\\\/tr\\\/wp-content\\\/uploads\\\/sites\\\/6\\\/2022\\\/08\\\/Kafkas-Dernekleri-Federasyonu.jpg\",\"datePublished\":\"2022-08-03T07:21:50+00:00\",\"author\":{\"@id\":\"https:\\\/\\\/akunq.net\\\/tr\\\/#\\\/schema\\\/person\\\/096f1d38a12cce57fb855b485ed24c9e\"},\"breadcrumb\":{\"@id\":\"https:\\\/\\\/akunq.net\\\/tr\\\/?p=69536#breadcrumb\"},\"inLanguage\":\"en-US\",\"potentialAction\":[{\"@type\":\"ReadAction\",\"target\":[\"https:\\\/\\\/akunq.net\\\/tr\\\/?p=69536\"]}]},{\"@type\":\"ImageObject\",\"inLanguage\":\"en-US\",\"@id\":\"https:\\\/\\\/akunq.net\\\/tr\\\/?p=69536#primaryimage\",\"url\":\"https:\\\/\\\/akunq.net\\\/tr\\\/wp-content\\\/uploads\\\/sites\\\/6\\\/2022\\\/08\\\/Kafkas-Dernekleri-Federasyonu.jpg\",\"contentUrl\":\"https:\\\/\\\/akunq.net\\\/tr\\\/wp-content\\\/uploads\\\/sites\\\/6\\\/2022\\\/08\\\/Kafkas-Dernekleri-Federasyonu.jpg\",\"width\":225,\"height\":225},{\"@type\":\"BreadcrumbList\",\"@id\":\"https:\\\/\\\/akunq.net\\\/tr\\\/?p=69536#breadcrumb\",\"itemListElement\":[{\"@type\":\"ListItem\",\"position\":1,\"name\":\"Home\",\"item\":\"https:\\\/\\\/akunq.net\\\/tr\"},{\"@type\":\"ListItem\",\"position\":2,\"name\":\"\u00c7erkesler Alevi kurumlar\u0131na sald\u0131r\u0131lar\u0131 k\u0131nad\u0131\"}]},{\"@type\":\"WebSite\",\"@id\":\"https:\\\/\\\/akunq.net\\\/tr\\\/#website\",\"url\":\"https:\\\/\\\/akunq.net\\\/tr\\\/\",\"name\":\"Bati Ermenistan Ve Bati Ermenileri Sorunlari Ara\u015ftirmalar Merkezi\",\"description\":\"\",\"potentialAction\":[{\"@type\":\"SearchAction\",\"target\":{\"@type\":\"EntryPoint\",\"urlTemplate\":\"https:\\\/\\\/akunq.net\\\/tr\\\/?s={search_term_string}\"},\"query-input\":{\"@type\":\"PropertyValueSpecification\",\"valueRequired\":true,\"valueName\":\"search_term_string\"}}],\"inLanguage\":\"en-US\"},{\"@type\":\"Person\",\"@id\":\"https:\\\/\\\/akunq.net\\\/tr\\\/#\\\/schema\\\/person\\\/096f1d38a12cce57fb855b485ed24c9e\",\"name\":\"admin\",\"url\":\"https:\\\/\\\/akunq.net\\\/tr\\\/?author=7\"}]}<\/script>\n<!-- \/ Yoast SEO plugin. -->","yoast_head_json":{"title":"\u00c7erkesler Alevi kurumlar\u0131na sald\u0131r\u0131lar\u0131 k\u0131nad\u0131 - Bati Ermenistan Ve Bati Ermenileri Sorunlari Ara\u015ftirmalar Merkezi","robots":{"index":"index","follow":"follow","max-snippet":"max-snippet:-1","max-image-preview":"max-image-preview:large","max-video-preview":"max-video-preview:-1"},"canonical":"https:\/\/akunq.net\/tr\/?p=69536","og_locale":"en_US","og_type":"article","og_title":"\u00c7erkesler Alevi kurumlar\u0131na sald\u0131r\u0131lar\u0131 k\u0131nad\u0131 - Bati Ermenistan Ve Bati Ermenileri Sorunlari Ara\u015ftirmalar Merkezi","og_description":"Kafkas Dernekleri Federasyonu, Alevi kurumlar\u0131n\u0131 hedef alan sald\u0131r\u0131lara tepki g\u00f6sterdi: \u201c\u00dclkemizde ve d\u00fcnyada b\u00fcy\u00fck bir h\u0131zla yay\u0131lan \u0131rk\u00e7\u0131l\u0131\u011f\u0131n ve ayr\u0131mc\u0131l\u0131\u011f\u0131n her t\u00fcrl\u00fcs\u00fcn\u00fc \u015fiddetle k\u0131n\u0131yoruz.\u201d DUVAR \u2013 Kafkas Dernekleri Federasyonu (KAFFED), Alevi dernekleri ve cemevlerine y\u00f6nelik sald\u0131r\u0131lara yaz\u0131l\u0131 a\u00e7\u0131klamayla tepki g\u00f6sterdi. T\u00fcrkiye\u2019de ayr\u0131mc\u0131 \u015fiddetin artt\u0131\u011f\u0131 belirtilen a\u00e7\u0131klamada, \u015fu ifadelere yer verildi: \u201cT\u00fcrkiye, \u0131rk\u00e7\u0131l\u0131k ve ayr\u0131mc\u0131l\u0131k i\u00e7erikli [&hellip;]","og_url":"https:\/\/akunq.net\/tr\/?p=69536","og_site_name":"Bati Ermenistan Ve Bati Ermenileri Sorunlari Ara\u015ftirmalar Merkezi","article_published_time":"2022-08-03T07:21:50+00:00","og_image":[{"width":225,"height":225,"url":"https:\/\/akunq.net\/tr\/wp-content\/uploads\/sites\/6\/2022\/08\/Kafkas-Dernekleri-Federasyonu.jpg","type":"image\/jpeg"}],"author":"admin","twitter_card":"summary_large_image","twitter_misc":{"Written by":"admin","Est. reading time":"2 minutes"},"schema":{"@context":"https:\/\/schema.org","@graph":[{"@type":"Article","@id":"https:\/\/akunq.net\/tr\/?p=69536#article","isPartOf":{"@id":"https:\/\/akunq.net\/tr\/?p=69536"},"author":{"name":"admin","@id":"https:\/\/akunq.net\/tr\/#\/schema\/person\/096f1d38a12cce57fb855b485ed24c9e"},"headline":"\u00c7erkesler Alevi kurumlar\u0131na sald\u0131r\u0131lar\u0131 k\u0131nad\u0131","datePublished":"2022-08-03T07:21:50+00:00","mainEntityOfPage":{"@id":"https:\/\/akunq.net\/tr\/?p=69536"},"wordCount":340,"commentCount":0,"image":{"@id":"https:\/\/akunq.net\/tr\/?p=69536#primaryimage"},"thumbnailUrl":"https:\/\/akunq.net\/tr\/wp-content\/uploads\/sites\/6\/2022\/08\/Kafkas-Dernekleri-Federasyonu.jpg","articleSection":["Haberler","T\u00fcrkiye\u2019de Az\u0131nl\u0131klar"],"inLanguage":"en-US","potentialAction":[{"@type":"CommentAction","name":"Comment","target":["https:\/\/akunq.net\/tr\/?p=69536#respond"]}]},{"@type":"WebPage","@id":"https:\/\/akunq.net\/tr\/?p=69536","url":"https:\/\/akunq.net\/tr\/?p=69536","name":"\u00c7erkesler Alevi kurumlar\u0131na sald\u0131r\u0131lar\u0131 k\u0131nad\u0131 - Bati Ermenistan Ve Bati Ermenileri Sorunlari Ara\u015ftirmalar Merkezi","isPartOf":{"@id":"https:\/\/akunq.net\/tr\/#website"},"primaryImageOfPage":{"@id":"https:\/\/akunq.net\/tr\/?p=69536#primaryimage"},"image":{"@id":"https:\/\/akunq.net\/tr\/?p=69536#primaryimage"},"thumbnailUrl":"https:\/\/akunq.net\/tr\/wp-content\/uploads\/sites\/6\/2022\/08\/Kafkas-Dernekleri-Federasyonu.jpg","datePublished":"2022-08-03T07:21:50+00:00","author":{"@id":"https:\/\/akunq.net\/tr\/#\/schema\/person\/096f1d38a12cce57fb855b485ed24c9e"},"breadcrumb":{"@id":"https:\/\/akunq.net\/tr\/?p=69536#breadcrumb"},"inLanguage":"en-US","potentialAction":[{"@type":"ReadAction","target":["https:\/\/akunq.net\/tr\/?p=69536"]}]},{"@type":"ImageObject","inLanguage":"en-US","@id":"https:\/\/akunq.net\/tr\/?p=69536#primaryimage","url":"https:\/\/akunq.net\/tr\/wp-content\/uploads\/sites\/6\/2022\/08\/Kafkas-Dernekleri-Federasyonu.jpg","contentUrl":"https:\/\/akunq.net\/tr\/wp-content\/uploads\/sites\/6\/2022\/08\/Kafkas-Dernekleri-Federasyonu.jpg","width":225,"height":225},{"@type":"BreadcrumbList","@id":"https:\/\/akunq.net\/tr\/?p=69536#breadcrumb","itemListElement":[{"@type":"ListItem","position":1,"name":"Home","item":"https:\/\/akunq.net\/tr"},{"@type":"ListItem","position":2,"name":"\u00c7erkesler Alevi kurumlar\u0131na sald\u0131r\u0131lar\u0131 k\u0131nad\u0131"}]},{"@type":"WebSite","@id":"https:\/\/akunq.net\/tr\/#website","url":"https:\/\/akunq.net\/tr\/","name":"Bati Ermenistan Ve Bati Ermenileri Sorunlari Ara\u015ftirmalar Merkezi","description":"","potentialAction":[{"@type":"SearchAction","target":{"@type":"EntryPoint","urlTemplate":"https:\/\/akunq.net\/tr\/?s={search_term_string}"},"query-input":{"@type":"PropertyValueSpecification","valueRequired":true,"valueName":"search_term_string"}}],"inLanguage":"en-US"},{"@type":"Person","@id":"https:\/\/akunq.net\/tr\/#\/schema\/person\/096f1d38a12cce57fb855b485ed24c9e","name":"admin","url":"https:\/\/akunq.net\/tr\/?author=7"}]}},"_links":{"self":[{"href":"https:\/\/akunq.net\/tr\/index.php?rest_route=\/wp\/v2\/posts\/69536","targetHints":{"allow":["GET"]}}],"collection":[{"href":"https:\/\/akunq.net\/tr\/index.php?rest_route=\/wp\/v2\/posts"}],"about":[{"href":"https:\/\/akunq.net\/tr\/index.php?rest_route=\/wp\/v2\/types\/post"}],"author":[{"embeddable":true,"href":"https:\/\/akunq.net\/tr\/index.php?rest_route=\/wp\/v2\/users\/7"}],"replies":[{"embeddable":true,"href":"https:\/\/akunq.net\/tr\/index.php?rest_route=%2Fwp%2Fv2%2Fcomments&post=69536"}],"version-history":[{"count":1,"href":"https:\/\/akunq.net\/tr\/index.php?rest_route=\/wp\/v2\/posts\/69536\/revisions"}],"predecessor-version":[{"id":69538,"href":"https:\/\/akunq.net\/tr\/index.php?rest_route=\/wp\/v2\/posts\/69536\/revisions\/69538"}],"wp:featuredmedia":[{"embeddable":true,"href":"https:\/\/akunq.net\/tr\/index.php?rest_route=\/wp\/v2\/media\/69537"}],"wp:attachment":[{"href":"https:\/\/akunq.net\/tr\/index.php?rest_route=%2Fwp%2Fv2%2Fmedia&parent=69536"}],"wp:term":[{"taxonomy":"category","embeddable":true,"href":"https:\/\/akunq.net\/tr\/index.php?rest_route=%2Fwp%2Fv2%2Fcategories&post=69536"},{"taxonomy":"post_tag","embeddable":true,"href":"https:\/\/akunq.net\/tr\/index.php?rest_route=%2Fwp%2Fv2%2Ftags&post=69536"}],"curies":[{"name":"wp","href":"https:\/\/api.w.org\/{rel}","templated":true}]}}