{"id":69533,"date":"2022-08-03T02:13:19","date_gmt":"2022-08-03T07:13:19","guid":{"rendered":"https:\/\/akunq.net\/tr\/?p=69533"},"modified":"2022-08-03T02:13:19","modified_gmt":"2022-08-03T07:13:19","slug":"ispanya-yahudilerinin-gocunun-530-yil-donumu-turk-musevileri-muzesi-muduru-anlatti","status":"publish","type":"post","link":"https:\/\/akunq.net\/tr\/?p=69533","title":{"rendered":"\u0130spanya Yahudilerinin g\u00f6\u00e7\u00fcn\u00fcn 530. y\u0131l d\u00f6n\u00fcm\u00fc: T\u00fcrk Musevileri M\u00fczesi M\u00fcd\u00fcr\u00fc anlatt\u0131"},"content":{"rendered":"<p><img loading=\"lazy\" decoding=\"async\" class=\"aligncenter size-medium wp-image-69534\" src=\"https:\/\/akunq.net\/tr\/wp-content\/uploads\/2022\/08\/Ispanya-Yahudileri-360x194.jpg\" alt=\"\" width=\"360\" height=\"194\" srcset=\"https:\/\/akunq.net\/tr\/wp-content\/uploads\/sites\/6\/2022\/08\/Ispanya-Yahudileri-360x194.jpg 360w, https:\/\/akunq.net\/tr\/wp-content\/uploads\/sites\/6\/2022\/08\/Ispanya-Yahudileri-768x415.jpg 768w, https:\/\/akunq.net\/tr\/wp-content\/uploads\/sites\/6\/2022\/08\/Ispanya-Yahudileri-560x302.jpg 560w, https:\/\/akunq.net\/tr\/wp-content\/uploads\/sites\/6\/2022\/08\/Ispanya-Yahudileri-260x140.jpg 260w, https:\/\/akunq.net\/tr\/wp-content\/uploads\/sites\/6\/2022\/08\/Ispanya-Yahudileri-160x86.jpg 160w, https:\/\/akunq.net\/tr\/wp-content\/uploads\/sites\/6\/2022\/08\/Ispanya-Yahudileri.jpg 1276w\" sizes=\"auto, (max-width: 360px) 100vw, 360px\" \/><\/p>\n<p><em><strong>Bug\u00fcn tam 530 y\u0131l \u00f6nce \u0130spanya\u2019daki Yahudiler y\u00fczlerce y\u0131l ya\u015fad\u0131klar\u0131 \u00fclkelerinden kovuldu. Onlar\u0131n b\u00fcy\u00fck b\u00f6l\u00fcm\u00fcne kap\u0131lar\u0131n\u0131 a\u00e7an, Osmanl\u0131 Padi\u015fah\u0131 \u0130kinci Bayezid oldu. Bu s\u00fcre\u00e7te ya\u015fananlar\u0131, \u0130spanya\u2019dan gelen Yahudilerin Osmanl\u0131\u2019daki ya\u015fam\u0131n\u0131 500. Y\u0131l Vakf\u0131 T\u00fcrk Musevileri M\u00fczesi M\u00fcd\u00fcr\u00fc Nisya \u0130sman Allovi, CNN T\u00dcRK edit\u00f6r\u00fc Serdar Korucu\u2019ya anlatt\u0131.<\/strong><\/em><\/p>\n<p><strong>\u0130zlemek i\u00e7in:<\/strong>\u00a0<a href=\"https:\/\/www.cnnturk.com\/video\/turkiye\/a\">CNN T\u00fcrk\u00a0<\/a><\/p>\n<p>\u0130spanya Yahudileri tam 530 y\u0131l \u00f6nce, 2 A\u011fustos 1492\u2019de \u00fclkelerinden kovuldu. Osmanl\u0131 \u0130mparatorlu\u011fu\u2019nun kap\u0131lar\u0131n\u0131 a\u00e7t\u0131\u011f\u0131 \u0130spanya Yahudilerinin bu s\u00fcre\u00e7te ya\u015fad\u0131klar\u0131n\u0131 500. Y\u0131l Vakf\u0131 T\u00fcrk Musevileri M\u00fczesi M\u00fcd\u00fcr\u00fc Nisya \u0130sman Allovi, CNN T\u00fcrk edit\u00f6r\u00fc Serdar Korucu\u2019ya anlatt\u0131. Allovi, Osmanl\u0131\u2019n\u0131n k\u00fclt\u00fcrlerin ye\u015fermesine izin verdi\u011fini s\u00f6yledi.<\/p>\n<p>500. Y\u0131l Vakf\u0131 T\u00fcrk Musevileri M\u00fczesi M\u00fcd\u00fcr\u00fc Nisya \u0130sman Allovi, 1492\u2019de \u00e7\u0131kar\u0131lan Elhamra Kararnamesi ile \u0130spanya\u2019dan kovulan ve Osmanl\u0131 topraklar\u0131na g\u00f6\u00e7 eden Yahudilerin ya\u015fad\u0131klar\u0131n\u0131 CNN T\u00fcrk\u2019e anlatt\u0131.<\/p>\n<p>Allovi, \u201cEngizisyondan sonra Elhamra Kararnamesi ile dinlerini de\u011fi\u015ftirmek istemeyen Yahudiler \u00fclkelerini terk etmeye ba\u015flad\u0131. Son tarih 2 A\u011fustos\u2019tu\u201d dedi ve bu zorunlu g\u00f6\u00e7 s\u0131ras\u0131nda \u0130spanya Yahudilerinin yanlar\u0131na hi\u00e7bir \u015fey alamad\u0131klar\u0131n\u0131 s\u00f6yledi.<\/p>\n<p>M\u00fcsl\u00fcman \u0130spanya\u2019da \u201cAlt\u0131n \u00c7a\u011f\u201d ya\u015fand\u0131\u011f\u0131n\u0131 ve M\u00fcsl\u00fcmanlar ile Yahudiler aras\u0131nda uyum oldu\u011funu belirten Nisya \u0130sman Allovi, \u201cOsmanl\u0131\u2019da millet sistemi vard\u0131. Herkes kendi i\u015fini yap\u0131yor, vergisini veriyor ve kimseye kar\u0131\u015f\u0131lm\u0131yordu. Bu sistem, k\u00fclt\u00fcr\u00fcn ye\u015fermesini sa\u011fl\u0131yordu\u201d dedi.<\/p>\n<p>Osmanl\u0131lar ile Yahudilerin tan\u0131\u015f\u0131kl\u0131\u011f\u0131n\u0131n \u0130spanya\u2019daki g\u00f6\u00e7\u00fcn \u00f6ncesinde oldu\u011funu s\u00f6yleyen, Fatih Sultan Mehmet\u2019in \u0130stanbul\u2019u fethinin de ard\u0131ndan \u015fehre Yahudileri getirtti\u011fini hat\u0131rlatan Allovi, \u201cBizans\u2019tan bo\u015falan yerlere, stratejik noktalara Yahudiler yerle\u015ftirilmi\u015fti. Bunun sebebiyse Yahudilikte ya\u015fan\u0131lan yerin kanununun benimsenmesiydi\u201d diye konu\u015ftu.<\/p>\n<p>II. Bayezid\u2019in yakla\u015f\u0131k 150 bin \u0130spanya Yahudisini \u00e7\u0131kartt\u0131\u011f\u0131 fermanla getirtti\u011fini ifade eden Nisya \u0130sman Allovi, sultan\u0131n \u00fclkesinden Yahudileri kovan \u0130spanya Kral\u0131 i\u00e7in \u201cFerdinand\u2019a nas\u0131l bilge ve uslu diyebiliyorsunuz? Kendi \u00fclkesini fakirle\u015ftiriyor benimkini zenginle\u015ftiriyor\u201d dedi\u011fini aktard\u0131. Allovi, bu zenginli\u011fin \u0130spanya\u2019daki Alt\u0131n \u00c7a\u011f\u2019dan gelen Yahudilerin Osmanl\u0131 topraklar\u0131na getirdi\u011fi bilim ve k\u00fclt\u00fcr alan\u0131ndaki ilerlemeler oldu\u011funu s\u00f6yledi.<\/p>\n<p>\u0130spanya\u2019dan g\u00f6\u00e7\u00fcn sonras\u0131nda Nahmias karde\u015fler taraf\u0131ndan 1493\u2019te \u0130stanbul Ortak\u00f6y\u2019de ilk matbaan\u0131n kuruldu\u011funu ifade eden ve m\u00fczenin ar\u015fivinde de 1512\u2019de \u0130stanbul\u2019da bas\u0131lm\u0131\u015f olan Midra\u015f Teilim kitab\u0131 bulundu\u011funun alt\u0131n\u0131 \u00e7izen Nisya \u0130sman Allovi, ayr\u0131ca silahlar\u0131n getirilerek teknolojinin ilerletildi\u011fini, yemek k\u00fclt\u00fcr\u00fcne de enginar, boyoz, s\u00fcbye, pandispanya gibi katk\u0131larda bulunuldu\u011funu belirtti.<\/p>\n<p>Kanuni Sultan S\u00fcleyman\u2019\u0131n Moha\u00e7 seferinde de bir Yahudi ailenin bir kalenin anahtar\u0131n\u0131 sultana verdi\u011fi i\u00e7in vergi muafiyeti ald\u0131\u011f\u0131n\u0131, bununla ilgili belgenin de m\u00fczede yer ald\u0131\u011f\u0131n\u0131 kaydeden Allovi, Orta\u00e7a\u011f\u2019da Avrupa\u2019da yay\u0131lan kan iftiras\u0131n\u0131n Osmanl\u0131\u2019ya da s\u0131\u00e7rad\u0131\u011f\u0131n\u0131 ancak sultanlar\u0131n fermanlarla buna kar\u015f\u0131 \u00e7\u0131kt\u0131\u011f\u0131n\u0131 s\u00f6yledi. Nisya \u0130sman Allovi, \u201cKendi tebaas\u0131n\u0131 koruyacak bir ferman\u0131n yay\u0131nlanmas\u0131 bizim i\u00e7in \u00e7ok \u00f6nemli\u201d dedi.<\/p>\n<p><strong><em><a href=\"https:\/\/www.avlaremoz.com\/2022\/08\/02\/ispanya-yahudilerinin-gocunun-530-yil-donumu-turk-musevileri-muzesi-muduru-anlatti\/\">https:\/\/www.avlaremoz.com\/2022\/08\/02\/ispanya-yahudilerinin-gocunun-530-yil-donumu-turk-musevileri-muzesi-muduru-anlatti\/<\/a>\u00a0<\/em><\/strong><\/p>\n","protected":false},"excerpt":{"rendered":"<p>Bug\u00fcn tam 530 y\u0131l \u00f6nce \u0130spanya\u2019daki Yahudiler y\u00fczlerce y\u0131l ya\u015fad\u0131klar\u0131 \u00fclkelerinden kovuldu. Onlar\u0131n b\u00fcy\u00fck b\u00f6l\u00fcm\u00fcne kap\u0131lar\u0131n\u0131 a\u00e7an, Osmanl\u0131 Padi\u015fah\u0131 \u0130kinci Bayezid oldu. Bu s\u00fcre\u00e7te ya\u015fananlar\u0131, \u0130spanya\u2019dan gelen Yahudilerin Osmanl\u0131\u2019daki ya\u015fam\u0131n\u0131 500. Y\u0131l Vakf\u0131 T\u00fcrk Musevileri M\u00fczesi M\u00fcd\u00fcr\u00fc Nisya \u0130sman Allovi, CNN T\u00dcRK edit\u00f6r\u00fc Serdar Korucu\u2019ya anlatt\u0131. \u0130zlemek i\u00e7in:\u00a0CNN T\u00fcrk\u00a0 \u0130spanya Yahudileri tam 530 y\u0131l \u00f6nce, [&hellip;]<\/p>\n","protected":false},"author":7,"featured_media":69534,"comment_status":"open","ping_status":"open","sticky":false,"template":"","format":"standard","meta":{"footnotes":""},"categories":[1,53],"tags":[],"class_list":["post-69533","post","type-post","status-publish","format-standard","has-post-thumbnail","hentry","category-haberler","category-turkiyede-azinliklar"],"yoast_head":"<!-- This site is optimized with the Yoast SEO plugin v27.4 - https:\/\/yoast.com\/product\/yoast-seo-wordpress\/ -->\n<title>\u0130spanya Yahudilerinin g\u00f6\u00e7\u00fcn\u00fcn 530. y\u0131l d\u00f6n\u00fcm\u00fc: T\u00fcrk Musevileri M\u00fczesi M\u00fcd\u00fcr\u00fc anlatt\u0131 - Bati Ermenistan Ve Bati Ermenileri Sorunlari Ara\u015ftirmalar Merkezi<\/title>\n<meta name=\"robots\" content=\"index, follow, max-snippet:-1, max-image-preview:large, max-video-preview:-1\" \/>\n<link rel=\"canonical\" href=\"https:\/\/akunq.net\/tr\/?p=69533\" \/>\n<meta property=\"og:locale\" content=\"en_US\" \/>\n<meta property=\"og:type\" content=\"article\" \/>\n<meta property=\"og:title\" content=\"\u0130spanya Yahudilerinin g\u00f6\u00e7\u00fcn\u00fcn 530. y\u0131l d\u00f6n\u00fcm\u00fc: T\u00fcrk Musevileri M\u00fczesi M\u00fcd\u00fcr\u00fc anlatt\u0131 - Bati Ermenistan Ve Bati Ermenileri Sorunlari Ara\u015ftirmalar Merkezi\" \/>\n<meta property=\"og:description\" content=\"Bug\u00fcn tam 530 y\u0131l \u00f6nce \u0130spanya\u2019daki Yahudiler y\u00fczlerce y\u0131l ya\u015fad\u0131klar\u0131 \u00fclkelerinden kovuldu. Onlar\u0131n b\u00fcy\u00fck b\u00f6l\u00fcm\u00fcne kap\u0131lar\u0131n\u0131 a\u00e7an, Osmanl\u0131 Padi\u015fah\u0131 \u0130kinci Bayezid oldu. Bu s\u00fcre\u00e7te ya\u015fananlar\u0131, \u0130spanya\u2019dan gelen Yahudilerin Osmanl\u0131\u2019daki ya\u015fam\u0131n\u0131 500. Y\u0131l Vakf\u0131 T\u00fcrk Musevileri M\u00fczesi M\u00fcd\u00fcr\u00fc Nisya \u0130sman Allovi, CNN T\u00dcRK edit\u00f6r\u00fc Serdar Korucu\u2019ya anlatt\u0131. \u0130zlemek i\u00e7in:\u00a0CNN T\u00fcrk\u00a0 \u0130spanya Yahudileri tam 530 y\u0131l \u00f6nce, [&hellip;]\" \/>\n<meta property=\"og:url\" content=\"https:\/\/akunq.net\/tr\/?p=69533\" \/>\n<meta property=\"og:site_name\" content=\"Bati Ermenistan Ve Bati Ermenileri Sorunlari Ara\u015ftirmalar Merkezi\" \/>\n<meta property=\"article:published_time\" content=\"2022-08-03T07:13:19+00:00\" \/>\n<meta property=\"og:image\" content=\"https:\/\/akunq.net\/tr\/wp-content\/uploads\/sites\/6\/2022\/08\/Ispanya-Yahudileri.jpg\" \/>\n\t<meta property=\"og:image:width\" content=\"1276\" \/>\n\t<meta property=\"og:image:height\" content=\"689\" \/>\n\t<meta property=\"og:image:type\" content=\"image\/jpeg\" \/>\n<meta name=\"author\" content=\"admin\" \/>\n<meta name=\"twitter:card\" content=\"summary_large_image\" \/>\n<meta name=\"twitter:label1\" content=\"Written by\" \/>\n\t<meta name=\"twitter:data1\" content=\"admin\" \/>\n\t<meta name=\"twitter:label2\" content=\"Est. reading time\" \/>\n\t<meta name=\"twitter:data2\" content=\"3 minutes\" \/>\n<script type=\"application\/ld+json\" class=\"yoast-schema-graph\">{\"@context\":\"https:\\\/\\\/schema.org\",\"@graph\":[{\"@type\":\"Article\",\"@id\":\"https:\\\/\\\/akunq.net\\\/tr\\\/?p=69533#article\",\"isPartOf\":{\"@id\":\"https:\\\/\\\/akunq.net\\\/tr\\\/?p=69533\"},\"author\":{\"name\":\"admin\",\"@id\":\"https:\\\/\\\/akunq.net\\\/tr\\\/#\\\/schema\\\/person\\\/096f1d38a12cce57fb855b485ed24c9e\"},\"headline\":\"\u0130spanya Yahudilerinin g\u00f6\u00e7\u00fcn\u00fcn 530. y\u0131l d\u00f6n\u00fcm\u00fc: T\u00fcrk Musevileri M\u00fczesi M\u00fcd\u00fcr\u00fc anlatt\u0131\",\"datePublished\":\"2022-08-03T07:13:19+00:00\",\"mainEntityOfPage\":{\"@id\":\"https:\\\/\\\/akunq.net\\\/tr\\\/?p=69533\"},\"wordCount\":592,\"commentCount\":0,\"image\":{\"@id\":\"https:\\\/\\\/akunq.net\\\/tr\\\/?p=69533#primaryimage\"},\"thumbnailUrl\":\"https:\\\/\\\/akunq.net\\\/tr\\\/wp-content\\\/uploads\\\/sites\\\/6\\\/2022\\\/08\\\/Ispanya-Yahudileri.jpg\",\"articleSection\":[\"Haberler\",\"T\u00fcrkiye\u2019de Az\u0131nl\u0131klar\"],\"inLanguage\":\"en-US\",\"potentialAction\":[{\"@type\":\"CommentAction\",\"name\":\"Comment\",\"target\":[\"https:\\\/\\\/akunq.net\\\/tr\\\/?p=69533#respond\"]}]},{\"@type\":\"WebPage\",\"@id\":\"https:\\\/\\\/akunq.net\\\/tr\\\/?p=69533\",\"url\":\"https:\\\/\\\/akunq.net\\\/tr\\\/?p=69533\",\"name\":\"\u0130spanya Yahudilerinin g\u00f6\u00e7\u00fcn\u00fcn 530. y\u0131l d\u00f6n\u00fcm\u00fc: T\u00fcrk Musevileri M\u00fczesi M\u00fcd\u00fcr\u00fc anlatt\u0131 - Bati Ermenistan Ve Bati Ermenileri Sorunlari Ara\u015ftirmalar Merkezi\",\"isPartOf\":{\"@id\":\"https:\\\/\\\/akunq.net\\\/tr\\\/#website\"},\"primaryImageOfPage\":{\"@id\":\"https:\\\/\\\/akunq.net\\\/tr\\\/?p=69533#primaryimage\"},\"image\":{\"@id\":\"https:\\\/\\\/akunq.net\\\/tr\\\/?p=69533#primaryimage\"},\"thumbnailUrl\":\"https:\\\/\\\/akunq.net\\\/tr\\\/wp-content\\\/uploads\\\/sites\\\/6\\\/2022\\\/08\\\/Ispanya-Yahudileri.jpg\",\"datePublished\":\"2022-08-03T07:13:19+00:00\",\"author\":{\"@id\":\"https:\\\/\\\/akunq.net\\\/tr\\\/#\\\/schema\\\/person\\\/096f1d38a12cce57fb855b485ed24c9e\"},\"breadcrumb\":{\"@id\":\"https:\\\/\\\/akunq.net\\\/tr\\\/?p=69533#breadcrumb\"},\"inLanguage\":\"en-US\",\"potentialAction\":[{\"@type\":\"ReadAction\",\"target\":[\"https:\\\/\\\/akunq.net\\\/tr\\\/?p=69533\"]}]},{\"@type\":\"ImageObject\",\"inLanguage\":\"en-US\",\"@id\":\"https:\\\/\\\/akunq.net\\\/tr\\\/?p=69533#primaryimage\",\"url\":\"https:\\\/\\\/akunq.net\\\/tr\\\/wp-content\\\/uploads\\\/sites\\\/6\\\/2022\\\/08\\\/Ispanya-Yahudileri.jpg\",\"contentUrl\":\"https:\\\/\\\/akunq.net\\\/tr\\\/wp-content\\\/uploads\\\/sites\\\/6\\\/2022\\\/08\\\/Ispanya-Yahudileri.jpg\",\"width\":1276,\"height\":689},{\"@type\":\"BreadcrumbList\",\"@id\":\"https:\\\/\\\/akunq.net\\\/tr\\\/?p=69533#breadcrumb\",\"itemListElement\":[{\"@type\":\"ListItem\",\"position\":1,\"name\":\"Home\",\"item\":\"https:\\\/\\\/akunq.net\\\/tr\"},{\"@type\":\"ListItem\",\"position\":2,\"name\":\"\u0130spanya Yahudilerinin g\u00f6\u00e7\u00fcn\u00fcn 530. y\u0131l d\u00f6n\u00fcm\u00fc: T\u00fcrk Musevileri M\u00fczesi M\u00fcd\u00fcr\u00fc anlatt\u0131\"}]},{\"@type\":\"WebSite\",\"@id\":\"https:\\\/\\\/akunq.net\\\/tr\\\/#website\",\"url\":\"https:\\\/\\\/akunq.net\\\/tr\\\/\",\"name\":\"Bati Ermenistan Ve Bati Ermenileri Sorunlari Ara\u015ftirmalar Merkezi\",\"description\":\"\",\"potentialAction\":[{\"@type\":\"SearchAction\",\"target\":{\"@type\":\"EntryPoint\",\"urlTemplate\":\"https:\\\/\\\/akunq.net\\\/tr\\\/?s={search_term_string}\"},\"query-input\":{\"@type\":\"PropertyValueSpecification\",\"valueRequired\":true,\"valueName\":\"search_term_string\"}}],\"inLanguage\":\"en-US\"},{\"@type\":\"Person\",\"@id\":\"https:\\\/\\\/akunq.net\\\/tr\\\/#\\\/schema\\\/person\\\/096f1d38a12cce57fb855b485ed24c9e\",\"name\":\"admin\",\"url\":\"https:\\\/\\\/akunq.net\\\/tr\\\/?author=7\"}]}<\/script>\n<!-- \/ Yoast SEO plugin. -->","yoast_head_json":{"title":"\u0130spanya Yahudilerinin g\u00f6\u00e7\u00fcn\u00fcn 530. y\u0131l d\u00f6n\u00fcm\u00fc: T\u00fcrk Musevileri M\u00fczesi M\u00fcd\u00fcr\u00fc anlatt\u0131 - Bati Ermenistan Ve Bati Ermenileri Sorunlari Ara\u015ftirmalar Merkezi","robots":{"index":"index","follow":"follow","max-snippet":"max-snippet:-1","max-image-preview":"max-image-preview:large","max-video-preview":"max-video-preview:-1"},"canonical":"https:\/\/akunq.net\/tr\/?p=69533","og_locale":"en_US","og_type":"article","og_title":"\u0130spanya Yahudilerinin g\u00f6\u00e7\u00fcn\u00fcn 530. y\u0131l d\u00f6n\u00fcm\u00fc: T\u00fcrk Musevileri M\u00fczesi M\u00fcd\u00fcr\u00fc anlatt\u0131 - Bati Ermenistan Ve Bati Ermenileri Sorunlari Ara\u015ftirmalar Merkezi","og_description":"Bug\u00fcn tam 530 y\u0131l \u00f6nce \u0130spanya\u2019daki Yahudiler y\u00fczlerce y\u0131l ya\u015fad\u0131klar\u0131 \u00fclkelerinden kovuldu. Onlar\u0131n b\u00fcy\u00fck b\u00f6l\u00fcm\u00fcne kap\u0131lar\u0131n\u0131 a\u00e7an, Osmanl\u0131 Padi\u015fah\u0131 \u0130kinci Bayezid oldu. Bu s\u00fcre\u00e7te ya\u015fananlar\u0131, \u0130spanya\u2019dan gelen Yahudilerin Osmanl\u0131\u2019daki ya\u015fam\u0131n\u0131 500. Y\u0131l Vakf\u0131 T\u00fcrk Musevileri M\u00fczesi M\u00fcd\u00fcr\u00fc Nisya \u0130sman Allovi, CNN T\u00dcRK edit\u00f6r\u00fc Serdar Korucu\u2019ya anlatt\u0131. \u0130zlemek i\u00e7in:\u00a0CNN T\u00fcrk\u00a0 \u0130spanya Yahudileri tam 530 y\u0131l \u00f6nce, [&hellip;]","og_url":"https:\/\/akunq.net\/tr\/?p=69533","og_site_name":"Bati Ermenistan Ve Bati Ermenileri Sorunlari Ara\u015ftirmalar Merkezi","article_published_time":"2022-08-03T07:13:19+00:00","og_image":[{"width":1276,"height":689,"url":"https:\/\/akunq.net\/tr\/wp-content\/uploads\/sites\/6\/2022\/08\/Ispanya-Yahudileri.jpg","type":"image\/jpeg"}],"author":"admin","twitter_card":"summary_large_image","twitter_misc":{"Written by":"admin","Est. reading time":"3 minutes"},"schema":{"@context":"https:\/\/schema.org","@graph":[{"@type":"Article","@id":"https:\/\/akunq.net\/tr\/?p=69533#article","isPartOf":{"@id":"https:\/\/akunq.net\/tr\/?p=69533"},"author":{"name":"admin","@id":"https:\/\/akunq.net\/tr\/#\/schema\/person\/096f1d38a12cce57fb855b485ed24c9e"},"headline":"\u0130spanya Yahudilerinin g\u00f6\u00e7\u00fcn\u00fcn 530. y\u0131l d\u00f6n\u00fcm\u00fc: T\u00fcrk Musevileri M\u00fczesi M\u00fcd\u00fcr\u00fc anlatt\u0131","datePublished":"2022-08-03T07:13:19+00:00","mainEntityOfPage":{"@id":"https:\/\/akunq.net\/tr\/?p=69533"},"wordCount":592,"commentCount":0,"image":{"@id":"https:\/\/akunq.net\/tr\/?p=69533#primaryimage"},"thumbnailUrl":"https:\/\/akunq.net\/tr\/wp-content\/uploads\/sites\/6\/2022\/08\/Ispanya-Yahudileri.jpg","articleSection":["Haberler","T\u00fcrkiye\u2019de Az\u0131nl\u0131klar"],"inLanguage":"en-US","potentialAction":[{"@type":"CommentAction","name":"Comment","target":["https:\/\/akunq.net\/tr\/?p=69533#respond"]}]},{"@type":"WebPage","@id":"https:\/\/akunq.net\/tr\/?p=69533","url":"https:\/\/akunq.net\/tr\/?p=69533","name":"\u0130spanya Yahudilerinin g\u00f6\u00e7\u00fcn\u00fcn 530. y\u0131l d\u00f6n\u00fcm\u00fc: T\u00fcrk Musevileri M\u00fczesi M\u00fcd\u00fcr\u00fc anlatt\u0131 - Bati Ermenistan Ve Bati Ermenileri Sorunlari Ara\u015ftirmalar Merkezi","isPartOf":{"@id":"https:\/\/akunq.net\/tr\/#website"},"primaryImageOfPage":{"@id":"https:\/\/akunq.net\/tr\/?p=69533#primaryimage"},"image":{"@id":"https:\/\/akunq.net\/tr\/?p=69533#primaryimage"},"thumbnailUrl":"https:\/\/akunq.net\/tr\/wp-content\/uploads\/sites\/6\/2022\/08\/Ispanya-Yahudileri.jpg","datePublished":"2022-08-03T07:13:19+00:00","author":{"@id":"https:\/\/akunq.net\/tr\/#\/schema\/person\/096f1d38a12cce57fb855b485ed24c9e"},"breadcrumb":{"@id":"https:\/\/akunq.net\/tr\/?p=69533#breadcrumb"},"inLanguage":"en-US","potentialAction":[{"@type":"ReadAction","target":["https:\/\/akunq.net\/tr\/?p=69533"]}]},{"@type":"ImageObject","inLanguage":"en-US","@id":"https:\/\/akunq.net\/tr\/?p=69533#primaryimage","url":"https:\/\/akunq.net\/tr\/wp-content\/uploads\/sites\/6\/2022\/08\/Ispanya-Yahudileri.jpg","contentUrl":"https:\/\/akunq.net\/tr\/wp-content\/uploads\/sites\/6\/2022\/08\/Ispanya-Yahudileri.jpg","width":1276,"height":689},{"@type":"BreadcrumbList","@id":"https:\/\/akunq.net\/tr\/?p=69533#breadcrumb","itemListElement":[{"@type":"ListItem","position":1,"name":"Home","item":"https:\/\/akunq.net\/tr"},{"@type":"ListItem","position":2,"name":"\u0130spanya Yahudilerinin g\u00f6\u00e7\u00fcn\u00fcn 530. y\u0131l d\u00f6n\u00fcm\u00fc: T\u00fcrk Musevileri M\u00fczesi M\u00fcd\u00fcr\u00fc anlatt\u0131"}]},{"@type":"WebSite","@id":"https:\/\/akunq.net\/tr\/#website","url":"https:\/\/akunq.net\/tr\/","name":"Bati Ermenistan Ve Bati Ermenileri Sorunlari Ara\u015ftirmalar Merkezi","description":"","potentialAction":[{"@type":"SearchAction","target":{"@type":"EntryPoint","urlTemplate":"https:\/\/akunq.net\/tr\/?s={search_term_string}"},"query-input":{"@type":"PropertyValueSpecification","valueRequired":true,"valueName":"search_term_string"}}],"inLanguage":"en-US"},{"@type":"Person","@id":"https:\/\/akunq.net\/tr\/#\/schema\/person\/096f1d38a12cce57fb855b485ed24c9e","name":"admin","url":"https:\/\/akunq.net\/tr\/?author=7"}]}},"_links":{"self":[{"href":"https:\/\/akunq.net\/tr\/index.php?rest_route=\/wp\/v2\/posts\/69533","targetHints":{"allow":["GET"]}}],"collection":[{"href":"https:\/\/akunq.net\/tr\/index.php?rest_route=\/wp\/v2\/posts"}],"about":[{"href":"https:\/\/akunq.net\/tr\/index.php?rest_route=\/wp\/v2\/types\/post"}],"author":[{"embeddable":true,"href":"https:\/\/akunq.net\/tr\/index.php?rest_route=\/wp\/v2\/users\/7"}],"replies":[{"embeddable":true,"href":"https:\/\/akunq.net\/tr\/index.php?rest_route=%2Fwp%2Fv2%2Fcomments&post=69533"}],"version-history":[{"count":1,"href":"https:\/\/akunq.net\/tr\/index.php?rest_route=\/wp\/v2\/posts\/69533\/revisions"}],"predecessor-version":[{"id":69535,"href":"https:\/\/akunq.net\/tr\/index.php?rest_route=\/wp\/v2\/posts\/69533\/revisions\/69535"}],"wp:featuredmedia":[{"embeddable":true,"href":"https:\/\/akunq.net\/tr\/index.php?rest_route=\/wp\/v2\/media\/69534"}],"wp:attachment":[{"href":"https:\/\/akunq.net\/tr\/index.php?rest_route=%2Fwp%2Fv2%2Fmedia&parent=69533"}],"wp:term":[{"taxonomy":"category","embeddable":true,"href":"https:\/\/akunq.net\/tr\/index.php?rest_route=%2Fwp%2Fv2%2Fcategories&post=69533"},{"taxonomy":"post_tag","embeddable":true,"href":"https:\/\/akunq.net\/tr\/index.php?rest_route=%2Fwp%2Fv2%2Ftags&post=69533"}],"curies":[{"name":"wp","href":"https:\/\/api.w.org\/{rel}","templated":true}]}}