{"id":69516,"date":"2022-08-02T01:50:43","date_gmt":"2022-08-02T06:50:43","guid":{"rendered":"https:\/\/akunq.net\/tr\/?p=69516"},"modified":"2022-08-02T01:50:43","modified_gmt":"2022-08-02T06:50:43","slug":"diyarbakirda-1700-yillik-amfora-bulundu","status":"publish","type":"post","link":"https:\/\/akunq.net\/tr\/?p=69516","title":{"rendered":"Diyarbak\u0131r\u2019da 1700 y\u0131ll\u0131k \u2018amfora\u2019 bulundu"},"content":{"rendered":"<p><img loading=\"lazy\" decoding=\"async\" class=\"aligncenter size-medium wp-image-69517\" src=\"https:\/\/akunq.net\/tr\/wp-content\/uploads\/2022\/08\/Diyarbakirda-1700-yillik-amfora-360x240.jpg\" alt=\"\" width=\"360\" height=\"240\" srcset=\"https:\/\/akunq.net\/tr\/wp-content\/uploads\/sites\/6\/2022\/08\/Diyarbakirda-1700-yillik-amfora-360x240.jpg 360w, https:\/\/akunq.net\/tr\/wp-content\/uploads\/sites\/6\/2022\/08\/Diyarbakirda-1700-yillik-amfora-768x512.jpg 768w, https:\/\/akunq.net\/tr\/wp-content\/uploads\/sites\/6\/2022\/08\/Diyarbakirda-1700-yillik-amfora-560x373.jpg 560w, https:\/\/akunq.net\/tr\/wp-content\/uploads\/sites\/6\/2022\/08\/Diyarbakirda-1700-yillik-amfora-260x173.jpg 260w, https:\/\/akunq.net\/tr\/wp-content\/uploads\/sites\/6\/2022\/08\/Diyarbakirda-1700-yillik-amfora-160x107.jpg 160w, https:\/\/akunq.net\/tr\/wp-content\/uploads\/sites\/6\/2022\/08\/Diyarbakirda-1700-yillik-amfora.jpg 770w\" sizes=\"auto, (max-width: 360px) 100vw, 360px\" \/><\/p>\n<p><em><strong>B\u00fcy\u00fck\u015fehir Belediyesi, \u00e7ok say\u0131da medeniyete ev sahipli\u011fi yapan merkez Sur il\u00e7esindeki Diyarbak\u0131r Surlar\u0131n\u0131n eski ihti\u015fam\u0131na kavu\u015fmas\u0131 i\u00e7in \u201cSurlarda Dirili\u015f\u201d mottosuyla ba\u015flatt\u0131\u011f\u0131 restorasyon \u00e7al\u0131\u015fmalar\u0131 s\u00fcr\u00fcyor.<\/strong><\/em><\/p>\n<p>Diyarbak\u0131r M\u00fcze M\u00fcd\u00fcrl\u00fc\u011f\u00fc ile birlikte yap\u0131lan \u00e7al\u0131\u015fma \u00e7er\u00e7evesinde arkeolojik kaz\u0131larda, yap\u0131l\u0131\u015f \u015fekli ve \u00fczerindeki motiflerden yola \u00e7\u0131karak milattan sonra 330\u2019lu y\u0131llara tarihlenen 1700 y\u0131ll\u0131k amfora (bir t\u00fcr testi) g\u00fcn y\u00fcz\u00fcne \u00e7\u0131kar\u0131ld\u0131. B\u00f6lgede ilk kez g\u00f6r\u00fcld\u00fc\u011f\u00fc i\u00e7in \u00f6nem arz eden zeytinya\u011f\u0131 veya \u015farap ta\u015f\u0131mac\u0131l\u0131\u011f\u0131nda kullan\u0131lan sivri dipli amforan\u0131n Ge\u00e7 Roma-Erken Bizans D\u00f6nemi\u2019ne ait oldu\u011fu de\u011ferlendiriliyor.<\/p>\n<p>\u0130mar ve \u015eehircilik Daire Ba\u015fkanl\u0131\u011f\u0131 KUDEB \u015eube M\u00fcd\u00fcrl\u00fc\u011f\u00fcne ba\u011fl\u0131 arkeolog S\u00fcleyman Karaka\u015f, amforan\u0131n b\u00f6lgeye ticari yollarla geldi\u011fini d\u00fc\u015f\u00fcnd\u00fcklerini s\u00f6yledi. 5\u2019inci etap sur restorasyon \u00e7al\u0131\u015fmalar\u0131 dahilinde 71 ve 72 nolu bur\u00e7lar aras\u0131nda kaz\u0131 \u00e7al\u0131\u015fmalar\u0131n\u0131n devam etti\u011fini belirten Karaka\u015f, \u201c\u00c7al\u0131\u015fmalarda birden fazla mimari yap\u0131ya rastlad\u0131k. Buradaki as\u0131l amac\u0131m\u0131z sur duvar izlerini \u00e7\u0131karmakt\u0131 ancak yapt\u0131\u011f\u0131m\u0131z kaz\u0131 \u00e7al\u0131\u015fmalar\u0131nda payandalara, kavisli mimari yap\u0131lara, mekanlara, d\u00f6\u015femelere rastlad\u0131k\u201d dedi.<\/p>\n<p>Karaka\u015f, \u201cTa\u015f d\u00f6\u015femelerin oldu\u011fu b\u00f6lgede kaz\u0131 yaparken, ge\u00e7 Roma ve Bizans d\u00f6nemine ait oldu\u011funu d\u00fc\u015f\u00fcnd\u00fc\u011f\u00fcm\u00fcz, b\u00f6lgemizde daha \u00f6nce hi\u00e7 g\u00f6r\u00fclmeyen amforaya rastlad\u0131k. Amfora kelime anlam\u0131 olarak \u00e7ift kulplu testi anlam\u0131na gelmektedir. Zeytinya\u011f\u0131, \u015farap ve benzeri s\u0131v\u0131 \u00fcr\u00fcnlerin saklanmas\u0131, uzun s\u00fcre korunmas\u0131 amac\u0131yla yap\u0131lan bir malzemedir. B\u00f6lgemizde ise ticari yollarla geldi\u011fini d\u00fc\u015f\u00fcn\u00fcyoruz. Kaz\u0131 \u00e7al\u0131\u015fmalar\u0131m\u0131za titizlikle devam etmekteyiz\u201d \u015feklinde konu\u015ftu.<\/p>\n<p>Yakla\u015f\u0131k y\u00fczde 80 b\u00fct\u00fcnl\u00fc\u011f\u00fcn\u00fc koruyan eser, M\u00fcze M\u00fcd\u00fcrl\u00fc\u011f\u00fcne teslim edildi.<\/p>\n<hr \/>\n<p><em><strong><a href=\"https:\/\/www.hurriyet.com.tr\/gundem\/diyarbakirda-1700-yillik-amfora-bulundu-42110786\" target=\"_blank\" rel=\"noopener\">H\u00fcrriyet Gazetesi<\/a>\u00a0<\/strong><\/em><\/p>\n","protected":false},"excerpt":{"rendered":"<p>B\u00fcy\u00fck\u015fehir Belediyesi, \u00e7ok say\u0131da medeniyete ev sahipli\u011fi yapan merkez Sur il\u00e7esindeki Diyarbak\u0131r Surlar\u0131n\u0131n eski ihti\u015fam\u0131na kavu\u015fmas\u0131 i\u00e7in \u201cSurlarda Dirili\u015f\u201d mottosuyla ba\u015flatt\u0131\u011f\u0131 restorasyon \u00e7al\u0131\u015fmalar\u0131 s\u00fcr\u00fcyor. Diyarbak\u0131r M\u00fcze M\u00fcd\u00fcrl\u00fc\u011f\u00fc ile birlikte yap\u0131lan \u00e7al\u0131\u015fma \u00e7er\u00e7evesinde arkeolojik kaz\u0131larda, yap\u0131l\u0131\u015f \u015fekli ve \u00fczerindeki motiflerden yola \u00e7\u0131karak milattan sonra 330\u2019lu y\u0131llara tarihlenen 1700 y\u0131ll\u0131k amfora (bir t\u00fcr testi) g\u00fcn y\u00fcz\u00fcne \u00e7\u0131kar\u0131ld\u0131. [&hellip;]<\/p>\n","protected":false},"author":7,"featured_media":69517,"comment_status":"open","ping_status":"open","sticky":false,"template":"","format":"standard","meta":{"footnotes":""},"categories":[1],"tags":[],"class_list":["post-69516","post","type-post","status-publish","format-standard","has-post-thumbnail","hentry","category-haberler"],"yoast_head":"<!-- This site is optimized with the Yoast SEO plugin v27.4 - https:\/\/yoast.com\/product\/yoast-seo-wordpress\/ -->\n<title>Diyarbak\u0131r\u2019da 1700 y\u0131ll\u0131k \u2018amfora\u2019 bulundu - Bati Ermenistan Ve Bati Ermenileri Sorunlari Ara\u015ftirmalar Merkezi<\/title>\n<meta name=\"robots\" content=\"index, follow, max-snippet:-1, max-image-preview:large, max-video-preview:-1\" \/>\n<link rel=\"canonical\" href=\"https:\/\/akunq.net\/tr\/?p=69516\" \/>\n<meta property=\"og:locale\" content=\"en_US\" \/>\n<meta property=\"og:type\" content=\"article\" \/>\n<meta property=\"og:title\" content=\"Diyarbak\u0131r\u2019da 1700 y\u0131ll\u0131k \u2018amfora\u2019 bulundu - Bati Ermenistan Ve Bati Ermenileri Sorunlari Ara\u015ftirmalar Merkezi\" \/>\n<meta property=\"og:description\" content=\"B\u00fcy\u00fck\u015fehir Belediyesi, \u00e7ok say\u0131da medeniyete ev sahipli\u011fi yapan merkez Sur il\u00e7esindeki Diyarbak\u0131r Surlar\u0131n\u0131n eski ihti\u015fam\u0131na kavu\u015fmas\u0131 i\u00e7in \u201cSurlarda Dirili\u015f\u201d mottosuyla ba\u015flatt\u0131\u011f\u0131 restorasyon \u00e7al\u0131\u015fmalar\u0131 s\u00fcr\u00fcyor. Diyarbak\u0131r M\u00fcze M\u00fcd\u00fcrl\u00fc\u011f\u00fc ile birlikte yap\u0131lan \u00e7al\u0131\u015fma \u00e7er\u00e7evesinde arkeolojik kaz\u0131larda, yap\u0131l\u0131\u015f \u015fekli ve \u00fczerindeki motiflerden yola \u00e7\u0131karak milattan sonra 330\u2019lu y\u0131llara tarihlenen 1700 y\u0131ll\u0131k amfora (bir t\u00fcr testi) g\u00fcn y\u00fcz\u00fcne \u00e7\u0131kar\u0131ld\u0131. [&hellip;]\" \/>\n<meta property=\"og:url\" content=\"https:\/\/akunq.net\/tr\/?p=69516\" \/>\n<meta property=\"og:site_name\" content=\"Bati Ermenistan Ve Bati Ermenileri Sorunlari Ara\u015ftirmalar Merkezi\" \/>\n<meta property=\"article:published_time\" content=\"2022-08-02T06:50:43+00:00\" \/>\n<meta property=\"og:image\" content=\"https:\/\/akunq.net\/tr\/wp-content\/uploads\/sites\/6\/2022\/08\/Diyarbakirda-1700-yillik-amfora.jpg\" \/>\n\t<meta property=\"og:image:width\" content=\"770\" \/>\n\t<meta property=\"og:image:height\" content=\"513\" \/>\n\t<meta property=\"og:image:type\" content=\"image\/jpeg\" \/>\n<meta name=\"author\" content=\"admin\" \/>\n<meta name=\"twitter:card\" content=\"summary_large_image\" \/>\n<meta name=\"twitter:label1\" content=\"Written by\" \/>\n\t<meta name=\"twitter:data1\" content=\"admin\" \/>\n\t<meta name=\"twitter:label2\" content=\"Est. reading time\" \/>\n\t<meta name=\"twitter:data2\" content=\"2 minutes\" \/>\n<script type=\"application\/ld+json\" class=\"yoast-schema-graph\">{\"@context\":\"https:\\\/\\\/schema.org\",\"@graph\":[{\"@type\":\"Article\",\"@id\":\"https:\\\/\\\/akunq.net\\\/tr\\\/?p=69516#article\",\"isPartOf\":{\"@id\":\"https:\\\/\\\/akunq.net\\\/tr\\\/?p=69516\"},\"author\":{\"name\":\"admin\",\"@id\":\"https:\\\/\\\/akunq.net\\\/tr\\\/#\\\/schema\\\/person\\\/096f1d38a12cce57fb855b485ed24c9e\"},\"headline\":\"Diyarbak\u0131r\u2019da 1700 y\u0131ll\u0131k \u2018amfora\u2019 bulundu\",\"datePublished\":\"2022-08-02T06:50:43+00:00\",\"mainEntityOfPage\":{\"@id\":\"https:\\\/\\\/akunq.net\\\/tr\\\/?p=69516\"},\"wordCount\":329,\"commentCount\":0,\"image\":{\"@id\":\"https:\\\/\\\/akunq.net\\\/tr\\\/?p=69516#primaryimage\"},\"thumbnailUrl\":\"https:\\\/\\\/akunq.net\\\/tr\\\/wp-content\\\/uploads\\\/sites\\\/6\\\/2022\\\/08\\\/Diyarbakirda-1700-yillik-amfora.jpg\",\"articleSection\":[\"Haberler\"],\"inLanguage\":\"en-US\",\"potentialAction\":[{\"@type\":\"CommentAction\",\"name\":\"Comment\",\"target\":[\"https:\\\/\\\/akunq.net\\\/tr\\\/?p=69516#respond\"]}]},{\"@type\":\"WebPage\",\"@id\":\"https:\\\/\\\/akunq.net\\\/tr\\\/?p=69516\",\"url\":\"https:\\\/\\\/akunq.net\\\/tr\\\/?p=69516\",\"name\":\"Diyarbak\u0131r\u2019da 1700 y\u0131ll\u0131k \u2018amfora\u2019 bulundu - Bati Ermenistan Ve Bati Ermenileri Sorunlari Ara\u015ftirmalar Merkezi\",\"isPartOf\":{\"@id\":\"https:\\\/\\\/akunq.net\\\/tr\\\/#website\"},\"primaryImageOfPage\":{\"@id\":\"https:\\\/\\\/akunq.net\\\/tr\\\/?p=69516#primaryimage\"},\"image\":{\"@id\":\"https:\\\/\\\/akunq.net\\\/tr\\\/?p=69516#primaryimage\"},\"thumbnailUrl\":\"https:\\\/\\\/akunq.net\\\/tr\\\/wp-content\\\/uploads\\\/sites\\\/6\\\/2022\\\/08\\\/Diyarbakirda-1700-yillik-amfora.jpg\",\"datePublished\":\"2022-08-02T06:50:43+00:00\",\"author\":{\"@id\":\"https:\\\/\\\/akunq.net\\\/tr\\\/#\\\/schema\\\/person\\\/096f1d38a12cce57fb855b485ed24c9e\"},\"breadcrumb\":{\"@id\":\"https:\\\/\\\/akunq.net\\\/tr\\\/?p=69516#breadcrumb\"},\"inLanguage\":\"en-US\",\"potentialAction\":[{\"@type\":\"ReadAction\",\"target\":[\"https:\\\/\\\/akunq.net\\\/tr\\\/?p=69516\"]}]},{\"@type\":\"ImageObject\",\"inLanguage\":\"en-US\",\"@id\":\"https:\\\/\\\/akunq.net\\\/tr\\\/?p=69516#primaryimage\",\"url\":\"https:\\\/\\\/akunq.net\\\/tr\\\/wp-content\\\/uploads\\\/sites\\\/6\\\/2022\\\/08\\\/Diyarbakirda-1700-yillik-amfora.jpg\",\"contentUrl\":\"https:\\\/\\\/akunq.net\\\/tr\\\/wp-content\\\/uploads\\\/sites\\\/6\\\/2022\\\/08\\\/Diyarbakirda-1700-yillik-amfora.jpg\",\"width\":770,\"height\":513},{\"@type\":\"BreadcrumbList\",\"@id\":\"https:\\\/\\\/akunq.net\\\/tr\\\/?p=69516#breadcrumb\",\"itemListElement\":[{\"@type\":\"ListItem\",\"position\":1,\"name\":\"Home\",\"item\":\"https:\\\/\\\/akunq.net\\\/tr\"},{\"@type\":\"ListItem\",\"position\":2,\"name\":\"Diyarbak\u0131r\u2019da 1700 y\u0131ll\u0131k \u2018amfora\u2019 bulundu\"}]},{\"@type\":\"WebSite\",\"@id\":\"https:\\\/\\\/akunq.net\\\/tr\\\/#website\",\"url\":\"https:\\\/\\\/akunq.net\\\/tr\\\/\",\"name\":\"Bati Ermenistan Ve Bati Ermenileri Sorunlari Ara\u015ftirmalar Merkezi\",\"description\":\"\",\"potentialAction\":[{\"@type\":\"SearchAction\",\"target\":{\"@type\":\"EntryPoint\",\"urlTemplate\":\"https:\\\/\\\/akunq.net\\\/tr\\\/?s={search_term_string}\"},\"query-input\":{\"@type\":\"PropertyValueSpecification\",\"valueRequired\":true,\"valueName\":\"search_term_string\"}}],\"inLanguage\":\"en-US\"},{\"@type\":\"Person\",\"@id\":\"https:\\\/\\\/akunq.net\\\/tr\\\/#\\\/schema\\\/person\\\/096f1d38a12cce57fb855b485ed24c9e\",\"name\":\"admin\",\"url\":\"https:\\\/\\\/akunq.net\\\/tr\\\/?author=7\"}]}<\/script>\n<!-- \/ Yoast SEO plugin. -->","yoast_head_json":{"title":"Diyarbak\u0131r\u2019da 1700 y\u0131ll\u0131k \u2018amfora\u2019 bulundu - Bati Ermenistan Ve Bati Ermenileri Sorunlari Ara\u015ftirmalar Merkezi","robots":{"index":"index","follow":"follow","max-snippet":"max-snippet:-1","max-image-preview":"max-image-preview:large","max-video-preview":"max-video-preview:-1"},"canonical":"https:\/\/akunq.net\/tr\/?p=69516","og_locale":"en_US","og_type":"article","og_title":"Diyarbak\u0131r\u2019da 1700 y\u0131ll\u0131k \u2018amfora\u2019 bulundu - Bati Ermenistan Ve Bati Ermenileri Sorunlari Ara\u015ftirmalar Merkezi","og_description":"B\u00fcy\u00fck\u015fehir Belediyesi, \u00e7ok say\u0131da medeniyete ev sahipli\u011fi yapan merkez Sur il\u00e7esindeki Diyarbak\u0131r Surlar\u0131n\u0131n eski ihti\u015fam\u0131na kavu\u015fmas\u0131 i\u00e7in \u201cSurlarda Dirili\u015f\u201d mottosuyla ba\u015flatt\u0131\u011f\u0131 restorasyon \u00e7al\u0131\u015fmalar\u0131 s\u00fcr\u00fcyor. Diyarbak\u0131r M\u00fcze M\u00fcd\u00fcrl\u00fc\u011f\u00fc ile birlikte yap\u0131lan \u00e7al\u0131\u015fma \u00e7er\u00e7evesinde arkeolojik kaz\u0131larda, yap\u0131l\u0131\u015f \u015fekli ve \u00fczerindeki motiflerden yola \u00e7\u0131karak milattan sonra 330\u2019lu y\u0131llara tarihlenen 1700 y\u0131ll\u0131k amfora (bir t\u00fcr testi) g\u00fcn y\u00fcz\u00fcne \u00e7\u0131kar\u0131ld\u0131. [&hellip;]","og_url":"https:\/\/akunq.net\/tr\/?p=69516","og_site_name":"Bati Ermenistan Ve Bati Ermenileri Sorunlari Ara\u015ftirmalar Merkezi","article_published_time":"2022-08-02T06:50:43+00:00","og_image":[{"width":770,"height":513,"url":"https:\/\/akunq.net\/tr\/wp-content\/uploads\/sites\/6\/2022\/08\/Diyarbakirda-1700-yillik-amfora.jpg","type":"image\/jpeg"}],"author":"admin","twitter_card":"summary_large_image","twitter_misc":{"Written by":"admin","Est. reading time":"2 minutes"},"schema":{"@context":"https:\/\/schema.org","@graph":[{"@type":"Article","@id":"https:\/\/akunq.net\/tr\/?p=69516#article","isPartOf":{"@id":"https:\/\/akunq.net\/tr\/?p=69516"},"author":{"name":"admin","@id":"https:\/\/akunq.net\/tr\/#\/schema\/person\/096f1d38a12cce57fb855b485ed24c9e"},"headline":"Diyarbak\u0131r\u2019da 1700 y\u0131ll\u0131k \u2018amfora\u2019 bulundu","datePublished":"2022-08-02T06:50:43+00:00","mainEntityOfPage":{"@id":"https:\/\/akunq.net\/tr\/?p=69516"},"wordCount":329,"commentCount":0,"image":{"@id":"https:\/\/akunq.net\/tr\/?p=69516#primaryimage"},"thumbnailUrl":"https:\/\/akunq.net\/tr\/wp-content\/uploads\/sites\/6\/2022\/08\/Diyarbakirda-1700-yillik-amfora.jpg","articleSection":["Haberler"],"inLanguage":"en-US","potentialAction":[{"@type":"CommentAction","name":"Comment","target":["https:\/\/akunq.net\/tr\/?p=69516#respond"]}]},{"@type":"WebPage","@id":"https:\/\/akunq.net\/tr\/?p=69516","url":"https:\/\/akunq.net\/tr\/?p=69516","name":"Diyarbak\u0131r\u2019da 1700 y\u0131ll\u0131k \u2018amfora\u2019 bulundu - Bati Ermenistan Ve Bati Ermenileri Sorunlari Ara\u015ftirmalar Merkezi","isPartOf":{"@id":"https:\/\/akunq.net\/tr\/#website"},"primaryImageOfPage":{"@id":"https:\/\/akunq.net\/tr\/?p=69516#primaryimage"},"image":{"@id":"https:\/\/akunq.net\/tr\/?p=69516#primaryimage"},"thumbnailUrl":"https:\/\/akunq.net\/tr\/wp-content\/uploads\/sites\/6\/2022\/08\/Diyarbakirda-1700-yillik-amfora.jpg","datePublished":"2022-08-02T06:50:43+00:00","author":{"@id":"https:\/\/akunq.net\/tr\/#\/schema\/person\/096f1d38a12cce57fb855b485ed24c9e"},"breadcrumb":{"@id":"https:\/\/akunq.net\/tr\/?p=69516#breadcrumb"},"inLanguage":"en-US","potentialAction":[{"@type":"ReadAction","target":["https:\/\/akunq.net\/tr\/?p=69516"]}]},{"@type":"ImageObject","inLanguage":"en-US","@id":"https:\/\/akunq.net\/tr\/?p=69516#primaryimage","url":"https:\/\/akunq.net\/tr\/wp-content\/uploads\/sites\/6\/2022\/08\/Diyarbakirda-1700-yillik-amfora.jpg","contentUrl":"https:\/\/akunq.net\/tr\/wp-content\/uploads\/sites\/6\/2022\/08\/Diyarbakirda-1700-yillik-amfora.jpg","width":770,"height":513},{"@type":"BreadcrumbList","@id":"https:\/\/akunq.net\/tr\/?p=69516#breadcrumb","itemListElement":[{"@type":"ListItem","position":1,"name":"Home","item":"https:\/\/akunq.net\/tr"},{"@type":"ListItem","position":2,"name":"Diyarbak\u0131r\u2019da 1700 y\u0131ll\u0131k \u2018amfora\u2019 bulundu"}]},{"@type":"WebSite","@id":"https:\/\/akunq.net\/tr\/#website","url":"https:\/\/akunq.net\/tr\/","name":"Bati Ermenistan Ve Bati Ermenileri Sorunlari Ara\u015ftirmalar Merkezi","description":"","potentialAction":[{"@type":"SearchAction","target":{"@type":"EntryPoint","urlTemplate":"https:\/\/akunq.net\/tr\/?s={search_term_string}"},"query-input":{"@type":"PropertyValueSpecification","valueRequired":true,"valueName":"search_term_string"}}],"inLanguage":"en-US"},{"@type":"Person","@id":"https:\/\/akunq.net\/tr\/#\/schema\/person\/096f1d38a12cce57fb855b485ed24c9e","name":"admin","url":"https:\/\/akunq.net\/tr\/?author=7"}]}},"_links":{"self":[{"href":"https:\/\/akunq.net\/tr\/index.php?rest_route=\/wp\/v2\/posts\/69516","targetHints":{"allow":["GET"]}}],"collection":[{"href":"https:\/\/akunq.net\/tr\/index.php?rest_route=\/wp\/v2\/posts"}],"about":[{"href":"https:\/\/akunq.net\/tr\/index.php?rest_route=\/wp\/v2\/types\/post"}],"author":[{"embeddable":true,"href":"https:\/\/akunq.net\/tr\/index.php?rest_route=\/wp\/v2\/users\/7"}],"replies":[{"embeddable":true,"href":"https:\/\/akunq.net\/tr\/index.php?rest_route=%2Fwp%2Fv2%2Fcomments&post=69516"}],"version-history":[{"count":1,"href":"https:\/\/akunq.net\/tr\/index.php?rest_route=\/wp\/v2\/posts\/69516\/revisions"}],"predecessor-version":[{"id":69518,"href":"https:\/\/akunq.net\/tr\/index.php?rest_route=\/wp\/v2\/posts\/69516\/revisions\/69518"}],"wp:featuredmedia":[{"embeddable":true,"href":"https:\/\/akunq.net\/tr\/index.php?rest_route=\/wp\/v2\/media\/69517"}],"wp:attachment":[{"href":"https:\/\/akunq.net\/tr\/index.php?rest_route=%2Fwp%2Fv2%2Fmedia&parent=69516"}],"wp:term":[{"taxonomy":"category","embeddable":true,"href":"https:\/\/akunq.net\/tr\/index.php?rest_route=%2Fwp%2Fv2%2Fcategories&post=69516"},{"taxonomy":"post_tag","embeddable":true,"href":"https:\/\/akunq.net\/tr\/index.php?rest_route=%2Fwp%2Fv2%2Ftags&post=69516"}],"curies":[{"name":"wp","href":"https:\/\/api.w.org\/{rel}","templated":true}]}}